{"id":95438,"date":"2021-12-03T16:05:52","date_gmt":"2021-12-03T15:05:52","guid":{"rendered":"https:\/\/radioljubuski.ba\/?p=95438"},"modified":"2021-12-03T16:05:53","modified_gmt":"2021-12-03T15:05:53","slug":"covic-nismo-spremni-iz-ustava-izbrisati-naziv-konstitutivnih-naroda-hrvati-moraju-birati-svoje-predstavnike","status":"publish","type":"post","link":"https:\/\/radioljubuski.ba\/index.php\/2021\/12\/03\/covic-nismo-spremni-iz-ustava-izbrisati-naziv-konstitutivnih-naroda-hrvati-moraju-birati-svoje-predstavnike\/","title":{"rendered":"\u010covi\u0107: Nismo spremni iz Ustava izbrisati naziv konstitutivnih naroda, Hrvati moraju birati svoje predstavnike"},"content":{"rendered":"\n<p><strong>Predsjednik Hrvatskog narodnog sabora BiH (HNS) Dragan \u010covi\u0107 kazao je u Mostaru kako Hrvati imaju svoj jasan stav kojega ne\u0107e prilago\u0111avati niti \u0107e se, zbog toga ikome pravdati.<\/strong><\/p>\n\n\n\n<iframe loading=\"lazy\" title=\"\u010covi\u0107:  Hrvati imaju jasan stav koji ne\u0107e prilago\u0111avati nikome, niti ga pravdati\" width=\"640\" height=\"360\" src=\"https:\/\/www.youtube.com\/embed\/DdpwIG0Ea14?feature=oembed\" frameborder=\"0\" allow=\"accelerometer; autoplay; clipboard-write; encrypted-media; gyroscope; picture-in-picture; web-share\" referrerpolicy=\"strict-origin-when-cross-origin\" allowfullscreen><\/iframe>\n\n\n\n<p>\u2013 \u0160to se ti\u010de nacionalnog ili etni\u010dkog predznaka ili prefiksa spremni smo iz Ustava izbrisati sve prefikse, ali nismo spremni izbrisati naziv konstitutivnih naroda. Ne mo\u017ee se izbrisati ime \u2018Hrvat\u2019 iz Ustava, bez obzira radi li se o Predsjedni\u0161tvu, Domu naroda ili drugim institucijama. Nema eliminiranja konstitutivnosti iz Ustava \u2013 ustvrdio je \u010covi\u0107 nakon sjednice Predsjedni\u0161tva HNS-a na kojoj se razgovaralo o aktualnim pregovorima kada su u pitanju izmjene Izbornog zakona BiH.<\/p>\n\n\n\n<p>Izvijestio je da se na razgovorima o Izbornom zakonu govorilo o \u010detiri klju\u010dna pitanja, odnosno o modelima za izbore u Predsjedni\u0161tvo i domove naroda te o integritetu izbornog procesa, odnosno o uvjetno-tehni\u010dkim pitanjima kao \u0161to su bira\u010dki odbori, financiranje i sli\u010dno.<\/p>\n\n\n\n<p>\u2013 Jedna od tema razgovora bile su neograni\u010dene ustavne promjene, kao i funkcioniranje Federacije BiH gdje se razgovaralo o izboru u Dom naroda, odlu\u010divanju, djelokrugu rada Doma naroda i op\u0107enito o nefunkcionalnosti u Federaciji BiH \u2013 kazao je \u010covi\u0107.<\/p>\n\n\n\n<p>Dodao je kako je proces razgovora priveden kraju jer je ranije dogovoreno da pregovori moraju zavr\u0161iti u neizbornoj godini. Ka\u017ee da se raspravlja o najmanje pet modela za izbor u Predsjedni\u0161tvo.<\/p>\n\n\n\n<p>\u2013 U svim modelima o\u010duvali smo konstitutivnost naroda, odnosno osnove Daytonskog sporazuma, a ukoliko za potrebe Izbornog zakona treba napraviti ograni\u010dene izmjene u Ustavu, spremni smo to uraditi. Jo\u0161 uvijek imam izra\u017een optimizam prema ovom procesu, bez obzira na to \u0161to u to jo\u0161 malo tko vjeruje \u2013 kazao je \u010covi\u0107.<\/p>\n\n\n\n<p>Naglasio je kako se Hrvatima mora osigurati da sami biraju svoje predstavnike, \u0161to podr\u017eava, navodi \u010covi\u0107, \u201cve\u0107ina probosanskih stranaka s kojima su se razgovori vodili\u201d.<\/p>\n\n\n\n<p>Na upit o\u010dekuje li odr\u017eavanje izbora idu\u0107e godine kazao je da \u0107e, ako zavr\u0161etak pregovora bude pozitivan, sazvati Hrvatski narodni sabor kako bi se pripremili za izbore. Ukoliko pregovori budu negativnog ishoda, ka\u017ee, ponovno \u0107e sazvati HNS i zauzeti zajedni\u010dki stav Hrvata o daljem postupanju.<\/p>\n\n\n\n<p>\u010covi\u0107 je kazao kako je cilj s partnerima, odnosno ameri\u010dkom administracijom i Europskom unijom, intenzivno raditi na o\u010duvanju Bosne i Hercegovine. Smatra da je dr\u017eava u politi\u010dkom, ekonomskom i sigurnosnom smislu izlo\u017eenija nego ikada, a da izlaz iz toga mo\u017ee biti samo euroatlantski put.<\/p>\n\n\n\n<p>Istaknuo je \u010dinjenicu da se strana\u010dki pregovori ne bi ni vodili da nije bilo partnera iz Europske unije i ameri\u010dke administracije.<\/p>\n\n\n\n<p>\u2013 Taktika gospodina Izetbegovi\u0107a i SDA je ve\u0107 godinu i pol dana bila izbje\u0107i razgovor, izbje\u0107i dogovor i zadr\u017eati status quo \u2013 zaklju\u010dio je predsjednik HNS-a.<\/p>\n\n\n\n<p>\/Fena\/HMS\/<\/p>\n","protected":false},"excerpt":{"rendered":"<p>Predsjednik Hrvatskog narodnog sabora BiH (HNS) Dragan \u010covi\u0107 kazao je u Mostaru kako Hrvati imaju svoj jasan stav kojega ne\u0107e prilago\u0111avati niti \u0107e se, zbog toga ikome pravdati. \u2013 \u0160to se ti\u010de nacionalnog ili etni\u010dkog predznaka ili prefiksa spremni smo iz Ustava izbrisati sve prefikse, ali nismo spremni izbrisati naziv konstitutivnih naroda. Ne mo\u017ee se [&hellip;]<\/p>\n","protected":false},"author":2,"featured_media":95439,"comment_status":"closed","ping_status":"closed","sticky":false,"template":"","format":"standard","meta":{"h5ap_radio_sources":[],"footnotes":""},"categories":[1],"tags":[],"class_list":["post-95438","post","type-post","status-publish","format-standard","has-post-thumbnail","hentry","category-bihiregija"],"yoast_head":"<!-- This site is optimized with the Yoast SEO plugin v27.4 - https:\/\/yoast.com\/product\/yoast-seo-wordpress\/ -->\n<title>\u010covi\u0107: Nismo spremni iz Ustava izbrisati naziv konstitutivnih naroda, Hrvati moraju birati svoje predstavnike - RADIO LJUBU\u0160KI<\/title>\n<meta name=\"robots\" content=\"index, follow, max-snippet:-1, max-image-preview:large, max-video-preview:-1\" \/>\n<link rel=\"canonical\" href=\"https:\/\/radioljubuski.ba\/index.php\/2021\/12\/03\/covic-nismo-spremni-iz-ustava-izbrisati-naziv-konstitutivnih-naroda-hrvati-moraju-birati-svoje-predstavnike\/\" \/>\n<meta property=\"og:locale\" content=\"hr_HR\" \/>\n<meta property=\"og:type\" content=\"article\" \/>\n<meta property=\"og:title\" content=\"\u010covi\u0107: Nismo spremni iz Ustava izbrisati naziv konstitutivnih naroda, Hrvati moraju birati svoje predstavnike - RADIO LJUBU\u0160KI\" \/>\n<meta property=\"og:description\" content=\"Predsjednik Hrvatskog narodnog sabora BiH (HNS) Dragan \u010covi\u0107 kazao je u Mostaru kako Hrvati imaju svoj jasan stav kojega ne\u0107e prilago\u0111avati niti \u0107e se, zbog toga ikome pravdati. \u2013 \u0160to se ti\u010de nacionalnog ili etni\u010dkog predznaka ili prefiksa spremni smo iz Ustava izbrisati sve prefikse, ali nismo spremni izbrisati naziv konstitutivnih naroda. Ne mo\u017ee se [&hellip;]\" \/>\n<meta property=\"og:url\" content=\"https:\/\/radioljubuski.ba\/index.php\/2021\/12\/03\/covic-nismo-spremni-iz-ustava-izbrisati-naziv-konstitutivnih-naroda-hrvati-moraju-birati-svoje-predstavnike\/\" \/>\n<meta property=\"og:site_name\" content=\"RADIO LJUBU\u0160KI\" \/>\n<meta property=\"article:publisher\" content=\"https:\/\/www.facebook.com\/Radiio-Ljubuski-1490835324566332\" \/>\n<meta property=\"article:published_time\" content=\"2021-12-03T15:05:52+00:00\" \/>\n<meta property=\"article:modified_time\" content=\"2021-12-03T15:05:53+00:00\" \/>\n<meta property=\"og:image\" content=\"https:\/\/radioljubuski.ba\/wp-content\/uploads\/2021\/12\/covichns.jpg\" \/>\n\t<meta property=\"og:image:width\" content=\"750\" \/>\n\t<meta property=\"og:image:height\" content=\"450\" \/>\n\t<meta property=\"og:image:type\" content=\"image\/jpeg\" \/>\n<meta name=\"author\" content=\"Radio Ljubu\u0161ki\" \/>\n<meta name=\"twitter:card\" content=\"summary_large_image\" \/>\n<meta name=\"twitter:creator\" content=\"@radioljubuski\" \/>\n<meta name=\"twitter:site\" content=\"@radioljubuski\" \/>\n<meta name=\"twitter:label1\" content=\"Napisao\/la\" \/>\n\t<meta name=\"twitter:data1\" content=\"Radio Ljubu\u0161ki\" \/>\n\t<meta name=\"twitter:label2\" content=\"Procijenjeno vrijeme \u010ditanja\" \/>\n\t<meta name=\"twitter:data2\" content=\"2 minute\" \/>\n<script type=\"application\/ld+json\" class=\"yoast-schema-graph\">{\"@context\":\"https:\\\/\\\/schema.org\",\"@graph\":[{\"@type\":\"Article\",\"@id\":\"https:\\\/\\\/radioljubuski.ba\\\/index.php\\\/2021\\\/12\\\/03\\\/covic-nismo-spremni-iz-ustava-izbrisati-naziv-konstitutivnih-naroda-hrvati-moraju-birati-svoje-predstavnike\\\/#article\",\"isPartOf\":{\"@id\":\"https:\\\/\\\/radioljubuski.ba\\\/index.php\\\/2021\\\/12\\\/03\\\/covic-nismo-spremni-iz-ustava-izbrisati-naziv-konstitutivnih-naroda-hrvati-moraju-birati-svoje-predstavnike\\\/\"},\"author\":{\"name\":\"Radio Ljubu\u0161ki\",\"@id\":\"https:\\\/\\\/radioljubuski.ba\\\/#\\\/schema\\\/person\\\/19fc700381a780f69665d7956c469e3b\"},\"headline\":\"\u010covi\u0107: Nismo spremni iz Ustava izbrisati naziv konstitutivnih naroda, Hrvati moraju birati svoje predstavnike\",\"datePublished\":\"2021-12-03T15:05:52+00:00\",\"dateModified\":\"2021-12-03T15:05:53+00:00\",\"mainEntityOfPage\":{\"@id\":\"https:\\\/\\\/radioljubuski.ba\\\/index.php\\\/2021\\\/12\\\/03\\\/covic-nismo-spremni-iz-ustava-izbrisati-naziv-konstitutivnih-naroda-hrvati-moraju-birati-svoje-predstavnike\\\/\"},\"wordCount\":481,\"publisher\":{\"@id\":\"https:\\\/\\\/radioljubuski.ba\\\/#organization\"},\"image\":{\"@id\":\"https:\\\/\\\/radioljubuski.ba\\\/index.php\\\/2021\\\/12\\\/03\\\/covic-nismo-spremni-iz-ustava-izbrisati-naziv-konstitutivnih-naroda-hrvati-moraju-birati-svoje-predstavnike\\\/#primaryimage\"},\"thumbnailUrl\":\"https:\\\/\\\/radioljubuski.ba\\\/wp-content\\\/uploads\\\/2021\\\/12\\\/covichns.jpg\",\"articleSection\":[\"BIH i regija\"],\"inLanguage\":\"hr\"},{\"@type\":\"WebPage\",\"@id\":\"https:\\\/\\\/radioljubuski.ba\\\/index.php\\\/2021\\\/12\\\/03\\\/covic-nismo-spremni-iz-ustava-izbrisati-naziv-konstitutivnih-naroda-hrvati-moraju-birati-svoje-predstavnike\\\/\",\"url\":\"https:\\\/\\\/radioljubuski.ba\\\/index.php\\\/2021\\\/12\\\/03\\\/covic-nismo-spremni-iz-ustava-izbrisati-naziv-konstitutivnih-naroda-hrvati-moraju-birati-svoje-predstavnike\\\/\",\"name\":\"\u010covi\u0107: Nismo spremni iz Ustava izbrisati naziv konstitutivnih naroda, Hrvati moraju birati svoje predstavnike - RADIO LJUBU\u0160KI\",\"isPartOf\":{\"@id\":\"https:\\\/\\\/radioljubuski.ba\\\/#website\"},\"primaryImageOfPage\":{\"@id\":\"https:\\\/\\\/radioljubuski.ba\\\/index.php\\\/2021\\\/12\\\/03\\\/covic-nismo-spremni-iz-ustava-izbrisati-naziv-konstitutivnih-naroda-hrvati-moraju-birati-svoje-predstavnike\\\/#primaryimage\"},\"image\":{\"@id\":\"https:\\\/\\\/radioljubuski.ba\\\/index.php\\\/2021\\\/12\\\/03\\\/covic-nismo-spremni-iz-ustava-izbrisati-naziv-konstitutivnih-naroda-hrvati-moraju-birati-svoje-predstavnike\\\/#primaryimage\"},\"thumbnailUrl\":\"https:\\\/\\\/radioljubuski.ba\\\/wp-content\\\/uploads\\\/2021\\\/12\\\/covichns.jpg\",\"datePublished\":\"2021-12-03T15:05:52+00:00\",\"dateModified\":\"2021-12-03T15:05:53+00:00\",\"breadcrumb\":{\"@id\":\"https:\\\/\\\/radioljubuski.ba\\\/index.php\\\/2021\\\/12\\\/03\\\/covic-nismo-spremni-iz-ustava-izbrisati-naziv-konstitutivnih-naroda-hrvati-moraju-birati-svoje-predstavnike\\\/#breadcrumb\"},\"inLanguage\":\"hr\",\"potentialAction\":[{\"@type\":\"ReadAction\",\"target\":[\"https:\\\/\\\/radioljubuski.ba\\\/index.php\\\/2021\\\/12\\\/03\\\/covic-nismo-spremni-iz-ustava-izbrisati-naziv-konstitutivnih-naroda-hrvati-moraju-birati-svoje-predstavnike\\\/\"]}]},{\"@type\":\"ImageObject\",\"inLanguage\":\"hr\",\"@id\":\"https:\\\/\\\/radioljubuski.ba\\\/index.php\\\/2021\\\/12\\\/03\\\/covic-nismo-spremni-iz-ustava-izbrisati-naziv-konstitutivnih-naroda-hrvati-moraju-birati-svoje-predstavnike\\\/#primaryimage\",\"url\":\"https:\\\/\\\/radioljubuski.ba\\\/wp-content\\\/uploads\\\/2021\\\/12\\\/covichns.jpg\",\"contentUrl\":\"https:\\\/\\\/radioljubuski.ba\\\/wp-content\\\/uploads\\\/2021\\\/12\\\/covichns.jpg\",\"width\":750,\"height\":450},{\"@type\":\"BreadcrumbList\",\"@id\":\"https:\\\/\\\/radioljubuski.ba\\\/index.php\\\/2021\\\/12\\\/03\\\/covic-nismo-spremni-iz-ustava-izbrisati-naziv-konstitutivnih-naroda-hrvati-moraju-birati-svoje-predstavnike\\\/#breadcrumb\",\"itemListElement\":[{\"@type\":\"ListItem\",\"position\":1,\"name\":\"Po\u010detna stranica\",\"item\":\"https:\\\/\\\/radioljubuski.ba\\\/\"},{\"@type\":\"ListItem\",\"position\":2,\"name\":\"\u010covi\u0107: Nismo spremni iz Ustava izbrisati naziv konstitutivnih naroda, Hrvati moraju birati svoje predstavnike\"}]},{\"@type\":\"WebSite\",\"@id\":\"https:\\\/\\\/radioljubuski.ba\\\/#website\",\"url\":\"https:\\\/\\\/radioljubuski.ba\\\/\",\"name\":\"Radio Ljubu\u0161ki\",\"description\":\"Sun\u010dana frekvencija Hercegovine\",\"publisher\":{\"@id\":\"https:\\\/\\\/radioljubuski.ba\\\/#organization\"},\"potentialAction\":[{\"@type\":\"SearchAction\",\"target\":{\"@type\":\"EntryPoint\",\"urlTemplate\":\"https:\\\/\\\/radioljubuski.ba\\\/?s={search_term_string}\"},\"query-input\":{\"@type\":\"PropertyValueSpecification\",\"valueRequired\":true,\"valueName\":\"search_term_string\"}}],\"inLanguage\":\"hr\"},{\"@type\":\"Organization\",\"@id\":\"https:\\\/\\\/radioljubuski.ba\\\/#organization\",\"name\":\"Radio Ljubu\u0161ki\",\"url\":\"https:\\\/\\\/radioljubuski.ba\\\/\",\"logo\":{\"@type\":\"ImageObject\",\"inLanguage\":\"hr\",\"@id\":\"https:\\\/\\\/radioljubuski.ba\\\/#\\\/schema\\\/logo\\\/image\\\/\",\"url\":\"https:\\\/\\\/radioljubuski.ba\\\/wp-content\\\/uploads\\\/2021\\\/02\\\/cropped-Radio_Ljubuski_logo1.jpg\",\"contentUrl\":\"https:\\\/\\\/radioljubuski.ba\\\/wp-content\\\/uploads\\\/2021\\\/02\\\/cropped-Radio_Ljubuski_logo1.jpg\",\"width\":512,\"height\":512,\"caption\":\"Radio Ljubu\u0161ki\"},\"image\":{\"@id\":\"https:\\\/\\\/radioljubuski.ba\\\/#\\\/schema\\\/logo\\\/image\\\/\"},\"sameAs\":[\"https:\\\/\\\/www.facebook.com\\\/Radiio-Ljubuski-1490835324566332\",\"https:\\\/\\\/x.com\\\/radioljubuski\",\"https:\\\/\\\/hr.linkedin.com\\\/company\\\/radio-ljubuski\",\"https:\\\/\\\/www.youtube.com\\\/channel\\\/UCHYaeO_n0Db3tjNGudGpXyw\"]},{\"@type\":\"Person\",\"@id\":\"https:\\\/\\\/radioljubuski.ba\\\/#\\\/schema\\\/person\\\/19fc700381a780f69665d7956c469e3b\",\"name\":\"Radio Ljubu\u0161ki\"}]}<\/script>\n<!-- \/ Yoast SEO plugin. -->","yoast_head_json":{"title":"\u010covi\u0107: Nismo spremni iz Ustava izbrisati naziv konstitutivnih naroda, Hrvati moraju birati svoje predstavnike - RADIO LJUBU\u0160KI","robots":{"index":"index","follow":"follow","max-snippet":"max-snippet:-1","max-image-preview":"max-image-preview:large","max-video-preview":"max-video-preview:-1"},"canonical":"https:\/\/radioljubuski.ba\/index.php\/2021\/12\/03\/covic-nismo-spremni-iz-ustava-izbrisati-naziv-konstitutivnih-naroda-hrvati-moraju-birati-svoje-predstavnike\/","og_locale":"hr_HR","og_type":"article","og_title":"\u010covi\u0107: Nismo spremni iz Ustava izbrisati naziv konstitutivnih naroda, Hrvati moraju birati svoje predstavnike - RADIO LJUBU\u0160KI","og_description":"Predsjednik Hrvatskog narodnog sabora BiH (HNS) Dragan \u010covi\u0107 kazao je u Mostaru kako Hrvati imaju svoj jasan stav kojega ne\u0107e prilago\u0111avati niti \u0107e se, zbog toga ikome pravdati. \u2013 \u0160to se ti\u010de nacionalnog ili etni\u010dkog predznaka ili prefiksa spremni smo iz Ustava izbrisati sve prefikse, ali nismo spremni izbrisati naziv konstitutivnih naroda. Ne mo\u017ee se [&hellip;]","og_url":"https:\/\/radioljubuski.ba\/index.php\/2021\/12\/03\/covic-nismo-spremni-iz-ustava-izbrisati-naziv-konstitutivnih-naroda-hrvati-moraju-birati-svoje-predstavnike\/","og_site_name":"RADIO LJUBU\u0160KI","article_publisher":"https:\/\/www.facebook.com\/Radiio-Ljubuski-1490835324566332","article_published_time":"2021-12-03T15:05:52+00:00","article_modified_time":"2021-12-03T15:05:53+00:00","og_image":[{"width":750,"height":450,"url":"https:\/\/radioljubuski.ba\/wp-content\/uploads\/2021\/12\/covichns.jpg","type":"image\/jpeg"}],"author":"Radio Ljubu\u0161ki","twitter_card":"summary_large_image","twitter_creator":"@radioljubuski","twitter_site":"@radioljubuski","twitter_misc":{"Napisao\/la":"Radio Ljubu\u0161ki","Procijenjeno vrijeme \u010ditanja":"2 minute"},"schema":{"@context":"https:\/\/schema.org","@graph":[{"@type":"Article","@id":"https:\/\/radioljubuski.ba\/index.php\/2021\/12\/03\/covic-nismo-spremni-iz-ustava-izbrisati-naziv-konstitutivnih-naroda-hrvati-moraju-birati-svoje-predstavnike\/#article","isPartOf":{"@id":"https:\/\/radioljubuski.ba\/index.php\/2021\/12\/03\/covic-nismo-spremni-iz-ustava-izbrisati-naziv-konstitutivnih-naroda-hrvati-moraju-birati-svoje-predstavnike\/"},"author":{"name":"Radio Ljubu\u0161ki","@id":"https:\/\/radioljubuski.ba\/#\/schema\/person\/19fc700381a780f69665d7956c469e3b"},"headline":"\u010covi\u0107: Nismo spremni iz Ustava izbrisati naziv konstitutivnih naroda, Hrvati moraju birati svoje predstavnike","datePublished":"2021-12-03T15:05:52+00:00","dateModified":"2021-12-03T15:05:53+00:00","mainEntityOfPage":{"@id":"https:\/\/radioljubuski.ba\/index.php\/2021\/12\/03\/covic-nismo-spremni-iz-ustava-izbrisati-naziv-konstitutivnih-naroda-hrvati-moraju-birati-svoje-predstavnike\/"},"wordCount":481,"publisher":{"@id":"https:\/\/radioljubuski.ba\/#organization"},"image":{"@id":"https:\/\/radioljubuski.ba\/index.php\/2021\/12\/03\/covic-nismo-spremni-iz-ustava-izbrisati-naziv-konstitutivnih-naroda-hrvati-moraju-birati-svoje-predstavnike\/#primaryimage"},"thumbnailUrl":"https:\/\/radioljubuski.ba\/wp-content\/uploads\/2021\/12\/covichns.jpg","articleSection":["BIH i regija"],"inLanguage":"hr"},{"@type":"WebPage","@id":"https:\/\/radioljubuski.ba\/index.php\/2021\/12\/03\/covic-nismo-spremni-iz-ustava-izbrisati-naziv-konstitutivnih-naroda-hrvati-moraju-birati-svoje-predstavnike\/","url":"https:\/\/radioljubuski.ba\/index.php\/2021\/12\/03\/covic-nismo-spremni-iz-ustava-izbrisati-naziv-konstitutivnih-naroda-hrvati-moraju-birati-svoje-predstavnike\/","name":"\u010covi\u0107: Nismo spremni iz Ustava izbrisati naziv konstitutivnih naroda, Hrvati moraju birati svoje predstavnike - RADIO LJUBU\u0160KI","isPartOf":{"@id":"https:\/\/radioljubuski.ba\/#website"},"primaryImageOfPage":{"@id":"https:\/\/radioljubuski.ba\/index.php\/2021\/12\/03\/covic-nismo-spremni-iz-ustava-izbrisati-naziv-konstitutivnih-naroda-hrvati-moraju-birati-svoje-predstavnike\/#primaryimage"},"image":{"@id":"https:\/\/radioljubuski.ba\/index.php\/2021\/12\/03\/covic-nismo-spremni-iz-ustava-izbrisati-naziv-konstitutivnih-naroda-hrvati-moraju-birati-svoje-predstavnike\/#primaryimage"},"thumbnailUrl":"https:\/\/radioljubuski.ba\/wp-content\/uploads\/2021\/12\/covichns.jpg","datePublished":"2021-12-03T15:05:52+00:00","dateModified":"2021-12-03T15:05:53+00:00","breadcrumb":{"@id":"https:\/\/radioljubuski.ba\/index.php\/2021\/12\/03\/covic-nismo-spremni-iz-ustava-izbrisati-naziv-konstitutivnih-naroda-hrvati-moraju-birati-svoje-predstavnike\/#breadcrumb"},"inLanguage":"hr","potentialAction":[{"@type":"ReadAction","target":["https:\/\/radioljubuski.ba\/index.php\/2021\/12\/03\/covic-nismo-spremni-iz-ustava-izbrisati-naziv-konstitutivnih-naroda-hrvati-moraju-birati-svoje-predstavnike\/"]}]},{"@type":"ImageObject","inLanguage":"hr","@id":"https:\/\/radioljubuski.ba\/index.php\/2021\/12\/03\/covic-nismo-spremni-iz-ustava-izbrisati-naziv-konstitutivnih-naroda-hrvati-moraju-birati-svoje-predstavnike\/#primaryimage","url":"https:\/\/radioljubuski.ba\/wp-content\/uploads\/2021\/12\/covichns.jpg","contentUrl":"https:\/\/radioljubuski.ba\/wp-content\/uploads\/2021\/12\/covichns.jpg","width":750,"height":450},{"@type":"BreadcrumbList","@id":"https:\/\/radioljubuski.ba\/index.php\/2021\/12\/03\/covic-nismo-spremni-iz-ustava-izbrisati-naziv-konstitutivnih-naroda-hrvati-moraju-birati-svoje-predstavnike\/#breadcrumb","itemListElement":[{"@type":"ListItem","position":1,"name":"Po\u010detna stranica","item":"https:\/\/radioljubuski.ba\/"},{"@type":"ListItem","position":2,"name":"\u010covi\u0107: Nismo spremni iz Ustava izbrisati naziv konstitutivnih naroda, Hrvati moraju birati svoje predstavnike"}]},{"@type":"WebSite","@id":"https:\/\/radioljubuski.ba\/#website","url":"https:\/\/radioljubuski.ba\/","name":"Radio Ljubu\u0161ki","description":"Sun\u010dana frekvencija Hercegovine","publisher":{"@id":"https:\/\/radioljubuski.ba\/#organization"},"potentialAction":[{"@type":"SearchAction","target":{"@type":"EntryPoint","urlTemplate":"https:\/\/radioljubuski.ba\/?s={search_term_string}"},"query-input":{"@type":"PropertyValueSpecification","valueRequired":true,"valueName":"search_term_string"}}],"inLanguage":"hr"},{"@type":"Organization","@id":"https:\/\/radioljubuski.ba\/#organization","name":"Radio Ljubu\u0161ki","url":"https:\/\/radioljubuski.ba\/","logo":{"@type":"ImageObject","inLanguage":"hr","@id":"https:\/\/radioljubuski.ba\/#\/schema\/logo\/image\/","url":"https:\/\/radioljubuski.ba\/wp-content\/uploads\/2021\/02\/cropped-Radio_Ljubuski_logo1.jpg","contentUrl":"https:\/\/radioljubuski.ba\/wp-content\/uploads\/2021\/02\/cropped-Radio_Ljubuski_logo1.jpg","width":512,"height":512,"caption":"Radio Ljubu\u0161ki"},"image":{"@id":"https:\/\/radioljubuski.ba\/#\/schema\/logo\/image\/"},"sameAs":["https:\/\/www.facebook.com\/Radiio-Ljubuski-1490835324566332","https:\/\/x.com\/radioljubuski","https:\/\/hr.linkedin.com\/company\/radio-ljubuski","https:\/\/www.youtube.com\/channel\/UCHYaeO_n0Db3tjNGudGpXyw"]},{"@type":"Person","@id":"https:\/\/radioljubuski.ba\/#\/schema\/person\/19fc700381a780f69665d7956c469e3b","name":"Radio Ljubu\u0161ki"}]}},"_links":{"self":[{"href":"https:\/\/radioljubuski.ba\/index.php\/wp-json\/wp\/v2\/posts\/95438","targetHints":{"allow":["GET"]}}],"collection":[{"href":"https:\/\/radioljubuski.ba\/index.php\/wp-json\/wp\/v2\/posts"}],"about":[{"href":"https:\/\/radioljubuski.ba\/index.php\/wp-json\/wp\/v2\/types\/post"}],"author":[{"embeddable":true,"href":"https:\/\/radioljubuski.ba\/index.php\/wp-json\/wp\/v2\/users\/2"}],"replies":[{"embeddable":true,"href":"https:\/\/radioljubuski.ba\/index.php\/wp-json\/wp\/v2\/comments?post=95438"}],"version-history":[{"count":1,"href":"https:\/\/radioljubuski.ba\/index.php\/wp-json\/wp\/v2\/posts\/95438\/revisions"}],"predecessor-version":[{"id":95440,"href":"https:\/\/radioljubuski.ba\/index.php\/wp-json\/wp\/v2\/posts\/95438\/revisions\/95440"}],"wp:featuredmedia":[{"embeddable":true,"href":"https:\/\/radioljubuski.ba\/index.php\/wp-json\/wp\/v2\/media\/95439"}],"wp:attachment":[{"href":"https:\/\/radioljubuski.ba\/index.php\/wp-json\/wp\/v2\/media?parent=95438"}],"wp:term":[{"taxonomy":"category","embeddable":true,"href":"https:\/\/radioljubuski.ba\/index.php\/wp-json\/wp\/v2\/categories?post=95438"},{"taxonomy":"post_tag","embeddable":true,"href":"https:\/\/radioljubuski.ba\/index.php\/wp-json\/wp\/v2\/tags?post=95438"}],"curies":[{"name":"wp","href":"https:\/\/api.w.org\/{rel}","templated":true}]}}