{"id":95447,"date":"2021-12-03T16:10:58","date_gmt":"2021-12-03T15:10:58","guid":{"rendered":"https:\/\/radioljubuski.ba\/?p=95447"},"modified":"2021-12-03T16:10:59","modified_gmt":"2021-12-03T15:10:59","slug":"gojo-i-lajovic-otvaraju-polufinalni-dvoboj","status":"publish","type":"post","link":"https:\/\/radioljubuski.ba\/index.php\/2021\/12\/03\/gojo-i-lajovic-otvaraju-polufinalni-dvoboj\/","title":{"rendered":"Gojo i Lajovi\u0107 otvaraju polufinalni dvoboj"},"content":{"rendered":"\n<p><strong>Polufinalni susret Davis Cupa u Madridu izme\u0111u Hrvatske i Srbije zapo\u010det \u0107e u petak u Areni Madrid u 16 sati dvobojem Borne Goje i Du\u0161ana Lajovi\u0107a. Tako su odlu\u010dili izbornici, Vedran Marti\u0107 i Viktor Troicki, prijaviv\u0161i upravo njih dvojicu na \u201cdrugoj plo\u010di\u201d.<\/strong><\/p>\n\n\n\n<p><strong>Borna Gojo &#8211; Du\u0161an Lajovi\u0107 0:0<\/strong><\/p>\n\n\n\n<p>Nakon njih na igrali\u0161te \u0107e najbolje plasirani igra\u010di,<strong>&nbsp;Marin \u010cili\u0107&nbsp;<\/strong>i&nbsp;<strong>Novak \u0110okovi\u0107<\/strong>, a pola sata nakon zavr\u0161etka tog me\u010da na rasporedu je okr\u0161aj parova, za koji su prijavljeni&nbsp;<strong>Nikola Mekti\u0107&nbsp;<\/strong>i&nbsp;<strong>Mate Pavi\u0107&nbsp;<\/strong>s hrvatske, te&nbsp;<strong>Novak \u0110okovi\u0107&nbsp;<\/strong>i&nbsp;<strong>Nikola \u0106a\u0107i\u0107&nbsp;<\/strong>sa srpske strane.<br><br>Prijenos iz Madrida mo\u017eete pratiti na Drugom programu HRT-a i na\u0161em portalu.<\/p>\n\n\n\n<p>Drugi polufinalni par su Njema\u010dka i Rusija. Taj dvoboj igra se u subotu. Finale je na rasporedu u nedjelju.<\/p>\n\n\n\n<p>Izvor:hrt.hr<\/p>\n","protected":false},"excerpt":{"rendered":"<p>Polufinalni susret Davis Cupa u Madridu izme\u0111u Hrvatske i Srbije zapo\u010det \u0107e u petak u Areni Madrid u 16 sati dvobojem Borne Goje i Du\u0161ana Lajovi\u0107a. Tako su odlu\u010dili izbornici, Vedran Marti\u0107 i Viktor Troicki, prijaviv\u0161i upravo njih dvojicu na \u201cdrugoj plo\u010di\u201d. Borna Gojo &#8211; Du\u0161an Lajovi\u0107 0:0 Nakon njih na igrali\u0161te \u0107e najbolje plasirani [&hellip;]<\/p>\n","protected":false},"author":2,"featured_media":95448,"comment_status":"closed","ping_status":"closed","sticky":false,"template":"","format":"standard","meta":{"h5ap_radio_sources":[],"footnotes":""},"categories":[7],"tags":[],"class_list":["post-95447","post","type-post","status-publish","format-standard","has-post-thumbnail","hentry","category-sport"],"yoast_head":"<!-- This site is optimized with the Yoast SEO plugin v27.4 - https:\/\/yoast.com\/product\/yoast-seo-wordpress\/ -->\n<title>Gojo i Lajovi\u0107 otvaraju polufinalni dvoboj - RADIO LJUBU\u0160KI<\/title>\n<meta name=\"robots\" content=\"index, follow, max-snippet:-1, max-image-preview:large, max-video-preview:-1\" \/>\n<link rel=\"canonical\" href=\"https:\/\/radioljubuski.ba\/index.php\/2021\/12\/03\/gojo-i-lajovic-otvaraju-polufinalni-dvoboj\/\" \/>\n<meta property=\"og:locale\" content=\"hr_HR\" \/>\n<meta property=\"og:type\" content=\"article\" \/>\n<meta property=\"og:title\" content=\"Gojo i Lajovi\u0107 otvaraju polufinalni dvoboj - RADIO LJUBU\u0160KI\" \/>\n<meta property=\"og:description\" content=\"Polufinalni susret Davis Cupa u Madridu izme\u0111u Hrvatske i Srbije zapo\u010det \u0107e u petak u Areni Madrid u 16 sati dvobojem Borne Goje i Du\u0161ana Lajovi\u0107a. Tako su odlu\u010dili izbornici, Vedran Marti\u0107 i Viktor Troicki, prijaviv\u0161i upravo njih dvojicu na \u201cdrugoj plo\u010di\u201d. Borna Gojo &#8211; Du\u0161an Lajovi\u0107 0:0 Nakon njih na igrali\u0161te \u0107e najbolje plasirani [&hellip;]\" \/>\n<meta property=\"og:url\" content=\"https:\/\/radioljubuski.ba\/index.php\/2021\/12\/03\/gojo-i-lajovic-otvaraju-polufinalni-dvoboj\/\" \/>\n<meta property=\"og:site_name\" content=\"RADIO LJUBU\u0160KI\" \/>\n<meta property=\"article:publisher\" content=\"https:\/\/www.facebook.com\/Radiio-Ljubuski-1490835324566332\" \/>\n<meta property=\"article:published_time\" content=\"2021-12-03T15:10:58+00:00\" \/>\n<meta property=\"article:modified_time\" content=\"2021-12-03T15:10:59+00:00\" \/>\n<meta property=\"og:image\" content=\"https:\/\/radioljubuski.ba\/wp-content\/uploads\/2021\/12\/11.png\" \/>\n\t<meta property=\"og:image:width\" content=\"738\" \/>\n\t<meta property=\"og:image:height\" content=\"435\" \/>\n\t<meta property=\"og:image:type\" content=\"image\/png\" \/>\n<meta name=\"author\" content=\"Radio Ljubu\u0161ki\" \/>\n<meta name=\"twitter:card\" content=\"summary_large_image\" \/>\n<meta name=\"twitter:creator\" content=\"@radioljubuski\" \/>\n<meta name=\"twitter:site\" content=\"@radioljubuski\" \/>\n<meta name=\"twitter:label1\" content=\"Napisao\/la\" \/>\n\t<meta name=\"twitter:data1\" content=\"Radio Ljubu\u0161ki\" \/>\n\t<meta name=\"twitter:label2\" content=\"Procijenjeno vrijeme \u010ditanja\" \/>\n\t<meta name=\"twitter:data2\" content=\"1 minuta\" \/>\n<script type=\"application\/ld+json\" class=\"yoast-schema-graph\">{\"@context\":\"https:\\\/\\\/schema.org\",\"@graph\":[{\"@type\":\"Article\",\"@id\":\"https:\\\/\\\/radioljubuski.ba\\\/index.php\\\/2021\\\/12\\\/03\\\/gojo-i-lajovic-otvaraju-polufinalni-dvoboj\\\/#article\",\"isPartOf\":{\"@id\":\"https:\\\/\\\/radioljubuski.ba\\\/index.php\\\/2021\\\/12\\\/03\\\/gojo-i-lajovic-otvaraju-polufinalni-dvoboj\\\/\"},\"author\":{\"name\":\"Radio Ljubu\u0161ki\",\"@id\":\"https:\\\/\\\/radioljubuski.ba\\\/#\\\/schema\\\/person\\\/19fc700381a780f69665d7956c469e3b\"},\"headline\":\"Gojo i Lajovi\u0107 otvaraju polufinalni dvoboj\",\"datePublished\":\"2021-12-03T15:10:58+00:00\",\"dateModified\":\"2021-12-03T15:10:59+00:00\",\"mainEntityOfPage\":{\"@id\":\"https:\\\/\\\/radioljubuski.ba\\\/index.php\\\/2021\\\/12\\\/03\\\/gojo-i-lajovic-otvaraju-polufinalni-dvoboj\\\/\"},\"wordCount\":159,\"publisher\":{\"@id\":\"https:\\\/\\\/radioljubuski.ba\\\/#organization\"},\"image\":{\"@id\":\"https:\\\/\\\/radioljubuski.ba\\\/index.php\\\/2021\\\/12\\\/03\\\/gojo-i-lajovic-otvaraju-polufinalni-dvoboj\\\/#primaryimage\"},\"thumbnailUrl\":\"https:\\\/\\\/radioljubuski.ba\\\/wp-content\\\/uploads\\\/2021\\\/12\\\/11.png\",\"articleSection\":[\"\u0160port\"],\"inLanguage\":\"hr\"},{\"@type\":\"WebPage\",\"@id\":\"https:\\\/\\\/radioljubuski.ba\\\/index.php\\\/2021\\\/12\\\/03\\\/gojo-i-lajovic-otvaraju-polufinalni-dvoboj\\\/\",\"url\":\"https:\\\/\\\/radioljubuski.ba\\\/index.php\\\/2021\\\/12\\\/03\\\/gojo-i-lajovic-otvaraju-polufinalni-dvoboj\\\/\",\"name\":\"Gojo i Lajovi\u0107 otvaraju polufinalni dvoboj - RADIO LJUBU\u0160KI\",\"isPartOf\":{\"@id\":\"https:\\\/\\\/radioljubuski.ba\\\/#website\"},\"primaryImageOfPage\":{\"@id\":\"https:\\\/\\\/radioljubuski.ba\\\/index.php\\\/2021\\\/12\\\/03\\\/gojo-i-lajovic-otvaraju-polufinalni-dvoboj\\\/#primaryimage\"},\"image\":{\"@id\":\"https:\\\/\\\/radioljubuski.ba\\\/index.php\\\/2021\\\/12\\\/03\\\/gojo-i-lajovic-otvaraju-polufinalni-dvoboj\\\/#primaryimage\"},\"thumbnailUrl\":\"https:\\\/\\\/radioljubuski.ba\\\/wp-content\\\/uploads\\\/2021\\\/12\\\/11.png\",\"datePublished\":\"2021-12-03T15:10:58+00:00\",\"dateModified\":\"2021-12-03T15:10:59+00:00\",\"breadcrumb\":{\"@id\":\"https:\\\/\\\/radioljubuski.ba\\\/index.php\\\/2021\\\/12\\\/03\\\/gojo-i-lajovic-otvaraju-polufinalni-dvoboj\\\/#breadcrumb\"},\"inLanguage\":\"hr\",\"potentialAction\":[{\"@type\":\"ReadAction\",\"target\":[\"https:\\\/\\\/radioljubuski.ba\\\/index.php\\\/2021\\\/12\\\/03\\\/gojo-i-lajovic-otvaraju-polufinalni-dvoboj\\\/\"]}]},{\"@type\":\"ImageObject\",\"inLanguage\":\"hr\",\"@id\":\"https:\\\/\\\/radioljubuski.ba\\\/index.php\\\/2021\\\/12\\\/03\\\/gojo-i-lajovic-otvaraju-polufinalni-dvoboj\\\/#primaryimage\",\"url\":\"https:\\\/\\\/radioljubuski.ba\\\/wp-content\\\/uploads\\\/2021\\\/12\\\/11.png\",\"contentUrl\":\"https:\\\/\\\/radioljubuski.ba\\\/wp-content\\\/uploads\\\/2021\\\/12\\\/11.png\",\"width\":738,\"height\":435},{\"@type\":\"BreadcrumbList\",\"@id\":\"https:\\\/\\\/radioljubuski.ba\\\/index.php\\\/2021\\\/12\\\/03\\\/gojo-i-lajovic-otvaraju-polufinalni-dvoboj\\\/#breadcrumb\",\"itemListElement\":[{\"@type\":\"ListItem\",\"position\":1,\"name\":\"Po\u010detna stranica\",\"item\":\"https:\\\/\\\/radioljubuski.ba\\\/\"},{\"@type\":\"ListItem\",\"position\":2,\"name\":\"Gojo i Lajovi\u0107 otvaraju polufinalni dvoboj\"}]},{\"@type\":\"WebSite\",\"@id\":\"https:\\\/\\\/radioljubuski.ba\\\/#website\",\"url\":\"https:\\\/\\\/radioljubuski.ba\\\/\",\"name\":\"Radio Ljubu\u0161ki\",\"description\":\"Sun\u010dana frekvencija Hercegovine\",\"publisher\":{\"@id\":\"https:\\\/\\\/radioljubuski.ba\\\/#organization\"},\"potentialAction\":[{\"@type\":\"SearchAction\",\"target\":{\"@type\":\"EntryPoint\",\"urlTemplate\":\"https:\\\/\\\/radioljubuski.ba\\\/?s={search_term_string}\"},\"query-input\":{\"@type\":\"PropertyValueSpecification\",\"valueRequired\":true,\"valueName\":\"search_term_string\"}}],\"inLanguage\":\"hr\"},{\"@type\":\"Organization\",\"@id\":\"https:\\\/\\\/radioljubuski.ba\\\/#organization\",\"name\":\"Radio Ljubu\u0161ki\",\"url\":\"https:\\\/\\\/radioljubuski.ba\\\/\",\"logo\":{\"@type\":\"ImageObject\",\"inLanguage\":\"hr\",\"@id\":\"https:\\\/\\\/radioljubuski.ba\\\/#\\\/schema\\\/logo\\\/image\\\/\",\"url\":\"https:\\\/\\\/radioljubuski.ba\\\/wp-content\\\/uploads\\\/2021\\\/02\\\/cropped-Radio_Ljubuski_logo1.jpg\",\"contentUrl\":\"https:\\\/\\\/radioljubuski.ba\\\/wp-content\\\/uploads\\\/2021\\\/02\\\/cropped-Radio_Ljubuski_logo1.jpg\",\"width\":512,\"height\":512,\"caption\":\"Radio Ljubu\u0161ki\"},\"image\":{\"@id\":\"https:\\\/\\\/radioljubuski.ba\\\/#\\\/schema\\\/logo\\\/image\\\/\"},\"sameAs\":[\"https:\\\/\\\/www.facebook.com\\\/Radiio-Ljubuski-1490835324566332\",\"https:\\\/\\\/x.com\\\/radioljubuski\",\"https:\\\/\\\/hr.linkedin.com\\\/company\\\/radio-ljubuski\",\"https:\\\/\\\/www.youtube.com\\\/channel\\\/UCHYaeO_n0Db3tjNGudGpXyw\"]},{\"@type\":\"Person\",\"@id\":\"https:\\\/\\\/radioljubuski.ba\\\/#\\\/schema\\\/person\\\/19fc700381a780f69665d7956c469e3b\",\"name\":\"Radio Ljubu\u0161ki\"}]}<\/script>\n<!-- \/ Yoast SEO plugin. -->","yoast_head_json":{"title":"Gojo i Lajovi\u0107 otvaraju polufinalni dvoboj - RADIO LJUBU\u0160KI","robots":{"index":"index","follow":"follow","max-snippet":"max-snippet:-1","max-image-preview":"max-image-preview:large","max-video-preview":"max-video-preview:-1"},"canonical":"https:\/\/radioljubuski.ba\/index.php\/2021\/12\/03\/gojo-i-lajovic-otvaraju-polufinalni-dvoboj\/","og_locale":"hr_HR","og_type":"article","og_title":"Gojo i Lajovi\u0107 otvaraju polufinalni dvoboj - RADIO LJUBU\u0160KI","og_description":"Polufinalni susret Davis Cupa u Madridu izme\u0111u Hrvatske i Srbije zapo\u010det \u0107e u petak u Areni Madrid u 16 sati dvobojem Borne Goje i Du\u0161ana Lajovi\u0107a. Tako su odlu\u010dili izbornici, Vedran Marti\u0107 i Viktor Troicki, prijaviv\u0161i upravo njih dvojicu na \u201cdrugoj plo\u010di\u201d. Borna Gojo &#8211; Du\u0161an Lajovi\u0107 0:0 Nakon njih na igrali\u0161te \u0107e najbolje plasirani [&hellip;]","og_url":"https:\/\/radioljubuski.ba\/index.php\/2021\/12\/03\/gojo-i-lajovic-otvaraju-polufinalni-dvoboj\/","og_site_name":"RADIO LJUBU\u0160KI","article_publisher":"https:\/\/www.facebook.com\/Radiio-Ljubuski-1490835324566332","article_published_time":"2021-12-03T15:10:58+00:00","article_modified_time":"2021-12-03T15:10:59+00:00","og_image":[{"width":738,"height":435,"url":"https:\/\/radioljubuski.ba\/wp-content\/uploads\/2021\/12\/11.png","type":"image\/png"}],"author":"Radio Ljubu\u0161ki","twitter_card":"summary_large_image","twitter_creator":"@radioljubuski","twitter_site":"@radioljubuski","twitter_misc":{"Napisao\/la":"Radio Ljubu\u0161ki","Procijenjeno vrijeme \u010ditanja":"1 minuta"},"schema":{"@context":"https:\/\/schema.org","@graph":[{"@type":"Article","@id":"https:\/\/radioljubuski.ba\/index.php\/2021\/12\/03\/gojo-i-lajovic-otvaraju-polufinalni-dvoboj\/#article","isPartOf":{"@id":"https:\/\/radioljubuski.ba\/index.php\/2021\/12\/03\/gojo-i-lajovic-otvaraju-polufinalni-dvoboj\/"},"author":{"name":"Radio Ljubu\u0161ki","@id":"https:\/\/radioljubuski.ba\/#\/schema\/person\/19fc700381a780f69665d7956c469e3b"},"headline":"Gojo i Lajovi\u0107 otvaraju polufinalni dvoboj","datePublished":"2021-12-03T15:10:58+00:00","dateModified":"2021-12-03T15:10:59+00:00","mainEntityOfPage":{"@id":"https:\/\/radioljubuski.ba\/index.php\/2021\/12\/03\/gojo-i-lajovic-otvaraju-polufinalni-dvoboj\/"},"wordCount":159,"publisher":{"@id":"https:\/\/radioljubuski.ba\/#organization"},"image":{"@id":"https:\/\/radioljubuski.ba\/index.php\/2021\/12\/03\/gojo-i-lajovic-otvaraju-polufinalni-dvoboj\/#primaryimage"},"thumbnailUrl":"https:\/\/radioljubuski.ba\/wp-content\/uploads\/2021\/12\/11.png","articleSection":["\u0160port"],"inLanguage":"hr"},{"@type":"WebPage","@id":"https:\/\/radioljubuski.ba\/index.php\/2021\/12\/03\/gojo-i-lajovic-otvaraju-polufinalni-dvoboj\/","url":"https:\/\/radioljubuski.ba\/index.php\/2021\/12\/03\/gojo-i-lajovic-otvaraju-polufinalni-dvoboj\/","name":"Gojo i Lajovi\u0107 otvaraju polufinalni dvoboj - RADIO LJUBU\u0160KI","isPartOf":{"@id":"https:\/\/radioljubuski.ba\/#website"},"primaryImageOfPage":{"@id":"https:\/\/radioljubuski.ba\/index.php\/2021\/12\/03\/gojo-i-lajovic-otvaraju-polufinalni-dvoboj\/#primaryimage"},"image":{"@id":"https:\/\/radioljubuski.ba\/index.php\/2021\/12\/03\/gojo-i-lajovic-otvaraju-polufinalni-dvoboj\/#primaryimage"},"thumbnailUrl":"https:\/\/radioljubuski.ba\/wp-content\/uploads\/2021\/12\/11.png","datePublished":"2021-12-03T15:10:58+00:00","dateModified":"2021-12-03T15:10:59+00:00","breadcrumb":{"@id":"https:\/\/radioljubuski.ba\/index.php\/2021\/12\/03\/gojo-i-lajovic-otvaraju-polufinalni-dvoboj\/#breadcrumb"},"inLanguage":"hr","potentialAction":[{"@type":"ReadAction","target":["https:\/\/radioljubuski.ba\/index.php\/2021\/12\/03\/gojo-i-lajovic-otvaraju-polufinalni-dvoboj\/"]}]},{"@type":"ImageObject","inLanguage":"hr","@id":"https:\/\/radioljubuski.ba\/index.php\/2021\/12\/03\/gojo-i-lajovic-otvaraju-polufinalni-dvoboj\/#primaryimage","url":"https:\/\/radioljubuski.ba\/wp-content\/uploads\/2021\/12\/11.png","contentUrl":"https:\/\/radioljubuski.ba\/wp-content\/uploads\/2021\/12\/11.png","width":738,"height":435},{"@type":"BreadcrumbList","@id":"https:\/\/radioljubuski.ba\/index.php\/2021\/12\/03\/gojo-i-lajovic-otvaraju-polufinalni-dvoboj\/#breadcrumb","itemListElement":[{"@type":"ListItem","position":1,"name":"Po\u010detna stranica","item":"https:\/\/radioljubuski.ba\/"},{"@type":"ListItem","position":2,"name":"Gojo i Lajovi\u0107 otvaraju polufinalni dvoboj"}]},{"@type":"WebSite","@id":"https:\/\/radioljubuski.ba\/#website","url":"https:\/\/radioljubuski.ba\/","name":"Radio Ljubu\u0161ki","description":"Sun\u010dana frekvencija Hercegovine","publisher":{"@id":"https:\/\/radioljubuski.ba\/#organization"},"potentialAction":[{"@type":"SearchAction","target":{"@type":"EntryPoint","urlTemplate":"https:\/\/radioljubuski.ba\/?s={search_term_string}"},"query-input":{"@type":"PropertyValueSpecification","valueRequired":true,"valueName":"search_term_string"}}],"inLanguage":"hr"},{"@type":"Organization","@id":"https:\/\/radioljubuski.ba\/#organization","name":"Radio Ljubu\u0161ki","url":"https:\/\/radioljubuski.ba\/","logo":{"@type":"ImageObject","inLanguage":"hr","@id":"https:\/\/radioljubuski.ba\/#\/schema\/logo\/image\/","url":"https:\/\/radioljubuski.ba\/wp-content\/uploads\/2021\/02\/cropped-Radio_Ljubuski_logo1.jpg","contentUrl":"https:\/\/radioljubuski.ba\/wp-content\/uploads\/2021\/02\/cropped-Radio_Ljubuski_logo1.jpg","width":512,"height":512,"caption":"Radio Ljubu\u0161ki"},"image":{"@id":"https:\/\/radioljubuski.ba\/#\/schema\/logo\/image\/"},"sameAs":["https:\/\/www.facebook.com\/Radiio-Ljubuski-1490835324566332","https:\/\/x.com\/radioljubuski","https:\/\/hr.linkedin.com\/company\/radio-ljubuski","https:\/\/www.youtube.com\/channel\/UCHYaeO_n0Db3tjNGudGpXyw"]},{"@type":"Person","@id":"https:\/\/radioljubuski.ba\/#\/schema\/person\/19fc700381a780f69665d7956c469e3b","name":"Radio Ljubu\u0161ki"}]}},"_links":{"self":[{"href":"https:\/\/radioljubuski.ba\/index.php\/wp-json\/wp\/v2\/posts\/95447","targetHints":{"allow":["GET"]}}],"collection":[{"href":"https:\/\/radioljubuski.ba\/index.php\/wp-json\/wp\/v2\/posts"}],"about":[{"href":"https:\/\/radioljubuski.ba\/index.php\/wp-json\/wp\/v2\/types\/post"}],"author":[{"embeddable":true,"href":"https:\/\/radioljubuski.ba\/index.php\/wp-json\/wp\/v2\/users\/2"}],"replies":[{"embeddable":true,"href":"https:\/\/radioljubuski.ba\/index.php\/wp-json\/wp\/v2\/comments?post=95447"}],"version-history":[{"count":1,"href":"https:\/\/radioljubuski.ba\/index.php\/wp-json\/wp\/v2\/posts\/95447\/revisions"}],"predecessor-version":[{"id":95449,"href":"https:\/\/radioljubuski.ba\/index.php\/wp-json\/wp\/v2\/posts\/95447\/revisions\/95449"}],"wp:featuredmedia":[{"embeddable":true,"href":"https:\/\/radioljubuski.ba\/index.php\/wp-json\/wp\/v2\/media\/95448"}],"wp:attachment":[{"href":"https:\/\/radioljubuski.ba\/index.php\/wp-json\/wp\/v2\/media?parent=95447"}],"wp:term":[{"taxonomy":"category","embeddable":true,"href":"https:\/\/radioljubuski.ba\/index.php\/wp-json\/wp\/v2\/categories?post=95447"},{"taxonomy":"post_tag","embeddable":true,"href":"https:\/\/radioljubuski.ba\/index.php\/wp-json\/wp\/v2\/tags?post=95447"}],"curies":[{"name":"wp","href":"https:\/\/api.w.org\/{rel}","templated":true}]}}