{"id":95462,"date":"2021-12-03T16:19:20","date_gmt":"2021-12-03T15:19:20","guid":{"rendered":"https:\/\/radioljubuski.ba\/?p=95462"},"modified":"2021-12-03T16:19:21","modified_gmt":"2021-12-03T15:19:21","slug":"zbog-koronavirusa-u-bundesligi-ogranicen-broj-gledatelja","status":"publish","type":"post","link":"https:\/\/radioljubuski.ba\/index.php\/2021\/12\/03\/zbog-koronavirusa-u-bundesligi-ogranicen-broj-gledatelja\/","title":{"rendered":"Zbog koronavirusa u Bundesligi ograni\u010den broj gledatelja"},"content":{"rendered":"\n<p><strong>Na utakmicama njema\u010dke nogometne Bundeslige do daljnjega na tribinama ne\u0107e mo\u0107i biti vi\u0161e od 15.000 gedatelja, nakon \u0161to su u \u010detvrtak dogovorene nove protuepidemijske mjere izme\u0111u vode\u0107ih ljudi regionalnih i federalnih vlasti.&nbsp;&nbsp;<\/strong><\/p>\n\n\n\n<p>Prema tim mjerama za doga\u0111aje na otvorenom dopu\u0161teno je kori\u0161tenje od 30 do 50 posto kapaciteta, s maksimalnim brojem od 15.000 gledatelja, dok je za sportska doga\u0111anja u zatvorenim prostorima dopu\u0161teni maksimum 5.000 gledatelja.<br><br>Svi koji \u0107e nazo\u010diti tim doga\u0111ajima morat \u0107e nositi maske na licu, a potrebna \u0107e im biti i va\u017ee\u0107a Covid-potvrda o cijepljenu ili preboljenju. Mogu\u0107e je da \u0107e dodatno biti uvedeno i testiranje kao dodatni uvjet.<\/p>\n\n\n\n<p>Premijer pokrajine Sjeverna Rajna-Vestfalija&nbsp;<strong>Hendrik Wuest<\/strong>, ve\u0107 je uo\u010di sastanka upozorio klubove da budu spremni na zna\u010dajno smanjenje kapaciteta stadiona.<br><br>&#8211; \u017delim broj koji \u0107e nam donijeti maksimalnu zdravstvenu za\u0161titu uz minimalno zadiranje u prava cijepljenih, rekao je Wuest.<br><br>U pokrajini kojoj je Wuest na \u010delu u subotu je na rasporedu veliki njema\u010dki derbi izme\u0111u dvije prvoplasirane mom\u010dadi Bundeslige, u kojemu Bayern gostuje u Dortmundu kod Borussije. Wuest je ve\u0107 prije izjavio da ne vidi smisao u potpunom zatvaranju stadiona, kako je to bilo u po\u010detnom stadiju pandemije izazvane koronavirusom.<br><br>Ipak, utakmice pred praznim tribinama ili njihova odgoda, mogu\u0107e su u onim pokrajinama koje imaju velik broj zara\u017eenih.<br><br>Borussia je u \u010detvrtak poni\u0161tila sve ulaznice prodane u srijedu, \u0161to su u\u010dinili i u nekolicini drugih klubova.<br><br>Medicinski stru\u010dnjak iz SPD-a&nbsp;<strong>Karl Lauterbach<\/strong>&nbsp;mi\u0161ljenja je da ni na jednoj utakmici ne bi smjelo biti vi\u0161e od 5.000 gledatelja, nakon \u0161to je dvoboj K\u00f6lna i Borussije M\u00f6nchengladbach gledalo 50.000 navija\u010da. U srijedu je broj zara\u017eenih u K\u00f6lnu bio u zna\u010dajnom porastu, a Lauterbach je izjavio da se to nije dogodilo samo zbog utakmice, ali da je i ona doprinijela tome.<\/p>\n\n\n\n<p>Izvor:hrt.hr<\/p>\n","protected":false},"excerpt":{"rendered":"<p>Na utakmicama njema\u010dke nogometne Bundeslige do daljnjega na tribinama ne\u0107e mo\u0107i biti vi\u0161e od 15.000 gedatelja, nakon \u0161to su u \u010detvrtak dogovorene nove protuepidemijske mjere izme\u0111u vode\u0107ih ljudi regionalnih i federalnih vlasti.&nbsp;&nbsp; Prema tim mjerama za doga\u0111aje na otvorenom dopu\u0161teno je kori\u0161tenje od 30 do 50 posto kapaciteta, s maksimalnim brojem od 15.000 gledatelja, dok [&hellip;]<\/p>\n","protected":false},"author":2,"featured_media":95463,"comment_status":"closed","ping_status":"closed","sticky":false,"template":"","format":"standard","meta":{"h5ap_radio_sources":[],"footnotes":""},"categories":[7],"tags":[],"class_list":["post-95462","post","type-post","status-publish","format-standard","has-post-thumbnail","hentry","category-sport"],"yoast_head":"<!-- This site is optimized with the Yoast SEO plugin v27.4 - https:\/\/yoast.com\/product\/yoast-seo-wordpress\/ -->\n<title>Zbog koronavirusa u Bundesligi ograni\u010den broj gledatelja - RADIO LJUBU\u0160KI<\/title>\n<meta name=\"robots\" content=\"index, follow, max-snippet:-1, max-image-preview:large, max-video-preview:-1\" \/>\n<link rel=\"canonical\" href=\"https:\/\/radioljubuski.ba\/index.php\/2021\/12\/03\/zbog-koronavirusa-u-bundesligi-ogranicen-broj-gledatelja\/\" \/>\n<meta property=\"og:locale\" content=\"hr_HR\" \/>\n<meta property=\"og:type\" content=\"article\" \/>\n<meta property=\"og:title\" content=\"Zbog koronavirusa u Bundesligi ograni\u010den broj gledatelja - RADIO LJUBU\u0160KI\" \/>\n<meta property=\"og:description\" content=\"Na utakmicama njema\u010dke nogometne Bundeslige do daljnjega na tribinama ne\u0107e mo\u0107i biti vi\u0161e od 15.000 gedatelja, nakon \u0161to su u \u010detvrtak dogovorene nove protuepidemijske mjere izme\u0111u vode\u0107ih ljudi regionalnih i federalnih vlasti.&nbsp;&nbsp; Prema tim mjerama za doga\u0111aje na otvorenom dopu\u0161teno je kori\u0161tenje od 30 do 50 posto kapaciteta, s maksimalnim brojem od 15.000 gledatelja, dok [&hellip;]\" \/>\n<meta property=\"og:url\" content=\"https:\/\/radioljubuski.ba\/index.php\/2021\/12\/03\/zbog-koronavirusa-u-bundesligi-ogranicen-broj-gledatelja\/\" \/>\n<meta property=\"og:site_name\" content=\"RADIO LJUBU\u0160KI\" \/>\n<meta property=\"article:publisher\" content=\"https:\/\/www.facebook.com\/Radiio-Ljubuski-1490835324566332\" \/>\n<meta property=\"article:published_time\" content=\"2021-12-03T15:19:20+00:00\" \/>\n<meta property=\"article:modified_time\" content=\"2021-12-03T15:19:21+00:00\" \/>\n<meta property=\"og:image\" content=\"https:\/\/radioljubuski.ba\/wp-content\/uploads\/2021\/12\/o_20143944_1024.jpg\" \/>\n\t<meta property=\"og:image:width\" content=\"1024\" \/>\n\t<meta property=\"og:image:height\" content=\"624\" \/>\n\t<meta property=\"og:image:type\" content=\"image\/jpeg\" \/>\n<meta name=\"author\" content=\"Radio Ljubu\u0161ki\" \/>\n<meta name=\"twitter:card\" content=\"summary_large_image\" \/>\n<meta name=\"twitter:creator\" content=\"@radioljubuski\" \/>\n<meta name=\"twitter:site\" content=\"@radioljubuski\" \/>\n<meta name=\"twitter:label1\" content=\"Napisao\/la\" \/>\n\t<meta name=\"twitter:data1\" content=\"Radio Ljubu\u0161ki\" \/>\n\t<meta name=\"twitter:label2\" content=\"Procijenjeno vrijeme \u010ditanja\" \/>\n\t<meta name=\"twitter:data2\" content=\"2 minute\" \/>\n<script type=\"application\/ld+json\" class=\"yoast-schema-graph\">{\"@context\":\"https:\\\/\\\/schema.org\",\"@graph\":[{\"@type\":\"Article\",\"@id\":\"https:\\\/\\\/radioljubuski.ba\\\/index.php\\\/2021\\\/12\\\/03\\\/zbog-koronavirusa-u-bundesligi-ogranicen-broj-gledatelja\\\/#article\",\"isPartOf\":{\"@id\":\"https:\\\/\\\/radioljubuski.ba\\\/index.php\\\/2021\\\/12\\\/03\\\/zbog-koronavirusa-u-bundesligi-ogranicen-broj-gledatelja\\\/\"},\"author\":{\"name\":\"Radio Ljubu\u0161ki\",\"@id\":\"https:\\\/\\\/radioljubuski.ba\\\/#\\\/schema\\\/person\\\/19fc700381a780f69665d7956c469e3b\"},\"headline\":\"Zbog koronavirusa u Bundesligi ograni\u010den broj gledatelja\",\"datePublished\":\"2021-12-03T15:19:20+00:00\",\"dateModified\":\"2021-12-03T15:19:21+00:00\",\"mainEntityOfPage\":{\"@id\":\"https:\\\/\\\/radioljubuski.ba\\\/index.php\\\/2021\\\/12\\\/03\\\/zbog-koronavirusa-u-bundesligi-ogranicen-broj-gledatelja\\\/\"},\"wordCount\":335,\"publisher\":{\"@id\":\"https:\\\/\\\/radioljubuski.ba\\\/#organization\"},\"image\":{\"@id\":\"https:\\\/\\\/radioljubuski.ba\\\/index.php\\\/2021\\\/12\\\/03\\\/zbog-koronavirusa-u-bundesligi-ogranicen-broj-gledatelja\\\/#primaryimage\"},\"thumbnailUrl\":\"https:\\\/\\\/radioljubuski.ba\\\/wp-content\\\/uploads\\\/2021\\\/12\\\/o_20143944_1024.jpg\",\"articleSection\":[\"\u0160port\"],\"inLanguage\":\"hr\"},{\"@type\":\"WebPage\",\"@id\":\"https:\\\/\\\/radioljubuski.ba\\\/index.php\\\/2021\\\/12\\\/03\\\/zbog-koronavirusa-u-bundesligi-ogranicen-broj-gledatelja\\\/\",\"url\":\"https:\\\/\\\/radioljubuski.ba\\\/index.php\\\/2021\\\/12\\\/03\\\/zbog-koronavirusa-u-bundesligi-ogranicen-broj-gledatelja\\\/\",\"name\":\"Zbog koronavirusa u Bundesligi ograni\u010den broj gledatelja - RADIO LJUBU\u0160KI\",\"isPartOf\":{\"@id\":\"https:\\\/\\\/radioljubuski.ba\\\/#website\"},\"primaryImageOfPage\":{\"@id\":\"https:\\\/\\\/radioljubuski.ba\\\/index.php\\\/2021\\\/12\\\/03\\\/zbog-koronavirusa-u-bundesligi-ogranicen-broj-gledatelja\\\/#primaryimage\"},\"image\":{\"@id\":\"https:\\\/\\\/radioljubuski.ba\\\/index.php\\\/2021\\\/12\\\/03\\\/zbog-koronavirusa-u-bundesligi-ogranicen-broj-gledatelja\\\/#primaryimage\"},\"thumbnailUrl\":\"https:\\\/\\\/radioljubuski.ba\\\/wp-content\\\/uploads\\\/2021\\\/12\\\/o_20143944_1024.jpg\",\"datePublished\":\"2021-12-03T15:19:20+00:00\",\"dateModified\":\"2021-12-03T15:19:21+00:00\",\"breadcrumb\":{\"@id\":\"https:\\\/\\\/radioljubuski.ba\\\/index.php\\\/2021\\\/12\\\/03\\\/zbog-koronavirusa-u-bundesligi-ogranicen-broj-gledatelja\\\/#breadcrumb\"},\"inLanguage\":\"hr\",\"potentialAction\":[{\"@type\":\"ReadAction\",\"target\":[\"https:\\\/\\\/radioljubuski.ba\\\/index.php\\\/2021\\\/12\\\/03\\\/zbog-koronavirusa-u-bundesligi-ogranicen-broj-gledatelja\\\/\"]}]},{\"@type\":\"ImageObject\",\"inLanguage\":\"hr\",\"@id\":\"https:\\\/\\\/radioljubuski.ba\\\/index.php\\\/2021\\\/12\\\/03\\\/zbog-koronavirusa-u-bundesligi-ogranicen-broj-gledatelja\\\/#primaryimage\",\"url\":\"https:\\\/\\\/radioljubuski.ba\\\/wp-content\\\/uploads\\\/2021\\\/12\\\/o_20143944_1024.jpg\",\"contentUrl\":\"https:\\\/\\\/radioljubuski.ba\\\/wp-content\\\/uploads\\\/2021\\\/12\\\/o_20143944_1024.jpg\",\"width\":1024,\"height\":624},{\"@type\":\"BreadcrumbList\",\"@id\":\"https:\\\/\\\/radioljubuski.ba\\\/index.php\\\/2021\\\/12\\\/03\\\/zbog-koronavirusa-u-bundesligi-ogranicen-broj-gledatelja\\\/#breadcrumb\",\"itemListElement\":[{\"@type\":\"ListItem\",\"position\":1,\"name\":\"Po\u010detna stranica\",\"item\":\"https:\\\/\\\/radioljubuski.ba\\\/\"},{\"@type\":\"ListItem\",\"position\":2,\"name\":\"Zbog koronavirusa u Bundesligi ograni\u010den broj gledatelja\"}]},{\"@type\":\"WebSite\",\"@id\":\"https:\\\/\\\/radioljubuski.ba\\\/#website\",\"url\":\"https:\\\/\\\/radioljubuski.ba\\\/\",\"name\":\"Radio Ljubu\u0161ki\",\"description\":\"Sun\u010dana frekvencija Hercegovine\",\"publisher\":{\"@id\":\"https:\\\/\\\/radioljubuski.ba\\\/#organization\"},\"potentialAction\":[{\"@type\":\"SearchAction\",\"target\":{\"@type\":\"EntryPoint\",\"urlTemplate\":\"https:\\\/\\\/radioljubuski.ba\\\/?s={search_term_string}\"},\"query-input\":{\"@type\":\"PropertyValueSpecification\",\"valueRequired\":true,\"valueName\":\"search_term_string\"}}],\"inLanguage\":\"hr\"},{\"@type\":\"Organization\",\"@id\":\"https:\\\/\\\/radioljubuski.ba\\\/#organization\",\"name\":\"Radio Ljubu\u0161ki\",\"url\":\"https:\\\/\\\/radioljubuski.ba\\\/\",\"logo\":{\"@type\":\"ImageObject\",\"inLanguage\":\"hr\",\"@id\":\"https:\\\/\\\/radioljubuski.ba\\\/#\\\/schema\\\/logo\\\/image\\\/\",\"url\":\"https:\\\/\\\/radioljubuski.ba\\\/wp-content\\\/uploads\\\/2021\\\/02\\\/cropped-Radio_Ljubuski_logo1.jpg\",\"contentUrl\":\"https:\\\/\\\/radioljubuski.ba\\\/wp-content\\\/uploads\\\/2021\\\/02\\\/cropped-Radio_Ljubuski_logo1.jpg\",\"width\":512,\"height\":512,\"caption\":\"Radio Ljubu\u0161ki\"},\"image\":{\"@id\":\"https:\\\/\\\/radioljubuski.ba\\\/#\\\/schema\\\/logo\\\/image\\\/\"},\"sameAs\":[\"https:\\\/\\\/www.facebook.com\\\/Radiio-Ljubuski-1490835324566332\",\"https:\\\/\\\/x.com\\\/radioljubuski\",\"https:\\\/\\\/hr.linkedin.com\\\/company\\\/radio-ljubuski\",\"https:\\\/\\\/www.youtube.com\\\/channel\\\/UCHYaeO_n0Db3tjNGudGpXyw\"]},{\"@type\":\"Person\",\"@id\":\"https:\\\/\\\/radioljubuski.ba\\\/#\\\/schema\\\/person\\\/19fc700381a780f69665d7956c469e3b\",\"name\":\"Radio Ljubu\u0161ki\"}]}<\/script>\n<!-- \/ Yoast SEO plugin. -->","yoast_head_json":{"title":"Zbog koronavirusa u Bundesligi ograni\u010den broj gledatelja - RADIO LJUBU\u0160KI","robots":{"index":"index","follow":"follow","max-snippet":"max-snippet:-1","max-image-preview":"max-image-preview:large","max-video-preview":"max-video-preview:-1"},"canonical":"https:\/\/radioljubuski.ba\/index.php\/2021\/12\/03\/zbog-koronavirusa-u-bundesligi-ogranicen-broj-gledatelja\/","og_locale":"hr_HR","og_type":"article","og_title":"Zbog koronavirusa u Bundesligi ograni\u010den broj gledatelja - RADIO LJUBU\u0160KI","og_description":"Na utakmicama njema\u010dke nogometne Bundeslige do daljnjega na tribinama ne\u0107e mo\u0107i biti vi\u0161e od 15.000 gedatelja, nakon \u0161to su u \u010detvrtak dogovorene nove protuepidemijske mjere izme\u0111u vode\u0107ih ljudi regionalnih i federalnih vlasti.&nbsp;&nbsp; Prema tim mjerama za doga\u0111aje na otvorenom dopu\u0161teno je kori\u0161tenje od 30 do 50 posto kapaciteta, s maksimalnim brojem od 15.000 gledatelja, dok [&hellip;]","og_url":"https:\/\/radioljubuski.ba\/index.php\/2021\/12\/03\/zbog-koronavirusa-u-bundesligi-ogranicen-broj-gledatelja\/","og_site_name":"RADIO LJUBU\u0160KI","article_publisher":"https:\/\/www.facebook.com\/Radiio-Ljubuski-1490835324566332","article_published_time":"2021-12-03T15:19:20+00:00","article_modified_time":"2021-12-03T15:19:21+00:00","og_image":[{"width":1024,"height":624,"url":"https:\/\/radioljubuski.ba\/wp-content\/uploads\/2021\/12\/o_20143944_1024.jpg","type":"image\/jpeg"}],"author":"Radio Ljubu\u0161ki","twitter_card":"summary_large_image","twitter_creator":"@radioljubuski","twitter_site":"@radioljubuski","twitter_misc":{"Napisao\/la":"Radio Ljubu\u0161ki","Procijenjeno vrijeme \u010ditanja":"2 minute"},"schema":{"@context":"https:\/\/schema.org","@graph":[{"@type":"Article","@id":"https:\/\/radioljubuski.ba\/index.php\/2021\/12\/03\/zbog-koronavirusa-u-bundesligi-ogranicen-broj-gledatelja\/#article","isPartOf":{"@id":"https:\/\/radioljubuski.ba\/index.php\/2021\/12\/03\/zbog-koronavirusa-u-bundesligi-ogranicen-broj-gledatelja\/"},"author":{"name":"Radio Ljubu\u0161ki","@id":"https:\/\/radioljubuski.ba\/#\/schema\/person\/19fc700381a780f69665d7956c469e3b"},"headline":"Zbog koronavirusa u Bundesligi ograni\u010den broj gledatelja","datePublished":"2021-12-03T15:19:20+00:00","dateModified":"2021-12-03T15:19:21+00:00","mainEntityOfPage":{"@id":"https:\/\/radioljubuski.ba\/index.php\/2021\/12\/03\/zbog-koronavirusa-u-bundesligi-ogranicen-broj-gledatelja\/"},"wordCount":335,"publisher":{"@id":"https:\/\/radioljubuski.ba\/#organization"},"image":{"@id":"https:\/\/radioljubuski.ba\/index.php\/2021\/12\/03\/zbog-koronavirusa-u-bundesligi-ogranicen-broj-gledatelja\/#primaryimage"},"thumbnailUrl":"https:\/\/radioljubuski.ba\/wp-content\/uploads\/2021\/12\/o_20143944_1024.jpg","articleSection":["\u0160port"],"inLanguage":"hr"},{"@type":"WebPage","@id":"https:\/\/radioljubuski.ba\/index.php\/2021\/12\/03\/zbog-koronavirusa-u-bundesligi-ogranicen-broj-gledatelja\/","url":"https:\/\/radioljubuski.ba\/index.php\/2021\/12\/03\/zbog-koronavirusa-u-bundesligi-ogranicen-broj-gledatelja\/","name":"Zbog koronavirusa u Bundesligi ograni\u010den broj gledatelja - RADIO LJUBU\u0160KI","isPartOf":{"@id":"https:\/\/radioljubuski.ba\/#website"},"primaryImageOfPage":{"@id":"https:\/\/radioljubuski.ba\/index.php\/2021\/12\/03\/zbog-koronavirusa-u-bundesligi-ogranicen-broj-gledatelja\/#primaryimage"},"image":{"@id":"https:\/\/radioljubuski.ba\/index.php\/2021\/12\/03\/zbog-koronavirusa-u-bundesligi-ogranicen-broj-gledatelja\/#primaryimage"},"thumbnailUrl":"https:\/\/radioljubuski.ba\/wp-content\/uploads\/2021\/12\/o_20143944_1024.jpg","datePublished":"2021-12-03T15:19:20+00:00","dateModified":"2021-12-03T15:19:21+00:00","breadcrumb":{"@id":"https:\/\/radioljubuski.ba\/index.php\/2021\/12\/03\/zbog-koronavirusa-u-bundesligi-ogranicen-broj-gledatelja\/#breadcrumb"},"inLanguage":"hr","potentialAction":[{"@type":"ReadAction","target":["https:\/\/radioljubuski.ba\/index.php\/2021\/12\/03\/zbog-koronavirusa-u-bundesligi-ogranicen-broj-gledatelja\/"]}]},{"@type":"ImageObject","inLanguage":"hr","@id":"https:\/\/radioljubuski.ba\/index.php\/2021\/12\/03\/zbog-koronavirusa-u-bundesligi-ogranicen-broj-gledatelja\/#primaryimage","url":"https:\/\/radioljubuski.ba\/wp-content\/uploads\/2021\/12\/o_20143944_1024.jpg","contentUrl":"https:\/\/radioljubuski.ba\/wp-content\/uploads\/2021\/12\/o_20143944_1024.jpg","width":1024,"height":624},{"@type":"BreadcrumbList","@id":"https:\/\/radioljubuski.ba\/index.php\/2021\/12\/03\/zbog-koronavirusa-u-bundesligi-ogranicen-broj-gledatelja\/#breadcrumb","itemListElement":[{"@type":"ListItem","position":1,"name":"Po\u010detna stranica","item":"https:\/\/radioljubuski.ba\/"},{"@type":"ListItem","position":2,"name":"Zbog koronavirusa u Bundesligi ograni\u010den broj gledatelja"}]},{"@type":"WebSite","@id":"https:\/\/radioljubuski.ba\/#website","url":"https:\/\/radioljubuski.ba\/","name":"Radio Ljubu\u0161ki","description":"Sun\u010dana frekvencija Hercegovine","publisher":{"@id":"https:\/\/radioljubuski.ba\/#organization"},"potentialAction":[{"@type":"SearchAction","target":{"@type":"EntryPoint","urlTemplate":"https:\/\/radioljubuski.ba\/?s={search_term_string}"},"query-input":{"@type":"PropertyValueSpecification","valueRequired":true,"valueName":"search_term_string"}}],"inLanguage":"hr"},{"@type":"Organization","@id":"https:\/\/radioljubuski.ba\/#organization","name":"Radio Ljubu\u0161ki","url":"https:\/\/radioljubuski.ba\/","logo":{"@type":"ImageObject","inLanguage":"hr","@id":"https:\/\/radioljubuski.ba\/#\/schema\/logo\/image\/","url":"https:\/\/radioljubuski.ba\/wp-content\/uploads\/2021\/02\/cropped-Radio_Ljubuski_logo1.jpg","contentUrl":"https:\/\/radioljubuski.ba\/wp-content\/uploads\/2021\/02\/cropped-Radio_Ljubuski_logo1.jpg","width":512,"height":512,"caption":"Radio Ljubu\u0161ki"},"image":{"@id":"https:\/\/radioljubuski.ba\/#\/schema\/logo\/image\/"},"sameAs":["https:\/\/www.facebook.com\/Radiio-Ljubuski-1490835324566332","https:\/\/x.com\/radioljubuski","https:\/\/hr.linkedin.com\/company\/radio-ljubuski","https:\/\/www.youtube.com\/channel\/UCHYaeO_n0Db3tjNGudGpXyw"]},{"@type":"Person","@id":"https:\/\/radioljubuski.ba\/#\/schema\/person\/19fc700381a780f69665d7956c469e3b","name":"Radio Ljubu\u0161ki"}]}},"_links":{"self":[{"href":"https:\/\/radioljubuski.ba\/index.php\/wp-json\/wp\/v2\/posts\/95462","targetHints":{"allow":["GET"]}}],"collection":[{"href":"https:\/\/radioljubuski.ba\/index.php\/wp-json\/wp\/v2\/posts"}],"about":[{"href":"https:\/\/radioljubuski.ba\/index.php\/wp-json\/wp\/v2\/types\/post"}],"author":[{"embeddable":true,"href":"https:\/\/radioljubuski.ba\/index.php\/wp-json\/wp\/v2\/users\/2"}],"replies":[{"embeddable":true,"href":"https:\/\/radioljubuski.ba\/index.php\/wp-json\/wp\/v2\/comments?post=95462"}],"version-history":[{"count":1,"href":"https:\/\/radioljubuski.ba\/index.php\/wp-json\/wp\/v2\/posts\/95462\/revisions"}],"predecessor-version":[{"id":95464,"href":"https:\/\/radioljubuski.ba\/index.php\/wp-json\/wp\/v2\/posts\/95462\/revisions\/95464"}],"wp:featuredmedia":[{"embeddable":true,"href":"https:\/\/radioljubuski.ba\/index.php\/wp-json\/wp\/v2\/media\/95463"}],"wp:attachment":[{"href":"https:\/\/radioljubuski.ba\/index.php\/wp-json\/wp\/v2\/media?parent=95462"}],"wp:term":[{"taxonomy":"category","embeddable":true,"href":"https:\/\/radioljubuski.ba\/index.php\/wp-json\/wp\/v2\/categories?post=95462"},{"taxonomy":"post_tag","embeddable":true,"href":"https:\/\/radioljubuski.ba\/index.php\/wp-json\/wp\/v2\/tags?post=95462"}],"curies":[{"name":"wp","href":"https:\/\/api.w.org\/{rel}","templated":true}]}}