{"id":95465,"date":"2021-12-03T16:20:43","date_gmt":"2021-12-03T15:20:43","guid":{"rendered":"https:\/\/radioljubuski.ba\/?p=95465"},"modified":"2021-12-03T16:20:45","modified_gmt":"2021-12-03T15:20:45","slug":"tezak-udarac-u-obrani-milan-bez-kjaera-nekoliko-mjeseci","status":"publish","type":"post","link":"https:\/\/radioljubuski.ba\/index.php\/2021\/12\/03\/tezak-udarac-u-obrani-milan-bez-kjaera-nekoliko-mjeseci\/","title":{"rendered":"Te\u017eak udarac u obrani: Milan bez Kjaera nekoliko mjeseci"},"content":{"rendered":"\n<p><strong>Trenuta\u010dno drugoplasirani sastav talijanskog nogometnog prvenstva Milan objavio je kako \u0107e sljede\u0107ih nekoliko mjeseci biti bez pouzdanog stopera, kapetana danske reprezentacije Simona Kjaera (32) zbog ozljede lijevog koljena koju je zadobio tijekom susreta protiv Genoe u srijedu.<\/strong><\/p>\n\n\n\n<p>Kjaer je s travnjaka iznesen na nosilima te \u0107e se u petak morati podvrgnuti operaciji.<\/p>\n\n\n\n<blockquote class=\"twitter-tweet\"><p lang=\"en\" dir=\"ltr\">Oh god&#8230;<br><br>Simon Kj\u00e6r has been stretchered off just now with what looks like a serious knee injury.\ud83d\ude29<a href=\"https:\/\/twitter.com\/hashtag\/ForDanmark?src=hash&amp;ref_src=twsrc%5Etfw\">#ForDanmark<\/a> <a href=\"https:\/\/twitter.com\/hashtag\/DEN?src=hash&amp;ref_src=twsrc%5Etfw\">#DEN<\/a> <a href=\"https:\/\/twitter.com\/hashtag\/Serie?src=hash&amp;ref_src=twsrc%5Etfw\">#Serie<\/a> <a href=\"https:\/\/twitter.com\/hashtag\/Milan?src=hash&amp;ref_src=twsrc%5Etfw\">#Milan<\/a> <a href=\"https:\/\/twitter.com\/hashtag\/Genoa?src=hash&amp;ref_src=twsrc%5Etfw\">#Genoa<\/a> <a href=\"https:\/\/t.co\/8B2jZotiEO\">pic.twitter.com\/8B2jZotiEO<\/a><\/p>&mdash; Danish Football (@DANISHF00TBALL) <a href=\"https:\/\/twitter.com\/DANISHF00TBALL\/status\/1466136109688270853?ref_src=twsrc%5Etfw\">December 1, 2021<\/a><\/blockquote> <script async src=\"https:\/\/platform.twitter.com\/widgets.js\" charset=\"utf-8\"><\/script>\n\n\n\n<p>Prije nekoliko dana danski je reprezentativac na dodjeli nagrade Zlatne lopte primio i posebno priznanje jer je prvi usko\u010dio u pomo\u0107<strong>&nbsp;Christianu Eriksenu<\/strong>&nbsp;pri sr\u010danom udaru na Europskom prvenstvu.<br><br>Tako\u0111er, skupio je osam bodova na glasanju za dobitnika Zlatne lopte i tako zauzeo 18. mjesto u poretku za nagradu.<\/p>\n\n\n\n<p>Izvor:hrt.hr<\/p>\n","protected":false},"excerpt":{"rendered":"<p>Trenuta\u010dno drugoplasirani sastav talijanskog nogometnog prvenstva Milan objavio je kako \u0107e sljede\u0107ih nekoliko mjeseci biti bez pouzdanog stopera, kapetana danske reprezentacije Simona Kjaera (32) zbog ozljede lijevog koljena koju je zadobio tijekom susreta protiv Genoe u srijedu. Kjaer je s travnjaka iznesen na nosilima te \u0107e se u petak morati podvrgnuti operaciji. Oh god&#8230; Simon [&hellip;]<\/p>\n","protected":false},"author":2,"featured_media":0,"comment_status":"closed","ping_status":"closed","sticky":false,"template":"","format":"standard","meta":{"h5ap_radio_sources":[],"footnotes":""},"categories":[7],"tags":[],"class_list":["post-95465","post","type-post","status-publish","format-standard","hentry","category-sport"],"yoast_head":"<!-- This site is optimized with the Yoast SEO plugin v27.4 - https:\/\/yoast.com\/product\/yoast-seo-wordpress\/ -->\n<title>Te\u017eak udarac u obrani: Milan bez Kjaera nekoliko mjeseci - RADIO LJUBU\u0160KI<\/title>\n<meta name=\"robots\" content=\"index, follow, max-snippet:-1, max-image-preview:large, max-video-preview:-1\" \/>\n<link rel=\"canonical\" href=\"https:\/\/radioljubuski.ba\/index.php\/2021\/12\/03\/tezak-udarac-u-obrani-milan-bez-kjaera-nekoliko-mjeseci\/\" \/>\n<meta property=\"og:locale\" content=\"hr_HR\" \/>\n<meta property=\"og:type\" content=\"article\" \/>\n<meta property=\"og:title\" content=\"Te\u017eak udarac u obrani: Milan bez Kjaera nekoliko mjeseci - RADIO LJUBU\u0160KI\" \/>\n<meta property=\"og:description\" content=\"Trenuta\u010dno drugoplasirani sastav talijanskog nogometnog prvenstva Milan objavio je kako \u0107e sljede\u0107ih nekoliko mjeseci biti bez pouzdanog stopera, kapetana danske reprezentacije Simona Kjaera (32) zbog ozljede lijevog koljena koju je zadobio tijekom susreta protiv Genoe u srijedu. Kjaer je s travnjaka iznesen na nosilima te \u0107e se u petak morati podvrgnuti operaciji. Oh god&#8230; Simon [&hellip;]\" \/>\n<meta property=\"og:url\" content=\"https:\/\/radioljubuski.ba\/index.php\/2021\/12\/03\/tezak-udarac-u-obrani-milan-bez-kjaera-nekoliko-mjeseci\/\" \/>\n<meta property=\"og:site_name\" content=\"RADIO LJUBU\u0160KI\" \/>\n<meta property=\"article:publisher\" content=\"https:\/\/www.facebook.com\/Radiio-Ljubuski-1490835324566332\" \/>\n<meta property=\"article:published_time\" content=\"2021-12-03T15:20:43+00:00\" \/>\n<meta property=\"article:modified_time\" content=\"2021-12-03T15:20:45+00:00\" \/>\n<meta property=\"og:image\" content=\"https:\/\/radioljubuski.ba\/wp-content\/uploads\/2021\/12\/2021-12-01t205340z-1718415222-up1ehc11m1end-rtrmadp-3-soccer-italy-gen-mil-report-20211202165545.jpg\" \/>\n\t<meta property=\"og:image:width\" content=\"1203\" \/>\n\t<meta property=\"og:image:height\" content=\"838\" \/>\n\t<meta property=\"og:image:type\" content=\"image\/jpeg\" \/>\n<meta name=\"author\" content=\"Radio Ljubu\u0161ki\" \/>\n<meta name=\"twitter:card\" content=\"summary_large_image\" \/>\n<meta name=\"twitter:creator\" content=\"@radioljubuski\" \/>\n<meta name=\"twitter:site\" content=\"@radioljubuski\" \/>\n<meta name=\"twitter:label1\" content=\"Napisao\/la\" \/>\n\t<meta name=\"twitter:data1\" content=\"Radio Ljubu\u0161ki\" \/>\n\t<meta name=\"twitter:label2\" content=\"Procijenjeno vrijeme \u010ditanja\" \/>\n\t<meta name=\"twitter:data2\" content=\"1 minuta\" \/>\n<script type=\"application\/ld+json\" class=\"yoast-schema-graph\">{\"@context\":\"https:\\\/\\\/schema.org\",\"@graph\":[{\"@type\":\"Article\",\"@id\":\"https:\\\/\\\/radioljubuski.ba\\\/index.php\\\/2021\\\/12\\\/03\\\/tezak-udarac-u-obrani-milan-bez-kjaera-nekoliko-mjeseci\\\/#article\",\"isPartOf\":{\"@id\":\"https:\\\/\\\/radioljubuski.ba\\\/index.php\\\/2021\\\/12\\\/03\\\/tezak-udarac-u-obrani-milan-bez-kjaera-nekoliko-mjeseci\\\/\"},\"author\":{\"name\":\"Radio Ljubu\u0161ki\",\"@id\":\"https:\\\/\\\/radioljubuski.ba\\\/#\\\/schema\\\/person\\\/19fc700381a780f69665d7956c469e3b\"},\"headline\":\"Te\u017eak udarac u obrani: Milan bez Kjaera nekoliko mjeseci\",\"datePublished\":\"2021-12-03T15:20:43+00:00\",\"dateModified\":\"2021-12-03T15:20:45+00:00\",\"mainEntityOfPage\":{\"@id\":\"https:\\\/\\\/radioljubuski.ba\\\/index.php\\\/2021\\\/12\\\/03\\\/tezak-udarac-u-obrani-milan-bez-kjaera-nekoliko-mjeseci\\\/\"},\"wordCount\":154,\"publisher\":{\"@id\":\"https:\\\/\\\/radioljubuski.ba\\\/#organization\"},\"articleSection\":[\"\u0160port\"],\"inLanguage\":\"hr\"},{\"@type\":\"WebPage\",\"@id\":\"https:\\\/\\\/radioljubuski.ba\\\/index.php\\\/2021\\\/12\\\/03\\\/tezak-udarac-u-obrani-milan-bez-kjaera-nekoliko-mjeseci\\\/\",\"url\":\"https:\\\/\\\/radioljubuski.ba\\\/index.php\\\/2021\\\/12\\\/03\\\/tezak-udarac-u-obrani-milan-bez-kjaera-nekoliko-mjeseci\\\/\",\"name\":\"Te\u017eak udarac u obrani: Milan bez Kjaera nekoliko mjeseci - RADIO LJUBU\u0160KI\",\"isPartOf\":{\"@id\":\"https:\\\/\\\/radioljubuski.ba\\\/#website\"},\"datePublished\":\"2021-12-03T15:20:43+00:00\",\"dateModified\":\"2021-12-03T15:20:45+00:00\",\"breadcrumb\":{\"@id\":\"https:\\\/\\\/radioljubuski.ba\\\/index.php\\\/2021\\\/12\\\/03\\\/tezak-udarac-u-obrani-milan-bez-kjaera-nekoliko-mjeseci\\\/#breadcrumb\"},\"inLanguage\":\"hr\",\"potentialAction\":[{\"@type\":\"ReadAction\",\"target\":[\"https:\\\/\\\/radioljubuski.ba\\\/index.php\\\/2021\\\/12\\\/03\\\/tezak-udarac-u-obrani-milan-bez-kjaera-nekoliko-mjeseci\\\/\"]}]},{\"@type\":\"BreadcrumbList\",\"@id\":\"https:\\\/\\\/radioljubuski.ba\\\/index.php\\\/2021\\\/12\\\/03\\\/tezak-udarac-u-obrani-milan-bez-kjaera-nekoliko-mjeseci\\\/#breadcrumb\",\"itemListElement\":[{\"@type\":\"ListItem\",\"position\":1,\"name\":\"Po\u010detna stranica\",\"item\":\"https:\\\/\\\/radioljubuski.ba\\\/\"},{\"@type\":\"ListItem\",\"position\":2,\"name\":\"Te\u017eak udarac u obrani: Milan bez Kjaera nekoliko mjeseci\"}]},{\"@type\":\"WebSite\",\"@id\":\"https:\\\/\\\/radioljubuski.ba\\\/#website\",\"url\":\"https:\\\/\\\/radioljubuski.ba\\\/\",\"name\":\"Radio Ljubu\u0161ki\",\"description\":\"Sun\u010dana frekvencija Hercegovine\",\"publisher\":{\"@id\":\"https:\\\/\\\/radioljubuski.ba\\\/#organization\"},\"potentialAction\":[{\"@type\":\"SearchAction\",\"target\":{\"@type\":\"EntryPoint\",\"urlTemplate\":\"https:\\\/\\\/radioljubuski.ba\\\/?s={search_term_string}\"},\"query-input\":{\"@type\":\"PropertyValueSpecification\",\"valueRequired\":true,\"valueName\":\"search_term_string\"}}],\"inLanguage\":\"hr\"},{\"@type\":\"Organization\",\"@id\":\"https:\\\/\\\/radioljubuski.ba\\\/#organization\",\"name\":\"Radio Ljubu\u0161ki\",\"url\":\"https:\\\/\\\/radioljubuski.ba\\\/\",\"logo\":{\"@type\":\"ImageObject\",\"inLanguage\":\"hr\",\"@id\":\"https:\\\/\\\/radioljubuski.ba\\\/#\\\/schema\\\/logo\\\/image\\\/\",\"url\":\"https:\\\/\\\/radioljubuski.ba\\\/wp-content\\\/uploads\\\/2021\\\/02\\\/cropped-Radio_Ljubuski_logo1.jpg\",\"contentUrl\":\"https:\\\/\\\/radioljubuski.ba\\\/wp-content\\\/uploads\\\/2021\\\/02\\\/cropped-Radio_Ljubuski_logo1.jpg\",\"width\":512,\"height\":512,\"caption\":\"Radio Ljubu\u0161ki\"},\"image\":{\"@id\":\"https:\\\/\\\/radioljubuski.ba\\\/#\\\/schema\\\/logo\\\/image\\\/\"},\"sameAs\":[\"https:\\\/\\\/www.facebook.com\\\/Radiio-Ljubuski-1490835324566332\",\"https:\\\/\\\/x.com\\\/radioljubuski\",\"https:\\\/\\\/hr.linkedin.com\\\/company\\\/radio-ljubuski\",\"https:\\\/\\\/www.youtube.com\\\/channel\\\/UCHYaeO_n0Db3tjNGudGpXyw\"]},{\"@type\":\"Person\",\"@id\":\"https:\\\/\\\/radioljubuski.ba\\\/#\\\/schema\\\/person\\\/19fc700381a780f69665d7956c469e3b\",\"name\":\"Radio Ljubu\u0161ki\"}]}<\/script>\n<!-- \/ Yoast SEO plugin. -->","yoast_head_json":{"title":"Te\u017eak udarac u obrani: Milan bez Kjaera nekoliko mjeseci - RADIO LJUBU\u0160KI","robots":{"index":"index","follow":"follow","max-snippet":"max-snippet:-1","max-image-preview":"max-image-preview:large","max-video-preview":"max-video-preview:-1"},"canonical":"https:\/\/radioljubuski.ba\/index.php\/2021\/12\/03\/tezak-udarac-u-obrani-milan-bez-kjaera-nekoliko-mjeseci\/","og_locale":"hr_HR","og_type":"article","og_title":"Te\u017eak udarac u obrani: Milan bez Kjaera nekoliko mjeseci - RADIO LJUBU\u0160KI","og_description":"Trenuta\u010dno drugoplasirani sastav talijanskog nogometnog prvenstva Milan objavio je kako \u0107e sljede\u0107ih nekoliko mjeseci biti bez pouzdanog stopera, kapetana danske reprezentacije Simona Kjaera (32) zbog ozljede lijevog koljena koju je zadobio tijekom susreta protiv Genoe u srijedu. Kjaer je s travnjaka iznesen na nosilima te \u0107e se u petak morati podvrgnuti operaciji. Oh god&#8230; Simon [&hellip;]","og_url":"https:\/\/radioljubuski.ba\/index.php\/2021\/12\/03\/tezak-udarac-u-obrani-milan-bez-kjaera-nekoliko-mjeseci\/","og_site_name":"RADIO LJUBU\u0160KI","article_publisher":"https:\/\/www.facebook.com\/Radiio-Ljubuski-1490835324566332","article_published_time":"2021-12-03T15:20:43+00:00","article_modified_time":"2021-12-03T15:20:45+00:00","og_image":[{"width":1203,"height":838,"url":"https:\/\/radioljubuski.ba\/wp-content\/uploads\/2021\/12\/2021-12-01t205340z-1718415222-up1ehc11m1end-rtrmadp-3-soccer-italy-gen-mil-report-20211202165545.jpg","type":"image\/jpeg"}],"author":"Radio Ljubu\u0161ki","twitter_card":"summary_large_image","twitter_creator":"@radioljubuski","twitter_site":"@radioljubuski","twitter_misc":{"Napisao\/la":"Radio Ljubu\u0161ki","Procijenjeno vrijeme \u010ditanja":"1 minuta"},"schema":{"@context":"https:\/\/schema.org","@graph":[{"@type":"Article","@id":"https:\/\/radioljubuski.ba\/index.php\/2021\/12\/03\/tezak-udarac-u-obrani-milan-bez-kjaera-nekoliko-mjeseci\/#article","isPartOf":{"@id":"https:\/\/radioljubuski.ba\/index.php\/2021\/12\/03\/tezak-udarac-u-obrani-milan-bez-kjaera-nekoliko-mjeseci\/"},"author":{"name":"Radio Ljubu\u0161ki","@id":"https:\/\/radioljubuski.ba\/#\/schema\/person\/19fc700381a780f69665d7956c469e3b"},"headline":"Te\u017eak udarac u obrani: Milan bez Kjaera nekoliko mjeseci","datePublished":"2021-12-03T15:20:43+00:00","dateModified":"2021-12-03T15:20:45+00:00","mainEntityOfPage":{"@id":"https:\/\/radioljubuski.ba\/index.php\/2021\/12\/03\/tezak-udarac-u-obrani-milan-bez-kjaera-nekoliko-mjeseci\/"},"wordCount":154,"publisher":{"@id":"https:\/\/radioljubuski.ba\/#organization"},"articleSection":["\u0160port"],"inLanguage":"hr"},{"@type":"WebPage","@id":"https:\/\/radioljubuski.ba\/index.php\/2021\/12\/03\/tezak-udarac-u-obrani-milan-bez-kjaera-nekoliko-mjeseci\/","url":"https:\/\/radioljubuski.ba\/index.php\/2021\/12\/03\/tezak-udarac-u-obrani-milan-bez-kjaera-nekoliko-mjeseci\/","name":"Te\u017eak udarac u obrani: Milan bez Kjaera nekoliko mjeseci - RADIO LJUBU\u0160KI","isPartOf":{"@id":"https:\/\/radioljubuski.ba\/#website"},"datePublished":"2021-12-03T15:20:43+00:00","dateModified":"2021-12-03T15:20:45+00:00","breadcrumb":{"@id":"https:\/\/radioljubuski.ba\/index.php\/2021\/12\/03\/tezak-udarac-u-obrani-milan-bez-kjaera-nekoliko-mjeseci\/#breadcrumb"},"inLanguage":"hr","potentialAction":[{"@type":"ReadAction","target":["https:\/\/radioljubuski.ba\/index.php\/2021\/12\/03\/tezak-udarac-u-obrani-milan-bez-kjaera-nekoliko-mjeseci\/"]}]},{"@type":"BreadcrumbList","@id":"https:\/\/radioljubuski.ba\/index.php\/2021\/12\/03\/tezak-udarac-u-obrani-milan-bez-kjaera-nekoliko-mjeseci\/#breadcrumb","itemListElement":[{"@type":"ListItem","position":1,"name":"Po\u010detna stranica","item":"https:\/\/radioljubuski.ba\/"},{"@type":"ListItem","position":2,"name":"Te\u017eak udarac u obrani: Milan bez Kjaera nekoliko mjeseci"}]},{"@type":"WebSite","@id":"https:\/\/radioljubuski.ba\/#website","url":"https:\/\/radioljubuski.ba\/","name":"Radio Ljubu\u0161ki","description":"Sun\u010dana frekvencija Hercegovine","publisher":{"@id":"https:\/\/radioljubuski.ba\/#organization"},"potentialAction":[{"@type":"SearchAction","target":{"@type":"EntryPoint","urlTemplate":"https:\/\/radioljubuski.ba\/?s={search_term_string}"},"query-input":{"@type":"PropertyValueSpecification","valueRequired":true,"valueName":"search_term_string"}}],"inLanguage":"hr"},{"@type":"Organization","@id":"https:\/\/radioljubuski.ba\/#organization","name":"Radio Ljubu\u0161ki","url":"https:\/\/radioljubuski.ba\/","logo":{"@type":"ImageObject","inLanguage":"hr","@id":"https:\/\/radioljubuski.ba\/#\/schema\/logo\/image\/","url":"https:\/\/radioljubuski.ba\/wp-content\/uploads\/2021\/02\/cropped-Radio_Ljubuski_logo1.jpg","contentUrl":"https:\/\/radioljubuski.ba\/wp-content\/uploads\/2021\/02\/cropped-Radio_Ljubuski_logo1.jpg","width":512,"height":512,"caption":"Radio Ljubu\u0161ki"},"image":{"@id":"https:\/\/radioljubuski.ba\/#\/schema\/logo\/image\/"},"sameAs":["https:\/\/www.facebook.com\/Radiio-Ljubuski-1490835324566332","https:\/\/x.com\/radioljubuski","https:\/\/hr.linkedin.com\/company\/radio-ljubuski","https:\/\/www.youtube.com\/channel\/UCHYaeO_n0Db3tjNGudGpXyw"]},{"@type":"Person","@id":"https:\/\/radioljubuski.ba\/#\/schema\/person\/19fc700381a780f69665d7956c469e3b","name":"Radio Ljubu\u0161ki"}]}},"_links":{"self":[{"href":"https:\/\/radioljubuski.ba\/index.php\/wp-json\/wp\/v2\/posts\/95465","targetHints":{"allow":["GET"]}}],"collection":[{"href":"https:\/\/radioljubuski.ba\/index.php\/wp-json\/wp\/v2\/posts"}],"about":[{"href":"https:\/\/radioljubuski.ba\/index.php\/wp-json\/wp\/v2\/types\/post"}],"author":[{"embeddable":true,"href":"https:\/\/radioljubuski.ba\/index.php\/wp-json\/wp\/v2\/users\/2"}],"replies":[{"embeddable":true,"href":"https:\/\/radioljubuski.ba\/index.php\/wp-json\/wp\/v2\/comments?post=95465"}],"version-history":[{"count":1,"href":"https:\/\/radioljubuski.ba\/index.php\/wp-json\/wp\/v2\/posts\/95465\/revisions"}],"predecessor-version":[{"id":95467,"href":"https:\/\/radioljubuski.ba\/index.php\/wp-json\/wp\/v2\/posts\/95465\/revisions\/95467"}],"wp:attachment":[{"href":"https:\/\/radioljubuski.ba\/index.php\/wp-json\/wp\/v2\/media?parent=95465"}],"wp:term":[{"taxonomy":"category","embeddable":true,"href":"https:\/\/radioljubuski.ba\/index.php\/wp-json\/wp\/v2\/categories?post=95465"},{"taxonomy":"post_tag","embeddable":true,"href":"https:\/\/radioljubuski.ba\/index.php\/wp-json\/wp\/v2\/tags?post=95465"}],"curies":[{"name":"wp","href":"https:\/\/api.w.org\/{rel}","templated":true}]}}