{"id":95468,"date":"2021-12-03T16:22:12","date_gmt":"2021-12-03T15:22:12","guid":{"rendered":"https:\/\/radioljubuski.ba\/?p=95468"},"modified":"2021-12-03T16:22:13","modified_gmt":"2021-12-03T15:22:13","slug":"pjaca-sjajno-zabio-za-torino-pa-morao-izaci-iz-igre","status":"publish","type":"post","link":"https:\/\/radioljubuski.ba\/index.php\/2021\/12\/03\/pjaca-sjajno-zabio-za-torino-pa-morao-izaci-iz-igre\/","title":{"rendered":"Pjaca sjajno zabio za Torino pa morao iza\u0107i iz igre"},"content":{"rendered":"\n<p><strong>Hrvatski nogometa\u0161 Marko Pjaca upisao se me\u0111u strijelce na utakmici 15. kola talijanskog prvenstva izme\u0111u Torina i Empolija.<\/strong><\/p>\n\n\n\n<p>Nakon \u0161to je\u00a0<strong>Pobega\u00a0<\/strong>doveo Torino u vodstvo u 10. minuti na scenu stupa\u00a0<strong>Pjaca<\/strong>. Hrvatski krilni napada\u010d, \u010diju su karijeru dosad najvi\u0161e obilje\u017eile ozljede, primio je loptu na lijevoj strani nakon dodavanja\u00a0<strong>Buongiorna<\/strong>, krenuo u prodor prema sredini i precizno pogodio kut vratara gostiju za 2:0.<\/p>\n\n\n\n<blockquote class=\"twitter-tweet\"><p lang=\"en\" dir=\"ltr\">3 &#8211; In nine matches played this season, Marko Pjaca has already equalled his best tally of goals scored in a single Serie A campaign: three goals, as in 2020\/21 (35 appearances). Improvement.<a href=\"https:\/\/twitter.com\/hashtag\/SerieA?src=hash&amp;ref_src=twsrc%5Etfw\">#SerieA<\/a> <a href=\"https:\/\/twitter.com\/hashtag\/TorinoEmpoli?src=hash&amp;ref_src=twsrc%5Etfw\">#TorinoEmpoli<\/a><\/p>&mdash; OptaPaolo \ud83c\udfc6 (@OptaPaolo) <a href=\"https:\/\/twitter.com\/OptaPaolo\/status\/1466465044066193411?ref_src=twsrc%5Etfw\">December 2, 2021<\/a><\/blockquote> <script async src=\"https:\/\/platform.twitter.com\/widgets.js\" charset=\"utf-8\"><\/script>\n\n\n\n<p>Bio je to njegov tre\u0107i pogodak ove sezone. Iako je bio me\u0111u boljim pojedincima, nakon \u0161to je Torino dobio crveni karton, trener&nbsp;<strong>Ivan Juri\u0107<\/strong>&nbsp;odlu\u010dio je povu\u0107i Pjacu iz igre umjesto&nbsp;<strong>Vojvode<\/strong>.<br><br>Hrvatski reprezentativac&nbsp;<strong>Josip Brekalo<\/strong>&nbsp;ostao je na klupi Torina. Empoli je na kraju do\u0161ao do izjedna\u010denja, iskoristio isklju\u010denje&nbsp;<strong>Singa<\/strong>, i utakmica je zavr\u0161ila bez pobjednika 2:2.<br><br>Prvo je&nbsp;<strong>Romagnoli&nbsp;<\/strong>smanjio prednost Torina u 34. minuti, a kona\u010dni rezultat postavio je&nbsp;<strong>La Mantia<\/strong>&nbsp;u 72. minuti.<br><br>Torino se nalazi na 13. mjestu s 18 bodova, dok je Empoli 11. s 20.<\/p>\n\n\n\n<p>Izvor:hrt.hr<\/p>\n","protected":false},"excerpt":{"rendered":"<p>Hrvatski nogometa\u0161 Marko Pjaca upisao se me\u0111u strijelce na utakmici 15. kola talijanskog prvenstva izme\u0111u Torina i Empolija. Nakon \u0161to je\u00a0Pobega\u00a0doveo Torino u vodstvo u 10. minuti na scenu stupa\u00a0Pjaca. Hrvatski krilni napada\u010d, \u010diju su karijeru dosad najvi\u0161e obilje\u017eile ozljede, primio je loptu na lijevoj strani nakon dodavanja\u00a0Buongiorna, krenuo u prodor prema sredini i precizno [&hellip;]<\/p>\n","protected":false},"author":2,"featured_media":95469,"comment_status":"closed","ping_status":"closed","sticky":false,"template":"","format":"standard","meta":{"h5ap_radio_sources":[],"footnotes":""},"categories":[7],"tags":[],"class_list":["post-95468","post","type-post","status-publish","format-standard","has-post-thumbnail","hentry","category-sport"],"yoast_head":"<!-- This site is optimized with the Yoast SEO plugin v27.4 - https:\/\/yoast.com\/product\/yoast-seo-wordpress\/ -->\n<title>Pjaca sjajno zabio za Torino pa morao iza\u0107i iz igre - RADIO LJUBU\u0160KI<\/title>\n<meta name=\"robots\" content=\"index, follow, max-snippet:-1, max-image-preview:large, max-video-preview:-1\" \/>\n<link rel=\"canonical\" href=\"https:\/\/radioljubuski.ba\/index.php\/2021\/12\/03\/pjaca-sjajno-zabio-za-torino-pa-morao-izaci-iz-igre\/\" \/>\n<meta property=\"og:locale\" content=\"hr_HR\" \/>\n<meta property=\"og:type\" content=\"article\" \/>\n<meta property=\"og:title\" content=\"Pjaca sjajno zabio za Torino pa morao iza\u0107i iz igre - RADIO LJUBU\u0160KI\" \/>\n<meta property=\"og:description\" content=\"Hrvatski nogometa\u0161 Marko Pjaca upisao se me\u0111u strijelce na utakmici 15. kola talijanskog prvenstva izme\u0111u Torina i Empolija. Nakon \u0161to je\u00a0Pobega\u00a0doveo Torino u vodstvo u 10. minuti na scenu stupa\u00a0Pjaca. Hrvatski krilni napada\u010d, \u010diju su karijeru dosad najvi\u0161e obilje\u017eile ozljede, primio je loptu na lijevoj strani nakon dodavanja\u00a0Buongiorna, krenuo u prodor prema sredini i precizno [&hellip;]\" \/>\n<meta property=\"og:url\" content=\"https:\/\/radioljubuski.ba\/index.php\/2021\/12\/03\/pjaca-sjajno-zabio-za-torino-pa-morao-izaci-iz-igre\/\" \/>\n<meta property=\"og:site_name\" content=\"RADIO LJUBU\u0160KI\" \/>\n<meta property=\"article:publisher\" content=\"https:\/\/www.facebook.com\/Radiio-Ljubuski-1490835324566332\" \/>\n<meta property=\"article:published_time\" content=\"2021-12-03T15:22:12+00:00\" \/>\n<meta property=\"article:modified_time\" content=\"2021-12-03T15:22:13+00:00\" \/>\n<meta property=\"og:image\" content=\"https:\/\/radioljubuski.ba\/wp-content\/uploads\/2021\/12\/preuzmi-6.jpg\" \/>\n\t<meta property=\"og:image:width\" content=\"275\" \/>\n\t<meta property=\"og:image:height\" content=\"183\" \/>\n\t<meta property=\"og:image:type\" content=\"image\/jpeg\" \/>\n<meta name=\"author\" content=\"Radio Ljubu\u0161ki\" \/>\n<meta name=\"twitter:card\" content=\"summary_large_image\" \/>\n<meta name=\"twitter:creator\" content=\"@radioljubuski\" \/>\n<meta name=\"twitter:site\" content=\"@radioljubuski\" \/>\n<meta name=\"twitter:label1\" content=\"Napisao\/la\" \/>\n\t<meta name=\"twitter:data1\" content=\"Radio Ljubu\u0161ki\" \/>\n\t<meta name=\"twitter:label2\" content=\"Procijenjeno vrijeme \u010ditanja\" \/>\n\t<meta name=\"twitter:data2\" content=\"1 minuta\" \/>\n<script type=\"application\/ld+json\" class=\"yoast-schema-graph\">{\"@context\":\"https:\\\/\\\/schema.org\",\"@graph\":[{\"@type\":\"Article\",\"@id\":\"https:\\\/\\\/radioljubuski.ba\\\/index.php\\\/2021\\\/12\\\/03\\\/pjaca-sjajno-zabio-za-torino-pa-morao-izaci-iz-igre\\\/#article\",\"isPartOf\":{\"@id\":\"https:\\\/\\\/radioljubuski.ba\\\/index.php\\\/2021\\\/12\\\/03\\\/pjaca-sjajno-zabio-za-torino-pa-morao-izaci-iz-igre\\\/\"},\"author\":{\"name\":\"Radio Ljubu\u0161ki\",\"@id\":\"https:\\\/\\\/radioljubuski.ba\\\/#\\\/schema\\\/person\\\/19fc700381a780f69665d7956c469e3b\"},\"headline\":\"Pjaca sjajno zabio za Torino pa morao iza\u0107i iz igre\",\"datePublished\":\"2021-12-03T15:22:12+00:00\",\"dateModified\":\"2021-12-03T15:22:13+00:00\",\"mainEntityOfPage\":{\"@id\":\"https:\\\/\\\/radioljubuski.ba\\\/index.php\\\/2021\\\/12\\\/03\\\/pjaca-sjajno-zabio-za-torino-pa-morao-izaci-iz-igre\\\/\"},\"wordCount\":220,\"publisher\":{\"@id\":\"https:\\\/\\\/radioljubuski.ba\\\/#organization\"},\"image\":{\"@id\":\"https:\\\/\\\/radioljubuski.ba\\\/index.php\\\/2021\\\/12\\\/03\\\/pjaca-sjajno-zabio-za-torino-pa-morao-izaci-iz-igre\\\/#primaryimage\"},\"thumbnailUrl\":\"https:\\\/\\\/radioljubuski.ba\\\/wp-content\\\/uploads\\\/2021\\\/12\\\/preuzmi-6.jpg\",\"articleSection\":[\"\u0160port\"],\"inLanguage\":\"hr\"},{\"@type\":\"WebPage\",\"@id\":\"https:\\\/\\\/radioljubuski.ba\\\/index.php\\\/2021\\\/12\\\/03\\\/pjaca-sjajno-zabio-za-torino-pa-morao-izaci-iz-igre\\\/\",\"url\":\"https:\\\/\\\/radioljubuski.ba\\\/index.php\\\/2021\\\/12\\\/03\\\/pjaca-sjajno-zabio-za-torino-pa-morao-izaci-iz-igre\\\/\",\"name\":\"Pjaca sjajno zabio za Torino pa morao iza\u0107i iz igre - RADIO LJUBU\u0160KI\",\"isPartOf\":{\"@id\":\"https:\\\/\\\/radioljubuski.ba\\\/#website\"},\"primaryImageOfPage\":{\"@id\":\"https:\\\/\\\/radioljubuski.ba\\\/index.php\\\/2021\\\/12\\\/03\\\/pjaca-sjajno-zabio-za-torino-pa-morao-izaci-iz-igre\\\/#primaryimage\"},\"image\":{\"@id\":\"https:\\\/\\\/radioljubuski.ba\\\/index.php\\\/2021\\\/12\\\/03\\\/pjaca-sjajno-zabio-za-torino-pa-morao-izaci-iz-igre\\\/#primaryimage\"},\"thumbnailUrl\":\"https:\\\/\\\/radioljubuski.ba\\\/wp-content\\\/uploads\\\/2021\\\/12\\\/preuzmi-6.jpg\",\"datePublished\":\"2021-12-03T15:22:12+00:00\",\"dateModified\":\"2021-12-03T15:22:13+00:00\",\"breadcrumb\":{\"@id\":\"https:\\\/\\\/radioljubuski.ba\\\/index.php\\\/2021\\\/12\\\/03\\\/pjaca-sjajno-zabio-za-torino-pa-morao-izaci-iz-igre\\\/#breadcrumb\"},\"inLanguage\":\"hr\",\"potentialAction\":[{\"@type\":\"ReadAction\",\"target\":[\"https:\\\/\\\/radioljubuski.ba\\\/index.php\\\/2021\\\/12\\\/03\\\/pjaca-sjajno-zabio-za-torino-pa-morao-izaci-iz-igre\\\/\"]}]},{\"@type\":\"ImageObject\",\"inLanguage\":\"hr\",\"@id\":\"https:\\\/\\\/radioljubuski.ba\\\/index.php\\\/2021\\\/12\\\/03\\\/pjaca-sjajno-zabio-za-torino-pa-morao-izaci-iz-igre\\\/#primaryimage\",\"url\":\"https:\\\/\\\/radioljubuski.ba\\\/wp-content\\\/uploads\\\/2021\\\/12\\\/preuzmi-6.jpg\",\"contentUrl\":\"https:\\\/\\\/radioljubuski.ba\\\/wp-content\\\/uploads\\\/2021\\\/12\\\/preuzmi-6.jpg\",\"width\":275,\"height\":183},{\"@type\":\"BreadcrumbList\",\"@id\":\"https:\\\/\\\/radioljubuski.ba\\\/index.php\\\/2021\\\/12\\\/03\\\/pjaca-sjajno-zabio-za-torino-pa-morao-izaci-iz-igre\\\/#breadcrumb\",\"itemListElement\":[{\"@type\":\"ListItem\",\"position\":1,\"name\":\"Po\u010detna stranica\",\"item\":\"https:\\\/\\\/radioljubuski.ba\\\/\"},{\"@type\":\"ListItem\",\"position\":2,\"name\":\"Pjaca sjajno zabio za Torino pa morao iza\u0107i iz igre\"}]},{\"@type\":\"WebSite\",\"@id\":\"https:\\\/\\\/radioljubuski.ba\\\/#website\",\"url\":\"https:\\\/\\\/radioljubuski.ba\\\/\",\"name\":\"Radio Ljubu\u0161ki\",\"description\":\"Sun\u010dana frekvencija Hercegovine\",\"publisher\":{\"@id\":\"https:\\\/\\\/radioljubuski.ba\\\/#organization\"},\"potentialAction\":[{\"@type\":\"SearchAction\",\"target\":{\"@type\":\"EntryPoint\",\"urlTemplate\":\"https:\\\/\\\/radioljubuski.ba\\\/?s={search_term_string}\"},\"query-input\":{\"@type\":\"PropertyValueSpecification\",\"valueRequired\":true,\"valueName\":\"search_term_string\"}}],\"inLanguage\":\"hr\"},{\"@type\":\"Organization\",\"@id\":\"https:\\\/\\\/radioljubuski.ba\\\/#organization\",\"name\":\"Radio Ljubu\u0161ki\",\"url\":\"https:\\\/\\\/radioljubuski.ba\\\/\",\"logo\":{\"@type\":\"ImageObject\",\"inLanguage\":\"hr\",\"@id\":\"https:\\\/\\\/radioljubuski.ba\\\/#\\\/schema\\\/logo\\\/image\\\/\",\"url\":\"https:\\\/\\\/radioljubuski.ba\\\/wp-content\\\/uploads\\\/2021\\\/02\\\/cropped-Radio_Ljubuski_logo1.jpg\",\"contentUrl\":\"https:\\\/\\\/radioljubuski.ba\\\/wp-content\\\/uploads\\\/2021\\\/02\\\/cropped-Radio_Ljubuski_logo1.jpg\",\"width\":512,\"height\":512,\"caption\":\"Radio Ljubu\u0161ki\"},\"image\":{\"@id\":\"https:\\\/\\\/radioljubuski.ba\\\/#\\\/schema\\\/logo\\\/image\\\/\"},\"sameAs\":[\"https:\\\/\\\/www.facebook.com\\\/Radiio-Ljubuski-1490835324566332\",\"https:\\\/\\\/x.com\\\/radioljubuski\",\"https:\\\/\\\/hr.linkedin.com\\\/company\\\/radio-ljubuski\",\"https:\\\/\\\/www.youtube.com\\\/channel\\\/UCHYaeO_n0Db3tjNGudGpXyw\"]},{\"@type\":\"Person\",\"@id\":\"https:\\\/\\\/radioljubuski.ba\\\/#\\\/schema\\\/person\\\/19fc700381a780f69665d7956c469e3b\",\"name\":\"Radio Ljubu\u0161ki\"}]}<\/script>\n<!-- \/ Yoast SEO plugin. -->","yoast_head_json":{"title":"Pjaca sjajno zabio za Torino pa morao iza\u0107i iz igre - RADIO LJUBU\u0160KI","robots":{"index":"index","follow":"follow","max-snippet":"max-snippet:-1","max-image-preview":"max-image-preview:large","max-video-preview":"max-video-preview:-1"},"canonical":"https:\/\/radioljubuski.ba\/index.php\/2021\/12\/03\/pjaca-sjajno-zabio-za-torino-pa-morao-izaci-iz-igre\/","og_locale":"hr_HR","og_type":"article","og_title":"Pjaca sjajno zabio za Torino pa morao iza\u0107i iz igre - RADIO LJUBU\u0160KI","og_description":"Hrvatski nogometa\u0161 Marko Pjaca upisao se me\u0111u strijelce na utakmici 15. kola talijanskog prvenstva izme\u0111u Torina i Empolija. Nakon \u0161to je\u00a0Pobega\u00a0doveo Torino u vodstvo u 10. minuti na scenu stupa\u00a0Pjaca. Hrvatski krilni napada\u010d, \u010diju su karijeru dosad najvi\u0161e obilje\u017eile ozljede, primio je loptu na lijevoj strani nakon dodavanja\u00a0Buongiorna, krenuo u prodor prema sredini i precizno [&hellip;]","og_url":"https:\/\/radioljubuski.ba\/index.php\/2021\/12\/03\/pjaca-sjajno-zabio-za-torino-pa-morao-izaci-iz-igre\/","og_site_name":"RADIO LJUBU\u0160KI","article_publisher":"https:\/\/www.facebook.com\/Radiio-Ljubuski-1490835324566332","article_published_time":"2021-12-03T15:22:12+00:00","article_modified_time":"2021-12-03T15:22:13+00:00","og_image":[{"width":275,"height":183,"url":"https:\/\/radioljubuski.ba\/wp-content\/uploads\/2021\/12\/preuzmi-6.jpg","type":"image\/jpeg"}],"author":"Radio Ljubu\u0161ki","twitter_card":"summary_large_image","twitter_creator":"@radioljubuski","twitter_site":"@radioljubuski","twitter_misc":{"Napisao\/la":"Radio Ljubu\u0161ki","Procijenjeno vrijeme \u010ditanja":"1 minuta"},"schema":{"@context":"https:\/\/schema.org","@graph":[{"@type":"Article","@id":"https:\/\/radioljubuski.ba\/index.php\/2021\/12\/03\/pjaca-sjajno-zabio-za-torino-pa-morao-izaci-iz-igre\/#article","isPartOf":{"@id":"https:\/\/radioljubuski.ba\/index.php\/2021\/12\/03\/pjaca-sjajno-zabio-za-torino-pa-morao-izaci-iz-igre\/"},"author":{"name":"Radio Ljubu\u0161ki","@id":"https:\/\/radioljubuski.ba\/#\/schema\/person\/19fc700381a780f69665d7956c469e3b"},"headline":"Pjaca sjajno zabio za Torino pa morao iza\u0107i iz igre","datePublished":"2021-12-03T15:22:12+00:00","dateModified":"2021-12-03T15:22:13+00:00","mainEntityOfPage":{"@id":"https:\/\/radioljubuski.ba\/index.php\/2021\/12\/03\/pjaca-sjajno-zabio-za-torino-pa-morao-izaci-iz-igre\/"},"wordCount":220,"publisher":{"@id":"https:\/\/radioljubuski.ba\/#organization"},"image":{"@id":"https:\/\/radioljubuski.ba\/index.php\/2021\/12\/03\/pjaca-sjajno-zabio-za-torino-pa-morao-izaci-iz-igre\/#primaryimage"},"thumbnailUrl":"https:\/\/radioljubuski.ba\/wp-content\/uploads\/2021\/12\/preuzmi-6.jpg","articleSection":["\u0160port"],"inLanguage":"hr"},{"@type":"WebPage","@id":"https:\/\/radioljubuski.ba\/index.php\/2021\/12\/03\/pjaca-sjajno-zabio-za-torino-pa-morao-izaci-iz-igre\/","url":"https:\/\/radioljubuski.ba\/index.php\/2021\/12\/03\/pjaca-sjajno-zabio-za-torino-pa-morao-izaci-iz-igre\/","name":"Pjaca sjajno zabio za Torino pa morao iza\u0107i iz igre - RADIO LJUBU\u0160KI","isPartOf":{"@id":"https:\/\/radioljubuski.ba\/#website"},"primaryImageOfPage":{"@id":"https:\/\/radioljubuski.ba\/index.php\/2021\/12\/03\/pjaca-sjajno-zabio-za-torino-pa-morao-izaci-iz-igre\/#primaryimage"},"image":{"@id":"https:\/\/radioljubuski.ba\/index.php\/2021\/12\/03\/pjaca-sjajno-zabio-za-torino-pa-morao-izaci-iz-igre\/#primaryimage"},"thumbnailUrl":"https:\/\/radioljubuski.ba\/wp-content\/uploads\/2021\/12\/preuzmi-6.jpg","datePublished":"2021-12-03T15:22:12+00:00","dateModified":"2021-12-03T15:22:13+00:00","breadcrumb":{"@id":"https:\/\/radioljubuski.ba\/index.php\/2021\/12\/03\/pjaca-sjajno-zabio-za-torino-pa-morao-izaci-iz-igre\/#breadcrumb"},"inLanguage":"hr","potentialAction":[{"@type":"ReadAction","target":["https:\/\/radioljubuski.ba\/index.php\/2021\/12\/03\/pjaca-sjajno-zabio-za-torino-pa-morao-izaci-iz-igre\/"]}]},{"@type":"ImageObject","inLanguage":"hr","@id":"https:\/\/radioljubuski.ba\/index.php\/2021\/12\/03\/pjaca-sjajno-zabio-za-torino-pa-morao-izaci-iz-igre\/#primaryimage","url":"https:\/\/radioljubuski.ba\/wp-content\/uploads\/2021\/12\/preuzmi-6.jpg","contentUrl":"https:\/\/radioljubuski.ba\/wp-content\/uploads\/2021\/12\/preuzmi-6.jpg","width":275,"height":183},{"@type":"BreadcrumbList","@id":"https:\/\/radioljubuski.ba\/index.php\/2021\/12\/03\/pjaca-sjajno-zabio-za-torino-pa-morao-izaci-iz-igre\/#breadcrumb","itemListElement":[{"@type":"ListItem","position":1,"name":"Po\u010detna stranica","item":"https:\/\/radioljubuski.ba\/"},{"@type":"ListItem","position":2,"name":"Pjaca sjajno zabio za Torino pa morao iza\u0107i iz igre"}]},{"@type":"WebSite","@id":"https:\/\/radioljubuski.ba\/#website","url":"https:\/\/radioljubuski.ba\/","name":"Radio Ljubu\u0161ki","description":"Sun\u010dana frekvencija Hercegovine","publisher":{"@id":"https:\/\/radioljubuski.ba\/#organization"},"potentialAction":[{"@type":"SearchAction","target":{"@type":"EntryPoint","urlTemplate":"https:\/\/radioljubuski.ba\/?s={search_term_string}"},"query-input":{"@type":"PropertyValueSpecification","valueRequired":true,"valueName":"search_term_string"}}],"inLanguage":"hr"},{"@type":"Organization","@id":"https:\/\/radioljubuski.ba\/#organization","name":"Radio Ljubu\u0161ki","url":"https:\/\/radioljubuski.ba\/","logo":{"@type":"ImageObject","inLanguage":"hr","@id":"https:\/\/radioljubuski.ba\/#\/schema\/logo\/image\/","url":"https:\/\/radioljubuski.ba\/wp-content\/uploads\/2021\/02\/cropped-Radio_Ljubuski_logo1.jpg","contentUrl":"https:\/\/radioljubuski.ba\/wp-content\/uploads\/2021\/02\/cropped-Radio_Ljubuski_logo1.jpg","width":512,"height":512,"caption":"Radio Ljubu\u0161ki"},"image":{"@id":"https:\/\/radioljubuski.ba\/#\/schema\/logo\/image\/"},"sameAs":["https:\/\/www.facebook.com\/Radiio-Ljubuski-1490835324566332","https:\/\/x.com\/radioljubuski","https:\/\/hr.linkedin.com\/company\/radio-ljubuski","https:\/\/www.youtube.com\/channel\/UCHYaeO_n0Db3tjNGudGpXyw"]},{"@type":"Person","@id":"https:\/\/radioljubuski.ba\/#\/schema\/person\/19fc700381a780f69665d7956c469e3b","name":"Radio Ljubu\u0161ki"}]}},"_links":{"self":[{"href":"https:\/\/radioljubuski.ba\/index.php\/wp-json\/wp\/v2\/posts\/95468","targetHints":{"allow":["GET"]}}],"collection":[{"href":"https:\/\/radioljubuski.ba\/index.php\/wp-json\/wp\/v2\/posts"}],"about":[{"href":"https:\/\/radioljubuski.ba\/index.php\/wp-json\/wp\/v2\/types\/post"}],"author":[{"embeddable":true,"href":"https:\/\/radioljubuski.ba\/index.php\/wp-json\/wp\/v2\/users\/2"}],"replies":[{"embeddable":true,"href":"https:\/\/radioljubuski.ba\/index.php\/wp-json\/wp\/v2\/comments?post=95468"}],"version-history":[{"count":1,"href":"https:\/\/radioljubuski.ba\/index.php\/wp-json\/wp\/v2\/posts\/95468\/revisions"}],"predecessor-version":[{"id":95470,"href":"https:\/\/radioljubuski.ba\/index.php\/wp-json\/wp\/v2\/posts\/95468\/revisions\/95470"}],"wp:featuredmedia":[{"embeddable":true,"href":"https:\/\/radioljubuski.ba\/index.php\/wp-json\/wp\/v2\/media\/95469"}],"wp:attachment":[{"href":"https:\/\/radioljubuski.ba\/index.php\/wp-json\/wp\/v2\/media?parent=95468"}],"wp:term":[{"taxonomy":"category","embeddable":true,"href":"https:\/\/radioljubuski.ba\/index.php\/wp-json\/wp\/v2\/categories?post=95468"},{"taxonomy":"post_tag","embeddable":true,"href":"https:\/\/radioljubuski.ba\/index.php\/wp-json\/wp\/v2\/tags?post=95468"}],"curies":[{"name":"wp","href":"https:\/\/api.w.org\/{rel}","templated":true}]}}