{"id":95511,"date":"2021-12-03T18:53:38","date_gmt":"2021-12-03T17:53:38","guid":{"rendered":"https:\/\/radioljubuski.ba\/?p=95511"},"modified":"2021-12-03T18:53:38","modified_gmt":"2021-12-03T17:53:38","slug":"hrvatska-povela-protiv-srbije-u-polufinalu-davis-cupa","status":"publish","type":"post","link":"https:\/\/radioljubuski.ba\/index.php\/2021\/12\/03\/hrvatska-povela-protiv-srbije-u-polufinalu-davis-cupa\/","title":{"rendered":"Hrvatska povela protiv Srbije u polufinalu Davis cupa"},"content":{"rendered":"\n<p>Hrvatska Davis Cup reprezentacija povela je sa 1-0 u polufinalnom dvoboju protiv Srbije na zavr\u0161nom turniru u Madridu, nakon \u0161to je u prvom pojedina\u010dnom dvoboju Borna Gojo svladao 33. tenisa\u010da svijeta Du\u0161ana Lajovi\u0107a sa 4-6, 6-3, 6-2 za jedan sat i 58 minuta.<\/p>\n\n\n\n<p>Bio je to tre\u0107i nastup 23-godi\u0161njeg Spli\u0107anina i tre\u0107a Gojina pobjeda koji se pretvorio u pravog junaka hrvatske Davis Cup reprezentacije.<\/p>\n\n\n\n<p>Na putu Hrvatske do polufinala Gojo je postao najugodnije iznena\u0111enje cjelopkupnog zavr\u0161nog turnira Davis Cupa, a u skladu sa ste\u010denom reputacijom zapo\u010deo je i dvoboj protiv 33. tenisa\u010da svijeta, Du\u0161ana Lajovi\u0107a. U prvom gemu je na servisu izvukao 0-30, u drugom je do\u0161ao do &#8216;breaka&#8217; nakon \u0161to je srbijanski reprezentativac imao 40-0.<\/p>\n\n\n\n<p>Gojo je bio opu\u0161ten i razigran, \u0161to mu je omogu\u0107ilo iskori\u0161tavanje pogre\u0161aka suparnika, kojih je u po\u010detku dvoboja bilo napretek. Hrvatski reprezentativac je do\u0161ao do vodstva 4-1 i \u010dinilo se da mu je prvi set ve\u0107 bio &#8220;u d\u017eepu&#8221;. No, onda se dogodio veliki preokret.<\/p>\n\n\n\n<p><br>Kod 4-2 i 40-0, ni\u010dim izazvan, 23-godi\u0161nji Spli\u0107anin po\u010deo je nizati pogre\u0161ke jednu za drugom. Lajovi\u0107 je u\u0161ao u seriju od 13 uzastopnih poena i dvaput oduzeo servis Goji. Hrvatski tenisa\u010d je do kraja seta uspio osvojiti svega jedan od 18 odigranih poena pa je Lajovi\u0107 nakon 42 minute do\u0161ao do zna\u010dajne prednosti.<\/p>\n\n\n\n<p>Otvaranje drugog seta bilo je kopija vi\u0111enoga na po\u010detku me\u010da, jer je Gojo osvojio prva tri gema, da bi nakon tri izjedna\u010denja u \u010detvrtom gemu ostao bez nove prilike za &#8216;break&#8217;, a u sljede\u0107em izgubio servis.<\/p>\n\n\n\n<p>No, za razliku od prve dionice, Gojo u drugom setu nije imao takav pad u igri. Ostao je vjeran taktici \u010dekanja na pogre\u0161ke suparnika, koje su po\u010dele dolaziti u nizovima pa je ve\u0107 u \u0161estom gemu hrvatski tenisa\u010d do\u0161ao do novog &#8216;breaka&#8217;. Ste\u010denu prednost je lako\u0107om zadr\u017eao i nakon 86 minuta igre izborio odlu\u010duju\u0107i set.<\/p>\n\n\n\n<p>Za razliku od prvog seta, u kojem je napravio 12 neforsiranih pogre\u0161aka, Gojo je u drugom ostao na samo pet, dok ih je Lajovi\u0107 imao \u010dak 15.<\/p>\n\n\n\n<p>Igru iz drugog seta Gojo je prenio i u odlu\u010duju\u0107i, u kojem je uz dva &#8216;breaka&#8217; osvojio prva \u010detiri gema. Lajovi\u0107 je bio potpuno nemo\u0107an pa je nakon gotovo dva sata igre Borna Gojo do\u0161ao do pobjede i doveo hrvatsku reprezentaciju pred vrata \u010detvrtog plasmana u finale Davis Cupa.<\/p>\n\n\n\n<p>Tamo ju ve\u0107 u drugom pojedina\u010dnom me\u010du mo\u017ee odvesti Marin \u010cili\u0107, koji \u0107e igrati protiv najboljeg tenisa\u010da svijeta Novaka \u0110okovi\u0107a.<\/p>\n\n\n\n<p>Bude li rezultat 1-1 o plasmanu u finale odlu\u010divat \u0107e igra parova u kojoj \u0107e za Hrvatsku igrati Nikola Mekti\u0107 i Mate Pavi\u0107, a za Srbiju su nominirani Novak \u0110okovi\u0107 i Nikola \u0106a\u0107i\u0107.<\/p>\n\n\n\n<p>Izvor:pogled.ba<\/p>\n","protected":false},"excerpt":{"rendered":"<p>Hrvatska Davis Cup reprezentacija povela je sa 1-0 u polufinalnom dvoboju protiv Srbije na zavr\u0161nom turniru u Madridu, nakon \u0161to je u prvom pojedina\u010dnom dvoboju Borna Gojo svladao 33. tenisa\u010da svijeta Du\u0161ana Lajovi\u0107a sa 4-6, 6-3, 6-2 za jedan sat i 58 minuta. Bio je to tre\u0107i nastup 23-godi\u0161njeg Spli\u0107anina i tre\u0107a Gojina pobjeda koji [&hellip;]<\/p>\n","protected":false},"author":2,"featured_media":95512,"comment_status":"closed","ping_status":"closed","sticky":false,"template":"","format":"standard","meta":{"h5ap_radio_sources":[],"footnotes":""},"categories":[7],"tags":[],"class_list":["post-95511","post","type-post","status-publish","format-standard","has-post-thumbnail","hentry","category-sport"],"yoast_head":"<!-- This site is optimized with the Yoast SEO plugin v27.4 - https:\/\/yoast.com\/product\/yoast-seo-wordpress\/ -->\n<title>Hrvatska povela protiv Srbije u polufinalu Davis cupa - RADIO LJUBU\u0160KI<\/title>\n<meta name=\"robots\" content=\"index, follow, max-snippet:-1, max-image-preview:large, max-video-preview:-1\" \/>\n<link rel=\"canonical\" href=\"https:\/\/radioljubuski.ba\/index.php\/2021\/12\/03\/hrvatska-povela-protiv-srbije-u-polufinalu-davis-cupa\/\" \/>\n<meta property=\"og:locale\" content=\"hr_HR\" \/>\n<meta property=\"og:type\" content=\"article\" \/>\n<meta property=\"og:title\" content=\"Hrvatska povela protiv Srbije u polufinalu Davis cupa - RADIO LJUBU\u0160KI\" \/>\n<meta property=\"og:description\" content=\"Hrvatska Davis Cup reprezentacija povela je sa 1-0 u polufinalnom dvoboju protiv Srbije na zavr\u0161nom turniru u Madridu, nakon \u0161to je u prvom pojedina\u010dnom dvoboju Borna Gojo svladao 33. tenisa\u010da svijeta Du\u0161ana Lajovi\u0107a sa 4-6, 6-3, 6-2 za jedan sat i 58 minuta. Bio je to tre\u0107i nastup 23-godi\u0161njeg Spli\u0107anina i tre\u0107a Gojina pobjeda koji [&hellip;]\" \/>\n<meta property=\"og:url\" content=\"https:\/\/radioljubuski.ba\/index.php\/2021\/12\/03\/hrvatska-povela-protiv-srbije-u-polufinalu-davis-cupa\/\" \/>\n<meta property=\"og:site_name\" content=\"RADIO LJUBU\u0160KI\" \/>\n<meta property=\"article:publisher\" content=\"https:\/\/www.facebook.com\/Radiio-Ljubuski-1490835324566332\" \/>\n<meta property=\"article:published_time\" content=\"2021-12-03T17:53:38+00:00\" \/>\n<meta property=\"og:image\" content=\"https:\/\/radioljubuski.ba\/wp-content\/uploads\/2021\/12\/2-2021-12-03-18-46-14-gojo.jpg\" \/>\n\t<meta property=\"og:image:width\" content=\"1000\" \/>\n\t<meta property=\"og:image:height\" content=\"625\" \/>\n\t<meta property=\"og:image:type\" content=\"image\/jpeg\" \/>\n<meta name=\"author\" content=\"Radio Ljubu\u0161ki\" \/>\n<meta name=\"twitter:card\" content=\"summary_large_image\" \/>\n<meta name=\"twitter:creator\" content=\"@radioljubuski\" \/>\n<meta name=\"twitter:site\" content=\"@radioljubuski\" \/>\n<meta name=\"twitter:label1\" content=\"Napisao\/la\" \/>\n\t<meta name=\"twitter:data1\" content=\"Radio Ljubu\u0161ki\" \/>\n\t<meta name=\"twitter:label2\" content=\"Procijenjeno vrijeme \u010ditanja\" \/>\n\t<meta name=\"twitter:data2\" content=\"2 minute\" \/>\n<script type=\"application\/ld+json\" class=\"yoast-schema-graph\">{\"@context\":\"https:\\\/\\\/schema.org\",\"@graph\":[{\"@type\":\"Article\",\"@id\":\"https:\\\/\\\/radioljubuski.ba\\\/index.php\\\/2021\\\/12\\\/03\\\/hrvatska-povela-protiv-srbije-u-polufinalu-davis-cupa\\\/#article\",\"isPartOf\":{\"@id\":\"https:\\\/\\\/radioljubuski.ba\\\/index.php\\\/2021\\\/12\\\/03\\\/hrvatska-povela-protiv-srbije-u-polufinalu-davis-cupa\\\/\"},\"author\":{\"name\":\"Radio Ljubu\u0161ki\",\"@id\":\"https:\\\/\\\/radioljubuski.ba\\\/#\\\/schema\\\/person\\\/19fc700381a780f69665d7956c469e3b\"},\"headline\":\"Hrvatska povela protiv Srbije u polufinalu Davis cupa\",\"datePublished\":\"2021-12-03T17:53:38+00:00\",\"mainEntityOfPage\":{\"@id\":\"https:\\\/\\\/radioljubuski.ba\\\/index.php\\\/2021\\\/12\\\/03\\\/hrvatska-povela-protiv-srbije-u-polufinalu-davis-cupa\\\/\"},\"wordCount\":493,\"publisher\":{\"@id\":\"https:\\\/\\\/radioljubuski.ba\\\/#organization\"},\"image\":{\"@id\":\"https:\\\/\\\/radioljubuski.ba\\\/index.php\\\/2021\\\/12\\\/03\\\/hrvatska-povela-protiv-srbije-u-polufinalu-davis-cupa\\\/#primaryimage\"},\"thumbnailUrl\":\"https:\\\/\\\/radioljubuski.ba\\\/wp-content\\\/uploads\\\/2021\\\/12\\\/2-2021-12-03-18-46-14-gojo.jpg\",\"articleSection\":[\"\u0160port\"],\"inLanguage\":\"hr\"},{\"@type\":\"WebPage\",\"@id\":\"https:\\\/\\\/radioljubuski.ba\\\/index.php\\\/2021\\\/12\\\/03\\\/hrvatska-povela-protiv-srbije-u-polufinalu-davis-cupa\\\/\",\"url\":\"https:\\\/\\\/radioljubuski.ba\\\/index.php\\\/2021\\\/12\\\/03\\\/hrvatska-povela-protiv-srbije-u-polufinalu-davis-cupa\\\/\",\"name\":\"Hrvatska povela protiv Srbije u polufinalu Davis cupa - RADIO LJUBU\u0160KI\",\"isPartOf\":{\"@id\":\"https:\\\/\\\/radioljubuski.ba\\\/#website\"},\"primaryImageOfPage\":{\"@id\":\"https:\\\/\\\/radioljubuski.ba\\\/index.php\\\/2021\\\/12\\\/03\\\/hrvatska-povela-protiv-srbije-u-polufinalu-davis-cupa\\\/#primaryimage\"},\"image\":{\"@id\":\"https:\\\/\\\/radioljubuski.ba\\\/index.php\\\/2021\\\/12\\\/03\\\/hrvatska-povela-protiv-srbije-u-polufinalu-davis-cupa\\\/#primaryimage\"},\"thumbnailUrl\":\"https:\\\/\\\/radioljubuski.ba\\\/wp-content\\\/uploads\\\/2021\\\/12\\\/2-2021-12-03-18-46-14-gojo.jpg\",\"datePublished\":\"2021-12-03T17:53:38+00:00\",\"breadcrumb\":{\"@id\":\"https:\\\/\\\/radioljubuski.ba\\\/index.php\\\/2021\\\/12\\\/03\\\/hrvatska-povela-protiv-srbije-u-polufinalu-davis-cupa\\\/#breadcrumb\"},\"inLanguage\":\"hr\",\"potentialAction\":[{\"@type\":\"ReadAction\",\"target\":[\"https:\\\/\\\/radioljubuski.ba\\\/index.php\\\/2021\\\/12\\\/03\\\/hrvatska-povela-protiv-srbije-u-polufinalu-davis-cupa\\\/\"]}]},{\"@type\":\"ImageObject\",\"inLanguage\":\"hr\",\"@id\":\"https:\\\/\\\/radioljubuski.ba\\\/index.php\\\/2021\\\/12\\\/03\\\/hrvatska-povela-protiv-srbije-u-polufinalu-davis-cupa\\\/#primaryimage\",\"url\":\"https:\\\/\\\/radioljubuski.ba\\\/wp-content\\\/uploads\\\/2021\\\/12\\\/2-2021-12-03-18-46-14-gojo.jpg\",\"contentUrl\":\"https:\\\/\\\/radioljubuski.ba\\\/wp-content\\\/uploads\\\/2021\\\/12\\\/2-2021-12-03-18-46-14-gojo.jpg\",\"width\":1000,\"height\":625},{\"@type\":\"BreadcrumbList\",\"@id\":\"https:\\\/\\\/radioljubuski.ba\\\/index.php\\\/2021\\\/12\\\/03\\\/hrvatska-povela-protiv-srbije-u-polufinalu-davis-cupa\\\/#breadcrumb\",\"itemListElement\":[{\"@type\":\"ListItem\",\"position\":1,\"name\":\"Po\u010detna stranica\",\"item\":\"https:\\\/\\\/radioljubuski.ba\\\/\"},{\"@type\":\"ListItem\",\"position\":2,\"name\":\"Hrvatska povela protiv Srbije u polufinalu Davis cupa\"}]},{\"@type\":\"WebSite\",\"@id\":\"https:\\\/\\\/radioljubuski.ba\\\/#website\",\"url\":\"https:\\\/\\\/radioljubuski.ba\\\/\",\"name\":\"Radio Ljubu\u0161ki\",\"description\":\"Sun\u010dana frekvencija Hercegovine\",\"publisher\":{\"@id\":\"https:\\\/\\\/radioljubuski.ba\\\/#organization\"},\"potentialAction\":[{\"@type\":\"SearchAction\",\"target\":{\"@type\":\"EntryPoint\",\"urlTemplate\":\"https:\\\/\\\/radioljubuski.ba\\\/?s={search_term_string}\"},\"query-input\":{\"@type\":\"PropertyValueSpecification\",\"valueRequired\":true,\"valueName\":\"search_term_string\"}}],\"inLanguage\":\"hr\"},{\"@type\":\"Organization\",\"@id\":\"https:\\\/\\\/radioljubuski.ba\\\/#organization\",\"name\":\"Radio Ljubu\u0161ki\",\"url\":\"https:\\\/\\\/radioljubuski.ba\\\/\",\"logo\":{\"@type\":\"ImageObject\",\"inLanguage\":\"hr\",\"@id\":\"https:\\\/\\\/radioljubuski.ba\\\/#\\\/schema\\\/logo\\\/image\\\/\",\"url\":\"https:\\\/\\\/radioljubuski.ba\\\/wp-content\\\/uploads\\\/2021\\\/02\\\/cropped-Radio_Ljubuski_logo1.jpg\",\"contentUrl\":\"https:\\\/\\\/radioljubuski.ba\\\/wp-content\\\/uploads\\\/2021\\\/02\\\/cropped-Radio_Ljubuski_logo1.jpg\",\"width\":512,\"height\":512,\"caption\":\"Radio Ljubu\u0161ki\"},\"image\":{\"@id\":\"https:\\\/\\\/radioljubuski.ba\\\/#\\\/schema\\\/logo\\\/image\\\/\"},\"sameAs\":[\"https:\\\/\\\/www.facebook.com\\\/Radiio-Ljubuski-1490835324566332\",\"https:\\\/\\\/x.com\\\/radioljubuski\",\"https:\\\/\\\/hr.linkedin.com\\\/company\\\/radio-ljubuski\",\"https:\\\/\\\/www.youtube.com\\\/channel\\\/UCHYaeO_n0Db3tjNGudGpXyw\"]},{\"@type\":\"Person\",\"@id\":\"https:\\\/\\\/radioljubuski.ba\\\/#\\\/schema\\\/person\\\/19fc700381a780f69665d7956c469e3b\",\"name\":\"Radio Ljubu\u0161ki\"}]}<\/script>\n<!-- \/ Yoast SEO plugin. -->","yoast_head_json":{"title":"Hrvatska povela protiv Srbije u polufinalu Davis cupa - RADIO LJUBU\u0160KI","robots":{"index":"index","follow":"follow","max-snippet":"max-snippet:-1","max-image-preview":"max-image-preview:large","max-video-preview":"max-video-preview:-1"},"canonical":"https:\/\/radioljubuski.ba\/index.php\/2021\/12\/03\/hrvatska-povela-protiv-srbije-u-polufinalu-davis-cupa\/","og_locale":"hr_HR","og_type":"article","og_title":"Hrvatska povela protiv Srbije u polufinalu Davis cupa - RADIO LJUBU\u0160KI","og_description":"Hrvatska Davis Cup reprezentacija povela je sa 1-0 u polufinalnom dvoboju protiv Srbije na zavr\u0161nom turniru u Madridu, nakon \u0161to je u prvom pojedina\u010dnom dvoboju Borna Gojo svladao 33. tenisa\u010da svijeta Du\u0161ana Lajovi\u0107a sa 4-6, 6-3, 6-2 za jedan sat i 58 minuta. Bio je to tre\u0107i nastup 23-godi\u0161njeg Spli\u0107anina i tre\u0107a Gojina pobjeda koji [&hellip;]","og_url":"https:\/\/radioljubuski.ba\/index.php\/2021\/12\/03\/hrvatska-povela-protiv-srbije-u-polufinalu-davis-cupa\/","og_site_name":"RADIO LJUBU\u0160KI","article_publisher":"https:\/\/www.facebook.com\/Radiio-Ljubuski-1490835324566332","article_published_time":"2021-12-03T17:53:38+00:00","og_image":[{"width":1000,"height":625,"url":"https:\/\/radioljubuski.ba\/wp-content\/uploads\/2021\/12\/2-2021-12-03-18-46-14-gojo.jpg","type":"image\/jpeg"}],"author":"Radio Ljubu\u0161ki","twitter_card":"summary_large_image","twitter_creator":"@radioljubuski","twitter_site":"@radioljubuski","twitter_misc":{"Napisao\/la":"Radio Ljubu\u0161ki","Procijenjeno vrijeme \u010ditanja":"2 minute"},"schema":{"@context":"https:\/\/schema.org","@graph":[{"@type":"Article","@id":"https:\/\/radioljubuski.ba\/index.php\/2021\/12\/03\/hrvatska-povela-protiv-srbije-u-polufinalu-davis-cupa\/#article","isPartOf":{"@id":"https:\/\/radioljubuski.ba\/index.php\/2021\/12\/03\/hrvatska-povela-protiv-srbije-u-polufinalu-davis-cupa\/"},"author":{"name":"Radio Ljubu\u0161ki","@id":"https:\/\/radioljubuski.ba\/#\/schema\/person\/19fc700381a780f69665d7956c469e3b"},"headline":"Hrvatska povela protiv Srbije u polufinalu Davis cupa","datePublished":"2021-12-03T17:53:38+00:00","mainEntityOfPage":{"@id":"https:\/\/radioljubuski.ba\/index.php\/2021\/12\/03\/hrvatska-povela-protiv-srbije-u-polufinalu-davis-cupa\/"},"wordCount":493,"publisher":{"@id":"https:\/\/radioljubuski.ba\/#organization"},"image":{"@id":"https:\/\/radioljubuski.ba\/index.php\/2021\/12\/03\/hrvatska-povela-protiv-srbije-u-polufinalu-davis-cupa\/#primaryimage"},"thumbnailUrl":"https:\/\/radioljubuski.ba\/wp-content\/uploads\/2021\/12\/2-2021-12-03-18-46-14-gojo.jpg","articleSection":["\u0160port"],"inLanguage":"hr"},{"@type":"WebPage","@id":"https:\/\/radioljubuski.ba\/index.php\/2021\/12\/03\/hrvatska-povela-protiv-srbije-u-polufinalu-davis-cupa\/","url":"https:\/\/radioljubuski.ba\/index.php\/2021\/12\/03\/hrvatska-povela-protiv-srbije-u-polufinalu-davis-cupa\/","name":"Hrvatska povela protiv Srbije u polufinalu Davis cupa - RADIO LJUBU\u0160KI","isPartOf":{"@id":"https:\/\/radioljubuski.ba\/#website"},"primaryImageOfPage":{"@id":"https:\/\/radioljubuski.ba\/index.php\/2021\/12\/03\/hrvatska-povela-protiv-srbije-u-polufinalu-davis-cupa\/#primaryimage"},"image":{"@id":"https:\/\/radioljubuski.ba\/index.php\/2021\/12\/03\/hrvatska-povela-protiv-srbije-u-polufinalu-davis-cupa\/#primaryimage"},"thumbnailUrl":"https:\/\/radioljubuski.ba\/wp-content\/uploads\/2021\/12\/2-2021-12-03-18-46-14-gojo.jpg","datePublished":"2021-12-03T17:53:38+00:00","breadcrumb":{"@id":"https:\/\/radioljubuski.ba\/index.php\/2021\/12\/03\/hrvatska-povela-protiv-srbije-u-polufinalu-davis-cupa\/#breadcrumb"},"inLanguage":"hr","potentialAction":[{"@type":"ReadAction","target":["https:\/\/radioljubuski.ba\/index.php\/2021\/12\/03\/hrvatska-povela-protiv-srbije-u-polufinalu-davis-cupa\/"]}]},{"@type":"ImageObject","inLanguage":"hr","@id":"https:\/\/radioljubuski.ba\/index.php\/2021\/12\/03\/hrvatska-povela-protiv-srbije-u-polufinalu-davis-cupa\/#primaryimage","url":"https:\/\/radioljubuski.ba\/wp-content\/uploads\/2021\/12\/2-2021-12-03-18-46-14-gojo.jpg","contentUrl":"https:\/\/radioljubuski.ba\/wp-content\/uploads\/2021\/12\/2-2021-12-03-18-46-14-gojo.jpg","width":1000,"height":625},{"@type":"BreadcrumbList","@id":"https:\/\/radioljubuski.ba\/index.php\/2021\/12\/03\/hrvatska-povela-protiv-srbije-u-polufinalu-davis-cupa\/#breadcrumb","itemListElement":[{"@type":"ListItem","position":1,"name":"Po\u010detna stranica","item":"https:\/\/radioljubuski.ba\/"},{"@type":"ListItem","position":2,"name":"Hrvatska povela protiv Srbije u polufinalu Davis cupa"}]},{"@type":"WebSite","@id":"https:\/\/radioljubuski.ba\/#website","url":"https:\/\/radioljubuski.ba\/","name":"Radio Ljubu\u0161ki","description":"Sun\u010dana frekvencija Hercegovine","publisher":{"@id":"https:\/\/radioljubuski.ba\/#organization"},"potentialAction":[{"@type":"SearchAction","target":{"@type":"EntryPoint","urlTemplate":"https:\/\/radioljubuski.ba\/?s={search_term_string}"},"query-input":{"@type":"PropertyValueSpecification","valueRequired":true,"valueName":"search_term_string"}}],"inLanguage":"hr"},{"@type":"Organization","@id":"https:\/\/radioljubuski.ba\/#organization","name":"Radio Ljubu\u0161ki","url":"https:\/\/radioljubuski.ba\/","logo":{"@type":"ImageObject","inLanguage":"hr","@id":"https:\/\/radioljubuski.ba\/#\/schema\/logo\/image\/","url":"https:\/\/radioljubuski.ba\/wp-content\/uploads\/2021\/02\/cropped-Radio_Ljubuski_logo1.jpg","contentUrl":"https:\/\/radioljubuski.ba\/wp-content\/uploads\/2021\/02\/cropped-Radio_Ljubuski_logo1.jpg","width":512,"height":512,"caption":"Radio Ljubu\u0161ki"},"image":{"@id":"https:\/\/radioljubuski.ba\/#\/schema\/logo\/image\/"},"sameAs":["https:\/\/www.facebook.com\/Radiio-Ljubuski-1490835324566332","https:\/\/x.com\/radioljubuski","https:\/\/hr.linkedin.com\/company\/radio-ljubuski","https:\/\/www.youtube.com\/channel\/UCHYaeO_n0Db3tjNGudGpXyw"]},{"@type":"Person","@id":"https:\/\/radioljubuski.ba\/#\/schema\/person\/19fc700381a780f69665d7956c469e3b","name":"Radio Ljubu\u0161ki"}]}},"_links":{"self":[{"href":"https:\/\/radioljubuski.ba\/index.php\/wp-json\/wp\/v2\/posts\/95511","targetHints":{"allow":["GET"]}}],"collection":[{"href":"https:\/\/radioljubuski.ba\/index.php\/wp-json\/wp\/v2\/posts"}],"about":[{"href":"https:\/\/radioljubuski.ba\/index.php\/wp-json\/wp\/v2\/types\/post"}],"author":[{"embeddable":true,"href":"https:\/\/radioljubuski.ba\/index.php\/wp-json\/wp\/v2\/users\/2"}],"replies":[{"embeddable":true,"href":"https:\/\/radioljubuski.ba\/index.php\/wp-json\/wp\/v2\/comments?post=95511"}],"version-history":[{"count":1,"href":"https:\/\/radioljubuski.ba\/index.php\/wp-json\/wp\/v2\/posts\/95511\/revisions"}],"predecessor-version":[{"id":95513,"href":"https:\/\/radioljubuski.ba\/index.php\/wp-json\/wp\/v2\/posts\/95511\/revisions\/95513"}],"wp:featuredmedia":[{"embeddable":true,"href":"https:\/\/radioljubuski.ba\/index.php\/wp-json\/wp\/v2\/media\/95512"}],"wp:attachment":[{"href":"https:\/\/radioljubuski.ba\/index.php\/wp-json\/wp\/v2\/media?parent=95511"}],"wp:term":[{"taxonomy":"category","embeddable":true,"href":"https:\/\/radioljubuski.ba\/index.php\/wp-json\/wp\/v2\/categories?post=95511"},{"taxonomy":"post_tag","embeddable":true,"href":"https:\/\/radioljubuski.ba\/index.php\/wp-json\/wp\/v2\/tags?post=95511"}],"curies":[{"name":"wp","href":"https:\/\/api.w.org\/{rel}","templated":true}]}}