{"id":95552,"date":"2021-12-03T19:46:07","date_gmt":"2021-12-03T18:46:07","guid":{"rendered":"https:\/\/radioljubuski.ba\/?p=95552"},"modified":"2021-12-03T19:46:08","modified_gmt":"2021-12-03T18:46:08","slug":"europski-klubovi-zabrinuti-zbog-omikrona","status":"publish","type":"post","link":"https:\/\/radioljubuski.ba\/index.php\/2021\/12\/03\/europski-klubovi-zabrinuti-zbog-omikrona\/","title":{"rendered":"Europski klubovi zabrinuti zbog omikrona"},"content":{"rendered":"\n<p><strong>Europsko udru\u017eenje nogometnih klubova (ECA) zatra\u017eilo je hitne razgovore s \u010delnicima Me\u0111unarodne nogometne federacije (FIFA) o sigurnosti igra\u010da na predstoje\u0107em Afri\u010dkom kupu nacija.<\/strong><\/p>\n\n\n\n<p>Od 9. sije\u010dnja do 6. velja\u010de idu\u0107e godine u Kamerunu \u0107e se odr\u017eati afri\u010dko nogometno prvenstvo na kojem \u0107e nastupiti 24 reprezentacije, te brojni igra\u010di iz europskih klubova.<\/p>\n\n\n\n<p>U europskim klubovima su zabrinuti za sigurnost sudionika prvenstva nakon pojave Omicron varijante koronavirusa u Ju\u017enoj Africi.<\/p>\n\n\n\n<p>&#8211; Izvr\u0161ni odbor je zatra\u017eio hitan sastanak s FIFA-om kako bi se osigurale sve potrebne mjere opreza za za\u0161titu igra\u010da budu\u0107i da se zdravstvena situacija nastavlja pogor\u0161avati na alarmantan na\u010din, navodi ECA, koja predstavlja preko 240 klubova.<\/p>\n\n\n\n<p>Izvr\u0161ni odbor ECA-e tako\u0111er, je rekao kako se jednoglasno protive prijedlogu FIFA-e za Svjetsko prvenstvo koje se odr\u017eava svake dvije godine, dodaju\u0107i da su planovi previdjeli potrebne za\u0161titne mjere i za\u0161titu za igra\u010de.<\/p>\n\n\n\n<p>ECA je pozvala i na modernizaciju pravila financijskog fair playa, rekav\u0161i da trenutna na\u010dela nisu u skladu sa &#8220;stvarno\u0161\u0107u vremena&#8221;.<\/p>\n\n\n\n<p>Izvor:hrt.hr<\/p>\n","protected":false},"excerpt":{"rendered":"<p>Europsko udru\u017eenje nogometnih klubova (ECA) zatra\u017eilo je hitne razgovore s \u010delnicima Me\u0111unarodne nogometne federacije (FIFA) o sigurnosti igra\u010da na predstoje\u0107em Afri\u010dkom kupu nacija. Od 9. sije\u010dnja do 6. velja\u010de idu\u0107e godine u Kamerunu \u0107e se odr\u017eati afri\u010dko nogometno prvenstvo na kojem \u0107e nastupiti 24 reprezentacije, te brojni igra\u010di iz europskih klubova. U europskim klubovima su [&hellip;]<\/p>\n","protected":false},"author":2,"featured_media":95553,"comment_status":"closed","ping_status":"closed","sticky":false,"template":"","format":"standard","meta":{"h5ap_radio_sources":[],"footnotes":""},"categories":[7],"tags":[],"class_list":["post-95552","post","type-post","status-publish","format-standard","has-post-thumbnail","hentry","category-sport"],"yoast_head":"<!-- This site is optimized with the Yoast SEO plugin v27.4 - https:\/\/yoast.com\/product\/yoast-seo-wordpress\/ -->\n<title>Europski klubovi zabrinuti zbog omikrona - RADIO LJUBU\u0160KI<\/title>\n<meta name=\"robots\" content=\"index, follow, max-snippet:-1, max-image-preview:large, max-video-preview:-1\" \/>\n<link rel=\"canonical\" href=\"https:\/\/radioljubuski.ba\/index.php\/2021\/12\/03\/europski-klubovi-zabrinuti-zbog-omikrona\/\" \/>\n<meta property=\"og:locale\" content=\"hr_HR\" \/>\n<meta property=\"og:type\" content=\"article\" \/>\n<meta property=\"og:title\" content=\"Europski klubovi zabrinuti zbog omikrona - RADIO LJUBU\u0160KI\" \/>\n<meta property=\"og:description\" content=\"Europsko udru\u017eenje nogometnih klubova (ECA) zatra\u017eilo je hitne razgovore s \u010delnicima Me\u0111unarodne nogometne federacije (FIFA) o sigurnosti igra\u010da na predstoje\u0107em Afri\u010dkom kupu nacija. Od 9. sije\u010dnja do 6. velja\u010de idu\u0107e godine u Kamerunu \u0107e se odr\u017eati afri\u010dko nogometno prvenstvo na kojem \u0107e nastupiti 24 reprezentacije, te brojni igra\u010di iz europskih klubova. U europskim klubovima su [&hellip;]\" \/>\n<meta property=\"og:url\" content=\"https:\/\/radioljubuski.ba\/index.php\/2021\/12\/03\/europski-klubovi-zabrinuti-zbog-omikrona\/\" \/>\n<meta property=\"og:site_name\" content=\"RADIO LJUBU\u0160KI\" \/>\n<meta property=\"article:publisher\" content=\"https:\/\/www.facebook.com\/Radiio-Ljubuski-1490835324566332\" \/>\n<meta property=\"article:published_time\" content=\"2021-12-03T18:46:07+00:00\" \/>\n<meta property=\"article:modified_time\" content=\"2021-12-03T18:46:08+00:00\" \/>\n<meta property=\"og:image\" content=\"https:\/\/radioljubuski.ba\/wp-content\/uploads\/2021\/12\/06e2b7fe1885c8eee1ea.jpeg\" \/>\n\t<meta property=\"og:image:width\" content=\"540\" \/>\n\t<meta property=\"og:image:height\" content=\"326\" \/>\n\t<meta property=\"og:image:type\" content=\"image\/jpeg\" \/>\n<meta name=\"author\" content=\"Radio Ljubu\u0161ki\" \/>\n<meta name=\"twitter:card\" content=\"summary_large_image\" \/>\n<meta name=\"twitter:creator\" content=\"@radioljubuski\" \/>\n<meta name=\"twitter:site\" content=\"@radioljubuski\" \/>\n<meta name=\"twitter:label1\" content=\"Napisao\/la\" \/>\n\t<meta name=\"twitter:data1\" content=\"Radio Ljubu\u0161ki\" \/>\n\t<meta name=\"twitter:label2\" content=\"Procijenjeno vrijeme \u010ditanja\" \/>\n\t<meta name=\"twitter:data2\" content=\"1 minuta\" \/>\n<script type=\"application\/ld+json\" class=\"yoast-schema-graph\">{\"@context\":\"https:\\\/\\\/schema.org\",\"@graph\":[{\"@type\":\"Article\",\"@id\":\"https:\\\/\\\/radioljubuski.ba\\\/index.php\\\/2021\\\/12\\\/03\\\/europski-klubovi-zabrinuti-zbog-omikrona\\\/#article\",\"isPartOf\":{\"@id\":\"https:\\\/\\\/radioljubuski.ba\\\/index.php\\\/2021\\\/12\\\/03\\\/europski-klubovi-zabrinuti-zbog-omikrona\\\/\"},\"author\":{\"name\":\"Radio Ljubu\u0161ki\",\"@id\":\"https:\\\/\\\/radioljubuski.ba\\\/#\\\/schema\\\/person\\\/19fc700381a780f69665d7956c469e3b\"},\"headline\":\"Europski klubovi zabrinuti zbog omikrona\",\"datePublished\":\"2021-12-03T18:46:07+00:00\",\"dateModified\":\"2021-12-03T18:46:08+00:00\",\"mainEntityOfPage\":{\"@id\":\"https:\\\/\\\/radioljubuski.ba\\\/index.php\\\/2021\\\/12\\\/03\\\/europski-klubovi-zabrinuti-zbog-omikrona\\\/\"},\"wordCount\":192,\"publisher\":{\"@id\":\"https:\\\/\\\/radioljubuski.ba\\\/#organization\"},\"image\":{\"@id\":\"https:\\\/\\\/radioljubuski.ba\\\/index.php\\\/2021\\\/12\\\/03\\\/europski-klubovi-zabrinuti-zbog-omikrona\\\/#primaryimage\"},\"thumbnailUrl\":\"https:\\\/\\\/radioljubuski.ba\\\/wp-content\\\/uploads\\\/2021\\\/12\\\/06e2b7fe1885c8eee1ea.jpeg\",\"articleSection\":[\"\u0160port\"],\"inLanguage\":\"hr\"},{\"@type\":\"WebPage\",\"@id\":\"https:\\\/\\\/radioljubuski.ba\\\/index.php\\\/2021\\\/12\\\/03\\\/europski-klubovi-zabrinuti-zbog-omikrona\\\/\",\"url\":\"https:\\\/\\\/radioljubuski.ba\\\/index.php\\\/2021\\\/12\\\/03\\\/europski-klubovi-zabrinuti-zbog-omikrona\\\/\",\"name\":\"Europski klubovi zabrinuti zbog omikrona - RADIO LJUBU\u0160KI\",\"isPartOf\":{\"@id\":\"https:\\\/\\\/radioljubuski.ba\\\/#website\"},\"primaryImageOfPage\":{\"@id\":\"https:\\\/\\\/radioljubuski.ba\\\/index.php\\\/2021\\\/12\\\/03\\\/europski-klubovi-zabrinuti-zbog-omikrona\\\/#primaryimage\"},\"image\":{\"@id\":\"https:\\\/\\\/radioljubuski.ba\\\/index.php\\\/2021\\\/12\\\/03\\\/europski-klubovi-zabrinuti-zbog-omikrona\\\/#primaryimage\"},\"thumbnailUrl\":\"https:\\\/\\\/radioljubuski.ba\\\/wp-content\\\/uploads\\\/2021\\\/12\\\/06e2b7fe1885c8eee1ea.jpeg\",\"datePublished\":\"2021-12-03T18:46:07+00:00\",\"dateModified\":\"2021-12-03T18:46:08+00:00\",\"breadcrumb\":{\"@id\":\"https:\\\/\\\/radioljubuski.ba\\\/index.php\\\/2021\\\/12\\\/03\\\/europski-klubovi-zabrinuti-zbog-omikrona\\\/#breadcrumb\"},\"inLanguage\":\"hr\",\"potentialAction\":[{\"@type\":\"ReadAction\",\"target\":[\"https:\\\/\\\/radioljubuski.ba\\\/index.php\\\/2021\\\/12\\\/03\\\/europski-klubovi-zabrinuti-zbog-omikrona\\\/\"]}]},{\"@type\":\"ImageObject\",\"inLanguage\":\"hr\",\"@id\":\"https:\\\/\\\/radioljubuski.ba\\\/index.php\\\/2021\\\/12\\\/03\\\/europski-klubovi-zabrinuti-zbog-omikrona\\\/#primaryimage\",\"url\":\"https:\\\/\\\/radioljubuski.ba\\\/wp-content\\\/uploads\\\/2021\\\/12\\\/06e2b7fe1885c8eee1ea.jpeg\",\"contentUrl\":\"https:\\\/\\\/radioljubuski.ba\\\/wp-content\\\/uploads\\\/2021\\\/12\\\/06e2b7fe1885c8eee1ea.jpeg\",\"width\":540,\"height\":326},{\"@type\":\"BreadcrumbList\",\"@id\":\"https:\\\/\\\/radioljubuski.ba\\\/index.php\\\/2021\\\/12\\\/03\\\/europski-klubovi-zabrinuti-zbog-omikrona\\\/#breadcrumb\",\"itemListElement\":[{\"@type\":\"ListItem\",\"position\":1,\"name\":\"Po\u010detna stranica\",\"item\":\"https:\\\/\\\/radioljubuski.ba\\\/\"},{\"@type\":\"ListItem\",\"position\":2,\"name\":\"Europski klubovi zabrinuti zbog omikrona\"}]},{\"@type\":\"WebSite\",\"@id\":\"https:\\\/\\\/radioljubuski.ba\\\/#website\",\"url\":\"https:\\\/\\\/radioljubuski.ba\\\/\",\"name\":\"Radio Ljubu\u0161ki\",\"description\":\"Sun\u010dana frekvencija Hercegovine\",\"publisher\":{\"@id\":\"https:\\\/\\\/radioljubuski.ba\\\/#organization\"},\"potentialAction\":[{\"@type\":\"SearchAction\",\"target\":{\"@type\":\"EntryPoint\",\"urlTemplate\":\"https:\\\/\\\/radioljubuski.ba\\\/?s={search_term_string}\"},\"query-input\":{\"@type\":\"PropertyValueSpecification\",\"valueRequired\":true,\"valueName\":\"search_term_string\"}}],\"inLanguage\":\"hr\"},{\"@type\":\"Organization\",\"@id\":\"https:\\\/\\\/radioljubuski.ba\\\/#organization\",\"name\":\"Radio Ljubu\u0161ki\",\"url\":\"https:\\\/\\\/radioljubuski.ba\\\/\",\"logo\":{\"@type\":\"ImageObject\",\"inLanguage\":\"hr\",\"@id\":\"https:\\\/\\\/radioljubuski.ba\\\/#\\\/schema\\\/logo\\\/image\\\/\",\"url\":\"https:\\\/\\\/radioljubuski.ba\\\/wp-content\\\/uploads\\\/2021\\\/02\\\/cropped-Radio_Ljubuski_logo1.jpg\",\"contentUrl\":\"https:\\\/\\\/radioljubuski.ba\\\/wp-content\\\/uploads\\\/2021\\\/02\\\/cropped-Radio_Ljubuski_logo1.jpg\",\"width\":512,\"height\":512,\"caption\":\"Radio Ljubu\u0161ki\"},\"image\":{\"@id\":\"https:\\\/\\\/radioljubuski.ba\\\/#\\\/schema\\\/logo\\\/image\\\/\"},\"sameAs\":[\"https:\\\/\\\/www.facebook.com\\\/Radiio-Ljubuski-1490835324566332\",\"https:\\\/\\\/x.com\\\/radioljubuski\",\"https:\\\/\\\/hr.linkedin.com\\\/company\\\/radio-ljubuski\",\"https:\\\/\\\/www.youtube.com\\\/channel\\\/UCHYaeO_n0Db3tjNGudGpXyw\"]},{\"@type\":\"Person\",\"@id\":\"https:\\\/\\\/radioljubuski.ba\\\/#\\\/schema\\\/person\\\/19fc700381a780f69665d7956c469e3b\",\"name\":\"Radio Ljubu\u0161ki\"}]}<\/script>\n<!-- \/ Yoast SEO plugin. -->","yoast_head_json":{"title":"Europski klubovi zabrinuti zbog omikrona - RADIO LJUBU\u0160KI","robots":{"index":"index","follow":"follow","max-snippet":"max-snippet:-1","max-image-preview":"max-image-preview:large","max-video-preview":"max-video-preview:-1"},"canonical":"https:\/\/radioljubuski.ba\/index.php\/2021\/12\/03\/europski-klubovi-zabrinuti-zbog-omikrona\/","og_locale":"hr_HR","og_type":"article","og_title":"Europski klubovi zabrinuti zbog omikrona - RADIO LJUBU\u0160KI","og_description":"Europsko udru\u017eenje nogometnih klubova (ECA) zatra\u017eilo je hitne razgovore s \u010delnicima Me\u0111unarodne nogometne federacije (FIFA) o sigurnosti igra\u010da na predstoje\u0107em Afri\u010dkom kupu nacija. Od 9. sije\u010dnja do 6. velja\u010de idu\u0107e godine u Kamerunu \u0107e se odr\u017eati afri\u010dko nogometno prvenstvo na kojem \u0107e nastupiti 24 reprezentacije, te brojni igra\u010di iz europskih klubova. U europskim klubovima su [&hellip;]","og_url":"https:\/\/radioljubuski.ba\/index.php\/2021\/12\/03\/europski-klubovi-zabrinuti-zbog-omikrona\/","og_site_name":"RADIO LJUBU\u0160KI","article_publisher":"https:\/\/www.facebook.com\/Radiio-Ljubuski-1490835324566332","article_published_time":"2021-12-03T18:46:07+00:00","article_modified_time":"2021-12-03T18:46:08+00:00","og_image":[{"width":540,"height":326,"url":"https:\/\/radioljubuski.ba\/wp-content\/uploads\/2021\/12\/06e2b7fe1885c8eee1ea.jpeg","type":"image\/jpeg"}],"author":"Radio Ljubu\u0161ki","twitter_card":"summary_large_image","twitter_creator":"@radioljubuski","twitter_site":"@radioljubuski","twitter_misc":{"Napisao\/la":"Radio Ljubu\u0161ki","Procijenjeno vrijeme \u010ditanja":"1 minuta"},"schema":{"@context":"https:\/\/schema.org","@graph":[{"@type":"Article","@id":"https:\/\/radioljubuski.ba\/index.php\/2021\/12\/03\/europski-klubovi-zabrinuti-zbog-omikrona\/#article","isPartOf":{"@id":"https:\/\/radioljubuski.ba\/index.php\/2021\/12\/03\/europski-klubovi-zabrinuti-zbog-omikrona\/"},"author":{"name":"Radio Ljubu\u0161ki","@id":"https:\/\/radioljubuski.ba\/#\/schema\/person\/19fc700381a780f69665d7956c469e3b"},"headline":"Europski klubovi zabrinuti zbog omikrona","datePublished":"2021-12-03T18:46:07+00:00","dateModified":"2021-12-03T18:46:08+00:00","mainEntityOfPage":{"@id":"https:\/\/radioljubuski.ba\/index.php\/2021\/12\/03\/europski-klubovi-zabrinuti-zbog-omikrona\/"},"wordCount":192,"publisher":{"@id":"https:\/\/radioljubuski.ba\/#organization"},"image":{"@id":"https:\/\/radioljubuski.ba\/index.php\/2021\/12\/03\/europski-klubovi-zabrinuti-zbog-omikrona\/#primaryimage"},"thumbnailUrl":"https:\/\/radioljubuski.ba\/wp-content\/uploads\/2021\/12\/06e2b7fe1885c8eee1ea.jpeg","articleSection":["\u0160port"],"inLanguage":"hr"},{"@type":"WebPage","@id":"https:\/\/radioljubuski.ba\/index.php\/2021\/12\/03\/europski-klubovi-zabrinuti-zbog-omikrona\/","url":"https:\/\/radioljubuski.ba\/index.php\/2021\/12\/03\/europski-klubovi-zabrinuti-zbog-omikrona\/","name":"Europski klubovi zabrinuti zbog omikrona - RADIO LJUBU\u0160KI","isPartOf":{"@id":"https:\/\/radioljubuski.ba\/#website"},"primaryImageOfPage":{"@id":"https:\/\/radioljubuski.ba\/index.php\/2021\/12\/03\/europski-klubovi-zabrinuti-zbog-omikrona\/#primaryimage"},"image":{"@id":"https:\/\/radioljubuski.ba\/index.php\/2021\/12\/03\/europski-klubovi-zabrinuti-zbog-omikrona\/#primaryimage"},"thumbnailUrl":"https:\/\/radioljubuski.ba\/wp-content\/uploads\/2021\/12\/06e2b7fe1885c8eee1ea.jpeg","datePublished":"2021-12-03T18:46:07+00:00","dateModified":"2021-12-03T18:46:08+00:00","breadcrumb":{"@id":"https:\/\/radioljubuski.ba\/index.php\/2021\/12\/03\/europski-klubovi-zabrinuti-zbog-omikrona\/#breadcrumb"},"inLanguage":"hr","potentialAction":[{"@type":"ReadAction","target":["https:\/\/radioljubuski.ba\/index.php\/2021\/12\/03\/europski-klubovi-zabrinuti-zbog-omikrona\/"]}]},{"@type":"ImageObject","inLanguage":"hr","@id":"https:\/\/radioljubuski.ba\/index.php\/2021\/12\/03\/europski-klubovi-zabrinuti-zbog-omikrona\/#primaryimage","url":"https:\/\/radioljubuski.ba\/wp-content\/uploads\/2021\/12\/06e2b7fe1885c8eee1ea.jpeg","contentUrl":"https:\/\/radioljubuski.ba\/wp-content\/uploads\/2021\/12\/06e2b7fe1885c8eee1ea.jpeg","width":540,"height":326},{"@type":"BreadcrumbList","@id":"https:\/\/radioljubuski.ba\/index.php\/2021\/12\/03\/europski-klubovi-zabrinuti-zbog-omikrona\/#breadcrumb","itemListElement":[{"@type":"ListItem","position":1,"name":"Po\u010detna stranica","item":"https:\/\/radioljubuski.ba\/"},{"@type":"ListItem","position":2,"name":"Europski klubovi zabrinuti zbog omikrona"}]},{"@type":"WebSite","@id":"https:\/\/radioljubuski.ba\/#website","url":"https:\/\/radioljubuski.ba\/","name":"Radio Ljubu\u0161ki","description":"Sun\u010dana frekvencija Hercegovine","publisher":{"@id":"https:\/\/radioljubuski.ba\/#organization"},"potentialAction":[{"@type":"SearchAction","target":{"@type":"EntryPoint","urlTemplate":"https:\/\/radioljubuski.ba\/?s={search_term_string}"},"query-input":{"@type":"PropertyValueSpecification","valueRequired":true,"valueName":"search_term_string"}}],"inLanguage":"hr"},{"@type":"Organization","@id":"https:\/\/radioljubuski.ba\/#organization","name":"Radio Ljubu\u0161ki","url":"https:\/\/radioljubuski.ba\/","logo":{"@type":"ImageObject","inLanguage":"hr","@id":"https:\/\/radioljubuski.ba\/#\/schema\/logo\/image\/","url":"https:\/\/radioljubuski.ba\/wp-content\/uploads\/2021\/02\/cropped-Radio_Ljubuski_logo1.jpg","contentUrl":"https:\/\/radioljubuski.ba\/wp-content\/uploads\/2021\/02\/cropped-Radio_Ljubuski_logo1.jpg","width":512,"height":512,"caption":"Radio Ljubu\u0161ki"},"image":{"@id":"https:\/\/radioljubuski.ba\/#\/schema\/logo\/image\/"},"sameAs":["https:\/\/www.facebook.com\/Radiio-Ljubuski-1490835324566332","https:\/\/x.com\/radioljubuski","https:\/\/hr.linkedin.com\/company\/radio-ljubuski","https:\/\/www.youtube.com\/channel\/UCHYaeO_n0Db3tjNGudGpXyw"]},{"@type":"Person","@id":"https:\/\/radioljubuski.ba\/#\/schema\/person\/19fc700381a780f69665d7956c469e3b","name":"Radio Ljubu\u0161ki"}]}},"_links":{"self":[{"href":"https:\/\/radioljubuski.ba\/index.php\/wp-json\/wp\/v2\/posts\/95552","targetHints":{"allow":["GET"]}}],"collection":[{"href":"https:\/\/radioljubuski.ba\/index.php\/wp-json\/wp\/v2\/posts"}],"about":[{"href":"https:\/\/radioljubuski.ba\/index.php\/wp-json\/wp\/v2\/types\/post"}],"author":[{"embeddable":true,"href":"https:\/\/radioljubuski.ba\/index.php\/wp-json\/wp\/v2\/users\/2"}],"replies":[{"embeddable":true,"href":"https:\/\/radioljubuski.ba\/index.php\/wp-json\/wp\/v2\/comments?post=95552"}],"version-history":[{"count":1,"href":"https:\/\/radioljubuski.ba\/index.php\/wp-json\/wp\/v2\/posts\/95552\/revisions"}],"predecessor-version":[{"id":95554,"href":"https:\/\/radioljubuski.ba\/index.php\/wp-json\/wp\/v2\/posts\/95552\/revisions\/95554"}],"wp:featuredmedia":[{"embeddable":true,"href":"https:\/\/radioljubuski.ba\/index.php\/wp-json\/wp\/v2\/media\/95553"}],"wp:attachment":[{"href":"https:\/\/radioljubuski.ba\/index.php\/wp-json\/wp\/v2\/media?parent=95552"}],"wp:term":[{"taxonomy":"category","embeddable":true,"href":"https:\/\/radioljubuski.ba\/index.php\/wp-json\/wp\/v2\/categories?post=95552"},{"taxonomy":"post_tag","embeddable":true,"href":"https:\/\/radioljubuski.ba\/index.php\/wp-json\/wp\/v2\/tags?post=95552"}],"curies":[{"name":"wp","href":"https:\/\/api.w.org\/{rel}","templated":true}]}}