{"id":95605,"date":"2021-12-03T20:17:38","date_gmt":"2021-12-03T19:17:38","guid":{"rendered":"https:\/\/radioljubuski.ba\/?p=95605"},"modified":"2021-12-03T20:17:39","modified_gmt":"2021-12-03T19:17:39","slug":"olimpijski-komitet-bih-nominirao-livnjaka-za-nagradu-za-zivotno-djelo","status":"publish","type":"post","link":"https:\/\/radioljubuski.ba\/index.php\/2021\/12\/03\/olimpijski-komitet-bih-nominirao-livnjaka-za-nagradu-za-zivotno-djelo\/","title":{"rendered":"Olimpijski komitet BiH nominirao Livnjaka za nagradu za \u201c\u017divotno djelo\u201d"},"content":{"rendered":"\n<p>Olimpijski komitet Bosne i Hercegovine nominirao je predsjednika Taekwondo kluba Magone iz Livna&nbsp;<strong>Augusta Orlovi\u0107a<\/strong>&nbsp;za nagradu za \u201c\u017divotno djelo\u201d.<\/p>\n\n\n\n<p>Izbor \u0107e se odr\u017eati u srijedu 08.12. 2021. godine sa po\u010detkom u 19.30 sati u prostorijama Olimpijskog komiteta BiH, te \u0107e biti izravan TV prijenos.<\/p>\n\n\n\n<figure class=\"wp-block-image\"><img decoding=\"async\" src=\"https:\/\/storage.pogled.ba\/images\/ce1f\/9562\/218884\/original\/3-2021-12-03-13-55-27-august-orlovi%C4%87-livno.jpg\" alt=\"3-2021-12-03-13-55-27-august-orlovi\u0107-livno.jpg\"\/><\/figure>\n\n\n\n<p>Izvor:relax-portal<\/p>\n","protected":false},"excerpt":{"rendered":"<p>Olimpijski komitet Bosne i Hercegovine nominirao je predsjednika Taekwondo kluba Magone iz Livna&nbsp;Augusta Orlovi\u0107a&nbsp;za nagradu za \u201c\u017divotno djelo\u201d. Izbor \u0107e se odr\u017eati u srijedu 08.12. 2021. godine sa po\u010detkom u 19.30 sati u prostorijama Olimpijskog komiteta BiH, te \u0107e biti izravan TV prijenos. Izvor:relax-portal<\/p>\n","protected":false},"author":2,"featured_media":95606,"comment_status":"closed","ping_status":"closed","sticky":false,"template":"","format":"standard","meta":{"h5ap_radio_sources":[],"footnotes":""},"categories":[7],"tags":[],"class_list":["post-95605","post","type-post","status-publish","format-standard","has-post-thumbnail","hentry","category-sport"],"yoast_head":"<!-- This site is optimized with the Yoast SEO plugin v27.4 - https:\/\/yoast.com\/product\/yoast-seo-wordpress\/ -->\n<title>Olimpijski komitet BiH nominirao Livnjaka za nagradu za \u201c\u017divotno djelo\u201d - RADIO LJUBU\u0160KI<\/title>\n<meta name=\"robots\" content=\"index, follow, max-snippet:-1, max-image-preview:large, max-video-preview:-1\" \/>\n<link rel=\"canonical\" href=\"https:\/\/radioljubuski.ba\/index.php\/2021\/12\/03\/olimpijski-komitet-bih-nominirao-livnjaka-za-nagradu-za-zivotno-djelo\/\" \/>\n<meta property=\"og:locale\" content=\"hr_HR\" \/>\n<meta property=\"og:type\" content=\"article\" \/>\n<meta property=\"og:title\" content=\"Olimpijski komitet BiH nominirao Livnjaka za nagradu za \u201c\u017divotno djelo\u201d - RADIO LJUBU\u0160KI\" \/>\n<meta property=\"og:description\" content=\"Olimpijski komitet Bosne i Hercegovine nominirao je predsjednika Taekwondo kluba Magone iz Livna&nbsp;Augusta Orlovi\u0107a&nbsp;za nagradu za \u201c\u017divotno djelo\u201d. Izbor \u0107e se odr\u017eati u srijedu 08.12. 2021. godine sa po\u010detkom u 19.30 sati u prostorijama Olimpijskog komiteta BiH, te \u0107e biti izravan TV prijenos. Izvor:relax-portal\" \/>\n<meta property=\"og:url\" content=\"https:\/\/radioljubuski.ba\/index.php\/2021\/12\/03\/olimpijski-komitet-bih-nominirao-livnjaka-za-nagradu-za-zivotno-djelo\/\" \/>\n<meta property=\"og:site_name\" content=\"RADIO LJUBU\u0160KI\" \/>\n<meta property=\"article:publisher\" content=\"https:\/\/www.facebook.com\/Radiio-Ljubuski-1490835324566332\" \/>\n<meta property=\"article:published_time\" content=\"2021-12-03T19:17:38+00:00\" \/>\n<meta property=\"article:modified_time\" content=\"2021-12-03T19:17:39+00:00\" \/>\n<meta property=\"og:image\" content=\"https:\/\/radioljubuski.ba\/wp-content\/uploads\/2021\/12\/3-2021-12-03-13-54-41-August-Orlovic-Livno-tkd.jpg\" \/>\n\t<meta property=\"og:image:width\" content=\"1000\" \/>\n\t<meta property=\"og:image:height\" content=\"625\" \/>\n\t<meta property=\"og:image:type\" content=\"image\/jpeg\" \/>\n<meta name=\"author\" content=\"Radio Ljubu\u0161ki\" \/>\n<meta name=\"twitter:card\" content=\"summary_large_image\" \/>\n<meta name=\"twitter:creator\" content=\"@radioljubuski\" \/>\n<meta name=\"twitter:site\" content=\"@radioljubuski\" \/>\n<meta name=\"twitter:label1\" content=\"Napisao\/la\" \/>\n\t<meta name=\"twitter:data1\" content=\"Radio Ljubu\u0161ki\" \/>\n\t<meta name=\"twitter:label2\" content=\"Procijenjeno vrijeme \u010ditanja\" \/>\n\t<meta name=\"twitter:data2\" content=\"1 minuta\" \/>\n<script type=\"application\/ld+json\" class=\"yoast-schema-graph\">{\"@context\":\"https:\\\/\\\/schema.org\",\"@graph\":[{\"@type\":\"Article\",\"@id\":\"https:\\\/\\\/radioljubuski.ba\\\/index.php\\\/2021\\\/12\\\/03\\\/olimpijski-komitet-bih-nominirao-livnjaka-za-nagradu-za-zivotno-djelo\\\/#article\",\"isPartOf\":{\"@id\":\"https:\\\/\\\/radioljubuski.ba\\\/index.php\\\/2021\\\/12\\\/03\\\/olimpijski-komitet-bih-nominirao-livnjaka-za-nagradu-za-zivotno-djelo\\\/\"},\"author\":{\"name\":\"Radio Ljubu\u0161ki\",\"@id\":\"https:\\\/\\\/radioljubuski.ba\\\/#\\\/schema\\\/person\\\/19fc700381a780f69665d7956c469e3b\"},\"headline\":\"Olimpijski komitet BiH nominirao Livnjaka za nagradu za \u201c\u017divotno djelo\u201d\",\"datePublished\":\"2021-12-03T19:17:38+00:00\",\"dateModified\":\"2021-12-03T19:17:39+00:00\",\"mainEntityOfPage\":{\"@id\":\"https:\\\/\\\/radioljubuski.ba\\\/index.php\\\/2021\\\/12\\\/03\\\/olimpijski-komitet-bih-nominirao-livnjaka-za-nagradu-za-zivotno-djelo\\\/\"},\"wordCount\":59,\"publisher\":{\"@id\":\"https:\\\/\\\/radioljubuski.ba\\\/#organization\"},\"image\":{\"@id\":\"https:\\\/\\\/radioljubuski.ba\\\/index.php\\\/2021\\\/12\\\/03\\\/olimpijski-komitet-bih-nominirao-livnjaka-za-nagradu-za-zivotno-djelo\\\/#primaryimage\"},\"thumbnailUrl\":\"https:\\\/\\\/radioljubuski.ba\\\/wp-content\\\/uploads\\\/2021\\\/12\\\/3-2021-12-03-13-54-41-August-Orlovic-Livno-tkd.jpg\",\"articleSection\":[\"\u0160port\"],\"inLanguage\":\"hr\"},{\"@type\":\"WebPage\",\"@id\":\"https:\\\/\\\/radioljubuski.ba\\\/index.php\\\/2021\\\/12\\\/03\\\/olimpijski-komitet-bih-nominirao-livnjaka-za-nagradu-za-zivotno-djelo\\\/\",\"url\":\"https:\\\/\\\/radioljubuski.ba\\\/index.php\\\/2021\\\/12\\\/03\\\/olimpijski-komitet-bih-nominirao-livnjaka-za-nagradu-za-zivotno-djelo\\\/\",\"name\":\"Olimpijski komitet BiH nominirao Livnjaka za nagradu za \u201c\u017divotno djelo\u201d - RADIO LJUBU\u0160KI\",\"isPartOf\":{\"@id\":\"https:\\\/\\\/radioljubuski.ba\\\/#website\"},\"primaryImageOfPage\":{\"@id\":\"https:\\\/\\\/radioljubuski.ba\\\/index.php\\\/2021\\\/12\\\/03\\\/olimpijski-komitet-bih-nominirao-livnjaka-za-nagradu-za-zivotno-djelo\\\/#primaryimage\"},\"image\":{\"@id\":\"https:\\\/\\\/radioljubuski.ba\\\/index.php\\\/2021\\\/12\\\/03\\\/olimpijski-komitet-bih-nominirao-livnjaka-za-nagradu-za-zivotno-djelo\\\/#primaryimage\"},\"thumbnailUrl\":\"https:\\\/\\\/radioljubuski.ba\\\/wp-content\\\/uploads\\\/2021\\\/12\\\/3-2021-12-03-13-54-41-August-Orlovic-Livno-tkd.jpg\",\"datePublished\":\"2021-12-03T19:17:38+00:00\",\"dateModified\":\"2021-12-03T19:17:39+00:00\",\"breadcrumb\":{\"@id\":\"https:\\\/\\\/radioljubuski.ba\\\/index.php\\\/2021\\\/12\\\/03\\\/olimpijski-komitet-bih-nominirao-livnjaka-za-nagradu-za-zivotno-djelo\\\/#breadcrumb\"},\"inLanguage\":\"hr\",\"potentialAction\":[{\"@type\":\"ReadAction\",\"target\":[\"https:\\\/\\\/radioljubuski.ba\\\/index.php\\\/2021\\\/12\\\/03\\\/olimpijski-komitet-bih-nominirao-livnjaka-za-nagradu-za-zivotno-djelo\\\/\"]}]},{\"@type\":\"ImageObject\",\"inLanguage\":\"hr\",\"@id\":\"https:\\\/\\\/radioljubuski.ba\\\/index.php\\\/2021\\\/12\\\/03\\\/olimpijski-komitet-bih-nominirao-livnjaka-za-nagradu-za-zivotno-djelo\\\/#primaryimage\",\"url\":\"https:\\\/\\\/radioljubuski.ba\\\/wp-content\\\/uploads\\\/2021\\\/12\\\/3-2021-12-03-13-54-41-August-Orlovic-Livno-tkd.jpg\",\"contentUrl\":\"https:\\\/\\\/radioljubuski.ba\\\/wp-content\\\/uploads\\\/2021\\\/12\\\/3-2021-12-03-13-54-41-August-Orlovic-Livno-tkd.jpg\",\"width\":1000,\"height\":625},{\"@type\":\"BreadcrumbList\",\"@id\":\"https:\\\/\\\/radioljubuski.ba\\\/index.php\\\/2021\\\/12\\\/03\\\/olimpijski-komitet-bih-nominirao-livnjaka-za-nagradu-za-zivotno-djelo\\\/#breadcrumb\",\"itemListElement\":[{\"@type\":\"ListItem\",\"position\":1,\"name\":\"Po\u010detna stranica\",\"item\":\"https:\\\/\\\/radioljubuski.ba\\\/\"},{\"@type\":\"ListItem\",\"position\":2,\"name\":\"Olimpijski komitet BiH nominirao Livnjaka za nagradu za \u201c\u017divotno djelo\u201d\"}]},{\"@type\":\"WebSite\",\"@id\":\"https:\\\/\\\/radioljubuski.ba\\\/#website\",\"url\":\"https:\\\/\\\/radioljubuski.ba\\\/\",\"name\":\"Radio Ljubu\u0161ki\",\"description\":\"Sun\u010dana frekvencija Hercegovine\",\"publisher\":{\"@id\":\"https:\\\/\\\/radioljubuski.ba\\\/#organization\"},\"potentialAction\":[{\"@type\":\"SearchAction\",\"target\":{\"@type\":\"EntryPoint\",\"urlTemplate\":\"https:\\\/\\\/radioljubuski.ba\\\/?s={search_term_string}\"},\"query-input\":{\"@type\":\"PropertyValueSpecification\",\"valueRequired\":true,\"valueName\":\"search_term_string\"}}],\"inLanguage\":\"hr\"},{\"@type\":\"Organization\",\"@id\":\"https:\\\/\\\/radioljubuski.ba\\\/#organization\",\"name\":\"Radio Ljubu\u0161ki\",\"url\":\"https:\\\/\\\/radioljubuski.ba\\\/\",\"logo\":{\"@type\":\"ImageObject\",\"inLanguage\":\"hr\",\"@id\":\"https:\\\/\\\/radioljubuski.ba\\\/#\\\/schema\\\/logo\\\/image\\\/\",\"url\":\"https:\\\/\\\/radioljubuski.ba\\\/wp-content\\\/uploads\\\/2021\\\/02\\\/cropped-Radio_Ljubuski_logo1.jpg\",\"contentUrl\":\"https:\\\/\\\/radioljubuski.ba\\\/wp-content\\\/uploads\\\/2021\\\/02\\\/cropped-Radio_Ljubuski_logo1.jpg\",\"width\":512,\"height\":512,\"caption\":\"Radio Ljubu\u0161ki\"},\"image\":{\"@id\":\"https:\\\/\\\/radioljubuski.ba\\\/#\\\/schema\\\/logo\\\/image\\\/\"},\"sameAs\":[\"https:\\\/\\\/www.facebook.com\\\/Radiio-Ljubuski-1490835324566332\",\"https:\\\/\\\/x.com\\\/radioljubuski\",\"https:\\\/\\\/hr.linkedin.com\\\/company\\\/radio-ljubuski\",\"https:\\\/\\\/www.youtube.com\\\/channel\\\/UCHYaeO_n0Db3tjNGudGpXyw\"]},{\"@type\":\"Person\",\"@id\":\"https:\\\/\\\/radioljubuski.ba\\\/#\\\/schema\\\/person\\\/19fc700381a780f69665d7956c469e3b\",\"name\":\"Radio Ljubu\u0161ki\"}]}<\/script>\n<!-- \/ Yoast SEO plugin. -->","yoast_head_json":{"title":"Olimpijski komitet BiH nominirao Livnjaka za nagradu za \u201c\u017divotno djelo\u201d - RADIO LJUBU\u0160KI","robots":{"index":"index","follow":"follow","max-snippet":"max-snippet:-1","max-image-preview":"max-image-preview:large","max-video-preview":"max-video-preview:-1"},"canonical":"https:\/\/radioljubuski.ba\/index.php\/2021\/12\/03\/olimpijski-komitet-bih-nominirao-livnjaka-za-nagradu-za-zivotno-djelo\/","og_locale":"hr_HR","og_type":"article","og_title":"Olimpijski komitet BiH nominirao Livnjaka za nagradu za \u201c\u017divotno djelo\u201d - RADIO LJUBU\u0160KI","og_description":"Olimpijski komitet Bosne i Hercegovine nominirao je predsjednika Taekwondo kluba Magone iz Livna&nbsp;Augusta Orlovi\u0107a&nbsp;za nagradu za \u201c\u017divotno djelo\u201d. Izbor \u0107e se odr\u017eati u srijedu 08.12. 2021. godine sa po\u010detkom u 19.30 sati u prostorijama Olimpijskog komiteta BiH, te \u0107e biti izravan TV prijenos. Izvor:relax-portal","og_url":"https:\/\/radioljubuski.ba\/index.php\/2021\/12\/03\/olimpijski-komitet-bih-nominirao-livnjaka-za-nagradu-za-zivotno-djelo\/","og_site_name":"RADIO LJUBU\u0160KI","article_publisher":"https:\/\/www.facebook.com\/Radiio-Ljubuski-1490835324566332","article_published_time":"2021-12-03T19:17:38+00:00","article_modified_time":"2021-12-03T19:17:39+00:00","og_image":[{"width":1000,"height":625,"url":"https:\/\/radioljubuski.ba\/wp-content\/uploads\/2021\/12\/3-2021-12-03-13-54-41-August-Orlovic-Livno-tkd.jpg","type":"image\/jpeg"}],"author":"Radio Ljubu\u0161ki","twitter_card":"summary_large_image","twitter_creator":"@radioljubuski","twitter_site":"@radioljubuski","twitter_misc":{"Napisao\/la":"Radio Ljubu\u0161ki","Procijenjeno vrijeme \u010ditanja":"1 minuta"},"schema":{"@context":"https:\/\/schema.org","@graph":[{"@type":"Article","@id":"https:\/\/radioljubuski.ba\/index.php\/2021\/12\/03\/olimpijski-komitet-bih-nominirao-livnjaka-za-nagradu-za-zivotno-djelo\/#article","isPartOf":{"@id":"https:\/\/radioljubuski.ba\/index.php\/2021\/12\/03\/olimpijski-komitet-bih-nominirao-livnjaka-za-nagradu-za-zivotno-djelo\/"},"author":{"name":"Radio Ljubu\u0161ki","@id":"https:\/\/radioljubuski.ba\/#\/schema\/person\/19fc700381a780f69665d7956c469e3b"},"headline":"Olimpijski komitet BiH nominirao Livnjaka za nagradu za \u201c\u017divotno djelo\u201d","datePublished":"2021-12-03T19:17:38+00:00","dateModified":"2021-12-03T19:17:39+00:00","mainEntityOfPage":{"@id":"https:\/\/radioljubuski.ba\/index.php\/2021\/12\/03\/olimpijski-komitet-bih-nominirao-livnjaka-za-nagradu-za-zivotno-djelo\/"},"wordCount":59,"publisher":{"@id":"https:\/\/radioljubuski.ba\/#organization"},"image":{"@id":"https:\/\/radioljubuski.ba\/index.php\/2021\/12\/03\/olimpijski-komitet-bih-nominirao-livnjaka-za-nagradu-za-zivotno-djelo\/#primaryimage"},"thumbnailUrl":"https:\/\/radioljubuski.ba\/wp-content\/uploads\/2021\/12\/3-2021-12-03-13-54-41-August-Orlovic-Livno-tkd.jpg","articleSection":["\u0160port"],"inLanguage":"hr"},{"@type":"WebPage","@id":"https:\/\/radioljubuski.ba\/index.php\/2021\/12\/03\/olimpijski-komitet-bih-nominirao-livnjaka-za-nagradu-za-zivotno-djelo\/","url":"https:\/\/radioljubuski.ba\/index.php\/2021\/12\/03\/olimpijski-komitet-bih-nominirao-livnjaka-za-nagradu-za-zivotno-djelo\/","name":"Olimpijski komitet BiH nominirao Livnjaka za nagradu za \u201c\u017divotno djelo\u201d - RADIO LJUBU\u0160KI","isPartOf":{"@id":"https:\/\/radioljubuski.ba\/#website"},"primaryImageOfPage":{"@id":"https:\/\/radioljubuski.ba\/index.php\/2021\/12\/03\/olimpijski-komitet-bih-nominirao-livnjaka-za-nagradu-za-zivotno-djelo\/#primaryimage"},"image":{"@id":"https:\/\/radioljubuski.ba\/index.php\/2021\/12\/03\/olimpijski-komitet-bih-nominirao-livnjaka-za-nagradu-za-zivotno-djelo\/#primaryimage"},"thumbnailUrl":"https:\/\/radioljubuski.ba\/wp-content\/uploads\/2021\/12\/3-2021-12-03-13-54-41-August-Orlovic-Livno-tkd.jpg","datePublished":"2021-12-03T19:17:38+00:00","dateModified":"2021-12-03T19:17:39+00:00","breadcrumb":{"@id":"https:\/\/radioljubuski.ba\/index.php\/2021\/12\/03\/olimpijski-komitet-bih-nominirao-livnjaka-za-nagradu-za-zivotno-djelo\/#breadcrumb"},"inLanguage":"hr","potentialAction":[{"@type":"ReadAction","target":["https:\/\/radioljubuski.ba\/index.php\/2021\/12\/03\/olimpijski-komitet-bih-nominirao-livnjaka-za-nagradu-za-zivotno-djelo\/"]}]},{"@type":"ImageObject","inLanguage":"hr","@id":"https:\/\/radioljubuski.ba\/index.php\/2021\/12\/03\/olimpijski-komitet-bih-nominirao-livnjaka-za-nagradu-za-zivotno-djelo\/#primaryimage","url":"https:\/\/radioljubuski.ba\/wp-content\/uploads\/2021\/12\/3-2021-12-03-13-54-41-August-Orlovic-Livno-tkd.jpg","contentUrl":"https:\/\/radioljubuski.ba\/wp-content\/uploads\/2021\/12\/3-2021-12-03-13-54-41-August-Orlovic-Livno-tkd.jpg","width":1000,"height":625},{"@type":"BreadcrumbList","@id":"https:\/\/radioljubuski.ba\/index.php\/2021\/12\/03\/olimpijski-komitet-bih-nominirao-livnjaka-za-nagradu-za-zivotno-djelo\/#breadcrumb","itemListElement":[{"@type":"ListItem","position":1,"name":"Po\u010detna stranica","item":"https:\/\/radioljubuski.ba\/"},{"@type":"ListItem","position":2,"name":"Olimpijski komitet BiH nominirao Livnjaka za nagradu za \u201c\u017divotno djelo\u201d"}]},{"@type":"WebSite","@id":"https:\/\/radioljubuski.ba\/#website","url":"https:\/\/radioljubuski.ba\/","name":"Radio Ljubu\u0161ki","description":"Sun\u010dana frekvencija Hercegovine","publisher":{"@id":"https:\/\/radioljubuski.ba\/#organization"},"potentialAction":[{"@type":"SearchAction","target":{"@type":"EntryPoint","urlTemplate":"https:\/\/radioljubuski.ba\/?s={search_term_string}"},"query-input":{"@type":"PropertyValueSpecification","valueRequired":true,"valueName":"search_term_string"}}],"inLanguage":"hr"},{"@type":"Organization","@id":"https:\/\/radioljubuski.ba\/#organization","name":"Radio Ljubu\u0161ki","url":"https:\/\/radioljubuski.ba\/","logo":{"@type":"ImageObject","inLanguage":"hr","@id":"https:\/\/radioljubuski.ba\/#\/schema\/logo\/image\/","url":"https:\/\/radioljubuski.ba\/wp-content\/uploads\/2021\/02\/cropped-Radio_Ljubuski_logo1.jpg","contentUrl":"https:\/\/radioljubuski.ba\/wp-content\/uploads\/2021\/02\/cropped-Radio_Ljubuski_logo1.jpg","width":512,"height":512,"caption":"Radio Ljubu\u0161ki"},"image":{"@id":"https:\/\/radioljubuski.ba\/#\/schema\/logo\/image\/"},"sameAs":["https:\/\/www.facebook.com\/Radiio-Ljubuski-1490835324566332","https:\/\/x.com\/radioljubuski","https:\/\/hr.linkedin.com\/company\/radio-ljubuski","https:\/\/www.youtube.com\/channel\/UCHYaeO_n0Db3tjNGudGpXyw"]},{"@type":"Person","@id":"https:\/\/radioljubuski.ba\/#\/schema\/person\/19fc700381a780f69665d7956c469e3b","name":"Radio Ljubu\u0161ki"}]}},"_links":{"self":[{"href":"https:\/\/radioljubuski.ba\/index.php\/wp-json\/wp\/v2\/posts\/95605","targetHints":{"allow":["GET"]}}],"collection":[{"href":"https:\/\/radioljubuski.ba\/index.php\/wp-json\/wp\/v2\/posts"}],"about":[{"href":"https:\/\/radioljubuski.ba\/index.php\/wp-json\/wp\/v2\/types\/post"}],"author":[{"embeddable":true,"href":"https:\/\/radioljubuski.ba\/index.php\/wp-json\/wp\/v2\/users\/2"}],"replies":[{"embeddable":true,"href":"https:\/\/radioljubuski.ba\/index.php\/wp-json\/wp\/v2\/comments?post=95605"}],"version-history":[{"count":1,"href":"https:\/\/radioljubuski.ba\/index.php\/wp-json\/wp\/v2\/posts\/95605\/revisions"}],"predecessor-version":[{"id":95607,"href":"https:\/\/radioljubuski.ba\/index.php\/wp-json\/wp\/v2\/posts\/95605\/revisions\/95607"}],"wp:featuredmedia":[{"embeddable":true,"href":"https:\/\/radioljubuski.ba\/index.php\/wp-json\/wp\/v2\/media\/95606"}],"wp:attachment":[{"href":"https:\/\/radioljubuski.ba\/index.php\/wp-json\/wp\/v2\/media?parent=95605"}],"wp:term":[{"taxonomy":"category","embeddable":true,"href":"https:\/\/radioljubuski.ba\/index.php\/wp-json\/wp\/v2\/categories?post=95605"},{"taxonomy":"post_tag","embeddable":true,"href":"https:\/\/radioljubuski.ba\/index.php\/wp-json\/wp\/v2\/tags?post=95605"}],"curies":[{"name":"wp","href":"https:\/\/api.w.org\/{rel}","templated":true}]}}