{"id":95636,"date":"2021-12-03T23:29:23","date_gmt":"2021-12-03T22:29:23","guid":{"rendered":"https:\/\/radioljubuski.ba\/?p=95636"},"modified":"2021-12-03T23:29:24","modified_gmt":"2021-12-03T22:29:24","slug":"na-sveucilistu-u-mostaru-obiljezen-medunarodni-dan-osoba-s-invaliditetom","status":"publish","type":"post","link":"https:\/\/radioljubuski.ba\/index.php\/2021\/12\/03\/na-sveucilistu-u-mostaru-obiljezen-medunarodni-dan-osoba-s-invaliditetom\/","title":{"rendered":"Na Sveu\u010dili\u0161tu u Mostaru obilje\u017een Me\u0111unarodni dan osoba s invaliditetom"},"content":{"rendered":"\n<p>Na Filozofskom fakultetu Sveu\u010dili\u0161ta u Mostaru obilje\u017een je Me\u0111unarodni dan osoba s invaliditetom koji se obilje\u017eava na dana\u0161nji dan \u0161irom svijeta.<\/p>\n\n\n\n<p>Rektor Sveu\u010dili\u0161ta u Mostaru Zoran Tomi\u0107 u svom je govoru kazao je kako je mostarsko sveu\u010dili\u0161te uvijek imalo empatiju i bilo osjetljivo na sve izazove s kojima se osobe s invaliditetom susre\u0107u.<\/p>\n\n\n\n<p>&#8211; Osobe s invaliditetom trebaju na\u0161u podr\u0161ku i uvijek \u0107e je imati sa Sveu\u010dili\u0161ta u Mostaru. \u017delimo da na\u0161i studenti budu uklju\u010deni u sve procese i mi nikada ne pravimo razliku ve\u0107 stojimo na raspolaganju. Budite glasni i uporni kako biste nas pokrenuli, a da time mi pokrenemo nove sustave kako bi nam svima \u017eivot bio ljep\u0161i i zadovoljni \u2013 kazao je Tomi\u0107.<\/p>\n\n\n\n<p>Gradona\u010delnik Mostara Mario Kordi\u0107 poru\u010dio je kako je o ovoj va\u017enoj temi potrebno jo\u0161 vi\u0161e govoriti u javnosti.<\/p>\n\n\n\n<p>&#8211; Jako je va\u017eno da se o ovoj temi javno govori i zahvaljujem Sveu\u010dili\u0161tu \u0161to je omogu\u0107ilo da se o temi osoba s invaliditetom razgovara na ovoj razini. Nadam se da \u0107emo svi mi koji se bavimo problemima osoba s invaliditetom osvijestiti druge i dati jednu novu energiju u rje\u0161avanju njihovih problema &#8211; kazao je mostarski gradona\u010delnik.<\/p>\n\n\n\n<p>Osvrnu se i na prilago\u0111enosti gradske infrastrukture osobama s invaliditetom, istaknuv\u0161i kako ona nije na zadovoljavaju\u0107oj razini.<\/p>\n\n\n\n<p>Poru\u010dio je kako \u0107e u\u010diniti sve \u0161to je u njegovoj mo\u0107i da se stanje popravi.<\/p>\n\n\n\n<p>Voditelj Ureda za osobe s invaliditetom na Sveu\u010dili\u0161tu u Mostaru Marijan Tustonja, istaknuo je kako studenti s invaliditetom u tom uredu mogu dobiti sve potrebne informacije i pomo\u0107 koja im je potrebna prilikom studiranja.<\/p>\n\n\n\n<p>&#8211; Ured za studente s invaliditetom funkcionira kao podr\u0161ka studentima s invaliditetom u zastupanju njih u odre\u0111enim situacijama kada sami nemaju konkretna rje\u0161enja. Do sada u Uredu u ovoj akademskoj godini imamo registriranih 29 studenata s invaliditetom \u0161to je dosta velika brojka, ali moramo staviti naglasak na one studente koji se jo\u0161 uvijek pla\u0161e prijaviti u na\u0161 ured &#8211; kazao je Tustonja.<\/p>\n\n\n\n<p>Dodao je kako se treba fokusirati na zakonske propise i regulative koji se ti\u010du ove problematike, a zatim zakonska rje\u0161enja spu\u0161tati s vi\u0161ih prema ni\u017eim razinama vlasti.<\/p>\n\n\n\n<p>Izvor:pogled.ba<\/p>\n","protected":false},"excerpt":{"rendered":"<p>Na Filozofskom fakultetu Sveu\u010dili\u0161ta u Mostaru obilje\u017een je Me\u0111unarodni dan osoba s invaliditetom koji se obilje\u017eava na dana\u0161nji dan \u0161irom svijeta. Rektor Sveu\u010dili\u0161ta u Mostaru Zoran Tomi\u0107 u svom je govoru kazao je kako je mostarsko sveu\u010dili\u0161te uvijek imalo empatiju i bilo osjetljivo na sve izazove s kojima se osobe s invaliditetom susre\u0107u. &#8211; Osobe [&hellip;]<\/p>\n","protected":false},"author":2,"featured_media":95637,"comment_status":"closed","ping_status":"closed","sticky":false,"template":"","format":"standard","meta":{"h5ap_radio_sources":[],"footnotes":""},"categories":[1],"tags":[],"class_list":["post-95636","post","type-post","status-publish","format-standard","has-post-thumbnail","hentry","category-bihiregija"],"yoast_head":"<!-- This site is optimized with the Yoast SEO plugin v27.4 - https:\/\/yoast.com\/product\/yoast-seo-wordpress\/ -->\n<title>Na Sveu\u010dili\u0161tu u Mostaru obilje\u017een Me\u0111unarodni dan osoba s invaliditetom - RADIO LJUBU\u0160KI<\/title>\n<meta name=\"robots\" content=\"index, follow, max-snippet:-1, max-image-preview:large, max-video-preview:-1\" \/>\n<link rel=\"canonical\" href=\"https:\/\/radioljubuski.ba\/index.php\/2021\/12\/03\/na-sveucilistu-u-mostaru-obiljezen-medunarodni-dan-osoba-s-invaliditetom\/\" \/>\n<meta property=\"og:locale\" content=\"hr_HR\" \/>\n<meta property=\"og:type\" content=\"article\" \/>\n<meta property=\"og:title\" content=\"Na Sveu\u010dili\u0161tu u Mostaru obilje\u017een Me\u0111unarodni dan osoba s invaliditetom - RADIO LJUBU\u0160KI\" \/>\n<meta property=\"og:description\" content=\"Na Filozofskom fakultetu Sveu\u010dili\u0161ta u Mostaru obilje\u017een je Me\u0111unarodni dan osoba s invaliditetom koji se obilje\u017eava na dana\u0161nji dan \u0161irom svijeta. Rektor Sveu\u010dili\u0161ta u Mostaru Zoran Tomi\u0107 u svom je govoru kazao je kako je mostarsko sveu\u010dili\u0161te uvijek imalo empatiju i bilo osjetljivo na sve izazove s kojima se osobe s invaliditetom susre\u0107u. &#8211; Osobe [&hellip;]\" \/>\n<meta property=\"og:url\" content=\"https:\/\/radioljubuski.ba\/index.php\/2021\/12\/03\/na-sveucilistu-u-mostaru-obiljezen-medunarodni-dan-osoba-s-invaliditetom\/\" \/>\n<meta property=\"og:site_name\" content=\"RADIO LJUBU\u0160KI\" \/>\n<meta property=\"article:publisher\" content=\"https:\/\/www.facebook.com\/Radiio-Ljubuski-1490835324566332\" \/>\n<meta property=\"article:published_time\" content=\"2021-12-03T22:29:23+00:00\" \/>\n<meta property=\"article:modified_time\" content=\"2021-12-03T22:29:24+00:00\" \/>\n<meta property=\"og:image\" content=\"https:\/\/radioljubuski.ba\/wp-content\/uploads\/2021\/12\/3-2021-12-03-15-32-13-sum_danOsi.jpeg\" \/>\n\t<meta property=\"og:image:width\" content=\"1000\" \/>\n\t<meta property=\"og:image:height\" content=\"625\" \/>\n\t<meta property=\"og:image:type\" content=\"image\/jpeg\" \/>\n<meta name=\"author\" content=\"Radio Ljubu\u0161ki\" \/>\n<meta name=\"twitter:card\" content=\"summary_large_image\" \/>\n<meta name=\"twitter:creator\" content=\"@radioljubuski\" \/>\n<meta name=\"twitter:site\" content=\"@radioljubuski\" \/>\n<meta name=\"twitter:label1\" content=\"Napisao\/la\" \/>\n\t<meta name=\"twitter:data1\" content=\"Radio Ljubu\u0161ki\" \/>\n\t<meta name=\"twitter:label2\" content=\"Procijenjeno vrijeme \u010ditanja\" \/>\n\t<meta name=\"twitter:data2\" content=\"2 minute\" \/>\n<script type=\"application\/ld+json\" class=\"yoast-schema-graph\">{\"@context\":\"https:\\\/\\\/schema.org\",\"@graph\":[{\"@type\":\"Article\",\"@id\":\"https:\\\/\\\/radioljubuski.ba\\\/index.php\\\/2021\\\/12\\\/03\\\/na-sveucilistu-u-mostaru-obiljezen-medunarodni-dan-osoba-s-invaliditetom\\\/#article\",\"isPartOf\":{\"@id\":\"https:\\\/\\\/radioljubuski.ba\\\/index.php\\\/2021\\\/12\\\/03\\\/na-sveucilistu-u-mostaru-obiljezen-medunarodni-dan-osoba-s-invaliditetom\\\/\"},\"author\":{\"name\":\"Radio Ljubu\u0161ki\",\"@id\":\"https:\\\/\\\/radioljubuski.ba\\\/#\\\/schema\\\/person\\\/19fc700381a780f69665d7956c469e3b\"},\"headline\":\"Na Sveu\u010dili\u0161tu u Mostaru obilje\u017een Me\u0111unarodni dan osoba s invaliditetom\",\"datePublished\":\"2021-12-03T22:29:23+00:00\",\"dateModified\":\"2021-12-03T22:29:24+00:00\",\"mainEntityOfPage\":{\"@id\":\"https:\\\/\\\/radioljubuski.ba\\\/index.php\\\/2021\\\/12\\\/03\\\/na-sveucilistu-u-mostaru-obiljezen-medunarodni-dan-osoba-s-invaliditetom\\\/\"},\"wordCount\":406,\"publisher\":{\"@id\":\"https:\\\/\\\/radioljubuski.ba\\\/#organization\"},\"image\":{\"@id\":\"https:\\\/\\\/radioljubuski.ba\\\/index.php\\\/2021\\\/12\\\/03\\\/na-sveucilistu-u-mostaru-obiljezen-medunarodni-dan-osoba-s-invaliditetom\\\/#primaryimage\"},\"thumbnailUrl\":\"https:\\\/\\\/radioljubuski.ba\\\/wp-content\\\/uploads\\\/2021\\\/12\\\/3-2021-12-03-15-32-13-sum_danOsi.jpeg\",\"articleSection\":[\"BIH i regija\"],\"inLanguage\":\"hr\"},{\"@type\":\"WebPage\",\"@id\":\"https:\\\/\\\/radioljubuski.ba\\\/index.php\\\/2021\\\/12\\\/03\\\/na-sveucilistu-u-mostaru-obiljezen-medunarodni-dan-osoba-s-invaliditetom\\\/\",\"url\":\"https:\\\/\\\/radioljubuski.ba\\\/index.php\\\/2021\\\/12\\\/03\\\/na-sveucilistu-u-mostaru-obiljezen-medunarodni-dan-osoba-s-invaliditetom\\\/\",\"name\":\"Na Sveu\u010dili\u0161tu u Mostaru obilje\u017een Me\u0111unarodni dan osoba s invaliditetom - RADIO LJUBU\u0160KI\",\"isPartOf\":{\"@id\":\"https:\\\/\\\/radioljubuski.ba\\\/#website\"},\"primaryImageOfPage\":{\"@id\":\"https:\\\/\\\/radioljubuski.ba\\\/index.php\\\/2021\\\/12\\\/03\\\/na-sveucilistu-u-mostaru-obiljezen-medunarodni-dan-osoba-s-invaliditetom\\\/#primaryimage\"},\"image\":{\"@id\":\"https:\\\/\\\/radioljubuski.ba\\\/index.php\\\/2021\\\/12\\\/03\\\/na-sveucilistu-u-mostaru-obiljezen-medunarodni-dan-osoba-s-invaliditetom\\\/#primaryimage\"},\"thumbnailUrl\":\"https:\\\/\\\/radioljubuski.ba\\\/wp-content\\\/uploads\\\/2021\\\/12\\\/3-2021-12-03-15-32-13-sum_danOsi.jpeg\",\"datePublished\":\"2021-12-03T22:29:23+00:00\",\"dateModified\":\"2021-12-03T22:29:24+00:00\",\"breadcrumb\":{\"@id\":\"https:\\\/\\\/radioljubuski.ba\\\/index.php\\\/2021\\\/12\\\/03\\\/na-sveucilistu-u-mostaru-obiljezen-medunarodni-dan-osoba-s-invaliditetom\\\/#breadcrumb\"},\"inLanguage\":\"hr\",\"potentialAction\":[{\"@type\":\"ReadAction\",\"target\":[\"https:\\\/\\\/radioljubuski.ba\\\/index.php\\\/2021\\\/12\\\/03\\\/na-sveucilistu-u-mostaru-obiljezen-medunarodni-dan-osoba-s-invaliditetom\\\/\"]}]},{\"@type\":\"ImageObject\",\"inLanguage\":\"hr\",\"@id\":\"https:\\\/\\\/radioljubuski.ba\\\/index.php\\\/2021\\\/12\\\/03\\\/na-sveucilistu-u-mostaru-obiljezen-medunarodni-dan-osoba-s-invaliditetom\\\/#primaryimage\",\"url\":\"https:\\\/\\\/radioljubuski.ba\\\/wp-content\\\/uploads\\\/2021\\\/12\\\/3-2021-12-03-15-32-13-sum_danOsi.jpeg\",\"contentUrl\":\"https:\\\/\\\/radioljubuski.ba\\\/wp-content\\\/uploads\\\/2021\\\/12\\\/3-2021-12-03-15-32-13-sum_danOsi.jpeg\",\"width\":1000,\"height\":625},{\"@type\":\"BreadcrumbList\",\"@id\":\"https:\\\/\\\/radioljubuski.ba\\\/index.php\\\/2021\\\/12\\\/03\\\/na-sveucilistu-u-mostaru-obiljezen-medunarodni-dan-osoba-s-invaliditetom\\\/#breadcrumb\",\"itemListElement\":[{\"@type\":\"ListItem\",\"position\":1,\"name\":\"Po\u010detna stranica\",\"item\":\"https:\\\/\\\/radioljubuski.ba\\\/\"},{\"@type\":\"ListItem\",\"position\":2,\"name\":\"Na Sveu\u010dili\u0161tu u Mostaru obilje\u017een Me\u0111unarodni dan osoba s invaliditetom\"}]},{\"@type\":\"WebSite\",\"@id\":\"https:\\\/\\\/radioljubuski.ba\\\/#website\",\"url\":\"https:\\\/\\\/radioljubuski.ba\\\/\",\"name\":\"Radio Ljubu\u0161ki\",\"description\":\"Sun\u010dana frekvencija Hercegovine\",\"publisher\":{\"@id\":\"https:\\\/\\\/radioljubuski.ba\\\/#organization\"},\"potentialAction\":[{\"@type\":\"SearchAction\",\"target\":{\"@type\":\"EntryPoint\",\"urlTemplate\":\"https:\\\/\\\/radioljubuski.ba\\\/?s={search_term_string}\"},\"query-input\":{\"@type\":\"PropertyValueSpecification\",\"valueRequired\":true,\"valueName\":\"search_term_string\"}}],\"inLanguage\":\"hr\"},{\"@type\":\"Organization\",\"@id\":\"https:\\\/\\\/radioljubuski.ba\\\/#organization\",\"name\":\"Radio Ljubu\u0161ki\",\"url\":\"https:\\\/\\\/radioljubuski.ba\\\/\",\"logo\":{\"@type\":\"ImageObject\",\"inLanguage\":\"hr\",\"@id\":\"https:\\\/\\\/radioljubuski.ba\\\/#\\\/schema\\\/logo\\\/image\\\/\",\"url\":\"https:\\\/\\\/radioljubuski.ba\\\/wp-content\\\/uploads\\\/2021\\\/02\\\/cropped-Radio_Ljubuski_logo1.jpg\",\"contentUrl\":\"https:\\\/\\\/radioljubuski.ba\\\/wp-content\\\/uploads\\\/2021\\\/02\\\/cropped-Radio_Ljubuski_logo1.jpg\",\"width\":512,\"height\":512,\"caption\":\"Radio Ljubu\u0161ki\"},\"image\":{\"@id\":\"https:\\\/\\\/radioljubuski.ba\\\/#\\\/schema\\\/logo\\\/image\\\/\"},\"sameAs\":[\"https:\\\/\\\/www.facebook.com\\\/Radiio-Ljubuski-1490835324566332\",\"https:\\\/\\\/x.com\\\/radioljubuski\",\"https:\\\/\\\/hr.linkedin.com\\\/company\\\/radio-ljubuski\",\"https:\\\/\\\/www.youtube.com\\\/channel\\\/UCHYaeO_n0Db3tjNGudGpXyw\"]},{\"@type\":\"Person\",\"@id\":\"https:\\\/\\\/radioljubuski.ba\\\/#\\\/schema\\\/person\\\/19fc700381a780f69665d7956c469e3b\",\"name\":\"Radio Ljubu\u0161ki\"}]}<\/script>\n<!-- \/ Yoast SEO plugin. -->","yoast_head_json":{"title":"Na Sveu\u010dili\u0161tu u Mostaru obilje\u017een Me\u0111unarodni dan osoba s invaliditetom - RADIO LJUBU\u0160KI","robots":{"index":"index","follow":"follow","max-snippet":"max-snippet:-1","max-image-preview":"max-image-preview:large","max-video-preview":"max-video-preview:-1"},"canonical":"https:\/\/radioljubuski.ba\/index.php\/2021\/12\/03\/na-sveucilistu-u-mostaru-obiljezen-medunarodni-dan-osoba-s-invaliditetom\/","og_locale":"hr_HR","og_type":"article","og_title":"Na Sveu\u010dili\u0161tu u Mostaru obilje\u017een Me\u0111unarodni dan osoba s invaliditetom - RADIO LJUBU\u0160KI","og_description":"Na Filozofskom fakultetu Sveu\u010dili\u0161ta u Mostaru obilje\u017een je Me\u0111unarodni dan osoba s invaliditetom koji se obilje\u017eava na dana\u0161nji dan \u0161irom svijeta. Rektor Sveu\u010dili\u0161ta u Mostaru Zoran Tomi\u0107 u svom je govoru kazao je kako je mostarsko sveu\u010dili\u0161te uvijek imalo empatiju i bilo osjetljivo na sve izazove s kojima se osobe s invaliditetom susre\u0107u. &#8211; Osobe [&hellip;]","og_url":"https:\/\/radioljubuski.ba\/index.php\/2021\/12\/03\/na-sveucilistu-u-mostaru-obiljezen-medunarodni-dan-osoba-s-invaliditetom\/","og_site_name":"RADIO LJUBU\u0160KI","article_publisher":"https:\/\/www.facebook.com\/Radiio-Ljubuski-1490835324566332","article_published_time":"2021-12-03T22:29:23+00:00","article_modified_time":"2021-12-03T22:29:24+00:00","og_image":[{"width":1000,"height":625,"url":"https:\/\/radioljubuski.ba\/wp-content\/uploads\/2021\/12\/3-2021-12-03-15-32-13-sum_danOsi.jpeg","type":"image\/jpeg"}],"author":"Radio Ljubu\u0161ki","twitter_card":"summary_large_image","twitter_creator":"@radioljubuski","twitter_site":"@radioljubuski","twitter_misc":{"Napisao\/la":"Radio Ljubu\u0161ki","Procijenjeno vrijeme \u010ditanja":"2 minute"},"schema":{"@context":"https:\/\/schema.org","@graph":[{"@type":"Article","@id":"https:\/\/radioljubuski.ba\/index.php\/2021\/12\/03\/na-sveucilistu-u-mostaru-obiljezen-medunarodni-dan-osoba-s-invaliditetom\/#article","isPartOf":{"@id":"https:\/\/radioljubuski.ba\/index.php\/2021\/12\/03\/na-sveucilistu-u-mostaru-obiljezen-medunarodni-dan-osoba-s-invaliditetom\/"},"author":{"name":"Radio Ljubu\u0161ki","@id":"https:\/\/radioljubuski.ba\/#\/schema\/person\/19fc700381a780f69665d7956c469e3b"},"headline":"Na Sveu\u010dili\u0161tu u Mostaru obilje\u017een Me\u0111unarodni dan osoba s invaliditetom","datePublished":"2021-12-03T22:29:23+00:00","dateModified":"2021-12-03T22:29:24+00:00","mainEntityOfPage":{"@id":"https:\/\/radioljubuski.ba\/index.php\/2021\/12\/03\/na-sveucilistu-u-mostaru-obiljezen-medunarodni-dan-osoba-s-invaliditetom\/"},"wordCount":406,"publisher":{"@id":"https:\/\/radioljubuski.ba\/#organization"},"image":{"@id":"https:\/\/radioljubuski.ba\/index.php\/2021\/12\/03\/na-sveucilistu-u-mostaru-obiljezen-medunarodni-dan-osoba-s-invaliditetom\/#primaryimage"},"thumbnailUrl":"https:\/\/radioljubuski.ba\/wp-content\/uploads\/2021\/12\/3-2021-12-03-15-32-13-sum_danOsi.jpeg","articleSection":["BIH i regija"],"inLanguage":"hr"},{"@type":"WebPage","@id":"https:\/\/radioljubuski.ba\/index.php\/2021\/12\/03\/na-sveucilistu-u-mostaru-obiljezen-medunarodni-dan-osoba-s-invaliditetom\/","url":"https:\/\/radioljubuski.ba\/index.php\/2021\/12\/03\/na-sveucilistu-u-mostaru-obiljezen-medunarodni-dan-osoba-s-invaliditetom\/","name":"Na Sveu\u010dili\u0161tu u Mostaru obilje\u017een Me\u0111unarodni dan osoba s invaliditetom - RADIO LJUBU\u0160KI","isPartOf":{"@id":"https:\/\/radioljubuski.ba\/#website"},"primaryImageOfPage":{"@id":"https:\/\/radioljubuski.ba\/index.php\/2021\/12\/03\/na-sveucilistu-u-mostaru-obiljezen-medunarodni-dan-osoba-s-invaliditetom\/#primaryimage"},"image":{"@id":"https:\/\/radioljubuski.ba\/index.php\/2021\/12\/03\/na-sveucilistu-u-mostaru-obiljezen-medunarodni-dan-osoba-s-invaliditetom\/#primaryimage"},"thumbnailUrl":"https:\/\/radioljubuski.ba\/wp-content\/uploads\/2021\/12\/3-2021-12-03-15-32-13-sum_danOsi.jpeg","datePublished":"2021-12-03T22:29:23+00:00","dateModified":"2021-12-03T22:29:24+00:00","breadcrumb":{"@id":"https:\/\/radioljubuski.ba\/index.php\/2021\/12\/03\/na-sveucilistu-u-mostaru-obiljezen-medunarodni-dan-osoba-s-invaliditetom\/#breadcrumb"},"inLanguage":"hr","potentialAction":[{"@type":"ReadAction","target":["https:\/\/radioljubuski.ba\/index.php\/2021\/12\/03\/na-sveucilistu-u-mostaru-obiljezen-medunarodni-dan-osoba-s-invaliditetom\/"]}]},{"@type":"ImageObject","inLanguage":"hr","@id":"https:\/\/radioljubuski.ba\/index.php\/2021\/12\/03\/na-sveucilistu-u-mostaru-obiljezen-medunarodni-dan-osoba-s-invaliditetom\/#primaryimage","url":"https:\/\/radioljubuski.ba\/wp-content\/uploads\/2021\/12\/3-2021-12-03-15-32-13-sum_danOsi.jpeg","contentUrl":"https:\/\/radioljubuski.ba\/wp-content\/uploads\/2021\/12\/3-2021-12-03-15-32-13-sum_danOsi.jpeg","width":1000,"height":625},{"@type":"BreadcrumbList","@id":"https:\/\/radioljubuski.ba\/index.php\/2021\/12\/03\/na-sveucilistu-u-mostaru-obiljezen-medunarodni-dan-osoba-s-invaliditetom\/#breadcrumb","itemListElement":[{"@type":"ListItem","position":1,"name":"Po\u010detna stranica","item":"https:\/\/radioljubuski.ba\/"},{"@type":"ListItem","position":2,"name":"Na Sveu\u010dili\u0161tu u Mostaru obilje\u017een Me\u0111unarodni dan osoba s invaliditetom"}]},{"@type":"WebSite","@id":"https:\/\/radioljubuski.ba\/#website","url":"https:\/\/radioljubuski.ba\/","name":"Radio Ljubu\u0161ki","description":"Sun\u010dana frekvencija Hercegovine","publisher":{"@id":"https:\/\/radioljubuski.ba\/#organization"},"potentialAction":[{"@type":"SearchAction","target":{"@type":"EntryPoint","urlTemplate":"https:\/\/radioljubuski.ba\/?s={search_term_string}"},"query-input":{"@type":"PropertyValueSpecification","valueRequired":true,"valueName":"search_term_string"}}],"inLanguage":"hr"},{"@type":"Organization","@id":"https:\/\/radioljubuski.ba\/#organization","name":"Radio Ljubu\u0161ki","url":"https:\/\/radioljubuski.ba\/","logo":{"@type":"ImageObject","inLanguage":"hr","@id":"https:\/\/radioljubuski.ba\/#\/schema\/logo\/image\/","url":"https:\/\/radioljubuski.ba\/wp-content\/uploads\/2021\/02\/cropped-Radio_Ljubuski_logo1.jpg","contentUrl":"https:\/\/radioljubuski.ba\/wp-content\/uploads\/2021\/02\/cropped-Radio_Ljubuski_logo1.jpg","width":512,"height":512,"caption":"Radio Ljubu\u0161ki"},"image":{"@id":"https:\/\/radioljubuski.ba\/#\/schema\/logo\/image\/"},"sameAs":["https:\/\/www.facebook.com\/Radiio-Ljubuski-1490835324566332","https:\/\/x.com\/radioljubuski","https:\/\/hr.linkedin.com\/company\/radio-ljubuski","https:\/\/www.youtube.com\/channel\/UCHYaeO_n0Db3tjNGudGpXyw"]},{"@type":"Person","@id":"https:\/\/radioljubuski.ba\/#\/schema\/person\/19fc700381a780f69665d7956c469e3b","name":"Radio Ljubu\u0161ki"}]}},"_links":{"self":[{"href":"https:\/\/radioljubuski.ba\/index.php\/wp-json\/wp\/v2\/posts\/95636","targetHints":{"allow":["GET"]}}],"collection":[{"href":"https:\/\/radioljubuski.ba\/index.php\/wp-json\/wp\/v2\/posts"}],"about":[{"href":"https:\/\/radioljubuski.ba\/index.php\/wp-json\/wp\/v2\/types\/post"}],"author":[{"embeddable":true,"href":"https:\/\/radioljubuski.ba\/index.php\/wp-json\/wp\/v2\/users\/2"}],"replies":[{"embeddable":true,"href":"https:\/\/radioljubuski.ba\/index.php\/wp-json\/wp\/v2\/comments?post=95636"}],"version-history":[{"count":1,"href":"https:\/\/radioljubuski.ba\/index.php\/wp-json\/wp\/v2\/posts\/95636\/revisions"}],"predecessor-version":[{"id":95638,"href":"https:\/\/radioljubuski.ba\/index.php\/wp-json\/wp\/v2\/posts\/95636\/revisions\/95638"}],"wp:featuredmedia":[{"embeddable":true,"href":"https:\/\/radioljubuski.ba\/index.php\/wp-json\/wp\/v2\/media\/95637"}],"wp:attachment":[{"href":"https:\/\/radioljubuski.ba\/index.php\/wp-json\/wp\/v2\/media?parent=95636"}],"wp:term":[{"taxonomy":"category","embeddable":true,"href":"https:\/\/radioljubuski.ba\/index.php\/wp-json\/wp\/v2\/categories?post=95636"},{"taxonomy":"post_tag","embeddable":true,"href":"https:\/\/radioljubuski.ba\/index.php\/wp-json\/wp\/v2\/tags?post=95636"}],"curies":[{"name":"wp","href":"https:\/\/api.w.org\/{rel}","templated":true}]}}