{"id":95655,"date":"2021-12-03T23:38:07","date_gmt":"2021-12-03T22:38:07","guid":{"rendered":"https:\/\/radioljubuski.ba\/?p=95655"},"modified":"2021-12-03T23:38:08","modified_gmt":"2021-12-03T22:38:08","slug":"schmidt-pisao-parlamentu-bih-preuzmite-odgovornost","status":"publish","type":"post","link":"https:\/\/radioljubuski.ba\/index.php\/2021\/12\/03\/schmidt-pisao-parlamentu-bih-preuzmite-odgovornost\/","title":{"rendered":"Schmidt pisao Parlamentu BiH: Preuzmite odgovornost"},"content":{"rendered":"\n<p>Visoki predstavnik za Bosnu i Hercegovinu Christian Schmidt uputio je pismo Parlamentarnoj skup\u0161tini BiH, Zastupni\u010dkom domu i Domu naroda.<\/p>\n\n\n\n<p>\u201cPrimarni fokus me\u0111unarodne zajednice u BiH je implementacija agende 5+2, \u010dije je ispunjenje neophodno za izlazak zemlje iz me\u0111unarodnog nadzora. U tom kontekstu prioriteti su rje\u0161avanje pitanja dr\u017eavne i vojne imovine. Slo\u017eenost ovoga opravdava osnivanje stru\u010dne radne grupe za formuliranje i razmatranje opcija za prihvatljivo i odr\u017eivo rje\u0161enje o dr\u017eavnoj i obrambenoj imovini. U tom smislu, Parlamentarna skup\u0161tina BiH ima va\u017enu ulogu. Stoga vas pozivam da preuzmete odgovornost nad ovim procesom, koji bi trebao rezultirati usvajanjem zakona na dr\u017eavnom nivou koji regulira ovu materiju\u201d, naveo je Schmidt, prenosi Faktor.<\/p>\n\n\n\n<p>Isti\u010de da \u201cradnu grupu na ovu temu treba da \u010dini adekvatan broj parlamentaraca, i predstavnika relevantnih institucija na dr\u017eavnom i entitetskom nivou, kao i doma\u0107ih i me\u0111unarodnih nezavisnih stru\u010dnjaka, uklju\u010duju\u0107i i predstavnike Europske unije\u201d.<\/p>\n\n\n\n<p>\u201cMoj Ured \u0107e aktivno sudjelovati i podr\u017eavati ovaj napor, uklju\u010duju\u0107i pravne i stru\u010dne savjete. OHR \u0107e Parlamentarnoj skup\u0161tini Bosne i Hercegovine dostaviti popis institucija iz dr\u017eave i entiteta, kao i relevantnih nezavisnih stru\u010dnjaka. O\u010dekujem da \u0107e Parlament BiH sazvati sjednicu radne grupe u najkra\u0107em mogu\u0107em roku. Moja ured vam stoji na raspolaganju za sva pitanja i dalju diskusiju\u201d, naveo je visoki predstavnik.<\/p>\n\n\n\n<p>Izvor:faktor.ba<\/p>\n","protected":false},"excerpt":{"rendered":"<p>Visoki predstavnik za Bosnu i Hercegovinu Christian Schmidt uputio je pismo Parlamentarnoj skup\u0161tini BiH, Zastupni\u010dkom domu i Domu naroda. \u201cPrimarni fokus me\u0111unarodne zajednice u BiH je implementacija agende 5+2, \u010dije je ispunjenje neophodno za izlazak zemlje iz me\u0111unarodnog nadzora. U tom kontekstu prioriteti su rje\u0161avanje pitanja dr\u017eavne i vojne imovine. Slo\u017eenost ovoga opravdava osnivanje stru\u010dne [&hellip;]<\/p>\n","protected":false},"author":2,"featured_media":53292,"comment_status":"closed","ping_status":"closed","sticky":false,"template":"","format":"standard","meta":{"h5ap_radio_sources":[],"footnotes":""},"categories":[1],"tags":[],"class_list":["post-95655","post","type-post","status-publish","format-standard","has-post-thumbnail","hentry","category-bihiregija"],"yoast_head":"<!-- This site is optimized with the Yoast SEO plugin v27.4 - https:\/\/yoast.com\/product\/yoast-seo-wordpress\/ -->\n<title>Schmidt pisao Parlamentu BiH: Preuzmite odgovornost - RADIO LJUBU\u0160KI<\/title>\n<meta name=\"robots\" content=\"index, follow, max-snippet:-1, max-image-preview:large, max-video-preview:-1\" \/>\n<link rel=\"canonical\" href=\"https:\/\/radioljubuski.ba\/index.php\/2021\/12\/03\/schmidt-pisao-parlamentu-bih-preuzmite-odgovornost\/\" \/>\n<meta property=\"og:locale\" content=\"hr_HR\" \/>\n<meta property=\"og:type\" content=\"article\" \/>\n<meta property=\"og:title\" content=\"Schmidt pisao Parlamentu BiH: Preuzmite odgovornost - RADIO LJUBU\u0160KI\" \/>\n<meta property=\"og:description\" content=\"Visoki predstavnik za Bosnu i Hercegovinu Christian Schmidt uputio je pismo Parlamentarnoj skup\u0161tini BiH, Zastupni\u010dkom domu i Domu naroda. \u201cPrimarni fokus me\u0111unarodne zajednice u BiH je implementacija agende 5+2, \u010dije je ispunjenje neophodno za izlazak zemlje iz me\u0111unarodnog nadzora. U tom kontekstu prioriteti su rje\u0161avanje pitanja dr\u017eavne i vojne imovine. Slo\u017eenost ovoga opravdava osnivanje stru\u010dne [&hellip;]\" \/>\n<meta property=\"og:url\" content=\"https:\/\/radioljubuski.ba\/index.php\/2021\/12\/03\/schmidt-pisao-parlamentu-bih-preuzmite-odgovornost\/\" \/>\n<meta property=\"og:site_name\" content=\"RADIO LJUBU\u0160KI\" \/>\n<meta property=\"article:publisher\" content=\"https:\/\/www.facebook.com\/Radiio-Ljubuski-1490835324566332\" \/>\n<meta property=\"article:published_time\" content=\"2021-12-03T22:38:07+00:00\" \/>\n<meta property=\"article:modified_time\" content=\"2021-12-03T22:38:08+00:00\" \/>\n<meta property=\"og:image\" content=\"https:\/\/radioljubuski.ba\/wp-content\/uploads\/2021\/08\/schmidt-press-1.jpg\" \/>\n\t<meta property=\"og:image:width\" content=\"750\" \/>\n\t<meta property=\"og:image:height\" content=\"465\" \/>\n\t<meta property=\"og:image:type\" content=\"image\/jpeg\" \/>\n<meta name=\"author\" content=\"Radio Ljubu\u0161ki\" \/>\n<meta name=\"twitter:card\" content=\"summary_large_image\" \/>\n<meta name=\"twitter:creator\" content=\"@radioljubuski\" \/>\n<meta name=\"twitter:site\" content=\"@radioljubuski\" \/>\n<meta name=\"twitter:label1\" content=\"Napisao\/la\" \/>\n\t<meta name=\"twitter:data1\" content=\"Radio Ljubu\u0161ki\" \/>\n\t<meta name=\"twitter:label2\" content=\"Procijenjeno vrijeme \u010ditanja\" \/>\n\t<meta name=\"twitter:data2\" content=\"1 minuta\" \/>\n<script type=\"application\/ld+json\" class=\"yoast-schema-graph\">{\"@context\":\"https:\\\/\\\/schema.org\",\"@graph\":[{\"@type\":\"Article\",\"@id\":\"https:\\\/\\\/radioljubuski.ba\\\/index.php\\\/2021\\\/12\\\/03\\\/schmidt-pisao-parlamentu-bih-preuzmite-odgovornost\\\/#article\",\"isPartOf\":{\"@id\":\"https:\\\/\\\/radioljubuski.ba\\\/index.php\\\/2021\\\/12\\\/03\\\/schmidt-pisao-parlamentu-bih-preuzmite-odgovornost\\\/\"},\"author\":{\"name\":\"Radio Ljubu\u0161ki\",\"@id\":\"https:\\\/\\\/radioljubuski.ba\\\/#\\\/schema\\\/person\\\/19fc700381a780f69665d7956c469e3b\"},\"headline\":\"Schmidt pisao Parlamentu BiH: Preuzmite odgovornost\",\"datePublished\":\"2021-12-03T22:38:07+00:00\",\"dateModified\":\"2021-12-03T22:38:08+00:00\",\"mainEntityOfPage\":{\"@id\":\"https:\\\/\\\/radioljubuski.ba\\\/index.php\\\/2021\\\/12\\\/03\\\/schmidt-pisao-parlamentu-bih-preuzmite-odgovornost\\\/\"},\"wordCount\":243,\"publisher\":{\"@id\":\"https:\\\/\\\/radioljubuski.ba\\\/#organization\"},\"image\":{\"@id\":\"https:\\\/\\\/radioljubuski.ba\\\/index.php\\\/2021\\\/12\\\/03\\\/schmidt-pisao-parlamentu-bih-preuzmite-odgovornost\\\/#primaryimage\"},\"thumbnailUrl\":\"https:\\\/\\\/radioljubuski.ba\\\/wp-content\\\/uploads\\\/2021\\\/08\\\/schmidt-press-1.jpg\",\"articleSection\":[\"BIH i regija\"],\"inLanguage\":\"hr\"},{\"@type\":\"WebPage\",\"@id\":\"https:\\\/\\\/radioljubuski.ba\\\/index.php\\\/2021\\\/12\\\/03\\\/schmidt-pisao-parlamentu-bih-preuzmite-odgovornost\\\/\",\"url\":\"https:\\\/\\\/radioljubuski.ba\\\/index.php\\\/2021\\\/12\\\/03\\\/schmidt-pisao-parlamentu-bih-preuzmite-odgovornost\\\/\",\"name\":\"Schmidt pisao Parlamentu BiH: Preuzmite odgovornost - RADIO LJUBU\u0160KI\",\"isPartOf\":{\"@id\":\"https:\\\/\\\/radioljubuski.ba\\\/#website\"},\"primaryImageOfPage\":{\"@id\":\"https:\\\/\\\/radioljubuski.ba\\\/index.php\\\/2021\\\/12\\\/03\\\/schmidt-pisao-parlamentu-bih-preuzmite-odgovornost\\\/#primaryimage\"},\"image\":{\"@id\":\"https:\\\/\\\/radioljubuski.ba\\\/index.php\\\/2021\\\/12\\\/03\\\/schmidt-pisao-parlamentu-bih-preuzmite-odgovornost\\\/#primaryimage\"},\"thumbnailUrl\":\"https:\\\/\\\/radioljubuski.ba\\\/wp-content\\\/uploads\\\/2021\\\/08\\\/schmidt-press-1.jpg\",\"datePublished\":\"2021-12-03T22:38:07+00:00\",\"dateModified\":\"2021-12-03T22:38:08+00:00\",\"breadcrumb\":{\"@id\":\"https:\\\/\\\/radioljubuski.ba\\\/index.php\\\/2021\\\/12\\\/03\\\/schmidt-pisao-parlamentu-bih-preuzmite-odgovornost\\\/#breadcrumb\"},\"inLanguage\":\"hr\",\"potentialAction\":[{\"@type\":\"ReadAction\",\"target\":[\"https:\\\/\\\/radioljubuski.ba\\\/index.php\\\/2021\\\/12\\\/03\\\/schmidt-pisao-parlamentu-bih-preuzmite-odgovornost\\\/\"]}]},{\"@type\":\"ImageObject\",\"inLanguage\":\"hr\",\"@id\":\"https:\\\/\\\/radioljubuski.ba\\\/index.php\\\/2021\\\/12\\\/03\\\/schmidt-pisao-parlamentu-bih-preuzmite-odgovornost\\\/#primaryimage\",\"url\":\"https:\\\/\\\/radioljubuski.ba\\\/wp-content\\\/uploads\\\/2021\\\/08\\\/schmidt-press-1.jpg\",\"contentUrl\":\"https:\\\/\\\/radioljubuski.ba\\\/wp-content\\\/uploads\\\/2021\\\/08\\\/schmidt-press-1.jpg\",\"width\":750,\"height\":465},{\"@type\":\"BreadcrumbList\",\"@id\":\"https:\\\/\\\/radioljubuski.ba\\\/index.php\\\/2021\\\/12\\\/03\\\/schmidt-pisao-parlamentu-bih-preuzmite-odgovornost\\\/#breadcrumb\",\"itemListElement\":[{\"@type\":\"ListItem\",\"position\":1,\"name\":\"Po\u010detna stranica\",\"item\":\"https:\\\/\\\/radioljubuski.ba\\\/\"},{\"@type\":\"ListItem\",\"position\":2,\"name\":\"Schmidt pisao Parlamentu BiH: Preuzmite odgovornost\"}]},{\"@type\":\"WebSite\",\"@id\":\"https:\\\/\\\/radioljubuski.ba\\\/#website\",\"url\":\"https:\\\/\\\/radioljubuski.ba\\\/\",\"name\":\"Radio Ljubu\u0161ki\",\"description\":\"Sun\u010dana frekvencija Hercegovine\",\"publisher\":{\"@id\":\"https:\\\/\\\/radioljubuski.ba\\\/#organization\"},\"potentialAction\":[{\"@type\":\"SearchAction\",\"target\":{\"@type\":\"EntryPoint\",\"urlTemplate\":\"https:\\\/\\\/radioljubuski.ba\\\/?s={search_term_string}\"},\"query-input\":{\"@type\":\"PropertyValueSpecification\",\"valueRequired\":true,\"valueName\":\"search_term_string\"}}],\"inLanguage\":\"hr\"},{\"@type\":\"Organization\",\"@id\":\"https:\\\/\\\/radioljubuski.ba\\\/#organization\",\"name\":\"Radio Ljubu\u0161ki\",\"url\":\"https:\\\/\\\/radioljubuski.ba\\\/\",\"logo\":{\"@type\":\"ImageObject\",\"inLanguage\":\"hr\",\"@id\":\"https:\\\/\\\/radioljubuski.ba\\\/#\\\/schema\\\/logo\\\/image\\\/\",\"url\":\"https:\\\/\\\/radioljubuski.ba\\\/wp-content\\\/uploads\\\/2021\\\/02\\\/cropped-Radio_Ljubuski_logo1.jpg\",\"contentUrl\":\"https:\\\/\\\/radioljubuski.ba\\\/wp-content\\\/uploads\\\/2021\\\/02\\\/cropped-Radio_Ljubuski_logo1.jpg\",\"width\":512,\"height\":512,\"caption\":\"Radio Ljubu\u0161ki\"},\"image\":{\"@id\":\"https:\\\/\\\/radioljubuski.ba\\\/#\\\/schema\\\/logo\\\/image\\\/\"},\"sameAs\":[\"https:\\\/\\\/www.facebook.com\\\/Radiio-Ljubuski-1490835324566332\",\"https:\\\/\\\/x.com\\\/radioljubuski\",\"https:\\\/\\\/hr.linkedin.com\\\/company\\\/radio-ljubuski\",\"https:\\\/\\\/www.youtube.com\\\/channel\\\/UCHYaeO_n0Db3tjNGudGpXyw\"]},{\"@type\":\"Person\",\"@id\":\"https:\\\/\\\/radioljubuski.ba\\\/#\\\/schema\\\/person\\\/19fc700381a780f69665d7956c469e3b\",\"name\":\"Radio Ljubu\u0161ki\"}]}<\/script>\n<!-- \/ Yoast SEO plugin. -->","yoast_head_json":{"title":"Schmidt pisao Parlamentu BiH: Preuzmite odgovornost - RADIO LJUBU\u0160KI","robots":{"index":"index","follow":"follow","max-snippet":"max-snippet:-1","max-image-preview":"max-image-preview:large","max-video-preview":"max-video-preview:-1"},"canonical":"https:\/\/radioljubuski.ba\/index.php\/2021\/12\/03\/schmidt-pisao-parlamentu-bih-preuzmite-odgovornost\/","og_locale":"hr_HR","og_type":"article","og_title":"Schmidt pisao Parlamentu BiH: Preuzmite odgovornost - RADIO LJUBU\u0160KI","og_description":"Visoki predstavnik za Bosnu i Hercegovinu Christian Schmidt uputio je pismo Parlamentarnoj skup\u0161tini BiH, Zastupni\u010dkom domu i Domu naroda. \u201cPrimarni fokus me\u0111unarodne zajednice u BiH je implementacija agende 5+2, \u010dije je ispunjenje neophodno za izlazak zemlje iz me\u0111unarodnog nadzora. U tom kontekstu prioriteti su rje\u0161avanje pitanja dr\u017eavne i vojne imovine. Slo\u017eenost ovoga opravdava osnivanje stru\u010dne [&hellip;]","og_url":"https:\/\/radioljubuski.ba\/index.php\/2021\/12\/03\/schmidt-pisao-parlamentu-bih-preuzmite-odgovornost\/","og_site_name":"RADIO LJUBU\u0160KI","article_publisher":"https:\/\/www.facebook.com\/Radiio-Ljubuski-1490835324566332","article_published_time":"2021-12-03T22:38:07+00:00","article_modified_time":"2021-12-03T22:38:08+00:00","og_image":[{"width":750,"height":465,"url":"https:\/\/radioljubuski.ba\/wp-content\/uploads\/2021\/08\/schmidt-press-1.jpg","type":"image\/jpeg"}],"author":"Radio Ljubu\u0161ki","twitter_card":"summary_large_image","twitter_creator":"@radioljubuski","twitter_site":"@radioljubuski","twitter_misc":{"Napisao\/la":"Radio Ljubu\u0161ki","Procijenjeno vrijeme \u010ditanja":"1 minuta"},"schema":{"@context":"https:\/\/schema.org","@graph":[{"@type":"Article","@id":"https:\/\/radioljubuski.ba\/index.php\/2021\/12\/03\/schmidt-pisao-parlamentu-bih-preuzmite-odgovornost\/#article","isPartOf":{"@id":"https:\/\/radioljubuski.ba\/index.php\/2021\/12\/03\/schmidt-pisao-parlamentu-bih-preuzmite-odgovornost\/"},"author":{"name":"Radio Ljubu\u0161ki","@id":"https:\/\/radioljubuski.ba\/#\/schema\/person\/19fc700381a780f69665d7956c469e3b"},"headline":"Schmidt pisao Parlamentu BiH: Preuzmite odgovornost","datePublished":"2021-12-03T22:38:07+00:00","dateModified":"2021-12-03T22:38:08+00:00","mainEntityOfPage":{"@id":"https:\/\/radioljubuski.ba\/index.php\/2021\/12\/03\/schmidt-pisao-parlamentu-bih-preuzmite-odgovornost\/"},"wordCount":243,"publisher":{"@id":"https:\/\/radioljubuski.ba\/#organization"},"image":{"@id":"https:\/\/radioljubuski.ba\/index.php\/2021\/12\/03\/schmidt-pisao-parlamentu-bih-preuzmite-odgovornost\/#primaryimage"},"thumbnailUrl":"https:\/\/radioljubuski.ba\/wp-content\/uploads\/2021\/08\/schmidt-press-1.jpg","articleSection":["BIH i regija"],"inLanguage":"hr"},{"@type":"WebPage","@id":"https:\/\/radioljubuski.ba\/index.php\/2021\/12\/03\/schmidt-pisao-parlamentu-bih-preuzmite-odgovornost\/","url":"https:\/\/radioljubuski.ba\/index.php\/2021\/12\/03\/schmidt-pisao-parlamentu-bih-preuzmite-odgovornost\/","name":"Schmidt pisao Parlamentu BiH: Preuzmite odgovornost - RADIO LJUBU\u0160KI","isPartOf":{"@id":"https:\/\/radioljubuski.ba\/#website"},"primaryImageOfPage":{"@id":"https:\/\/radioljubuski.ba\/index.php\/2021\/12\/03\/schmidt-pisao-parlamentu-bih-preuzmite-odgovornost\/#primaryimage"},"image":{"@id":"https:\/\/radioljubuski.ba\/index.php\/2021\/12\/03\/schmidt-pisao-parlamentu-bih-preuzmite-odgovornost\/#primaryimage"},"thumbnailUrl":"https:\/\/radioljubuski.ba\/wp-content\/uploads\/2021\/08\/schmidt-press-1.jpg","datePublished":"2021-12-03T22:38:07+00:00","dateModified":"2021-12-03T22:38:08+00:00","breadcrumb":{"@id":"https:\/\/radioljubuski.ba\/index.php\/2021\/12\/03\/schmidt-pisao-parlamentu-bih-preuzmite-odgovornost\/#breadcrumb"},"inLanguage":"hr","potentialAction":[{"@type":"ReadAction","target":["https:\/\/radioljubuski.ba\/index.php\/2021\/12\/03\/schmidt-pisao-parlamentu-bih-preuzmite-odgovornost\/"]}]},{"@type":"ImageObject","inLanguage":"hr","@id":"https:\/\/radioljubuski.ba\/index.php\/2021\/12\/03\/schmidt-pisao-parlamentu-bih-preuzmite-odgovornost\/#primaryimage","url":"https:\/\/radioljubuski.ba\/wp-content\/uploads\/2021\/08\/schmidt-press-1.jpg","contentUrl":"https:\/\/radioljubuski.ba\/wp-content\/uploads\/2021\/08\/schmidt-press-1.jpg","width":750,"height":465},{"@type":"BreadcrumbList","@id":"https:\/\/radioljubuski.ba\/index.php\/2021\/12\/03\/schmidt-pisao-parlamentu-bih-preuzmite-odgovornost\/#breadcrumb","itemListElement":[{"@type":"ListItem","position":1,"name":"Po\u010detna stranica","item":"https:\/\/radioljubuski.ba\/"},{"@type":"ListItem","position":2,"name":"Schmidt pisao Parlamentu BiH: Preuzmite odgovornost"}]},{"@type":"WebSite","@id":"https:\/\/radioljubuski.ba\/#website","url":"https:\/\/radioljubuski.ba\/","name":"Radio Ljubu\u0161ki","description":"Sun\u010dana frekvencija Hercegovine","publisher":{"@id":"https:\/\/radioljubuski.ba\/#organization"},"potentialAction":[{"@type":"SearchAction","target":{"@type":"EntryPoint","urlTemplate":"https:\/\/radioljubuski.ba\/?s={search_term_string}"},"query-input":{"@type":"PropertyValueSpecification","valueRequired":true,"valueName":"search_term_string"}}],"inLanguage":"hr"},{"@type":"Organization","@id":"https:\/\/radioljubuski.ba\/#organization","name":"Radio Ljubu\u0161ki","url":"https:\/\/radioljubuski.ba\/","logo":{"@type":"ImageObject","inLanguage":"hr","@id":"https:\/\/radioljubuski.ba\/#\/schema\/logo\/image\/","url":"https:\/\/radioljubuski.ba\/wp-content\/uploads\/2021\/02\/cropped-Radio_Ljubuski_logo1.jpg","contentUrl":"https:\/\/radioljubuski.ba\/wp-content\/uploads\/2021\/02\/cropped-Radio_Ljubuski_logo1.jpg","width":512,"height":512,"caption":"Radio Ljubu\u0161ki"},"image":{"@id":"https:\/\/radioljubuski.ba\/#\/schema\/logo\/image\/"},"sameAs":["https:\/\/www.facebook.com\/Radiio-Ljubuski-1490835324566332","https:\/\/x.com\/radioljubuski","https:\/\/hr.linkedin.com\/company\/radio-ljubuski","https:\/\/www.youtube.com\/channel\/UCHYaeO_n0Db3tjNGudGpXyw"]},{"@type":"Person","@id":"https:\/\/radioljubuski.ba\/#\/schema\/person\/19fc700381a780f69665d7956c469e3b","name":"Radio Ljubu\u0161ki"}]}},"_links":{"self":[{"href":"https:\/\/radioljubuski.ba\/index.php\/wp-json\/wp\/v2\/posts\/95655","targetHints":{"allow":["GET"]}}],"collection":[{"href":"https:\/\/radioljubuski.ba\/index.php\/wp-json\/wp\/v2\/posts"}],"about":[{"href":"https:\/\/radioljubuski.ba\/index.php\/wp-json\/wp\/v2\/types\/post"}],"author":[{"embeddable":true,"href":"https:\/\/radioljubuski.ba\/index.php\/wp-json\/wp\/v2\/users\/2"}],"replies":[{"embeddable":true,"href":"https:\/\/radioljubuski.ba\/index.php\/wp-json\/wp\/v2\/comments?post=95655"}],"version-history":[{"count":1,"href":"https:\/\/radioljubuski.ba\/index.php\/wp-json\/wp\/v2\/posts\/95655\/revisions"}],"predecessor-version":[{"id":95656,"href":"https:\/\/radioljubuski.ba\/index.php\/wp-json\/wp\/v2\/posts\/95655\/revisions\/95656"}],"wp:featuredmedia":[{"embeddable":true,"href":"https:\/\/radioljubuski.ba\/index.php\/wp-json\/wp\/v2\/media\/53292"}],"wp:attachment":[{"href":"https:\/\/radioljubuski.ba\/index.php\/wp-json\/wp\/v2\/media?parent=95655"}],"wp:term":[{"taxonomy":"category","embeddable":true,"href":"https:\/\/radioljubuski.ba\/index.php\/wp-json\/wp\/v2\/categories?post=95655"},{"taxonomy":"post_tag","embeddable":true,"href":"https:\/\/radioljubuski.ba\/index.php\/wp-json\/wp\/v2\/tags?post=95655"}],"curies":[{"name":"wp","href":"https:\/\/api.w.org\/{rel}","templated":true}]}}