{"id":95657,"date":"2021-12-03T23:39:12","date_gmt":"2021-12-03T22:39:12","guid":{"rendered":"https:\/\/radioljubuski.ba\/?p=95657"},"modified":"2021-12-03T23:39:12","modified_gmt":"2021-12-03T22:39:12","slug":"fatalna-sunita-ponovo-pred-vrhovnim-sudom-f-bih","status":"publish","type":"post","link":"https:\/\/radioljubuski.ba\/index.php\/2021\/12\/03\/fatalna-sunita-ponovo-pred-vrhovnim-sudom-f-bih\/","title":{"rendered":"Fatalna Sunita ponovo pred Vrhovnim sudom F BiH"},"content":{"rendered":"\n<p>U Vrhovnom sudu Federacije BiH je za 29.prosinca zakazan pretres u predmetu protiv Sunite Hindi\u0107 (23), optu\u017eene za ubojstvo Nine Ivankovi\u0107a (55), mostarskog ugostitelja.<\/p>\n\n\n\n<p>Ovu informaciju &nbsp;je potvrdila &nbsp;Nada Dalipagi\u0107, njena odvjetnica po slu\u017ebenoj du\u017enosti, pi\u0161e Avaz.<\/p>\n\n\n\n<p>Ovaj pretres je zakazan, nakon \u0161to je, podsjetimo, Vrhovni sud F BiH, razmotriv\u0161i \u017ealbu Tu\u017eiteljstva Hercegova\u010dko-neretvanske \u017eupanije, ukinuo presudu \u017eupanijskog suda u Mostaru, izre\u010denu u ponovljenom sudskom postupku, a kojom je Hindi\u0107, poznata kao fatalna Sunita, bila osu\u0111ena na zatvorsku kaznu u trajanju od tri i po godine.<\/p>\n\n\n\n<p>Iz Tu\u017eiteljstva HN\u017d su, podsjetimo, &nbsp;ulo\u017eili \u017ealbu na presudu koju je \u017dupanijski sud u Mostaru izrekao 31.svibnja u ponovljenom postupku i to zbog bitne povrede odredbi krivi\u010dnog postupka, &nbsp;pogre\u0161no i nepotpuno utvr\u0111enog \u010dinjeni\u010dnog stanja, kao i odluke o krivi\u010dno-pravnoj sankciji.<\/p>\n\n\n\n<p>Naime, iz Tu\u017eiteljstva HN\u017d su naveli kako postoje dokazi koji idu u prilog tome &nbsp;da je rije\u010d o ubojstvu s umi\u0161ljajem.<\/p>\n\n\n\n<p>S druge strane, Dalipagi\u0107 je iznosila je da se radilo o ubojstvu iz nehaja, kako &nbsp;je to u dva navrata ocijenilo i Sudsko vije\u0107e \u017dupanijskog suda u Mostaru.<\/p>\n\n\n\n<p>Hindi\u0107, poznata kao fatalna Sunita, iskoristila je zakonsko pravo da se prije pravomo\u0107nosti presude uputi na izdr\u017eavanje kazne, kao i da joj se odobri premje\u0161taj u KPZ Tuzla \u0161to joj je &nbsp;i udovoljeno te je pritvorsku jedinicu KPZ-a Mostar &nbsp;u kojoj se nalazila od 6.listopada 2019. godine napustila 19.srpnja ove godine.<\/p>\n\n\n\n<p>Izvor:avaz.ba<\/p>\n","protected":false},"excerpt":{"rendered":"<p>U Vrhovnom sudu Federacije BiH je za 29.prosinca zakazan pretres u predmetu protiv Sunite Hindi\u0107 (23), optu\u017eene za ubojstvo Nine Ivankovi\u0107a (55), mostarskog ugostitelja. Ovu informaciju &nbsp;je potvrdila &nbsp;Nada Dalipagi\u0107, njena odvjetnica po slu\u017ebenoj du\u017enosti, pi\u0161e Avaz. Ovaj pretres je zakazan, nakon \u0161to je, podsjetimo, Vrhovni sud F BiH, razmotriv\u0161i \u017ealbu Tu\u017eiteljstva Hercegova\u010dko-neretvanske \u017eupanije, ukinuo [&hellip;]<\/p>\n","protected":false},"author":2,"featured_media":95658,"comment_status":"closed","ping_status":"closed","sticky":false,"template":"","format":"standard","meta":{"h5ap_radio_sources":[],"footnotes":""},"categories":[1],"tags":[],"class_list":["post-95657","post","type-post","status-publish","format-standard","has-post-thumbnail","hentry","category-bihiregija"],"yoast_head":"<!-- This site is optimized with the Yoast SEO plugin v27.4 - https:\/\/yoast.com\/product\/yoast-seo-wordpress\/ -->\n<title>Fatalna Sunita ponovo pred Vrhovnim sudom F BiH - RADIO LJUBU\u0160KI<\/title>\n<meta name=\"robots\" content=\"index, follow, max-snippet:-1, max-image-preview:large, max-video-preview:-1\" \/>\n<link rel=\"canonical\" href=\"https:\/\/radioljubuski.ba\/index.php\/2021\/12\/03\/fatalna-sunita-ponovo-pred-vrhovnim-sudom-f-bih\/\" \/>\n<meta property=\"og:locale\" content=\"hr_HR\" \/>\n<meta property=\"og:type\" content=\"article\" \/>\n<meta property=\"og:title\" content=\"Fatalna Sunita ponovo pred Vrhovnim sudom F BiH - RADIO LJUBU\u0160KI\" \/>\n<meta property=\"og:description\" content=\"U Vrhovnom sudu Federacije BiH je za 29.prosinca zakazan pretres u predmetu protiv Sunite Hindi\u0107 (23), optu\u017eene za ubojstvo Nine Ivankovi\u0107a (55), mostarskog ugostitelja. Ovu informaciju &nbsp;je potvrdila &nbsp;Nada Dalipagi\u0107, njena odvjetnica po slu\u017ebenoj du\u017enosti, pi\u0161e Avaz. Ovaj pretres je zakazan, nakon \u0161to je, podsjetimo, Vrhovni sud F BiH, razmotriv\u0161i \u017ealbu Tu\u017eiteljstva Hercegova\u010dko-neretvanske \u017eupanije, ukinuo [&hellip;]\" \/>\n<meta property=\"og:url\" content=\"https:\/\/radioljubuski.ba\/index.php\/2021\/12\/03\/fatalna-sunita-ponovo-pred-vrhovnim-sudom-f-bih\/\" \/>\n<meta property=\"og:site_name\" content=\"RADIO LJUBU\u0160KI\" \/>\n<meta property=\"article:publisher\" content=\"https:\/\/www.facebook.com\/Radiio-Ljubuski-1490835324566332\" \/>\n<meta property=\"article:published_time\" content=\"2021-12-03T22:39:12+00:00\" \/>\n<meta property=\"og:image\" content=\"https:\/\/radioljubuski.ba\/wp-content\/uploads\/2021\/12\/9-2021-11-09-15-29-29-sunitate.jpg\" \/>\n\t<meta property=\"og:image:width\" content=\"1000\" \/>\n\t<meta property=\"og:image:height\" content=\"625\" \/>\n\t<meta property=\"og:image:type\" content=\"image\/jpeg\" \/>\n<meta name=\"author\" content=\"Radio Ljubu\u0161ki\" \/>\n<meta name=\"twitter:card\" content=\"summary_large_image\" \/>\n<meta name=\"twitter:creator\" content=\"@radioljubuski\" \/>\n<meta name=\"twitter:site\" content=\"@radioljubuski\" \/>\n<meta name=\"twitter:label1\" content=\"Napisao\/la\" \/>\n\t<meta name=\"twitter:data1\" content=\"Radio Ljubu\u0161ki\" \/>\n\t<meta name=\"twitter:label2\" content=\"Procijenjeno vrijeme \u010ditanja\" \/>\n\t<meta name=\"twitter:data2\" content=\"1 minuta\" \/>\n<script type=\"application\/ld+json\" class=\"yoast-schema-graph\">{\"@context\":\"https:\\\/\\\/schema.org\",\"@graph\":[{\"@type\":\"Article\",\"@id\":\"https:\\\/\\\/radioljubuski.ba\\\/index.php\\\/2021\\\/12\\\/03\\\/fatalna-sunita-ponovo-pred-vrhovnim-sudom-f-bih\\\/#article\",\"isPartOf\":{\"@id\":\"https:\\\/\\\/radioljubuski.ba\\\/index.php\\\/2021\\\/12\\\/03\\\/fatalna-sunita-ponovo-pred-vrhovnim-sudom-f-bih\\\/\"},\"author\":{\"name\":\"Radio Ljubu\u0161ki\",\"@id\":\"https:\\\/\\\/radioljubuski.ba\\\/#\\\/schema\\\/person\\\/19fc700381a780f69665d7956c469e3b\"},\"headline\":\"Fatalna Sunita ponovo pred Vrhovnim sudom F BiH\",\"datePublished\":\"2021-12-03T22:39:12+00:00\",\"mainEntityOfPage\":{\"@id\":\"https:\\\/\\\/radioljubuski.ba\\\/index.php\\\/2021\\\/12\\\/03\\\/fatalna-sunita-ponovo-pred-vrhovnim-sudom-f-bih\\\/\"},\"wordCount\":264,\"publisher\":{\"@id\":\"https:\\\/\\\/radioljubuski.ba\\\/#organization\"},\"image\":{\"@id\":\"https:\\\/\\\/radioljubuski.ba\\\/index.php\\\/2021\\\/12\\\/03\\\/fatalna-sunita-ponovo-pred-vrhovnim-sudom-f-bih\\\/#primaryimage\"},\"thumbnailUrl\":\"https:\\\/\\\/radioljubuski.ba\\\/wp-content\\\/uploads\\\/2021\\\/12\\\/9-2021-11-09-15-29-29-sunitate.jpg\",\"articleSection\":[\"BIH i regija\"],\"inLanguage\":\"hr\"},{\"@type\":\"WebPage\",\"@id\":\"https:\\\/\\\/radioljubuski.ba\\\/index.php\\\/2021\\\/12\\\/03\\\/fatalna-sunita-ponovo-pred-vrhovnim-sudom-f-bih\\\/\",\"url\":\"https:\\\/\\\/radioljubuski.ba\\\/index.php\\\/2021\\\/12\\\/03\\\/fatalna-sunita-ponovo-pred-vrhovnim-sudom-f-bih\\\/\",\"name\":\"Fatalna Sunita ponovo pred Vrhovnim sudom F BiH - RADIO LJUBU\u0160KI\",\"isPartOf\":{\"@id\":\"https:\\\/\\\/radioljubuski.ba\\\/#website\"},\"primaryImageOfPage\":{\"@id\":\"https:\\\/\\\/radioljubuski.ba\\\/index.php\\\/2021\\\/12\\\/03\\\/fatalna-sunita-ponovo-pred-vrhovnim-sudom-f-bih\\\/#primaryimage\"},\"image\":{\"@id\":\"https:\\\/\\\/radioljubuski.ba\\\/index.php\\\/2021\\\/12\\\/03\\\/fatalna-sunita-ponovo-pred-vrhovnim-sudom-f-bih\\\/#primaryimage\"},\"thumbnailUrl\":\"https:\\\/\\\/radioljubuski.ba\\\/wp-content\\\/uploads\\\/2021\\\/12\\\/9-2021-11-09-15-29-29-sunitate.jpg\",\"datePublished\":\"2021-12-03T22:39:12+00:00\",\"breadcrumb\":{\"@id\":\"https:\\\/\\\/radioljubuski.ba\\\/index.php\\\/2021\\\/12\\\/03\\\/fatalna-sunita-ponovo-pred-vrhovnim-sudom-f-bih\\\/#breadcrumb\"},\"inLanguage\":\"hr\",\"potentialAction\":[{\"@type\":\"ReadAction\",\"target\":[\"https:\\\/\\\/radioljubuski.ba\\\/index.php\\\/2021\\\/12\\\/03\\\/fatalna-sunita-ponovo-pred-vrhovnim-sudom-f-bih\\\/\"]}]},{\"@type\":\"ImageObject\",\"inLanguage\":\"hr\",\"@id\":\"https:\\\/\\\/radioljubuski.ba\\\/index.php\\\/2021\\\/12\\\/03\\\/fatalna-sunita-ponovo-pred-vrhovnim-sudom-f-bih\\\/#primaryimage\",\"url\":\"https:\\\/\\\/radioljubuski.ba\\\/wp-content\\\/uploads\\\/2021\\\/12\\\/9-2021-11-09-15-29-29-sunitate.jpg\",\"contentUrl\":\"https:\\\/\\\/radioljubuski.ba\\\/wp-content\\\/uploads\\\/2021\\\/12\\\/9-2021-11-09-15-29-29-sunitate.jpg\",\"width\":1000,\"height\":625},{\"@type\":\"BreadcrumbList\",\"@id\":\"https:\\\/\\\/radioljubuski.ba\\\/index.php\\\/2021\\\/12\\\/03\\\/fatalna-sunita-ponovo-pred-vrhovnim-sudom-f-bih\\\/#breadcrumb\",\"itemListElement\":[{\"@type\":\"ListItem\",\"position\":1,\"name\":\"Po\u010detna stranica\",\"item\":\"https:\\\/\\\/radioljubuski.ba\\\/\"},{\"@type\":\"ListItem\",\"position\":2,\"name\":\"Fatalna Sunita ponovo pred Vrhovnim sudom F BiH\"}]},{\"@type\":\"WebSite\",\"@id\":\"https:\\\/\\\/radioljubuski.ba\\\/#website\",\"url\":\"https:\\\/\\\/radioljubuski.ba\\\/\",\"name\":\"Radio Ljubu\u0161ki\",\"description\":\"Sun\u010dana frekvencija Hercegovine\",\"publisher\":{\"@id\":\"https:\\\/\\\/radioljubuski.ba\\\/#organization\"},\"potentialAction\":[{\"@type\":\"SearchAction\",\"target\":{\"@type\":\"EntryPoint\",\"urlTemplate\":\"https:\\\/\\\/radioljubuski.ba\\\/?s={search_term_string}\"},\"query-input\":{\"@type\":\"PropertyValueSpecification\",\"valueRequired\":true,\"valueName\":\"search_term_string\"}}],\"inLanguage\":\"hr\"},{\"@type\":\"Organization\",\"@id\":\"https:\\\/\\\/radioljubuski.ba\\\/#organization\",\"name\":\"Radio Ljubu\u0161ki\",\"url\":\"https:\\\/\\\/radioljubuski.ba\\\/\",\"logo\":{\"@type\":\"ImageObject\",\"inLanguage\":\"hr\",\"@id\":\"https:\\\/\\\/radioljubuski.ba\\\/#\\\/schema\\\/logo\\\/image\\\/\",\"url\":\"https:\\\/\\\/radioljubuski.ba\\\/wp-content\\\/uploads\\\/2021\\\/02\\\/cropped-Radio_Ljubuski_logo1.jpg\",\"contentUrl\":\"https:\\\/\\\/radioljubuski.ba\\\/wp-content\\\/uploads\\\/2021\\\/02\\\/cropped-Radio_Ljubuski_logo1.jpg\",\"width\":512,\"height\":512,\"caption\":\"Radio Ljubu\u0161ki\"},\"image\":{\"@id\":\"https:\\\/\\\/radioljubuski.ba\\\/#\\\/schema\\\/logo\\\/image\\\/\"},\"sameAs\":[\"https:\\\/\\\/www.facebook.com\\\/Radiio-Ljubuski-1490835324566332\",\"https:\\\/\\\/x.com\\\/radioljubuski\",\"https:\\\/\\\/hr.linkedin.com\\\/company\\\/radio-ljubuski\",\"https:\\\/\\\/www.youtube.com\\\/channel\\\/UCHYaeO_n0Db3tjNGudGpXyw\"]},{\"@type\":\"Person\",\"@id\":\"https:\\\/\\\/radioljubuski.ba\\\/#\\\/schema\\\/person\\\/19fc700381a780f69665d7956c469e3b\",\"name\":\"Radio Ljubu\u0161ki\"}]}<\/script>\n<!-- \/ Yoast SEO plugin. -->","yoast_head_json":{"title":"Fatalna Sunita ponovo pred Vrhovnim sudom F BiH - RADIO LJUBU\u0160KI","robots":{"index":"index","follow":"follow","max-snippet":"max-snippet:-1","max-image-preview":"max-image-preview:large","max-video-preview":"max-video-preview:-1"},"canonical":"https:\/\/radioljubuski.ba\/index.php\/2021\/12\/03\/fatalna-sunita-ponovo-pred-vrhovnim-sudom-f-bih\/","og_locale":"hr_HR","og_type":"article","og_title":"Fatalna Sunita ponovo pred Vrhovnim sudom F BiH - RADIO LJUBU\u0160KI","og_description":"U Vrhovnom sudu Federacije BiH je za 29.prosinca zakazan pretres u predmetu protiv Sunite Hindi\u0107 (23), optu\u017eene za ubojstvo Nine Ivankovi\u0107a (55), mostarskog ugostitelja. Ovu informaciju &nbsp;je potvrdila &nbsp;Nada Dalipagi\u0107, njena odvjetnica po slu\u017ebenoj du\u017enosti, pi\u0161e Avaz. Ovaj pretres je zakazan, nakon \u0161to je, podsjetimo, Vrhovni sud F BiH, razmotriv\u0161i \u017ealbu Tu\u017eiteljstva Hercegova\u010dko-neretvanske \u017eupanije, ukinuo [&hellip;]","og_url":"https:\/\/radioljubuski.ba\/index.php\/2021\/12\/03\/fatalna-sunita-ponovo-pred-vrhovnim-sudom-f-bih\/","og_site_name":"RADIO LJUBU\u0160KI","article_publisher":"https:\/\/www.facebook.com\/Radiio-Ljubuski-1490835324566332","article_published_time":"2021-12-03T22:39:12+00:00","og_image":[{"width":1000,"height":625,"url":"https:\/\/radioljubuski.ba\/wp-content\/uploads\/2021\/12\/9-2021-11-09-15-29-29-sunitate.jpg","type":"image\/jpeg"}],"author":"Radio Ljubu\u0161ki","twitter_card":"summary_large_image","twitter_creator":"@radioljubuski","twitter_site":"@radioljubuski","twitter_misc":{"Napisao\/la":"Radio Ljubu\u0161ki","Procijenjeno vrijeme \u010ditanja":"1 minuta"},"schema":{"@context":"https:\/\/schema.org","@graph":[{"@type":"Article","@id":"https:\/\/radioljubuski.ba\/index.php\/2021\/12\/03\/fatalna-sunita-ponovo-pred-vrhovnim-sudom-f-bih\/#article","isPartOf":{"@id":"https:\/\/radioljubuski.ba\/index.php\/2021\/12\/03\/fatalna-sunita-ponovo-pred-vrhovnim-sudom-f-bih\/"},"author":{"name":"Radio Ljubu\u0161ki","@id":"https:\/\/radioljubuski.ba\/#\/schema\/person\/19fc700381a780f69665d7956c469e3b"},"headline":"Fatalna Sunita ponovo pred Vrhovnim sudom F BiH","datePublished":"2021-12-03T22:39:12+00:00","mainEntityOfPage":{"@id":"https:\/\/radioljubuski.ba\/index.php\/2021\/12\/03\/fatalna-sunita-ponovo-pred-vrhovnim-sudom-f-bih\/"},"wordCount":264,"publisher":{"@id":"https:\/\/radioljubuski.ba\/#organization"},"image":{"@id":"https:\/\/radioljubuski.ba\/index.php\/2021\/12\/03\/fatalna-sunita-ponovo-pred-vrhovnim-sudom-f-bih\/#primaryimage"},"thumbnailUrl":"https:\/\/radioljubuski.ba\/wp-content\/uploads\/2021\/12\/9-2021-11-09-15-29-29-sunitate.jpg","articleSection":["BIH i regija"],"inLanguage":"hr"},{"@type":"WebPage","@id":"https:\/\/radioljubuski.ba\/index.php\/2021\/12\/03\/fatalna-sunita-ponovo-pred-vrhovnim-sudom-f-bih\/","url":"https:\/\/radioljubuski.ba\/index.php\/2021\/12\/03\/fatalna-sunita-ponovo-pred-vrhovnim-sudom-f-bih\/","name":"Fatalna Sunita ponovo pred Vrhovnim sudom F BiH - RADIO LJUBU\u0160KI","isPartOf":{"@id":"https:\/\/radioljubuski.ba\/#website"},"primaryImageOfPage":{"@id":"https:\/\/radioljubuski.ba\/index.php\/2021\/12\/03\/fatalna-sunita-ponovo-pred-vrhovnim-sudom-f-bih\/#primaryimage"},"image":{"@id":"https:\/\/radioljubuski.ba\/index.php\/2021\/12\/03\/fatalna-sunita-ponovo-pred-vrhovnim-sudom-f-bih\/#primaryimage"},"thumbnailUrl":"https:\/\/radioljubuski.ba\/wp-content\/uploads\/2021\/12\/9-2021-11-09-15-29-29-sunitate.jpg","datePublished":"2021-12-03T22:39:12+00:00","breadcrumb":{"@id":"https:\/\/radioljubuski.ba\/index.php\/2021\/12\/03\/fatalna-sunita-ponovo-pred-vrhovnim-sudom-f-bih\/#breadcrumb"},"inLanguage":"hr","potentialAction":[{"@type":"ReadAction","target":["https:\/\/radioljubuski.ba\/index.php\/2021\/12\/03\/fatalna-sunita-ponovo-pred-vrhovnim-sudom-f-bih\/"]}]},{"@type":"ImageObject","inLanguage":"hr","@id":"https:\/\/radioljubuski.ba\/index.php\/2021\/12\/03\/fatalna-sunita-ponovo-pred-vrhovnim-sudom-f-bih\/#primaryimage","url":"https:\/\/radioljubuski.ba\/wp-content\/uploads\/2021\/12\/9-2021-11-09-15-29-29-sunitate.jpg","contentUrl":"https:\/\/radioljubuski.ba\/wp-content\/uploads\/2021\/12\/9-2021-11-09-15-29-29-sunitate.jpg","width":1000,"height":625},{"@type":"BreadcrumbList","@id":"https:\/\/radioljubuski.ba\/index.php\/2021\/12\/03\/fatalna-sunita-ponovo-pred-vrhovnim-sudom-f-bih\/#breadcrumb","itemListElement":[{"@type":"ListItem","position":1,"name":"Po\u010detna stranica","item":"https:\/\/radioljubuski.ba\/"},{"@type":"ListItem","position":2,"name":"Fatalna Sunita ponovo pred Vrhovnim sudom F BiH"}]},{"@type":"WebSite","@id":"https:\/\/radioljubuski.ba\/#website","url":"https:\/\/radioljubuski.ba\/","name":"Radio Ljubu\u0161ki","description":"Sun\u010dana frekvencija Hercegovine","publisher":{"@id":"https:\/\/radioljubuski.ba\/#organization"},"potentialAction":[{"@type":"SearchAction","target":{"@type":"EntryPoint","urlTemplate":"https:\/\/radioljubuski.ba\/?s={search_term_string}"},"query-input":{"@type":"PropertyValueSpecification","valueRequired":true,"valueName":"search_term_string"}}],"inLanguage":"hr"},{"@type":"Organization","@id":"https:\/\/radioljubuski.ba\/#organization","name":"Radio Ljubu\u0161ki","url":"https:\/\/radioljubuski.ba\/","logo":{"@type":"ImageObject","inLanguage":"hr","@id":"https:\/\/radioljubuski.ba\/#\/schema\/logo\/image\/","url":"https:\/\/radioljubuski.ba\/wp-content\/uploads\/2021\/02\/cropped-Radio_Ljubuski_logo1.jpg","contentUrl":"https:\/\/radioljubuski.ba\/wp-content\/uploads\/2021\/02\/cropped-Radio_Ljubuski_logo1.jpg","width":512,"height":512,"caption":"Radio Ljubu\u0161ki"},"image":{"@id":"https:\/\/radioljubuski.ba\/#\/schema\/logo\/image\/"},"sameAs":["https:\/\/www.facebook.com\/Radiio-Ljubuski-1490835324566332","https:\/\/x.com\/radioljubuski","https:\/\/hr.linkedin.com\/company\/radio-ljubuski","https:\/\/www.youtube.com\/channel\/UCHYaeO_n0Db3tjNGudGpXyw"]},{"@type":"Person","@id":"https:\/\/radioljubuski.ba\/#\/schema\/person\/19fc700381a780f69665d7956c469e3b","name":"Radio Ljubu\u0161ki"}]}},"_links":{"self":[{"href":"https:\/\/radioljubuski.ba\/index.php\/wp-json\/wp\/v2\/posts\/95657","targetHints":{"allow":["GET"]}}],"collection":[{"href":"https:\/\/radioljubuski.ba\/index.php\/wp-json\/wp\/v2\/posts"}],"about":[{"href":"https:\/\/radioljubuski.ba\/index.php\/wp-json\/wp\/v2\/types\/post"}],"author":[{"embeddable":true,"href":"https:\/\/radioljubuski.ba\/index.php\/wp-json\/wp\/v2\/users\/2"}],"replies":[{"embeddable":true,"href":"https:\/\/radioljubuski.ba\/index.php\/wp-json\/wp\/v2\/comments?post=95657"}],"version-history":[{"count":1,"href":"https:\/\/radioljubuski.ba\/index.php\/wp-json\/wp\/v2\/posts\/95657\/revisions"}],"predecessor-version":[{"id":95659,"href":"https:\/\/radioljubuski.ba\/index.php\/wp-json\/wp\/v2\/posts\/95657\/revisions\/95659"}],"wp:featuredmedia":[{"embeddable":true,"href":"https:\/\/radioljubuski.ba\/index.php\/wp-json\/wp\/v2\/media\/95658"}],"wp:attachment":[{"href":"https:\/\/radioljubuski.ba\/index.php\/wp-json\/wp\/v2\/media?parent=95657"}],"wp:term":[{"taxonomy":"category","embeddable":true,"href":"https:\/\/radioljubuski.ba\/index.php\/wp-json\/wp\/v2\/categories?post=95657"},{"taxonomy":"post_tag","embeddable":true,"href":"https:\/\/radioljubuski.ba\/index.php\/wp-json\/wp\/v2\/tags?post=95657"}],"curies":[{"name":"wp","href":"https:\/\/api.w.org\/{rel}","templated":true}]}}