{"id":95663,"date":"2021-12-03T23:41:35","date_gmt":"2021-12-03T22:41:35","guid":{"rendered":"https:\/\/radioljubuski.ba\/?p=95663"},"modified":"2021-12-03T23:41:35","modified_gmt":"2021-12-03T22:41:35","slug":"plenkovic-se-sastao-s-krivokapicem-i-biskupom-stironjom","status":"publish","type":"post","link":"https:\/\/radioljubuski.ba\/index.php\/2021\/12\/03\/plenkovic-se-sastao-s-krivokapicem-i-biskupom-stironjom\/","title":{"rendered":"Plenkovi\u0107 se sastao s Krivokapi\u0107em i biskupom \u0160tironjom"},"content":{"rendered":"\n<p>Premijer Andrej Plenkovi\u0107 na marginama sastanka na vrhu Srednjoeuropske inicijative u Budvi sastao se s crnogorskim kolegom Zdravkom Krivokapi\u0107em, a zatim u Kotoru i s tamo\u0161njim biskupom Ivanom \u0160tironjom. Razgovarao je i s bokeljskim Hrvatima. U Crnoj Gori \u017eivi malo vi\u0161e od 6 tisu\u0107a Hrvata.<\/p>\n\n\n\n<p>Sastankom u Budvi zavr\u0161eno je crnogorsko predsjedanje Srednjoeuropskom inicijativom. Za njezine \u010dlanice ovo je izazovno razdoblje ponajprije zbog posljedica koje na dru\u0161tva i gospodarstva ostavlja pandemija izazvana koronavirusom. Zemlje zapadnog Balkana nastoje ne posustati u reformskim procesima. &nbsp;&nbsp;<\/p>\n\n\n\n<p>&#8211; Put dr\u017eava zapadnog Balkana ka EU to je put progresa do kojeg se dolazi preobra\u017eajem pravne regulative, privrede, financije, ekonomije, ali \u010dije je polazi\u0161te \u010dovjek i njegovo psiho-fizi\u010dko zdravlje. Nijedno dru\u0161tvo ne mo\u017ee posti\u0107i ekonomski napredak niti blagostanje ako ne sa\u010duva i unaprijedi svoj ljudski potencijal, isti\u010de predsjednik vlade Crne Gore Zdravko Krivokapi\u0107.&nbsp;<\/p>\n\n\n\n<p>Hrvatski premijer Andrej Plenkovi\u0107 i ovom prigodom susjednim zemljama iskazuje potporu na njihovu eurointegracijskom putu.&nbsp;<\/p>\n\n\n\n<p>&#8211; Na\u0161a je politika prema svim dr\u017eavama koje su nam u susjedstvu JI Europe, da nastojimo podr\u017eati njihove reformske napore prema EU, stoga smo i bili danas ovdje. Skoro 50% na\u0161e trgovinske razmjene se odnosi na dr\u017eave \u010dlanice SEI-ja, dakle od Italije i svih drugih zemalja prakti\u010dki srednje i JI Europe i zato su ovakvi susreti bitni i korisni, a izme\u0111u ostalog i zbog gospodarskog foruma na kojem sam danas sudjelovao, isti\u010de predsjednik Vlade Andrej Plenkovi\u0107.&nbsp;<\/p>\n\n\n\n<p>O ja\u010danju polo\u017eaja Hrvata u Crnoj Gori razgovarao je premijer Plenkovi\u0107 s crnogorskim kolegom Krivokapi\u0107em, a onda i s kotorskim biskupom monsinjorom Ivanom \u0160tironjom.<\/p>\n\n\n\n<p>&#8211; Da je ovo za nas velika podr\u0161ka i velika potpora jer svaki dolazak kod nas ovdje u ovome prostoru gdje se Hrvati nalaze kao autohtoni kona\u010dno narod istina sada nas nema puno, ali smo jo\u0161 uvijek tu i \u017eelimo zaista tu biti eto zato nam ovakvi posjeti itekako puno zna\u010de pogotovo kad je u pitanju jedan premijer, isti\u010de kotorski biskup, mons. Ivan \u0160tironja.&nbsp;<\/p>\n\n\n\n<p>Premijer se sastao i s predstavnicima Hrvatske zajednice. Prema popisu stanovni\u0161tva iz 2011., u Crnoj Gori \u017eivi 6 tisu\u0107a 21 Hrvat, a na temelju crkvenih podataka procjenjuje se da ih je oko 10 tisu\u0107a.<\/p>\n\n\n\n<p>Izvor:pogled.ba<\/p>\n","protected":false},"excerpt":{"rendered":"<p>Premijer Andrej Plenkovi\u0107 na marginama sastanka na vrhu Srednjoeuropske inicijative u Budvi sastao se s crnogorskim kolegom Zdravkom Krivokapi\u0107em, a zatim u Kotoru i s tamo\u0161njim biskupom Ivanom \u0160tironjom. Razgovarao je i s bokeljskim Hrvatima. U Crnoj Gori \u017eivi malo vi\u0161e od 6 tisu\u0107a Hrvata. Sastankom u Budvi zavr\u0161eno je crnogorsko predsjedanje Srednjoeuropskom inicijativom. Za [&hellip;]<\/p>\n","protected":false},"author":2,"featured_media":0,"comment_status":"closed","ping_status":"closed","sticky":false,"template":"","format":"standard","meta":{"h5ap_radio_sources":[],"footnotes":""},"categories":[1],"tags":[],"class_list":["post-95663","post","type-post","status-publish","format-standard","hentry","category-bihiregija"],"yoast_head":"<!-- This site is optimized with the Yoast SEO plugin v27.4 - https:\/\/yoast.com\/product\/yoast-seo-wordpress\/ -->\n<title>Plenkovi\u0107 se sastao s Krivokapi\u0107em i biskupom \u0160tironjom - RADIO LJUBU\u0160KI<\/title>\n<meta name=\"robots\" content=\"index, follow, max-snippet:-1, max-image-preview:large, max-video-preview:-1\" \/>\n<link rel=\"canonical\" href=\"https:\/\/radioljubuski.ba\/index.php\/2021\/12\/03\/plenkovic-se-sastao-s-krivokapicem-i-biskupom-stironjom\/\" \/>\n<meta property=\"og:locale\" content=\"hr_HR\" \/>\n<meta property=\"og:type\" content=\"article\" \/>\n<meta property=\"og:title\" content=\"Plenkovi\u0107 se sastao s Krivokapi\u0107em i biskupom \u0160tironjom - RADIO LJUBU\u0160KI\" \/>\n<meta property=\"og:description\" content=\"Premijer Andrej Plenkovi\u0107 na marginama sastanka na vrhu Srednjoeuropske inicijative u Budvi sastao se s crnogorskim kolegom Zdravkom Krivokapi\u0107em, a zatim u Kotoru i s tamo\u0161njim biskupom Ivanom \u0160tironjom. Razgovarao je i s bokeljskim Hrvatima. U Crnoj Gori \u017eivi malo vi\u0161e od 6 tisu\u0107a Hrvata. Sastankom u Budvi zavr\u0161eno je crnogorsko predsjedanje Srednjoeuropskom inicijativom. Za [&hellip;]\" \/>\n<meta property=\"og:url\" content=\"https:\/\/radioljubuski.ba\/index.php\/2021\/12\/03\/plenkovic-se-sastao-s-krivokapicem-i-biskupom-stironjom\/\" \/>\n<meta property=\"og:site_name\" content=\"RADIO LJUBU\u0160KI\" \/>\n<meta property=\"article:publisher\" content=\"https:\/\/www.facebook.com\/Radiio-Ljubuski-1490835324566332\" \/>\n<meta property=\"article:published_time\" content=\"2021-12-03T22:41:35+00:00\" \/>\n<meta property=\"og:image\" content=\"https:\/\/radioljubuski.ba\/wp-content\/uploads\/2021\/12\/Andrej-Plenkovic-u-Crnoj-Gori.jpg\" \/>\n\t<meta property=\"og:image:width\" content=\"660\" \/>\n\t<meta property=\"og:image:height\" content=\"330\" \/>\n\t<meta property=\"og:image:type\" content=\"image\/jpeg\" \/>\n<meta name=\"author\" content=\"Radio Ljubu\u0161ki\" \/>\n<meta name=\"twitter:card\" content=\"summary_large_image\" \/>\n<meta name=\"twitter:creator\" content=\"@radioljubuski\" \/>\n<meta name=\"twitter:site\" content=\"@radioljubuski\" \/>\n<meta name=\"twitter:label1\" content=\"Napisao\/la\" \/>\n\t<meta name=\"twitter:data1\" content=\"Radio Ljubu\u0161ki\" \/>\n\t<meta name=\"twitter:label2\" content=\"Procijenjeno vrijeme \u010ditanja\" \/>\n\t<meta name=\"twitter:data2\" content=\"2 minute\" \/>\n<script type=\"application\/ld+json\" class=\"yoast-schema-graph\">{\"@context\":\"https:\\\/\\\/schema.org\",\"@graph\":[{\"@type\":\"Article\",\"@id\":\"https:\\\/\\\/radioljubuski.ba\\\/index.php\\\/2021\\\/12\\\/03\\\/plenkovic-se-sastao-s-krivokapicem-i-biskupom-stironjom\\\/#article\",\"isPartOf\":{\"@id\":\"https:\\\/\\\/radioljubuski.ba\\\/index.php\\\/2021\\\/12\\\/03\\\/plenkovic-se-sastao-s-krivokapicem-i-biskupom-stironjom\\\/\"},\"author\":{\"name\":\"Radio Ljubu\u0161ki\",\"@id\":\"https:\\\/\\\/radioljubuski.ba\\\/#\\\/schema\\\/person\\\/19fc700381a780f69665d7956c469e3b\"},\"headline\":\"Plenkovi\u0107 se sastao s Krivokapi\u0107em i biskupom \u0160tironjom\",\"datePublished\":\"2021-12-03T22:41:35+00:00\",\"mainEntityOfPage\":{\"@id\":\"https:\\\/\\\/radioljubuski.ba\\\/index.php\\\/2021\\\/12\\\/03\\\/plenkovic-se-sastao-s-krivokapicem-i-biskupom-stironjom\\\/\"},\"wordCount\":394,\"publisher\":{\"@id\":\"https:\\\/\\\/radioljubuski.ba\\\/#organization\"},\"articleSection\":[\"BIH i regija\"],\"inLanguage\":\"hr\"},{\"@type\":\"WebPage\",\"@id\":\"https:\\\/\\\/radioljubuski.ba\\\/index.php\\\/2021\\\/12\\\/03\\\/plenkovic-se-sastao-s-krivokapicem-i-biskupom-stironjom\\\/\",\"url\":\"https:\\\/\\\/radioljubuski.ba\\\/index.php\\\/2021\\\/12\\\/03\\\/plenkovic-se-sastao-s-krivokapicem-i-biskupom-stironjom\\\/\",\"name\":\"Plenkovi\u0107 se sastao s Krivokapi\u0107em i biskupom \u0160tironjom - RADIO LJUBU\u0160KI\",\"isPartOf\":{\"@id\":\"https:\\\/\\\/radioljubuski.ba\\\/#website\"},\"datePublished\":\"2021-12-03T22:41:35+00:00\",\"breadcrumb\":{\"@id\":\"https:\\\/\\\/radioljubuski.ba\\\/index.php\\\/2021\\\/12\\\/03\\\/plenkovic-se-sastao-s-krivokapicem-i-biskupom-stironjom\\\/#breadcrumb\"},\"inLanguage\":\"hr\",\"potentialAction\":[{\"@type\":\"ReadAction\",\"target\":[\"https:\\\/\\\/radioljubuski.ba\\\/index.php\\\/2021\\\/12\\\/03\\\/plenkovic-se-sastao-s-krivokapicem-i-biskupom-stironjom\\\/\"]}]},{\"@type\":\"BreadcrumbList\",\"@id\":\"https:\\\/\\\/radioljubuski.ba\\\/index.php\\\/2021\\\/12\\\/03\\\/plenkovic-se-sastao-s-krivokapicem-i-biskupom-stironjom\\\/#breadcrumb\",\"itemListElement\":[{\"@type\":\"ListItem\",\"position\":1,\"name\":\"Po\u010detna stranica\",\"item\":\"https:\\\/\\\/radioljubuski.ba\\\/\"},{\"@type\":\"ListItem\",\"position\":2,\"name\":\"Plenkovi\u0107 se sastao s Krivokapi\u0107em i biskupom \u0160tironjom\"}]},{\"@type\":\"WebSite\",\"@id\":\"https:\\\/\\\/radioljubuski.ba\\\/#website\",\"url\":\"https:\\\/\\\/radioljubuski.ba\\\/\",\"name\":\"Radio Ljubu\u0161ki\",\"description\":\"Sun\u010dana frekvencija Hercegovine\",\"publisher\":{\"@id\":\"https:\\\/\\\/radioljubuski.ba\\\/#organization\"},\"potentialAction\":[{\"@type\":\"SearchAction\",\"target\":{\"@type\":\"EntryPoint\",\"urlTemplate\":\"https:\\\/\\\/radioljubuski.ba\\\/?s={search_term_string}\"},\"query-input\":{\"@type\":\"PropertyValueSpecification\",\"valueRequired\":true,\"valueName\":\"search_term_string\"}}],\"inLanguage\":\"hr\"},{\"@type\":\"Organization\",\"@id\":\"https:\\\/\\\/radioljubuski.ba\\\/#organization\",\"name\":\"Radio Ljubu\u0161ki\",\"url\":\"https:\\\/\\\/radioljubuski.ba\\\/\",\"logo\":{\"@type\":\"ImageObject\",\"inLanguage\":\"hr\",\"@id\":\"https:\\\/\\\/radioljubuski.ba\\\/#\\\/schema\\\/logo\\\/image\\\/\",\"url\":\"https:\\\/\\\/radioljubuski.ba\\\/wp-content\\\/uploads\\\/2021\\\/02\\\/cropped-Radio_Ljubuski_logo1.jpg\",\"contentUrl\":\"https:\\\/\\\/radioljubuski.ba\\\/wp-content\\\/uploads\\\/2021\\\/02\\\/cropped-Radio_Ljubuski_logo1.jpg\",\"width\":512,\"height\":512,\"caption\":\"Radio Ljubu\u0161ki\"},\"image\":{\"@id\":\"https:\\\/\\\/radioljubuski.ba\\\/#\\\/schema\\\/logo\\\/image\\\/\"},\"sameAs\":[\"https:\\\/\\\/www.facebook.com\\\/Radiio-Ljubuski-1490835324566332\",\"https:\\\/\\\/x.com\\\/radioljubuski\",\"https:\\\/\\\/hr.linkedin.com\\\/company\\\/radio-ljubuski\",\"https:\\\/\\\/www.youtube.com\\\/channel\\\/UCHYaeO_n0Db3tjNGudGpXyw\"]},{\"@type\":\"Person\",\"@id\":\"https:\\\/\\\/radioljubuski.ba\\\/#\\\/schema\\\/person\\\/19fc700381a780f69665d7956c469e3b\",\"name\":\"Radio Ljubu\u0161ki\"}]}<\/script>\n<!-- \/ Yoast SEO plugin. -->","yoast_head_json":{"title":"Plenkovi\u0107 se sastao s Krivokapi\u0107em i biskupom \u0160tironjom - RADIO LJUBU\u0160KI","robots":{"index":"index","follow":"follow","max-snippet":"max-snippet:-1","max-image-preview":"max-image-preview:large","max-video-preview":"max-video-preview:-1"},"canonical":"https:\/\/radioljubuski.ba\/index.php\/2021\/12\/03\/plenkovic-se-sastao-s-krivokapicem-i-biskupom-stironjom\/","og_locale":"hr_HR","og_type":"article","og_title":"Plenkovi\u0107 se sastao s Krivokapi\u0107em i biskupom \u0160tironjom - RADIO LJUBU\u0160KI","og_description":"Premijer Andrej Plenkovi\u0107 na marginama sastanka na vrhu Srednjoeuropske inicijative u Budvi sastao se s crnogorskim kolegom Zdravkom Krivokapi\u0107em, a zatim u Kotoru i s tamo\u0161njim biskupom Ivanom \u0160tironjom. Razgovarao je i s bokeljskim Hrvatima. U Crnoj Gori \u017eivi malo vi\u0161e od 6 tisu\u0107a Hrvata. Sastankom u Budvi zavr\u0161eno je crnogorsko predsjedanje Srednjoeuropskom inicijativom. Za [&hellip;]","og_url":"https:\/\/radioljubuski.ba\/index.php\/2021\/12\/03\/plenkovic-se-sastao-s-krivokapicem-i-biskupom-stironjom\/","og_site_name":"RADIO LJUBU\u0160KI","article_publisher":"https:\/\/www.facebook.com\/Radiio-Ljubuski-1490835324566332","article_published_time":"2021-12-03T22:41:35+00:00","og_image":[{"width":660,"height":330,"url":"https:\/\/radioljubuski.ba\/wp-content\/uploads\/2021\/12\/Andrej-Plenkovic-u-Crnoj-Gori.jpg","type":"image\/jpeg"}],"author":"Radio Ljubu\u0161ki","twitter_card":"summary_large_image","twitter_creator":"@radioljubuski","twitter_site":"@radioljubuski","twitter_misc":{"Napisao\/la":"Radio Ljubu\u0161ki","Procijenjeno vrijeme \u010ditanja":"2 minute"},"schema":{"@context":"https:\/\/schema.org","@graph":[{"@type":"Article","@id":"https:\/\/radioljubuski.ba\/index.php\/2021\/12\/03\/plenkovic-se-sastao-s-krivokapicem-i-biskupom-stironjom\/#article","isPartOf":{"@id":"https:\/\/radioljubuski.ba\/index.php\/2021\/12\/03\/plenkovic-se-sastao-s-krivokapicem-i-biskupom-stironjom\/"},"author":{"name":"Radio Ljubu\u0161ki","@id":"https:\/\/radioljubuski.ba\/#\/schema\/person\/19fc700381a780f69665d7956c469e3b"},"headline":"Plenkovi\u0107 se sastao s Krivokapi\u0107em i biskupom \u0160tironjom","datePublished":"2021-12-03T22:41:35+00:00","mainEntityOfPage":{"@id":"https:\/\/radioljubuski.ba\/index.php\/2021\/12\/03\/plenkovic-se-sastao-s-krivokapicem-i-biskupom-stironjom\/"},"wordCount":394,"publisher":{"@id":"https:\/\/radioljubuski.ba\/#organization"},"articleSection":["BIH i regija"],"inLanguage":"hr"},{"@type":"WebPage","@id":"https:\/\/radioljubuski.ba\/index.php\/2021\/12\/03\/plenkovic-se-sastao-s-krivokapicem-i-biskupom-stironjom\/","url":"https:\/\/radioljubuski.ba\/index.php\/2021\/12\/03\/plenkovic-se-sastao-s-krivokapicem-i-biskupom-stironjom\/","name":"Plenkovi\u0107 se sastao s Krivokapi\u0107em i biskupom \u0160tironjom - RADIO LJUBU\u0160KI","isPartOf":{"@id":"https:\/\/radioljubuski.ba\/#website"},"datePublished":"2021-12-03T22:41:35+00:00","breadcrumb":{"@id":"https:\/\/radioljubuski.ba\/index.php\/2021\/12\/03\/plenkovic-se-sastao-s-krivokapicem-i-biskupom-stironjom\/#breadcrumb"},"inLanguage":"hr","potentialAction":[{"@type":"ReadAction","target":["https:\/\/radioljubuski.ba\/index.php\/2021\/12\/03\/plenkovic-se-sastao-s-krivokapicem-i-biskupom-stironjom\/"]}]},{"@type":"BreadcrumbList","@id":"https:\/\/radioljubuski.ba\/index.php\/2021\/12\/03\/plenkovic-se-sastao-s-krivokapicem-i-biskupom-stironjom\/#breadcrumb","itemListElement":[{"@type":"ListItem","position":1,"name":"Po\u010detna stranica","item":"https:\/\/radioljubuski.ba\/"},{"@type":"ListItem","position":2,"name":"Plenkovi\u0107 se sastao s Krivokapi\u0107em i biskupom \u0160tironjom"}]},{"@type":"WebSite","@id":"https:\/\/radioljubuski.ba\/#website","url":"https:\/\/radioljubuski.ba\/","name":"Radio Ljubu\u0161ki","description":"Sun\u010dana frekvencija Hercegovine","publisher":{"@id":"https:\/\/radioljubuski.ba\/#organization"},"potentialAction":[{"@type":"SearchAction","target":{"@type":"EntryPoint","urlTemplate":"https:\/\/radioljubuski.ba\/?s={search_term_string}"},"query-input":{"@type":"PropertyValueSpecification","valueRequired":true,"valueName":"search_term_string"}}],"inLanguage":"hr"},{"@type":"Organization","@id":"https:\/\/radioljubuski.ba\/#organization","name":"Radio Ljubu\u0161ki","url":"https:\/\/radioljubuski.ba\/","logo":{"@type":"ImageObject","inLanguage":"hr","@id":"https:\/\/radioljubuski.ba\/#\/schema\/logo\/image\/","url":"https:\/\/radioljubuski.ba\/wp-content\/uploads\/2021\/02\/cropped-Radio_Ljubuski_logo1.jpg","contentUrl":"https:\/\/radioljubuski.ba\/wp-content\/uploads\/2021\/02\/cropped-Radio_Ljubuski_logo1.jpg","width":512,"height":512,"caption":"Radio Ljubu\u0161ki"},"image":{"@id":"https:\/\/radioljubuski.ba\/#\/schema\/logo\/image\/"},"sameAs":["https:\/\/www.facebook.com\/Radiio-Ljubuski-1490835324566332","https:\/\/x.com\/radioljubuski","https:\/\/hr.linkedin.com\/company\/radio-ljubuski","https:\/\/www.youtube.com\/channel\/UCHYaeO_n0Db3tjNGudGpXyw"]},{"@type":"Person","@id":"https:\/\/radioljubuski.ba\/#\/schema\/person\/19fc700381a780f69665d7956c469e3b","name":"Radio Ljubu\u0161ki"}]}},"_links":{"self":[{"href":"https:\/\/radioljubuski.ba\/index.php\/wp-json\/wp\/v2\/posts\/95663","targetHints":{"allow":["GET"]}}],"collection":[{"href":"https:\/\/radioljubuski.ba\/index.php\/wp-json\/wp\/v2\/posts"}],"about":[{"href":"https:\/\/radioljubuski.ba\/index.php\/wp-json\/wp\/v2\/types\/post"}],"author":[{"embeddable":true,"href":"https:\/\/radioljubuski.ba\/index.php\/wp-json\/wp\/v2\/users\/2"}],"replies":[{"embeddable":true,"href":"https:\/\/radioljubuski.ba\/index.php\/wp-json\/wp\/v2\/comments?post=95663"}],"version-history":[{"count":1,"href":"https:\/\/radioljubuski.ba\/index.php\/wp-json\/wp\/v2\/posts\/95663\/revisions"}],"predecessor-version":[{"id":95665,"href":"https:\/\/radioljubuski.ba\/index.php\/wp-json\/wp\/v2\/posts\/95663\/revisions\/95665"}],"wp:attachment":[{"href":"https:\/\/radioljubuski.ba\/index.php\/wp-json\/wp\/v2\/media?parent=95663"}],"wp:term":[{"taxonomy":"category","embeddable":true,"href":"https:\/\/radioljubuski.ba\/index.php\/wp-json\/wp\/v2\/categories?post=95663"},{"taxonomy":"post_tag","embeddable":true,"href":"https:\/\/radioljubuski.ba\/index.php\/wp-json\/wp\/v2\/tags?post=95663"}],"curies":[{"name":"wp","href":"https:\/\/api.w.org\/{rel}","templated":true}]}}