{"id":95666,"date":"2021-12-03T23:43:55","date_gmt":"2021-12-03T22:43:55","guid":{"rendered":"https:\/\/radioljubuski.ba\/?p=95666"},"modified":"2021-12-03T23:43:56","modified_gmt":"2021-12-03T22:43:56","slug":"reic-nece-biti-golova-u-derbiju-u-to-sam-uvjeren","status":"publish","type":"post","link":"https:\/\/radioljubuski.ba\/index.php\/2021\/12\/03\/reic-nece-biti-golova-u-derbiju-u-to-sam-uvjeren\/","title":{"rendered":"Rei\u0107: Ne\u0107e biti golova u derbiju, u to sam uvjeren"},"content":{"rendered":"\n<p><strong>U emisiji Studio 4 gostovao je Zdravko Rei\u0107, tema je bila uzbudljivi tjedan u doma\u0107em nogometu. Dinamo je ispao iz kupa, ostao bez trenera, Hajduk je pod novim trenerom proigrao. Pred nama je i najve\u0107i hrvatski derbi.&nbsp;<\/strong><\/p>\n\n\n\n<p>Kako komenitrate ostavku&nbsp;<strong>Krznara<\/strong>?<\/p>\n\n\n\n<p>&#8211; Nisam o\u010dekivao ostavku Krznara, bez obzira na pri\u010de, kako se ne uklapa dobro, ali ipak su tu bili rezultati. Me\u0111utim, iz Dinama su isto napravili ono \u0161to je kazao predsjednik Hajduka: treba mijenjati kad je dobro da bi bilo jo\u0161 bolje. Naravno, nije dobro da su ispali u Kupu, ali svejedno Dinamo izvanredno stoji. Ja sam znao, obavije\u0161ten sam prije tri-\u010detiri mjeseca u slu\u010daju da padne Krznar,&nbsp;<strong>Kopi\u0107&nbsp;<\/strong>\u0107e biti njegova zamjena. To sam doznao iz povjerljivih izvora u Dinama. Nije me iznenadilo, Kopi\u0107 je izvanredan trener, Kopi\u0107 je u Hajduku u posljednje vrijeme bio jedan od najboljih trenera.&nbsp;&nbsp;<\/p>\n\n\n\n<p>\u0160to Kopi\u0107 mo\u017ee donijeti Dinamu s obzirom da je trenirao Hajduk?<\/p>\n\n\n\n<p>&#8211; Izvanredno je startao u Hajduku, brzo \u010dita situaciju. Do\u0161ao je do finala Kupa gdje je na jedna brutalan na\u010din Hajduk zaustavljen protiv Dinama. Napravio je rezultatski velike stvari i \u0161to se ti\u010de igra\u010da. Me\u0111utim, kad je po\u010dela nova sezona Hajduk je prodao&nbsp;<strong>Vla\u0161i\u0107a, Hamzu, Palaversu, Ni\u017ei\u0107a, Ercega<\/strong>&#8230; Kopi\u0107 je o\u010dekivao da \u0107e dobiti prava poja\u010danja, no nisu stigla. Lo\u0161e se krenulo, a u me\u0111uvremenu je Torcida maknula predsjednika Hajduka&nbsp;<strong>Ivana<\/strong>&nbsp;<strong>Kosa&nbsp;<\/strong>i Kopi\u0107 se na\u0161ao nasukan.&nbsp;<\/p>\n\n\n\n<p>Je li istina da se na\u0161ao na pi\u0107u sa&nbsp;<strong>\u0160timcem&nbsp;<\/strong>i s vama u dru\u0161tvu. Uslijedio je pritisak Torcide i na kraju je smijenjen.<\/p>\n\n\n\n<p>&#8211; To je sramota Hajduka. I kad oni ka\u017eu da ulica ne vodi klub, to je pravi dokaz da ulica vodi klub. Kopi\u0107 je razmi\u0161ljao da ode. Na\u0161li smo se u \u0160tim\u010devom stanu, to nije tajna. On ga je uzeo kao skauta kad je vodio reprezentaciju. \u0160timac ga je ohrabrio: &#8220;Nemoj davati otkaz, uhvati se posla, dobro si radio, oslabili su ti igra\u010dki kadar, vrati se&#8221;. Me\u0111utim, sutradan kad je do\u0161ao u klubu rekli su mu da ne mo\u017ee biti trener Hajduka jer razgovara s neprijateljima Hajduka. To \u0161to mene tako ocjenjuju mene nije briga, ali mi je \u017eao \u0161to su \u0160timca koji je dao puno za Hajduk tako ocjenjuju.&nbsp;<strong>Jakobu\u0161i\u0107&nbsp;<\/strong>je puno dobrog napravio, ali \u0160timac ga je jedini mogao vratiti na stare staze. Kopi\u0107 je \u0161kartiran, bilo mu je slabo, zavr\u0161io je na hitnoj, nije mi se uop\u0107e vi\u0161e htio javljati na telefon \u0161to mi je bilo \u010dudno jer sam vrlo pozitivno pisao o njemu.&nbsp;<\/p>\n\n\n\n<p>Mo\u017ee li pokrenuti Dinamo kao \u0161to je&nbsp;<strong>Dambrauskas&nbsp;<\/strong>napravio u Hajduku?<\/p>\n\n\n\n<p>&#8211; Hajduk je nanizao \u010detiri pobjede i napravio gol razliku 15-5 i to je dokaz da je trener bitan. Mislim i da je Kopi\u0107 pravi takti\u010dar, zna \u010ditati igru. Kao kameleon je, mijenja sastav igra\u010da ovisno o protivniku, izuzetno \u010dita igru. Uvjeren sam da \u0107e derbi biti velika utakmica, ali ne\u0107e biti spektakularna. Bit \u0107e \u0161ahovska, takti\u010dka igra. Ne\u0107e biti golova u derbiju, u to sam uvjeren. Dinamo ima jaku mom\u010dad i to je ustvari samo stvar psiholo\u0161kog oporavka kako \u0107e to uspjeti Kopi\u0107.<\/p>\n\n\n\n<p>Hajduk ako bi pobijedio mo\u017ee se boriti za titulu prvaka \u0161to nije bilo prije mjesec dana.<\/p>\n\n\n\n<p>&#8211; Mo\u017ee Hajduk do\u0107i u tu situaciju, ali nema lagani raspored. Mo\u017eemo mi re\u0107i na temelju eliminacije u Kupu da je Hajduk bolji, ali nije ba\u0161 tako. Najve\u0107i favorit ovog fini\u0161a prvenstva je Rijeka koja ima sad \u010detiri utakmice na Rujevici. Me\u0111utim, Dinamo isto ima \u010detiri utakmice. \u0161to s ti\u010de euforije splitske, to je prava stvar. Pumpaju igra\u010de da daju sve od sebe. \u010cesto ljudi moraju sanjati da se to dogodi. Dambrauskas ka\u017ee nismo puno uradili. Ka\u017ee da ne razumije tu euforiju. Karte za derbi koje je dobio Hajduk su za\u010das rasprodane i atmosfera nosi igra\u010de. To \u0107e biti jo\u0161 jedna velika predstava iako se bojim da ne bude nekih izgreda.<\/p>\n\n\n\n<div style=\"width: 640px;\" class=\"wp-video\"><video class=\"wp-video-shortcode\" id=\"video-95666-1\" width=\"640\" height=\"360\" preload=\"metadata\" controls=\"controls\"><source type=\"video\/mp4\" src=\"https:\/\/api.hrt.hr\/media\/58\/1e\/st4-reic-diinamo-0312-20211203152436.mp4?_=1\" \/><a href=\"https:\/\/api.hrt.hr\/media\/58\/1e\/st4-reic-diinamo-0312-20211203152436.mp4\">https:\/\/api.hrt.hr\/media\/58\/1e\/st4-reic-diinamo-0312-20211203152436.mp4<\/a><\/video><\/div>\n\n\n\n<p>Izvor:hrt.hr<\/p>\n","protected":false},"excerpt":{"rendered":"<p>U emisiji Studio 4 gostovao je Zdravko Rei\u0107, tema je bila uzbudljivi tjedan u doma\u0107em nogometu. Dinamo je ispao iz kupa, ostao bez trenera, Hajduk je pod novim trenerom proigrao. Pred nama je i najve\u0107i hrvatski derbi.&nbsp; Kako komenitrate ostavku&nbsp;Krznara? &#8211; Nisam o\u010dekivao ostavku Krznara, bez obzira na pri\u010de, kako se ne uklapa dobro, ali [&hellip;]<\/p>\n","protected":false},"author":2,"featured_media":95667,"comment_status":"closed","ping_status":"closed","sticky":false,"template":"","format":"standard","meta":{"h5ap_radio_sources":[],"footnotes":""},"categories":[7],"tags":[],"class_list":["post-95666","post","type-post","status-publish","format-standard","has-post-thumbnail","hentry","category-sport"],"yoast_head":"<!-- This site is optimized with the Yoast SEO plugin v27.5 - https:\/\/yoast.com\/product\/yoast-seo-wordpress\/ -->\n<title>Rei\u0107: Ne\u0107e biti golova u derbiju, u to sam uvjeren - RADIO LJUBU\u0160KI<\/title>\n<meta name=\"robots\" content=\"index, follow, max-snippet:-1, max-image-preview:large, max-video-preview:-1\" \/>\n<link rel=\"canonical\" href=\"https:\/\/radioljubuski.ba\/index.php\/2021\/12\/03\/reic-nece-biti-golova-u-derbiju-u-to-sam-uvjeren\/\" \/>\n<meta property=\"og:locale\" content=\"hr_HR\" \/>\n<meta property=\"og:type\" content=\"article\" \/>\n<meta property=\"og:title\" content=\"Rei\u0107: Ne\u0107e biti golova u derbiju, u to sam uvjeren - RADIO LJUBU\u0160KI\" \/>\n<meta property=\"og:description\" content=\"U emisiji Studio 4 gostovao je Zdravko Rei\u0107, tema je bila uzbudljivi tjedan u doma\u0107em nogometu. Dinamo je ispao iz kupa, ostao bez trenera, Hajduk je pod novim trenerom proigrao. Pred nama je i najve\u0107i hrvatski derbi.&nbsp; Kako komenitrate ostavku&nbsp;Krznara? &#8211; Nisam o\u010dekivao ostavku Krznara, bez obzira na pri\u010de, kako se ne uklapa dobro, ali [&hellip;]\" \/>\n<meta property=\"og:url\" content=\"https:\/\/radioljubuski.ba\/index.php\/2021\/12\/03\/reic-nece-biti-golova-u-derbiju-u-to-sam-uvjeren\/\" \/>\n<meta property=\"og:site_name\" content=\"RADIO LJUBU\u0160KI\" \/>\n<meta property=\"article:publisher\" content=\"https:\/\/www.facebook.com\/Radiio-Ljubuski-1490835324566332\" \/>\n<meta property=\"article:published_time\" content=\"2021-12-03T22:43:55+00:00\" \/>\n<meta property=\"article:modified_time\" content=\"2021-12-03T22:43:56+00:00\" \/>\n<meta property=\"og:image\" content=\"https:\/\/radioljubuski.ba\/wp-content\/uploads\/2021\/12\/preuzmi-8.jpg\" \/>\n\t<meta property=\"og:image:width\" content=\"300\" \/>\n\t<meta property=\"og:image:height\" content=\"168\" \/>\n\t<meta property=\"og:image:type\" content=\"image\/jpeg\" \/>\n<meta name=\"author\" content=\"Radio Ljubu\u0161ki\" \/>\n<meta name=\"twitter:card\" content=\"summary_large_image\" \/>\n<meta name=\"twitter:creator\" content=\"@radioljubuski\" \/>\n<meta name=\"twitter:site\" content=\"@radioljubuski\" \/>\n<meta name=\"twitter:label1\" content=\"Napisao\/la\" \/>\n\t<meta name=\"twitter:data1\" content=\"Radio Ljubu\u0161ki\" \/>\n\t<meta name=\"twitter:label2\" content=\"Procijenjeno vrijeme \u010ditanja\" \/>\n\t<meta name=\"twitter:data2\" content=\"3 minute\" \/>\n<script type=\"application\/ld+json\" class=\"yoast-schema-graph\">{\"@context\":\"https:\\\/\\\/schema.org\",\"@graph\":[{\"@type\":\"Article\",\"@id\":\"https:\\\/\\\/radioljubuski.ba\\\/index.php\\\/2021\\\/12\\\/03\\\/reic-nece-biti-golova-u-derbiju-u-to-sam-uvjeren\\\/#article\",\"isPartOf\":{\"@id\":\"https:\\\/\\\/radioljubuski.ba\\\/index.php\\\/2021\\\/12\\\/03\\\/reic-nece-biti-golova-u-derbiju-u-to-sam-uvjeren\\\/\"},\"author\":{\"name\":\"Radio Ljubu\u0161ki\",\"@id\":\"https:\\\/\\\/radioljubuski.ba\\\/#\\\/schema\\\/person\\\/19fc700381a780f69665d7956c469e3b\"},\"headline\":\"Rei\u0107: Ne\u0107e biti golova u derbiju, u to sam uvjeren\",\"datePublished\":\"2021-12-03T22:43:55+00:00\",\"dateModified\":\"2021-12-03T22:43:56+00:00\",\"mainEntityOfPage\":{\"@id\":\"https:\\\/\\\/radioljubuski.ba\\\/index.php\\\/2021\\\/12\\\/03\\\/reic-nece-biti-golova-u-derbiju-u-to-sam-uvjeren\\\/\"},\"wordCount\":734,\"publisher\":{\"@id\":\"https:\\\/\\\/radioljubuski.ba\\\/#organization\"},\"image\":{\"@id\":\"https:\\\/\\\/radioljubuski.ba\\\/index.php\\\/2021\\\/12\\\/03\\\/reic-nece-biti-golova-u-derbiju-u-to-sam-uvjeren\\\/#primaryimage\"},\"thumbnailUrl\":\"https:\\\/\\\/radioljubuski.ba\\\/wp-content\\\/uploads\\\/2021\\\/12\\\/preuzmi-8.jpg\",\"articleSection\":[\"\u0160port\"],\"inLanguage\":\"hr\"},{\"@type\":\"WebPage\",\"@id\":\"https:\\\/\\\/radioljubuski.ba\\\/index.php\\\/2021\\\/12\\\/03\\\/reic-nece-biti-golova-u-derbiju-u-to-sam-uvjeren\\\/\",\"url\":\"https:\\\/\\\/radioljubuski.ba\\\/index.php\\\/2021\\\/12\\\/03\\\/reic-nece-biti-golova-u-derbiju-u-to-sam-uvjeren\\\/\",\"name\":\"Rei\u0107: Ne\u0107e biti golova u derbiju, u to sam uvjeren - RADIO LJUBU\u0160KI\",\"isPartOf\":{\"@id\":\"https:\\\/\\\/radioljubuski.ba\\\/#website\"},\"primaryImageOfPage\":{\"@id\":\"https:\\\/\\\/radioljubuski.ba\\\/index.php\\\/2021\\\/12\\\/03\\\/reic-nece-biti-golova-u-derbiju-u-to-sam-uvjeren\\\/#primaryimage\"},\"image\":{\"@id\":\"https:\\\/\\\/radioljubuski.ba\\\/index.php\\\/2021\\\/12\\\/03\\\/reic-nece-biti-golova-u-derbiju-u-to-sam-uvjeren\\\/#primaryimage\"},\"thumbnailUrl\":\"https:\\\/\\\/radioljubuski.ba\\\/wp-content\\\/uploads\\\/2021\\\/12\\\/preuzmi-8.jpg\",\"datePublished\":\"2021-12-03T22:43:55+00:00\",\"dateModified\":\"2021-12-03T22:43:56+00:00\",\"breadcrumb\":{\"@id\":\"https:\\\/\\\/radioljubuski.ba\\\/index.php\\\/2021\\\/12\\\/03\\\/reic-nece-biti-golova-u-derbiju-u-to-sam-uvjeren\\\/#breadcrumb\"},\"inLanguage\":\"hr\",\"potentialAction\":[{\"@type\":\"ReadAction\",\"target\":[\"https:\\\/\\\/radioljubuski.ba\\\/index.php\\\/2021\\\/12\\\/03\\\/reic-nece-biti-golova-u-derbiju-u-to-sam-uvjeren\\\/\"]}]},{\"@type\":\"ImageObject\",\"inLanguage\":\"hr\",\"@id\":\"https:\\\/\\\/radioljubuski.ba\\\/index.php\\\/2021\\\/12\\\/03\\\/reic-nece-biti-golova-u-derbiju-u-to-sam-uvjeren\\\/#primaryimage\",\"url\":\"https:\\\/\\\/radioljubuski.ba\\\/wp-content\\\/uploads\\\/2021\\\/12\\\/preuzmi-8.jpg\",\"contentUrl\":\"https:\\\/\\\/radioljubuski.ba\\\/wp-content\\\/uploads\\\/2021\\\/12\\\/preuzmi-8.jpg\",\"width\":300,\"height\":168},{\"@type\":\"BreadcrumbList\",\"@id\":\"https:\\\/\\\/radioljubuski.ba\\\/index.php\\\/2021\\\/12\\\/03\\\/reic-nece-biti-golova-u-derbiju-u-to-sam-uvjeren\\\/#breadcrumb\",\"itemListElement\":[{\"@type\":\"ListItem\",\"position\":1,\"name\":\"Po\u010detna stranica\",\"item\":\"https:\\\/\\\/radioljubuski.ba\\\/\"},{\"@type\":\"ListItem\",\"position\":2,\"name\":\"Rei\u0107: Ne\u0107e biti golova u derbiju, u to sam uvjeren\"}]},{\"@type\":\"WebSite\",\"@id\":\"https:\\\/\\\/radioljubuski.ba\\\/#website\",\"url\":\"https:\\\/\\\/radioljubuski.ba\\\/\",\"name\":\"Radio Ljubu\u0161ki\",\"description\":\"Sun\u010dana frekvencija Hercegovine\",\"publisher\":{\"@id\":\"https:\\\/\\\/radioljubuski.ba\\\/#organization\"},\"potentialAction\":[{\"@type\":\"SearchAction\",\"target\":{\"@type\":\"EntryPoint\",\"urlTemplate\":\"https:\\\/\\\/radioljubuski.ba\\\/?s={search_term_string}\"},\"query-input\":{\"@type\":\"PropertyValueSpecification\",\"valueRequired\":true,\"valueName\":\"search_term_string\"}}],\"inLanguage\":\"hr\"},{\"@type\":\"Organization\",\"@id\":\"https:\\\/\\\/radioljubuski.ba\\\/#organization\",\"name\":\"Radio Ljubu\u0161ki\",\"url\":\"https:\\\/\\\/radioljubuski.ba\\\/\",\"logo\":{\"@type\":\"ImageObject\",\"inLanguage\":\"hr\",\"@id\":\"https:\\\/\\\/radioljubuski.ba\\\/#\\\/schema\\\/logo\\\/image\\\/\",\"url\":\"https:\\\/\\\/radioljubuski.ba\\\/wp-content\\\/uploads\\\/2021\\\/02\\\/cropped-Radio_Ljubuski_logo1.jpg\",\"contentUrl\":\"https:\\\/\\\/radioljubuski.ba\\\/wp-content\\\/uploads\\\/2021\\\/02\\\/cropped-Radio_Ljubuski_logo1.jpg\",\"width\":512,\"height\":512,\"caption\":\"Radio Ljubu\u0161ki\"},\"image\":{\"@id\":\"https:\\\/\\\/radioljubuski.ba\\\/#\\\/schema\\\/logo\\\/image\\\/\"},\"sameAs\":[\"https:\\\/\\\/www.facebook.com\\\/Radiio-Ljubuski-1490835324566332\",\"https:\\\/\\\/x.com\\\/radioljubuski\",\"https:\\\/\\\/hr.linkedin.com\\\/company\\\/radio-ljubuski\",\"https:\\\/\\\/www.youtube.com\\\/channel\\\/UCHYaeO_n0Db3tjNGudGpXyw\"]},{\"@type\":\"Person\",\"@id\":\"https:\\\/\\\/radioljubuski.ba\\\/#\\\/schema\\\/person\\\/19fc700381a780f69665d7956c469e3b\",\"name\":\"Radio Ljubu\u0161ki\"}]}<\/script>\n<!-- \/ Yoast SEO plugin. -->","yoast_head_json":{"title":"Rei\u0107: Ne\u0107e biti golova u derbiju, u to sam uvjeren - RADIO LJUBU\u0160KI","robots":{"index":"index","follow":"follow","max-snippet":"max-snippet:-1","max-image-preview":"max-image-preview:large","max-video-preview":"max-video-preview:-1"},"canonical":"https:\/\/radioljubuski.ba\/index.php\/2021\/12\/03\/reic-nece-biti-golova-u-derbiju-u-to-sam-uvjeren\/","og_locale":"hr_HR","og_type":"article","og_title":"Rei\u0107: Ne\u0107e biti golova u derbiju, u to sam uvjeren - RADIO LJUBU\u0160KI","og_description":"U emisiji Studio 4 gostovao je Zdravko Rei\u0107, tema je bila uzbudljivi tjedan u doma\u0107em nogometu. Dinamo je ispao iz kupa, ostao bez trenera, Hajduk je pod novim trenerom proigrao. Pred nama je i najve\u0107i hrvatski derbi.&nbsp; Kako komenitrate ostavku&nbsp;Krznara? &#8211; Nisam o\u010dekivao ostavku Krznara, bez obzira na pri\u010de, kako se ne uklapa dobro, ali [&hellip;]","og_url":"https:\/\/radioljubuski.ba\/index.php\/2021\/12\/03\/reic-nece-biti-golova-u-derbiju-u-to-sam-uvjeren\/","og_site_name":"RADIO LJUBU\u0160KI","article_publisher":"https:\/\/www.facebook.com\/Radiio-Ljubuski-1490835324566332","article_published_time":"2021-12-03T22:43:55+00:00","article_modified_time":"2021-12-03T22:43:56+00:00","og_image":[{"width":300,"height":168,"url":"https:\/\/radioljubuski.ba\/wp-content\/uploads\/2021\/12\/preuzmi-8.jpg","type":"image\/jpeg"}],"author":"Radio Ljubu\u0161ki","twitter_card":"summary_large_image","twitter_creator":"@radioljubuski","twitter_site":"@radioljubuski","twitter_misc":{"Napisao\/la":"Radio Ljubu\u0161ki","Procijenjeno vrijeme \u010ditanja":"3 minute"},"schema":{"@context":"https:\/\/schema.org","@graph":[{"@type":"Article","@id":"https:\/\/radioljubuski.ba\/index.php\/2021\/12\/03\/reic-nece-biti-golova-u-derbiju-u-to-sam-uvjeren\/#article","isPartOf":{"@id":"https:\/\/radioljubuski.ba\/index.php\/2021\/12\/03\/reic-nece-biti-golova-u-derbiju-u-to-sam-uvjeren\/"},"author":{"name":"Radio Ljubu\u0161ki","@id":"https:\/\/radioljubuski.ba\/#\/schema\/person\/19fc700381a780f69665d7956c469e3b"},"headline":"Rei\u0107: Ne\u0107e biti golova u derbiju, u to sam uvjeren","datePublished":"2021-12-03T22:43:55+00:00","dateModified":"2021-12-03T22:43:56+00:00","mainEntityOfPage":{"@id":"https:\/\/radioljubuski.ba\/index.php\/2021\/12\/03\/reic-nece-biti-golova-u-derbiju-u-to-sam-uvjeren\/"},"wordCount":734,"publisher":{"@id":"https:\/\/radioljubuski.ba\/#organization"},"image":{"@id":"https:\/\/radioljubuski.ba\/index.php\/2021\/12\/03\/reic-nece-biti-golova-u-derbiju-u-to-sam-uvjeren\/#primaryimage"},"thumbnailUrl":"https:\/\/radioljubuski.ba\/wp-content\/uploads\/2021\/12\/preuzmi-8.jpg","articleSection":["\u0160port"],"inLanguage":"hr"},{"@type":"WebPage","@id":"https:\/\/radioljubuski.ba\/index.php\/2021\/12\/03\/reic-nece-biti-golova-u-derbiju-u-to-sam-uvjeren\/","url":"https:\/\/radioljubuski.ba\/index.php\/2021\/12\/03\/reic-nece-biti-golova-u-derbiju-u-to-sam-uvjeren\/","name":"Rei\u0107: Ne\u0107e biti golova u derbiju, u to sam uvjeren - RADIO LJUBU\u0160KI","isPartOf":{"@id":"https:\/\/radioljubuski.ba\/#website"},"primaryImageOfPage":{"@id":"https:\/\/radioljubuski.ba\/index.php\/2021\/12\/03\/reic-nece-biti-golova-u-derbiju-u-to-sam-uvjeren\/#primaryimage"},"image":{"@id":"https:\/\/radioljubuski.ba\/index.php\/2021\/12\/03\/reic-nece-biti-golova-u-derbiju-u-to-sam-uvjeren\/#primaryimage"},"thumbnailUrl":"https:\/\/radioljubuski.ba\/wp-content\/uploads\/2021\/12\/preuzmi-8.jpg","datePublished":"2021-12-03T22:43:55+00:00","dateModified":"2021-12-03T22:43:56+00:00","breadcrumb":{"@id":"https:\/\/radioljubuski.ba\/index.php\/2021\/12\/03\/reic-nece-biti-golova-u-derbiju-u-to-sam-uvjeren\/#breadcrumb"},"inLanguage":"hr","potentialAction":[{"@type":"ReadAction","target":["https:\/\/radioljubuski.ba\/index.php\/2021\/12\/03\/reic-nece-biti-golova-u-derbiju-u-to-sam-uvjeren\/"]}]},{"@type":"ImageObject","inLanguage":"hr","@id":"https:\/\/radioljubuski.ba\/index.php\/2021\/12\/03\/reic-nece-biti-golova-u-derbiju-u-to-sam-uvjeren\/#primaryimage","url":"https:\/\/radioljubuski.ba\/wp-content\/uploads\/2021\/12\/preuzmi-8.jpg","contentUrl":"https:\/\/radioljubuski.ba\/wp-content\/uploads\/2021\/12\/preuzmi-8.jpg","width":300,"height":168},{"@type":"BreadcrumbList","@id":"https:\/\/radioljubuski.ba\/index.php\/2021\/12\/03\/reic-nece-biti-golova-u-derbiju-u-to-sam-uvjeren\/#breadcrumb","itemListElement":[{"@type":"ListItem","position":1,"name":"Po\u010detna stranica","item":"https:\/\/radioljubuski.ba\/"},{"@type":"ListItem","position":2,"name":"Rei\u0107: Ne\u0107e biti golova u derbiju, u to sam uvjeren"}]},{"@type":"WebSite","@id":"https:\/\/radioljubuski.ba\/#website","url":"https:\/\/radioljubuski.ba\/","name":"Radio Ljubu\u0161ki","description":"Sun\u010dana frekvencija Hercegovine","publisher":{"@id":"https:\/\/radioljubuski.ba\/#organization"},"potentialAction":[{"@type":"SearchAction","target":{"@type":"EntryPoint","urlTemplate":"https:\/\/radioljubuski.ba\/?s={search_term_string}"},"query-input":{"@type":"PropertyValueSpecification","valueRequired":true,"valueName":"search_term_string"}}],"inLanguage":"hr"},{"@type":"Organization","@id":"https:\/\/radioljubuski.ba\/#organization","name":"Radio Ljubu\u0161ki","url":"https:\/\/radioljubuski.ba\/","logo":{"@type":"ImageObject","inLanguage":"hr","@id":"https:\/\/radioljubuski.ba\/#\/schema\/logo\/image\/","url":"https:\/\/radioljubuski.ba\/wp-content\/uploads\/2021\/02\/cropped-Radio_Ljubuski_logo1.jpg","contentUrl":"https:\/\/radioljubuski.ba\/wp-content\/uploads\/2021\/02\/cropped-Radio_Ljubuski_logo1.jpg","width":512,"height":512,"caption":"Radio Ljubu\u0161ki"},"image":{"@id":"https:\/\/radioljubuski.ba\/#\/schema\/logo\/image\/"},"sameAs":["https:\/\/www.facebook.com\/Radiio-Ljubuski-1490835324566332","https:\/\/x.com\/radioljubuski","https:\/\/hr.linkedin.com\/company\/radio-ljubuski","https:\/\/www.youtube.com\/channel\/UCHYaeO_n0Db3tjNGudGpXyw"]},{"@type":"Person","@id":"https:\/\/radioljubuski.ba\/#\/schema\/person\/19fc700381a780f69665d7956c469e3b","name":"Radio Ljubu\u0161ki"}]}},"_links":{"self":[{"href":"https:\/\/radioljubuski.ba\/index.php\/wp-json\/wp\/v2\/posts\/95666","targetHints":{"allow":["GET"]}}],"collection":[{"href":"https:\/\/radioljubuski.ba\/index.php\/wp-json\/wp\/v2\/posts"}],"about":[{"href":"https:\/\/radioljubuski.ba\/index.php\/wp-json\/wp\/v2\/types\/post"}],"author":[{"embeddable":true,"href":"https:\/\/radioljubuski.ba\/index.php\/wp-json\/wp\/v2\/users\/2"}],"replies":[{"embeddable":true,"href":"https:\/\/radioljubuski.ba\/index.php\/wp-json\/wp\/v2\/comments?post=95666"}],"version-history":[{"count":1,"href":"https:\/\/radioljubuski.ba\/index.php\/wp-json\/wp\/v2\/posts\/95666\/revisions"}],"predecessor-version":[{"id":95668,"href":"https:\/\/radioljubuski.ba\/index.php\/wp-json\/wp\/v2\/posts\/95666\/revisions\/95668"}],"wp:featuredmedia":[{"embeddable":true,"href":"https:\/\/radioljubuski.ba\/index.php\/wp-json\/wp\/v2\/media\/95667"}],"wp:attachment":[{"href":"https:\/\/radioljubuski.ba\/index.php\/wp-json\/wp\/v2\/media?parent=95666"}],"wp:term":[{"taxonomy":"category","embeddable":true,"href":"https:\/\/radioljubuski.ba\/index.php\/wp-json\/wp\/v2\/categories?post=95666"},{"taxonomy":"post_tag","embeddable":true,"href":"https:\/\/radioljubuski.ba\/index.php\/wp-json\/wp\/v2\/tags?post=95666"}],"curies":[{"name":"wp","href":"https:\/\/api.w.org\/{rel}","templated":true}]}}