{"id":95675,"date":"2021-12-03T23:48:31","date_gmt":"2021-12-03T22:48:31","guid":{"rendered":"https:\/\/radioljubuski.ba\/?p=95675"},"modified":"2021-12-03T23:48:32","modified_gmt":"2021-12-03T22:48:32","slug":"rangnick-poziv-iz-uniteda-se-ne-odbija","status":"publish","type":"post","link":"https:\/\/radioljubuski.ba\/index.php\/2021\/12\/03\/rangnick-poziv-iz-uniteda-se-ne-odbija\/","title":{"rendered":"Rangnick: Poziv iz Uniteda se ne odbija"},"content":{"rendered":"\n<p><strong>&#8211; Kada vas zove klub poput Manchester Uniteda, to se ne odbija, rekao je njema\u010dki nogometni stru\u010dnjak Ralf Rangnick (63) u prvom razgovoru s medijima nakon \u0161to je preuzeo &#8220;Crvene vragove&#8221;.<\/strong><\/p>\n\n\n\n<p>&#8211; To je jedan od najve\u0107ih klubova, ako ne i najve\u0107i klub na svijetu i sretan sam \u0161to \u0107u raditi s ovom grupom igra\u010da, rekao je Rangnick koji je zapo\u010deo svoju ulogu privremenog menad\u017eera do kraja sezone nakon \u0161to mu je odobrena radna dozvola i sva neophodna dokumentacija.<br><br>Rangnick je poru\u010dio kako je pratio posljednje utakmice Uniteda i kako je upoznat sa situacijom u elitnom razredu &#8220;oto\u010dkog&#8221; nogometa.<br><br>&#8211; Naravno, gledao sam sve posljednje utakmice, \u010dak i prije kontakta iz kluba. Prili\u010dno sam svjestan \u0161to se doga\u0111a ovdje i u Premier ligi. Ova mom\u010dad ima talent i iskustvo, a glavni cilj je unijeti ravnote\u017eu u mom\u010dad. Ako se pogleda ukupan broj primljenih golova, to je u prosjeku dva po utakmici. To je jednostavno previ\u0161e, rekao je.<br><br>&#8211; Utakmica protiv Arsenala je bila uzbudljiva za navija\u010de, ali kao trener ne \u017eelite takve utakmice svaki dan. Ambiciozan sam, \u017eelim napraviti ovu sezonu uspje\u0161no. Ali, moramo biti realni. Razlika izme\u0111u nas i vode\u0107a tri kluba je velika. Ali, vidjet \u0107emo, dodao je.<br><br>Novi \u0161ef Uniteda poku\u0161ao je nagovoriti privremenog menad\u017eera&nbsp;<strong>Michaela Carricka&nbsp;<\/strong>da ostane, ali on se ve\u0107 odlu\u010dio na odlazak.<br><br>&#8211; Razgovarali smo i poku\u0161ao sam ga nagovoriti da ostane, ali razumijem njegovu odluku, kazao je dodav\u0161i kako je s prethodnim menad\u017eerom<strong>&nbsp;Ole Gunnar Solskjaerom<\/strong>&nbsp;dva sata razgovarao o stanju u mom\u010dadi.<br><br>Kada mu u lipnju istekne ugovor, biv\u0161i trener RB Leipziga, Schalkea i Hoffenheima \u0107e ostati na Old Traffordu jo\u0161 najmanje dvije godine kao savjetnik. Odgovorio je i na pitanje postoji li mogu\u0107nost da ostane za kormilom i nakon ove sezone: &#8211; Ljudi s kojima sam razgovarao bili su jasni kako je ovo \u0161estomjese\u010dna uloga.<\/p>\n\n\n\n<p>Nijemac je komentirao i&nbsp;<strong>Cristiana Ronalda<\/strong>&nbsp;koji je protiv Arsenala zabio dva gola stigav\u0161i do brojke od 801 pogotka u karijeri.<br><br>&#8211; Uvijek morate prilagoditi svoj stil igre igra\u010dima koje imate na raspolaganju. Nikada nisam vidio igra\u010da koji je tako fizi\u010dki spreman s 36 godina. Ali ne radi se samo o njemu, ve\u0107 o razvoju cijele ekipe, naveo je Rangnick.<br><br>Otkrio je kako s upravom kluba jo\u0161 nije razgovarao o eventualnim poja\u010danjima.<br><br>&#8211; Sada je vrijeme da se detaljno upoznam s trenutnom ekipom. Ima dovoljno igra\u010da. Mo\u017eda \u0107e nakon Bo\u017ei\u0107a do\u0107i vrijeme za nagovore o mogu\u0107im transferima na zimu, ali zima nikad nije dobro vrijeme za dovo\u0111enje igra\u010da, poru\u010dio je Nijemac koji \u0107e na klupi Uniteda debitirati u nedjelju kod ku\u0107e protiv Crystal Palacea.<br><br>United se trenuta\u010dno nalazi na sedmom mjestu s 21 bodom, 12 manje od lidera Chelsea.<\/p>\n\n\n\n<p>Izvor:hrt.hr<\/p>\n","protected":false},"excerpt":{"rendered":"<p>&#8211; Kada vas zove klub poput Manchester Uniteda, to se ne odbija, rekao je njema\u010dki nogometni stru\u010dnjak Ralf Rangnick (63) u prvom razgovoru s medijima nakon \u0161to je preuzeo &#8220;Crvene vragove&#8221;. &#8211; To je jedan od najve\u0107ih klubova, ako ne i najve\u0107i klub na svijetu i sretan sam \u0161to \u0107u raditi s ovom grupom igra\u010da, [&hellip;]<\/p>\n","protected":false},"author":2,"featured_media":95676,"comment_status":"closed","ping_status":"closed","sticky":false,"template":"","format":"standard","meta":{"h5ap_radio_sources":[],"footnotes":""},"categories":[7],"tags":[],"class_list":["post-95675","post","type-post","status-publish","format-standard","has-post-thumbnail","hentry","category-sport"],"yoast_head":"<!-- This site is optimized with the Yoast SEO plugin v27.4 - https:\/\/yoast.com\/product\/yoast-seo-wordpress\/ -->\n<title>Rangnick: Poziv iz Uniteda se ne odbija - RADIO LJUBU\u0160KI<\/title>\n<meta name=\"robots\" content=\"index, follow, max-snippet:-1, max-image-preview:large, max-video-preview:-1\" \/>\n<link rel=\"canonical\" href=\"https:\/\/radioljubuski.ba\/index.php\/2021\/12\/03\/rangnick-poziv-iz-uniteda-se-ne-odbija\/\" \/>\n<meta property=\"og:locale\" content=\"hr_HR\" \/>\n<meta property=\"og:type\" content=\"article\" \/>\n<meta property=\"og:title\" content=\"Rangnick: Poziv iz Uniteda se ne odbija - RADIO LJUBU\u0160KI\" \/>\n<meta property=\"og:description\" content=\"&#8211; Kada vas zove klub poput Manchester Uniteda, to se ne odbija, rekao je njema\u010dki nogometni stru\u010dnjak Ralf Rangnick (63) u prvom razgovoru s medijima nakon \u0161to je preuzeo &#8220;Crvene vragove&#8221;. &#8211; To je jedan od najve\u0107ih klubova, ako ne i najve\u0107i klub na svijetu i sretan sam \u0161to \u0107u raditi s ovom grupom igra\u010da, [&hellip;]\" \/>\n<meta property=\"og:url\" content=\"https:\/\/radioljubuski.ba\/index.php\/2021\/12\/03\/rangnick-poziv-iz-uniteda-se-ne-odbija\/\" \/>\n<meta property=\"og:site_name\" content=\"RADIO LJUBU\u0160KI\" \/>\n<meta property=\"article:publisher\" content=\"https:\/\/www.facebook.com\/Radiio-Ljubuski-1490835324566332\" \/>\n<meta property=\"article:published_time\" content=\"2021-12-03T22:48:31+00:00\" \/>\n<meta property=\"article:modified_time\" content=\"2021-12-03T22:48:32+00:00\" \/>\n<meta property=\"og:image\" content=\"https:\/\/radioljubuski.ba\/wp-content\/uploads\/2021\/12\/ragnick.jpg\" \/>\n\t<meta property=\"og:image:width\" content=\"860\" \/>\n\t<meta property=\"og:image:height\" content=\"430\" \/>\n\t<meta property=\"og:image:type\" content=\"image\/jpeg\" \/>\n<meta name=\"author\" content=\"Radio Ljubu\u0161ki\" \/>\n<meta name=\"twitter:card\" content=\"summary_large_image\" \/>\n<meta name=\"twitter:creator\" content=\"@radioljubuski\" \/>\n<meta name=\"twitter:site\" content=\"@radioljubuski\" \/>\n<meta name=\"twitter:label1\" content=\"Napisao\/la\" \/>\n\t<meta name=\"twitter:data1\" content=\"Radio Ljubu\u0161ki\" \/>\n\t<meta name=\"twitter:label2\" content=\"Procijenjeno vrijeme \u010ditanja\" \/>\n\t<meta name=\"twitter:data2\" content=\"2 minute\" \/>\n<script type=\"application\/ld+json\" class=\"yoast-schema-graph\">{\"@context\":\"https:\\\/\\\/schema.org\",\"@graph\":[{\"@type\":\"Article\",\"@id\":\"https:\\\/\\\/radioljubuski.ba\\\/index.php\\\/2021\\\/12\\\/03\\\/rangnick-poziv-iz-uniteda-se-ne-odbija\\\/#article\",\"isPartOf\":{\"@id\":\"https:\\\/\\\/radioljubuski.ba\\\/index.php\\\/2021\\\/12\\\/03\\\/rangnick-poziv-iz-uniteda-se-ne-odbija\\\/\"},\"author\":{\"name\":\"Radio Ljubu\u0161ki\",\"@id\":\"https:\\\/\\\/radioljubuski.ba\\\/#\\\/schema\\\/person\\\/19fc700381a780f69665d7956c469e3b\"},\"headline\":\"Rangnick: Poziv iz Uniteda se ne odbija\",\"datePublished\":\"2021-12-03T22:48:31+00:00\",\"dateModified\":\"2021-12-03T22:48:32+00:00\",\"mainEntityOfPage\":{\"@id\":\"https:\\\/\\\/radioljubuski.ba\\\/index.php\\\/2021\\\/12\\\/03\\\/rangnick-poziv-iz-uniteda-se-ne-odbija\\\/\"},\"wordCount\":500,\"publisher\":{\"@id\":\"https:\\\/\\\/radioljubuski.ba\\\/#organization\"},\"image\":{\"@id\":\"https:\\\/\\\/radioljubuski.ba\\\/index.php\\\/2021\\\/12\\\/03\\\/rangnick-poziv-iz-uniteda-se-ne-odbija\\\/#primaryimage\"},\"thumbnailUrl\":\"https:\\\/\\\/radioljubuski.ba\\\/wp-content\\\/uploads\\\/2021\\\/12\\\/ragnick.jpg\",\"articleSection\":[\"\u0160port\"],\"inLanguage\":\"hr\"},{\"@type\":\"WebPage\",\"@id\":\"https:\\\/\\\/radioljubuski.ba\\\/index.php\\\/2021\\\/12\\\/03\\\/rangnick-poziv-iz-uniteda-se-ne-odbija\\\/\",\"url\":\"https:\\\/\\\/radioljubuski.ba\\\/index.php\\\/2021\\\/12\\\/03\\\/rangnick-poziv-iz-uniteda-se-ne-odbija\\\/\",\"name\":\"Rangnick: Poziv iz Uniteda se ne odbija - RADIO LJUBU\u0160KI\",\"isPartOf\":{\"@id\":\"https:\\\/\\\/radioljubuski.ba\\\/#website\"},\"primaryImageOfPage\":{\"@id\":\"https:\\\/\\\/radioljubuski.ba\\\/index.php\\\/2021\\\/12\\\/03\\\/rangnick-poziv-iz-uniteda-se-ne-odbija\\\/#primaryimage\"},\"image\":{\"@id\":\"https:\\\/\\\/radioljubuski.ba\\\/index.php\\\/2021\\\/12\\\/03\\\/rangnick-poziv-iz-uniteda-se-ne-odbija\\\/#primaryimage\"},\"thumbnailUrl\":\"https:\\\/\\\/radioljubuski.ba\\\/wp-content\\\/uploads\\\/2021\\\/12\\\/ragnick.jpg\",\"datePublished\":\"2021-12-03T22:48:31+00:00\",\"dateModified\":\"2021-12-03T22:48:32+00:00\",\"breadcrumb\":{\"@id\":\"https:\\\/\\\/radioljubuski.ba\\\/index.php\\\/2021\\\/12\\\/03\\\/rangnick-poziv-iz-uniteda-se-ne-odbija\\\/#breadcrumb\"},\"inLanguage\":\"hr\",\"potentialAction\":[{\"@type\":\"ReadAction\",\"target\":[\"https:\\\/\\\/radioljubuski.ba\\\/index.php\\\/2021\\\/12\\\/03\\\/rangnick-poziv-iz-uniteda-se-ne-odbija\\\/\"]}]},{\"@type\":\"ImageObject\",\"inLanguage\":\"hr\",\"@id\":\"https:\\\/\\\/radioljubuski.ba\\\/index.php\\\/2021\\\/12\\\/03\\\/rangnick-poziv-iz-uniteda-se-ne-odbija\\\/#primaryimage\",\"url\":\"https:\\\/\\\/radioljubuski.ba\\\/wp-content\\\/uploads\\\/2021\\\/12\\\/ragnick.jpg\",\"contentUrl\":\"https:\\\/\\\/radioljubuski.ba\\\/wp-content\\\/uploads\\\/2021\\\/12\\\/ragnick.jpg\",\"width\":860,\"height\":430},{\"@type\":\"BreadcrumbList\",\"@id\":\"https:\\\/\\\/radioljubuski.ba\\\/index.php\\\/2021\\\/12\\\/03\\\/rangnick-poziv-iz-uniteda-se-ne-odbija\\\/#breadcrumb\",\"itemListElement\":[{\"@type\":\"ListItem\",\"position\":1,\"name\":\"Po\u010detna stranica\",\"item\":\"https:\\\/\\\/radioljubuski.ba\\\/\"},{\"@type\":\"ListItem\",\"position\":2,\"name\":\"Rangnick: Poziv iz Uniteda se ne odbija\"}]},{\"@type\":\"WebSite\",\"@id\":\"https:\\\/\\\/radioljubuski.ba\\\/#website\",\"url\":\"https:\\\/\\\/radioljubuski.ba\\\/\",\"name\":\"Radio Ljubu\u0161ki\",\"description\":\"Sun\u010dana frekvencija Hercegovine\",\"publisher\":{\"@id\":\"https:\\\/\\\/radioljubuski.ba\\\/#organization\"},\"potentialAction\":[{\"@type\":\"SearchAction\",\"target\":{\"@type\":\"EntryPoint\",\"urlTemplate\":\"https:\\\/\\\/radioljubuski.ba\\\/?s={search_term_string}\"},\"query-input\":{\"@type\":\"PropertyValueSpecification\",\"valueRequired\":true,\"valueName\":\"search_term_string\"}}],\"inLanguage\":\"hr\"},{\"@type\":\"Organization\",\"@id\":\"https:\\\/\\\/radioljubuski.ba\\\/#organization\",\"name\":\"Radio Ljubu\u0161ki\",\"url\":\"https:\\\/\\\/radioljubuski.ba\\\/\",\"logo\":{\"@type\":\"ImageObject\",\"inLanguage\":\"hr\",\"@id\":\"https:\\\/\\\/radioljubuski.ba\\\/#\\\/schema\\\/logo\\\/image\\\/\",\"url\":\"https:\\\/\\\/radioljubuski.ba\\\/wp-content\\\/uploads\\\/2021\\\/02\\\/cropped-Radio_Ljubuski_logo1.jpg\",\"contentUrl\":\"https:\\\/\\\/radioljubuski.ba\\\/wp-content\\\/uploads\\\/2021\\\/02\\\/cropped-Radio_Ljubuski_logo1.jpg\",\"width\":512,\"height\":512,\"caption\":\"Radio Ljubu\u0161ki\"},\"image\":{\"@id\":\"https:\\\/\\\/radioljubuski.ba\\\/#\\\/schema\\\/logo\\\/image\\\/\"},\"sameAs\":[\"https:\\\/\\\/www.facebook.com\\\/Radiio-Ljubuski-1490835324566332\",\"https:\\\/\\\/x.com\\\/radioljubuski\",\"https:\\\/\\\/hr.linkedin.com\\\/company\\\/radio-ljubuski\",\"https:\\\/\\\/www.youtube.com\\\/channel\\\/UCHYaeO_n0Db3tjNGudGpXyw\"]},{\"@type\":\"Person\",\"@id\":\"https:\\\/\\\/radioljubuski.ba\\\/#\\\/schema\\\/person\\\/19fc700381a780f69665d7956c469e3b\",\"name\":\"Radio Ljubu\u0161ki\"}]}<\/script>\n<!-- \/ Yoast SEO plugin. -->","yoast_head_json":{"title":"Rangnick: Poziv iz Uniteda se ne odbija - RADIO LJUBU\u0160KI","robots":{"index":"index","follow":"follow","max-snippet":"max-snippet:-1","max-image-preview":"max-image-preview:large","max-video-preview":"max-video-preview:-1"},"canonical":"https:\/\/radioljubuski.ba\/index.php\/2021\/12\/03\/rangnick-poziv-iz-uniteda-se-ne-odbija\/","og_locale":"hr_HR","og_type":"article","og_title":"Rangnick: Poziv iz Uniteda se ne odbija - RADIO LJUBU\u0160KI","og_description":"&#8211; Kada vas zove klub poput Manchester Uniteda, to se ne odbija, rekao je njema\u010dki nogometni stru\u010dnjak Ralf Rangnick (63) u prvom razgovoru s medijima nakon \u0161to je preuzeo &#8220;Crvene vragove&#8221;. &#8211; To je jedan od najve\u0107ih klubova, ako ne i najve\u0107i klub na svijetu i sretan sam \u0161to \u0107u raditi s ovom grupom igra\u010da, [&hellip;]","og_url":"https:\/\/radioljubuski.ba\/index.php\/2021\/12\/03\/rangnick-poziv-iz-uniteda-se-ne-odbija\/","og_site_name":"RADIO LJUBU\u0160KI","article_publisher":"https:\/\/www.facebook.com\/Radiio-Ljubuski-1490835324566332","article_published_time":"2021-12-03T22:48:31+00:00","article_modified_time":"2021-12-03T22:48:32+00:00","og_image":[{"width":860,"height":430,"url":"https:\/\/radioljubuski.ba\/wp-content\/uploads\/2021\/12\/ragnick.jpg","type":"image\/jpeg"}],"author":"Radio Ljubu\u0161ki","twitter_card":"summary_large_image","twitter_creator":"@radioljubuski","twitter_site":"@radioljubuski","twitter_misc":{"Napisao\/la":"Radio Ljubu\u0161ki","Procijenjeno vrijeme \u010ditanja":"2 minute"},"schema":{"@context":"https:\/\/schema.org","@graph":[{"@type":"Article","@id":"https:\/\/radioljubuski.ba\/index.php\/2021\/12\/03\/rangnick-poziv-iz-uniteda-se-ne-odbija\/#article","isPartOf":{"@id":"https:\/\/radioljubuski.ba\/index.php\/2021\/12\/03\/rangnick-poziv-iz-uniteda-se-ne-odbija\/"},"author":{"name":"Radio Ljubu\u0161ki","@id":"https:\/\/radioljubuski.ba\/#\/schema\/person\/19fc700381a780f69665d7956c469e3b"},"headline":"Rangnick: Poziv iz Uniteda se ne odbija","datePublished":"2021-12-03T22:48:31+00:00","dateModified":"2021-12-03T22:48:32+00:00","mainEntityOfPage":{"@id":"https:\/\/radioljubuski.ba\/index.php\/2021\/12\/03\/rangnick-poziv-iz-uniteda-se-ne-odbija\/"},"wordCount":500,"publisher":{"@id":"https:\/\/radioljubuski.ba\/#organization"},"image":{"@id":"https:\/\/radioljubuski.ba\/index.php\/2021\/12\/03\/rangnick-poziv-iz-uniteda-se-ne-odbija\/#primaryimage"},"thumbnailUrl":"https:\/\/radioljubuski.ba\/wp-content\/uploads\/2021\/12\/ragnick.jpg","articleSection":["\u0160port"],"inLanguage":"hr"},{"@type":"WebPage","@id":"https:\/\/radioljubuski.ba\/index.php\/2021\/12\/03\/rangnick-poziv-iz-uniteda-se-ne-odbija\/","url":"https:\/\/radioljubuski.ba\/index.php\/2021\/12\/03\/rangnick-poziv-iz-uniteda-se-ne-odbija\/","name":"Rangnick: Poziv iz Uniteda se ne odbija - RADIO LJUBU\u0160KI","isPartOf":{"@id":"https:\/\/radioljubuski.ba\/#website"},"primaryImageOfPage":{"@id":"https:\/\/radioljubuski.ba\/index.php\/2021\/12\/03\/rangnick-poziv-iz-uniteda-se-ne-odbija\/#primaryimage"},"image":{"@id":"https:\/\/radioljubuski.ba\/index.php\/2021\/12\/03\/rangnick-poziv-iz-uniteda-se-ne-odbija\/#primaryimage"},"thumbnailUrl":"https:\/\/radioljubuski.ba\/wp-content\/uploads\/2021\/12\/ragnick.jpg","datePublished":"2021-12-03T22:48:31+00:00","dateModified":"2021-12-03T22:48:32+00:00","breadcrumb":{"@id":"https:\/\/radioljubuski.ba\/index.php\/2021\/12\/03\/rangnick-poziv-iz-uniteda-se-ne-odbija\/#breadcrumb"},"inLanguage":"hr","potentialAction":[{"@type":"ReadAction","target":["https:\/\/radioljubuski.ba\/index.php\/2021\/12\/03\/rangnick-poziv-iz-uniteda-se-ne-odbija\/"]}]},{"@type":"ImageObject","inLanguage":"hr","@id":"https:\/\/radioljubuski.ba\/index.php\/2021\/12\/03\/rangnick-poziv-iz-uniteda-se-ne-odbija\/#primaryimage","url":"https:\/\/radioljubuski.ba\/wp-content\/uploads\/2021\/12\/ragnick.jpg","contentUrl":"https:\/\/radioljubuski.ba\/wp-content\/uploads\/2021\/12\/ragnick.jpg","width":860,"height":430},{"@type":"BreadcrumbList","@id":"https:\/\/radioljubuski.ba\/index.php\/2021\/12\/03\/rangnick-poziv-iz-uniteda-se-ne-odbija\/#breadcrumb","itemListElement":[{"@type":"ListItem","position":1,"name":"Po\u010detna stranica","item":"https:\/\/radioljubuski.ba\/"},{"@type":"ListItem","position":2,"name":"Rangnick: Poziv iz Uniteda se ne odbija"}]},{"@type":"WebSite","@id":"https:\/\/radioljubuski.ba\/#website","url":"https:\/\/radioljubuski.ba\/","name":"Radio Ljubu\u0161ki","description":"Sun\u010dana frekvencija Hercegovine","publisher":{"@id":"https:\/\/radioljubuski.ba\/#organization"},"potentialAction":[{"@type":"SearchAction","target":{"@type":"EntryPoint","urlTemplate":"https:\/\/radioljubuski.ba\/?s={search_term_string}"},"query-input":{"@type":"PropertyValueSpecification","valueRequired":true,"valueName":"search_term_string"}}],"inLanguage":"hr"},{"@type":"Organization","@id":"https:\/\/radioljubuski.ba\/#organization","name":"Radio Ljubu\u0161ki","url":"https:\/\/radioljubuski.ba\/","logo":{"@type":"ImageObject","inLanguage":"hr","@id":"https:\/\/radioljubuski.ba\/#\/schema\/logo\/image\/","url":"https:\/\/radioljubuski.ba\/wp-content\/uploads\/2021\/02\/cropped-Radio_Ljubuski_logo1.jpg","contentUrl":"https:\/\/radioljubuski.ba\/wp-content\/uploads\/2021\/02\/cropped-Radio_Ljubuski_logo1.jpg","width":512,"height":512,"caption":"Radio Ljubu\u0161ki"},"image":{"@id":"https:\/\/radioljubuski.ba\/#\/schema\/logo\/image\/"},"sameAs":["https:\/\/www.facebook.com\/Radiio-Ljubuski-1490835324566332","https:\/\/x.com\/radioljubuski","https:\/\/hr.linkedin.com\/company\/radio-ljubuski","https:\/\/www.youtube.com\/channel\/UCHYaeO_n0Db3tjNGudGpXyw"]},{"@type":"Person","@id":"https:\/\/radioljubuski.ba\/#\/schema\/person\/19fc700381a780f69665d7956c469e3b","name":"Radio Ljubu\u0161ki"}]}},"_links":{"self":[{"href":"https:\/\/radioljubuski.ba\/index.php\/wp-json\/wp\/v2\/posts\/95675","targetHints":{"allow":["GET"]}}],"collection":[{"href":"https:\/\/radioljubuski.ba\/index.php\/wp-json\/wp\/v2\/posts"}],"about":[{"href":"https:\/\/radioljubuski.ba\/index.php\/wp-json\/wp\/v2\/types\/post"}],"author":[{"embeddable":true,"href":"https:\/\/radioljubuski.ba\/index.php\/wp-json\/wp\/v2\/users\/2"}],"replies":[{"embeddable":true,"href":"https:\/\/radioljubuski.ba\/index.php\/wp-json\/wp\/v2\/comments?post=95675"}],"version-history":[{"count":1,"href":"https:\/\/radioljubuski.ba\/index.php\/wp-json\/wp\/v2\/posts\/95675\/revisions"}],"predecessor-version":[{"id":95677,"href":"https:\/\/radioljubuski.ba\/index.php\/wp-json\/wp\/v2\/posts\/95675\/revisions\/95677"}],"wp:featuredmedia":[{"embeddable":true,"href":"https:\/\/radioljubuski.ba\/index.php\/wp-json\/wp\/v2\/media\/95676"}],"wp:attachment":[{"href":"https:\/\/radioljubuski.ba\/index.php\/wp-json\/wp\/v2\/media?parent=95675"}],"wp:term":[{"taxonomy":"category","embeddable":true,"href":"https:\/\/radioljubuski.ba\/index.php\/wp-json\/wp\/v2\/categories?post=95675"},{"taxonomy":"post_tag","embeddable":true,"href":"https:\/\/radioljubuski.ba\/index.php\/wp-json\/wp\/v2\/tags?post=95675"}],"curies":[{"name":"wp","href":"https:\/\/api.w.org\/{rel}","templated":true}]}}