{"id":95678,"date":"2021-12-03T23:49:47","date_gmt":"2021-12-03T22:49:47","guid":{"rendered":"https:\/\/radioljubuski.ba\/?p=95678"},"modified":"2021-12-03T23:49:48","modified_gmt":"2021-12-03T22:49:48","slug":"umro-zadnji-clan-njemacke-koja-je-1954-postala-svjetski-prvak","status":"publish","type":"post","link":"https:\/\/radioljubuski.ba\/index.php\/2021\/12\/03\/umro-zadnji-clan-njemacke-koja-je-1954-postala-svjetski-prvak\/","title":{"rendered":"Umro zadnji \u010dlan Njema\u010dke koja je 1954. postala svjetski prvak"},"content":{"rendered":"\n<p><strong>Horst Eckel, zadnji pre\u017eivjeli \u010dlan njema\u010dke reprezentacije koja je 1954. godine osvojila naslov svjetskog prvaka, umro je u petak u 89. godini, objavio je Njema\u010dki nogometni savez.<\/strong><\/p>\n\n\n\n<p>Igra\u010d Kaiserslauterna, bio je najmla\u0111i u pobjedni\u010dkoj mom\u010dadi koja je u finalu sa 3-2 svladala Ma\u0111arsku velikog favorita Svjetskog prvenstva 1954. u \u0160vicarskoj.<br><br>Horst Eckel pro\u0161li je tjedan u\u0161ao u Ku\u0107u slavnih Muzeja nogometa Dortmund, zajedno s najve\u0107im igra\u010dima u nacionalnoj povijesti&nbsp;<strong>Uweom Seelerom<\/strong>,&nbsp;<strong>Franzom Beckenbauerom<\/strong>,&nbsp;<strong>Gerdom M\u00fcllerom<\/strong>,<strong>&nbsp;Seppom Maierom&nbsp;<\/strong>i ostalima.<br><br>Za &#8220;Elf&#8221; je odigrao ukupno 32 utakmice, s Kaiserslatenom je dva puta bio prvak Njema\u010dke, a osim za Kaiserslaten igrao je na kraju karijere za R\u00f6chling V\u00f6lklingen.<\/p>\n\n\n\n<p>Izvor:hrt.hr<\/p>\n","protected":false},"excerpt":{"rendered":"<p>Horst Eckel, zadnji pre\u017eivjeli \u010dlan njema\u010dke reprezentacije koja je 1954. godine osvojila naslov svjetskog prvaka, umro je u petak u 89. godini, objavio je Njema\u010dki nogometni savez. Igra\u010d Kaiserslauterna, bio je najmla\u0111i u pobjedni\u010dkoj mom\u010dadi koja je u finalu sa 3-2 svladala Ma\u0111arsku velikog favorita Svjetskog prvenstva 1954. u \u0160vicarskoj. Horst Eckel pro\u0161li je tjedan [&hellip;]<\/p>\n","protected":false},"author":2,"featured_media":95679,"comment_status":"closed","ping_status":"closed","sticky":false,"template":"","format":"standard","meta":{"h5ap_radio_sources":[],"footnotes":""},"categories":[7],"tags":[],"class_list":["post-95678","post","type-post","status-publish","format-standard","has-post-thumbnail","hentry","category-sport"],"yoast_head":"<!-- This site is optimized with the Yoast SEO plugin v27.4 - https:\/\/yoast.com\/product\/yoast-seo-wordpress\/ -->\n<title>Umro zadnji \u010dlan Njema\u010dke koja je 1954. postala svjetski prvak - RADIO LJUBU\u0160KI<\/title>\n<meta name=\"robots\" content=\"index, follow, max-snippet:-1, max-image-preview:large, max-video-preview:-1\" \/>\n<link rel=\"canonical\" href=\"https:\/\/radioljubuski.ba\/index.php\/2021\/12\/03\/umro-zadnji-clan-njemacke-koja-je-1954-postala-svjetski-prvak\/\" \/>\n<meta property=\"og:locale\" content=\"hr_HR\" \/>\n<meta property=\"og:type\" content=\"article\" \/>\n<meta property=\"og:title\" content=\"Umro zadnji \u010dlan Njema\u010dke koja je 1954. postala svjetski prvak - RADIO LJUBU\u0160KI\" \/>\n<meta property=\"og:description\" content=\"Horst Eckel, zadnji pre\u017eivjeli \u010dlan njema\u010dke reprezentacije koja je 1954. godine osvojila naslov svjetskog prvaka, umro je u petak u 89. godini, objavio je Njema\u010dki nogometni savez. Igra\u010d Kaiserslauterna, bio je najmla\u0111i u pobjedni\u010dkoj mom\u010dadi koja je u finalu sa 3-2 svladala Ma\u0111arsku velikog favorita Svjetskog prvenstva 1954. u \u0160vicarskoj. Horst Eckel pro\u0161li je tjedan [&hellip;]\" \/>\n<meta property=\"og:url\" content=\"https:\/\/radioljubuski.ba\/index.php\/2021\/12\/03\/umro-zadnji-clan-njemacke-koja-je-1954-postala-svjetski-prvak\/\" \/>\n<meta property=\"og:site_name\" content=\"RADIO LJUBU\u0160KI\" \/>\n<meta property=\"article:publisher\" content=\"https:\/\/www.facebook.com\/Radiio-Ljubuski-1490835324566332\" \/>\n<meta property=\"article:published_time\" content=\"2021-12-03T22:49:47+00:00\" \/>\n<meta property=\"article:modified_time\" content=\"2021-12-03T22:49:48+00:00\" \/>\n<meta property=\"og:image\" content=\"https:\/\/radioljubuski.ba\/wp-content\/uploads\/2021\/12\/3b1a0bb5-6ecc-4121-b629-c26ceb8c5948.png\" \/>\n\t<meta property=\"og:image:width\" content=\"500\" \/>\n\t<meta property=\"og:image:height\" content=\"500\" \/>\n\t<meta property=\"og:image:type\" content=\"image\/png\" \/>\n<meta name=\"author\" content=\"Radio Ljubu\u0161ki\" \/>\n<meta name=\"twitter:card\" content=\"summary_large_image\" \/>\n<meta name=\"twitter:creator\" content=\"@radioljubuski\" \/>\n<meta name=\"twitter:site\" content=\"@radioljubuski\" \/>\n<meta name=\"twitter:label1\" content=\"Napisao\/la\" \/>\n\t<meta name=\"twitter:data1\" content=\"Radio Ljubu\u0161ki\" \/>\n\t<meta name=\"twitter:label2\" content=\"Procijenjeno vrijeme \u010ditanja\" \/>\n\t<meta name=\"twitter:data2\" content=\"1 minuta\" \/>\n<script type=\"application\/ld+json\" class=\"yoast-schema-graph\">{\"@context\":\"https:\\\/\\\/schema.org\",\"@graph\":[{\"@type\":\"Article\",\"@id\":\"https:\\\/\\\/radioljubuski.ba\\\/index.php\\\/2021\\\/12\\\/03\\\/umro-zadnji-clan-njemacke-koja-je-1954-postala-svjetski-prvak\\\/#article\",\"isPartOf\":{\"@id\":\"https:\\\/\\\/radioljubuski.ba\\\/index.php\\\/2021\\\/12\\\/03\\\/umro-zadnji-clan-njemacke-koja-je-1954-postala-svjetski-prvak\\\/\"},\"author\":{\"name\":\"Radio Ljubu\u0161ki\",\"@id\":\"https:\\\/\\\/radioljubuski.ba\\\/#\\\/schema\\\/person\\\/19fc700381a780f69665d7956c469e3b\"},\"headline\":\"Umro zadnji \u010dlan Njema\u010dke koja je 1954. postala svjetski prvak\",\"datePublished\":\"2021-12-03T22:49:47+00:00\",\"dateModified\":\"2021-12-03T22:49:48+00:00\",\"mainEntityOfPage\":{\"@id\":\"https:\\\/\\\/radioljubuski.ba\\\/index.php\\\/2021\\\/12\\\/03\\\/umro-zadnji-clan-njemacke-koja-je-1954-postala-svjetski-prvak\\\/\"},\"wordCount\":136,\"publisher\":{\"@id\":\"https:\\\/\\\/radioljubuski.ba\\\/#organization\"},\"image\":{\"@id\":\"https:\\\/\\\/radioljubuski.ba\\\/index.php\\\/2021\\\/12\\\/03\\\/umro-zadnji-clan-njemacke-koja-je-1954-postala-svjetski-prvak\\\/#primaryimage\"},\"thumbnailUrl\":\"https:\\\/\\\/radioljubuski.ba\\\/wp-content\\\/uploads\\\/2021\\\/12\\\/3b1a0bb5-6ecc-4121-b629-c26ceb8c5948.png\",\"articleSection\":[\"\u0160port\"],\"inLanguage\":\"hr\"},{\"@type\":\"WebPage\",\"@id\":\"https:\\\/\\\/radioljubuski.ba\\\/index.php\\\/2021\\\/12\\\/03\\\/umro-zadnji-clan-njemacke-koja-je-1954-postala-svjetski-prvak\\\/\",\"url\":\"https:\\\/\\\/radioljubuski.ba\\\/index.php\\\/2021\\\/12\\\/03\\\/umro-zadnji-clan-njemacke-koja-je-1954-postala-svjetski-prvak\\\/\",\"name\":\"Umro zadnji \u010dlan Njema\u010dke koja je 1954. postala svjetski prvak - RADIO LJUBU\u0160KI\",\"isPartOf\":{\"@id\":\"https:\\\/\\\/radioljubuski.ba\\\/#website\"},\"primaryImageOfPage\":{\"@id\":\"https:\\\/\\\/radioljubuski.ba\\\/index.php\\\/2021\\\/12\\\/03\\\/umro-zadnji-clan-njemacke-koja-je-1954-postala-svjetski-prvak\\\/#primaryimage\"},\"image\":{\"@id\":\"https:\\\/\\\/radioljubuski.ba\\\/index.php\\\/2021\\\/12\\\/03\\\/umro-zadnji-clan-njemacke-koja-je-1954-postala-svjetski-prvak\\\/#primaryimage\"},\"thumbnailUrl\":\"https:\\\/\\\/radioljubuski.ba\\\/wp-content\\\/uploads\\\/2021\\\/12\\\/3b1a0bb5-6ecc-4121-b629-c26ceb8c5948.png\",\"datePublished\":\"2021-12-03T22:49:47+00:00\",\"dateModified\":\"2021-12-03T22:49:48+00:00\",\"breadcrumb\":{\"@id\":\"https:\\\/\\\/radioljubuski.ba\\\/index.php\\\/2021\\\/12\\\/03\\\/umro-zadnji-clan-njemacke-koja-je-1954-postala-svjetski-prvak\\\/#breadcrumb\"},\"inLanguage\":\"hr\",\"potentialAction\":[{\"@type\":\"ReadAction\",\"target\":[\"https:\\\/\\\/radioljubuski.ba\\\/index.php\\\/2021\\\/12\\\/03\\\/umro-zadnji-clan-njemacke-koja-je-1954-postala-svjetski-prvak\\\/\"]}]},{\"@type\":\"ImageObject\",\"inLanguage\":\"hr\",\"@id\":\"https:\\\/\\\/radioljubuski.ba\\\/index.php\\\/2021\\\/12\\\/03\\\/umro-zadnji-clan-njemacke-koja-je-1954-postala-svjetski-prvak\\\/#primaryimage\",\"url\":\"https:\\\/\\\/radioljubuski.ba\\\/wp-content\\\/uploads\\\/2021\\\/12\\\/3b1a0bb5-6ecc-4121-b629-c26ceb8c5948.png\",\"contentUrl\":\"https:\\\/\\\/radioljubuski.ba\\\/wp-content\\\/uploads\\\/2021\\\/12\\\/3b1a0bb5-6ecc-4121-b629-c26ceb8c5948.png\",\"width\":500,\"height\":500},{\"@type\":\"BreadcrumbList\",\"@id\":\"https:\\\/\\\/radioljubuski.ba\\\/index.php\\\/2021\\\/12\\\/03\\\/umro-zadnji-clan-njemacke-koja-je-1954-postala-svjetski-prvak\\\/#breadcrumb\",\"itemListElement\":[{\"@type\":\"ListItem\",\"position\":1,\"name\":\"Po\u010detna stranica\",\"item\":\"https:\\\/\\\/radioljubuski.ba\\\/\"},{\"@type\":\"ListItem\",\"position\":2,\"name\":\"Umro zadnji \u010dlan Njema\u010dke koja je 1954. postala svjetski prvak\"}]},{\"@type\":\"WebSite\",\"@id\":\"https:\\\/\\\/radioljubuski.ba\\\/#website\",\"url\":\"https:\\\/\\\/radioljubuski.ba\\\/\",\"name\":\"Radio Ljubu\u0161ki\",\"description\":\"Sun\u010dana frekvencija Hercegovine\",\"publisher\":{\"@id\":\"https:\\\/\\\/radioljubuski.ba\\\/#organization\"},\"potentialAction\":[{\"@type\":\"SearchAction\",\"target\":{\"@type\":\"EntryPoint\",\"urlTemplate\":\"https:\\\/\\\/radioljubuski.ba\\\/?s={search_term_string}\"},\"query-input\":{\"@type\":\"PropertyValueSpecification\",\"valueRequired\":true,\"valueName\":\"search_term_string\"}}],\"inLanguage\":\"hr\"},{\"@type\":\"Organization\",\"@id\":\"https:\\\/\\\/radioljubuski.ba\\\/#organization\",\"name\":\"Radio Ljubu\u0161ki\",\"url\":\"https:\\\/\\\/radioljubuski.ba\\\/\",\"logo\":{\"@type\":\"ImageObject\",\"inLanguage\":\"hr\",\"@id\":\"https:\\\/\\\/radioljubuski.ba\\\/#\\\/schema\\\/logo\\\/image\\\/\",\"url\":\"https:\\\/\\\/radioljubuski.ba\\\/wp-content\\\/uploads\\\/2021\\\/02\\\/cropped-Radio_Ljubuski_logo1.jpg\",\"contentUrl\":\"https:\\\/\\\/radioljubuski.ba\\\/wp-content\\\/uploads\\\/2021\\\/02\\\/cropped-Radio_Ljubuski_logo1.jpg\",\"width\":512,\"height\":512,\"caption\":\"Radio Ljubu\u0161ki\"},\"image\":{\"@id\":\"https:\\\/\\\/radioljubuski.ba\\\/#\\\/schema\\\/logo\\\/image\\\/\"},\"sameAs\":[\"https:\\\/\\\/www.facebook.com\\\/Radiio-Ljubuski-1490835324566332\",\"https:\\\/\\\/x.com\\\/radioljubuski\",\"https:\\\/\\\/hr.linkedin.com\\\/company\\\/radio-ljubuski\",\"https:\\\/\\\/www.youtube.com\\\/channel\\\/UCHYaeO_n0Db3tjNGudGpXyw\"]},{\"@type\":\"Person\",\"@id\":\"https:\\\/\\\/radioljubuski.ba\\\/#\\\/schema\\\/person\\\/19fc700381a780f69665d7956c469e3b\",\"name\":\"Radio Ljubu\u0161ki\"}]}<\/script>\n<!-- \/ Yoast SEO plugin. -->","yoast_head_json":{"title":"Umro zadnji \u010dlan Njema\u010dke koja je 1954. postala svjetski prvak - RADIO LJUBU\u0160KI","robots":{"index":"index","follow":"follow","max-snippet":"max-snippet:-1","max-image-preview":"max-image-preview:large","max-video-preview":"max-video-preview:-1"},"canonical":"https:\/\/radioljubuski.ba\/index.php\/2021\/12\/03\/umro-zadnji-clan-njemacke-koja-je-1954-postala-svjetski-prvak\/","og_locale":"hr_HR","og_type":"article","og_title":"Umro zadnji \u010dlan Njema\u010dke koja je 1954. postala svjetski prvak - RADIO LJUBU\u0160KI","og_description":"Horst Eckel, zadnji pre\u017eivjeli \u010dlan njema\u010dke reprezentacije koja je 1954. godine osvojila naslov svjetskog prvaka, umro je u petak u 89. godini, objavio je Njema\u010dki nogometni savez. Igra\u010d Kaiserslauterna, bio je najmla\u0111i u pobjedni\u010dkoj mom\u010dadi koja je u finalu sa 3-2 svladala Ma\u0111arsku velikog favorita Svjetskog prvenstva 1954. u \u0160vicarskoj. Horst Eckel pro\u0161li je tjedan [&hellip;]","og_url":"https:\/\/radioljubuski.ba\/index.php\/2021\/12\/03\/umro-zadnji-clan-njemacke-koja-je-1954-postala-svjetski-prvak\/","og_site_name":"RADIO LJUBU\u0160KI","article_publisher":"https:\/\/www.facebook.com\/Radiio-Ljubuski-1490835324566332","article_published_time":"2021-12-03T22:49:47+00:00","article_modified_time":"2021-12-03T22:49:48+00:00","og_image":[{"width":500,"height":500,"url":"https:\/\/radioljubuski.ba\/wp-content\/uploads\/2021\/12\/3b1a0bb5-6ecc-4121-b629-c26ceb8c5948.png","type":"image\/png"}],"author":"Radio Ljubu\u0161ki","twitter_card":"summary_large_image","twitter_creator":"@radioljubuski","twitter_site":"@radioljubuski","twitter_misc":{"Napisao\/la":"Radio Ljubu\u0161ki","Procijenjeno vrijeme \u010ditanja":"1 minuta"},"schema":{"@context":"https:\/\/schema.org","@graph":[{"@type":"Article","@id":"https:\/\/radioljubuski.ba\/index.php\/2021\/12\/03\/umro-zadnji-clan-njemacke-koja-je-1954-postala-svjetski-prvak\/#article","isPartOf":{"@id":"https:\/\/radioljubuski.ba\/index.php\/2021\/12\/03\/umro-zadnji-clan-njemacke-koja-je-1954-postala-svjetski-prvak\/"},"author":{"name":"Radio Ljubu\u0161ki","@id":"https:\/\/radioljubuski.ba\/#\/schema\/person\/19fc700381a780f69665d7956c469e3b"},"headline":"Umro zadnji \u010dlan Njema\u010dke koja je 1954. postala svjetski prvak","datePublished":"2021-12-03T22:49:47+00:00","dateModified":"2021-12-03T22:49:48+00:00","mainEntityOfPage":{"@id":"https:\/\/radioljubuski.ba\/index.php\/2021\/12\/03\/umro-zadnji-clan-njemacke-koja-je-1954-postala-svjetski-prvak\/"},"wordCount":136,"publisher":{"@id":"https:\/\/radioljubuski.ba\/#organization"},"image":{"@id":"https:\/\/radioljubuski.ba\/index.php\/2021\/12\/03\/umro-zadnji-clan-njemacke-koja-je-1954-postala-svjetski-prvak\/#primaryimage"},"thumbnailUrl":"https:\/\/radioljubuski.ba\/wp-content\/uploads\/2021\/12\/3b1a0bb5-6ecc-4121-b629-c26ceb8c5948.png","articleSection":["\u0160port"],"inLanguage":"hr"},{"@type":"WebPage","@id":"https:\/\/radioljubuski.ba\/index.php\/2021\/12\/03\/umro-zadnji-clan-njemacke-koja-je-1954-postala-svjetski-prvak\/","url":"https:\/\/radioljubuski.ba\/index.php\/2021\/12\/03\/umro-zadnji-clan-njemacke-koja-je-1954-postala-svjetski-prvak\/","name":"Umro zadnji \u010dlan Njema\u010dke koja je 1954. postala svjetski prvak - RADIO LJUBU\u0160KI","isPartOf":{"@id":"https:\/\/radioljubuski.ba\/#website"},"primaryImageOfPage":{"@id":"https:\/\/radioljubuski.ba\/index.php\/2021\/12\/03\/umro-zadnji-clan-njemacke-koja-je-1954-postala-svjetski-prvak\/#primaryimage"},"image":{"@id":"https:\/\/radioljubuski.ba\/index.php\/2021\/12\/03\/umro-zadnji-clan-njemacke-koja-je-1954-postala-svjetski-prvak\/#primaryimage"},"thumbnailUrl":"https:\/\/radioljubuski.ba\/wp-content\/uploads\/2021\/12\/3b1a0bb5-6ecc-4121-b629-c26ceb8c5948.png","datePublished":"2021-12-03T22:49:47+00:00","dateModified":"2021-12-03T22:49:48+00:00","breadcrumb":{"@id":"https:\/\/radioljubuski.ba\/index.php\/2021\/12\/03\/umro-zadnji-clan-njemacke-koja-je-1954-postala-svjetski-prvak\/#breadcrumb"},"inLanguage":"hr","potentialAction":[{"@type":"ReadAction","target":["https:\/\/radioljubuski.ba\/index.php\/2021\/12\/03\/umro-zadnji-clan-njemacke-koja-je-1954-postala-svjetski-prvak\/"]}]},{"@type":"ImageObject","inLanguage":"hr","@id":"https:\/\/radioljubuski.ba\/index.php\/2021\/12\/03\/umro-zadnji-clan-njemacke-koja-je-1954-postala-svjetski-prvak\/#primaryimage","url":"https:\/\/radioljubuski.ba\/wp-content\/uploads\/2021\/12\/3b1a0bb5-6ecc-4121-b629-c26ceb8c5948.png","contentUrl":"https:\/\/radioljubuski.ba\/wp-content\/uploads\/2021\/12\/3b1a0bb5-6ecc-4121-b629-c26ceb8c5948.png","width":500,"height":500},{"@type":"BreadcrumbList","@id":"https:\/\/radioljubuski.ba\/index.php\/2021\/12\/03\/umro-zadnji-clan-njemacke-koja-je-1954-postala-svjetski-prvak\/#breadcrumb","itemListElement":[{"@type":"ListItem","position":1,"name":"Po\u010detna stranica","item":"https:\/\/radioljubuski.ba\/"},{"@type":"ListItem","position":2,"name":"Umro zadnji \u010dlan Njema\u010dke koja je 1954. postala svjetski prvak"}]},{"@type":"WebSite","@id":"https:\/\/radioljubuski.ba\/#website","url":"https:\/\/radioljubuski.ba\/","name":"Radio Ljubu\u0161ki","description":"Sun\u010dana frekvencija Hercegovine","publisher":{"@id":"https:\/\/radioljubuski.ba\/#organization"},"potentialAction":[{"@type":"SearchAction","target":{"@type":"EntryPoint","urlTemplate":"https:\/\/radioljubuski.ba\/?s={search_term_string}"},"query-input":{"@type":"PropertyValueSpecification","valueRequired":true,"valueName":"search_term_string"}}],"inLanguage":"hr"},{"@type":"Organization","@id":"https:\/\/radioljubuski.ba\/#organization","name":"Radio Ljubu\u0161ki","url":"https:\/\/radioljubuski.ba\/","logo":{"@type":"ImageObject","inLanguage":"hr","@id":"https:\/\/radioljubuski.ba\/#\/schema\/logo\/image\/","url":"https:\/\/radioljubuski.ba\/wp-content\/uploads\/2021\/02\/cropped-Radio_Ljubuski_logo1.jpg","contentUrl":"https:\/\/radioljubuski.ba\/wp-content\/uploads\/2021\/02\/cropped-Radio_Ljubuski_logo1.jpg","width":512,"height":512,"caption":"Radio Ljubu\u0161ki"},"image":{"@id":"https:\/\/radioljubuski.ba\/#\/schema\/logo\/image\/"},"sameAs":["https:\/\/www.facebook.com\/Radiio-Ljubuski-1490835324566332","https:\/\/x.com\/radioljubuski","https:\/\/hr.linkedin.com\/company\/radio-ljubuski","https:\/\/www.youtube.com\/channel\/UCHYaeO_n0Db3tjNGudGpXyw"]},{"@type":"Person","@id":"https:\/\/radioljubuski.ba\/#\/schema\/person\/19fc700381a780f69665d7956c469e3b","name":"Radio Ljubu\u0161ki"}]}},"_links":{"self":[{"href":"https:\/\/radioljubuski.ba\/index.php\/wp-json\/wp\/v2\/posts\/95678","targetHints":{"allow":["GET"]}}],"collection":[{"href":"https:\/\/radioljubuski.ba\/index.php\/wp-json\/wp\/v2\/posts"}],"about":[{"href":"https:\/\/radioljubuski.ba\/index.php\/wp-json\/wp\/v2\/types\/post"}],"author":[{"embeddable":true,"href":"https:\/\/radioljubuski.ba\/index.php\/wp-json\/wp\/v2\/users\/2"}],"replies":[{"embeddable":true,"href":"https:\/\/radioljubuski.ba\/index.php\/wp-json\/wp\/v2\/comments?post=95678"}],"version-history":[{"count":1,"href":"https:\/\/radioljubuski.ba\/index.php\/wp-json\/wp\/v2\/posts\/95678\/revisions"}],"predecessor-version":[{"id":95680,"href":"https:\/\/radioljubuski.ba\/index.php\/wp-json\/wp\/v2\/posts\/95678\/revisions\/95680"}],"wp:featuredmedia":[{"embeddable":true,"href":"https:\/\/radioljubuski.ba\/index.php\/wp-json\/wp\/v2\/media\/95679"}],"wp:attachment":[{"href":"https:\/\/radioljubuski.ba\/index.php\/wp-json\/wp\/v2\/media?parent=95678"}],"wp:term":[{"taxonomy":"category","embeddable":true,"href":"https:\/\/radioljubuski.ba\/index.php\/wp-json\/wp\/v2\/categories?post=95678"},{"taxonomy":"post_tag","embeddable":true,"href":"https:\/\/radioljubuski.ba\/index.php\/wp-json\/wp\/v2\/tags?post=95678"}],"curies":[{"name":"wp","href":"https:\/\/api.w.org\/{rel}","templated":true}]}}