{"id":95684,"date":"2021-12-03T23:52:49","date_gmt":"2021-12-03T22:52:49","guid":{"rendered":"https:\/\/radioljubuski.ba\/?p=95684"},"modified":"2021-12-03T23:52:49","modified_gmt":"2021-12-03T22:52:49","slug":"novi-poraz-splita","status":"publish","type":"post","link":"https:\/\/radioljubuski.ba\/index.php\/2021\/12\/03\/novi-poraz-splita\/","title":{"rendered":"Novi poraz Splita"},"content":{"rendered":"\n<p><strong>Ko\u0161arka\u0161i Splita do\u017eivjeli su novi, osmi poraz u ovoj sezoni ABA lige, a bolji od Spli\u0107ana na njihovom parketu bio je Borac iz \u010ca\u010dka koji je u dvoboju 10. kola slavio sa 80-66 (18-13, 13-16, 24-16, 25-21).<\/strong><\/p>\n\n\n\n<p>Spli\u0107ani su rano upali u rezultatski zaostatak, ali su se vratili pred kraj druge \u010detvrtine i na poluvrijeme oti\u0161li sa samo dva ko\u0161a minusa (29-31). Gosti iz \u010ca\u010dka su bolje odigrali drugo poluvrijeme u kojem su Spli\u0107ane zadr\u017eali na 37 ko\u0161eva, a ubacili \u010dak 49.<br><br>Najbolji strijelci Splita bili su<strong>&nbsp;Toni Perkovi\u0107<\/strong>&nbsp;sa 13 i&nbsp;<strong>Lovre Runji\u0107&nbsp;<\/strong>sa 12 ko\u0161eva. Najbolji igra\u010d utakmice i Borca bio je&nbsp;<strong>Marko Pecarski<\/strong>&nbsp;sa 26 poena i 12 skokova.<br><br>U 10. kolu \u0107e Zadar u nedjelju (12 sati) gostovati u Ljubljani kod Cedevite Olimpije, a Cibona \u0107e u ponedjeljak (18 sati) igrati u Beogradu protiv vode\u0107e Crvene zvezde. &nbsp;<br><br>ABA liga &#8211; 10. kolo<br>Split &#8211; Borac 66-80<br><br>Mornar &#8211; Mega (sub, 17.00)<br>Igokea &#8211; Partizan&nbsp;&nbsp;&nbsp;&nbsp;&nbsp; (sub, 19.00)<br>FMP &#8211; Krka (sub, 21.00)<br>C. Olimpija &#8211; Zadar (ned, 12.00)<br>Budu\u0107nost &#8211; Stud. centar (ned, 21.00)<br>C. zvezda &#8211; Cibona (pon, 18.00)<br><br>Ljestvica<br>&nbsp;1. Crvena zvezda&nbsp;&nbsp;&nbsp;&nbsp;&nbsp;&nbsp; 9&nbsp;&nbsp;&nbsp; 8&nbsp;&nbsp;&nbsp; 1&nbsp;&nbsp;&nbsp; 726-595&nbsp;&nbsp;&nbsp; 17<br>2. Partizan&nbsp;&nbsp;&nbsp;&nbsp; 9&nbsp;&nbsp;&nbsp; 8&nbsp;&nbsp;&nbsp; 1&nbsp;&nbsp;&nbsp; 688-569&nbsp;&nbsp;&nbsp; 17<br>&nbsp;3. FMP&nbsp;&nbsp;&nbsp;&nbsp;&nbsp;&nbsp;&nbsp;&nbsp;&nbsp;&nbsp;&nbsp;&nbsp;&nbsp;&nbsp;&nbsp; 9&nbsp;&nbsp;&nbsp; 7&nbsp;&nbsp;&nbsp; 2&nbsp;&nbsp;&nbsp; 750-730&nbsp;&nbsp;&nbsp; 16<br>4. Budu\u0107nost&nbsp;&nbsp;&nbsp;&nbsp; 9&nbsp;&nbsp;&nbsp; 6&nbsp;&nbsp;&nbsp; 3&nbsp;&nbsp;&nbsp; 701-656&nbsp;&nbsp;&nbsp; 15<br>5. Cedevita Olimpija&nbsp;&nbsp; 9&nbsp;&nbsp;&nbsp; 5&nbsp;&nbsp;&nbsp; 4&nbsp;&nbsp;&nbsp; 746-693&nbsp;&nbsp;&nbsp; 14<br>6. Cibona&nbsp;&nbsp;&nbsp;&nbsp; 9&nbsp;&nbsp; 5&nbsp;&nbsp;&nbsp; 4&nbsp;&nbsp;&nbsp; 686-657&nbsp;&nbsp;&nbsp; 14<br>7. Igokea&nbsp;&nbsp;&nbsp;&nbsp; 9&nbsp;&nbsp;&nbsp; 5&nbsp;&nbsp;&nbsp; 4&nbsp;&nbsp;&nbsp; 715-704&nbsp;&nbsp;&nbsp; 14<br>8. Borac&nbsp;&nbsp;&nbsp;&nbsp;&nbsp;&nbsp;&nbsp;&nbsp;&nbsp;&nbsp;&nbsp;&nbsp;&nbsp; 10&nbsp;&nbsp;&nbsp; 4&nbsp;&nbsp;&nbsp; 6&nbsp;&nbsp;&nbsp; 769-791&nbsp;&nbsp;&nbsp; 14<br>&nbsp;9. Mega&nbsp;&nbsp;&nbsp;&nbsp;&nbsp;&nbsp;&nbsp;&nbsp;&nbsp;&nbsp;&nbsp;&nbsp;&nbsp;&nbsp;&nbsp; 9&nbsp;&nbsp;&nbsp; 4&nbsp;&nbsp;&nbsp; 5&nbsp;&nbsp;&nbsp; 729-714&nbsp;&nbsp;&nbsp; 13<br>10. Studentski centar&nbsp;&nbsp; 9&nbsp;&nbsp;&nbsp; 4&nbsp;&nbsp;&nbsp; 5&nbsp;&nbsp;&nbsp; 737-803&nbsp;&nbsp;&nbsp; 13<br>11. Krka&nbsp;&nbsp;&nbsp;&nbsp; 9&nbsp;&nbsp;&nbsp; 3&nbsp;&nbsp;&nbsp; 6&nbsp;&nbsp;&nbsp; 648-743&nbsp;&nbsp;&nbsp; 12<br>12. Split&nbsp;&nbsp;&nbsp;&nbsp;&nbsp;&nbsp;&nbsp;&nbsp;&nbsp;&nbsp;&nbsp;&nbsp;&nbsp; 10&nbsp;&nbsp;&nbsp; 2&nbsp;&nbsp;&nbsp; 8&nbsp;&nbsp;&nbsp; 702-827&nbsp;&nbsp;&nbsp; 12<br>13. Mornar&nbsp;&nbsp;&nbsp;&nbsp;&nbsp;&nbsp;&nbsp;&nbsp;&nbsp;&nbsp;&nbsp;&nbsp; 9&nbsp;&nbsp; 2&nbsp;&nbsp; 7&nbsp;&nbsp; 683-731&nbsp;&nbsp; 11<br>14. Zadar&nbsp;&nbsp;&nbsp;&nbsp; 9&nbsp;&nbsp;&nbsp; 1&nbsp;&nbsp;&nbsp; 8&nbsp;&nbsp;&nbsp; 636-703&nbsp;&nbsp;&nbsp; 10<\/p>\n\n\n\n<p>Izvor:hrt.hr<\/p>\n","protected":false},"excerpt":{"rendered":"<p>Ko\u0161arka\u0161i Splita do\u017eivjeli su novi, osmi poraz u ovoj sezoni ABA lige, a bolji od Spli\u0107ana na njihovom parketu bio je Borac iz \u010ca\u010dka koji je u dvoboju 10. kola slavio sa 80-66 (18-13, 13-16, 24-16, 25-21). Spli\u0107ani su rano upali u rezultatski zaostatak, ali su se vratili pred kraj druge \u010detvrtine i na poluvrijeme [&hellip;]<\/p>\n","protected":false},"author":2,"featured_media":95685,"comment_status":"closed","ping_status":"closed","sticky":false,"template":"","format":"standard","meta":{"h5ap_radio_sources":[],"footnotes":""},"categories":[7],"tags":[],"class_list":["post-95684","post","type-post","status-publish","format-standard","has-post-thumbnail","hentry","category-sport"],"yoast_head":"<!-- This site is optimized with the Yoast SEO plugin v27.4 - https:\/\/yoast.com\/product\/yoast-seo-wordpress\/ -->\n<title>Novi poraz Splita - RADIO LJUBU\u0160KI<\/title>\n<meta name=\"robots\" content=\"index, follow, max-snippet:-1, max-image-preview:large, max-video-preview:-1\" \/>\n<link rel=\"canonical\" href=\"https:\/\/radioljubuski.ba\/index.php\/2021\/12\/03\/novi-poraz-splita\/\" \/>\n<meta property=\"og:locale\" content=\"hr_HR\" \/>\n<meta property=\"og:type\" content=\"article\" \/>\n<meta property=\"og:title\" content=\"Novi poraz Splita - RADIO LJUBU\u0160KI\" \/>\n<meta property=\"og:description\" content=\"Ko\u0161arka\u0161i Splita do\u017eivjeli su novi, osmi poraz u ovoj sezoni ABA lige, a bolji od Spli\u0107ana na njihovom parketu bio je Borac iz \u010ca\u010dka koji je u dvoboju 10. kola slavio sa 80-66 (18-13, 13-16, 24-16, 25-21). Spli\u0107ani su rano upali u rezultatski zaostatak, ali su se vratili pred kraj druge \u010detvrtine i na poluvrijeme [&hellip;]\" \/>\n<meta property=\"og:url\" content=\"https:\/\/radioljubuski.ba\/index.php\/2021\/12\/03\/novi-poraz-splita\/\" \/>\n<meta property=\"og:site_name\" content=\"RADIO LJUBU\u0160KI\" \/>\n<meta property=\"article:publisher\" content=\"https:\/\/www.facebook.com\/Radiio-Ljubuski-1490835324566332\" \/>\n<meta property=\"article:published_time\" content=\"2021-12-03T22:52:49+00:00\" \/>\n<meta property=\"og:image\" content=\"https:\/\/radioljubuski.ba\/wp-content\/uploads\/2021\/12\/normal_image00027_11.jpeg\" \/>\n\t<meta property=\"og:image:width\" content=\"740\" \/>\n\t<meta property=\"og:image:height\" content=\"493\" \/>\n\t<meta property=\"og:image:type\" content=\"image\/jpeg\" \/>\n<meta name=\"author\" content=\"Radio Ljubu\u0161ki\" \/>\n<meta name=\"twitter:card\" content=\"summary_large_image\" \/>\n<meta name=\"twitter:creator\" content=\"@radioljubuski\" \/>\n<meta name=\"twitter:site\" content=\"@radioljubuski\" \/>\n<meta name=\"twitter:label1\" content=\"Napisao\/la\" \/>\n\t<meta name=\"twitter:data1\" content=\"Radio Ljubu\u0161ki\" \/>\n\t<meta name=\"twitter:label2\" content=\"Procijenjeno vrijeme \u010ditanja\" \/>\n\t<meta name=\"twitter:data2\" content=\"2 minute\" \/>\n<script type=\"application\/ld+json\" class=\"yoast-schema-graph\">{\"@context\":\"https:\\\/\\\/schema.org\",\"@graph\":[{\"@type\":\"Article\",\"@id\":\"https:\\\/\\\/radioljubuski.ba\\\/index.php\\\/2021\\\/12\\\/03\\\/novi-poraz-splita\\\/#article\",\"isPartOf\":{\"@id\":\"https:\\\/\\\/radioljubuski.ba\\\/index.php\\\/2021\\\/12\\\/03\\\/novi-poraz-splita\\\/\"},\"author\":{\"name\":\"Radio Ljubu\u0161ki\",\"@id\":\"https:\\\/\\\/radioljubuski.ba\\\/#\\\/schema\\\/person\\\/19fc700381a780f69665d7956c469e3b\"},\"headline\":\"Novi poraz Splita\",\"datePublished\":\"2021-12-03T22:52:49+00:00\",\"mainEntityOfPage\":{\"@id\":\"https:\\\/\\\/radioljubuski.ba\\\/index.php\\\/2021\\\/12\\\/03\\\/novi-poraz-splita\\\/\"},\"wordCount\":499,\"publisher\":{\"@id\":\"https:\\\/\\\/radioljubuski.ba\\\/#organization\"},\"image\":{\"@id\":\"https:\\\/\\\/radioljubuski.ba\\\/index.php\\\/2021\\\/12\\\/03\\\/novi-poraz-splita\\\/#primaryimage\"},\"thumbnailUrl\":\"https:\\\/\\\/radioljubuski.ba\\\/wp-content\\\/uploads\\\/2021\\\/12\\\/normal_image00027_11.jpeg\",\"articleSection\":[\"\u0160port\"],\"inLanguage\":\"hr\"},{\"@type\":\"WebPage\",\"@id\":\"https:\\\/\\\/radioljubuski.ba\\\/index.php\\\/2021\\\/12\\\/03\\\/novi-poraz-splita\\\/\",\"url\":\"https:\\\/\\\/radioljubuski.ba\\\/index.php\\\/2021\\\/12\\\/03\\\/novi-poraz-splita\\\/\",\"name\":\"Novi poraz Splita - RADIO LJUBU\u0160KI\",\"isPartOf\":{\"@id\":\"https:\\\/\\\/radioljubuski.ba\\\/#website\"},\"primaryImageOfPage\":{\"@id\":\"https:\\\/\\\/radioljubuski.ba\\\/index.php\\\/2021\\\/12\\\/03\\\/novi-poraz-splita\\\/#primaryimage\"},\"image\":{\"@id\":\"https:\\\/\\\/radioljubuski.ba\\\/index.php\\\/2021\\\/12\\\/03\\\/novi-poraz-splita\\\/#primaryimage\"},\"thumbnailUrl\":\"https:\\\/\\\/radioljubuski.ba\\\/wp-content\\\/uploads\\\/2021\\\/12\\\/normal_image00027_11.jpeg\",\"datePublished\":\"2021-12-03T22:52:49+00:00\",\"breadcrumb\":{\"@id\":\"https:\\\/\\\/radioljubuski.ba\\\/index.php\\\/2021\\\/12\\\/03\\\/novi-poraz-splita\\\/#breadcrumb\"},\"inLanguage\":\"hr\",\"potentialAction\":[{\"@type\":\"ReadAction\",\"target\":[\"https:\\\/\\\/radioljubuski.ba\\\/index.php\\\/2021\\\/12\\\/03\\\/novi-poraz-splita\\\/\"]}]},{\"@type\":\"ImageObject\",\"inLanguage\":\"hr\",\"@id\":\"https:\\\/\\\/radioljubuski.ba\\\/index.php\\\/2021\\\/12\\\/03\\\/novi-poraz-splita\\\/#primaryimage\",\"url\":\"https:\\\/\\\/radioljubuski.ba\\\/wp-content\\\/uploads\\\/2021\\\/12\\\/normal_image00027_11.jpeg\",\"contentUrl\":\"https:\\\/\\\/radioljubuski.ba\\\/wp-content\\\/uploads\\\/2021\\\/12\\\/normal_image00027_11.jpeg\",\"width\":740,\"height\":493},{\"@type\":\"BreadcrumbList\",\"@id\":\"https:\\\/\\\/radioljubuski.ba\\\/index.php\\\/2021\\\/12\\\/03\\\/novi-poraz-splita\\\/#breadcrumb\",\"itemListElement\":[{\"@type\":\"ListItem\",\"position\":1,\"name\":\"Po\u010detna stranica\",\"item\":\"https:\\\/\\\/radioljubuski.ba\\\/\"},{\"@type\":\"ListItem\",\"position\":2,\"name\":\"Novi poraz Splita\"}]},{\"@type\":\"WebSite\",\"@id\":\"https:\\\/\\\/radioljubuski.ba\\\/#website\",\"url\":\"https:\\\/\\\/radioljubuski.ba\\\/\",\"name\":\"Radio Ljubu\u0161ki\",\"description\":\"Sun\u010dana frekvencija Hercegovine\",\"publisher\":{\"@id\":\"https:\\\/\\\/radioljubuski.ba\\\/#organization\"},\"potentialAction\":[{\"@type\":\"SearchAction\",\"target\":{\"@type\":\"EntryPoint\",\"urlTemplate\":\"https:\\\/\\\/radioljubuski.ba\\\/?s={search_term_string}\"},\"query-input\":{\"@type\":\"PropertyValueSpecification\",\"valueRequired\":true,\"valueName\":\"search_term_string\"}}],\"inLanguage\":\"hr\"},{\"@type\":\"Organization\",\"@id\":\"https:\\\/\\\/radioljubuski.ba\\\/#organization\",\"name\":\"Radio Ljubu\u0161ki\",\"url\":\"https:\\\/\\\/radioljubuski.ba\\\/\",\"logo\":{\"@type\":\"ImageObject\",\"inLanguage\":\"hr\",\"@id\":\"https:\\\/\\\/radioljubuski.ba\\\/#\\\/schema\\\/logo\\\/image\\\/\",\"url\":\"https:\\\/\\\/radioljubuski.ba\\\/wp-content\\\/uploads\\\/2021\\\/02\\\/cropped-Radio_Ljubuski_logo1.jpg\",\"contentUrl\":\"https:\\\/\\\/radioljubuski.ba\\\/wp-content\\\/uploads\\\/2021\\\/02\\\/cropped-Radio_Ljubuski_logo1.jpg\",\"width\":512,\"height\":512,\"caption\":\"Radio Ljubu\u0161ki\"},\"image\":{\"@id\":\"https:\\\/\\\/radioljubuski.ba\\\/#\\\/schema\\\/logo\\\/image\\\/\"},\"sameAs\":[\"https:\\\/\\\/www.facebook.com\\\/Radiio-Ljubuski-1490835324566332\",\"https:\\\/\\\/x.com\\\/radioljubuski\",\"https:\\\/\\\/hr.linkedin.com\\\/company\\\/radio-ljubuski\",\"https:\\\/\\\/www.youtube.com\\\/channel\\\/UCHYaeO_n0Db3tjNGudGpXyw\"]},{\"@type\":\"Person\",\"@id\":\"https:\\\/\\\/radioljubuski.ba\\\/#\\\/schema\\\/person\\\/19fc700381a780f69665d7956c469e3b\",\"name\":\"Radio Ljubu\u0161ki\"}]}<\/script>\n<!-- \/ Yoast SEO plugin. -->","yoast_head_json":{"title":"Novi poraz Splita - RADIO LJUBU\u0160KI","robots":{"index":"index","follow":"follow","max-snippet":"max-snippet:-1","max-image-preview":"max-image-preview:large","max-video-preview":"max-video-preview:-1"},"canonical":"https:\/\/radioljubuski.ba\/index.php\/2021\/12\/03\/novi-poraz-splita\/","og_locale":"hr_HR","og_type":"article","og_title":"Novi poraz Splita - RADIO LJUBU\u0160KI","og_description":"Ko\u0161arka\u0161i Splita do\u017eivjeli su novi, osmi poraz u ovoj sezoni ABA lige, a bolji od Spli\u0107ana na njihovom parketu bio je Borac iz \u010ca\u010dka koji je u dvoboju 10. kola slavio sa 80-66 (18-13, 13-16, 24-16, 25-21). Spli\u0107ani su rano upali u rezultatski zaostatak, ali su se vratili pred kraj druge \u010detvrtine i na poluvrijeme [&hellip;]","og_url":"https:\/\/radioljubuski.ba\/index.php\/2021\/12\/03\/novi-poraz-splita\/","og_site_name":"RADIO LJUBU\u0160KI","article_publisher":"https:\/\/www.facebook.com\/Radiio-Ljubuski-1490835324566332","article_published_time":"2021-12-03T22:52:49+00:00","og_image":[{"width":740,"height":493,"url":"https:\/\/radioljubuski.ba\/wp-content\/uploads\/2021\/12\/normal_image00027_11.jpeg","type":"image\/jpeg"}],"author":"Radio Ljubu\u0161ki","twitter_card":"summary_large_image","twitter_creator":"@radioljubuski","twitter_site":"@radioljubuski","twitter_misc":{"Napisao\/la":"Radio Ljubu\u0161ki","Procijenjeno vrijeme \u010ditanja":"2 minute"},"schema":{"@context":"https:\/\/schema.org","@graph":[{"@type":"Article","@id":"https:\/\/radioljubuski.ba\/index.php\/2021\/12\/03\/novi-poraz-splita\/#article","isPartOf":{"@id":"https:\/\/radioljubuski.ba\/index.php\/2021\/12\/03\/novi-poraz-splita\/"},"author":{"name":"Radio Ljubu\u0161ki","@id":"https:\/\/radioljubuski.ba\/#\/schema\/person\/19fc700381a780f69665d7956c469e3b"},"headline":"Novi poraz Splita","datePublished":"2021-12-03T22:52:49+00:00","mainEntityOfPage":{"@id":"https:\/\/radioljubuski.ba\/index.php\/2021\/12\/03\/novi-poraz-splita\/"},"wordCount":499,"publisher":{"@id":"https:\/\/radioljubuski.ba\/#organization"},"image":{"@id":"https:\/\/radioljubuski.ba\/index.php\/2021\/12\/03\/novi-poraz-splita\/#primaryimage"},"thumbnailUrl":"https:\/\/radioljubuski.ba\/wp-content\/uploads\/2021\/12\/normal_image00027_11.jpeg","articleSection":["\u0160port"],"inLanguage":"hr"},{"@type":"WebPage","@id":"https:\/\/radioljubuski.ba\/index.php\/2021\/12\/03\/novi-poraz-splita\/","url":"https:\/\/radioljubuski.ba\/index.php\/2021\/12\/03\/novi-poraz-splita\/","name":"Novi poraz Splita - RADIO LJUBU\u0160KI","isPartOf":{"@id":"https:\/\/radioljubuski.ba\/#website"},"primaryImageOfPage":{"@id":"https:\/\/radioljubuski.ba\/index.php\/2021\/12\/03\/novi-poraz-splita\/#primaryimage"},"image":{"@id":"https:\/\/radioljubuski.ba\/index.php\/2021\/12\/03\/novi-poraz-splita\/#primaryimage"},"thumbnailUrl":"https:\/\/radioljubuski.ba\/wp-content\/uploads\/2021\/12\/normal_image00027_11.jpeg","datePublished":"2021-12-03T22:52:49+00:00","breadcrumb":{"@id":"https:\/\/radioljubuski.ba\/index.php\/2021\/12\/03\/novi-poraz-splita\/#breadcrumb"},"inLanguage":"hr","potentialAction":[{"@type":"ReadAction","target":["https:\/\/radioljubuski.ba\/index.php\/2021\/12\/03\/novi-poraz-splita\/"]}]},{"@type":"ImageObject","inLanguage":"hr","@id":"https:\/\/radioljubuski.ba\/index.php\/2021\/12\/03\/novi-poraz-splita\/#primaryimage","url":"https:\/\/radioljubuski.ba\/wp-content\/uploads\/2021\/12\/normal_image00027_11.jpeg","contentUrl":"https:\/\/radioljubuski.ba\/wp-content\/uploads\/2021\/12\/normal_image00027_11.jpeg","width":740,"height":493},{"@type":"BreadcrumbList","@id":"https:\/\/radioljubuski.ba\/index.php\/2021\/12\/03\/novi-poraz-splita\/#breadcrumb","itemListElement":[{"@type":"ListItem","position":1,"name":"Po\u010detna stranica","item":"https:\/\/radioljubuski.ba\/"},{"@type":"ListItem","position":2,"name":"Novi poraz Splita"}]},{"@type":"WebSite","@id":"https:\/\/radioljubuski.ba\/#website","url":"https:\/\/radioljubuski.ba\/","name":"Radio Ljubu\u0161ki","description":"Sun\u010dana frekvencija Hercegovine","publisher":{"@id":"https:\/\/radioljubuski.ba\/#organization"},"potentialAction":[{"@type":"SearchAction","target":{"@type":"EntryPoint","urlTemplate":"https:\/\/radioljubuski.ba\/?s={search_term_string}"},"query-input":{"@type":"PropertyValueSpecification","valueRequired":true,"valueName":"search_term_string"}}],"inLanguage":"hr"},{"@type":"Organization","@id":"https:\/\/radioljubuski.ba\/#organization","name":"Radio Ljubu\u0161ki","url":"https:\/\/radioljubuski.ba\/","logo":{"@type":"ImageObject","inLanguage":"hr","@id":"https:\/\/radioljubuski.ba\/#\/schema\/logo\/image\/","url":"https:\/\/radioljubuski.ba\/wp-content\/uploads\/2021\/02\/cropped-Radio_Ljubuski_logo1.jpg","contentUrl":"https:\/\/radioljubuski.ba\/wp-content\/uploads\/2021\/02\/cropped-Radio_Ljubuski_logo1.jpg","width":512,"height":512,"caption":"Radio Ljubu\u0161ki"},"image":{"@id":"https:\/\/radioljubuski.ba\/#\/schema\/logo\/image\/"},"sameAs":["https:\/\/www.facebook.com\/Radiio-Ljubuski-1490835324566332","https:\/\/x.com\/radioljubuski","https:\/\/hr.linkedin.com\/company\/radio-ljubuski","https:\/\/www.youtube.com\/channel\/UCHYaeO_n0Db3tjNGudGpXyw"]},{"@type":"Person","@id":"https:\/\/radioljubuski.ba\/#\/schema\/person\/19fc700381a780f69665d7956c469e3b","name":"Radio Ljubu\u0161ki"}]}},"_links":{"self":[{"href":"https:\/\/radioljubuski.ba\/index.php\/wp-json\/wp\/v2\/posts\/95684","targetHints":{"allow":["GET"]}}],"collection":[{"href":"https:\/\/radioljubuski.ba\/index.php\/wp-json\/wp\/v2\/posts"}],"about":[{"href":"https:\/\/radioljubuski.ba\/index.php\/wp-json\/wp\/v2\/types\/post"}],"author":[{"embeddable":true,"href":"https:\/\/radioljubuski.ba\/index.php\/wp-json\/wp\/v2\/users\/2"}],"replies":[{"embeddable":true,"href":"https:\/\/radioljubuski.ba\/index.php\/wp-json\/wp\/v2\/comments?post=95684"}],"version-history":[{"count":1,"href":"https:\/\/radioljubuski.ba\/index.php\/wp-json\/wp\/v2\/posts\/95684\/revisions"}],"predecessor-version":[{"id":95686,"href":"https:\/\/radioljubuski.ba\/index.php\/wp-json\/wp\/v2\/posts\/95684\/revisions\/95686"}],"wp:featuredmedia":[{"embeddable":true,"href":"https:\/\/radioljubuski.ba\/index.php\/wp-json\/wp\/v2\/media\/95685"}],"wp:attachment":[{"href":"https:\/\/radioljubuski.ba\/index.php\/wp-json\/wp\/v2\/media?parent=95684"}],"wp:term":[{"taxonomy":"category","embeddable":true,"href":"https:\/\/radioljubuski.ba\/index.php\/wp-json\/wp\/v2\/categories?post=95684"},{"taxonomy":"post_tag","embeddable":true,"href":"https:\/\/radioljubuski.ba\/index.php\/wp-json\/wp\/v2\/tags?post=95684"}],"curies":[{"name":"wp","href":"https:\/\/api.w.org\/{rel}","templated":true}]}}