{"id":95702,"date":"2021-12-04T00:04:07","date_gmt":"2021-12-03T23:04:07","guid":{"rendered":"https:\/\/radioljubuski.ba\/?p=95702"},"modified":"2021-12-04T00:08:38","modified_gmt":"2021-12-03T23:08:38","slug":"lajovic-iskreno-nista-mi-nije-islo","status":"publish","type":"post","link":"https:\/\/radioljubuski.ba\/index.php\/2021\/12\/04\/lajovic-iskreno-nista-mi-nije-islo\/","title":{"rendered":"Lajovi\u0107: Iskreno, ni\u0161ta mi nije i\u0161lo"},"content":{"rendered":"\n<p><strong>Srpski tenisa\u010d Du\u0161an Lajovi\u0107, 33. na pojedina\u010dnoj ATP ljestvici, rekao je kako mu ni\u0161ta nije polazilo za rukom protiv hrvatskog igra\u010da Borne Goje, koji se nalazi na 279. mjestu na svijetu, te da ga poraz u polufinalu Davis Cupa jako boli.<\/strong><\/p>\n\n\n\n<p>&#8211; Iskreno, ni\u0161ta mi nije i\u0161lo, mogli ste vidjeti&#8230; Uspio sam dobiti prvi set, ali i u njemu sam gubio 1-4. On je to iskoristio na pravi na\u010din u drugom setu. Na kraju tog drugog seta sam trebao bolje odigrati zavr\u0161nicu, a nisam, pa se onda to prenijelo i na tre\u0107i set, izjavio je 31-godi\u0161nji Lajovi\u0107 na konferenciji za medije u Madridu.<br><br>&#8211; Bilo je oscilacija na obje strane, ali moje su bile ve\u0107e. To je presudilo me\u010d. \u017dao mi je \u0161to mi se to dogodilo u ovakvom me\u010du u kojem igram za reprezentaciju. Ovaj poraz me boli, rekao je Lajovi\u0107.<br><br>Iako je on 33. na svijetu, a Gojo 246 mjesta ispod njega, srbijanski tenisa\u010d smatra da je uloga favorita bila varljiva.<br><br>&#8211; Na papiru je to tako, ali na kraju to mo\u017ee ote\u017eati sitaciju. On je odigrao dobro prethodne me\u010deve i danas tako\u0111er. On je odra\u0111ivao ono \u0161to se o\u010dekivalo od njega, zaklju\u010dio je Lajovi\u0107.<\/p>\n\n\n\n\n\n<p>Izvor:hrt.hr<\/p>\n","protected":false},"excerpt":{"rendered":"<p>Srpski tenisa\u010d Du\u0161an Lajovi\u0107, 33. na pojedina\u010dnoj ATP ljestvici, rekao je kako mu ni\u0161ta nije polazilo za rukom protiv hrvatskog igra\u010da Borne Goje, koji se nalazi na 279. mjestu na svijetu, te da ga poraz u polufinalu Davis Cupa jako boli. &#8211; Iskreno, ni\u0161ta mi nije i\u0161lo, mogli ste vidjeti&#8230; Uspio sam dobiti prvi set, [&hellip;]<\/p>\n","protected":false},"author":2,"featured_media":95703,"comment_status":"closed","ping_status":"closed","sticky":false,"template":"","format":"standard","meta":{"h5ap_radio_sources":[],"footnotes":""},"categories":[7],"tags":[],"class_list":["post-95702","post","type-post","status-publish","format-standard","has-post-thumbnail","hentry","category-sport"],"yoast_head":"<!-- This site is optimized with the Yoast SEO plugin v27.5 - https:\/\/yoast.com\/product\/yoast-seo-wordpress\/ -->\n<title>Lajovi\u0107: Iskreno, ni\u0161ta mi nije i\u0161lo - RADIO LJUBU\u0160KI<\/title>\n<meta name=\"robots\" content=\"index, follow, max-snippet:-1, max-image-preview:large, max-video-preview:-1\" \/>\n<link rel=\"canonical\" href=\"https:\/\/radioljubuski.ba\/index.php\/2021\/12\/04\/lajovic-iskreno-nista-mi-nije-islo\/\" \/>\n<meta property=\"og:locale\" content=\"hr_HR\" \/>\n<meta property=\"og:type\" content=\"article\" \/>\n<meta property=\"og:title\" content=\"Lajovi\u0107: Iskreno, ni\u0161ta mi nije i\u0161lo - RADIO LJUBU\u0160KI\" \/>\n<meta property=\"og:description\" content=\"Srpski tenisa\u010d Du\u0161an Lajovi\u0107, 33. na pojedina\u010dnoj ATP ljestvici, rekao je kako mu ni\u0161ta nije polazilo za rukom protiv hrvatskog igra\u010da Borne Goje, koji se nalazi na 279. mjestu na svijetu, te da ga poraz u polufinalu Davis Cupa jako boli. &#8211; Iskreno, ni\u0161ta mi nije i\u0161lo, mogli ste vidjeti&#8230; Uspio sam dobiti prvi set, [&hellip;]\" \/>\n<meta property=\"og:url\" content=\"https:\/\/radioljubuski.ba\/index.php\/2021\/12\/04\/lajovic-iskreno-nista-mi-nije-islo\/\" \/>\n<meta property=\"og:site_name\" content=\"RADIO LJUBU\u0160KI\" \/>\n<meta property=\"article:publisher\" content=\"https:\/\/www.facebook.com\/Radiio-Ljubuski-1490835324566332\" \/>\n<meta property=\"article:published_time\" content=\"2021-12-03T23:04:07+00:00\" \/>\n<meta property=\"article:modified_time\" content=\"2021-12-03T23:08:38+00:00\" \/>\n<meta property=\"og:image\" content=\"https:\/\/radioljubuski.ba\/wp-content\/uploads\/2021\/12\/pxl-031221-90954703-20211203193802.jpg\" \/>\n\t<meta property=\"og:image:width\" content=\"1600\" \/>\n\t<meta property=\"og:image:height\" content=\"1046\" \/>\n\t<meta property=\"og:image:type\" content=\"image\/jpeg\" \/>\n<meta name=\"author\" content=\"Radio Ljubu\u0161ki\" \/>\n<meta name=\"twitter:card\" content=\"summary_large_image\" \/>\n<meta name=\"twitter:creator\" content=\"@radioljubuski\" \/>\n<meta name=\"twitter:site\" content=\"@radioljubuski\" \/>\n<meta name=\"twitter:label1\" content=\"Napisao\/la\" \/>\n\t<meta name=\"twitter:data1\" content=\"Radio Ljubu\u0161ki\" \/>\n\t<meta name=\"twitter:label2\" content=\"Procijenjeno vrijeme \u010ditanja\" \/>\n\t<meta name=\"twitter:data2\" content=\"1 minuta\" \/>\n<script type=\"application\/ld+json\" class=\"yoast-schema-graph\">{\"@context\":\"https:\\\/\\\/schema.org\",\"@graph\":[{\"@type\":\"Article\",\"@id\":\"https:\\\/\\\/radioljubuski.ba\\\/index.php\\\/2021\\\/12\\\/04\\\/lajovic-iskreno-nista-mi-nije-islo\\\/#article\",\"isPartOf\":{\"@id\":\"https:\\\/\\\/radioljubuski.ba\\\/index.php\\\/2021\\\/12\\\/04\\\/lajovic-iskreno-nista-mi-nije-islo\\\/\"},\"author\":{\"name\":\"Radio Ljubu\u0161ki\",\"@id\":\"https:\\\/\\\/radioljubuski.ba\\\/#\\\/schema\\\/person\\\/19fc700381a780f69665d7956c469e3b\"},\"headline\":\"Lajovi\u0107: Iskreno, ni\u0161ta mi nije i\u0161lo\",\"datePublished\":\"2021-12-03T23:04:07+00:00\",\"dateModified\":\"2021-12-03T23:08:38+00:00\",\"mainEntityOfPage\":{\"@id\":\"https:\\\/\\\/radioljubuski.ba\\\/index.php\\\/2021\\\/12\\\/04\\\/lajovic-iskreno-nista-mi-nije-islo\\\/\"},\"wordCount\":223,\"publisher\":{\"@id\":\"https:\\\/\\\/radioljubuski.ba\\\/#organization\"},\"image\":{\"@id\":\"https:\\\/\\\/radioljubuski.ba\\\/index.php\\\/2021\\\/12\\\/04\\\/lajovic-iskreno-nista-mi-nije-islo\\\/#primaryimage\"},\"thumbnailUrl\":\"https:\\\/\\\/radioljubuski.ba\\\/wp-content\\\/uploads\\\/2021\\\/12\\\/pxl-031221-90954703-20211203193802.jpg\",\"articleSection\":[\"\u0160port\"],\"inLanguage\":\"hr\"},{\"@type\":\"WebPage\",\"@id\":\"https:\\\/\\\/radioljubuski.ba\\\/index.php\\\/2021\\\/12\\\/04\\\/lajovic-iskreno-nista-mi-nije-islo\\\/\",\"url\":\"https:\\\/\\\/radioljubuski.ba\\\/index.php\\\/2021\\\/12\\\/04\\\/lajovic-iskreno-nista-mi-nije-islo\\\/\",\"name\":\"Lajovi\u0107: Iskreno, ni\u0161ta mi nije i\u0161lo - RADIO LJUBU\u0160KI\",\"isPartOf\":{\"@id\":\"https:\\\/\\\/radioljubuski.ba\\\/#website\"},\"primaryImageOfPage\":{\"@id\":\"https:\\\/\\\/radioljubuski.ba\\\/index.php\\\/2021\\\/12\\\/04\\\/lajovic-iskreno-nista-mi-nije-islo\\\/#primaryimage\"},\"image\":{\"@id\":\"https:\\\/\\\/radioljubuski.ba\\\/index.php\\\/2021\\\/12\\\/04\\\/lajovic-iskreno-nista-mi-nije-islo\\\/#primaryimage\"},\"thumbnailUrl\":\"https:\\\/\\\/radioljubuski.ba\\\/wp-content\\\/uploads\\\/2021\\\/12\\\/pxl-031221-90954703-20211203193802.jpg\",\"datePublished\":\"2021-12-03T23:04:07+00:00\",\"dateModified\":\"2021-12-03T23:08:38+00:00\",\"breadcrumb\":{\"@id\":\"https:\\\/\\\/radioljubuski.ba\\\/index.php\\\/2021\\\/12\\\/04\\\/lajovic-iskreno-nista-mi-nije-islo\\\/#breadcrumb\"},\"inLanguage\":\"hr\",\"potentialAction\":[{\"@type\":\"ReadAction\",\"target\":[\"https:\\\/\\\/radioljubuski.ba\\\/index.php\\\/2021\\\/12\\\/04\\\/lajovic-iskreno-nista-mi-nije-islo\\\/\"]}]},{\"@type\":\"ImageObject\",\"inLanguage\":\"hr\",\"@id\":\"https:\\\/\\\/radioljubuski.ba\\\/index.php\\\/2021\\\/12\\\/04\\\/lajovic-iskreno-nista-mi-nije-islo\\\/#primaryimage\",\"url\":\"https:\\\/\\\/radioljubuski.ba\\\/wp-content\\\/uploads\\\/2021\\\/12\\\/pxl-031221-90954703-20211203193802.jpg\",\"contentUrl\":\"https:\\\/\\\/radioljubuski.ba\\\/wp-content\\\/uploads\\\/2021\\\/12\\\/pxl-031221-90954703-20211203193802.jpg\",\"width\":1600,\"height\":1046,\"caption\":\"03.12.2021., Arena Madrid, Madrid, Spanjolska - Davis kup, polufinale, Hrvatska - Srbija. Dusan Lajovic u prvom mecu igra protiv Borne Gojo.\"},{\"@type\":\"BreadcrumbList\",\"@id\":\"https:\\\/\\\/radioljubuski.ba\\\/index.php\\\/2021\\\/12\\\/04\\\/lajovic-iskreno-nista-mi-nije-islo\\\/#breadcrumb\",\"itemListElement\":[{\"@type\":\"ListItem\",\"position\":1,\"name\":\"Po\u010detna stranica\",\"item\":\"https:\\\/\\\/radioljubuski.ba\\\/\"},{\"@type\":\"ListItem\",\"position\":2,\"name\":\"Lajovi\u0107: Iskreno, ni\u0161ta mi nije i\u0161lo\"}]},{\"@type\":\"WebSite\",\"@id\":\"https:\\\/\\\/radioljubuski.ba\\\/#website\",\"url\":\"https:\\\/\\\/radioljubuski.ba\\\/\",\"name\":\"Radio Ljubu\u0161ki\",\"description\":\"Sun\u010dana frekvencija Hercegovine\",\"publisher\":{\"@id\":\"https:\\\/\\\/radioljubuski.ba\\\/#organization\"},\"potentialAction\":[{\"@type\":\"SearchAction\",\"target\":{\"@type\":\"EntryPoint\",\"urlTemplate\":\"https:\\\/\\\/radioljubuski.ba\\\/?s={search_term_string}\"},\"query-input\":{\"@type\":\"PropertyValueSpecification\",\"valueRequired\":true,\"valueName\":\"search_term_string\"}}],\"inLanguage\":\"hr\"},{\"@type\":\"Organization\",\"@id\":\"https:\\\/\\\/radioljubuski.ba\\\/#organization\",\"name\":\"Radio Ljubu\u0161ki\",\"url\":\"https:\\\/\\\/radioljubuski.ba\\\/\",\"logo\":{\"@type\":\"ImageObject\",\"inLanguage\":\"hr\",\"@id\":\"https:\\\/\\\/radioljubuski.ba\\\/#\\\/schema\\\/logo\\\/image\\\/\",\"url\":\"https:\\\/\\\/radioljubuski.ba\\\/wp-content\\\/uploads\\\/2021\\\/02\\\/cropped-Radio_Ljubuski_logo1.jpg\",\"contentUrl\":\"https:\\\/\\\/radioljubuski.ba\\\/wp-content\\\/uploads\\\/2021\\\/02\\\/cropped-Radio_Ljubuski_logo1.jpg\",\"width\":512,\"height\":512,\"caption\":\"Radio Ljubu\u0161ki\"},\"image\":{\"@id\":\"https:\\\/\\\/radioljubuski.ba\\\/#\\\/schema\\\/logo\\\/image\\\/\"},\"sameAs\":[\"https:\\\/\\\/www.facebook.com\\\/Radiio-Ljubuski-1490835324566332\",\"https:\\\/\\\/x.com\\\/radioljubuski\",\"https:\\\/\\\/hr.linkedin.com\\\/company\\\/radio-ljubuski\",\"https:\\\/\\\/www.youtube.com\\\/channel\\\/UCHYaeO_n0Db3tjNGudGpXyw\"]},{\"@type\":\"Person\",\"@id\":\"https:\\\/\\\/radioljubuski.ba\\\/#\\\/schema\\\/person\\\/19fc700381a780f69665d7956c469e3b\",\"name\":\"Radio Ljubu\u0161ki\"}]}<\/script>\n<!-- \/ Yoast SEO plugin. -->","yoast_head_json":{"title":"Lajovi\u0107: Iskreno, ni\u0161ta mi nije i\u0161lo - RADIO LJUBU\u0160KI","robots":{"index":"index","follow":"follow","max-snippet":"max-snippet:-1","max-image-preview":"max-image-preview:large","max-video-preview":"max-video-preview:-1"},"canonical":"https:\/\/radioljubuski.ba\/index.php\/2021\/12\/04\/lajovic-iskreno-nista-mi-nije-islo\/","og_locale":"hr_HR","og_type":"article","og_title":"Lajovi\u0107: Iskreno, ni\u0161ta mi nije i\u0161lo - RADIO LJUBU\u0160KI","og_description":"Srpski tenisa\u010d Du\u0161an Lajovi\u0107, 33. na pojedina\u010dnoj ATP ljestvici, rekao je kako mu ni\u0161ta nije polazilo za rukom protiv hrvatskog igra\u010da Borne Goje, koji se nalazi na 279. mjestu na svijetu, te da ga poraz u polufinalu Davis Cupa jako boli. &#8211; Iskreno, ni\u0161ta mi nije i\u0161lo, mogli ste vidjeti&#8230; Uspio sam dobiti prvi set, [&hellip;]","og_url":"https:\/\/radioljubuski.ba\/index.php\/2021\/12\/04\/lajovic-iskreno-nista-mi-nije-islo\/","og_site_name":"RADIO LJUBU\u0160KI","article_publisher":"https:\/\/www.facebook.com\/Radiio-Ljubuski-1490835324566332","article_published_time":"2021-12-03T23:04:07+00:00","article_modified_time":"2021-12-03T23:08:38+00:00","og_image":[{"width":1600,"height":1046,"url":"https:\/\/radioljubuski.ba\/wp-content\/uploads\/2021\/12\/pxl-031221-90954703-20211203193802.jpg","type":"image\/jpeg"}],"author":"Radio Ljubu\u0161ki","twitter_card":"summary_large_image","twitter_creator":"@radioljubuski","twitter_site":"@radioljubuski","twitter_misc":{"Napisao\/la":"Radio Ljubu\u0161ki","Procijenjeno vrijeme \u010ditanja":"1 minuta"},"schema":{"@context":"https:\/\/schema.org","@graph":[{"@type":"Article","@id":"https:\/\/radioljubuski.ba\/index.php\/2021\/12\/04\/lajovic-iskreno-nista-mi-nije-islo\/#article","isPartOf":{"@id":"https:\/\/radioljubuski.ba\/index.php\/2021\/12\/04\/lajovic-iskreno-nista-mi-nije-islo\/"},"author":{"name":"Radio Ljubu\u0161ki","@id":"https:\/\/radioljubuski.ba\/#\/schema\/person\/19fc700381a780f69665d7956c469e3b"},"headline":"Lajovi\u0107: Iskreno, ni\u0161ta mi nije i\u0161lo","datePublished":"2021-12-03T23:04:07+00:00","dateModified":"2021-12-03T23:08:38+00:00","mainEntityOfPage":{"@id":"https:\/\/radioljubuski.ba\/index.php\/2021\/12\/04\/lajovic-iskreno-nista-mi-nije-islo\/"},"wordCount":223,"publisher":{"@id":"https:\/\/radioljubuski.ba\/#organization"},"image":{"@id":"https:\/\/radioljubuski.ba\/index.php\/2021\/12\/04\/lajovic-iskreno-nista-mi-nije-islo\/#primaryimage"},"thumbnailUrl":"https:\/\/radioljubuski.ba\/wp-content\/uploads\/2021\/12\/pxl-031221-90954703-20211203193802.jpg","articleSection":["\u0160port"],"inLanguage":"hr"},{"@type":"WebPage","@id":"https:\/\/radioljubuski.ba\/index.php\/2021\/12\/04\/lajovic-iskreno-nista-mi-nije-islo\/","url":"https:\/\/radioljubuski.ba\/index.php\/2021\/12\/04\/lajovic-iskreno-nista-mi-nije-islo\/","name":"Lajovi\u0107: Iskreno, ni\u0161ta mi nije i\u0161lo - RADIO LJUBU\u0160KI","isPartOf":{"@id":"https:\/\/radioljubuski.ba\/#website"},"primaryImageOfPage":{"@id":"https:\/\/radioljubuski.ba\/index.php\/2021\/12\/04\/lajovic-iskreno-nista-mi-nije-islo\/#primaryimage"},"image":{"@id":"https:\/\/radioljubuski.ba\/index.php\/2021\/12\/04\/lajovic-iskreno-nista-mi-nije-islo\/#primaryimage"},"thumbnailUrl":"https:\/\/radioljubuski.ba\/wp-content\/uploads\/2021\/12\/pxl-031221-90954703-20211203193802.jpg","datePublished":"2021-12-03T23:04:07+00:00","dateModified":"2021-12-03T23:08:38+00:00","breadcrumb":{"@id":"https:\/\/radioljubuski.ba\/index.php\/2021\/12\/04\/lajovic-iskreno-nista-mi-nije-islo\/#breadcrumb"},"inLanguage":"hr","potentialAction":[{"@type":"ReadAction","target":["https:\/\/radioljubuski.ba\/index.php\/2021\/12\/04\/lajovic-iskreno-nista-mi-nije-islo\/"]}]},{"@type":"ImageObject","inLanguage":"hr","@id":"https:\/\/radioljubuski.ba\/index.php\/2021\/12\/04\/lajovic-iskreno-nista-mi-nije-islo\/#primaryimage","url":"https:\/\/radioljubuski.ba\/wp-content\/uploads\/2021\/12\/pxl-031221-90954703-20211203193802.jpg","contentUrl":"https:\/\/radioljubuski.ba\/wp-content\/uploads\/2021\/12\/pxl-031221-90954703-20211203193802.jpg","width":1600,"height":1046,"caption":"03.12.2021., Arena Madrid, Madrid, Spanjolska - Davis kup, polufinale, Hrvatska - Srbija. Dusan Lajovic u prvom mecu igra protiv Borne Gojo."},{"@type":"BreadcrumbList","@id":"https:\/\/radioljubuski.ba\/index.php\/2021\/12\/04\/lajovic-iskreno-nista-mi-nije-islo\/#breadcrumb","itemListElement":[{"@type":"ListItem","position":1,"name":"Po\u010detna stranica","item":"https:\/\/radioljubuski.ba\/"},{"@type":"ListItem","position":2,"name":"Lajovi\u0107: Iskreno, ni\u0161ta mi nije i\u0161lo"}]},{"@type":"WebSite","@id":"https:\/\/radioljubuski.ba\/#website","url":"https:\/\/radioljubuski.ba\/","name":"Radio Ljubu\u0161ki","description":"Sun\u010dana frekvencija Hercegovine","publisher":{"@id":"https:\/\/radioljubuski.ba\/#organization"},"potentialAction":[{"@type":"SearchAction","target":{"@type":"EntryPoint","urlTemplate":"https:\/\/radioljubuski.ba\/?s={search_term_string}"},"query-input":{"@type":"PropertyValueSpecification","valueRequired":true,"valueName":"search_term_string"}}],"inLanguage":"hr"},{"@type":"Organization","@id":"https:\/\/radioljubuski.ba\/#organization","name":"Radio Ljubu\u0161ki","url":"https:\/\/radioljubuski.ba\/","logo":{"@type":"ImageObject","inLanguage":"hr","@id":"https:\/\/radioljubuski.ba\/#\/schema\/logo\/image\/","url":"https:\/\/radioljubuski.ba\/wp-content\/uploads\/2021\/02\/cropped-Radio_Ljubuski_logo1.jpg","contentUrl":"https:\/\/radioljubuski.ba\/wp-content\/uploads\/2021\/02\/cropped-Radio_Ljubuski_logo1.jpg","width":512,"height":512,"caption":"Radio Ljubu\u0161ki"},"image":{"@id":"https:\/\/radioljubuski.ba\/#\/schema\/logo\/image\/"},"sameAs":["https:\/\/www.facebook.com\/Radiio-Ljubuski-1490835324566332","https:\/\/x.com\/radioljubuski","https:\/\/hr.linkedin.com\/company\/radio-ljubuski","https:\/\/www.youtube.com\/channel\/UCHYaeO_n0Db3tjNGudGpXyw"]},{"@type":"Person","@id":"https:\/\/radioljubuski.ba\/#\/schema\/person\/19fc700381a780f69665d7956c469e3b","name":"Radio Ljubu\u0161ki"}]}},"_links":{"self":[{"href":"https:\/\/radioljubuski.ba\/index.php\/wp-json\/wp\/v2\/posts\/95702","targetHints":{"allow":["GET"]}}],"collection":[{"href":"https:\/\/radioljubuski.ba\/index.php\/wp-json\/wp\/v2\/posts"}],"about":[{"href":"https:\/\/radioljubuski.ba\/index.php\/wp-json\/wp\/v2\/types\/post"}],"author":[{"embeddable":true,"href":"https:\/\/radioljubuski.ba\/index.php\/wp-json\/wp\/v2\/users\/2"}],"replies":[{"embeddable":true,"href":"https:\/\/radioljubuski.ba\/index.php\/wp-json\/wp\/v2\/comments?post=95702"}],"version-history":[{"count":2,"href":"https:\/\/radioljubuski.ba\/index.php\/wp-json\/wp\/v2\/posts\/95702\/revisions"}],"predecessor-version":[{"id":95709,"href":"https:\/\/radioljubuski.ba\/index.php\/wp-json\/wp\/v2\/posts\/95702\/revisions\/95709"}],"wp:featuredmedia":[{"embeddable":true,"href":"https:\/\/radioljubuski.ba\/index.php\/wp-json\/wp\/v2\/media\/95703"}],"wp:attachment":[{"href":"https:\/\/radioljubuski.ba\/index.php\/wp-json\/wp\/v2\/media?parent=95702"}],"wp:term":[{"taxonomy":"category","embeddable":true,"href":"https:\/\/radioljubuski.ba\/index.php\/wp-json\/wp\/v2\/categories?post=95702"},{"taxonomy":"post_tag","embeddable":true,"href":"https:\/\/radioljubuski.ba\/index.php\/wp-json\/wp\/v2\/tags?post=95702"}],"curies":[{"name":"wp","href":"https:\/\/api.w.org\/{rel}","templated":true}]}}