{"id":95711,"date":"2021-12-04T00:13:04","date_gmt":"2021-12-03T23:13:04","guid":{"rendered":"https:\/\/radioljubuski.ba\/?p=95711"},"modified":"2021-12-04T00:13:06","modified_gmt":"2021-12-03T23:13:06","slug":"dokovic-sportski-cestitao-svim-clanovima-hrvatske-reprezentacije","status":"publish","type":"post","link":"https:\/\/radioljubuski.ba\/index.php\/2021\/12\/04\/dokovic-sportski-cestitao-svim-clanovima-hrvatske-reprezentacije\/","title":{"rendered":"\u0110okovi\u0107 sportski \u010destitao svim \u010dlanovima hrvatske reprezentacije"},"content":{"rendered":"\n<p><strong>Hrvatska teniska reprezentacija plasirala se u finale Davis Cupa nakon \u0161to je u polufinalu nadigrala Srbiju 2:1, odlu\u010duju\u0107i bod u parovima donijeli su Mate Pavi\u0107 i Nikola Mekti\u0107.<\/strong><\/p>\n\n\n\n<p>Prvi par svijeta u dva je seta pobijedio srpsku kombinaciju<strong>\u00a0Novak \u0110okovi\u0107<\/strong>\/<strong>Filip Krajinovi\u0107\u00a0<\/strong>7:5, 6:1. \u00a0<br><br>U prvom dvoboju dana\u00a0<strong>Borna Gojo\u00a0<\/strong>pobijedio je\u00a0<strong>Du\u0161ana Lajovi\u0107a<\/strong>, a u drugom<strong>\u00a0Novak \u0110okovi\u0107\u00a0<\/strong>bio je bolji od<strong>\u00a0Marina \u010cili\u0107a<\/strong>.\u00a0\u00a0\u00a0\u00a0\u00a0\u00a0\u00a0\u00a0\u00a0\u00a0\u00a0\u00a0\u00a0\u00a0\u00a0\u00a0\u00a0\u00a0 \u00a0<br><br>Hrvatska \u0107e u finalu igrati protiv boljeg iz susreta Njema\u010dke i Rusije.<\/p>\n\n\n\n<blockquote class=\"twitter-tweet\"><p lang=\"en\" dir=\"ltr\">All class from <a href=\"https:\/\/twitter.com\/DjokerNole?ref_src=twsrc%5Etfw\">@DjokerNole<\/a> <br><br>A tremendous effort \ud83d\udc4f<a href=\"https:\/\/twitter.com\/hashtag\/DavisCupFinals?src=hash&amp;ref_src=twsrc%5Etfw\">#DavisCupFinals<\/a> <a href=\"https:\/\/twitter.com\/hashtag\/byRakuten?src=hash&amp;ref_src=twsrc%5Etfw\">#byRakuten<\/a> <a href=\"https:\/\/t.co\/hPONK1SCRB\">pic.twitter.com\/hPONK1SCRB<\/a><\/p>&mdash; Davis Cup (@DavisCup) <a href=\"https:\/\/twitter.com\/DavisCup\/status\/1466878531653283840?ref_src=twsrc%5Etfw\">December 3, 2021<\/a><\/blockquote> <script async src=\"https:\/\/platform.twitter.com\/widgets.js\" charset=\"utf-8\"><\/script>\n\n\n\n<p>Nakon zavr\u0161etka me\u010da i velike borbe u parovima, prvi tenisa\u010d svijeta do\u0161ao je do hrvatske klupe i svima pojedina\u010dno \u010destitao na plasmanu u finale.<\/p>\n\n\n\n<figure class=\"wp-block-image\"><img decoding=\"async\" src=\"https:\/\/sport.hrt.hr\/_next\/image?url=https%3A%2F%2Fapi.hrt.hr%2Fmedia%2Fb4%2F6a%2F740x438-2021-12-03t212826z-1953104805-up1ehc31nncbx-rtrmadp-3-tennis-daviscup-20211203212951.jpg&amp;w=1280&amp;q=90\" alt=\"\u0110okovi\u0107 \u010destita hrvatskom izborniku\"\/><\/figure>\n\n\n\n<p>Izvor:hrt.hr<\/p>\n","protected":false},"excerpt":{"rendered":"<p>Hrvatska teniska reprezentacija plasirala se u finale Davis Cupa nakon \u0161to je u polufinalu nadigrala Srbiju 2:1, odlu\u010duju\u0107i bod u parovima donijeli su Mate Pavi\u0107 i Nikola Mekti\u0107. Prvi par svijeta u dva je seta pobijedio srpsku kombinaciju\u00a0Novak \u0110okovi\u0107\/Filip Krajinovi\u0107\u00a07:5, 6:1. \u00a0 U prvom dvoboju dana\u00a0Borna Gojo\u00a0pobijedio je\u00a0Du\u0161ana Lajovi\u0107a, a u drugom\u00a0Novak \u0110okovi\u0107\u00a0bio je bolji [&hellip;]<\/p>\n","protected":false},"author":2,"featured_media":95712,"comment_status":"closed","ping_status":"closed","sticky":false,"template":"","format":"standard","meta":{"h5ap_radio_sources":[],"footnotes":""},"categories":[7],"tags":[],"class_list":["post-95711","post","type-post","status-publish","format-standard","has-post-thumbnail","hentry","category-sport"],"yoast_head":"<!-- This site is optimized with the Yoast SEO plugin v27.5 - https:\/\/yoast.com\/product\/yoast-seo-wordpress\/ -->\n<title>\u0110okovi\u0107 sportski \u010destitao svim \u010dlanovima hrvatske reprezentacije - RADIO LJUBU\u0160KI<\/title>\n<meta name=\"robots\" content=\"index, follow, max-snippet:-1, max-image-preview:large, max-video-preview:-1\" \/>\n<link rel=\"canonical\" href=\"https:\/\/radioljubuski.ba\/index.php\/2021\/12\/04\/dokovic-sportski-cestitao-svim-clanovima-hrvatske-reprezentacije\/\" \/>\n<meta property=\"og:locale\" content=\"hr_HR\" \/>\n<meta property=\"og:type\" content=\"article\" \/>\n<meta property=\"og:title\" content=\"\u0110okovi\u0107 sportski \u010destitao svim \u010dlanovima hrvatske reprezentacije - RADIO LJUBU\u0160KI\" \/>\n<meta property=\"og:description\" content=\"Hrvatska teniska reprezentacija plasirala se u finale Davis Cupa nakon \u0161to je u polufinalu nadigrala Srbiju 2:1, odlu\u010duju\u0107i bod u parovima donijeli su Mate Pavi\u0107 i Nikola Mekti\u0107. Prvi par svijeta u dva je seta pobijedio srpsku kombinaciju\u00a0Novak \u0110okovi\u0107\/Filip Krajinovi\u0107\u00a07:5, 6:1. \u00a0 U prvom dvoboju dana\u00a0Borna Gojo\u00a0pobijedio je\u00a0Du\u0161ana Lajovi\u0107a, a u drugom\u00a0Novak \u0110okovi\u0107\u00a0bio je bolji [&hellip;]\" \/>\n<meta property=\"og:url\" content=\"https:\/\/radioljubuski.ba\/index.php\/2021\/12\/04\/dokovic-sportski-cestitao-svim-clanovima-hrvatske-reprezentacije\/\" \/>\n<meta property=\"og:site_name\" content=\"RADIO LJUBU\u0160KI\" \/>\n<meta property=\"article:publisher\" content=\"https:\/\/www.facebook.com\/Radiio-Ljubuski-1490835324566332\" \/>\n<meta property=\"article:published_time\" content=\"2021-12-03T23:13:04+00:00\" \/>\n<meta property=\"article:modified_time\" content=\"2021-12-03T23:13:06+00:00\" \/>\n<meta property=\"og:image\" content=\"https:\/\/radioljubuski.ba\/wp-content\/uploads\/2021\/12\/33.png\" \/>\n\t<meta property=\"og:image:width\" content=\"735\" \/>\n\t<meta property=\"og:image:height\" content=\"448\" \/>\n\t<meta property=\"og:image:type\" content=\"image\/png\" \/>\n<meta name=\"author\" content=\"Radio Ljubu\u0161ki\" \/>\n<meta name=\"twitter:card\" content=\"summary_large_image\" \/>\n<meta name=\"twitter:creator\" content=\"@radioljubuski\" \/>\n<meta name=\"twitter:site\" content=\"@radioljubuski\" \/>\n<meta name=\"twitter:label1\" content=\"Napisao\/la\" \/>\n\t<meta name=\"twitter:data1\" content=\"Radio Ljubu\u0161ki\" \/>\n\t<meta name=\"twitter:label2\" content=\"Procijenjeno vrijeme \u010ditanja\" \/>\n\t<meta name=\"twitter:data2\" content=\"1 minuta\" \/>\n<script type=\"application\/ld+json\" class=\"yoast-schema-graph\">{\"@context\":\"https:\\\/\\\/schema.org\",\"@graph\":[{\"@type\":\"Article\",\"@id\":\"https:\\\/\\\/radioljubuski.ba\\\/index.php\\\/2021\\\/12\\\/04\\\/dokovic-sportski-cestitao-svim-clanovima-hrvatske-reprezentacije\\\/#article\",\"isPartOf\":{\"@id\":\"https:\\\/\\\/radioljubuski.ba\\\/index.php\\\/2021\\\/12\\\/04\\\/dokovic-sportski-cestitao-svim-clanovima-hrvatske-reprezentacije\\\/\"},\"author\":{\"name\":\"Radio Ljubu\u0161ki\",\"@id\":\"https:\\\/\\\/radioljubuski.ba\\\/#\\\/schema\\\/person\\\/19fc700381a780f69665d7956c469e3b\"},\"headline\":\"\u0110okovi\u0107 sportski \u010destitao svim \u010dlanovima hrvatske reprezentacije\",\"datePublished\":\"2021-12-03T23:13:04+00:00\",\"dateModified\":\"2021-12-03T23:13:06+00:00\",\"mainEntityOfPage\":{\"@id\":\"https:\\\/\\\/radioljubuski.ba\\\/index.php\\\/2021\\\/12\\\/04\\\/dokovic-sportski-cestitao-svim-clanovima-hrvatske-reprezentacije\\\/\"},\"wordCount\":137,\"publisher\":{\"@id\":\"https:\\\/\\\/radioljubuski.ba\\\/#organization\"},\"image\":{\"@id\":\"https:\\\/\\\/radioljubuski.ba\\\/index.php\\\/2021\\\/12\\\/04\\\/dokovic-sportski-cestitao-svim-clanovima-hrvatske-reprezentacije\\\/#primaryimage\"},\"thumbnailUrl\":\"https:\\\/\\\/radioljubuski.ba\\\/wp-content\\\/uploads\\\/2021\\\/12\\\/33.png\",\"articleSection\":[\"\u0160port\"],\"inLanguage\":\"hr\"},{\"@type\":\"WebPage\",\"@id\":\"https:\\\/\\\/radioljubuski.ba\\\/index.php\\\/2021\\\/12\\\/04\\\/dokovic-sportski-cestitao-svim-clanovima-hrvatske-reprezentacije\\\/\",\"url\":\"https:\\\/\\\/radioljubuski.ba\\\/index.php\\\/2021\\\/12\\\/04\\\/dokovic-sportski-cestitao-svim-clanovima-hrvatske-reprezentacije\\\/\",\"name\":\"\u0110okovi\u0107 sportski \u010destitao svim \u010dlanovima hrvatske reprezentacije - RADIO LJUBU\u0160KI\",\"isPartOf\":{\"@id\":\"https:\\\/\\\/radioljubuski.ba\\\/#website\"},\"primaryImageOfPage\":{\"@id\":\"https:\\\/\\\/radioljubuski.ba\\\/index.php\\\/2021\\\/12\\\/04\\\/dokovic-sportski-cestitao-svim-clanovima-hrvatske-reprezentacije\\\/#primaryimage\"},\"image\":{\"@id\":\"https:\\\/\\\/radioljubuski.ba\\\/index.php\\\/2021\\\/12\\\/04\\\/dokovic-sportski-cestitao-svim-clanovima-hrvatske-reprezentacije\\\/#primaryimage\"},\"thumbnailUrl\":\"https:\\\/\\\/radioljubuski.ba\\\/wp-content\\\/uploads\\\/2021\\\/12\\\/33.png\",\"datePublished\":\"2021-12-03T23:13:04+00:00\",\"dateModified\":\"2021-12-03T23:13:06+00:00\",\"breadcrumb\":{\"@id\":\"https:\\\/\\\/radioljubuski.ba\\\/index.php\\\/2021\\\/12\\\/04\\\/dokovic-sportski-cestitao-svim-clanovima-hrvatske-reprezentacije\\\/#breadcrumb\"},\"inLanguage\":\"hr\",\"potentialAction\":[{\"@type\":\"ReadAction\",\"target\":[\"https:\\\/\\\/radioljubuski.ba\\\/index.php\\\/2021\\\/12\\\/04\\\/dokovic-sportski-cestitao-svim-clanovima-hrvatske-reprezentacije\\\/\"]}]},{\"@type\":\"ImageObject\",\"inLanguage\":\"hr\",\"@id\":\"https:\\\/\\\/radioljubuski.ba\\\/index.php\\\/2021\\\/12\\\/04\\\/dokovic-sportski-cestitao-svim-clanovima-hrvatske-reprezentacije\\\/#primaryimage\",\"url\":\"https:\\\/\\\/radioljubuski.ba\\\/wp-content\\\/uploads\\\/2021\\\/12\\\/33.png\",\"contentUrl\":\"https:\\\/\\\/radioljubuski.ba\\\/wp-content\\\/uploads\\\/2021\\\/12\\\/33.png\",\"width\":735,\"height\":448},{\"@type\":\"BreadcrumbList\",\"@id\":\"https:\\\/\\\/radioljubuski.ba\\\/index.php\\\/2021\\\/12\\\/04\\\/dokovic-sportski-cestitao-svim-clanovima-hrvatske-reprezentacije\\\/#breadcrumb\",\"itemListElement\":[{\"@type\":\"ListItem\",\"position\":1,\"name\":\"Po\u010detna stranica\",\"item\":\"https:\\\/\\\/radioljubuski.ba\\\/\"},{\"@type\":\"ListItem\",\"position\":2,\"name\":\"\u0110okovi\u0107 sportski \u010destitao svim \u010dlanovima hrvatske reprezentacije\"}]},{\"@type\":\"WebSite\",\"@id\":\"https:\\\/\\\/radioljubuski.ba\\\/#website\",\"url\":\"https:\\\/\\\/radioljubuski.ba\\\/\",\"name\":\"Radio Ljubu\u0161ki\",\"description\":\"Sun\u010dana frekvencija Hercegovine\",\"publisher\":{\"@id\":\"https:\\\/\\\/radioljubuski.ba\\\/#organization\"},\"potentialAction\":[{\"@type\":\"SearchAction\",\"target\":{\"@type\":\"EntryPoint\",\"urlTemplate\":\"https:\\\/\\\/radioljubuski.ba\\\/?s={search_term_string}\"},\"query-input\":{\"@type\":\"PropertyValueSpecification\",\"valueRequired\":true,\"valueName\":\"search_term_string\"}}],\"inLanguage\":\"hr\"},{\"@type\":\"Organization\",\"@id\":\"https:\\\/\\\/radioljubuski.ba\\\/#organization\",\"name\":\"Radio Ljubu\u0161ki\",\"url\":\"https:\\\/\\\/radioljubuski.ba\\\/\",\"logo\":{\"@type\":\"ImageObject\",\"inLanguage\":\"hr\",\"@id\":\"https:\\\/\\\/radioljubuski.ba\\\/#\\\/schema\\\/logo\\\/image\\\/\",\"url\":\"https:\\\/\\\/radioljubuski.ba\\\/wp-content\\\/uploads\\\/2021\\\/02\\\/cropped-Radio_Ljubuski_logo1.jpg\",\"contentUrl\":\"https:\\\/\\\/radioljubuski.ba\\\/wp-content\\\/uploads\\\/2021\\\/02\\\/cropped-Radio_Ljubuski_logo1.jpg\",\"width\":512,\"height\":512,\"caption\":\"Radio Ljubu\u0161ki\"},\"image\":{\"@id\":\"https:\\\/\\\/radioljubuski.ba\\\/#\\\/schema\\\/logo\\\/image\\\/\"},\"sameAs\":[\"https:\\\/\\\/www.facebook.com\\\/Radiio-Ljubuski-1490835324566332\",\"https:\\\/\\\/x.com\\\/radioljubuski\",\"https:\\\/\\\/hr.linkedin.com\\\/company\\\/radio-ljubuski\",\"https:\\\/\\\/www.youtube.com\\\/channel\\\/UCHYaeO_n0Db3tjNGudGpXyw\"]},{\"@type\":\"Person\",\"@id\":\"https:\\\/\\\/radioljubuski.ba\\\/#\\\/schema\\\/person\\\/19fc700381a780f69665d7956c469e3b\",\"name\":\"Radio Ljubu\u0161ki\"}]}<\/script>\n<!-- \/ Yoast SEO plugin. -->","yoast_head_json":{"title":"\u0110okovi\u0107 sportski \u010destitao svim \u010dlanovima hrvatske reprezentacije - RADIO LJUBU\u0160KI","robots":{"index":"index","follow":"follow","max-snippet":"max-snippet:-1","max-image-preview":"max-image-preview:large","max-video-preview":"max-video-preview:-1"},"canonical":"https:\/\/radioljubuski.ba\/index.php\/2021\/12\/04\/dokovic-sportski-cestitao-svim-clanovima-hrvatske-reprezentacije\/","og_locale":"hr_HR","og_type":"article","og_title":"\u0110okovi\u0107 sportski \u010destitao svim \u010dlanovima hrvatske reprezentacije - RADIO LJUBU\u0160KI","og_description":"Hrvatska teniska reprezentacija plasirala se u finale Davis Cupa nakon \u0161to je u polufinalu nadigrala Srbiju 2:1, odlu\u010duju\u0107i bod u parovima donijeli su Mate Pavi\u0107 i Nikola Mekti\u0107. Prvi par svijeta u dva je seta pobijedio srpsku kombinaciju\u00a0Novak \u0110okovi\u0107\/Filip Krajinovi\u0107\u00a07:5, 6:1. \u00a0 U prvom dvoboju dana\u00a0Borna Gojo\u00a0pobijedio je\u00a0Du\u0161ana Lajovi\u0107a, a u drugom\u00a0Novak \u0110okovi\u0107\u00a0bio je bolji [&hellip;]","og_url":"https:\/\/radioljubuski.ba\/index.php\/2021\/12\/04\/dokovic-sportski-cestitao-svim-clanovima-hrvatske-reprezentacije\/","og_site_name":"RADIO LJUBU\u0160KI","article_publisher":"https:\/\/www.facebook.com\/Radiio-Ljubuski-1490835324566332","article_published_time":"2021-12-03T23:13:04+00:00","article_modified_time":"2021-12-03T23:13:06+00:00","og_image":[{"width":735,"height":448,"url":"https:\/\/radioljubuski.ba\/wp-content\/uploads\/2021\/12\/33.png","type":"image\/png"}],"author":"Radio Ljubu\u0161ki","twitter_card":"summary_large_image","twitter_creator":"@radioljubuski","twitter_site":"@radioljubuski","twitter_misc":{"Napisao\/la":"Radio Ljubu\u0161ki","Procijenjeno vrijeme \u010ditanja":"1 minuta"},"schema":{"@context":"https:\/\/schema.org","@graph":[{"@type":"Article","@id":"https:\/\/radioljubuski.ba\/index.php\/2021\/12\/04\/dokovic-sportski-cestitao-svim-clanovima-hrvatske-reprezentacije\/#article","isPartOf":{"@id":"https:\/\/radioljubuski.ba\/index.php\/2021\/12\/04\/dokovic-sportski-cestitao-svim-clanovima-hrvatske-reprezentacije\/"},"author":{"name":"Radio Ljubu\u0161ki","@id":"https:\/\/radioljubuski.ba\/#\/schema\/person\/19fc700381a780f69665d7956c469e3b"},"headline":"\u0110okovi\u0107 sportski \u010destitao svim \u010dlanovima hrvatske reprezentacije","datePublished":"2021-12-03T23:13:04+00:00","dateModified":"2021-12-03T23:13:06+00:00","mainEntityOfPage":{"@id":"https:\/\/radioljubuski.ba\/index.php\/2021\/12\/04\/dokovic-sportski-cestitao-svim-clanovima-hrvatske-reprezentacije\/"},"wordCount":137,"publisher":{"@id":"https:\/\/radioljubuski.ba\/#organization"},"image":{"@id":"https:\/\/radioljubuski.ba\/index.php\/2021\/12\/04\/dokovic-sportski-cestitao-svim-clanovima-hrvatske-reprezentacije\/#primaryimage"},"thumbnailUrl":"https:\/\/radioljubuski.ba\/wp-content\/uploads\/2021\/12\/33.png","articleSection":["\u0160port"],"inLanguage":"hr"},{"@type":"WebPage","@id":"https:\/\/radioljubuski.ba\/index.php\/2021\/12\/04\/dokovic-sportski-cestitao-svim-clanovima-hrvatske-reprezentacije\/","url":"https:\/\/radioljubuski.ba\/index.php\/2021\/12\/04\/dokovic-sportski-cestitao-svim-clanovima-hrvatske-reprezentacije\/","name":"\u0110okovi\u0107 sportski \u010destitao svim \u010dlanovima hrvatske reprezentacije - RADIO LJUBU\u0160KI","isPartOf":{"@id":"https:\/\/radioljubuski.ba\/#website"},"primaryImageOfPage":{"@id":"https:\/\/radioljubuski.ba\/index.php\/2021\/12\/04\/dokovic-sportski-cestitao-svim-clanovima-hrvatske-reprezentacije\/#primaryimage"},"image":{"@id":"https:\/\/radioljubuski.ba\/index.php\/2021\/12\/04\/dokovic-sportski-cestitao-svim-clanovima-hrvatske-reprezentacije\/#primaryimage"},"thumbnailUrl":"https:\/\/radioljubuski.ba\/wp-content\/uploads\/2021\/12\/33.png","datePublished":"2021-12-03T23:13:04+00:00","dateModified":"2021-12-03T23:13:06+00:00","breadcrumb":{"@id":"https:\/\/radioljubuski.ba\/index.php\/2021\/12\/04\/dokovic-sportski-cestitao-svim-clanovima-hrvatske-reprezentacije\/#breadcrumb"},"inLanguage":"hr","potentialAction":[{"@type":"ReadAction","target":["https:\/\/radioljubuski.ba\/index.php\/2021\/12\/04\/dokovic-sportski-cestitao-svim-clanovima-hrvatske-reprezentacije\/"]}]},{"@type":"ImageObject","inLanguage":"hr","@id":"https:\/\/radioljubuski.ba\/index.php\/2021\/12\/04\/dokovic-sportski-cestitao-svim-clanovima-hrvatske-reprezentacije\/#primaryimage","url":"https:\/\/radioljubuski.ba\/wp-content\/uploads\/2021\/12\/33.png","contentUrl":"https:\/\/radioljubuski.ba\/wp-content\/uploads\/2021\/12\/33.png","width":735,"height":448},{"@type":"BreadcrumbList","@id":"https:\/\/radioljubuski.ba\/index.php\/2021\/12\/04\/dokovic-sportski-cestitao-svim-clanovima-hrvatske-reprezentacije\/#breadcrumb","itemListElement":[{"@type":"ListItem","position":1,"name":"Po\u010detna stranica","item":"https:\/\/radioljubuski.ba\/"},{"@type":"ListItem","position":2,"name":"\u0110okovi\u0107 sportski \u010destitao svim \u010dlanovima hrvatske reprezentacije"}]},{"@type":"WebSite","@id":"https:\/\/radioljubuski.ba\/#website","url":"https:\/\/radioljubuski.ba\/","name":"Radio Ljubu\u0161ki","description":"Sun\u010dana frekvencija Hercegovine","publisher":{"@id":"https:\/\/radioljubuski.ba\/#organization"},"potentialAction":[{"@type":"SearchAction","target":{"@type":"EntryPoint","urlTemplate":"https:\/\/radioljubuski.ba\/?s={search_term_string}"},"query-input":{"@type":"PropertyValueSpecification","valueRequired":true,"valueName":"search_term_string"}}],"inLanguage":"hr"},{"@type":"Organization","@id":"https:\/\/radioljubuski.ba\/#organization","name":"Radio Ljubu\u0161ki","url":"https:\/\/radioljubuski.ba\/","logo":{"@type":"ImageObject","inLanguage":"hr","@id":"https:\/\/radioljubuski.ba\/#\/schema\/logo\/image\/","url":"https:\/\/radioljubuski.ba\/wp-content\/uploads\/2021\/02\/cropped-Radio_Ljubuski_logo1.jpg","contentUrl":"https:\/\/radioljubuski.ba\/wp-content\/uploads\/2021\/02\/cropped-Radio_Ljubuski_logo1.jpg","width":512,"height":512,"caption":"Radio Ljubu\u0161ki"},"image":{"@id":"https:\/\/radioljubuski.ba\/#\/schema\/logo\/image\/"},"sameAs":["https:\/\/www.facebook.com\/Radiio-Ljubuski-1490835324566332","https:\/\/x.com\/radioljubuski","https:\/\/hr.linkedin.com\/company\/radio-ljubuski","https:\/\/www.youtube.com\/channel\/UCHYaeO_n0Db3tjNGudGpXyw"]},{"@type":"Person","@id":"https:\/\/radioljubuski.ba\/#\/schema\/person\/19fc700381a780f69665d7956c469e3b","name":"Radio Ljubu\u0161ki"}]}},"_links":{"self":[{"href":"https:\/\/radioljubuski.ba\/index.php\/wp-json\/wp\/v2\/posts\/95711","targetHints":{"allow":["GET"]}}],"collection":[{"href":"https:\/\/radioljubuski.ba\/index.php\/wp-json\/wp\/v2\/posts"}],"about":[{"href":"https:\/\/radioljubuski.ba\/index.php\/wp-json\/wp\/v2\/types\/post"}],"author":[{"embeddable":true,"href":"https:\/\/radioljubuski.ba\/index.php\/wp-json\/wp\/v2\/users\/2"}],"replies":[{"embeddable":true,"href":"https:\/\/radioljubuski.ba\/index.php\/wp-json\/wp\/v2\/comments?post=95711"}],"version-history":[{"count":1,"href":"https:\/\/radioljubuski.ba\/index.php\/wp-json\/wp\/v2\/posts\/95711\/revisions"}],"predecessor-version":[{"id":95713,"href":"https:\/\/radioljubuski.ba\/index.php\/wp-json\/wp\/v2\/posts\/95711\/revisions\/95713"}],"wp:featuredmedia":[{"embeddable":true,"href":"https:\/\/radioljubuski.ba\/index.php\/wp-json\/wp\/v2\/media\/95712"}],"wp:attachment":[{"href":"https:\/\/radioljubuski.ba\/index.php\/wp-json\/wp\/v2\/media?parent=95711"}],"wp:term":[{"taxonomy":"category","embeddable":true,"href":"https:\/\/radioljubuski.ba\/index.php\/wp-json\/wp\/v2\/categories?post=95711"},{"taxonomy":"post_tag","embeddable":true,"href":"https:\/\/radioljubuski.ba\/index.php\/wp-json\/wp\/v2\/tags?post=95711"}],"curies":[{"name":"wp","href":"https:\/\/api.w.org\/{rel}","templated":true}]}}