{"id":95717,"date":"2021-12-04T00:16:21","date_gmt":"2021-12-03T23:16:21","guid":{"rendered":"https:\/\/radioljubuski.ba\/?p=95717"},"modified":"2021-12-04T00:16:22","modified_gmt":"2021-12-03T23:16:22","slug":"momci-su-odigrali-vrhunski-prezadovoljni-smo-a-nemamo-preferencije-za-finale","status":"publish","type":"post","link":"https:\/\/radioljubuski.ba\/index.php\/2021\/12\/04\/momci-su-odigrali-vrhunski-prezadovoljni-smo-a-nemamo-preferencije-za-finale\/","title":{"rendered":"&#8220;Momci su odigrali vrhunski, prezadovoljni smo, a nemamo preferencije za finale&#8221;"},"content":{"rendered":"\n<p><strong>Izbornik hrvatske teniske reprezentacija Vedran Marti\u0107 bio je sretan i zadovoljan nakon plasmana u finale, a istog su raspolo\u017eenja bili i igra\u010di Mate Pavi\u0107, Nikola Mekti\u0107 i Marin \u010cili\u0107. Sva \u010detvorica komentirala su za HRT pobjedu protiv Srbije.<\/strong><\/p>\n\n\n\n<p>&#8211; Momci su odigrali vrhunski, pobijedili smo i ja sam prezadovoljan. Sutra \u0107emo trenirati i vidjet \u0107emo tko \u0107e u\u0107i u finale, rekao je Marti\u0107 nakon susreta te dodao:<br><br>&#8211;\u00a0<strong>Borna \u0106ori\u0107\u00a0<\/strong>je vrhunski igra\u010d, a sjajno ga je zamijenio\u00a0<strong>Gojo<\/strong>. I on i\u00a0<strong>Nino Serdaru\u0161i\u0107<\/strong>\u00a0nisu izgubili me\u010d, nije moglo bolje. Vidjet \u0107emo u finalu kako \u0107e biti dalje, nemam preferencije, ve\u010deras slavimo, pratit \u0107emo njihov me\u010d.<br><br>Mate Pavi\u0107 je komentirao dvoboj sa Srbijom.<br><br>&#8211; Nije bio lagan me\u010d, mi smo bili favoriti, ali s druge strane je<strong>\u00a0Novak \u0110okovi\u0107<\/strong>. Odigrali smo odi\u010dan me\u010d, pola posla smo odradili s pametnom igrom. Nakon prvog seta, oni su pali i to je to. Nemam preferencije za finale. Tko god bude, o\u010dekujemo te\u0161ke me\u010deve, rekao je Pavi\u0107, a Mekti\u0107 se nadovezao:<br><br>&#8211; Presretni smo kako smo igrali, kao i de\u010dki u pojedina\u010dnim me\u010devima. Nevjerojatna sezona, preuspje\u0161na za nas dvoje.<br><br>Marin \u010cili\u0107 imao je najte\u017ei zadatak danas protiv Novaka \u0110okovi\u0107a.<br><br>&#8211; Preponosan sam na de\u010dke, na Bornu, odigrao je fenomenalno. Svi smo ga dizali i podr\u017eavali, imao je te\u0161ko\u0107a u prvom setu, ali pokazao se kao veliki joker na\u0161e ekipe, rekao je \u010cili\u0107 te dodao:<br><br>&#8211; Bilo je te\u0161ko s Novakom, imao sam nekoliko \u0161ansi, ali servirao je fenomenalno. Dosta dugih izmjena je dobio, fizi\u010dki zahtjevan me\u010d.<br><br>S tribina na\u0161u reprezentaciju bodrio je kapetan nogometne reprezentacije.<br><br>&#8211; Nismo razo\u010darali\u00a0<strong>Luku Modri\u0107a\u00a0<\/strong>koji nas je do\u0161ao podr\u017eati!, zaklju\u010dio je \u010cili\u0107.<\/p>\n\n\n\n<iframe loading=\"lazy\" src=\"https:\/\/www.facebook.com\/plugins\/video.php?height=476&#038;href=https%3A%2F%2Fwww.facebook.com%2FHRTsport%2Fvideos%2F1026931144520550%2F&#038;show_text=false&#038;width=476&#038;t=0\" width=\"476\" height=\"476\" style=\"border:none;overflow:hidden\" scrolling=\"no\" frameborder=\"0\" allowfullscreen=\"true\" allow=\"autoplay; clipboard-write; encrypted-media; picture-in-picture; web-share\" allowFullScreen=\"true\"><\/iframe>\n\n\n\n<p>Izvor:hrt.hr<\/p>\n","protected":false},"excerpt":{"rendered":"<p>Izbornik hrvatske teniske reprezentacija Vedran Marti\u0107 bio je sretan i zadovoljan nakon plasmana u finale, a istog su raspolo\u017eenja bili i igra\u010di Mate Pavi\u0107, Nikola Mekti\u0107 i Marin \u010cili\u0107. Sva \u010detvorica komentirala su za HRT pobjedu protiv Srbije. &#8211; Momci su odigrali vrhunski, pobijedili smo i ja sam prezadovoljan. Sutra \u0107emo trenirati i vidjet \u0107emo [&hellip;]<\/p>\n","protected":false},"author":2,"featured_media":95718,"comment_status":"closed","ping_status":"closed","sticky":false,"template":"","format":"standard","meta":{"h5ap_radio_sources":[],"footnotes":""},"categories":[7],"tags":[],"class_list":["post-95717","post","type-post","status-publish","format-standard","has-post-thumbnail","hentry","category-sport"],"yoast_head":"<!-- This site is optimized with the Yoast SEO plugin v27.5 - https:\/\/yoast.com\/product\/yoast-seo-wordpress\/ -->\n<title>&quot;Momci su odigrali vrhunski, prezadovoljni smo, a nemamo preferencije za finale&quot; - RADIO LJUBU\u0160KI<\/title>\n<meta name=\"robots\" content=\"index, follow, max-snippet:-1, max-image-preview:large, max-video-preview:-1\" \/>\n<link rel=\"canonical\" href=\"https:\/\/radioljubuski.ba\/index.php\/2021\/12\/04\/momci-su-odigrali-vrhunski-prezadovoljni-smo-a-nemamo-preferencije-za-finale\/\" \/>\n<meta property=\"og:locale\" content=\"hr_HR\" \/>\n<meta property=\"og:type\" content=\"article\" \/>\n<meta property=\"og:title\" content=\"&quot;Momci su odigrali vrhunski, prezadovoljni smo, a nemamo preferencije za finale&quot; - RADIO LJUBU\u0160KI\" \/>\n<meta property=\"og:description\" content=\"Izbornik hrvatske teniske reprezentacija Vedran Marti\u0107 bio je sretan i zadovoljan nakon plasmana u finale, a istog su raspolo\u017eenja bili i igra\u010di Mate Pavi\u0107, Nikola Mekti\u0107 i Marin \u010cili\u0107. Sva \u010detvorica komentirala su za HRT pobjedu protiv Srbije. &#8211; Momci su odigrali vrhunski, pobijedili smo i ja sam prezadovoljan. Sutra \u0107emo trenirati i vidjet \u0107emo [&hellip;]\" \/>\n<meta property=\"og:url\" content=\"https:\/\/radioljubuski.ba\/index.php\/2021\/12\/04\/momci-su-odigrali-vrhunski-prezadovoljni-smo-a-nemamo-preferencije-za-finale\/\" \/>\n<meta property=\"og:site_name\" content=\"RADIO LJUBU\u0160KI\" \/>\n<meta property=\"article:publisher\" content=\"https:\/\/www.facebook.com\/Radiio-Ljubuski-1490835324566332\" \/>\n<meta property=\"article:published_time\" content=\"2021-12-03T23:16:21+00:00\" \/>\n<meta property=\"article:modified_time\" content=\"2021-12-03T23:16:22+00:00\" \/>\n<meta property=\"og:image\" content=\"https:\/\/radioljubuski.ba\/wp-content\/uploads\/2021\/12\/pxl-031221-90957369-20211203225000.jpg\" \/>\n\t<meta property=\"og:image:width\" content=\"1600\" \/>\n\t<meta property=\"og:image:height\" content=\"1055\" \/>\n\t<meta property=\"og:image:type\" content=\"image\/jpeg\" \/>\n<meta name=\"author\" content=\"Radio Ljubu\u0161ki\" \/>\n<meta name=\"twitter:card\" content=\"summary_large_image\" \/>\n<meta name=\"twitter:creator\" content=\"@radioljubuski\" \/>\n<meta name=\"twitter:site\" content=\"@radioljubuski\" \/>\n<meta name=\"twitter:label1\" content=\"Napisao\/la\" \/>\n\t<meta name=\"twitter:data1\" content=\"Radio Ljubu\u0161ki\" \/>\n\t<meta name=\"twitter:label2\" content=\"Procijenjeno vrijeme \u010ditanja\" \/>\n\t<meta name=\"twitter:data2\" content=\"2 minute\" \/>\n<script type=\"application\/ld+json\" class=\"yoast-schema-graph\">{\"@context\":\"https:\\\/\\\/schema.org\",\"@graph\":[{\"@type\":\"Article\",\"@id\":\"https:\\\/\\\/radioljubuski.ba\\\/index.php\\\/2021\\\/12\\\/04\\\/momci-su-odigrali-vrhunski-prezadovoljni-smo-a-nemamo-preferencije-za-finale\\\/#article\",\"isPartOf\":{\"@id\":\"https:\\\/\\\/radioljubuski.ba\\\/index.php\\\/2021\\\/12\\\/04\\\/momci-su-odigrali-vrhunski-prezadovoljni-smo-a-nemamo-preferencije-za-finale\\\/\"},\"author\":{\"name\":\"Radio Ljubu\u0161ki\",\"@id\":\"https:\\\/\\\/radioljubuski.ba\\\/#\\\/schema\\\/person\\\/19fc700381a780f69665d7956c469e3b\"},\"headline\":\"&#8220;Momci su odigrali vrhunski, prezadovoljni smo, a nemamo preferencije za finale&#8221;\",\"datePublished\":\"2021-12-03T23:16:21+00:00\",\"dateModified\":\"2021-12-03T23:16:22+00:00\",\"mainEntityOfPage\":{\"@id\":\"https:\\\/\\\/radioljubuski.ba\\\/index.php\\\/2021\\\/12\\\/04\\\/momci-su-odigrali-vrhunski-prezadovoljni-smo-a-nemamo-preferencije-za-finale\\\/\"},\"wordCount\":316,\"publisher\":{\"@id\":\"https:\\\/\\\/radioljubuski.ba\\\/#organization\"},\"image\":{\"@id\":\"https:\\\/\\\/radioljubuski.ba\\\/index.php\\\/2021\\\/12\\\/04\\\/momci-su-odigrali-vrhunski-prezadovoljni-smo-a-nemamo-preferencije-za-finale\\\/#primaryimage\"},\"thumbnailUrl\":\"https:\\\/\\\/radioljubuski.ba\\\/wp-content\\\/uploads\\\/2021\\\/12\\\/pxl-031221-90957369-20211203225000.jpg\",\"articleSection\":[\"\u0160port\"],\"inLanguage\":\"hr\"},{\"@type\":\"WebPage\",\"@id\":\"https:\\\/\\\/radioljubuski.ba\\\/index.php\\\/2021\\\/12\\\/04\\\/momci-su-odigrali-vrhunski-prezadovoljni-smo-a-nemamo-preferencije-za-finale\\\/\",\"url\":\"https:\\\/\\\/radioljubuski.ba\\\/index.php\\\/2021\\\/12\\\/04\\\/momci-su-odigrali-vrhunski-prezadovoljni-smo-a-nemamo-preferencije-za-finale\\\/\",\"name\":\"\\\"Momci su odigrali vrhunski, prezadovoljni smo, a nemamo preferencije za finale\\\" - RADIO LJUBU\u0160KI\",\"isPartOf\":{\"@id\":\"https:\\\/\\\/radioljubuski.ba\\\/#website\"},\"primaryImageOfPage\":{\"@id\":\"https:\\\/\\\/radioljubuski.ba\\\/index.php\\\/2021\\\/12\\\/04\\\/momci-su-odigrali-vrhunski-prezadovoljni-smo-a-nemamo-preferencije-za-finale\\\/#primaryimage\"},\"image\":{\"@id\":\"https:\\\/\\\/radioljubuski.ba\\\/index.php\\\/2021\\\/12\\\/04\\\/momci-su-odigrali-vrhunski-prezadovoljni-smo-a-nemamo-preferencije-za-finale\\\/#primaryimage\"},\"thumbnailUrl\":\"https:\\\/\\\/radioljubuski.ba\\\/wp-content\\\/uploads\\\/2021\\\/12\\\/pxl-031221-90957369-20211203225000.jpg\",\"datePublished\":\"2021-12-03T23:16:21+00:00\",\"dateModified\":\"2021-12-03T23:16:22+00:00\",\"breadcrumb\":{\"@id\":\"https:\\\/\\\/radioljubuski.ba\\\/index.php\\\/2021\\\/12\\\/04\\\/momci-su-odigrali-vrhunski-prezadovoljni-smo-a-nemamo-preferencije-za-finale\\\/#breadcrumb\"},\"inLanguage\":\"hr\",\"potentialAction\":[{\"@type\":\"ReadAction\",\"target\":[\"https:\\\/\\\/radioljubuski.ba\\\/index.php\\\/2021\\\/12\\\/04\\\/momci-su-odigrali-vrhunski-prezadovoljni-smo-a-nemamo-preferencije-za-finale\\\/\"]}]},{\"@type\":\"ImageObject\",\"inLanguage\":\"hr\",\"@id\":\"https:\\\/\\\/radioljubuski.ba\\\/index.php\\\/2021\\\/12\\\/04\\\/momci-su-odigrali-vrhunski-prezadovoljni-smo-a-nemamo-preferencije-za-finale\\\/#primaryimage\",\"url\":\"https:\\\/\\\/radioljubuski.ba\\\/wp-content\\\/uploads\\\/2021\\\/12\\\/pxl-031221-90957369-20211203225000.jpg\",\"contentUrl\":\"https:\\\/\\\/radioljubuski.ba\\\/wp-content\\\/uploads\\\/2021\\\/12\\\/pxl-031221-90957369-20211203225000.jpg\",\"width\":1600,\"height\":1055,\"caption\":\"03.12.2021., Arena Madrid, Madrid, Spanjolska - Slavlje hrvatskih igraca nakon ulaska u finale Davisovog kupa nakon pobjede nad Srbijom u polufinalu. izbornik Hrvatske Vedran Martic, Nino Serdarusic, Borna Gojo,l Ivan Dodig, Marin Cilic\"},{\"@type\":\"BreadcrumbList\",\"@id\":\"https:\\\/\\\/radioljubuski.ba\\\/index.php\\\/2021\\\/12\\\/04\\\/momci-su-odigrali-vrhunski-prezadovoljni-smo-a-nemamo-preferencije-za-finale\\\/#breadcrumb\",\"itemListElement\":[{\"@type\":\"ListItem\",\"position\":1,\"name\":\"Po\u010detna stranica\",\"item\":\"https:\\\/\\\/radioljubuski.ba\\\/\"},{\"@type\":\"ListItem\",\"position\":2,\"name\":\"&#8220;Momci su odigrali vrhunski, prezadovoljni smo, a nemamo preferencije za finale&#8221;\"}]},{\"@type\":\"WebSite\",\"@id\":\"https:\\\/\\\/radioljubuski.ba\\\/#website\",\"url\":\"https:\\\/\\\/radioljubuski.ba\\\/\",\"name\":\"Radio Ljubu\u0161ki\",\"description\":\"Sun\u010dana frekvencija Hercegovine\",\"publisher\":{\"@id\":\"https:\\\/\\\/radioljubuski.ba\\\/#organization\"},\"potentialAction\":[{\"@type\":\"SearchAction\",\"target\":{\"@type\":\"EntryPoint\",\"urlTemplate\":\"https:\\\/\\\/radioljubuski.ba\\\/?s={search_term_string}\"},\"query-input\":{\"@type\":\"PropertyValueSpecification\",\"valueRequired\":true,\"valueName\":\"search_term_string\"}}],\"inLanguage\":\"hr\"},{\"@type\":\"Organization\",\"@id\":\"https:\\\/\\\/radioljubuski.ba\\\/#organization\",\"name\":\"Radio Ljubu\u0161ki\",\"url\":\"https:\\\/\\\/radioljubuski.ba\\\/\",\"logo\":{\"@type\":\"ImageObject\",\"inLanguage\":\"hr\",\"@id\":\"https:\\\/\\\/radioljubuski.ba\\\/#\\\/schema\\\/logo\\\/image\\\/\",\"url\":\"https:\\\/\\\/radioljubuski.ba\\\/wp-content\\\/uploads\\\/2021\\\/02\\\/cropped-Radio_Ljubuski_logo1.jpg\",\"contentUrl\":\"https:\\\/\\\/radioljubuski.ba\\\/wp-content\\\/uploads\\\/2021\\\/02\\\/cropped-Radio_Ljubuski_logo1.jpg\",\"width\":512,\"height\":512,\"caption\":\"Radio Ljubu\u0161ki\"},\"image\":{\"@id\":\"https:\\\/\\\/radioljubuski.ba\\\/#\\\/schema\\\/logo\\\/image\\\/\"},\"sameAs\":[\"https:\\\/\\\/www.facebook.com\\\/Radiio-Ljubuski-1490835324566332\",\"https:\\\/\\\/x.com\\\/radioljubuski\",\"https:\\\/\\\/hr.linkedin.com\\\/company\\\/radio-ljubuski\",\"https:\\\/\\\/www.youtube.com\\\/channel\\\/UCHYaeO_n0Db3tjNGudGpXyw\"]},{\"@type\":\"Person\",\"@id\":\"https:\\\/\\\/radioljubuski.ba\\\/#\\\/schema\\\/person\\\/19fc700381a780f69665d7956c469e3b\",\"name\":\"Radio Ljubu\u0161ki\"}]}<\/script>\n<!-- \/ Yoast SEO plugin. -->","yoast_head_json":{"title":"\"Momci su odigrali vrhunski, prezadovoljni smo, a nemamo preferencije za finale\" - RADIO LJUBU\u0160KI","robots":{"index":"index","follow":"follow","max-snippet":"max-snippet:-1","max-image-preview":"max-image-preview:large","max-video-preview":"max-video-preview:-1"},"canonical":"https:\/\/radioljubuski.ba\/index.php\/2021\/12\/04\/momci-su-odigrali-vrhunski-prezadovoljni-smo-a-nemamo-preferencije-za-finale\/","og_locale":"hr_HR","og_type":"article","og_title":"\"Momci su odigrali vrhunski, prezadovoljni smo, a nemamo preferencije za finale\" - RADIO LJUBU\u0160KI","og_description":"Izbornik hrvatske teniske reprezentacija Vedran Marti\u0107 bio je sretan i zadovoljan nakon plasmana u finale, a istog su raspolo\u017eenja bili i igra\u010di Mate Pavi\u0107, Nikola Mekti\u0107 i Marin \u010cili\u0107. Sva \u010detvorica komentirala su za HRT pobjedu protiv Srbije. &#8211; Momci su odigrali vrhunski, pobijedili smo i ja sam prezadovoljan. Sutra \u0107emo trenirati i vidjet \u0107emo [&hellip;]","og_url":"https:\/\/radioljubuski.ba\/index.php\/2021\/12\/04\/momci-su-odigrali-vrhunski-prezadovoljni-smo-a-nemamo-preferencije-za-finale\/","og_site_name":"RADIO LJUBU\u0160KI","article_publisher":"https:\/\/www.facebook.com\/Radiio-Ljubuski-1490835324566332","article_published_time":"2021-12-03T23:16:21+00:00","article_modified_time":"2021-12-03T23:16:22+00:00","og_image":[{"width":1600,"height":1055,"url":"https:\/\/radioljubuski.ba\/wp-content\/uploads\/2021\/12\/pxl-031221-90957369-20211203225000.jpg","type":"image\/jpeg"}],"author":"Radio Ljubu\u0161ki","twitter_card":"summary_large_image","twitter_creator":"@radioljubuski","twitter_site":"@radioljubuski","twitter_misc":{"Napisao\/la":"Radio Ljubu\u0161ki","Procijenjeno vrijeme \u010ditanja":"2 minute"},"schema":{"@context":"https:\/\/schema.org","@graph":[{"@type":"Article","@id":"https:\/\/radioljubuski.ba\/index.php\/2021\/12\/04\/momci-su-odigrali-vrhunski-prezadovoljni-smo-a-nemamo-preferencije-za-finale\/#article","isPartOf":{"@id":"https:\/\/radioljubuski.ba\/index.php\/2021\/12\/04\/momci-su-odigrali-vrhunski-prezadovoljni-smo-a-nemamo-preferencije-za-finale\/"},"author":{"name":"Radio Ljubu\u0161ki","@id":"https:\/\/radioljubuski.ba\/#\/schema\/person\/19fc700381a780f69665d7956c469e3b"},"headline":"&#8220;Momci su odigrali vrhunski, prezadovoljni smo, a nemamo preferencije za finale&#8221;","datePublished":"2021-12-03T23:16:21+00:00","dateModified":"2021-12-03T23:16:22+00:00","mainEntityOfPage":{"@id":"https:\/\/radioljubuski.ba\/index.php\/2021\/12\/04\/momci-su-odigrali-vrhunski-prezadovoljni-smo-a-nemamo-preferencije-za-finale\/"},"wordCount":316,"publisher":{"@id":"https:\/\/radioljubuski.ba\/#organization"},"image":{"@id":"https:\/\/radioljubuski.ba\/index.php\/2021\/12\/04\/momci-su-odigrali-vrhunski-prezadovoljni-smo-a-nemamo-preferencije-za-finale\/#primaryimage"},"thumbnailUrl":"https:\/\/radioljubuski.ba\/wp-content\/uploads\/2021\/12\/pxl-031221-90957369-20211203225000.jpg","articleSection":["\u0160port"],"inLanguage":"hr"},{"@type":"WebPage","@id":"https:\/\/radioljubuski.ba\/index.php\/2021\/12\/04\/momci-su-odigrali-vrhunski-prezadovoljni-smo-a-nemamo-preferencije-za-finale\/","url":"https:\/\/radioljubuski.ba\/index.php\/2021\/12\/04\/momci-su-odigrali-vrhunski-prezadovoljni-smo-a-nemamo-preferencije-za-finale\/","name":"\"Momci su odigrali vrhunski, prezadovoljni smo, a nemamo preferencije za finale\" - RADIO LJUBU\u0160KI","isPartOf":{"@id":"https:\/\/radioljubuski.ba\/#website"},"primaryImageOfPage":{"@id":"https:\/\/radioljubuski.ba\/index.php\/2021\/12\/04\/momci-su-odigrali-vrhunski-prezadovoljni-smo-a-nemamo-preferencije-za-finale\/#primaryimage"},"image":{"@id":"https:\/\/radioljubuski.ba\/index.php\/2021\/12\/04\/momci-su-odigrali-vrhunski-prezadovoljni-smo-a-nemamo-preferencije-za-finale\/#primaryimage"},"thumbnailUrl":"https:\/\/radioljubuski.ba\/wp-content\/uploads\/2021\/12\/pxl-031221-90957369-20211203225000.jpg","datePublished":"2021-12-03T23:16:21+00:00","dateModified":"2021-12-03T23:16:22+00:00","breadcrumb":{"@id":"https:\/\/radioljubuski.ba\/index.php\/2021\/12\/04\/momci-su-odigrali-vrhunski-prezadovoljni-smo-a-nemamo-preferencije-za-finale\/#breadcrumb"},"inLanguage":"hr","potentialAction":[{"@type":"ReadAction","target":["https:\/\/radioljubuski.ba\/index.php\/2021\/12\/04\/momci-su-odigrali-vrhunski-prezadovoljni-smo-a-nemamo-preferencije-za-finale\/"]}]},{"@type":"ImageObject","inLanguage":"hr","@id":"https:\/\/radioljubuski.ba\/index.php\/2021\/12\/04\/momci-su-odigrali-vrhunski-prezadovoljni-smo-a-nemamo-preferencije-za-finale\/#primaryimage","url":"https:\/\/radioljubuski.ba\/wp-content\/uploads\/2021\/12\/pxl-031221-90957369-20211203225000.jpg","contentUrl":"https:\/\/radioljubuski.ba\/wp-content\/uploads\/2021\/12\/pxl-031221-90957369-20211203225000.jpg","width":1600,"height":1055,"caption":"03.12.2021., Arena Madrid, Madrid, Spanjolska - Slavlje hrvatskih igraca nakon ulaska u finale Davisovog kupa nakon pobjede nad Srbijom u polufinalu. izbornik Hrvatske Vedran Martic, Nino Serdarusic, Borna Gojo,l Ivan Dodig, Marin Cilic"},{"@type":"BreadcrumbList","@id":"https:\/\/radioljubuski.ba\/index.php\/2021\/12\/04\/momci-su-odigrali-vrhunski-prezadovoljni-smo-a-nemamo-preferencije-za-finale\/#breadcrumb","itemListElement":[{"@type":"ListItem","position":1,"name":"Po\u010detna stranica","item":"https:\/\/radioljubuski.ba\/"},{"@type":"ListItem","position":2,"name":"&#8220;Momci su odigrali vrhunski, prezadovoljni smo, a nemamo preferencije za finale&#8221;"}]},{"@type":"WebSite","@id":"https:\/\/radioljubuski.ba\/#website","url":"https:\/\/radioljubuski.ba\/","name":"Radio Ljubu\u0161ki","description":"Sun\u010dana frekvencija Hercegovine","publisher":{"@id":"https:\/\/radioljubuski.ba\/#organization"},"potentialAction":[{"@type":"SearchAction","target":{"@type":"EntryPoint","urlTemplate":"https:\/\/radioljubuski.ba\/?s={search_term_string}"},"query-input":{"@type":"PropertyValueSpecification","valueRequired":true,"valueName":"search_term_string"}}],"inLanguage":"hr"},{"@type":"Organization","@id":"https:\/\/radioljubuski.ba\/#organization","name":"Radio Ljubu\u0161ki","url":"https:\/\/radioljubuski.ba\/","logo":{"@type":"ImageObject","inLanguage":"hr","@id":"https:\/\/radioljubuski.ba\/#\/schema\/logo\/image\/","url":"https:\/\/radioljubuski.ba\/wp-content\/uploads\/2021\/02\/cropped-Radio_Ljubuski_logo1.jpg","contentUrl":"https:\/\/radioljubuski.ba\/wp-content\/uploads\/2021\/02\/cropped-Radio_Ljubuski_logo1.jpg","width":512,"height":512,"caption":"Radio Ljubu\u0161ki"},"image":{"@id":"https:\/\/radioljubuski.ba\/#\/schema\/logo\/image\/"},"sameAs":["https:\/\/www.facebook.com\/Radiio-Ljubuski-1490835324566332","https:\/\/x.com\/radioljubuski","https:\/\/hr.linkedin.com\/company\/radio-ljubuski","https:\/\/www.youtube.com\/channel\/UCHYaeO_n0Db3tjNGudGpXyw"]},{"@type":"Person","@id":"https:\/\/radioljubuski.ba\/#\/schema\/person\/19fc700381a780f69665d7956c469e3b","name":"Radio Ljubu\u0161ki"}]}},"_links":{"self":[{"href":"https:\/\/radioljubuski.ba\/index.php\/wp-json\/wp\/v2\/posts\/95717","targetHints":{"allow":["GET"]}}],"collection":[{"href":"https:\/\/radioljubuski.ba\/index.php\/wp-json\/wp\/v2\/posts"}],"about":[{"href":"https:\/\/radioljubuski.ba\/index.php\/wp-json\/wp\/v2\/types\/post"}],"author":[{"embeddable":true,"href":"https:\/\/radioljubuski.ba\/index.php\/wp-json\/wp\/v2\/users\/2"}],"replies":[{"embeddable":true,"href":"https:\/\/radioljubuski.ba\/index.php\/wp-json\/wp\/v2\/comments?post=95717"}],"version-history":[{"count":1,"href":"https:\/\/radioljubuski.ba\/index.php\/wp-json\/wp\/v2\/posts\/95717\/revisions"}],"predecessor-version":[{"id":95719,"href":"https:\/\/radioljubuski.ba\/index.php\/wp-json\/wp\/v2\/posts\/95717\/revisions\/95719"}],"wp:featuredmedia":[{"embeddable":true,"href":"https:\/\/radioljubuski.ba\/index.php\/wp-json\/wp\/v2\/media\/95718"}],"wp:attachment":[{"href":"https:\/\/radioljubuski.ba\/index.php\/wp-json\/wp\/v2\/media?parent=95717"}],"wp:term":[{"taxonomy":"category","embeddable":true,"href":"https:\/\/radioljubuski.ba\/index.php\/wp-json\/wp\/v2\/categories?post=95717"},{"taxonomy":"post_tag","embeddable":true,"href":"https:\/\/radioljubuski.ba\/index.php\/wp-json\/wp\/v2\/tags?post=95717"}],"curies":[{"name":"wp","href":"https:\/\/api.w.org\/{rel}","templated":true}]}}