{"id":95734,"date":"2021-12-04T00:24:30","date_gmt":"2021-12-03T23:24:30","guid":{"rendered":"https:\/\/radioljubuski.ba\/?p=95734"},"modified":"2021-12-04T00:24:31","modified_gmt":"2021-12-03T23:24:31","slug":"otvorena-izlozba-najstarijeg-aktivnog-slikara-franjevca","status":"publish","type":"post","link":"https:\/\/radioljubuski.ba\/index.php\/2021\/12\/04\/otvorena-izlozba-najstarijeg-aktivnog-slikara-franjevca\/","title":{"rendered":"Otvorena izlo\u017eba najstarijeg aktivnog slikara franjevca"},"content":{"rendered":"\n<h5 class=\"wp-block-heading\"><strong>U Mostaru je u petak otvorena izlo\u017eba slika akademika fra Perice Petra Vidi\u0107a, po\u010dasnog \u010dlana Hrvatske akademije znanosti i umjetnosti (HAZU) u Bosni i Hercegovini.<\/strong><\/h5>\n\n\n\n<p><em>Fra Perica Vidi\u0107 je<\/em><strong><em>&nbsp;prvi sve\u0107enik<\/em><\/strong><em>&nbsp;koji je postao \u010dlanom Akademije znanosti i umjetnosti BiH, dvadeset godina je bio predsjednik Matice hrvatske u Sarajevu, \u010diji je i osniva\u010d. Fra Perica je jedan od osniva\u010da Hrvatskog dru\u0161tva za znanost i umjetnost te je dugo vremena bio i dopredsjednik toga dru\u0161tva. Matica i dru\u0161tvo su ga proglasili svojim po\u010dasnim \u010dlanom \u0161to dosta govori o njegovom djelovanju<\/em>, rekao je akademik&nbsp;<strong>Mladen Bevanda<\/strong>, predsjednik HAZU BiH.<\/p>\n\n\n\n<p>Pored Vidi\u0107evog djelovanja na podru\u010dju kulture i znanosti, Bevanda je naglasio njegov&nbsp;<strong>filantropizam<\/strong>.<\/p>\n\n\n\n<p><em>Perica je istinski filantrop,&nbsp;<\/em><strong><em>humanist i \u010dovjek<\/em><\/strong><em>&nbsp;koji sve \u0161to ima dijeli starijima, nemo\u0107nima, bolesnima, u\u010denicima i studentima. Veliki broj njegovih slika oti\u0161ao je u&nbsp;<\/em><strong><em>fond za stipendiranje<\/em><\/strong><em>&nbsp;kako bi pomogao u\u010denicima i studentima, doktorandima i onima koji nemaju novaca za \u0161kolovanje.&nbsp;<\/em><strong><em>On je jedan fratar iz naroda i za narod<\/em><\/strong>, rekao je Bevanda.<\/p>\n\n\n\n<p>Mostarska izlo\u017eba, koja \u0107e ostati otvorena&nbsp;<strong>do 10. prosinca<\/strong>&nbsp;u Hrvatskom domu hercega Stjepana Kosa\u010de, je&nbsp;<strong>humanitarnog karaktera<\/strong>.<\/p>\n\n\n\n<p>O fra Perici je govorio i knji\u017eevnik<strong>&nbsp;Dragan Marijanovi\u0107<\/strong>&nbsp;s kojima ga ve\u017ee \u010detrdesetogodi\u0161nje prijateljstvo.<\/p>\n\n\n\n<p><em>Radi se o iznimnom \u010dovjeku i eruditu koji je odr\u017eao<\/em><strong><em>&nbsp;preko stotinu samostalnih izlo\u017ebi<\/em><\/strong><em>, dobitnik je mno\u0161tva nagrada, najstariji je aktivni slikar u franjeva\u010dkom redu, ima izdane tri monografije i uistinu je veliki \u010dovjek.&nbsp;<\/em><strong><em>Rodom je \u010capljinac<\/em><\/strong><em>&nbsp;koji je oti\u0161ao sjevernije i taj da\u0161ak juga je ponio sa sobom \u0161to se vidi na njegovim slikama. Njegove slike prelaze iz realizma u impresionizam radi njegova sanjarstva. Ova izlo\u017eba je na\u0161e malo i skromno hvala<\/em>, rekao je Marijanovi\u0107.<\/p>\n\n\n\n<p>Fra Petar Perica Vidi\u0107 ro\u0111en je&nbsp;<strong>1938. godine<\/strong>. Zavr\u0161io je Franjeva\u010dku gimnaziju u Visokom, a studij filozofije i teologije na Franjeva\u010dkoj teologiji u Sarajevu. U ljeto 1966. odlazi u Be\u010d gdje poha\u0111a Akademiju likovnih umjetnosti. Predavao je likovnu umjetnost i povijest umjetnosti u Franjeva\u010dkoj klasi\u010dnoj gimnaziji u Visokom.<\/p>\n\n\n\n<p>Od<strong>&nbsp;2000. godine<\/strong>&nbsp;je predsjednik ogranka Matice hrvatske u Sarajevu, a \u010dlan je i mnogih dru\u0161tava te kako je ve\u0107 navedeno i&nbsp;<strong>po\u010dasni \u010dlan<\/strong>&nbsp;HAZU BiH i Hrvatskog dru\u0161tva za znanost i umjetnost BiH.<\/p>\n\n\n\n<p>\/FENA\/HMS\/<\/p>\n","protected":false},"excerpt":{"rendered":"<p>U Mostaru je u petak otvorena izlo\u017eba slika akademika fra Perice Petra Vidi\u0107a, po\u010dasnog \u010dlana Hrvatske akademije znanosti i umjetnosti (HAZU) u Bosni i Hercegovini. Fra Perica Vidi\u0107 je&nbsp;prvi sve\u0107enik&nbsp;koji je postao \u010dlanom Akademije znanosti i umjetnosti BiH, dvadeset godina je bio predsjednik Matice hrvatske u Sarajevu, \u010diji je i osniva\u010d. Fra Perica je jedan [&hellip;]<\/p>\n","protected":false},"author":2,"featured_media":95735,"comment_status":"closed","ping_status":"closed","sticky":false,"template":"","format":"standard","meta":{"h5ap_radio_sources":[],"footnotes":""},"categories":[1],"tags":[],"class_list":["post-95734","post","type-post","status-publish","format-standard","has-post-thumbnail","hentry","category-bihiregija"],"yoast_head":"<!-- This site is optimized with the Yoast SEO plugin v27.4 - https:\/\/yoast.com\/product\/yoast-seo-wordpress\/ -->\n<title>Otvorena izlo\u017eba najstarijeg aktivnog slikara franjevca - RADIO LJUBU\u0160KI<\/title>\n<meta name=\"robots\" content=\"index, follow, max-snippet:-1, max-image-preview:large, max-video-preview:-1\" \/>\n<link rel=\"canonical\" href=\"https:\/\/radioljubuski.ba\/index.php\/2021\/12\/04\/otvorena-izlozba-najstarijeg-aktivnog-slikara-franjevca\/\" \/>\n<meta property=\"og:locale\" content=\"hr_HR\" \/>\n<meta property=\"og:type\" content=\"article\" \/>\n<meta property=\"og:title\" content=\"Otvorena izlo\u017eba najstarijeg aktivnog slikara franjevca - RADIO LJUBU\u0160KI\" \/>\n<meta property=\"og:description\" content=\"U Mostaru je u petak otvorena izlo\u017eba slika akademika fra Perice Petra Vidi\u0107a, po\u010dasnog \u010dlana Hrvatske akademije znanosti i umjetnosti (HAZU) u Bosni i Hercegovini. Fra Perica Vidi\u0107 je&nbsp;prvi sve\u0107enik&nbsp;koji je postao \u010dlanom Akademije znanosti i umjetnosti BiH, dvadeset godina je bio predsjednik Matice hrvatske u Sarajevu, \u010diji je i osniva\u010d. Fra Perica je jedan [&hellip;]\" \/>\n<meta property=\"og:url\" content=\"https:\/\/radioljubuski.ba\/index.php\/2021\/12\/04\/otvorena-izlozba-najstarijeg-aktivnog-slikara-franjevca\/\" \/>\n<meta property=\"og:site_name\" content=\"RADIO LJUBU\u0160KI\" \/>\n<meta property=\"article:publisher\" content=\"https:\/\/www.facebook.com\/Radiio-Ljubuski-1490835324566332\" \/>\n<meta property=\"article:published_time\" content=\"2021-12-03T23:24:30+00:00\" \/>\n<meta property=\"article:modified_time\" content=\"2021-12-03T23:24:31+00:00\" \/>\n<meta property=\"og:image\" content=\"https:\/\/radioljubuski.ba\/wp-content\/uploads\/2021\/12\/fra-petar-perica-vidic-izlozba-mo-1-810x539-1.jpg\" \/>\n\t<meta property=\"og:image:width\" content=\"810\" \/>\n\t<meta property=\"og:image:height\" content=\"539\" \/>\n\t<meta property=\"og:image:type\" content=\"image\/jpeg\" \/>\n<meta name=\"author\" content=\"Radio Ljubu\u0161ki\" \/>\n<meta name=\"twitter:card\" content=\"summary_large_image\" \/>\n<meta name=\"twitter:creator\" content=\"@radioljubuski\" \/>\n<meta name=\"twitter:site\" content=\"@radioljubuski\" \/>\n<meta name=\"twitter:label1\" content=\"Napisao\/la\" \/>\n\t<meta name=\"twitter:data1\" content=\"Radio Ljubu\u0161ki\" \/>\n\t<meta name=\"twitter:label2\" content=\"Procijenjeno vrijeme \u010ditanja\" \/>\n\t<meta name=\"twitter:data2\" content=\"2 minute\" \/>\n<script type=\"application\/ld+json\" class=\"yoast-schema-graph\">{\"@context\":\"https:\\\/\\\/schema.org\",\"@graph\":[{\"@type\":\"Article\",\"@id\":\"https:\\\/\\\/radioljubuski.ba\\\/index.php\\\/2021\\\/12\\\/04\\\/otvorena-izlozba-najstarijeg-aktivnog-slikara-franjevca\\\/#article\",\"isPartOf\":{\"@id\":\"https:\\\/\\\/radioljubuski.ba\\\/index.php\\\/2021\\\/12\\\/04\\\/otvorena-izlozba-najstarijeg-aktivnog-slikara-franjevca\\\/\"},\"author\":{\"name\":\"Radio Ljubu\u0161ki\",\"@id\":\"https:\\\/\\\/radioljubuski.ba\\\/#\\\/schema\\\/person\\\/19fc700381a780f69665d7956c469e3b\"},\"headline\":\"Otvorena izlo\u017eba najstarijeg aktivnog slikara franjevca\",\"datePublished\":\"2021-12-03T23:24:30+00:00\",\"dateModified\":\"2021-12-03T23:24:31+00:00\",\"mainEntityOfPage\":{\"@id\":\"https:\\\/\\\/radioljubuski.ba\\\/index.php\\\/2021\\\/12\\\/04\\\/otvorena-izlozba-najstarijeg-aktivnog-slikara-franjevca\\\/\"},\"wordCount\":420,\"publisher\":{\"@id\":\"https:\\\/\\\/radioljubuski.ba\\\/#organization\"},\"image\":{\"@id\":\"https:\\\/\\\/radioljubuski.ba\\\/index.php\\\/2021\\\/12\\\/04\\\/otvorena-izlozba-najstarijeg-aktivnog-slikara-franjevca\\\/#primaryimage\"},\"thumbnailUrl\":\"https:\\\/\\\/radioljubuski.ba\\\/wp-content\\\/uploads\\\/2021\\\/12\\\/fra-petar-perica-vidic-izlozba-mo-1-810x539-1.jpg\",\"articleSection\":[\"BIH i regija\"],\"inLanguage\":\"hr\"},{\"@type\":\"WebPage\",\"@id\":\"https:\\\/\\\/radioljubuski.ba\\\/index.php\\\/2021\\\/12\\\/04\\\/otvorena-izlozba-najstarijeg-aktivnog-slikara-franjevca\\\/\",\"url\":\"https:\\\/\\\/radioljubuski.ba\\\/index.php\\\/2021\\\/12\\\/04\\\/otvorena-izlozba-najstarijeg-aktivnog-slikara-franjevca\\\/\",\"name\":\"Otvorena izlo\u017eba najstarijeg aktivnog slikara franjevca - RADIO LJUBU\u0160KI\",\"isPartOf\":{\"@id\":\"https:\\\/\\\/radioljubuski.ba\\\/#website\"},\"primaryImageOfPage\":{\"@id\":\"https:\\\/\\\/radioljubuski.ba\\\/index.php\\\/2021\\\/12\\\/04\\\/otvorena-izlozba-najstarijeg-aktivnog-slikara-franjevca\\\/#primaryimage\"},\"image\":{\"@id\":\"https:\\\/\\\/radioljubuski.ba\\\/index.php\\\/2021\\\/12\\\/04\\\/otvorena-izlozba-najstarijeg-aktivnog-slikara-franjevca\\\/#primaryimage\"},\"thumbnailUrl\":\"https:\\\/\\\/radioljubuski.ba\\\/wp-content\\\/uploads\\\/2021\\\/12\\\/fra-petar-perica-vidic-izlozba-mo-1-810x539-1.jpg\",\"datePublished\":\"2021-12-03T23:24:30+00:00\",\"dateModified\":\"2021-12-03T23:24:31+00:00\",\"breadcrumb\":{\"@id\":\"https:\\\/\\\/radioljubuski.ba\\\/index.php\\\/2021\\\/12\\\/04\\\/otvorena-izlozba-najstarijeg-aktivnog-slikara-franjevca\\\/#breadcrumb\"},\"inLanguage\":\"hr\",\"potentialAction\":[{\"@type\":\"ReadAction\",\"target\":[\"https:\\\/\\\/radioljubuski.ba\\\/index.php\\\/2021\\\/12\\\/04\\\/otvorena-izlozba-najstarijeg-aktivnog-slikara-franjevca\\\/\"]}]},{\"@type\":\"ImageObject\",\"inLanguage\":\"hr\",\"@id\":\"https:\\\/\\\/radioljubuski.ba\\\/index.php\\\/2021\\\/12\\\/04\\\/otvorena-izlozba-najstarijeg-aktivnog-slikara-franjevca\\\/#primaryimage\",\"url\":\"https:\\\/\\\/radioljubuski.ba\\\/wp-content\\\/uploads\\\/2021\\\/12\\\/fra-petar-perica-vidic-izlozba-mo-1-810x539-1.jpg\",\"contentUrl\":\"https:\\\/\\\/radioljubuski.ba\\\/wp-content\\\/uploads\\\/2021\\\/12\\\/fra-petar-perica-vidic-izlozba-mo-1-810x539-1.jpg\",\"width\":810,\"height\":539},{\"@type\":\"BreadcrumbList\",\"@id\":\"https:\\\/\\\/radioljubuski.ba\\\/index.php\\\/2021\\\/12\\\/04\\\/otvorena-izlozba-najstarijeg-aktivnog-slikara-franjevca\\\/#breadcrumb\",\"itemListElement\":[{\"@type\":\"ListItem\",\"position\":1,\"name\":\"Po\u010detna stranica\",\"item\":\"https:\\\/\\\/radioljubuski.ba\\\/\"},{\"@type\":\"ListItem\",\"position\":2,\"name\":\"Otvorena izlo\u017eba najstarijeg aktivnog slikara franjevca\"}]},{\"@type\":\"WebSite\",\"@id\":\"https:\\\/\\\/radioljubuski.ba\\\/#website\",\"url\":\"https:\\\/\\\/radioljubuski.ba\\\/\",\"name\":\"Radio Ljubu\u0161ki\",\"description\":\"Sun\u010dana frekvencija Hercegovine\",\"publisher\":{\"@id\":\"https:\\\/\\\/radioljubuski.ba\\\/#organization\"},\"potentialAction\":[{\"@type\":\"SearchAction\",\"target\":{\"@type\":\"EntryPoint\",\"urlTemplate\":\"https:\\\/\\\/radioljubuski.ba\\\/?s={search_term_string}\"},\"query-input\":{\"@type\":\"PropertyValueSpecification\",\"valueRequired\":true,\"valueName\":\"search_term_string\"}}],\"inLanguage\":\"hr\"},{\"@type\":\"Organization\",\"@id\":\"https:\\\/\\\/radioljubuski.ba\\\/#organization\",\"name\":\"Radio Ljubu\u0161ki\",\"url\":\"https:\\\/\\\/radioljubuski.ba\\\/\",\"logo\":{\"@type\":\"ImageObject\",\"inLanguage\":\"hr\",\"@id\":\"https:\\\/\\\/radioljubuski.ba\\\/#\\\/schema\\\/logo\\\/image\\\/\",\"url\":\"https:\\\/\\\/radioljubuski.ba\\\/wp-content\\\/uploads\\\/2021\\\/02\\\/cropped-Radio_Ljubuski_logo1.jpg\",\"contentUrl\":\"https:\\\/\\\/radioljubuski.ba\\\/wp-content\\\/uploads\\\/2021\\\/02\\\/cropped-Radio_Ljubuski_logo1.jpg\",\"width\":512,\"height\":512,\"caption\":\"Radio Ljubu\u0161ki\"},\"image\":{\"@id\":\"https:\\\/\\\/radioljubuski.ba\\\/#\\\/schema\\\/logo\\\/image\\\/\"},\"sameAs\":[\"https:\\\/\\\/www.facebook.com\\\/Radiio-Ljubuski-1490835324566332\",\"https:\\\/\\\/x.com\\\/radioljubuski\",\"https:\\\/\\\/hr.linkedin.com\\\/company\\\/radio-ljubuski\",\"https:\\\/\\\/www.youtube.com\\\/channel\\\/UCHYaeO_n0Db3tjNGudGpXyw\"]},{\"@type\":\"Person\",\"@id\":\"https:\\\/\\\/radioljubuski.ba\\\/#\\\/schema\\\/person\\\/19fc700381a780f69665d7956c469e3b\",\"name\":\"Radio Ljubu\u0161ki\"}]}<\/script>\n<!-- \/ Yoast SEO plugin. -->","yoast_head_json":{"title":"Otvorena izlo\u017eba najstarijeg aktivnog slikara franjevca - RADIO LJUBU\u0160KI","robots":{"index":"index","follow":"follow","max-snippet":"max-snippet:-1","max-image-preview":"max-image-preview:large","max-video-preview":"max-video-preview:-1"},"canonical":"https:\/\/radioljubuski.ba\/index.php\/2021\/12\/04\/otvorena-izlozba-najstarijeg-aktivnog-slikara-franjevca\/","og_locale":"hr_HR","og_type":"article","og_title":"Otvorena izlo\u017eba najstarijeg aktivnog slikara franjevca - RADIO LJUBU\u0160KI","og_description":"U Mostaru je u petak otvorena izlo\u017eba slika akademika fra Perice Petra Vidi\u0107a, po\u010dasnog \u010dlana Hrvatske akademije znanosti i umjetnosti (HAZU) u Bosni i Hercegovini. Fra Perica Vidi\u0107 je&nbsp;prvi sve\u0107enik&nbsp;koji je postao \u010dlanom Akademije znanosti i umjetnosti BiH, dvadeset godina je bio predsjednik Matice hrvatske u Sarajevu, \u010diji je i osniva\u010d. Fra Perica je jedan [&hellip;]","og_url":"https:\/\/radioljubuski.ba\/index.php\/2021\/12\/04\/otvorena-izlozba-najstarijeg-aktivnog-slikara-franjevca\/","og_site_name":"RADIO LJUBU\u0160KI","article_publisher":"https:\/\/www.facebook.com\/Radiio-Ljubuski-1490835324566332","article_published_time":"2021-12-03T23:24:30+00:00","article_modified_time":"2021-12-03T23:24:31+00:00","og_image":[{"width":810,"height":539,"url":"https:\/\/radioljubuski.ba\/wp-content\/uploads\/2021\/12\/fra-petar-perica-vidic-izlozba-mo-1-810x539-1.jpg","type":"image\/jpeg"}],"author":"Radio Ljubu\u0161ki","twitter_card":"summary_large_image","twitter_creator":"@radioljubuski","twitter_site":"@radioljubuski","twitter_misc":{"Napisao\/la":"Radio Ljubu\u0161ki","Procijenjeno vrijeme \u010ditanja":"2 minute"},"schema":{"@context":"https:\/\/schema.org","@graph":[{"@type":"Article","@id":"https:\/\/radioljubuski.ba\/index.php\/2021\/12\/04\/otvorena-izlozba-najstarijeg-aktivnog-slikara-franjevca\/#article","isPartOf":{"@id":"https:\/\/radioljubuski.ba\/index.php\/2021\/12\/04\/otvorena-izlozba-najstarijeg-aktivnog-slikara-franjevca\/"},"author":{"name":"Radio Ljubu\u0161ki","@id":"https:\/\/radioljubuski.ba\/#\/schema\/person\/19fc700381a780f69665d7956c469e3b"},"headline":"Otvorena izlo\u017eba najstarijeg aktivnog slikara franjevca","datePublished":"2021-12-03T23:24:30+00:00","dateModified":"2021-12-03T23:24:31+00:00","mainEntityOfPage":{"@id":"https:\/\/radioljubuski.ba\/index.php\/2021\/12\/04\/otvorena-izlozba-najstarijeg-aktivnog-slikara-franjevca\/"},"wordCount":420,"publisher":{"@id":"https:\/\/radioljubuski.ba\/#organization"},"image":{"@id":"https:\/\/radioljubuski.ba\/index.php\/2021\/12\/04\/otvorena-izlozba-najstarijeg-aktivnog-slikara-franjevca\/#primaryimage"},"thumbnailUrl":"https:\/\/radioljubuski.ba\/wp-content\/uploads\/2021\/12\/fra-petar-perica-vidic-izlozba-mo-1-810x539-1.jpg","articleSection":["BIH i regija"],"inLanguage":"hr"},{"@type":"WebPage","@id":"https:\/\/radioljubuski.ba\/index.php\/2021\/12\/04\/otvorena-izlozba-najstarijeg-aktivnog-slikara-franjevca\/","url":"https:\/\/radioljubuski.ba\/index.php\/2021\/12\/04\/otvorena-izlozba-najstarijeg-aktivnog-slikara-franjevca\/","name":"Otvorena izlo\u017eba najstarijeg aktivnog slikara franjevca - RADIO LJUBU\u0160KI","isPartOf":{"@id":"https:\/\/radioljubuski.ba\/#website"},"primaryImageOfPage":{"@id":"https:\/\/radioljubuski.ba\/index.php\/2021\/12\/04\/otvorena-izlozba-najstarijeg-aktivnog-slikara-franjevca\/#primaryimage"},"image":{"@id":"https:\/\/radioljubuski.ba\/index.php\/2021\/12\/04\/otvorena-izlozba-najstarijeg-aktivnog-slikara-franjevca\/#primaryimage"},"thumbnailUrl":"https:\/\/radioljubuski.ba\/wp-content\/uploads\/2021\/12\/fra-petar-perica-vidic-izlozba-mo-1-810x539-1.jpg","datePublished":"2021-12-03T23:24:30+00:00","dateModified":"2021-12-03T23:24:31+00:00","breadcrumb":{"@id":"https:\/\/radioljubuski.ba\/index.php\/2021\/12\/04\/otvorena-izlozba-najstarijeg-aktivnog-slikara-franjevca\/#breadcrumb"},"inLanguage":"hr","potentialAction":[{"@type":"ReadAction","target":["https:\/\/radioljubuski.ba\/index.php\/2021\/12\/04\/otvorena-izlozba-najstarijeg-aktivnog-slikara-franjevca\/"]}]},{"@type":"ImageObject","inLanguage":"hr","@id":"https:\/\/radioljubuski.ba\/index.php\/2021\/12\/04\/otvorena-izlozba-najstarijeg-aktivnog-slikara-franjevca\/#primaryimage","url":"https:\/\/radioljubuski.ba\/wp-content\/uploads\/2021\/12\/fra-petar-perica-vidic-izlozba-mo-1-810x539-1.jpg","contentUrl":"https:\/\/radioljubuski.ba\/wp-content\/uploads\/2021\/12\/fra-petar-perica-vidic-izlozba-mo-1-810x539-1.jpg","width":810,"height":539},{"@type":"BreadcrumbList","@id":"https:\/\/radioljubuski.ba\/index.php\/2021\/12\/04\/otvorena-izlozba-najstarijeg-aktivnog-slikara-franjevca\/#breadcrumb","itemListElement":[{"@type":"ListItem","position":1,"name":"Po\u010detna stranica","item":"https:\/\/radioljubuski.ba\/"},{"@type":"ListItem","position":2,"name":"Otvorena izlo\u017eba najstarijeg aktivnog slikara franjevca"}]},{"@type":"WebSite","@id":"https:\/\/radioljubuski.ba\/#website","url":"https:\/\/radioljubuski.ba\/","name":"Radio Ljubu\u0161ki","description":"Sun\u010dana frekvencija Hercegovine","publisher":{"@id":"https:\/\/radioljubuski.ba\/#organization"},"potentialAction":[{"@type":"SearchAction","target":{"@type":"EntryPoint","urlTemplate":"https:\/\/radioljubuski.ba\/?s={search_term_string}"},"query-input":{"@type":"PropertyValueSpecification","valueRequired":true,"valueName":"search_term_string"}}],"inLanguage":"hr"},{"@type":"Organization","@id":"https:\/\/radioljubuski.ba\/#organization","name":"Radio Ljubu\u0161ki","url":"https:\/\/radioljubuski.ba\/","logo":{"@type":"ImageObject","inLanguage":"hr","@id":"https:\/\/radioljubuski.ba\/#\/schema\/logo\/image\/","url":"https:\/\/radioljubuski.ba\/wp-content\/uploads\/2021\/02\/cropped-Radio_Ljubuski_logo1.jpg","contentUrl":"https:\/\/radioljubuski.ba\/wp-content\/uploads\/2021\/02\/cropped-Radio_Ljubuski_logo1.jpg","width":512,"height":512,"caption":"Radio Ljubu\u0161ki"},"image":{"@id":"https:\/\/radioljubuski.ba\/#\/schema\/logo\/image\/"},"sameAs":["https:\/\/www.facebook.com\/Radiio-Ljubuski-1490835324566332","https:\/\/x.com\/radioljubuski","https:\/\/hr.linkedin.com\/company\/radio-ljubuski","https:\/\/www.youtube.com\/channel\/UCHYaeO_n0Db3tjNGudGpXyw"]},{"@type":"Person","@id":"https:\/\/radioljubuski.ba\/#\/schema\/person\/19fc700381a780f69665d7956c469e3b","name":"Radio Ljubu\u0161ki"}]}},"_links":{"self":[{"href":"https:\/\/radioljubuski.ba\/index.php\/wp-json\/wp\/v2\/posts\/95734","targetHints":{"allow":["GET"]}}],"collection":[{"href":"https:\/\/radioljubuski.ba\/index.php\/wp-json\/wp\/v2\/posts"}],"about":[{"href":"https:\/\/radioljubuski.ba\/index.php\/wp-json\/wp\/v2\/types\/post"}],"author":[{"embeddable":true,"href":"https:\/\/radioljubuski.ba\/index.php\/wp-json\/wp\/v2\/users\/2"}],"replies":[{"embeddable":true,"href":"https:\/\/radioljubuski.ba\/index.php\/wp-json\/wp\/v2\/comments?post=95734"}],"version-history":[{"count":1,"href":"https:\/\/radioljubuski.ba\/index.php\/wp-json\/wp\/v2\/posts\/95734\/revisions"}],"predecessor-version":[{"id":95736,"href":"https:\/\/radioljubuski.ba\/index.php\/wp-json\/wp\/v2\/posts\/95734\/revisions\/95736"}],"wp:featuredmedia":[{"embeddable":true,"href":"https:\/\/radioljubuski.ba\/index.php\/wp-json\/wp\/v2\/media\/95735"}],"wp:attachment":[{"href":"https:\/\/radioljubuski.ba\/index.php\/wp-json\/wp\/v2\/media?parent=95734"}],"wp:term":[{"taxonomy":"category","embeddable":true,"href":"https:\/\/radioljubuski.ba\/index.php\/wp-json\/wp\/v2\/categories?post=95734"},{"taxonomy":"post_tag","embeddable":true,"href":"https:\/\/radioljubuski.ba\/index.php\/wp-json\/wp\/v2\/tags?post=95734"}],"curies":[{"name":"wp","href":"https:\/\/api.w.org\/{rel}","templated":true}]}}