{"id":95740,"date":"2021-12-04T00:28:11","date_gmt":"2021-12-03T23:28:11","guid":{"rendered":"https:\/\/radioljubuski.ba\/?p=95740"},"modified":"2021-12-04T00:28:11","modified_gmt":"2021-12-03T23:28:11","slug":"koliko-tocno-iznosi-normalna-temperatura-i-kada-se-trebate-zabrinuti","status":"publish","type":"post","link":"https:\/\/radioljubuski.ba\/index.php\/2021\/12\/04\/koliko-tocno-iznosi-normalna-temperatura-i-kada-se-trebate-zabrinuti\/","title":{"rendered":"Koliko to\u010dno iznosi normalna temperatura i kada se trebate zabrinuti?"},"content":{"rendered":"\n<p><strong>Normalna temperatura tijela mo\u017ee varirati i ovisi o nekoliko \u010dimbenika: spolu, godinama, razdoblju dana i sli\u010dno.<\/strong><\/p>\n\n\n\n<p>\u201cTemperatura mo\u017ee varirati, pri \u010demu su neki \u010dlanovi obitelji konstantno topliji od drugih. To ne mora biti lo\u0161e. Normalni raspon za ve\u0107inu ljudi je od 36,1\u00b0C do 37,2\u00b0C\u201d, navodi lije\u010dnik Charles Brantly.<\/p>\n\n\n\n<p>Normalni raspon temperature ipak je malo druga\u010diji kod djece i kod starijih osoba.<\/p>\n\n\n\n<p>\u201cDjeca su u prosjeku malo topliji nego odrasli, a stariji od 65 godina su malo hladniji\u201d, dodaje lije\u010dnik.<\/p>\n\n\n\n<p>Navodi da na temperaturu mo\u017ee utjecati i brzina metabolizma, hidratizacija, pa \u010dak i odje\u0107a koju nosite.<\/p>\n\n\n\n<p>\u017dene op\u0107enito imaju ni\u017eu temperaturu zbog ve\u0107eg postotka tjelesne masti. Brantly ka\u017ee da temperatura kod \u017eena mo\u017ee varirati tijekom menstruacije.<\/p>\n\n\n\n<p>Nadalje, temperatura je ni\u017ea tijekom no\u0107i, a najvi\u0161a je u pet sati popodne. Na temeperaturu mo\u017ee utjecati i hrana koju jedemo pa smo obi\u010dno malo topliji nakon obroka.<\/p>\n\n\n\n<p>Dakle, sljede\u0107i put kad budete mjerili temperaturu, imajte na umu da normalne vrijednosti variraju izme\u0111u 36,1\u00b0C i 37,2\u00b0C.<\/p>\n\n\n\n<p>Visoka temperatura jedan je od prvih znakova bolesti, a ako je tjelesna temperatura vi\u0161a od 38\u00b0C, smatra se da osoba ima groznicu, pi\u0161e Insider. Simptomi groznice uklju\u010duju osje\u0107aj hladno\u0107e, glavobolja, umor, bolove u tijelu i znojenje.<\/p>\n\n\n\n<p>Groznica obi\u010dno pro\u0111e kroz tjedan dana, a pri tome je potrebno unositi puno teku\u0107ine, odmarati se i nositi laganu odje\u0107u. Ako se stanje ne popravi kroz tjedan dana, obratite se lije\u010dniku.<\/p>\n\n\n\n<p>\/HMS\/<\/p>\n","protected":false},"excerpt":{"rendered":"<p>Normalna temperatura tijela mo\u017ee varirati i ovisi o nekoliko \u010dimbenika: spolu, godinama, razdoblju dana i sli\u010dno. \u201cTemperatura mo\u017ee varirati, pri \u010demu su neki \u010dlanovi obitelji konstantno topliji od drugih. To ne mora biti lo\u0161e. Normalni raspon za ve\u0107inu ljudi je od 36,1\u00b0C do 37,2\u00b0C\u201d, navodi lije\u010dnik Charles Brantly. Normalni raspon temperature ipak je malo druga\u010diji [&hellip;]<\/p>\n","protected":false},"author":2,"featured_media":95741,"comment_status":"closed","ping_status":"closed","sticky":false,"template":"","format":"standard","meta":{"h5ap_radio_sources":[],"footnotes":""},"categories":[1],"tags":[],"class_list":["post-95740","post","type-post","status-publish","format-standard","has-post-thumbnail","hentry","category-bihiregija"],"yoast_head":"<!-- This site is optimized with the Yoast SEO plugin v27.4 - https:\/\/yoast.com\/product\/yoast-seo-wordpress\/ -->\n<title>Koliko to\u010dno iznosi normalna temperatura i kada se trebate zabrinuti? - RADIO LJUBU\u0160KI<\/title>\n<meta name=\"robots\" content=\"index, follow, max-snippet:-1, max-image-preview:large, max-video-preview:-1\" \/>\n<link rel=\"canonical\" href=\"https:\/\/radioljubuski.ba\/index.php\/2021\/12\/04\/koliko-tocno-iznosi-normalna-temperatura-i-kada-se-trebate-zabrinuti\/\" \/>\n<meta property=\"og:locale\" content=\"hr_HR\" \/>\n<meta property=\"og:type\" content=\"article\" \/>\n<meta property=\"og:title\" content=\"Koliko to\u010dno iznosi normalna temperatura i kada se trebate zabrinuti? - RADIO LJUBU\u0160KI\" \/>\n<meta property=\"og:description\" content=\"Normalna temperatura tijela mo\u017ee varirati i ovisi o nekoliko \u010dimbenika: spolu, godinama, razdoblju dana i sli\u010dno. \u201cTemperatura mo\u017ee varirati, pri \u010demu su neki \u010dlanovi obitelji konstantno topliji od drugih. To ne mora biti lo\u0161e. Normalni raspon za ve\u0107inu ljudi je od 36,1\u00b0C do 37,2\u00b0C\u201d, navodi lije\u010dnik Charles Brantly. Normalni raspon temperature ipak je malo druga\u010diji [&hellip;]\" \/>\n<meta property=\"og:url\" content=\"https:\/\/radioljubuski.ba\/index.php\/2021\/12\/04\/koliko-tocno-iznosi-normalna-temperatura-i-kada-se-trebate-zabrinuti\/\" \/>\n<meta property=\"og:site_name\" content=\"RADIO LJUBU\u0160KI\" \/>\n<meta property=\"article:publisher\" content=\"https:\/\/www.facebook.com\/Radiio-Ljubuski-1490835324566332\" \/>\n<meta property=\"article:published_time\" content=\"2021-12-03T23:28:11+00:00\" \/>\n<meta property=\"og:image\" content=\"https:\/\/radioljubuski.ba\/wp-content\/uploads\/2021\/12\/temp.jpg\" \/>\n\t<meta property=\"og:image:width\" content=\"750\" \/>\n\t<meta property=\"og:image:height\" content=\"500\" \/>\n\t<meta property=\"og:image:type\" content=\"image\/jpeg\" \/>\n<meta name=\"author\" content=\"Radio Ljubu\u0161ki\" \/>\n<meta name=\"twitter:card\" content=\"summary_large_image\" \/>\n<meta name=\"twitter:creator\" content=\"@radioljubuski\" \/>\n<meta name=\"twitter:site\" content=\"@radioljubuski\" \/>\n<meta name=\"twitter:label1\" content=\"Napisao\/la\" \/>\n\t<meta name=\"twitter:data1\" content=\"Radio Ljubu\u0161ki\" \/>\n\t<meta name=\"twitter:label2\" content=\"Procijenjeno vrijeme \u010ditanja\" \/>\n\t<meta name=\"twitter:data2\" content=\"2 minute\" \/>\n<script type=\"application\/ld+json\" class=\"yoast-schema-graph\">{\"@context\":\"https:\\\/\\\/schema.org\",\"@graph\":[{\"@type\":\"Article\",\"@id\":\"https:\\\/\\\/radioljubuski.ba\\\/index.php\\\/2021\\\/12\\\/04\\\/koliko-tocno-iznosi-normalna-temperatura-i-kada-se-trebate-zabrinuti\\\/#article\",\"isPartOf\":{\"@id\":\"https:\\\/\\\/radioljubuski.ba\\\/index.php\\\/2021\\\/12\\\/04\\\/koliko-tocno-iznosi-normalna-temperatura-i-kada-se-trebate-zabrinuti\\\/\"},\"author\":{\"name\":\"Radio Ljubu\u0161ki\",\"@id\":\"https:\\\/\\\/radioljubuski.ba\\\/#\\\/schema\\\/person\\\/19fc700381a780f69665d7956c469e3b\"},\"headline\":\"Koliko to\u010dno iznosi normalna temperatura i kada se trebate zabrinuti?\",\"datePublished\":\"2021-12-03T23:28:11+00:00\",\"mainEntityOfPage\":{\"@id\":\"https:\\\/\\\/radioljubuski.ba\\\/index.php\\\/2021\\\/12\\\/04\\\/koliko-tocno-iznosi-normalna-temperatura-i-kada-se-trebate-zabrinuti\\\/\"},\"wordCount\":271,\"publisher\":{\"@id\":\"https:\\\/\\\/radioljubuski.ba\\\/#organization\"},\"image\":{\"@id\":\"https:\\\/\\\/radioljubuski.ba\\\/index.php\\\/2021\\\/12\\\/04\\\/koliko-tocno-iznosi-normalna-temperatura-i-kada-se-trebate-zabrinuti\\\/#primaryimage\"},\"thumbnailUrl\":\"https:\\\/\\\/radioljubuski.ba\\\/wp-content\\\/uploads\\\/2021\\\/12\\\/temp.jpg\",\"articleSection\":[\"BIH i regija\"],\"inLanguage\":\"hr\"},{\"@type\":\"WebPage\",\"@id\":\"https:\\\/\\\/radioljubuski.ba\\\/index.php\\\/2021\\\/12\\\/04\\\/koliko-tocno-iznosi-normalna-temperatura-i-kada-se-trebate-zabrinuti\\\/\",\"url\":\"https:\\\/\\\/radioljubuski.ba\\\/index.php\\\/2021\\\/12\\\/04\\\/koliko-tocno-iznosi-normalna-temperatura-i-kada-se-trebate-zabrinuti\\\/\",\"name\":\"Koliko to\u010dno iznosi normalna temperatura i kada se trebate zabrinuti? - RADIO LJUBU\u0160KI\",\"isPartOf\":{\"@id\":\"https:\\\/\\\/radioljubuski.ba\\\/#website\"},\"primaryImageOfPage\":{\"@id\":\"https:\\\/\\\/radioljubuski.ba\\\/index.php\\\/2021\\\/12\\\/04\\\/koliko-tocno-iznosi-normalna-temperatura-i-kada-se-trebate-zabrinuti\\\/#primaryimage\"},\"image\":{\"@id\":\"https:\\\/\\\/radioljubuski.ba\\\/index.php\\\/2021\\\/12\\\/04\\\/koliko-tocno-iznosi-normalna-temperatura-i-kada-se-trebate-zabrinuti\\\/#primaryimage\"},\"thumbnailUrl\":\"https:\\\/\\\/radioljubuski.ba\\\/wp-content\\\/uploads\\\/2021\\\/12\\\/temp.jpg\",\"datePublished\":\"2021-12-03T23:28:11+00:00\",\"breadcrumb\":{\"@id\":\"https:\\\/\\\/radioljubuski.ba\\\/index.php\\\/2021\\\/12\\\/04\\\/koliko-tocno-iznosi-normalna-temperatura-i-kada-se-trebate-zabrinuti\\\/#breadcrumb\"},\"inLanguage\":\"hr\",\"potentialAction\":[{\"@type\":\"ReadAction\",\"target\":[\"https:\\\/\\\/radioljubuski.ba\\\/index.php\\\/2021\\\/12\\\/04\\\/koliko-tocno-iznosi-normalna-temperatura-i-kada-se-trebate-zabrinuti\\\/\"]}]},{\"@type\":\"ImageObject\",\"inLanguage\":\"hr\",\"@id\":\"https:\\\/\\\/radioljubuski.ba\\\/index.php\\\/2021\\\/12\\\/04\\\/koliko-tocno-iznosi-normalna-temperatura-i-kada-se-trebate-zabrinuti\\\/#primaryimage\",\"url\":\"https:\\\/\\\/radioljubuski.ba\\\/wp-content\\\/uploads\\\/2021\\\/12\\\/temp.jpg\",\"contentUrl\":\"https:\\\/\\\/radioljubuski.ba\\\/wp-content\\\/uploads\\\/2021\\\/12\\\/temp.jpg\",\"width\":750,\"height\":500},{\"@type\":\"BreadcrumbList\",\"@id\":\"https:\\\/\\\/radioljubuski.ba\\\/index.php\\\/2021\\\/12\\\/04\\\/koliko-tocno-iznosi-normalna-temperatura-i-kada-se-trebate-zabrinuti\\\/#breadcrumb\",\"itemListElement\":[{\"@type\":\"ListItem\",\"position\":1,\"name\":\"Po\u010detna stranica\",\"item\":\"https:\\\/\\\/radioljubuski.ba\\\/\"},{\"@type\":\"ListItem\",\"position\":2,\"name\":\"Koliko to\u010dno iznosi normalna temperatura i kada se trebate zabrinuti?\"}]},{\"@type\":\"WebSite\",\"@id\":\"https:\\\/\\\/radioljubuski.ba\\\/#website\",\"url\":\"https:\\\/\\\/radioljubuski.ba\\\/\",\"name\":\"Radio Ljubu\u0161ki\",\"description\":\"Sun\u010dana frekvencija Hercegovine\",\"publisher\":{\"@id\":\"https:\\\/\\\/radioljubuski.ba\\\/#organization\"},\"potentialAction\":[{\"@type\":\"SearchAction\",\"target\":{\"@type\":\"EntryPoint\",\"urlTemplate\":\"https:\\\/\\\/radioljubuski.ba\\\/?s={search_term_string}\"},\"query-input\":{\"@type\":\"PropertyValueSpecification\",\"valueRequired\":true,\"valueName\":\"search_term_string\"}}],\"inLanguage\":\"hr\"},{\"@type\":\"Organization\",\"@id\":\"https:\\\/\\\/radioljubuski.ba\\\/#organization\",\"name\":\"Radio Ljubu\u0161ki\",\"url\":\"https:\\\/\\\/radioljubuski.ba\\\/\",\"logo\":{\"@type\":\"ImageObject\",\"inLanguage\":\"hr\",\"@id\":\"https:\\\/\\\/radioljubuski.ba\\\/#\\\/schema\\\/logo\\\/image\\\/\",\"url\":\"https:\\\/\\\/radioljubuski.ba\\\/wp-content\\\/uploads\\\/2021\\\/02\\\/cropped-Radio_Ljubuski_logo1.jpg\",\"contentUrl\":\"https:\\\/\\\/radioljubuski.ba\\\/wp-content\\\/uploads\\\/2021\\\/02\\\/cropped-Radio_Ljubuski_logo1.jpg\",\"width\":512,\"height\":512,\"caption\":\"Radio Ljubu\u0161ki\"},\"image\":{\"@id\":\"https:\\\/\\\/radioljubuski.ba\\\/#\\\/schema\\\/logo\\\/image\\\/\"},\"sameAs\":[\"https:\\\/\\\/www.facebook.com\\\/Radiio-Ljubuski-1490835324566332\",\"https:\\\/\\\/x.com\\\/radioljubuski\",\"https:\\\/\\\/hr.linkedin.com\\\/company\\\/radio-ljubuski\",\"https:\\\/\\\/www.youtube.com\\\/channel\\\/UCHYaeO_n0Db3tjNGudGpXyw\"]},{\"@type\":\"Person\",\"@id\":\"https:\\\/\\\/radioljubuski.ba\\\/#\\\/schema\\\/person\\\/19fc700381a780f69665d7956c469e3b\",\"name\":\"Radio Ljubu\u0161ki\"}]}<\/script>\n<!-- \/ Yoast SEO plugin. -->","yoast_head_json":{"title":"Koliko to\u010dno iznosi normalna temperatura i kada se trebate zabrinuti? - RADIO LJUBU\u0160KI","robots":{"index":"index","follow":"follow","max-snippet":"max-snippet:-1","max-image-preview":"max-image-preview:large","max-video-preview":"max-video-preview:-1"},"canonical":"https:\/\/radioljubuski.ba\/index.php\/2021\/12\/04\/koliko-tocno-iznosi-normalna-temperatura-i-kada-se-trebate-zabrinuti\/","og_locale":"hr_HR","og_type":"article","og_title":"Koliko to\u010dno iznosi normalna temperatura i kada se trebate zabrinuti? - RADIO LJUBU\u0160KI","og_description":"Normalna temperatura tijela mo\u017ee varirati i ovisi o nekoliko \u010dimbenika: spolu, godinama, razdoblju dana i sli\u010dno. \u201cTemperatura mo\u017ee varirati, pri \u010demu su neki \u010dlanovi obitelji konstantno topliji od drugih. To ne mora biti lo\u0161e. Normalni raspon za ve\u0107inu ljudi je od 36,1\u00b0C do 37,2\u00b0C\u201d, navodi lije\u010dnik Charles Brantly. Normalni raspon temperature ipak je malo druga\u010diji [&hellip;]","og_url":"https:\/\/radioljubuski.ba\/index.php\/2021\/12\/04\/koliko-tocno-iznosi-normalna-temperatura-i-kada-se-trebate-zabrinuti\/","og_site_name":"RADIO LJUBU\u0160KI","article_publisher":"https:\/\/www.facebook.com\/Radiio-Ljubuski-1490835324566332","article_published_time":"2021-12-03T23:28:11+00:00","og_image":[{"width":750,"height":500,"url":"https:\/\/radioljubuski.ba\/wp-content\/uploads\/2021\/12\/temp.jpg","type":"image\/jpeg"}],"author":"Radio Ljubu\u0161ki","twitter_card":"summary_large_image","twitter_creator":"@radioljubuski","twitter_site":"@radioljubuski","twitter_misc":{"Napisao\/la":"Radio Ljubu\u0161ki","Procijenjeno vrijeme \u010ditanja":"2 minute"},"schema":{"@context":"https:\/\/schema.org","@graph":[{"@type":"Article","@id":"https:\/\/radioljubuski.ba\/index.php\/2021\/12\/04\/koliko-tocno-iznosi-normalna-temperatura-i-kada-se-trebate-zabrinuti\/#article","isPartOf":{"@id":"https:\/\/radioljubuski.ba\/index.php\/2021\/12\/04\/koliko-tocno-iznosi-normalna-temperatura-i-kada-se-trebate-zabrinuti\/"},"author":{"name":"Radio Ljubu\u0161ki","@id":"https:\/\/radioljubuski.ba\/#\/schema\/person\/19fc700381a780f69665d7956c469e3b"},"headline":"Koliko to\u010dno iznosi normalna temperatura i kada se trebate zabrinuti?","datePublished":"2021-12-03T23:28:11+00:00","mainEntityOfPage":{"@id":"https:\/\/radioljubuski.ba\/index.php\/2021\/12\/04\/koliko-tocno-iznosi-normalna-temperatura-i-kada-se-trebate-zabrinuti\/"},"wordCount":271,"publisher":{"@id":"https:\/\/radioljubuski.ba\/#organization"},"image":{"@id":"https:\/\/radioljubuski.ba\/index.php\/2021\/12\/04\/koliko-tocno-iznosi-normalna-temperatura-i-kada-se-trebate-zabrinuti\/#primaryimage"},"thumbnailUrl":"https:\/\/radioljubuski.ba\/wp-content\/uploads\/2021\/12\/temp.jpg","articleSection":["BIH i regija"],"inLanguage":"hr"},{"@type":"WebPage","@id":"https:\/\/radioljubuski.ba\/index.php\/2021\/12\/04\/koliko-tocno-iznosi-normalna-temperatura-i-kada-se-trebate-zabrinuti\/","url":"https:\/\/radioljubuski.ba\/index.php\/2021\/12\/04\/koliko-tocno-iznosi-normalna-temperatura-i-kada-se-trebate-zabrinuti\/","name":"Koliko to\u010dno iznosi normalna temperatura i kada se trebate zabrinuti? - RADIO LJUBU\u0160KI","isPartOf":{"@id":"https:\/\/radioljubuski.ba\/#website"},"primaryImageOfPage":{"@id":"https:\/\/radioljubuski.ba\/index.php\/2021\/12\/04\/koliko-tocno-iznosi-normalna-temperatura-i-kada-se-trebate-zabrinuti\/#primaryimage"},"image":{"@id":"https:\/\/radioljubuski.ba\/index.php\/2021\/12\/04\/koliko-tocno-iznosi-normalna-temperatura-i-kada-se-trebate-zabrinuti\/#primaryimage"},"thumbnailUrl":"https:\/\/radioljubuski.ba\/wp-content\/uploads\/2021\/12\/temp.jpg","datePublished":"2021-12-03T23:28:11+00:00","breadcrumb":{"@id":"https:\/\/radioljubuski.ba\/index.php\/2021\/12\/04\/koliko-tocno-iznosi-normalna-temperatura-i-kada-se-trebate-zabrinuti\/#breadcrumb"},"inLanguage":"hr","potentialAction":[{"@type":"ReadAction","target":["https:\/\/radioljubuski.ba\/index.php\/2021\/12\/04\/koliko-tocno-iznosi-normalna-temperatura-i-kada-se-trebate-zabrinuti\/"]}]},{"@type":"ImageObject","inLanguage":"hr","@id":"https:\/\/radioljubuski.ba\/index.php\/2021\/12\/04\/koliko-tocno-iznosi-normalna-temperatura-i-kada-se-trebate-zabrinuti\/#primaryimage","url":"https:\/\/radioljubuski.ba\/wp-content\/uploads\/2021\/12\/temp.jpg","contentUrl":"https:\/\/radioljubuski.ba\/wp-content\/uploads\/2021\/12\/temp.jpg","width":750,"height":500},{"@type":"BreadcrumbList","@id":"https:\/\/radioljubuski.ba\/index.php\/2021\/12\/04\/koliko-tocno-iznosi-normalna-temperatura-i-kada-se-trebate-zabrinuti\/#breadcrumb","itemListElement":[{"@type":"ListItem","position":1,"name":"Po\u010detna stranica","item":"https:\/\/radioljubuski.ba\/"},{"@type":"ListItem","position":2,"name":"Koliko to\u010dno iznosi normalna temperatura i kada se trebate zabrinuti?"}]},{"@type":"WebSite","@id":"https:\/\/radioljubuski.ba\/#website","url":"https:\/\/radioljubuski.ba\/","name":"Radio Ljubu\u0161ki","description":"Sun\u010dana frekvencija Hercegovine","publisher":{"@id":"https:\/\/radioljubuski.ba\/#organization"},"potentialAction":[{"@type":"SearchAction","target":{"@type":"EntryPoint","urlTemplate":"https:\/\/radioljubuski.ba\/?s={search_term_string}"},"query-input":{"@type":"PropertyValueSpecification","valueRequired":true,"valueName":"search_term_string"}}],"inLanguage":"hr"},{"@type":"Organization","@id":"https:\/\/radioljubuski.ba\/#organization","name":"Radio Ljubu\u0161ki","url":"https:\/\/radioljubuski.ba\/","logo":{"@type":"ImageObject","inLanguage":"hr","@id":"https:\/\/radioljubuski.ba\/#\/schema\/logo\/image\/","url":"https:\/\/radioljubuski.ba\/wp-content\/uploads\/2021\/02\/cropped-Radio_Ljubuski_logo1.jpg","contentUrl":"https:\/\/radioljubuski.ba\/wp-content\/uploads\/2021\/02\/cropped-Radio_Ljubuski_logo1.jpg","width":512,"height":512,"caption":"Radio Ljubu\u0161ki"},"image":{"@id":"https:\/\/radioljubuski.ba\/#\/schema\/logo\/image\/"},"sameAs":["https:\/\/www.facebook.com\/Radiio-Ljubuski-1490835324566332","https:\/\/x.com\/radioljubuski","https:\/\/hr.linkedin.com\/company\/radio-ljubuski","https:\/\/www.youtube.com\/channel\/UCHYaeO_n0Db3tjNGudGpXyw"]},{"@type":"Person","@id":"https:\/\/radioljubuski.ba\/#\/schema\/person\/19fc700381a780f69665d7956c469e3b","name":"Radio Ljubu\u0161ki"}]}},"_links":{"self":[{"href":"https:\/\/radioljubuski.ba\/index.php\/wp-json\/wp\/v2\/posts\/95740","targetHints":{"allow":["GET"]}}],"collection":[{"href":"https:\/\/radioljubuski.ba\/index.php\/wp-json\/wp\/v2\/posts"}],"about":[{"href":"https:\/\/radioljubuski.ba\/index.php\/wp-json\/wp\/v2\/types\/post"}],"author":[{"embeddable":true,"href":"https:\/\/radioljubuski.ba\/index.php\/wp-json\/wp\/v2\/users\/2"}],"replies":[{"embeddable":true,"href":"https:\/\/radioljubuski.ba\/index.php\/wp-json\/wp\/v2\/comments?post=95740"}],"version-history":[{"count":1,"href":"https:\/\/radioljubuski.ba\/index.php\/wp-json\/wp\/v2\/posts\/95740\/revisions"}],"predecessor-version":[{"id":95742,"href":"https:\/\/radioljubuski.ba\/index.php\/wp-json\/wp\/v2\/posts\/95740\/revisions\/95742"}],"wp:featuredmedia":[{"embeddable":true,"href":"https:\/\/radioljubuski.ba\/index.php\/wp-json\/wp\/v2\/media\/95741"}],"wp:attachment":[{"href":"https:\/\/radioljubuski.ba\/index.php\/wp-json\/wp\/v2\/media?parent=95740"}],"wp:term":[{"taxonomy":"category","embeddable":true,"href":"https:\/\/radioljubuski.ba\/index.php\/wp-json\/wp\/v2\/categories?post=95740"},{"taxonomy":"post_tag","embeddable":true,"href":"https:\/\/radioljubuski.ba\/index.php\/wp-json\/wp\/v2\/tags?post=95740"}],"curies":[{"name":"wp","href":"https:\/\/api.w.org\/{rel}","templated":true}]}}