{"id":95743,"date":"2021-12-04T00:30:06","date_gmt":"2021-12-03T23:30:06","guid":{"rendered":"https:\/\/radioljubuski.ba\/?p=95743"},"modified":"2021-12-04T00:30:08","modified_gmt":"2021-12-03T23:30:08","slug":"katolicki-biskupi-crne-gore-od-vjernika-necemo-traziti-covid-potvrde-nismo-mi-policajci","status":"publish","type":"post","link":"https:\/\/radioljubuski.ba\/index.php\/2021\/12\/04\/katolicki-biskupi-crne-gore-od-vjernika-necemo-traziti-covid-potvrde-nismo-mi-policajci\/","title":{"rendered":"Katoli\u010dki biskupi Crne Gore: Od vjernika ne\u0107emo tra\u017eiti covid potvrde, nismo mi policajci"},"content":{"rendered":"\n<p>Vlast u Crnoj Gori propisala je da su od 1. prosinca za ulazak u vjerske objekte potrebne covid potvrde. Katoli\u010dki biskupi tome su se usprotivili. Prenosimo izjavu katoli\u010dkih biskupa Crne Gore u vezi covid potvrda kao uvjeta za ulazak u crkvu, objavljenu na internetskim stranicama&nbsp;<a href=\"https:\/\/www.kotorskabiskupija.me\/izjava-katolickih-biskupa-crne-gore-u-vezi-covid-potvrda-kao-uvjeta-za-ulazak-u-crkvu\/\">Kotorske biskupije<\/a>:<\/p>\n\n\n\n<p>\u201cZadnjih dana pristiglo je vi\u0161e upita od predstavnika medija u vezi sa stavom Katoli\u010dke Crkve o najavljenom zahtjevu da se na ulazu u crkve moraju pokazati nacionalne digitalne covid potvrde. Svoj stav o tome izrekli su katoli\u010dki biskupi Crne Gore u izjavi koju ovdje donosimo:<\/p>\n\n\n\n<p>Katoli\u010dka Crkva u Crnoj Gori je od samih po\u010detaka pandemije, da bi za\u0161titila zdravlje vjernika koji poha\u0111aju crkve, samostalno primjenjivala mjere za suzbijanje korona virusa, kakve su bile na snazi u drugim zemljama. Kad su donesene mjere na razini dr\u017eave, nastojali smo se dr\u017eati svih danih uputa i preporuka. Zahvalni smo Bogu jer nijedna katoli\u010dka crkva u Crnoj Gori nije bila \u017eari\u0161te zaraze niti \u0161irenja korona virusa.<\/p>\n\n\n\n<p>Katoli\u010dka Crkva, kao dio dru\u0161tva ove zemlje, odgovorno i ozbiljno se, osobito preko Caritasa, uklju\u010duje i daje svoj doprinos u brizi za fizi\u010dko zdravlje svih ljudi. Isto tako ne zaboravlja svoje specifi\u010dno poslanje brige za duhovno i du\u0161evno zdravlje svojih vjernika i svih bli\u017enjih koji joj se obra\u0107aju za pomo\u0107. Ta briga za du\u0161e, \u0161to je specifikum Katoli\u010dke Crkve, pa i drugih Crkava i vjerskih zajednica, tra\u017ei od nas da u ovim prilikama pandemije ne zaboravimo to svoje temeljno poslanje. Zato smatramo da bi dru\u0161tvo kao takvo trebalo prepoznati i uva\u017eiti na\u0161e mi\u0161ljenje.<\/p>\n\n\n\n<p>Stoga nas iznena\u0111uju odluke koje se donose bez prethodnih konzultacija s crkvenim poglavarima, tim vi\u0161e \u0161to duboko zadiru u vjersku slobodu i samu dobrobit vjernika koji svojim odgovornim pristupom borbi za zdravlje daju i svoj doprinos no\u0161enjem maski i cijepljenjem.<\/p>\n\n\n\n<p>Smatramo potrebnim naglasiti da nas zbunjuju i poni\u017eavaju stavovi pojedinaca koji bi htjeli da se vjerski djelatnici pretvore u inspektore i policajce, kada je u pitanju pridr\u017eavanje i provo\u0111enje donesenih mjera.<\/p>\n\n\n\n<p>Katoli\u010dki biskupi i sve\u0107enici, nasljeduju\u0107i svoga u\u010ditelja Isusa Krista, ostat \u0107e vjerni svom pastirskom poslanju i pru\u017eati svojim vjernicima utjehu i okrjepu po svetim sakramentima, ne tra\u017ee\u0107i od njih bilo kakve isprave i dokaze o zdravstvenom stanju, dr\u017ee\u0107i se, kao i do sada, korisnih propisa za suzbijanje korona virusa.<\/p>\n\n\n\n<p>mons. Rrok Gjonljeshaj, barski nadbiskup<\/p>\n\n\n\n<p>mons. Ivan \u0160tironja, kotorski biskup\u201d<\/p>\n\n\n\n<p><em>Izvor: narod.hr<\/em><\/p>\n","protected":false},"excerpt":{"rendered":"<p>Vlast u Crnoj Gori propisala je da su od 1. prosinca za ulazak u vjerske objekte potrebne covid potvrde. Katoli\u010dki biskupi tome su se usprotivili. Prenosimo izjavu katoli\u010dkih biskupa Crne Gore u vezi covid potvrda kao uvjeta za ulazak u crkvu, objavljenu na internetskim stranicama&nbsp;Kotorske biskupije: \u201cZadnjih dana pristiglo je vi\u0161e upita od predstavnika medija [&hellip;]<\/p>\n","protected":false},"author":2,"featured_media":95744,"comment_status":"closed","ping_status":"closed","sticky":false,"template":"","format":"standard","meta":{"h5ap_radio_sources":[],"footnotes":""},"categories":[1],"tags":[],"class_list":["post-95743","post","type-post","status-publish","format-standard","has-post-thumbnail","hentry","category-bihiregija"],"yoast_head":"<!-- This site is optimized with the Yoast SEO plugin v27.4 - https:\/\/yoast.com\/product\/yoast-seo-wordpress\/ -->\n<title>Katoli\u010dki biskupi Crne Gore: Od vjernika ne\u0107emo tra\u017eiti covid potvrde, nismo mi policajci - RADIO LJUBU\u0160KI<\/title>\n<meta name=\"robots\" content=\"index, follow, max-snippet:-1, max-image-preview:large, max-video-preview:-1\" \/>\n<link rel=\"canonical\" href=\"https:\/\/radioljubuski.ba\/index.php\/2021\/12\/04\/katolicki-biskupi-crne-gore-od-vjernika-necemo-traziti-covid-potvrde-nismo-mi-policajci\/\" \/>\n<meta property=\"og:locale\" content=\"hr_HR\" \/>\n<meta property=\"og:type\" content=\"article\" \/>\n<meta property=\"og:title\" content=\"Katoli\u010dki biskupi Crne Gore: Od vjernika ne\u0107emo tra\u017eiti covid potvrde, nismo mi policajci - RADIO LJUBU\u0160KI\" \/>\n<meta property=\"og:description\" content=\"Vlast u Crnoj Gori propisala je da su od 1. prosinca za ulazak u vjerske objekte potrebne covid potvrde. Katoli\u010dki biskupi tome su se usprotivili. Prenosimo izjavu katoli\u010dkih biskupa Crne Gore u vezi covid potvrda kao uvjeta za ulazak u crkvu, objavljenu na internetskim stranicama&nbsp;Kotorske biskupije: \u201cZadnjih dana pristiglo je vi\u0161e upita od predstavnika medija [&hellip;]\" \/>\n<meta property=\"og:url\" content=\"https:\/\/radioljubuski.ba\/index.php\/2021\/12\/04\/katolicki-biskupi-crne-gore-od-vjernika-necemo-traziti-covid-potvrde-nismo-mi-policajci\/\" \/>\n<meta property=\"og:site_name\" content=\"RADIO LJUBU\u0160KI\" \/>\n<meta property=\"article:publisher\" content=\"https:\/\/www.facebook.com\/Radiio-Ljubuski-1490835324566332\" \/>\n<meta property=\"article:published_time\" content=\"2021-12-03T23:30:06+00:00\" \/>\n<meta property=\"article:modified_time\" content=\"2021-12-03T23:30:08+00:00\" \/>\n<meta property=\"og:image\" content=\"https:\/\/radioljubuski.ba\/wp-content\/uploads\/2021\/12\/HN20200209452095-696x462-1.jpg\" \/>\n\t<meta property=\"og:image:width\" content=\"696\" \/>\n\t<meta property=\"og:image:height\" content=\"462\" \/>\n\t<meta property=\"og:image:type\" content=\"image\/jpeg\" \/>\n<meta name=\"author\" content=\"Radio Ljubu\u0161ki\" \/>\n<meta name=\"twitter:card\" content=\"summary_large_image\" \/>\n<meta name=\"twitter:creator\" content=\"@radioljubuski\" \/>\n<meta name=\"twitter:site\" content=\"@radioljubuski\" \/>\n<meta name=\"twitter:label1\" content=\"Napisao\/la\" \/>\n\t<meta name=\"twitter:data1\" content=\"Radio Ljubu\u0161ki\" \/>\n\t<meta name=\"twitter:label2\" content=\"Procijenjeno vrijeme \u010ditanja\" \/>\n\t<meta name=\"twitter:data2\" content=\"2 minute\" \/>\n<script type=\"application\/ld+json\" class=\"yoast-schema-graph\">{\"@context\":\"https:\\\/\\\/schema.org\",\"@graph\":[{\"@type\":\"Article\",\"@id\":\"https:\\\/\\\/radioljubuski.ba\\\/index.php\\\/2021\\\/12\\\/04\\\/katolicki-biskupi-crne-gore-od-vjernika-necemo-traziti-covid-potvrde-nismo-mi-policajci\\\/#article\",\"isPartOf\":{\"@id\":\"https:\\\/\\\/radioljubuski.ba\\\/index.php\\\/2021\\\/12\\\/04\\\/katolicki-biskupi-crne-gore-od-vjernika-necemo-traziti-covid-potvrde-nismo-mi-policajci\\\/\"},\"author\":{\"name\":\"Radio Ljubu\u0161ki\",\"@id\":\"https:\\\/\\\/radioljubuski.ba\\\/#\\\/schema\\\/person\\\/19fc700381a780f69665d7956c469e3b\"},\"headline\":\"Katoli\u010dki biskupi Crne Gore: Od vjernika ne\u0107emo tra\u017eiti covid potvrde, nismo mi policajci\",\"datePublished\":\"2021-12-03T23:30:06+00:00\",\"dateModified\":\"2021-12-03T23:30:08+00:00\",\"mainEntityOfPage\":{\"@id\":\"https:\\\/\\\/radioljubuski.ba\\\/index.php\\\/2021\\\/12\\\/04\\\/katolicki-biskupi-crne-gore-od-vjernika-necemo-traziti-covid-potvrde-nismo-mi-policajci\\\/\"},\"wordCount\":444,\"publisher\":{\"@id\":\"https:\\\/\\\/radioljubuski.ba\\\/#organization\"},\"image\":{\"@id\":\"https:\\\/\\\/radioljubuski.ba\\\/index.php\\\/2021\\\/12\\\/04\\\/katolicki-biskupi-crne-gore-od-vjernika-necemo-traziti-covid-potvrde-nismo-mi-policajci\\\/#primaryimage\"},\"thumbnailUrl\":\"https:\\\/\\\/radioljubuski.ba\\\/wp-content\\\/uploads\\\/2021\\\/12\\\/HN20200209452095-696x462-1.jpg\",\"articleSection\":[\"BIH i regija\"],\"inLanguage\":\"hr\"},{\"@type\":\"WebPage\",\"@id\":\"https:\\\/\\\/radioljubuski.ba\\\/index.php\\\/2021\\\/12\\\/04\\\/katolicki-biskupi-crne-gore-od-vjernika-necemo-traziti-covid-potvrde-nismo-mi-policajci\\\/\",\"url\":\"https:\\\/\\\/radioljubuski.ba\\\/index.php\\\/2021\\\/12\\\/04\\\/katolicki-biskupi-crne-gore-od-vjernika-necemo-traziti-covid-potvrde-nismo-mi-policajci\\\/\",\"name\":\"Katoli\u010dki biskupi Crne Gore: Od vjernika ne\u0107emo tra\u017eiti covid potvrde, nismo mi policajci - RADIO LJUBU\u0160KI\",\"isPartOf\":{\"@id\":\"https:\\\/\\\/radioljubuski.ba\\\/#website\"},\"primaryImageOfPage\":{\"@id\":\"https:\\\/\\\/radioljubuski.ba\\\/index.php\\\/2021\\\/12\\\/04\\\/katolicki-biskupi-crne-gore-od-vjernika-necemo-traziti-covid-potvrde-nismo-mi-policajci\\\/#primaryimage\"},\"image\":{\"@id\":\"https:\\\/\\\/radioljubuski.ba\\\/index.php\\\/2021\\\/12\\\/04\\\/katolicki-biskupi-crne-gore-od-vjernika-necemo-traziti-covid-potvrde-nismo-mi-policajci\\\/#primaryimage\"},\"thumbnailUrl\":\"https:\\\/\\\/radioljubuski.ba\\\/wp-content\\\/uploads\\\/2021\\\/12\\\/HN20200209452095-696x462-1.jpg\",\"datePublished\":\"2021-12-03T23:30:06+00:00\",\"dateModified\":\"2021-12-03T23:30:08+00:00\",\"breadcrumb\":{\"@id\":\"https:\\\/\\\/radioljubuski.ba\\\/index.php\\\/2021\\\/12\\\/04\\\/katolicki-biskupi-crne-gore-od-vjernika-necemo-traziti-covid-potvrde-nismo-mi-policajci\\\/#breadcrumb\"},\"inLanguage\":\"hr\",\"potentialAction\":[{\"@type\":\"ReadAction\",\"target\":[\"https:\\\/\\\/radioljubuski.ba\\\/index.php\\\/2021\\\/12\\\/04\\\/katolicki-biskupi-crne-gore-od-vjernika-necemo-traziti-covid-potvrde-nismo-mi-policajci\\\/\"]}]},{\"@type\":\"ImageObject\",\"inLanguage\":\"hr\",\"@id\":\"https:\\\/\\\/radioljubuski.ba\\\/index.php\\\/2021\\\/12\\\/04\\\/katolicki-biskupi-crne-gore-od-vjernika-necemo-traziti-covid-potvrde-nismo-mi-policajci\\\/#primaryimage\",\"url\":\"https:\\\/\\\/radioljubuski.ba\\\/wp-content\\\/uploads\\\/2021\\\/12\\\/HN20200209452095-696x462-1.jpg\",\"contentUrl\":\"https:\\\/\\\/radioljubuski.ba\\\/wp-content\\\/uploads\\\/2021\\\/12\\\/HN20200209452095-696x462-1.jpg\",\"width\":696,\"height\":462},{\"@type\":\"BreadcrumbList\",\"@id\":\"https:\\\/\\\/radioljubuski.ba\\\/index.php\\\/2021\\\/12\\\/04\\\/katolicki-biskupi-crne-gore-od-vjernika-necemo-traziti-covid-potvrde-nismo-mi-policajci\\\/#breadcrumb\",\"itemListElement\":[{\"@type\":\"ListItem\",\"position\":1,\"name\":\"Po\u010detna stranica\",\"item\":\"https:\\\/\\\/radioljubuski.ba\\\/\"},{\"@type\":\"ListItem\",\"position\":2,\"name\":\"Katoli\u010dki biskupi Crne Gore: Od vjernika ne\u0107emo tra\u017eiti covid potvrde, nismo mi policajci\"}]},{\"@type\":\"WebSite\",\"@id\":\"https:\\\/\\\/radioljubuski.ba\\\/#website\",\"url\":\"https:\\\/\\\/radioljubuski.ba\\\/\",\"name\":\"Radio Ljubu\u0161ki\",\"description\":\"Sun\u010dana frekvencija Hercegovine\",\"publisher\":{\"@id\":\"https:\\\/\\\/radioljubuski.ba\\\/#organization\"},\"potentialAction\":[{\"@type\":\"SearchAction\",\"target\":{\"@type\":\"EntryPoint\",\"urlTemplate\":\"https:\\\/\\\/radioljubuski.ba\\\/?s={search_term_string}\"},\"query-input\":{\"@type\":\"PropertyValueSpecification\",\"valueRequired\":true,\"valueName\":\"search_term_string\"}}],\"inLanguage\":\"hr\"},{\"@type\":\"Organization\",\"@id\":\"https:\\\/\\\/radioljubuski.ba\\\/#organization\",\"name\":\"Radio Ljubu\u0161ki\",\"url\":\"https:\\\/\\\/radioljubuski.ba\\\/\",\"logo\":{\"@type\":\"ImageObject\",\"inLanguage\":\"hr\",\"@id\":\"https:\\\/\\\/radioljubuski.ba\\\/#\\\/schema\\\/logo\\\/image\\\/\",\"url\":\"https:\\\/\\\/radioljubuski.ba\\\/wp-content\\\/uploads\\\/2021\\\/02\\\/cropped-Radio_Ljubuski_logo1.jpg\",\"contentUrl\":\"https:\\\/\\\/radioljubuski.ba\\\/wp-content\\\/uploads\\\/2021\\\/02\\\/cropped-Radio_Ljubuski_logo1.jpg\",\"width\":512,\"height\":512,\"caption\":\"Radio Ljubu\u0161ki\"},\"image\":{\"@id\":\"https:\\\/\\\/radioljubuski.ba\\\/#\\\/schema\\\/logo\\\/image\\\/\"},\"sameAs\":[\"https:\\\/\\\/www.facebook.com\\\/Radiio-Ljubuski-1490835324566332\",\"https:\\\/\\\/x.com\\\/radioljubuski\",\"https:\\\/\\\/hr.linkedin.com\\\/company\\\/radio-ljubuski\",\"https:\\\/\\\/www.youtube.com\\\/channel\\\/UCHYaeO_n0Db3tjNGudGpXyw\"]},{\"@type\":\"Person\",\"@id\":\"https:\\\/\\\/radioljubuski.ba\\\/#\\\/schema\\\/person\\\/19fc700381a780f69665d7956c469e3b\",\"name\":\"Radio Ljubu\u0161ki\"}]}<\/script>\n<!-- \/ Yoast SEO plugin. -->","yoast_head_json":{"title":"Katoli\u010dki biskupi Crne Gore: Od vjernika ne\u0107emo tra\u017eiti covid potvrde, nismo mi policajci - RADIO LJUBU\u0160KI","robots":{"index":"index","follow":"follow","max-snippet":"max-snippet:-1","max-image-preview":"max-image-preview:large","max-video-preview":"max-video-preview:-1"},"canonical":"https:\/\/radioljubuski.ba\/index.php\/2021\/12\/04\/katolicki-biskupi-crne-gore-od-vjernika-necemo-traziti-covid-potvrde-nismo-mi-policajci\/","og_locale":"hr_HR","og_type":"article","og_title":"Katoli\u010dki biskupi Crne Gore: Od vjernika ne\u0107emo tra\u017eiti covid potvrde, nismo mi policajci - RADIO LJUBU\u0160KI","og_description":"Vlast u Crnoj Gori propisala je da su od 1. prosinca za ulazak u vjerske objekte potrebne covid potvrde. Katoli\u010dki biskupi tome su se usprotivili. Prenosimo izjavu katoli\u010dkih biskupa Crne Gore u vezi covid potvrda kao uvjeta za ulazak u crkvu, objavljenu na internetskim stranicama&nbsp;Kotorske biskupije: \u201cZadnjih dana pristiglo je vi\u0161e upita od predstavnika medija [&hellip;]","og_url":"https:\/\/radioljubuski.ba\/index.php\/2021\/12\/04\/katolicki-biskupi-crne-gore-od-vjernika-necemo-traziti-covid-potvrde-nismo-mi-policajci\/","og_site_name":"RADIO LJUBU\u0160KI","article_publisher":"https:\/\/www.facebook.com\/Radiio-Ljubuski-1490835324566332","article_published_time":"2021-12-03T23:30:06+00:00","article_modified_time":"2021-12-03T23:30:08+00:00","og_image":[{"width":696,"height":462,"url":"https:\/\/radioljubuski.ba\/wp-content\/uploads\/2021\/12\/HN20200209452095-696x462-1.jpg","type":"image\/jpeg"}],"author":"Radio Ljubu\u0161ki","twitter_card":"summary_large_image","twitter_creator":"@radioljubuski","twitter_site":"@radioljubuski","twitter_misc":{"Napisao\/la":"Radio Ljubu\u0161ki","Procijenjeno vrijeme \u010ditanja":"2 minute"},"schema":{"@context":"https:\/\/schema.org","@graph":[{"@type":"Article","@id":"https:\/\/radioljubuski.ba\/index.php\/2021\/12\/04\/katolicki-biskupi-crne-gore-od-vjernika-necemo-traziti-covid-potvrde-nismo-mi-policajci\/#article","isPartOf":{"@id":"https:\/\/radioljubuski.ba\/index.php\/2021\/12\/04\/katolicki-biskupi-crne-gore-od-vjernika-necemo-traziti-covid-potvrde-nismo-mi-policajci\/"},"author":{"name":"Radio Ljubu\u0161ki","@id":"https:\/\/radioljubuski.ba\/#\/schema\/person\/19fc700381a780f69665d7956c469e3b"},"headline":"Katoli\u010dki biskupi Crne Gore: Od vjernika ne\u0107emo tra\u017eiti covid potvrde, nismo mi policajci","datePublished":"2021-12-03T23:30:06+00:00","dateModified":"2021-12-03T23:30:08+00:00","mainEntityOfPage":{"@id":"https:\/\/radioljubuski.ba\/index.php\/2021\/12\/04\/katolicki-biskupi-crne-gore-od-vjernika-necemo-traziti-covid-potvrde-nismo-mi-policajci\/"},"wordCount":444,"publisher":{"@id":"https:\/\/radioljubuski.ba\/#organization"},"image":{"@id":"https:\/\/radioljubuski.ba\/index.php\/2021\/12\/04\/katolicki-biskupi-crne-gore-od-vjernika-necemo-traziti-covid-potvrde-nismo-mi-policajci\/#primaryimage"},"thumbnailUrl":"https:\/\/radioljubuski.ba\/wp-content\/uploads\/2021\/12\/HN20200209452095-696x462-1.jpg","articleSection":["BIH i regija"],"inLanguage":"hr"},{"@type":"WebPage","@id":"https:\/\/radioljubuski.ba\/index.php\/2021\/12\/04\/katolicki-biskupi-crne-gore-od-vjernika-necemo-traziti-covid-potvrde-nismo-mi-policajci\/","url":"https:\/\/radioljubuski.ba\/index.php\/2021\/12\/04\/katolicki-biskupi-crne-gore-od-vjernika-necemo-traziti-covid-potvrde-nismo-mi-policajci\/","name":"Katoli\u010dki biskupi Crne Gore: Od vjernika ne\u0107emo tra\u017eiti covid potvrde, nismo mi policajci - RADIO LJUBU\u0160KI","isPartOf":{"@id":"https:\/\/radioljubuski.ba\/#website"},"primaryImageOfPage":{"@id":"https:\/\/radioljubuski.ba\/index.php\/2021\/12\/04\/katolicki-biskupi-crne-gore-od-vjernika-necemo-traziti-covid-potvrde-nismo-mi-policajci\/#primaryimage"},"image":{"@id":"https:\/\/radioljubuski.ba\/index.php\/2021\/12\/04\/katolicki-biskupi-crne-gore-od-vjernika-necemo-traziti-covid-potvrde-nismo-mi-policajci\/#primaryimage"},"thumbnailUrl":"https:\/\/radioljubuski.ba\/wp-content\/uploads\/2021\/12\/HN20200209452095-696x462-1.jpg","datePublished":"2021-12-03T23:30:06+00:00","dateModified":"2021-12-03T23:30:08+00:00","breadcrumb":{"@id":"https:\/\/radioljubuski.ba\/index.php\/2021\/12\/04\/katolicki-biskupi-crne-gore-od-vjernika-necemo-traziti-covid-potvrde-nismo-mi-policajci\/#breadcrumb"},"inLanguage":"hr","potentialAction":[{"@type":"ReadAction","target":["https:\/\/radioljubuski.ba\/index.php\/2021\/12\/04\/katolicki-biskupi-crne-gore-od-vjernika-necemo-traziti-covid-potvrde-nismo-mi-policajci\/"]}]},{"@type":"ImageObject","inLanguage":"hr","@id":"https:\/\/radioljubuski.ba\/index.php\/2021\/12\/04\/katolicki-biskupi-crne-gore-od-vjernika-necemo-traziti-covid-potvrde-nismo-mi-policajci\/#primaryimage","url":"https:\/\/radioljubuski.ba\/wp-content\/uploads\/2021\/12\/HN20200209452095-696x462-1.jpg","contentUrl":"https:\/\/radioljubuski.ba\/wp-content\/uploads\/2021\/12\/HN20200209452095-696x462-1.jpg","width":696,"height":462},{"@type":"BreadcrumbList","@id":"https:\/\/radioljubuski.ba\/index.php\/2021\/12\/04\/katolicki-biskupi-crne-gore-od-vjernika-necemo-traziti-covid-potvrde-nismo-mi-policajci\/#breadcrumb","itemListElement":[{"@type":"ListItem","position":1,"name":"Po\u010detna stranica","item":"https:\/\/radioljubuski.ba\/"},{"@type":"ListItem","position":2,"name":"Katoli\u010dki biskupi Crne Gore: Od vjernika ne\u0107emo tra\u017eiti covid potvrde, nismo mi policajci"}]},{"@type":"WebSite","@id":"https:\/\/radioljubuski.ba\/#website","url":"https:\/\/radioljubuski.ba\/","name":"Radio Ljubu\u0161ki","description":"Sun\u010dana frekvencija Hercegovine","publisher":{"@id":"https:\/\/radioljubuski.ba\/#organization"},"potentialAction":[{"@type":"SearchAction","target":{"@type":"EntryPoint","urlTemplate":"https:\/\/radioljubuski.ba\/?s={search_term_string}"},"query-input":{"@type":"PropertyValueSpecification","valueRequired":true,"valueName":"search_term_string"}}],"inLanguage":"hr"},{"@type":"Organization","@id":"https:\/\/radioljubuski.ba\/#organization","name":"Radio Ljubu\u0161ki","url":"https:\/\/radioljubuski.ba\/","logo":{"@type":"ImageObject","inLanguage":"hr","@id":"https:\/\/radioljubuski.ba\/#\/schema\/logo\/image\/","url":"https:\/\/radioljubuski.ba\/wp-content\/uploads\/2021\/02\/cropped-Radio_Ljubuski_logo1.jpg","contentUrl":"https:\/\/radioljubuski.ba\/wp-content\/uploads\/2021\/02\/cropped-Radio_Ljubuski_logo1.jpg","width":512,"height":512,"caption":"Radio Ljubu\u0161ki"},"image":{"@id":"https:\/\/radioljubuski.ba\/#\/schema\/logo\/image\/"},"sameAs":["https:\/\/www.facebook.com\/Radiio-Ljubuski-1490835324566332","https:\/\/x.com\/radioljubuski","https:\/\/hr.linkedin.com\/company\/radio-ljubuski","https:\/\/www.youtube.com\/channel\/UCHYaeO_n0Db3tjNGudGpXyw"]},{"@type":"Person","@id":"https:\/\/radioljubuski.ba\/#\/schema\/person\/19fc700381a780f69665d7956c469e3b","name":"Radio Ljubu\u0161ki"}]}},"_links":{"self":[{"href":"https:\/\/radioljubuski.ba\/index.php\/wp-json\/wp\/v2\/posts\/95743","targetHints":{"allow":["GET"]}}],"collection":[{"href":"https:\/\/radioljubuski.ba\/index.php\/wp-json\/wp\/v2\/posts"}],"about":[{"href":"https:\/\/radioljubuski.ba\/index.php\/wp-json\/wp\/v2\/types\/post"}],"author":[{"embeddable":true,"href":"https:\/\/radioljubuski.ba\/index.php\/wp-json\/wp\/v2\/users\/2"}],"replies":[{"embeddable":true,"href":"https:\/\/radioljubuski.ba\/index.php\/wp-json\/wp\/v2\/comments?post=95743"}],"version-history":[{"count":1,"href":"https:\/\/radioljubuski.ba\/index.php\/wp-json\/wp\/v2\/posts\/95743\/revisions"}],"predecessor-version":[{"id":95745,"href":"https:\/\/radioljubuski.ba\/index.php\/wp-json\/wp\/v2\/posts\/95743\/revisions\/95745"}],"wp:featuredmedia":[{"embeddable":true,"href":"https:\/\/radioljubuski.ba\/index.php\/wp-json\/wp\/v2\/media\/95744"}],"wp:attachment":[{"href":"https:\/\/radioljubuski.ba\/index.php\/wp-json\/wp\/v2\/media?parent=95743"}],"wp:term":[{"taxonomy":"category","embeddable":true,"href":"https:\/\/radioljubuski.ba\/index.php\/wp-json\/wp\/v2\/categories?post=95743"},{"taxonomy":"post_tag","embeddable":true,"href":"https:\/\/radioljubuski.ba\/index.php\/wp-json\/wp\/v2\/tags?post=95743"}],"curies":[{"name":"wp","href":"https:\/\/api.w.org\/{rel}","templated":true}]}}