{"id":95746,"date":"2021-12-04T00:32:07","date_gmt":"2021-12-03T23:32:07","guid":{"rendered":"https:\/\/radioljubuski.ba\/?p=95746"},"modified":"2021-12-04T00:32:09","modified_gmt":"2021-12-03T23:32:09","slug":"caritas-o-tomasevicevom-ukidanju-mjere-roditelj-odgojitelj-ulaganje-u-obitelj-i-djecu-ima-nemjerljivu-vrijednost","status":"publish","type":"post","link":"https:\/\/radioljubuski.ba\/index.php\/2021\/12\/04\/caritas-o-tomasevicevom-ukidanju-mjere-roditelj-odgojitelj-ulaganje-u-obitelj-i-djecu-ima-nemjerljivu-vrijednost\/","title":{"rendered":"Caritas o Toma\u0161evi\u0107evom ukidanju mjere roditelj odgojitelj: \u201cUlaganje u obitelj i djecu ima nemjerljivu vrijednost\u201d"},"content":{"rendered":"\n<p>Na molbu gra\u0111anske inicijative \u201cDjeca su budu\u0107nost\u201d, predsjednik Caritasa Zagreba\u010dke nadbiskupije mons. Zlatko Koren i ravnateljica s. Jelena Lon\u010dar u petak 3. prosinca primili su predstavnice inicijative koje su ih upoznale s problemima i izazovima koje sa sobom nosi najavljeno ukidanje mjere \u201eroditelj-odgojitelj\u201c u Gradu Zagrebu, javlja&nbsp;<a href=\"https:\/\/ika.hkm.hr\/zagrebacka-metropolija\/caritas-zagrebacke-nadbiskupije-podrzava-demografsku-mjeru-roditelj-odgojitelj\/\">IKA<\/a>.<\/p>\n\n\n\n<p>\u201cZagreba\u010dki Caritas se svojim djelovanjem zauzima za izgradnju obiteljskih zajednica kao temeljnih jedinica dru\u0161tva te svojim programima podr\u017eava inicijative demografske obnove Hrvatske. Nadamo se da \u0107e se gradske vlasti prigodom dono\u0161enja kona\u010dne odluke o budu\u0107nosti mjere \u201eroditelj-odgojitelj\u201c voditi razborito\u0161\u0107u i svije\u0161\u0107u da ulaganje u obitelj i djecu ima nemjerljivu vrijednost i zna\u010denje u ionako dramati\u010dnoj demografskoj situaciji u Hrvatskoj. Stoga, razumijevaju\u0107i strahove roditelja-odgojitelja, pozivamo na nastavljanje pregovora da bi se, sukladno financijskim mogu\u0107nostima, na\u0161lo zadovoljavaju\u0107e rje\u0161enje ove te\u0161ko\u0107e te, sukladno priop\u0107enju biskupa Zagreba\u010dke crkvene pokrajine, poti\u010demo gradske vlasti na osjetljivost prema roditeljima i obiteljima kojima je takva pomo\u0107 potrebna\u201d.<\/p>\n\n\n\n<p>\u201cUjedno, nastavno na Deklaraciju \u0160estog hrvatskog socijalnog tjedna, Caritas poziva na nu\u017enost provedbe mjera populacijske politike usmjerenih pobolj\u0161anju demografske slike na podru\u010dju cijele Republike Hrvatske, posebno isti\u010du\u0107i potrebu pove\u0107anja i ujedna\u010davanja iznosa za doplatak za djecu koja ne \u0107e biti uvjetovana financijskim cenzusima obitelji\u201d, navodi se u priop\u0107enju Caritasa Zagreba\u010dke nadbiskupije u petak 3. prosinca.<\/p>\n\n\n\n<p><em>Izvor: narod.hr<\/em><\/p>\n","protected":false},"excerpt":{"rendered":"<p>Na molbu gra\u0111anske inicijative \u201cDjeca su budu\u0107nost\u201d, predsjednik Caritasa Zagreba\u010dke nadbiskupije mons. Zlatko Koren i ravnateljica s. Jelena Lon\u010dar u petak 3. prosinca primili su predstavnice inicijative koje su ih upoznale s problemima i izazovima koje sa sobom nosi najavljeno ukidanje mjere \u201eroditelj-odgojitelj\u201c u Gradu Zagrebu, javlja&nbsp;IKA. \u201cZagreba\u010dki Caritas se svojim djelovanjem zauzima za izgradnju [&hellip;]<\/p>\n","protected":false},"author":2,"featured_media":95747,"comment_status":"closed","ping_status":"closed","sticky":false,"template":"","format":"standard","meta":{"h5ap_radio_sources":[],"footnotes":""},"categories":[1],"tags":[],"class_list":["post-95746","post","type-post","status-publish","format-standard","has-post-thumbnail","hentry","category-bihiregija"],"yoast_head":"<!-- This site is optimized with the Yoast SEO plugin v27.4 - https:\/\/yoast.com\/product\/yoast-seo-wordpress\/ -->\n<title>Caritas o Toma\u0161evi\u0107evom ukidanju mjere roditelj odgojitelj: \u201cUlaganje u obitelj i djecu ima nemjerljivu vrijednost\u201d - RADIO LJUBU\u0160KI<\/title>\n<meta name=\"robots\" content=\"index, follow, max-snippet:-1, max-image-preview:large, max-video-preview:-1\" \/>\n<link rel=\"canonical\" href=\"https:\/\/radioljubuski.ba\/index.php\/2021\/12\/04\/caritas-o-tomasevicevom-ukidanju-mjere-roditelj-odgojitelj-ulaganje-u-obitelj-i-djecu-ima-nemjerljivu-vrijednost\/\" \/>\n<meta property=\"og:locale\" content=\"hr_HR\" \/>\n<meta property=\"og:type\" content=\"article\" \/>\n<meta property=\"og:title\" content=\"Caritas o Toma\u0161evi\u0107evom ukidanju mjere roditelj odgojitelj: \u201cUlaganje u obitelj i djecu ima nemjerljivu vrijednost\u201d - RADIO LJUBU\u0160KI\" \/>\n<meta property=\"og:description\" content=\"Na molbu gra\u0111anske inicijative \u201cDjeca su budu\u0107nost\u201d, predsjednik Caritasa Zagreba\u010dke nadbiskupije mons. Zlatko Koren i ravnateljica s. Jelena Lon\u010dar u petak 3. prosinca primili su predstavnice inicijative koje su ih upoznale s problemima i izazovima koje sa sobom nosi najavljeno ukidanje mjere \u201eroditelj-odgojitelj\u201c u Gradu Zagrebu, javlja&nbsp;IKA. \u201cZagreba\u010dki Caritas se svojim djelovanjem zauzima za izgradnju [&hellip;]\" \/>\n<meta property=\"og:url\" content=\"https:\/\/radioljubuski.ba\/index.php\/2021\/12\/04\/caritas-o-tomasevicevom-ukidanju-mjere-roditelj-odgojitelj-ulaganje-u-obitelj-i-djecu-ima-nemjerljivu-vrijednost\/\" \/>\n<meta property=\"og:site_name\" content=\"RADIO LJUBU\u0160KI\" \/>\n<meta property=\"article:publisher\" content=\"https:\/\/www.facebook.com\/Radiio-Ljubuski-1490835324566332\" \/>\n<meta property=\"article:published_time\" content=\"2021-12-03T23:32:07+00:00\" \/>\n<meta property=\"article:modified_time\" content=\"2021-12-03T23:32:09+00:00\" \/>\n<meta property=\"og:image\" content=\"https:\/\/radioljubuski.ba\/wp-content\/uploads\/2021\/12\/caritas-mjera-696x392-1.png\" \/>\n\t<meta property=\"og:image:width\" content=\"696\" \/>\n\t<meta property=\"og:image:height\" content=\"392\" \/>\n\t<meta property=\"og:image:type\" content=\"image\/png\" \/>\n<meta name=\"author\" content=\"Radio Ljubu\u0161ki\" \/>\n<meta name=\"twitter:card\" content=\"summary_large_image\" \/>\n<meta name=\"twitter:creator\" content=\"@radioljubuski\" \/>\n<meta name=\"twitter:site\" content=\"@radioljubuski\" \/>\n<meta name=\"twitter:label1\" content=\"Napisao\/la\" \/>\n\t<meta name=\"twitter:data1\" content=\"Radio Ljubu\u0161ki\" \/>\n\t<meta name=\"twitter:label2\" content=\"Procijenjeno vrijeme \u010ditanja\" \/>\n\t<meta name=\"twitter:data2\" content=\"1 minuta\" \/>\n<script type=\"application\/ld+json\" class=\"yoast-schema-graph\">{\"@context\":\"https:\\\/\\\/schema.org\",\"@graph\":[{\"@type\":\"Article\",\"@id\":\"https:\\\/\\\/radioljubuski.ba\\\/index.php\\\/2021\\\/12\\\/04\\\/caritas-o-tomasevicevom-ukidanju-mjere-roditelj-odgojitelj-ulaganje-u-obitelj-i-djecu-ima-nemjerljivu-vrijednost\\\/#article\",\"isPartOf\":{\"@id\":\"https:\\\/\\\/radioljubuski.ba\\\/index.php\\\/2021\\\/12\\\/04\\\/caritas-o-tomasevicevom-ukidanju-mjere-roditelj-odgojitelj-ulaganje-u-obitelj-i-djecu-ima-nemjerljivu-vrijednost\\\/\"},\"author\":{\"name\":\"Radio Ljubu\u0161ki\",\"@id\":\"https:\\\/\\\/radioljubuski.ba\\\/#\\\/schema\\\/person\\\/19fc700381a780f69665d7956c469e3b\"},\"headline\":\"Caritas o Toma\u0161evi\u0107evom ukidanju mjere roditelj odgojitelj: \u201cUlaganje u obitelj i djecu ima nemjerljivu vrijednost\u201d\",\"datePublished\":\"2021-12-03T23:32:07+00:00\",\"dateModified\":\"2021-12-03T23:32:09+00:00\",\"mainEntityOfPage\":{\"@id\":\"https:\\\/\\\/radioljubuski.ba\\\/index.php\\\/2021\\\/12\\\/04\\\/caritas-o-tomasevicevom-ukidanju-mjere-roditelj-odgojitelj-ulaganje-u-obitelj-i-djecu-ima-nemjerljivu-vrijednost\\\/\"},\"wordCount\":254,\"publisher\":{\"@id\":\"https:\\\/\\\/radioljubuski.ba\\\/#organization\"},\"image\":{\"@id\":\"https:\\\/\\\/radioljubuski.ba\\\/index.php\\\/2021\\\/12\\\/04\\\/caritas-o-tomasevicevom-ukidanju-mjere-roditelj-odgojitelj-ulaganje-u-obitelj-i-djecu-ima-nemjerljivu-vrijednost\\\/#primaryimage\"},\"thumbnailUrl\":\"https:\\\/\\\/radioljubuski.ba\\\/wp-content\\\/uploads\\\/2021\\\/12\\\/caritas-mjera-696x392-1.png\",\"articleSection\":[\"BIH i regija\"],\"inLanguage\":\"hr\"},{\"@type\":\"WebPage\",\"@id\":\"https:\\\/\\\/radioljubuski.ba\\\/index.php\\\/2021\\\/12\\\/04\\\/caritas-o-tomasevicevom-ukidanju-mjere-roditelj-odgojitelj-ulaganje-u-obitelj-i-djecu-ima-nemjerljivu-vrijednost\\\/\",\"url\":\"https:\\\/\\\/radioljubuski.ba\\\/index.php\\\/2021\\\/12\\\/04\\\/caritas-o-tomasevicevom-ukidanju-mjere-roditelj-odgojitelj-ulaganje-u-obitelj-i-djecu-ima-nemjerljivu-vrijednost\\\/\",\"name\":\"Caritas o Toma\u0161evi\u0107evom ukidanju mjere roditelj odgojitelj: \u201cUlaganje u obitelj i djecu ima nemjerljivu vrijednost\u201d - RADIO LJUBU\u0160KI\",\"isPartOf\":{\"@id\":\"https:\\\/\\\/radioljubuski.ba\\\/#website\"},\"primaryImageOfPage\":{\"@id\":\"https:\\\/\\\/radioljubuski.ba\\\/index.php\\\/2021\\\/12\\\/04\\\/caritas-o-tomasevicevom-ukidanju-mjere-roditelj-odgojitelj-ulaganje-u-obitelj-i-djecu-ima-nemjerljivu-vrijednost\\\/#primaryimage\"},\"image\":{\"@id\":\"https:\\\/\\\/radioljubuski.ba\\\/index.php\\\/2021\\\/12\\\/04\\\/caritas-o-tomasevicevom-ukidanju-mjere-roditelj-odgojitelj-ulaganje-u-obitelj-i-djecu-ima-nemjerljivu-vrijednost\\\/#primaryimage\"},\"thumbnailUrl\":\"https:\\\/\\\/radioljubuski.ba\\\/wp-content\\\/uploads\\\/2021\\\/12\\\/caritas-mjera-696x392-1.png\",\"datePublished\":\"2021-12-03T23:32:07+00:00\",\"dateModified\":\"2021-12-03T23:32:09+00:00\",\"breadcrumb\":{\"@id\":\"https:\\\/\\\/radioljubuski.ba\\\/index.php\\\/2021\\\/12\\\/04\\\/caritas-o-tomasevicevom-ukidanju-mjere-roditelj-odgojitelj-ulaganje-u-obitelj-i-djecu-ima-nemjerljivu-vrijednost\\\/#breadcrumb\"},\"inLanguage\":\"hr\",\"potentialAction\":[{\"@type\":\"ReadAction\",\"target\":[\"https:\\\/\\\/radioljubuski.ba\\\/index.php\\\/2021\\\/12\\\/04\\\/caritas-o-tomasevicevom-ukidanju-mjere-roditelj-odgojitelj-ulaganje-u-obitelj-i-djecu-ima-nemjerljivu-vrijednost\\\/\"]}]},{\"@type\":\"ImageObject\",\"inLanguage\":\"hr\",\"@id\":\"https:\\\/\\\/radioljubuski.ba\\\/index.php\\\/2021\\\/12\\\/04\\\/caritas-o-tomasevicevom-ukidanju-mjere-roditelj-odgojitelj-ulaganje-u-obitelj-i-djecu-ima-nemjerljivu-vrijednost\\\/#primaryimage\",\"url\":\"https:\\\/\\\/radioljubuski.ba\\\/wp-content\\\/uploads\\\/2021\\\/12\\\/caritas-mjera-696x392-1.png\",\"contentUrl\":\"https:\\\/\\\/radioljubuski.ba\\\/wp-content\\\/uploads\\\/2021\\\/12\\\/caritas-mjera-696x392-1.png\",\"width\":696,\"height\":392},{\"@type\":\"BreadcrumbList\",\"@id\":\"https:\\\/\\\/radioljubuski.ba\\\/index.php\\\/2021\\\/12\\\/04\\\/caritas-o-tomasevicevom-ukidanju-mjere-roditelj-odgojitelj-ulaganje-u-obitelj-i-djecu-ima-nemjerljivu-vrijednost\\\/#breadcrumb\",\"itemListElement\":[{\"@type\":\"ListItem\",\"position\":1,\"name\":\"Po\u010detna stranica\",\"item\":\"https:\\\/\\\/radioljubuski.ba\\\/\"},{\"@type\":\"ListItem\",\"position\":2,\"name\":\"Caritas o Toma\u0161evi\u0107evom ukidanju mjere roditelj odgojitelj: \u201cUlaganje u obitelj i djecu ima nemjerljivu vrijednost\u201d\"}]},{\"@type\":\"WebSite\",\"@id\":\"https:\\\/\\\/radioljubuski.ba\\\/#website\",\"url\":\"https:\\\/\\\/radioljubuski.ba\\\/\",\"name\":\"Radio Ljubu\u0161ki\",\"description\":\"Sun\u010dana frekvencija Hercegovine\",\"publisher\":{\"@id\":\"https:\\\/\\\/radioljubuski.ba\\\/#organization\"},\"potentialAction\":[{\"@type\":\"SearchAction\",\"target\":{\"@type\":\"EntryPoint\",\"urlTemplate\":\"https:\\\/\\\/radioljubuski.ba\\\/?s={search_term_string}\"},\"query-input\":{\"@type\":\"PropertyValueSpecification\",\"valueRequired\":true,\"valueName\":\"search_term_string\"}}],\"inLanguage\":\"hr\"},{\"@type\":\"Organization\",\"@id\":\"https:\\\/\\\/radioljubuski.ba\\\/#organization\",\"name\":\"Radio Ljubu\u0161ki\",\"url\":\"https:\\\/\\\/radioljubuski.ba\\\/\",\"logo\":{\"@type\":\"ImageObject\",\"inLanguage\":\"hr\",\"@id\":\"https:\\\/\\\/radioljubuski.ba\\\/#\\\/schema\\\/logo\\\/image\\\/\",\"url\":\"https:\\\/\\\/radioljubuski.ba\\\/wp-content\\\/uploads\\\/2021\\\/02\\\/cropped-Radio_Ljubuski_logo1.jpg\",\"contentUrl\":\"https:\\\/\\\/radioljubuski.ba\\\/wp-content\\\/uploads\\\/2021\\\/02\\\/cropped-Radio_Ljubuski_logo1.jpg\",\"width\":512,\"height\":512,\"caption\":\"Radio Ljubu\u0161ki\"},\"image\":{\"@id\":\"https:\\\/\\\/radioljubuski.ba\\\/#\\\/schema\\\/logo\\\/image\\\/\"},\"sameAs\":[\"https:\\\/\\\/www.facebook.com\\\/Radiio-Ljubuski-1490835324566332\",\"https:\\\/\\\/x.com\\\/radioljubuski\",\"https:\\\/\\\/hr.linkedin.com\\\/company\\\/radio-ljubuski\",\"https:\\\/\\\/www.youtube.com\\\/channel\\\/UCHYaeO_n0Db3tjNGudGpXyw\"]},{\"@type\":\"Person\",\"@id\":\"https:\\\/\\\/radioljubuski.ba\\\/#\\\/schema\\\/person\\\/19fc700381a780f69665d7956c469e3b\",\"name\":\"Radio Ljubu\u0161ki\"}]}<\/script>\n<!-- \/ Yoast SEO plugin. -->","yoast_head_json":{"title":"Caritas o Toma\u0161evi\u0107evom ukidanju mjere roditelj odgojitelj: \u201cUlaganje u obitelj i djecu ima nemjerljivu vrijednost\u201d - RADIO LJUBU\u0160KI","robots":{"index":"index","follow":"follow","max-snippet":"max-snippet:-1","max-image-preview":"max-image-preview:large","max-video-preview":"max-video-preview:-1"},"canonical":"https:\/\/radioljubuski.ba\/index.php\/2021\/12\/04\/caritas-o-tomasevicevom-ukidanju-mjere-roditelj-odgojitelj-ulaganje-u-obitelj-i-djecu-ima-nemjerljivu-vrijednost\/","og_locale":"hr_HR","og_type":"article","og_title":"Caritas o Toma\u0161evi\u0107evom ukidanju mjere roditelj odgojitelj: \u201cUlaganje u obitelj i djecu ima nemjerljivu vrijednost\u201d - RADIO LJUBU\u0160KI","og_description":"Na molbu gra\u0111anske inicijative \u201cDjeca su budu\u0107nost\u201d, predsjednik Caritasa Zagreba\u010dke nadbiskupije mons. Zlatko Koren i ravnateljica s. Jelena Lon\u010dar u petak 3. prosinca primili su predstavnice inicijative koje su ih upoznale s problemima i izazovima koje sa sobom nosi najavljeno ukidanje mjere \u201eroditelj-odgojitelj\u201c u Gradu Zagrebu, javlja&nbsp;IKA. \u201cZagreba\u010dki Caritas se svojim djelovanjem zauzima za izgradnju [&hellip;]","og_url":"https:\/\/radioljubuski.ba\/index.php\/2021\/12\/04\/caritas-o-tomasevicevom-ukidanju-mjere-roditelj-odgojitelj-ulaganje-u-obitelj-i-djecu-ima-nemjerljivu-vrijednost\/","og_site_name":"RADIO LJUBU\u0160KI","article_publisher":"https:\/\/www.facebook.com\/Radiio-Ljubuski-1490835324566332","article_published_time":"2021-12-03T23:32:07+00:00","article_modified_time":"2021-12-03T23:32:09+00:00","og_image":[{"width":696,"height":392,"url":"https:\/\/radioljubuski.ba\/wp-content\/uploads\/2021\/12\/caritas-mjera-696x392-1.png","type":"image\/png"}],"author":"Radio Ljubu\u0161ki","twitter_card":"summary_large_image","twitter_creator":"@radioljubuski","twitter_site":"@radioljubuski","twitter_misc":{"Napisao\/la":"Radio Ljubu\u0161ki","Procijenjeno vrijeme \u010ditanja":"1 minuta"},"schema":{"@context":"https:\/\/schema.org","@graph":[{"@type":"Article","@id":"https:\/\/radioljubuski.ba\/index.php\/2021\/12\/04\/caritas-o-tomasevicevom-ukidanju-mjere-roditelj-odgojitelj-ulaganje-u-obitelj-i-djecu-ima-nemjerljivu-vrijednost\/#article","isPartOf":{"@id":"https:\/\/radioljubuski.ba\/index.php\/2021\/12\/04\/caritas-o-tomasevicevom-ukidanju-mjere-roditelj-odgojitelj-ulaganje-u-obitelj-i-djecu-ima-nemjerljivu-vrijednost\/"},"author":{"name":"Radio Ljubu\u0161ki","@id":"https:\/\/radioljubuski.ba\/#\/schema\/person\/19fc700381a780f69665d7956c469e3b"},"headline":"Caritas o Toma\u0161evi\u0107evom ukidanju mjere roditelj odgojitelj: \u201cUlaganje u obitelj i djecu ima nemjerljivu vrijednost\u201d","datePublished":"2021-12-03T23:32:07+00:00","dateModified":"2021-12-03T23:32:09+00:00","mainEntityOfPage":{"@id":"https:\/\/radioljubuski.ba\/index.php\/2021\/12\/04\/caritas-o-tomasevicevom-ukidanju-mjere-roditelj-odgojitelj-ulaganje-u-obitelj-i-djecu-ima-nemjerljivu-vrijednost\/"},"wordCount":254,"publisher":{"@id":"https:\/\/radioljubuski.ba\/#organization"},"image":{"@id":"https:\/\/radioljubuski.ba\/index.php\/2021\/12\/04\/caritas-o-tomasevicevom-ukidanju-mjere-roditelj-odgojitelj-ulaganje-u-obitelj-i-djecu-ima-nemjerljivu-vrijednost\/#primaryimage"},"thumbnailUrl":"https:\/\/radioljubuski.ba\/wp-content\/uploads\/2021\/12\/caritas-mjera-696x392-1.png","articleSection":["BIH i regija"],"inLanguage":"hr"},{"@type":"WebPage","@id":"https:\/\/radioljubuski.ba\/index.php\/2021\/12\/04\/caritas-o-tomasevicevom-ukidanju-mjere-roditelj-odgojitelj-ulaganje-u-obitelj-i-djecu-ima-nemjerljivu-vrijednost\/","url":"https:\/\/radioljubuski.ba\/index.php\/2021\/12\/04\/caritas-o-tomasevicevom-ukidanju-mjere-roditelj-odgojitelj-ulaganje-u-obitelj-i-djecu-ima-nemjerljivu-vrijednost\/","name":"Caritas o Toma\u0161evi\u0107evom ukidanju mjere roditelj odgojitelj: \u201cUlaganje u obitelj i djecu ima nemjerljivu vrijednost\u201d - RADIO LJUBU\u0160KI","isPartOf":{"@id":"https:\/\/radioljubuski.ba\/#website"},"primaryImageOfPage":{"@id":"https:\/\/radioljubuski.ba\/index.php\/2021\/12\/04\/caritas-o-tomasevicevom-ukidanju-mjere-roditelj-odgojitelj-ulaganje-u-obitelj-i-djecu-ima-nemjerljivu-vrijednost\/#primaryimage"},"image":{"@id":"https:\/\/radioljubuski.ba\/index.php\/2021\/12\/04\/caritas-o-tomasevicevom-ukidanju-mjere-roditelj-odgojitelj-ulaganje-u-obitelj-i-djecu-ima-nemjerljivu-vrijednost\/#primaryimage"},"thumbnailUrl":"https:\/\/radioljubuski.ba\/wp-content\/uploads\/2021\/12\/caritas-mjera-696x392-1.png","datePublished":"2021-12-03T23:32:07+00:00","dateModified":"2021-12-03T23:32:09+00:00","breadcrumb":{"@id":"https:\/\/radioljubuski.ba\/index.php\/2021\/12\/04\/caritas-o-tomasevicevom-ukidanju-mjere-roditelj-odgojitelj-ulaganje-u-obitelj-i-djecu-ima-nemjerljivu-vrijednost\/#breadcrumb"},"inLanguage":"hr","potentialAction":[{"@type":"ReadAction","target":["https:\/\/radioljubuski.ba\/index.php\/2021\/12\/04\/caritas-o-tomasevicevom-ukidanju-mjere-roditelj-odgojitelj-ulaganje-u-obitelj-i-djecu-ima-nemjerljivu-vrijednost\/"]}]},{"@type":"ImageObject","inLanguage":"hr","@id":"https:\/\/radioljubuski.ba\/index.php\/2021\/12\/04\/caritas-o-tomasevicevom-ukidanju-mjere-roditelj-odgojitelj-ulaganje-u-obitelj-i-djecu-ima-nemjerljivu-vrijednost\/#primaryimage","url":"https:\/\/radioljubuski.ba\/wp-content\/uploads\/2021\/12\/caritas-mjera-696x392-1.png","contentUrl":"https:\/\/radioljubuski.ba\/wp-content\/uploads\/2021\/12\/caritas-mjera-696x392-1.png","width":696,"height":392},{"@type":"BreadcrumbList","@id":"https:\/\/radioljubuski.ba\/index.php\/2021\/12\/04\/caritas-o-tomasevicevom-ukidanju-mjere-roditelj-odgojitelj-ulaganje-u-obitelj-i-djecu-ima-nemjerljivu-vrijednost\/#breadcrumb","itemListElement":[{"@type":"ListItem","position":1,"name":"Po\u010detna stranica","item":"https:\/\/radioljubuski.ba\/"},{"@type":"ListItem","position":2,"name":"Caritas o Toma\u0161evi\u0107evom ukidanju mjere roditelj odgojitelj: \u201cUlaganje u obitelj i djecu ima nemjerljivu vrijednost\u201d"}]},{"@type":"WebSite","@id":"https:\/\/radioljubuski.ba\/#website","url":"https:\/\/radioljubuski.ba\/","name":"Radio Ljubu\u0161ki","description":"Sun\u010dana frekvencija Hercegovine","publisher":{"@id":"https:\/\/radioljubuski.ba\/#organization"},"potentialAction":[{"@type":"SearchAction","target":{"@type":"EntryPoint","urlTemplate":"https:\/\/radioljubuski.ba\/?s={search_term_string}"},"query-input":{"@type":"PropertyValueSpecification","valueRequired":true,"valueName":"search_term_string"}}],"inLanguage":"hr"},{"@type":"Organization","@id":"https:\/\/radioljubuski.ba\/#organization","name":"Radio Ljubu\u0161ki","url":"https:\/\/radioljubuski.ba\/","logo":{"@type":"ImageObject","inLanguage":"hr","@id":"https:\/\/radioljubuski.ba\/#\/schema\/logo\/image\/","url":"https:\/\/radioljubuski.ba\/wp-content\/uploads\/2021\/02\/cropped-Radio_Ljubuski_logo1.jpg","contentUrl":"https:\/\/radioljubuski.ba\/wp-content\/uploads\/2021\/02\/cropped-Radio_Ljubuski_logo1.jpg","width":512,"height":512,"caption":"Radio Ljubu\u0161ki"},"image":{"@id":"https:\/\/radioljubuski.ba\/#\/schema\/logo\/image\/"},"sameAs":["https:\/\/www.facebook.com\/Radiio-Ljubuski-1490835324566332","https:\/\/x.com\/radioljubuski","https:\/\/hr.linkedin.com\/company\/radio-ljubuski","https:\/\/www.youtube.com\/channel\/UCHYaeO_n0Db3tjNGudGpXyw"]},{"@type":"Person","@id":"https:\/\/radioljubuski.ba\/#\/schema\/person\/19fc700381a780f69665d7956c469e3b","name":"Radio Ljubu\u0161ki"}]}},"_links":{"self":[{"href":"https:\/\/radioljubuski.ba\/index.php\/wp-json\/wp\/v2\/posts\/95746","targetHints":{"allow":["GET"]}}],"collection":[{"href":"https:\/\/radioljubuski.ba\/index.php\/wp-json\/wp\/v2\/posts"}],"about":[{"href":"https:\/\/radioljubuski.ba\/index.php\/wp-json\/wp\/v2\/types\/post"}],"author":[{"embeddable":true,"href":"https:\/\/radioljubuski.ba\/index.php\/wp-json\/wp\/v2\/users\/2"}],"replies":[{"embeddable":true,"href":"https:\/\/radioljubuski.ba\/index.php\/wp-json\/wp\/v2\/comments?post=95746"}],"version-history":[{"count":1,"href":"https:\/\/radioljubuski.ba\/index.php\/wp-json\/wp\/v2\/posts\/95746\/revisions"}],"predecessor-version":[{"id":95748,"href":"https:\/\/radioljubuski.ba\/index.php\/wp-json\/wp\/v2\/posts\/95746\/revisions\/95748"}],"wp:featuredmedia":[{"embeddable":true,"href":"https:\/\/radioljubuski.ba\/index.php\/wp-json\/wp\/v2\/media\/95747"}],"wp:attachment":[{"href":"https:\/\/radioljubuski.ba\/index.php\/wp-json\/wp\/v2\/media?parent=95746"}],"wp:term":[{"taxonomy":"category","embeddable":true,"href":"https:\/\/radioljubuski.ba\/index.php\/wp-json\/wp\/v2\/categories?post=95746"},{"taxonomy":"post_tag","embeddable":true,"href":"https:\/\/radioljubuski.ba\/index.php\/wp-json\/wp\/v2\/tags?post=95746"}],"curies":[{"name":"wp","href":"https:\/\/api.w.org\/{rel}","templated":true}]}}