{"id":95752,"date":"2021-12-04T09:45:19","date_gmt":"2021-12-04T08:45:19","guid":{"rendered":"https:\/\/radioljubuski.ba\/?p=95752"},"modified":"2021-12-05T15:30:09","modified_gmt":"2021-12-05T14:30:09","slug":"kravica-poslije-kise-u-svoj-svojoj-snazi-i-ljepoti","status":"publish","type":"post","link":"https:\/\/radioljubuski.ba\/index.php\/2021\/12\/04\/kravica-poslije-kise-u-svoj-svojoj-snazi-i-ljepoti\/","title":{"rendered":"Kravica poslije ki\u0161e u svoj svojoj snazi i ljepoti"},"content":{"rendered":"\n<p>Ki\u0161e koje su padale posljednjih dana izazvale su velike probleme na podru\u010dju Grada Ljubu\u0161kog, od \u0160ipova\u010de na zapadu pa do vodopada Kravica na jugoistoku.<\/p>\n\n\n\n<p>Jutros je na\u0161 objektiv \u201euhvatio\u201c nekoliko prizora pred kojima zastaje dah. Kako mi je jo\u0161 sino\u0107 rekao I\u0107e (Vuk\u0161i\u0107) voda je toliko \u201enado\u0161la\u201c da je po\u010dela zapljuskivati gornju terasu grila Sedra. Iako je jutros vodostaj za dvadesetak centimetara manji ipak su vidljivi tragovi vodene stihije.<\/p>\n\n\n\n<p>Iznad vodopada voda se izlila na put na krivini-okreti\u0161tu, a \u0161tetu je napravila na mlinicama. Probijen je improvizirani nasip iznad mlinica i voda je probila u unutra\u0161njost.<\/p>\n\n\n\n<p>\u201ePar godina sam prolivao \u201ekrvav znoj\u201c da o\u010distim kanale i za\u0161titim mlinice. Me\u0111utim, neodgovorni turisti su vremenom izbacuju\u0107i kamen i zemlju o\u0161tetili nasip koji je popustio pred silinom vode. Sre\u0107om, nije uni\u0161tio vrata\u201c pomalo rezignirano ka\u017ee I\u0107e.<\/p>\n\n\n\n<p>Ugostiteljski objekti koji su radili ljetos su pod vodom, a jo\u0161 se dr\u017ei \u201eSedra\u201c iako je voda no\u0107as bila i na gornjoj terasi, ali se jutros povukla. U Sedri je stradao \u201eljetnji \u0161ank\u201c, a da li je bilo i druge \u0161tete vidjet \u0107e se kad se voda povu\u010de.<\/p>\n\n\n\n<p>Pogledajte nekoliko jutro\u0161njih kadrova s vodopada Kravice.<\/p>\n\n\n\n<figure class=\"wp-block-gallery columns-3 is-cropped wp-block-gallery-1 is-layout-flex wp-block-gallery-is-layout-flex\"><ul class=\"blocks-gallery-grid\"><li class=\"blocks-gallery-item\"><figure><img loading=\"lazy\" decoding=\"async\" width=\"1024\" height=\"683\" src=\"https:\/\/radioljubuski.ba\/wp-content\/uploads\/2021\/12\/IMG_0005.jpg\" alt=\"\" data-id=\"95753\" data-full-url=\"https:\/\/radioljubuski.ba\/wp-content\/uploads\/2021\/12\/IMG_0005.jpg\" data-link=\"https:\/\/radioljubuski.ba\/?attachment_id=95753\" class=\"wp-image-95753\" srcset=\"https:\/\/radioljubuski.ba\/wp-content\/uploads\/2021\/12\/IMG_0005.jpg 1024w, https:\/\/radioljubuski.ba\/wp-content\/uploads\/2021\/12\/IMG_0005-300x200.jpg 300w, https:\/\/radioljubuski.ba\/wp-content\/uploads\/2021\/12\/IMG_0005-768x512.jpg 768w, https:\/\/radioljubuski.ba\/wp-content\/uploads\/2021\/12\/IMG_0005-18x12.jpg 18w\" sizes=\"auto, (max-width: 1024px) 100vw, 1024px\" \/><\/figure><\/li><li class=\"blocks-gallery-item\"><figure><img loading=\"lazy\" decoding=\"async\" width=\"1024\" height=\"683\" src=\"https:\/\/radioljubuski.ba\/wp-content\/uploads\/2021\/12\/IMG_0006.jpg\" alt=\"\" data-id=\"95754\" data-full-url=\"https:\/\/radioljubuski.ba\/wp-content\/uploads\/2021\/12\/IMG_0006.jpg\" data-link=\"https:\/\/radioljubuski.ba\/?attachment_id=95754\" class=\"wp-image-95754\" srcset=\"https:\/\/radioljubuski.ba\/wp-content\/uploads\/2021\/12\/IMG_0006.jpg 1024w, https:\/\/radioljubuski.ba\/wp-content\/uploads\/2021\/12\/IMG_0006-300x200.jpg 300w, https:\/\/radioljubuski.ba\/wp-content\/uploads\/2021\/12\/IMG_0006-768x512.jpg 768w, https:\/\/radioljubuski.ba\/wp-content\/uploads\/2021\/12\/IMG_0006-18x12.jpg 18w\" sizes=\"auto, (max-width: 1024px) 100vw, 1024px\" \/><\/figure><\/li><li class=\"blocks-gallery-item\"><figure><img loading=\"lazy\" decoding=\"async\" width=\"1024\" height=\"683\" src=\"https:\/\/radioljubuski.ba\/wp-content\/uploads\/2021\/12\/IMG_0007.jpg\" alt=\"\" data-id=\"95755\" data-full-url=\"https:\/\/radioljubuski.ba\/wp-content\/uploads\/2021\/12\/IMG_0007.jpg\" data-link=\"https:\/\/radioljubuski.ba\/?attachment_id=95755\" class=\"wp-image-95755\" srcset=\"https:\/\/radioljubuski.ba\/wp-content\/uploads\/2021\/12\/IMG_0007.jpg 1024w, https:\/\/radioljubuski.ba\/wp-content\/uploads\/2021\/12\/IMG_0007-300x200.jpg 300w, https:\/\/radioljubuski.ba\/wp-content\/uploads\/2021\/12\/IMG_0007-768x512.jpg 768w, https:\/\/radioljubuski.ba\/wp-content\/uploads\/2021\/12\/IMG_0007-18x12.jpg 18w\" sizes=\"auto, (max-width: 1024px) 100vw, 1024px\" \/><\/figure><\/li><li class=\"blocks-gallery-item\"><figure><img loading=\"lazy\" decoding=\"async\" width=\"1024\" height=\"683\" src=\"https:\/\/radioljubuski.ba\/wp-content\/uploads\/2021\/12\/IMG_0012.jpg\" alt=\"\" data-id=\"95756\" data-full-url=\"https:\/\/radioljubuski.ba\/wp-content\/uploads\/2021\/12\/IMG_0012.jpg\" data-link=\"https:\/\/radioljubuski.ba\/?attachment_id=95756\" class=\"wp-image-95756\" srcset=\"https:\/\/radioljubuski.ba\/wp-content\/uploads\/2021\/12\/IMG_0012.jpg 1024w, https:\/\/radioljubuski.ba\/wp-content\/uploads\/2021\/12\/IMG_0012-300x200.jpg 300w, https:\/\/radioljubuski.ba\/wp-content\/uploads\/2021\/12\/IMG_0012-768x512.jpg 768w, https:\/\/radioljubuski.ba\/wp-content\/uploads\/2021\/12\/IMG_0012-18x12.jpg 18w\" sizes=\"auto, (max-width: 1024px) 100vw, 1024px\" \/><\/figure><\/li><li class=\"blocks-gallery-item\"><figure><img loading=\"lazy\" decoding=\"async\" width=\"1024\" height=\"683\" src=\"https:\/\/radioljubuski.ba\/wp-content\/uploads\/2021\/12\/IMG_0014.jpg\" alt=\"\" data-id=\"95757\" data-full-url=\"https:\/\/radioljubuski.ba\/wp-content\/uploads\/2021\/12\/IMG_0014.jpg\" data-link=\"https:\/\/radioljubuski.ba\/?attachment_id=95757\" class=\"wp-image-95757\" srcset=\"https:\/\/radioljubuski.ba\/wp-content\/uploads\/2021\/12\/IMG_0014.jpg 1024w, https:\/\/radioljubuski.ba\/wp-content\/uploads\/2021\/12\/IMG_0014-300x200.jpg 300w, https:\/\/radioljubuski.ba\/wp-content\/uploads\/2021\/12\/IMG_0014-768x512.jpg 768w, https:\/\/radioljubuski.ba\/wp-content\/uploads\/2021\/12\/IMG_0014-18x12.jpg 18w\" sizes=\"auto, (max-width: 1024px) 100vw, 1024px\" \/><\/figure><\/li><li class=\"blocks-gallery-item\"><figure><img loading=\"lazy\" decoding=\"async\" width=\"1024\" height=\"683\" src=\"https:\/\/radioljubuski.ba\/wp-content\/uploads\/2021\/12\/IMG_0018.jpg\" alt=\"\" data-id=\"95758\" data-full-url=\"https:\/\/radioljubuski.ba\/wp-content\/uploads\/2021\/12\/IMG_0018.jpg\" data-link=\"https:\/\/radioljubuski.ba\/?attachment_id=95758\" class=\"wp-image-95758\" srcset=\"https:\/\/radioljubuski.ba\/wp-content\/uploads\/2021\/12\/IMG_0018.jpg 1024w, https:\/\/radioljubuski.ba\/wp-content\/uploads\/2021\/12\/IMG_0018-300x200.jpg 300w, https:\/\/radioljubuski.ba\/wp-content\/uploads\/2021\/12\/IMG_0018-768x512.jpg 768w, https:\/\/radioljubuski.ba\/wp-content\/uploads\/2021\/12\/IMG_0018-18x12.jpg 18w\" sizes=\"auto, (max-width: 1024px) 100vw, 1024px\" \/><\/figure><\/li><li class=\"blocks-gallery-item\"><figure><img loading=\"lazy\" decoding=\"async\" width=\"1024\" height=\"683\" src=\"https:\/\/radioljubuski.ba\/wp-content\/uploads\/2021\/12\/IMG_0019.jpg\" alt=\"\" data-id=\"95759\" data-full-url=\"https:\/\/radioljubuski.ba\/wp-content\/uploads\/2021\/12\/IMG_0019.jpg\" data-link=\"https:\/\/radioljubuski.ba\/?attachment_id=95759\" class=\"wp-image-95759\" srcset=\"https:\/\/radioljubuski.ba\/wp-content\/uploads\/2021\/12\/IMG_0019.jpg 1024w, https:\/\/radioljubuski.ba\/wp-content\/uploads\/2021\/12\/IMG_0019-300x200.jpg 300w, https:\/\/radioljubuski.ba\/wp-content\/uploads\/2021\/12\/IMG_0019-768x512.jpg 768w, https:\/\/radioljubuski.ba\/wp-content\/uploads\/2021\/12\/IMG_0019-18x12.jpg 18w\" sizes=\"auto, (max-width: 1024px) 100vw, 1024px\" \/><\/figure><\/li><li class=\"blocks-gallery-item\"><figure><img loading=\"lazy\" decoding=\"async\" width=\"1024\" height=\"683\" src=\"https:\/\/radioljubuski.ba\/wp-content\/uploads\/2021\/12\/IMG_0023.jpg\" alt=\"\" data-id=\"95760\" data-full-url=\"https:\/\/radioljubuski.ba\/wp-content\/uploads\/2021\/12\/IMG_0023.jpg\" data-link=\"https:\/\/radioljubuski.ba\/?attachment_id=95760\" class=\"wp-image-95760\" srcset=\"https:\/\/radioljubuski.ba\/wp-content\/uploads\/2021\/12\/IMG_0023.jpg 1024w, https:\/\/radioljubuski.ba\/wp-content\/uploads\/2021\/12\/IMG_0023-300x200.jpg 300w, https:\/\/radioljubuski.ba\/wp-content\/uploads\/2021\/12\/IMG_0023-768x512.jpg 768w, https:\/\/radioljubuski.ba\/wp-content\/uploads\/2021\/12\/IMG_0023-18x12.jpg 18w\" sizes=\"auto, (max-width: 1024px) 100vw, 1024px\" \/><\/figure><\/li><li class=\"blocks-gallery-item\"><figure><img loading=\"lazy\" decoding=\"async\" width=\"1024\" height=\"683\" src=\"https:\/\/radioljubuski.ba\/wp-content\/uploads\/2021\/12\/IMG_0026.jpg\" alt=\"\" data-id=\"95761\" data-full-url=\"https:\/\/radioljubuski.ba\/wp-content\/uploads\/2021\/12\/IMG_0026.jpg\" data-link=\"https:\/\/radioljubuski.ba\/?attachment_id=95761\" class=\"wp-image-95761\" srcset=\"https:\/\/radioljubuski.ba\/wp-content\/uploads\/2021\/12\/IMG_0026.jpg 1024w, https:\/\/radioljubuski.ba\/wp-content\/uploads\/2021\/12\/IMG_0026-300x200.jpg 300w, https:\/\/radioljubuski.ba\/wp-content\/uploads\/2021\/12\/IMG_0026-768x512.jpg 768w, https:\/\/radioljubuski.ba\/wp-content\/uploads\/2021\/12\/IMG_0026-18x12.jpg 18w\" sizes=\"auto, (max-width: 1024px) 100vw, 1024px\" \/><\/figure><\/li><li class=\"blocks-gallery-item\"><figure><img loading=\"lazy\" decoding=\"async\" width=\"1024\" height=\"683\" src=\"https:\/\/radioljubuski.ba\/wp-content\/uploads\/2021\/12\/IMG_0028.jpg\" alt=\"\" data-id=\"95762\" data-full-url=\"https:\/\/radioljubuski.ba\/wp-content\/uploads\/2021\/12\/IMG_0028.jpg\" data-link=\"https:\/\/radioljubuski.ba\/?attachment_id=95762\" class=\"wp-image-95762\" srcset=\"https:\/\/radioljubuski.ba\/wp-content\/uploads\/2021\/12\/IMG_0028.jpg 1024w, https:\/\/radioljubuski.ba\/wp-content\/uploads\/2021\/12\/IMG_0028-300x200.jpg 300w, https:\/\/radioljubuski.ba\/wp-content\/uploads\/2021\/12\/IMG_0028-768x512.jpg 768w, https:\/\/radioljubuski.ba\/wp-content\/uploads\/2021\/12\/IMG_0028-18x12.jpg 18w\" sizes=\"auto, (max-width: 1024px) 100vw, 1024px\" \/><\/figure><\/li><li class=\"blocks-gallery-item\"><figure><img loading=\"lazy\" decoding=\"async\" width=\"1024\" height=\"683\" src=\"https:\/\/radioljubuski.ba\/wp-content\/uploads\/2021\/12\/IMG_0031.jpg\" alt=\"\" data-id=\"95763\" data-full-url=\"https:\/\/radioljubuski.ba\/wp-content\/uploads\/2021\/12\/IMG_0031.jpg\" data-link=\"https:\/\/radioljubuski.ba\/?attachment_id=95763\" class=\"wp-image-95763\" srcset=\"https:\/\/radioljubuski.ba\/wp-content\/uploads\/2021\/12\/IMG_0031.jpg 1024w, https:\/\/radioljubuski.ba\/wp-content\/uploads\/2021\/12\/IMG_0031-300x200.jpg 300w, https:\/\/radioljubuski.ba\/wp-content\/uploads\/2021\/12\/IMG_0031-768x512.jpg 768w, https:\/\/radioljubuski.ba\/wp-content\/uploads\/2021\/12\/IMG_0031-18x12.jpg 18w\" sizes=\"auto, (max-width: 1024px) 100vw, 1024px\" \/><\/figure><\/li><li class=\"blocks-gallery-item\"><figure><img loading=\"lazy\" decoding=\"async\" width=\"1024\" height=\"683\" src=\"https:\/\/radioljubuski.ba\/wp-content\/uploads\/2021\/12\/IMG_0033.jpg\" alt=\"\" data-id=\"95764\" data-full-url=\"https:\/\/radioljubuski.ba\/wp-content\/uploads\/2021\/12\/IMG_0033.jpg\" data-link=\"https:\/\/radioljubuski.ba\/?attachment_id=95764\" class=\"wp-image-95764\" srcset=\"https:\/\/radioljubuski.ba\/wp-content\/uploads\/2021\/12\/IMG_0033.jpg 1024w, https:\/\/radioljubuski.ba\/wp-content\/uploads\/2021\/12\/IMG_0033-300x200.jpg 300w, https:\/\/radioljubuski.ba\/wp-content\/uploads\/2021\/12\/IMG_0033-768x512.jpg 768w, https:\/\/radioljubuski.ba\/wp-content\/uploads\/2021\/12\/IMG_0033-18x12.jpg 18w\" sizes=\"auto, (max-width: 1024px) 100vw, 1024px\" \/><\/figure><\/li><li class=\"blocks-gallery-item\"><figure><img loading=\"lazy\" decoding=\"async\" width=\"1024\" height=\"683\" src=\"https:\/\/radioljubuski.ba\/wp-content\/uploads\/2021\/12\/IMG_0035.jpg\" alt=\"\" data-id=\"95765\" data-full-url=\"https:\/\/radioljubuski.ba\/wp-content\/uploads\/2021\/12\/IMG_0035.jpg\" data-link=\"https:\/\/radioljubuski.ba\/?attachment_id=95765\" class=\"wp-image-95765\" srcset=\"https:\/\/radioljubuski.ba\/wp-content\/uploads\/2021\/12\/IMG_0035.jpg 1024w, https:\/\/radioljubuski.ba\/wp-content\/uploads\/2021\/12\/IMG_0035-300x200.jpg 300w, https:\/\/radioljubuski.ba\/wp-content\/uploads\/2021\/12\/IMG_0035-768x512.jpg 768w, https:\/\/radioljubuski.ba\/wp-content\/uploads\/2021\/12\/IMG_0035-18x12.jpg 18w\" sizes=\"auto, (max-width: 1024px) 100vw, 1024px\" \/><\/figure><\/li><li class=\"blocks-gallery-item\"><figure><img loading=\"lazy\" decoding=\"async\" width=\"683\" height=\"1024\" src=\"https:\/\/radioljubuski.ba\/wp-content\/uploads\/2021\/12\/IMG_0037.jpg\" alt=\"\" data-id=\"95766\" data-full-url=\"https:\/\/radioljubuski.ba\/wp-content\/uploads\/2021\/12\/IMG_0037.jpg\" data-link=\"https:\/\/radioljubuski.ba\/?attachment_id=95766\" class=\"wp-image-95766\" srcset=\"https:\/\/radioljubuski.ba\/wp-content\/uploads\/2021\/12\/IMG_0037.jpg 683w, https:\/\/radioljubuski.ba\/wp-content\/uploads\/2021\/12\/IMG_0037-200x300.jpg 200w, https:\/\/radioljubuski.ba\/wp-content\/uploads\/2021\/12\/IMG_0037-8x12.jpg 8w\" sizes=\"auto, (max-width: 683px) 100vw, 683px\" \/><\/figure><\/li><li class=\"blocks-gallery-item\"><figure><img loading=\"lazy\" decoding=\"async\" width=\"683\" height=\"1024\" src=\"https:\/\/radioljubuski.ba\/wp-content\/uploads\/2021\/12\/IMG_0039.jpg\" alt=\"\" data-id=\"95767\" data-full-url=\"https:\/\/radioljubuski.ba\/wp-content\/uploads\/2021\/12\/IMG_0039.jpg\" data-link=\"https:\/\/radioljubuski.ba\/?attachment_id=95767\" class=\"wp-image-95767\" srcset=\"https:\/\/radioljubuski.ba\/wp-content\/uploads\/2021\/12\/IMG_0039.jpg 683w, https:\/\/radioljubuski.ba\/wp-content\/uploads\/2021\/12\/IMG_0039-200x300.jpg 200w, https:\/\/radioljubuski.ba\/wp-content\/uploads\/2021\/12\/IMG_0039-8x12.jpg 8w\" sizes=\"auto, (max-width: 683px) 100vw, 683px\" \/><\/figure><\/li><li class=\"blocks-gallery-item\"><figure><img loading=\"lazy\" decoding=\"async\" width=\"1024\" height=\"683\" src=\"https:\/\/radioljubuski.ba\/wp-content\/uploads\/2021\/12\/IMG_0042.jpg\" alt=\"\" data-id=\"95768\" data-full-url=\"https:\/\/radioljubuski.ba\/wp-content\/uploads\/2021\/12\/IMG_0042.jpg\" data-link=\"https:\/\/radioljubuski.ba\/?attachment_id=95768\" class=\"wp-image-95768\" srcset=\"https:\/\/radioljubuski.ba\/wp-content\/uploads\/2021\/12\/IMG_0042.jpg 1024w, https:\/\/radioljubuski.ba\/wp-content\/uploads\/2021\/12\/IMG_0042-300x200.jpg 300w, https:\/\/radioljubuski.ba\/wp-content\/uploads\/2021\/12\/IMG_0042-768x512.jpg 768w, https:\/\/radioljubuski.ba\/wp-content\/uploads\/2021\/12\/IMG_0042-18x12.jpg 18w\" sizes=\"auto, (max-width: 1024px) 100vw, 1024px\" \/><\/figure><\/li><li class=\"blocks-gallery-item\"><figure><img loading=\"lazy\" decoding=\"async\" width=\"1024\" height=\"683\" src=\"https:\/\/radioljubuski.ba\/wp-content\/uploads\/2021\/12\/IMG_0044.jpg\" alt=\"\" data-id=\"95769\" data-full-url=\"https:\/\/radioljubuski.ba\/wp-content\/uploads\/2021\/12\/IMG_0044.jpg\" data-link=\"https:\/\/radioljubuski.ba\/?attachment_id=95769\" class=\"wp-image-95769\" srcset=\"https:\/\/radioljubuski.ba\/wp-content\/uploads\/2021\/12\/IMG_0044.jpg 1024w, https:\/\/radioljubuski.ba\/wp-content\/uploads\/2021\/12\/IMG_0044-300x200.jpg 300w, https:\/\/radioljubuski.ba\/wp-content\/uploads\/2021\/12\/IMG_0044-768x512.jpg 768w, https:\/\/radioljubuski.ba\/wp-content\/uploads\/2021\/12\/IMG_0044-18x12.jpg 18w\" sizes=\"auto, (max-width: 1024px) 100vw, 1024px\" \/><\/figure><\/li><li class=\"blocks-gallery-item\"><figure><img loading=\"lazy\" decoding=\"async\" width=\"1024\" height=\"683\" src=\"https:\/\/radioljubuski.ba\/wp-content\/uploads\/2021\/12\/IMG_0047.jpg\" alt=\"\" data-id=\"95770\" data-full-url=\"https:\/\/radioljubuski.ba\/wp-content\/uploads\/2021\/12\/IMG_0047.jpg\" data-link=\"https:\/\/radioljubuski.ba\/?attachment_id=95770\" class=\"wp-image-95770\" srcset=\"https:\/\/radioljubuski.ba\/wp-content\/uploads\/2021\/12\/IMG_0047.jpg 1024w, https:\/\/radioljubuski.ba\/wp-content\/uploads\/2021\/12\/IMG_0047-300x200.jpg 300w, https:\/\/radioljubuski.ba\/wp-content\/uploads\/2021\/12\/IMG_0047-768x512.jpg 768w, https:\/\/radioljubuski.ba\/wp-content\/uploads\/2021\/12\/IMG_0047-18x12.jpg 18w\" sizes=\"auto, (max-width: 1024px) 100vw, 1024px\" \/><\/figure><\/li><\/ul><\/figure>\n\n\n\n<p>M.Kraljevi\u0107\/Radio Ljubu\u0161ki<\/p>\n","protected":false},"excerpt":{"rendered":"<p>Ki\u0161e koje su padale posljednjih dana izazvale su velike probleme na podru\u010dju Grada Ljubu\u0161kog, od \u0160ipova\u010de na zapadu pa do vodopada Kravica na jugoistoku. Jutros je na\u0161 objektiv \u201euhvatio\u201c nekoliko prizora pred kojima zastaje dah. Kako mi je jo\u0161 sino\u0107 rekao I\u0107e (Vuk\u0161i\u0107) voda je toliko \u201enado\u0161la\u201c da je po\u010dela zapljuskivati gornju terasu grila Sedra. [&hellip;]<\/p>\n","protected":false},"author":2,"featured_media":95762,"comment_status":"closed","ping_status":"closed","sticky":false,"template":"","format":"standard","meta":{"h5ap_radio_sources":[],"footnotes":""},"categories":[3],"tags":[],"class_list":["post-95752","post","type-post","status-publish","format-standard","has-post-thumbnail","hentry","category-ljubuski"],"yoast_head":"<!-- This site is optimized with the Yoast SEO plugin v27.5 - https:\/\/yoast.com\/product\/yoast-seo-wordpress\/ -->\n<title>Kravica poslije ki\u0161e u svoj svojoj snazi i ljepoti - RADIO LJUBU\u0160KI<\/title>\n<meta name=\"robots\" content=\"index, follow, max-snippet:-1, max-image-preview:large, max-video-preview:-1\" \/>\n<link rel=\"canonical\" href=\"https:\/\/radioljubuski.ba\/index.php\/2021\/12\/04\/kravica-poslije-kise-u-svoj-svojoj-snazi-i-ljepoti\/\" \/>\n<meta property=\"og:locale\" content=\"hr_HR\" \/>\n<meta property=\"og:type\" content=\"article\" \/>\n<meta property=\"og:title\" content=\"Kravica poslije ki\u0161e u svoj svojoj snazi i ljepoti - RADIO LJUBU\u0160KI\" \/>\n<meta property=\"og:description\" content=\"Ki\u0161e koje su padale posljednjih dana izazvale su velike probleme na podru\u010dju Grada Ljubu\u0161kog, od \u0160ipova\u010de na zapadu pa do vodopada Kravica na jugoistoku. Jutros je na\u0161 objektiv \u201euhvatio\u201c nekoliko prizora pred kojima zastaje dah. Kako mi je jo\u0161 sino\u0107 rekao I\u0107e (Vuk\u0161i\u0107) voda je toliko \u201enado\u0161la\u201c da je po\u010dela zapljuskivati gornju terasu grila Sedra. [&hellip;]\" \/>\n<meta property=\"og:url\" content=\"https:\/\/radioljubuski.ba\/index.php\/2021\/12\/04\/kravica-poslije-kise-u-svoj-svojoj-snazi-i-ljepoti\/\" \/>\n<meta property=\"og:site_name\" content=\"RADIO LJUBU\u0160KI\" \/>\n<meta property=\"article:publisher\" content=\"https:\/\/www.facebook.com\/Radiio-Ljubuski-1490835324566332\" \/>\n<meta property=\"article:published_time\" content=\"2021-12-04T08:45:19+00:00\" \/>\n<meta property=\"article:modified_time\" content=\"2021-12-05T14:30:09+00:00\" \/>\n<meta property=\"og:image\" content=\"https:\/\/radioljubuski.ba\/wp-content\/uploads\/2021\/12\/IMG_0028.jpg\" \/>\n\t<meta property=\"og:image:width\" content=\"1024\" \/>\n\t<meta property=\"og:image:height\" content=\"683\" \/>\n\t<meta property=\"og:image:type\" content=\"image\/jpeg\" \/>\n<meta name=\"author\" content=\"Radio Ljubu\u0161ki\" \/>\n<meta name=\"twitter:card\" content=\"summary_large_image\" \/>\n<meta name=\"twitter:creator\" content=\"@radioljubuski\" \/>\n<meta name=\"twitter:site\" content=\"@radioljubuski\" \/>\n<meta name=\"twitter:label1\" content=\"Napisao\/la\" \/>\n\t<meta name=\"twitter:data1\" content=\"Radio Ljubu\u0161ki\" \/>\n\t<meta name=\"twitter:label2\" content=\"Procijenjeno vrijeme \u010ditanja\" \/>\n\t<meta name=\"twitter:data2\" content=\"5 minuta\" \/>\n<script type=\"application\/ld+json\" class=\"yoast-schema-graph\">{\"@context\":\"https:\\\/\\\/schema.org\",\"@graph\":[{\"@type\":\"Article\",\"@id\":\"https:\\\/\\\/radioljubuski.ba\\\/index.php\\\/2021\\\/12\\\/04\\\/kravica-poslije-kise-u-svoj-svojoj-snazi-i-ljepoti\\\/#article\",\"isPartOf\":{\"@id\":\"https:\\\/\\\/radioljubuski.ba\\\/index.php\\\/2021\\\/12\\\/04\\\/kravica-poslije-kise-u-svoj-svojoj-snazi-i-ljepoti\\\/\"},\"author\":{\"name\":\"Radio Ljubu\u0161ki\",\"@id\":\"https:\\\/\\\/radioljubuski.ba\\\/#\\\/schema\\\/person\\\/19fc700381a780f69665d7956c469e3b\"},\"headline\":\"Kravica poslije ki\u0161e u svoj svojoj snazi i ljepoti\",\"datePublished\":\"2021-12-04T08:45:19+00:00\",\"dateModified\":\"2021-12-05T14:30:09+00:00\",\"mainEntityOfPage\":{\"@id\":\"https:\\\/\\\/radioljubuski.ba\\\/index.php\\\/2021\\\/12\\\/04\\\/kravica-poslije-kise-u-svoj-svojoj-snazi-i-ljepoti\\\/\"},\"wordCount\":226,\"publisher\":{\"@id\":\"https:\\\/\\\/radioljubuski.ba\\\/#organization\"},\"image\":{\"@id\":\"https:\\\/\\\/radioljubuski.ba\\\/index.php\\\/2021\\\/12\\\/04\\\/kravica-poslije-kise-u-svoj-svojoj-snazi-i-ljepoti\\\/#primaryimage\"},\"thumbnailUrl\":\"https:\\\/\\\/radioljubuski.ba\\\/wp-content\\\/uploads\\\/2021\\\/12\\\/IMG_0028.jpg\",\"articleSection\":[\"Ljubu\u0161ki\"],\"inLanguage\":\"hr\"},{\"@type\":\"WebPage\",\"@id\":\"https:\\\/\\\/radioljubuski.ba\\\/index.php\\\/2021\\\/12\\\/04\\\/kravica-poslije-kise-u-svoj-svojoj-snazi-i-ljepoti\\\/\",\"url\":\"https:\\\/\\\/radioljubuski.ba\\\/index.php\\\/2021\\\/12\\\/04\\\/kravica-poslije-kise-u-svoj-svojoj-snazi-i-ljepoti\\\/\",\"name\":\"Kravica poslije ki\u0161e u svoj svojoj snazi i ljepoti - RADIO LJUBU\u0160KI\",\"isPartOf\":{\"@id\":\"https:\\\/\\\/radioljubuski.ba\\\/#website\"},\"primaryImageOfPage\":{\"@id\":\"https:\\\/\\\/radioljubuski.ba\\\/index.php\\\/2021\\\/12\\\/04\\\/kravica-poslije-kise-u-svoj-svojoj-snazi-i-ljepoti\\\/#primaryimage\"},\"image\":{\"@id\":\"https:\\\/\\\/radioljubuski.ba\\\/index.php\\\/2021\\\/12\\\/04\\\/kravica-poslije-kise-u-svoj-svojoj-snazi-i-ljepoti\\\/#primaryimage\"},\"thumbnailUrl\":\"https:\\\/\\\/radioljubuski.ba\\\/wp-content\\\/uploads\\\/2021\\\/12\\\/IMG_0028.jpg\",\"datePublished\":\"2021-12-04T08:45:19+00:00\",\"dateModified\":\"2021-12-05T14:30:09+00:00\",\"breadcrumb\":{\"@id\":\"https:\\\/\\\/radioljubuski.ba\\\/index.php\\\/2021\\\/12\\\/04\\\/kravica-poslije-kise-u-svoj-svojoj-snazi-i-ljepoti\\\/#breadcrumb\"},\"inLanguage\":\"hr\",\"potentialAction\":[{\"@type\":\"ReadAction\",\"target\":[\"https:\\\/\\\/radioljubuski.ba\\\/index.php\\\/2021\\\/12\\\/04\\\/kravica-poslije-kise-u-svoj-svojoj-snazi-i-ljepoti\\\/\"]}]},{\"@type\":\"ImageObject\",\"inLanguage\":\"hr\",\"@id\":\"https:\\\/\\\/radioljubuski.ba\\\/index.php\\\/2021\\\/12\\\/04\\\/kravica-poslije-kise-u-svoj-svojoj-snazi-i-ljepoti\\\/#primaryimage\",\"url\":\"https:\\\/\\\/radioljubuski.ba\\\/wp-content\\\/uploads\\\/2021\\\/12\\\/IMG_0028.jpg\",\"contentUrl\":\"https:\\\/\\\/radioljubuski.ba\\\/wp-content\\\/uploads\\\/2021\\\/12\\\/IMG_0028.jpg\",\"width\":1024,\"height\":683},{\"@type\":\"BreadcrumbList\",\"@id\":\"https:\\\/\\\/radioljubuski.ba\\\/index.php\\\/2021\\\/12\\\/04\\\/kravica-poslije-kise-u-svoj-svojoj-snazi-i-ljepoti\\\/#breadcrumb\",\"itemListElement\":[{\"@type\":\"ListItem\",\"position\":1,\"name\":\"Po\u010detna stranica\",\"item\":\"https:\\\/\\\/radioljubuski.ba\\\/\"},{\"@type\":\"ListItem\",\"position\":2,\"name\":\"Kravica poslije ki\u0161e u svoj svojoj snazi i ljepoti\"}]},{\"@type\":\"WebSite\",\"@id\":\"https:\\\/\\\/radioljubuski.ba\\\/#website\",\"url\":\"https:\\\/\\\/radioljubuski.ba\\\/\",\"name\":\"Radio Ljubu\u0161ki\",\"description\":\"Sun\u010dana frekvencija Hercegovine\",\"publisher\":{\"@id\":\"https:\\\/\\\/radioljubuski.ba\\\/#organization\"},\"potentialAction\":[{\"@type\":\"SearchAction\",\"target\":{\"@type\":\"EntryPoint\",\"urlTemplate\":\"https:\\\/\\\/radioljubuski.ba\\\/?s={search_term_string}\"},\"query-input\":{\"@type\":\"PropertyValueSpecification\",\"valueRequired\":true,\"valueName\":\"search_term_string\"}}],\"inLanguage\":\"hr\"},{\"@type\":\"Organization\",\"@id\":\"https:\\\/\\\/radioljubuski.ba\\\/#organization\",\"name\":\"Radio Ljubu\u0161ki\",\"url\":\"https:\\\/\\\/radioljubuski.ba\\\/\",\"logo\":{\"@type\":\"ImageObject\",\"inLanguage\":\"hr\",\"@id\":\"https:\\\/\\\/radioljubuski.ba\\\/#\\\/schema\\\/logo\\\/image\\\/\",\"url\":\"https:\\\/\\\/radioljubuski.ba\\\/wp-content\\\/uploads\\\/2021\\\/02\\\/cropped-Radio_Ljubuski_logo1.jpg\",\"contentUrl\":\"https:\\\/\\\/radioljubuski.ba\\\/wp-content\\\/uploads\\\/2021\\\/02\\\/cropped-Radio_Ljubuski_logo1.jpg\",\"width\":512,\"height\":512,\"caption\":\"Radio Ljubu\u0161ki\"},\"image\":{\"@id\":\"https:\\\/\\\/radioljubuski.ba\\\/#\\\/schema\\\/logo\\\/image\\\/\"},\"sameAs\":[\"https:\\\/\\\/www.facebook.com\\\/Radiio-Ljubuski-1490835324566332\",\"https:\\\/\\\/x.com\\\/radioljubuski\",\"https:\\\/\\\/hr.linkedin.com\\\/company\\\/radio-ljubuski\",\"https:\\\/\\\/www.youtube.com\\\/channel\\\/UCHYaeO_n0Db3tjNGudGpXyw\"]},{\"@type\":\"Person\",\"@id\":\"https:\\\/\\\/radioljubuski.ba\\\/#\\\/schema\\\/person\\\/19fc700381a780f69665d7956c469e3b\",\"name\":\"Radio Ljubu\u0161ki\"}]}<\/script>\n<!-- \/ Yoast SEO plugin. -->","yoast_head_json":{"title":"Kravica poslije ki\u0161e u svoj svojoj snazi i ljepoti - RADIO LJUBU\u0160KI","robots":{"index":"index","follow":"follow","max-snippet":"max-snippet:-1","max-image-preview":"max-image-preview:large","max-video-preview":"max-video-preview:-1"},"canonical":"https:\/\/radioljubuski.ba\/index.php\/2021\/12\/04\/kravica-poslije-kise-u-svoj-svojoj-snazi-i-ljepoti\/","og_locale":"hr_HR","og_type":"article","og_title":"Kravica poslije ki\u0161e u svoj svojoj snazi i ljepoti - RADIO LJUBU\u0160KI","og_description":"Ki\u0161e koje su padale posljednjih dana izazvale su velike probleme na podru\u010dju Grada Ljubu\u0161kog, od \u0160ipova\u010de na zapadu pa do vodopada Kravica na jugoistoku. Jutros je na\u0161 objektiv \u201euhvatio\u201c nekoliko prizora pred kojima zastaje dah. Kako mi je jo\u0161 sino\u0107 rekao I\u0107e (Vuk\u0161i\u0107) voda je toliko \u201enado\u0161la\u201c da je po\u010dela zapljuskivati gornju terasu grila Sedra. [&hellip;]","og_url":"https:\/\/radioljubuski.ba\/index.php\/2021\/12\/04\/kravica-poslije-kise-u-svoj-svojoj-snazi-i-ljepoti\/","og_site_name":"RADIO LJUBU\u0160KI","article_publisher":"https:\/\/www.facebook.com\/Radiio-Ljubuski-1490835324566332","article_published_time":"2021-12-04T08:45:19+00:00","article_modified_time":"2021-12-05T14:30:09+00:00","og_image":[{"width":1024,"height":683,"url":"https:\/\/radioljubuski.ba\/wp-content\/uploads\/2021\/12\/IMG_0028.jpg","type":"image\/jpeg"}],"author":"Radio Ljubu\u0161ki","twitter_card":"summary_large_image","twitter_creator":"@radioljubuski","twitter_site":"@radioljubuski","twitter_misc":{"Napisao\/la":"Radio Ljubu\u0161ki","Procijenjeno vrijeme \u010ditanja":"5 minuta"},"schema":{"@context":"https:\/\/schema.org","@graph":[{"@type":"Article","@id":"https:\/\/radioljubuski.ba\/index.php\/2021\/12\/04\/kravica-poslije-kise-u-svoj-svojoj-snazi-i-ljepoti\/#article","isPartOf":{"@id":"https:\/\/radioljubuski.ba\/index.php\/2021\/12\/04\/kravica-poslije-kise-u-svoj-svojoj-snazi-i-ljepoti\/"},"author":{"name":"Radio Ljubu\u0161ki","@id":"https:\/\/radioljubuski.ba\/#\/schema\/person\/19fc700381a780f69665d7956c469e3b"},"headline":"Kravica poslije ki\u0161e u svoj svojoj snazi i ljepoti","datePublished":"2021-12-04T08:45:19+00:00","dateModified":"2021-12-05T14:30:09+00:00","mainEntityOfPage":{"@id":"https:\/\/radioljubuski.ba\/index.php\/2021\/12\/04\/kravica-poslije-kise-u-svoj-svojoj-snazi-i-ljepoti\/"},"wordCount":226,"publisher":{"@id":"https:\/\/radioljubuski.ba\/#organization"},"image":{"@id":"https:\/\/radioljubuski.ba\/index.php\/2021\/12\/04\/kravica-poslije-kise-u-svoj-svojoj-snazi-i-ljepoti\/#primaryimage"},"thumbnailUrl":"https:\/\/radioljubuski.ba\/wp-content\/uploads\/2021\/12\/IMG_0028.jpg","articleSection":["Ljubu\u0161ki"],"inLanguage":"hr"},{"@type":"WebPage","@id":"https:\/\/radioljubuski.ba\/index.php\/2021\/12\/04\/kravica-poslije-kise-u-svoj-svojoj-snazi-i-ljepoti\/","url":"https:\/\/radioljubuski.ba\/index.php\/2021\/12\/04\/kravica-poslije-kise-u-svoj-svojoj-snazi-i-ljepoti\/","name":"Kravica poslije ki\u0161e u svoj svojoj snazi i ljepoti - RADIO LJUBU\u0160KI","isPartOf":{"@id":"https:\/\/radioljubuski.ba\/#website"},"primaryImageOfPage":{"@id":"https:\/\/radioljubuski.ba\/index.php\/2021\/12\/04\/kravica-poslije-kise-u-svoj-svojoj-snazi-i-ljepoti\/#primaryimage"},"image":{"@id":"https:\/\/radioljubuski.ba\/index.php\/2021\/12\/04\/kravica-poslije-kise-u-svoj-svojoj-snazi-i-ljepoti\/#primaryimage"},"thumbnailUrl":"https:\/\/radioljubuski.ba\/wp-content\/uploads\/2021\/12\/IMG_0028.jpg","datePublished":"2021-12-04T08:45:19+00:00","dateModified":"2021-12-05T14:30:09+00:00","breadcrumb":{"@id":"https:\/\/radioljubuski.ba\/index.php\/2021\/12\/04\/kravica-poslije-kise-u-svoj-svojoj-snazi-i-ljepoti\/#breadcrumb"},"inLanguage":"hr","potentialAction":[{"@type":"ReadAction","target":["https:\/\/radioljubuski.ba\/index.php\/2021\/12\/04\/kravica-poslije-kise-u-svoj-svojoj-snazi-i-ljepoti\/"]}]},{"@type":"ImageObject","inLanguage":"hr","@id":"https:\/\/radioljubuski.ba\/index.php\/2021\/12\/04\/kravica-poslije-kise-u-svoj-svojoj-snazi-i-ljepoti\/#primaryimage","url":"https:\/\/radioljubuski.ba\/wp-content\/uploads\/2021\/12\/IMG_0028.jpg","contentUrl":"https:\/\/radioljubuski.ba\/wp-content\/uploads\/2021\/12\/IMG_0028.jpg","width":1024,"height":683},{"@type":"BreadcrumbList","@id":"https:\/\/radioljubuski.ba\/index.php\/2021\/12\/04\/kravica-poslije-kise-u-svoj-svojoj-snazi-i-ljepoti\/#breadcrumb","itemListElement":[{"@type":"ListItem","position":1,"name":"Po\u010detna stranica","item":"https:\/\/radioljubuski.ba\/"},{"@type":"ListItem","position":2,"name":"Kravica poslije ki\u0161e u svoj svojoj snazi i ljepoti"}]},{"@type":"WebSite","@id":"https:\/\/radioljubuski.ba\/#website","url":"https:\/\/radioljubuski.ba\/","name":"Radio Ljubu\u0161ki","description":"Sun\u010dana frekvencija Hercegovine","publisher":{"@id":"https:\/\/radioljubuski.ba\/#organization"},"potentialAction":[{"@type":"SearchAction","target":{"@type":"EntryPoint","urlTemplate":"https:\/\/radioljubuski.ba\/?s={search_term_string}"},"query-input":{"@type":"PropertyValueSpecification","valueRequired":true,"valueName":"search_term_string"}}],"inLanguage":"hr"},{"@type":"Organization","@id":"https:\/\/radioljubuski.ba\/#organization","name":"Radio Ljubu\u0161ki","url":"https:\/\/radioljubuski.ba\/","logo":{"@type":"ImageObject","inLanguage":"hr","@id":"https:\/\/radioljubuski.ba\/#\/schema\/logo\/image\/","url":"https:\/\/radioljubuski.ba\/wp-content\/uploads\/2021\/02\/cropped-Radio_Ljubuski_logo1.jpg","contentUrl":"https:\/\/radioljubuski.ba\/wp-content\/uploads\/2021\/02\/cropped-Radio_Ljubuski_logo1.jpg","width":512,"height":512,"caption":"Radio Ljubu\u0161ki"},"image":{"@id":"https:\/\/radioljubuski.ba\/#\/schema\/logo\/image\/"},"sameAs":["https:\/\/www.facebook.com\/Radiio-Ljubuski-1490835324566332","https:\/\/x.com\/radioljubuski","https:\/\/hr.linkedin.com\/company\/radio-ljubuski","https:\/\/www.youtube.com\/channel\/UCHYaeO_n0Db3tjNGudGpXyw"]},{"@type":"Person","@id":"https:\/\/radioljubuski.ba\/#\/schema\/person\/19fc700381a780f69665d7956c469e3b","name":"Radio Ljubu\u0161ki"}]}},"_links":{"self":[{"href":"https:\/\/radioljubuski.ba\/index.php\/wp-json\/wp\/v2\/posts\/95752","targetHints":{"allow":["GET"]}}],"collection":[{"href":"https:\/\/radioljubuski.ba\/index.php\/wp-json\/wp\/v2\/posts"}],"about":[{"href":"https:\/\/radioljubuski.ba\/index.php\/wp-json\/wp\/v2\/types\/post"}],"author":[{"embeddable":true,"href":"https:\/\/radioljubuski.ba\/index.php\/wp-json\/wp\/v2\/users\/2"}],"replies":[{"embeddable":true,"href":"https:\/\/radioljubuski.ba\/index.php\/wp-json\/wp\/v2\/comments?post=95752"}],"version-history":[{"count":1,"href":"https:\/\/radioljubuski.ba\/index.php\/wp-json\/wp\/v2\/posts\/95752\/revisions"}],"predecessor-version":[{"id":95771,"href":"https:\/\/radioljubuski.ba\/index.php\/wp-json\/wp\/v2\/posts\/95752\/revisions\/95771"}],"wp:featuredmedia":[{"embeddable":true,"href":"https:\/\/radioljubuski.ba\/index.php\/wp-json\/wp\/v2\/media\/95762"}],"wp:attachment":[{"href":"https:\/\/radioljubuski.ba\/index.php\/wp-json\/wp\/v2\/media?parent=95752"}],"wp:term":[{"taxonomy":"category","embeddable":true,"href":"https:\/\/radioljubuski.ba\/index.php\/wp-json\/wp\/v2\/categories?post=95752"},{"taxonomy":"post_tag","embeddable":true,"href":"https:\/\/radioljubuski.ba\/index.php\/wp-json\/wp\/v2\/tags?post=95752"}],"curies":[{"name":"wp","href":"https:\/\/api.w.org\/{rel}","templated":true}]}}