{"id":95788,"date":"2021-12-04T13:15:54","date_gmt":"2021-12-04T12:15:54","guid":{"rendered":"https:\/\/radioljubuski.ba\/?p=95788"},"modified":"2021-12-04T13:15:55","modified_gmt":"2021-12-04T12:15:55","slug":"nastavak-rata-narko-bandi-u-splitu","status":"publish","type":"post","link":"https:\/\/radioljubuski.ba\/index.php\/2021\/12\/04\/nastavak-rata-narko-bandi-u-splitu\/","title":{"rendered":"Nastavak rata narko bandi u Splitu"},"content":{"rendered":"\n<p>Slu\u017ebeno je potvr\u0111eno kako je plamen na vozilima u gara\u017ei na Pujankama podmetnut \u0161to potvr\u0111uje da se nastavljaju sukobi u narko miljeu oko dugova za drogu. Kako je javljeno iz PU splitsko-dalmatinske, u odnosu na po\u017ear koji je u \u010detvrtak oko 23.20 sati izbio u gara\u017ei u Tijardovi\u0107evoj ulici u Splitu, utvr\u0111eno je da je podmetnut.<\/p>\n\n\n\n<p>Policijski slu\u017ebenici su u petak ujutro zapo\u010deli obavljanje o\u010devida tijekom kojeg je utvr\u0111eno &nbsp;postojanje elemenata kaznenog djela. Utvr\u0111eno je da je po\u017ear podmetnut radi \u010dega se provodi kriminalisti\u010dko istra\u017eivanje i traganje za po\u010diniteljima.<\/p>\n\n\n\n<p>U po\u017earu je u potpunosti izgorjelo jedno osobno vozilo marke Golf i devet motocikla. O\u0161te\u0107ena su jo\u0161 \u010detiri osobna vozila: Nissan, Audi, Mercedes i Suzuki. Me\u0111u motociklima i skuterima izgorjelima u gara\u017ei su: Suzuki Burgman, Yamaha T MAX, Yamaha JZF-R1, Vespa, Piaggio, L1 te jo\u0161 tri neutvr\u0111ene marke, pi\u0161e Slobodna Dalmacija.<\/p>\n\n\n\n<p>Motori su potpuno destruirani toplinskom energijom, na njima su izgorjeli gumeni, aluminijski i PVC djelovi. Ukupna materijalna \u0161teta \u0107e se naknadno utvrditi.<\/p>\n\n\n\n<p>Gara\u017eu su kao skloni\u0161te automobila i motocikla koristili dileri iz Splita i Solina kako bi sprije\u010dili upravo ovo \u0161to im se dogodilo, da im konkurencija u poslu i dobavlja\u010di narkotika kojima su ostali du\u017eni zapale vozila. Jedan od njih \u017eivi na Pujankama, a redovito radi sa solinskom ekipom.<\/p>\n\n\n\n<p>Pojedini od njih se osim dilanjem bave i ugostiteljstvom. Ve\u0107 sada se paljevina na Pujankama povezuje s bacanjem ru\u010dne bombe pod automobile prije mjesec i pol dana oko 22 sata u Solinu u ulici Ga\u0161pini.<\/p>\n\n\n\n<p>Tada su o\u0161te\u0107ena \u010detiri vozila: dva BMW-a, Volkswagen Polo i Opel Vivara od kojih su dva u vlasni\u0161tvu \u010dlanova obitelji M.K.-G. (42), otprije poznatog policiji, ali i pravosu\u0111u, po preprodaji opojne droge. \u010clanovi njegove u\u017ee i \u0161ire obitelji koriste navedeno parkirali\u0161te, ali ne radi se o zemlji\u0161tu u njihovu vlasni\u0161tvu.<\/p>\n\n\n\n<p>Tada je M.K.-G. za medije izjavio kako se ne radi ni o kakvom napadu na njega ve\u0107 da je tu ve\u010der u blizini bila svadba s koje je nai\u0161ao jedan od gostiju i bacio topovski udar koji je slu\u010dajno o\u0161tetio automobile. Kazao je kako je davno izi\u0161ao iz kriminalnog \u017eivota i ima restoran na Hvaru te dr\u017ei kafi\u0107 u Splitu.<\/p>\n\n\n\n<p>Nesretna slu\u010dajnost je i ovaj put htjela da se me\u0111u vozilima izgorjelim u gara\u017ei na Pujankama nalaze i ona koje koristi M.K.G.. Naime, unato\u010d tome \u0161to su mu ku\u0107a i oku\u0107nica u Solinu osigurane nadzornim kamerama, svoje motocikle i skupocjeni automobil dr\u017eao je u gara\u017ei na Pujankama, kod svog vjernog suradnika u poslu koji je tu tako\u0111er parkirao vozni park.<\/p>\n\n\n\n<p>Unato\u010d njegovom demantiranju povezanosti s kriminalnim \u017eivotom i tada su se istra\u017eivale pri\u010de kako je uzrok sukoba i bacanja bombe dug od 35.000 eura za turu kokaina iz Zadra. Paljevina u gara\u017ei ponovno je aktualizirala navedena uli\u010dna prepri\u010davanja koja do u detalje opisuju tko je \u0161to uspio naplatiti, a tko je &#8220;izvisio&#8221; i s robom i s novcem.<\/p>\n\n\n\n<p>Zbog istog duga je pro\u0161lo ljeto u kafi\u0107u u Solinu umalo do\u0161lo do obra\u010duna vatrenim oru\u017ejem kada su uhi\u0107ene dvije mu\u0161ke osobe i zaplijenjen je pi\u0161tolj. Tada je osim pi\u0161tolje oduzet i mobitel u kojem su tako\u0111er na\u0111eni podaci koji potvr\u0111uju pri\u010du o kokainskom dugu.<\/p>\n\n\n\n<p>Jednog od ta dva uhi\u0107ena mu\u0161karca je u poznatijoj solinskoj teretana ispljuskao vlasnik jednog od vozila smje\u0161tenih u gara\u017ei na Pujankama. U svakom slu\u010daju, pune ruke posla za policijske inspektore, tim vi\u0161e \u0161to osobe iz tog miljea ne sura\u0111uju u otkrivanju po\u010dinitelja jer time inkriminiraju i sebe.<\/p>\n\n\n\n<p>Problem je, me\u0111utim, \u0161to me\u0111u vozilima u gara\u017ei nisu samo ona koja koriste kriminalci, ve\u0107 su \u0161tetu pretrpjeli i gra\u0111ani koji nemaju veze s uli\u010dnim obra\u010dunima. Da ne spominjemo aspekt da su u neposrednoj blizini osnovne \u0161kole dileri smjestili svoje leglo, navodi Slobodna Dalmacija.<\/p>\n\n\n\n<p>Izvor:slobodnadamacija.hr<\/p>\n","protected":false},"excerpt":{"rendered":"<p>Slu\u017ebeno je potvr\u0111eno kako je plamen na vozilima u gara\u017ei na Pujankama podmetnut \u0161to potvr\u0111uje da se nastavljaju sukobi u narko miljeu oko dugova za drogu. Kako je javljeno iz PU splitsko-dalmatinske, u odnosu na po\u017ear koji je u \u010detvrtak oko 23.20 sati izbio u gara\u017ei u Tijardovi\u0107evoj ulici u Splitu, utvr\u0111eno je da je [&hellip;]<\/p>\n","protected":false},"author":2,"featured_media":95789,"comment_status":"closed","ping_status":"closed","sticky":false,"template":"","format":"standard","meta":{"h5ap_radio_sources":[],"footnotes":""},"categories":[1],"tags":[],"class_list":["post-95788","post","type-post","status-publish","format-standard","has-post-thumbnail","hentry","category-bihiregija"],"yoast_head":"<!-- This site is optimized with the Yoast SEO plugin v27.4 - https:\/\/yoast.com\/product\/yoast-seo-wordpress\/ -->\n<title>Nastavak rata narko bandi u Splitu - RADIO LJUBU\u0160KI<\/title>\n<meta name=\"robots\" content=\"index, follow, max-snippet:-1, max-image-preview:large, max-video-preview:-1\" \/>\n<link rel=\"canonical\" href=\"https:\/\/radioljubuski.ba\/index.php\/2021\/12\/04\/nastavak-rata-narko-bandi-u-splitu\/\" \/>\n<meta property=\"og:locale\" content=\"hr_HR\" \/>\n<meta property=\"og:type\" content=\"article\" \/>\n<meta property=\"og:title\" content=\"Nastavak rata narko bandi u Splitu - RADIO LJUBU\u0160KI\" \/>\n<meta property=\"og:description\" content=\"Slu\u017ebeno je potvr\u0111eno kako je plamen na vozilima u gara\u017ei na Pujankama podmetnut \u0161to potvr\u0111uje da se nastavljaju sukobi u narko miljeu oko dugova za drogu. Kako je javljeno iz PU splitsko-dalmatinske, u odnosu na po\u017ear koji je u \u010detvrtak oko 23.20 sati izbio u gara\u017ei u Tijardovi\u0107evoj ulici u Splitu, utvr\u0111eno je da je [&hellip;]\" \/>\n<meta property=\"og:url\" content=\"https:\/\/radioljubuski.ba\/index.php\/2021\/12\/04\/nastavak-rata-narko-bandi-u-splitu\/\" \/>\n<meta property=\"og:site_name\" content=\"RADIO LJUBU\u0160KI\" \/>\n<meta property=\"article:publisher\" content=\"https:\/\/www.facebook.com\/Radiio-Ljubuski-1490835324566332\" \/>\n<meta property=\"article:published_time\" content=\"2021-12-04T12:15:54+00:00\" \/>\n<meta property=\"article:modified_time\" content=\"2021-12-04T12:15:55+00:00\" \/>\n<meta property=\"og:image\" content=\"https:\/\/radioljubuski.ba\/wp-content\/uploads\/2021\/12\/2-2021-12-04-08-34-31-motori.jpg\" \/>\n\t<meta property=\"og:image:width\" content=\"1000\" \/>\n\t<meta property=\"og:image:height\" content=\"625\" \/>\n\t<meta property=\"og:image:type\" content=\"image\/jpeg\" \/>\n<meta name=\"author\" content=\"Radio Ljubu\u0161ki\" \/>\n<meta name=\"twitter:card\" content=\"summary_large_image\" \/>\n<meta name=\"twitter:creator\" content=\"@radioljubuski\" \/>\n<meta name=\"twitter:site\" content=\"@radioljubuski\" \/>\n<meta name=\"twitter:label1\" content=\"Napisao\/la\" \/>\n\t<meta name=\"twitter:data1\" content=\"Radio Ljubu\u0161ki\" \/>\n\t<meta name=\"twitter:label2\" content=\"Procijenjeno vrijeme \u010ditanja\" \/>\n\t<meta name=\"twitter:data2\" content=\"3 minute\" \/>\n<script type=\"application\/ld+json\" class=\"yoast-schema-graph\">{\"@context\":\"https:\\\/\\\/schema.org\",\"@graph\":[{\"@type\":\"Article\",\"@id\":\"https:\\\/\\\/radioljubuski.ba\\\/index.php\\\/2021\\\/12\\\/04\\\/nastavak-rata-narko-bandi-u-splitu\\\/#article\",\"isPartOf\":{\"@id\":\"https:\\\/\\\/radioljubuski.ba\\\/index.php\\\/2021\\\/12\\\/04\\\/nastavak-rata-narko-bandi-u-splitu\\\/\"},\"author\":{\"name\":\"Radio Ljubu\u0161ki\",\"@id\":\"https:\\\/\\\/radioljubuski.ba\\\/#\\\/schema\\\/person\\\/19fc700381a780f69665d7956c469e3b\"},\"headline\":\"Nastavak rata narko bandi u Splitu\",\"datePublished\":\"2021-12-04T12:15:54+00:00\",\"dateModified\":\"2021-12-04T12:15:55+00:00\",\"mainEntityOfPage\":{\"@id\":\"https:\\\/\\\/radioljubuski.ba\\\/index.php\\\/2021\\\/12\\\/04\\\/nastavak-rata-narko-bandi-u-splitu\\\/\"},\"wordCount\":706,\"publisher\":{\"@id\":\"https:\\\/\\\/radioljubuski.ba\\\/#organization\"},\"image\":{\"@id\":\"https:\\\/\\\/radioljubuski.ba\\\/index.php\\\/2021\\\/12\\\/04\\\/nastavak-rata-narko-bandi-u-splitu\\\/#primaryimage\"},\"thumbnailUrl\":\"https:\\\/\\\/radioljubuski.ba\\\/wp-content\\\/uploads\\\/2021\\\/12\\\/2-2021-12-04-08-34-31-motori.jpg\",\"articleSection\":[\"BIH i regija\"],\"inLanguage\":\"hr\"},{\"@type\":\"WebPage\",\"@id\":\"https:\\\/\\\/radioljubuski.ba\\\/index.php\\\/2021\\\/12\\\/04\\\/nastavak-rata-narko-bandi-u-splitu\\\/\",\"url\":\"https:\\\/\\\/radioljubuski.ba\\\/index.php\\\/2021\\\/12\\\/04\\\/nastavak-rata-narko-bandi-u-splitu\\\/\",\"name\":\"Nastavak rata narko bandi u Splitu - RADIO LJUBU\u0160KI\",\"isPartOf\":{\"@id\":\"https:\\\/\\\/radioljubuski.ba\\\/#website\"},\"primaryImageOfPage\":{\"@id\":\"https:\\\/\\\/radioljubuski.ba\\\/index.php\\\/2021\\\/12\\\/04\\\/nastavak-rata-narko-bandi-u-splitu\\\/#primaryimage\"},\"image\":{\"@id\":\"https:\\\/\\\/radioljubuski.ba\\\/index.php\\\/2021\\\/12\\\/04\\\/nastavak-rata-narko-bandi-u-splitu\\\/#primaryimage\"},\"thumbnailUrl\":\"https:\\\/\\\/radioljubuski.ba\\\/wp-content\\\/uploads\\\/2021\\\/12\\\/2-2021-12-04-08-34-31-motori.jpg\",\"datePublished\":\"2021-12-04T12:15:54+00:00\",\"dateModified\":\"2021-12-04T12:15:55+00:00\",\"breadcrumb\":{\"@id\":\"https:\\\/\\\/radioljubuski.ba\\\/index.php\\\/2021\\\/12\\\/04\\\/nastavak-rata-narko-bandi-u-splitu\\\/#breadcrumb\"},\"inLanguage\":\"hr\",\"potentialAction\":[{\"@type\":\"ReadAction\",\"target\":[\"https:\\\/\\\/radioljubuski.ba\\\/index.php\\\/2021\\\/12\\\/04\\\/nastavak-rata-narko-bandi-u-splitu\\\/\"]}]},{\"@type\":\"ImageObject\",\"inLanguage\":\"hr\",\"@id\":\"https:\\\/\\\/radioljubuski.ba\\\/index.php\\\/2021\\\/12\\\/04\\\/nastavak-rata-narko-bandi-u-splitu\\\/#primaryimage\",\"url\":\"https:\\\/\\\/radioljubuski.ba\\\/wp-content\\\/uploads\\\/2021\\\/12\\\/2-2021-12-04-08-34-31-motori.jpg\",\"contentUrl\":\"https:\\\/\\\/radioljubuski.ba\\\/wp-content\\\/uploads\\\/2021\\\/12\\\/2-2021-12-04-08-34-31-motori.jpg\",\"width\":1000,\"height\":625},{\"@type\":\"BreadcrumbList\",\"@id\":\"https:\\\/\\\/radioljubuski.ba\\\/index.php\\\/2021\\\/12\\\/04\\\/nastavak-rata-narko-bandi-u-splitu\\\/#breadcrumb\",\"itemListElement\":[{\"@type\":\"ListItem\",\"position\":1,\"name\":\"Po\u010detna stranica\",\"item\":\"https:\\\/\\\/radioljubuski.ba\\\/\"},{\"@type\":\"ListItem\",\"position\":2,\"name\":\"Nastavak rata narko bandi u Splitu\"}]},{\"@type\":\"WebSite\",\"@id\":\"https:\\\/\\\/radioljubuski.ba\\\/#website\",\"url\":\"https:\\\/\\\/radioljubuski.ba\\\/\",\"name\":\"Radio Ljubu\u0161ki\",\"description\":\"Sun\u010dana frekvencija Hercegovine\",\"publisher\":{\"@id\":\"https:\\\/\\\/radioljubuski.ba\\\/#organization\"},\"potentialAction\":[{\"@type\":\"SearchAction\",\"target\":{\"@type\":\"EntryPoint\",\"urlTemplate\":\"https:\\\/\\\/radioljubuski.ba\\\/?s={search_term_string}\"},\"query-input\":{\"@type\":\"PropertyValueSpecification\",\"valueRequired\":true,\"valueName\":\"search_term_string\"}}],\"inLanguage\":\"hr\"},{\"@type\":\"Organization\",\"@id\":\"https:\\\/\\\/radioljubuski.ba\\\/#organization\",\"name\":\"Radio Ljubu\u0161ki\",\"url\":\"https:\\\/\\\/radioljubuski.ba\\\/\",\"logo\":{\"@type\":\"ImageObject\",\"inLanguage\":\"hr\",\"@id\":\"https:\\\/\\\/radioljubuski.ba\\\/#\\\/schema\\\/logo\\\/image\\\/\",\"url\":\"https:\\\/\\\/radioljubuski.ba\\\/wp-content\\\/uploads\\\/2021\\\/02\\\/cropped-Radio_Ljubuski_logo1.jpg\",\"contentUrl\":\"https:\\\/\\\/radioljubuski.ba\\\/wp-content\\\/uploads\\\/2021\\\/02\\\/cropped-Radio_Ljubuski_logo1.jpg\",\"width\":512,\"height\":512,\"caption\":\"Radio Ljubu\u0161ki\"},\"image\":{\"@id\":\"https:\\\/\\\/radioljubuski.ba\\\/#\\\/schema\\\/logo\\\/image\\\/\"},\"sameAs\":[\"https:\\\/\\\/www.facebook.com\\\/Radiio-Ljubuski-1490835324566332\",\"https:\\\/\\\/x.com\\\/radioljubuski\",\"https:\\\/\\\/hr.linkedin.com\\\/company\\\/radio-ljubuski\",\"https:\\\/\\\/www.youtube.com\\\/channel\\\/UCHYaeO_n0Db3tjNGudGpXyw\"]},{\"@type\":\"Person\",\"@id\":\"https:\\\/\\\/radioljubuski.ba\\\/#\\\/schema\\\/person\\\/19fc700381a780f69665d7956c469e3b\",\"name\":\"Radio Ljubu\u0161ki\"}]}<\/script>\n<!-- \/ Yoast SEO plugin. -->","yoast_head_json":{"title":"Nastavak rata narko bandi u Splitu - RADIO LJUBU\u0160KI","robots":{"index":"index","follow":"follow","max-snippet":"max-snippet:-1","max-image-preview":"max-image-preview:large","max-video-preview":"max-video-preview:-1"},"canonical":"https:\/\/radioljubuski.ba\/index.php\/2021\/12\/04\/nastavak-rata-narko-bandi-u-splitu\/","og_locale":"hr_HR","og_type":"article","og_title":"Nastavak rata narko bandi u Splitu - RADIO LJUBU\u0160KI","og_description":"Slu\u017ebeno je potvr\u0111eno kako je plamen na vozilima u gara\u017ei na Pujankama podmetnut \u0161to potvr\u0111uje da se nastavljaju sukobi u narko miljeu oko dugova za drogu. Kako je javljeno iz PU splitsko-dalmatinske, u odnosu na po\u017ear koji je u \u010detvrtak oko 23.20 sati izbio u gara\u017ei u Tijardovi\u0107evoj ulici u Splitu, utvr\u0111eno je da je [&hellip;]","og_url":"https:\/\/radioljubuski.ba\/index.php\/2021\/12\/04\/nastavak-rata-narko-bandi-u-splitu\/","og_site_name":"RADIO LJUBU\u0160KI","article_publisher":"https:\/\/www.facebook.com\/Radiio-Ljubuski-1490835324566332","article_published_time":"2021-12-04T12:15:54+00:00","article_modified_time":"2021-12-04T12:15:55+00:00","og_image":[{"width":1000,"height":625,"url":"https:\/\/radioljubuski.ba\/wp-content\/uploads\/2021\/12\/2-2021-12-04-08-34-31-motori.jpg","type":"image\/jpeg"}],"author":"Radio Ljubu\u0161ki","twitter_card":"summary_large_image","twitter_creator":"@radioljubuski","twitter_site":"@radioljubuski","twitter_misc":{"Napisao\/la":"Radio Ljubu\u0161ki","Procijenjeno vrijeme \u010ditanja":"3 minute"},"schema":{"@context":"https:\/\/schema.org","@graph":[{"@type":"Article","@id":"https:\/\/radioljubuski.ba\/index.php\/2021\/12\/04\/nastavak-rata-narko-bandi-u-splitu\/#article","isPartOf":{"@id":"https:\/\/radioljubuski.ba\/index.php\/2021\/12\/04\/nastavak-rata-narko-bandi-u-splitu\/"},"author":{"name":"Radio Ljubu\u0161ki","@id":"https:\/\/radioljubuski.ba\/#\/schema\/person\/19fc700381a780f69665d7956c469e3b"},"headline":"Nastavak rata narko bandi u Splitu","datePublished":"2021-12-04T12:15:54+00:00","dateModified":"2021-12-04T12:15:55+00:00","mainEntityOfPage":{"@id":"https:\/\/radioljubuski.ba\/index.php\/2021\/12\/04\/nastavak-rata-narko-bandi-u-splitu\/"},"wordCount":706,"publisher":{"@id":"https:\/\/radioljubuski.ba\/#organization"},"image":{"@id":"https:\/\/radioljubuski.ba\/index.php\/2021\/12\/04\/nastavak-rata-narko-bandi-u-splitu\/#primaryimage"},"thumbnailUrl":"https:\/\/radioljubuski.ba\/wp-content\/uploads\/2021\/12\/2-2021-12-04-08-34-31-motori.jpg","articleSection":["BIH i regija"],"inLanguage":"hr"},{"@type":"WebPage","@id":"https:\/\/radioljubuski.ba\/index.php\/2021\/12\/04\/nastavak-rata-narko-bandi-u-splitu\/","url":"https:\/\/radioljubuski.ba\/index.php\/2021\/12\/04\/nastavak-rata-narko-bandi-u-splitu\/","name":"Nastavak rata narko bandi u Splitu - RADIO LJUBU\u0160KI","isPartOf":{"@id":"https:\/\/radioljubuski.ba\/#website"},"primaryImageOfPage":{"@id":"https:\/\/radioljubuski.ba\/index.php\/2021\/12\/04\/nastavak-rata-narko-bandi-u-splitu\/#primaryimage"},"image":{"@id":"https:\/\/radioljubuski.ba\/index.php\/2021\/12\/04\/nastavak-rata-narko-bandi-u-splitu\/#primaryimage"},"thumbnailUrl":"https:\/\/radioljubuski.ba\/wp-content\/uploads\/2021\/12\/2-2021-12-04-08-34-31-motori.jpg","datePublished":"2021-12-04T12:15:54+00:00","dateModified":"2021-12-04T12:15:55+00:00","breadcrumb":{"@id":"https:\/\/radioljubuski.ba\/index.php\/2021\/12\/04\/nastavak-rata-narko-bandi-u-splitu\/#breadcrumb"},"inLanguage":"hr","potentialAction":[{"@type":"ReadAction","target":["https:\/\/radioljubuski.ba\/index.php\/2021\/12\/04\/nastavak-rata-narko-bandi-u-splitu\/"]}]},{"@type":"ImageObject","inLanguage":"hr","@id":"https:\/\/radioljubuski.ba\/index.php\/2021\/12\/04\/nastavak-rata-narko-bandi-u-splitu\/#primaryimage","url":"https:\/\/radioljubuski.ba\/wp-content\/uploads\/2021\/12\/2-2021-12-04-08-34-31-motori.jpg","contentUrl":"https:\/\/radioljubuski.ba\/wp-content\/uploads\/2021\/12\/2-2021-12-04-08-34-31-motori.jpg","width":1000,"height":625},{"@type":"BreadcrumbList","@id":"https:\/\/radioljubuski.ba\/index.php\/2021\/12\/04\/nastavak-rata-narko-bandi-u-splitu\/#breadcrumb","itemListElement":[{"@type":"ListItem","position":1,"name":"Po\u010detna stranica","item":"https:\/\/radioljubuski.ba\/"},{"@type":"ListItem","position":2,"name":"Nastavak rata narko bandi u Splitu"}]},{"@type":"WebSite","@id":"https:\/\/radioljubuski.ba\/#website","url":"https:\/\/radioljubuski.ba\/","name":"Radio Ljubu\u0161ki","description":"Sun\u010dana frekvencija Hercegovine","publisher":{"@id":"https:\/\/radioljubuski.ba\/#organization"},"potentialAction":[{"@type":"SearchAction","target":{"@type":"EntryPoint","urlTemplate":"https:\/\/radioljubuski.ba\/?s={search_term_string}"},"query-input":{"@type":"PropertyValueSpecification","valueRequired":true,"valueName":"search_term_string"}}],"inLanguage":"hr"},{"@type":"Organization","@id":"https:\/\/radioljubuski.ba\/#organization","name":"Radio Ljubu\u0161ki","url":"https:\/\/radioljubuski.ba\/","logo":{"@type":"ImageObject","inLanguage":"hr","@id":"https:\/\/radioljubuski.ba\/#\/schema\/logo\/image\/","url":"https:\/\/radioljubuski.ba\/wp-content\/uploads\/2021\/02\/cropped-Radio_Ljubuski_logo1.jpg","contentUrl":"https:\/\/radioljubuski.ba\/wp-content\/uploads\/2021\/02\/cropped-Radio_Ljubuski_logo1.jpg","width":512,"height":512,"caption":"Radio Ljubu\u0161ki"},"image":{"@id":"https:\/\/radioljubuski.ba\/#\/schema\/logo\/image\/"},"sameAs":["https:\/\/www.facebook.com\/Radiio-Ljubuski-1490835324566332","https:\/\/x.com\/radioljubuski","https:\/\/hr.linkedin.com\/company\/radio-ljubuski","https:\/\/www.youtube.com\/channel\/UCHYaeO_n0Db3tjNGudGpXyw"]},{"@type":"Person","@id":"https:\/\/radioljubuski.ba\/#\/schema\/person\/19fc700381a780f69665d7956c469e3b","name":"Radio Ljubu\u0161ki"}]}},"_links":{"self":[{"href":"https:\/\/radioljubuski.ba\/index.php\/wp-json\/wp\/v2\/posts\/95788","targetHints":{"allow":["GET"]}}],"collection":[{"href":"https:\/\/radioljubuski.ba\/index.php\/wp-json\/wp\/v2\/posts"}],"about":[{"href":"https:\/\/radioljubuski.ba\/index.php\/wp-json\/wp\/v2\/types\/post"}],"author":[{"embeddable":true,"href":"https:\/\/radioljubuski.ba\/index.php\/wp-json\/wp\/v2\/users\/2"}],"replies":[{"embeddable":true,"href":"https:\/\/radioljubuski.ba\/index.php\/wp-json\/wp\/v2\/comments?post=95788"}],"version-history":[{"count":1,"href":"https:\/\/radioljubuski.ba\/index.php\/wp-json\/wp\/v2\/posts\/95788\/revisions"}],"predecessor-version":[{"id":95790,"href":"https:\/\/radioljubuski.ba\/index.php\/wp-json\/wp\/v2\/posts\/95788\/revisions\/95790"}],"wp:featuredmedia":[{"embeddable":true,"href":"https:\/\/radioljubuski.ba\/index.php\/wp-json\/wp\/v2\/media\/95789"}],"wp:attachment":[{"href":"https:\/\/radioljubuski.ba\/index.php\/wp-json\/wp\/v2\/media?parent=95788"}],"wp:term":[{"taxonomy":"category","embeddable":true,"href":"https:\/\/radioljubuski.ba\/index.php\/wp-json\/wp\/v2\/categories?post=95788"},{"taxonomy":"post_tag","embeddable":true,"href":"https:\/\/radioljubuski.ba\/index.php\/wp-json\/wp\/v2\/tags?post=95788"}],"curies":[{"name":"wp","href":"https:\/\/api.w.org\/{rel}","templated":true}]}}