{"id":95793,"date":"2021-12-04T13:17:58","date_gmt":"2021-12-04T12:17:58","guid":{"rendered":"https:\/\/radioljubuski.ba\/?p=95793"},"modified":"2021-12-04T13:17:58","modified_gmt":"2021-12-04T12:17:58","slug":"muskarac-pokusao-podvaliti-umjetnu-ruku-na-cijepljenju-da-bi-dobio-covid-potvrdu","status":"publish","type":"post","link":"https:\/\/radioljubuski.ba\/index.php\/2021\/12\/04\/muskarac-pokusao-podvaliti-umjetnu-ruku-na-cijepljenju-da-bi-dobio-covid-potvrdu\/","title":{"rendered":"Mu\u0161karac poku\u0161ao podvaliti umjetnu ruku na cijepljenju da bi dobio covid-potvrdu"},"content":{"rendered":"\n<p>Mu\u0161karac iz Italije (50) poku\u0161ao je podvaliti umjetnu ruku pod svoju kada je do\u0161ao na cijepljenje protiv bolesti covid-19 te na taj na\u010din poku\u0161ao dobiti covid-potvrdu a da se zapravo ne mora cijepiti.<\/p>\n\n\n\n<p>Prevaru je, pi\u0161e CNN, uo\u010dila medicinska sestra Filippa Bua koja mu je trebala dati cjepivo. Rekla je da je primijetila ne\u0161to \u010dudno na ruci. \u201cBoja ko\u017ee bila je neuobi\u010dajena, puno svjetlija u usporedbi s drugom rukom ili licem pacijenta\u201d, rekla je medicinska sestra, koja je, kada je zasukala rukav, primijetila da je ko\u017ea \u201ckao od gume i hladna\u201d.<\/p>\n\n\n\n<p>Nakon \u0161to je ovaj bizaran incident otkriven, mu\u0161karac je poku\u0161ao nagovoriti medicinsku sestru da \u2018za\u017emiri na njega\u2019, no ona ga je umjesto toga prijavila policiji koja sada istra\u017euje cijeli slu\u010daj.<\/p>\n\n\n\n<p>\u201cSlu\u010daj grani\u010di sa smije\u0161nim, da nije rije\u010d o vrlo ozbiljnom potezu\u201d, napisao je talijanski politi\u010dar Alberto Cirio na Facebooku i dodao da je ovaj potez \u201cneprihvatljiv s obzirom na broj \u017ertava koje je ova zemlja platila tijekom pandemije\u201d, pritom misle\u0107i na ljudske \u017eivote, ali i dru\u0161tvene i ekonomske neprilike.<\/p>\n\n\n\n<p>Mu\u0161karac koji je podvalio umjetnu ruku navodno je zdravstveni radnik koji je bio suspendiran s posla jer se nije \u017eelio cijepiti. Naime, cijepljenje je obavezno za sve zdravstvene radnike u Italiji, prenosi Jutarnji list.<\/p>\n\n\n\n<p>Izvor:jutarnji.hr<\/p>\n","protected":false},"excerpt":{"rendered":"<p>Mu\u0161karac iz Italije (50) poku\u0161ao je podvaliti umjetnu ruku pod svoju kada je do\u0161ao na cijepljenje protiv bolesti covid-19 te na taj na\u010din poku\u0161ao dobiti covid-potvrdu a da se zapravo ne mora cijepiti. Prevaru je, pi\u0161e CNN, uo\u010dila medicinska sestra Filippa Bua koja mu je trebala dati cjepivo. Rekla je da je primijetila ne\u0161to \u010dudno [&hellip;]<\/p>\n","protected":false},"author":2,"featured_media":95794,"comment_status":"closed","ping_status":"closed","sticky":false,"template":"","format":"standard","meta":{"h5ap_radio_sources":[],"footnotes":""},"categories":[1],"tags":[],"class_list":["post-95793","post","type-post","status-publish","format-standard","has-post-thumbnail","hentry","category-bihiregija"],"yoast_head":"<!-- This site is optimized with the Yoast SEO plugin v27.4 - https:\/\/yoast.com\/product\/yoast-seo-wordpress\/ -->\n<title>Mu\u0161karac poku\u0161ao podvaliti umjetnu ruku na cijepljenju da bi dobio covid-potvrdu - RADIO LJUBU\u0160KI<\/title>\n<meta name=\"robots\" content=\"index, follow, max-snippet:-1, max-image-preview:large, max-video-preview:-1\" \/>\n<link rel=\"canonical\" href=\"https:\/\/radioljubuski.ba\/index.php\/2021\/12\/04\/muskarac-pokusao-podvaliti-umjetnu-ruku-na-cijepljenju-da-bi-dobio-covid-potvrdu\/\" \/>\n<meta property=\"og:locale\" content=\"hr_HR\" \/>\n<meta property=\"og:type\" content=\"article\" \/>\n<meta property=\"og:title\" content=\"Mu\u0161karac poku\u0161ao podvaliti umjetnu ruku na cijepljenju da bi dobio covid-potvrdu - RADIO LJUBU\u0160KI\" \/>\n<meta property=\"og:description\" content=\"Mu\u0161karac iz Italije (50) poku\u0161ao je podvaliti umjetnu ruku pod svoju kada je do\u0161ao na cijepljenje protiv bolesti covid-19 te na taj na\u010din poku\u0161ao dobiti covid-potvrdu a da se zapravo ne mora cijepiti. Prevaru je, pi\u0161e CNN, uo\u010dila medicinska sestra Filippa Bua koja mu je trebala dati cjepivo. Rekla je da je primijetila ne\u0161to \u010dudno [&hellip;]\" \/>\n<meta property=\"og:url\" content=\"https:\/\/radioljubuski.ba\/index.php\/2021\/12\/04\/muskarac-pokusao-podvaliti-umjetnu-ruku-na-cijepljenju-da-bi-dobio-covid-potvrdu\/\" \/>\n<meta property=\"og:site_name\" content=\"RADIO LJUBU\u0160KI\" \/>\n<meta property=\"article:publisher\" content=\"https:\/\/www.facebook.com\/Radiio-Ljubuski-1490835324566332\" \/>\n<meta property=\"article:published_time\" content=\"2021-12-04T12:17:58+00:00\" \/>\n<meta property=\"og:image\" content=\"https:\/\/radioljubuski.ba\/wp-content\/uploads\/2021\/12\/9-2021-10-28-15-34-33-cijepljenje.jpg\" \/>\n\t<meta property=\"og:image:width\" content=\"1000\" \/>\n\t<meta property=\"og:image:height\" content=\"625\" \/>\n\t<meta property=\"og:image:type\" content=\"image\/jpeg\" \/>\n<meta name=\"author\" content=\"Radio Ljubu\u0161ki\" \/>\n<meta name=\"twitter:card\" content=\"summary_large_image\" \/>\n<meta name=\"twitter:creator\" content=\"@radioljubuski\" \/>\n<meta name=\"twitter:site\" content=\"@radioljubuski\" \/>\n<meta name=\"twitter:label1\" content=\"Napisao\/la\" \/>\n\t<meta name=\"twitter:data1\" content=\"Radio Ljubu\u0161ki\" \/>\n\t<meta name=\"twitter:label2\" content=\"Procijenjeno vrijeme \u010ditanja\" \/>\n\t<meta name=\"twitter:data2\" content=\"1 minuta\" \/>\n<script type=\"application\/ld+json\" class=\"yoast-schema-graph\">{\"@context\":\"https:\\\/\\\/schema.org\",\"@graph\":[{\"@type\":\"Article\",\"@id\":\"https:\\\/\\\/radioljubuski.ba\\\/index.php\\\/2021\\\/12\\\/04\\\/muskarac-pokusao-podvaliti-umjetnu-ruku-na-cijepljenju-da-bi-dobio-covid-potvrdu\\\/#article\",\"isPartOf\":{\"@id\":\"https:\\\/\\\/radioljubuski.ba\\\/index.php\\\/2021\\\/12\\\/04\\\/muskarac-pokusao-podvaliti-umjetnu-ruku-na-cijepljenju-da-bi-dobio-covid-potvrdu\\\/\"},\"author\":{\"name\":\"Radio Ljubu\u0161ki\",\"@id\":\"https:\\\/\\\/radioljubuski.ba\\\/#\\\/schema\\\/person\\\/19fc700381a780f69665d7956c469e3b\"},\"headline\":\"Mu\u0161karac poku\u0161ao podvaliti umjetnu ruku na cijepljenju da bi dobio covid-potvrdu\",\"datePublished\":\"2021-12-04T12:17:58+00:00\",\"mainEntityOfPage\":{\"@id\":\"https:\\\/\\\/radioljubuski.ba\\\/index.php\\\/2021\\\/12\\\/04\\\/muskarac-pokusao-podvaliti-umjetnu-ruku-na-cijepljenju-da-bi-dobio-covid-potvrdu\\\/\"},\"wordCount\":242,\"publisher\":{\"@id\":\"https:\\\/\\\/radioljubuski.ba\\\/#organization\"},\"image\":{\"@id\":\"https:\\\/\\\/radioljubuski.ba\\\/index.php\\\/2021\\\/12\\\/04\\\/muskarac-pokusao-podvaliti-umjetnu-ruku-na-cijepljenju-da-bi-dobio-covid-potvrdu\\\/#primaryimage\"},\"thumbnailUrl\":\"https:\\\/\\\/radioljubuski.ba\\\/wp-content\\\/uploads\\\/2021\\\/12\\\/9-2021-10-28-15-34-33-cijepljenje.jpg\",\"articleSection\":[\"BIH i regija\"],\"inLanguage\":\"hr\"},{\"@type\":\"WebPage\",\"@id\":\"https:\\\/\\\/radioljubuski.ba\\\/index.php\\\/2021\\\/12\\\/04\\\/muskarac-pokusao-podvaliti-umjetnu-ruku-na-cijepljenju-da-bi-dobio-covid-potvrdu\\\/\",\"url\":\"https:\\\/\\\/radioljubuski.ba\\\/index.php\\\/2021\\\/12\\\/04\\\/muskarac-pokusao-podvaliti-umjetnu-ruku-na-cijepljenju-da-bi-dobio-covid-potvrdu\\\/\",\"name\":\"Mu\u0161karac poku\u0161ao podvaliti umjetnu ruku na cijepljenju da bi dobio covid-potvrdu - RADIO LJUBU\u0160KI\",\"isPartOf\":{\"@id\":\"https:\\\/\\\/radioljubuski.ba\\\/#website\"},\"primaryImageOfPage\":{\"@id\":\"https:\\\/\\\/radioljubuski.ba\\\/index.php\\\/2021\\\/12\\\/04\\\/muskarac-pokusao-podvaliti-umjetnu-ruku-na-cijepljenju-da-bi-dobio-covid-potvrdu\\\/#primaryimage\"},\"image\":{\"@id\":\"https:\\\/\\\/radioljubuski.ba\\\/index.php\\\/2021\\\/12\\\/04\\\/muskarac-pokusao-podvaliti-umjetnu-ruku-na-cijepljenju-da-bi-dobio-covid-potvrdu\\\/#primaryimage\"},\"thumbnailUrl\":\"https:\\\/\\\/radioljubuski.ba\\\/wp-content\\\/uploads\\\/2021\\\/12\\\/9-2021-10-28-15-34-33-cijepljenje.jpg\",\"datePublished\":\"2021-12-04T12:17:58+00:00\",\"breadcrumb\":{\"@id\":\"https:\\\/\\\/radioljubuski.ba\\\/index.php\\\/2021\\\/12\\\/04\\\/muskarac-pokusao-podvaliti-umjetnu-ruku-na-cijepljenju-da-bi-dobio-covid-potvrdu\\\/#breadcrumb\"},\"inLanguage\":\"hr\",\"potentialAction\":[{\"@type\":\"ReadAction\",\"target\":[\"https:\\\/\\\/radioljubuski.ba\\\/index.php\\\/2021\\\/12\\\/04\\\/muskarac-pokusao-podvaliti-umjetnu-ruku-na-cijepljenju-da-bi-dobio-covid-potvrdu\\\/\"]}]},{\"@type\":\"ImageObject\",\"inLanguage\":\"hr\",\"@id\":\"https:\\\/\\\/radioljubuski.ba\\\/index.php\\\/2021\\\/12\\\/04\\\/muskarac-pokusao-podvaliti-umjetnu-ruku-na-cijepljenju-da-bi-dobio-covid-potvrdu\\\/#primaryimage\",\"url\":\"https:\\\/\\\/radioljubuski.ba\\\/wp-content\\\/uploads\\\/2021\\\/12\\\/9-2021-10-28-15-34-33-cijepljenje.jpg\",\"contentUrl\":\"https:\\\/\\\/radioljubuski.ba\\\/wp-content\\\/uploads\\\/2021\\\/12\\\/9-2021-10-28-15-34-33-cijepljenje.jpg\",\"width\":1000,\"height\":625},{\"@type\":\"BreadcrumbList\",\"@id\":\"https:\\\/\\\/radioljubuski.ba\\\/index.php\\\/2021\\\/12\\\/04\\\/muskarac-pokusao-podvaliti-umjetnu-ruku-na-cijepljenju-da-bi-dobio-covid-potvrdu\\\/#breadcrumb\",\"itemListElement\":[{\"@type\":\"ListItem\",\"position\":1,\"name\":\"Po\u010detna stranica\",\"item\":\"https:\\\/\\\/radioljubuski.ba\\\/\"},{\"@type\":\"ListItem\",\"position\":2,\"name\":\"Mu\u0161karac poku\u0161ao podvaliti umjetnu ruku na cijepljenju da bi dobio covid-potvrdu\"}]},{\"@type\":\"WebSite\",\"@id\":\"https:\\\/\\\/radioljubuski.ba\\\/#website\",\"url\":\"https:\\\/\\\/radioljubuski.ba\\\/\",\"name\":\"Radio Ljubu\u0161ki\",\"description\":\"Sun\u010dana frekvencija Hercegovine\",\"publisher\":{\"@id\":\"https:\\\/\\\/radioljubuski.ba\\\/#organization\"},\"potentialAction\":[{\"@type\":\"SearchAction\",\"target\":{\"@type\":\"EntryPoint\",\"urlTemplate\":\"https:\\\/\\\/radioljubuski.ba\\\/?s={search_term_string}\"},\"query-input\":{\"@type\":\"PropertyValueSpecification\",\"valueRequired\":true,\"valueName\":\"search_term_string\"}}],\"inLanguage\":\"hr\"},{\"@type\":\"Organization\",\"@id\":\"https:\\\/\\\/radioljubuski.ba\\\/#organization\",\"name\":\"Radio Ljubu\u0161ki\",\"url\":\"https:\\\/\\\/radioljubuski.ba\\\/\",\"logo\":{\"@type\":\"ImageObject\",\"inLanguage\":\"hr\",\"@id\":\"https:\\\/\\\/radioljubuski.ba\\\/#\\\/schema\\\/logo\\\/image\\\/\",\"url\":\"https:\\\/\\\/radioljubuski.ba\\\/wp-content\\\/uploads\\\/2021\\\/02\\\/cropped-Radio_Ljubuski_logo1.jpg\",\"contentUrl\":\"https:\\\/\\\/radioljubuski.ba\\\/wp-content\\\/uploads\\\/2021\\\/02\\\/cropped-Radio_Ljubuski_logo1.jpg\",\"width\":512,\"height\":512,\"caption\":\"Radio Ljubu\u0161ki\"},\"image\":{\"@id\":\"https:\\\/\\\/radioljubuski.ba\\\/#\\\/schema\\\/logo\\\/image\\\/\"},\"sameAs\":[\"https:\\\/\\\/www.facebook.com\\\/Radiio-Ljubuski-1490835324566332\",\"https:\\\/\\\/x.com\\\/radioljubuski\",\"https:\\\/\\\/hr.linkedin.com\\\/company\\\/radio-ljubuski\",\"https:\\\/\\\/www.youtube.com\\\/channel\\\/UCHYaeO_n0Db3tjNGudGpXyw\"]},{\"@type\":\"Person\",\"@id\":\"https:\\\/\\\/radioljubuski.ba\\\/#\\\/schema\\\/person\\\/19fc700381a780f69665d7956c469e3b\",\"name\":\"Radio Ljubu\u0161ki\"}]}<\/script>\n<!-- \/ Yoast SEO plugin. -->","yoast_head_json":{"title":"Mu\u0161karac poku\u0161ao podvaliti umjetnu ruku na cijepljenju da bi dobio covid-potvrdu - RADIO LJUBU\u0160KI","robots":{"index":"index","follow":"follow","max-snippet":"max-snippet:-1","max-image-preview":"max-image-preview:large","max-video-preview":"max-video-preview:-1"},"canonical":"https:\/\/radioljubuski.ba\/index.php\/2021\/12\/04\/muskarac-pokusao-podvaliti-umjetnu-ruku-na-cijepljenju-da-bi-dobio-covid-potvrdu\/","og_locale":"hr_HR","og_type":"article","og_title":"Mu\u0161karac poku\u0161ao podvaliti umjetnu ruku na cijepljenju da bi dobio covid-potvrdu - RADIO LJUBU\u0160KI","og_description":"Mu\u0161karac iz Italije (50) poku\u0161ao je podvaliti umjetnu ruku pod svoju kada je do\u0161ao na cijepljenje protiv bolesti covid-19 te na taj na\u010din poku\u0161ao dobiti covid-potvrdu a da se zapravo ne mora cijepiti. Prevaru je, pi\u0161e CNN, uo\u010dila medicinska sestra Filippa Bua koja mu je trebala dati cjepivo. Rekla je da je primijetila ne\u0161to \u010dudno [&hellip;]","og_url":"https:\/\/radioljubuski.ba\/index.php\/2021\/12\/04\/muskarac-pokusao-podvaliti-umjetnu-ruku-na-cijepljenju-da-bi-dobio-covid-potvrdu\/","og_site_name":"RADIO LJUBU\u0160KI","article_publisher":"https:\/\/www.facebook.com\/Radiio-Ljubuski-1490835324566332","article_published_time":"2021-12-04T12:17:58+00:00","og_image":[{"width":1000,"height":625,"url":"https:\/\/radioljubuski.ba\/wp-content\/uploads\/2021\/12\/9-2021-10-28-15-34-33-cijepljenje.jpg","type":"image\/jpeg"}],"author":"Radio Ljubu\u0161ki","twitter_card":"summary_large_image","twitter_creator":"@radioljubuski","twitter_site":"@radioljubuski","twitter_misc":{"Napisao\/la":"Radio Ljubu\u0161ki","Procijenjeno vrijeme \u010ditanja":"1 minuta"},"schema":{"@context":"https:\/\/schema.org","@graph":[{"@type":"Article","@id":"https:\/\/radioljubuski.ba\/index.php\/2021\/12\/04\/muskarac-pokusao-podvaliti-umjetnu-ruku-na-cijepljenju-da-bi-dobio-covid-potvrdu\/#article","isPartOf":{"@id":"https:\/\/radioljubuski.ba\/index.php\/2021\/12\/04\/muskarac-pokusao-podvaliti-umjetnu-ruku-na-cijepljenju-da-bi-dobio-covid-potvrdu\/"},"author":{"name":"Radio Ljubu\u0161ki","@id":"https:\/\/radioljubuski.ba\/#\/schema\/person\/19fc700381a780f69665d7956c469e3b"},"headline":"Mu\u0161karac poku\u0161ao podvaliti umjetnu ruku na cijepljenju da bi dobio covid-potvrdu","datePublished":"2021-12-04T12:17:58+00:00","mainEntityOfPage":{"@id":"https:\/\/radioljubuski.ba\/index.php\/2021\/12\/04\/muskarac-pokusao-podvaliti-umjetnu-ruku-na-cijepljenju-da-bi-dobio-covid-potvrdu\/"},"wordCount":242,"publisher":{"@id":"https:\/\/radioljubuski.ba\/#organization"},"image":{"@id":"https:\/\/radioljubuski.ba\/index.php\/2021\/12\/04\/muskarac-pokusao-podvaliti-umjetnu-ruku-na-cijepljenju-da-bi-dobio-covid-potvrdu\/#primaryimage"},"thumbnailUrl":"https:\/\/radioljubuski.ba\/wp-content\/uploads\/2021\/12\/9-2021-10-28-15-34-33-cijepljenje.jpg","articleSection":["BIH i regija"],"inLanguage":"hr"},{"@type":"WebPage","@id":"https:\/\/radioljubuski.ba\/index.php\/2021\/12\/04\/muskarac-pokusao-podvaliti-umjetnu-ruku-na-cijepljenju-da-bi-dobio-covid-potvrdu\/","url":"https:\/\/radioljubuski.ba\/index.php\/2021\/12\/04\/muskarac-pokusao-podvaliti-umjetnu-ruku-na-cijepljenju-da-bi-dobio-covid-potvrdu\/","name":"Mu\u0161karac poku\u0161ao podvaliti umjetnu ruku na cijepljenju da bi dobio covid-potvrdu - RADIO LJUBU\u0160KI","isPartOf":{"@id":"https:\/\/radioljubuski.ba\/#website"},"primaryImageOfPage":{"@id":"https:\/\/radioljubuski.ba\/index.php\/2021\/12\/04\/muskarac-pokusao-podvaliti-umjetnu-ruku-na-cijepljenju-da-bi-dobio-covid-potvrdu\/#primaryimage"},"image":{"@id":"https:\/\/radioljubuski.ba\/index.php\/2021\/12\/04\/muskarac-pokusao-podvaliti-umjetnu-ruku-na-cijepljenju-da-bi-dobio-covid-potvrdu\/#primaryimage"},"thumbnailUrl":"https:\/\/radioljubuski.ba\/wp-content\/uploads\/2021\/12\/9-2021-10-28-15-34-33-cijepljenje.jpg","datePublished":"2021-12-04T12:17:58+00:00","breadcrumb":{"@id":"https:\/\/radioljubuski.ba\/index.php\/2021\/12\/04\/muskarac-pokusao-podvaliti-umjetnu-ruku-na-cijepljenju-da-bi-dobio-covid-potvrdu\/#breadcrumb"},"inLanguage":"hr","potentialAction":[{"@type":"ReadAction","target":["https:\/\/radioljubuski.ba\/index.php\/2021\/12\/04\/muskarac-pokusao-podvaliti-umjetnu-ruku-na-cijepljenju-da-bi-dobio-covid-potvrdu\/"]}]},{"@type":"ImageObject","inLanguage":"hr","@id":"https:\/\/radioljubuski.ba\/index.php\/2021\/12\/04\/muskarac-pokusao-podvaliti-umjetnu-ruku-na-cijepljenju-da-bi-dobio-covid-potvrdu\/#primaryimage","url":"https:\/\/radioljubuski.ba\/wp-content\/uploads\/2021\/12\/9-2021-10-28-15-34-33-cijepljenje.jpg","contentUrl":"https:\/\/radioljubuski.ba\/wp-content\/uploads\/2021\/12\/9-2021-10-28-15-34-33-cijepljenje.jpg","width":1000,"height":625},{"@type":"BreadcrumbList","@id":"https:\/\/radioljubuski.ba\/index.php\/2021\/12\/04\/muskarac-pokusao-podvaliti-umjetnu-ruku-na-cijepljenju-da-bi-dobio-covid-potvrdu\/#breadcrumb","itemListElement":[{"@type":"ListItem","position":1,"name":"Po\u010detna stranica","item":"https:\/\/radioljubuski.ba\/"},{"@type":"ListItem","position":2,"name":"Mu\u0161karac poku\u0161ao podvaliti umjetnu ruku na cijepljenju da bi dobio covid-potvrdu"}]},{"@type":"WebSite","@id":"https:\/\/radioljubuski.ba\/#website","url":"https:\/\/radioljubuski.ba\/","name":"Radio Ljubu\u0161ki","description":"Sun\u010dana frekvencija Hercegovine","publisher":{"@id":"https:\/\/radioljubuski.ba\/#organization"},"potentialAction":[{"@type":"SearchAction","target":{"@type":"EntryPoint","urlTemplate":"https:\/\/radioljubuski.ba\/?s={search_term_string}"},"query-input":{"@type":"PropertyValueSpecification","valueRequired":true,"valueName":"search_term_string"}}],"inLanguage":"hr"},{"@type":"Organization","@id":"https:\/\/radioljubuski.ba\/#organization","name":"Radio Ljubu\u0161ki","url":"https:\/\/radioljubuski.ba\/","logo":{"@type":"ImageObject","inLanguage":"hr","@id":"https:\/\/radioljubuski.ba\/#\/schema\/logo\/image\/","url":"https:\/\/radioljubuski.ba\/wp-content\/uploads\/2021\/02\/cropped-Radio_Ljubuski_logo1.jpg","contentUrl":"https:\/\/radioljubuski.ba\/wp-content\/uploads\/2021\/02\/cropped-Radio_Ljubuski_logo1.jpg","width":512,"height":512,"caption":"Radio Ljubu\u0161ki"},"image":{"@id":"https:\/\/radioljubuski.ba\/#\/schema\/logo\/image\/"},"sameAs":["https:\/\/www.facebook.com\/Radiio-Ljubuski-1490835324566332","https:\/\/x.com\/radioljubuski","https:\/\/hr.linkedin.com\/company\/radio-ljubuski","https:\/\/www.youtube.com\/channel\/UCHYaeO_n0Db3tjNGudGpXyw"]},{"@type":"Person","@id":"https:\/\/radioljubuski.ba\/#\/schema\/person\/19fc700381a780f69665d7956c469e3b","name":"Radio Ljubu\u0161ki"}]}},"_links":{"self":[{"href":"https:\/\/radioljubuski.ba\/index.php\/wp-json\/wp\/v2\/posts\/95793","targetHints":{"allow":["GET"]}}],"collection":[{"href":"https:\/\/radioljubuski.ba\/index.php\/wp-json\/wp\/v2\/posts"}],"about":[{"href":"https:\/\/radioljubuski.ba\/index.php\/wp-json\/wp\/v2\/types\/post"}],"author":[{"embeddable":true,"href":"https:\/\/radioljubuski.ba\/index.php\/wp-json\/wp\/v2\/users\/2"}],"replies":[{"embeddable":true,"href":"https:\/\/radioljubuski.ba\/index.php\/wp-json\/wp\/v2\/comments?post=95793"}],"version-history":[{"count":1,"href":"https:\/\/radioljubuski.ba\/index.php\/wp-json\/wp\/v2\/posts\/95793\/revisions"}],"predecessor-version":[{"id":95795,"href":"https:\/\/radioljubuski.ba\/index.php\/wp-json\/wp\/v2\/posts\/95793\/revisions\/95795"}],"wp:featuredmedia":[{"embeddable":true,"href":"https:\/\/radioljubuski.ba\/index.php\/wp-json\/wp\/v2\/media\/95794"}],"wp:attachment":[{"href":"https:\/\/radioljubuski.ba\/index.php\/wp-json\/wp\/v2\/media?parent=95793"}],"wp:term":[{"taxonomy":"category","embeddable":true,"href":"https:\/\/radioljubuski.ba\/index.php\/wp-json\/wp\/v2\/categories?post=95793"},{"taxonomy":"post_tag","embeddable":true,"href":"https:\/\/radioljubuski.ba\/index.php\/wp-json\/wp\/v2\/tags?post=95793"}],"curies":[{"name":"wp","href":"https:\/\/api.w.org\/{rel}","templated":true}]}}