{"id":95829,"date":"2021-12-04T13:40:47","date_gmt":"2021-12-04T12:40:47","guid":{"rendered":"https:\/\/radioljubuski.ba\/?p=95829"},"modified":"2021-12-04T13:40:48","modified_gmt":"2021-12-04T12:40:48","slug":"spanjolski-mediji-isticu-snagu-hrvatskog-kolektiva","status":"publish","type":"post","link":"https:\/\/radioljubuski.ba\/index.php\/2021\/12\/04\/spanjolski-mediji-isticu-snagu-hrvatskog-kolektiva\/","title":{"rendered":"\u0160panjolski mediji isti\u010du snagu hrvatskog kolektiva"},"content":{"rendered":"\n<p>\u0160panjolski mediji isti\u010du kako se Hrvatska plasirala u finale ovogodi\u0161njeg Davis Cupa, koji se igra u Madridu, svladav\u0161i u polufinalu Srbiju sa 2-1, zahvaljuju\u0107i kolektivu koji je presudio u odnosu na individualnu kvalitetu najbolje rangiranog tenisa\u010da svijeta Novaka \u0110okovi\u0107a.<\/p>\n\n\n\n<p>&#8211;<strong> Pavi\u0107<\/strong> i <strong>Mekti\u0107 <\/strong>su zavr\u0161ili s \u0110okovi\u0107evim snom i odveli Hrvatsku u finale, pi\u0161u sportske novine Marca.<\/p>\n\n\n\n<p>&#8211; Uvijek postoji prvi put. Hrvatska, koja nikada nije bila pobijedila susjede iz Srbije, osjetila je okus pobjede u klju\u010dnom trenutku, u polufinalu turnira, pi\u0161e taj dnevnik sa sjedi\u0161tem u Madridu.&nbsp;<\/p>\n\n\n\n<p>&#8211; \u0110okovi\u0107u ovaj put nije imao tko asistirati. Tenis je individualni sport, ali u glavnom natjecanju reprezentacija mom\u010dad jako puno zna\u010di, dodaje.<\/p>\n\n\n\n<p>Hrvatska je bila izgubila od Srbije u \u010detvrtfinalu 2010. te u prvom kolu Svjetske skupine 2015. godine, no sada je u polufinalu to prekinula jer su Nikola Mekti\u0107 i Mate Pavi\u0107 u paru svladali sa 7-5 i 6-1 Novaka \u0110okovi\u0107a i <strong>Filipa Krajinovi\u0107a<\/strong>.<\/p>\n\n\n\n<p>Marca napominje kako &#8220;Srbi imaju najboljeg igra\u010da u povijesti, ali ni\u0161ta vi\u0161e&#8221;.<\/p>\n\n\n\n<p>&#8211; To se pokazalo u prethodnim me\u010devima a potvrdilo u polufinalu, napomenula je.<\/p>\n\n\n\n<p>Konkurentski list AS u naslovu donosi: &#8211; Hrvatska zavr\u0161ila s \u0110okovi\u0107em.<\/p>\n\n\n\n<p>&#8211; U dvoboju susjeda prevladao je kolektiv nad individualnom briljantno\u0161\u0107u prvog igra\u010da svijeta, napominju te novine.<\/p>\n\n\n\n<p>Osim igre parova kao klju\u010dan trenutak smatraju neo\u010dekivanu pobjedu <strong>Borne Goje<\/strong> nad <strong>Du\u0161anom Lajovi\u0107em<\/strong> za vodstvo od 1-0.<\/p>\n\n\n\n<p>&#8211; Hrvatska, prvak iz 2005. i 2018. te finalist iz 2016. godine, duguje spomenik Goji, 23-godi\u0161njem igra\u010du koji se nalazi na 279. poziciji i koji obi\u010dno igra &#8216;challengere&#8217;, pi\u0161e AS.<\/p>\n\n\n\n<p>Novine Mundo Deportivo sa sjedi\u0161tem u Barceloni isti\u010du u naslovu: &#8211; \u0110okovi\u0107 se nasukao u parovima, Hrvatska je prvi finalist.<\/p>\n\n\n\n<p>&#8211; Prvi par svijeta Nikola Mekti\u0107 i Mate Pavi\u0107 presudili su Novaku \u0110okovi\u0107u i Filipu Krajinovi\u0107u, napominje Mundo Deportivo podsje\u0107aju\u0107i kako &#8220;prvom reketu svijeta&#8221; ostaje naslov iz 2010. godine.<\/p>\n\n\n\n<p>Novine El Pa\u00eds donose naslov: &#8211; \u0110okovi\u0107 do ondje gdje mu je dopustila Hrvatska.<\/p>\n\n\n\n<p>&#8211; Broj 1 je popustio zajedno s Krajinovi\u0107em pod mo\u0107nim parom rivala, pi\u0161u te novine.<\/p>\n\n\n\n<p>Hrvatska \u0107e u nedjelju u dvorani Arena Madrid igrati finale Davis Cupa protiv pobjednika susreta izme\u0111u Njema\u010dke i Rusije.<\/p>\n\n\n\n<p>Izvor:hrt.hr<\/p>\n","protected":false},"excerpt":{"rendered":"<p>\u0160panjolski mediji isti\u010du kako se Hrvatska plasirala u finale ovogodi\u0161njeg Davis Cupa, koji se igra u Madridu, svladav\u0161i u polufinalu Srbiju sa 2-1, zahvaljuju\u0107i kolektivu koji je presudio u odnosu na individualnu kvalitetu najbolje rangiranog tenisa\u010da svijeta Novaka \u0110okovi\u0107a. &#8211; Pavi\u0107 i Mekti\u0107 su zavr\u0161ili s \u0110okovi\u0107evim snom i odveli Hrvatsku u finale, pi\u0161u sportske [&hellip;]<\/p>\n","protected":false},"author":2,"featured_media":95830,"comment_status":"closed","ping_status":"closed","sticky":false,"template":"","format":"standard","meta":{"h5ap_radio_sources":[],"footnotes":""},"categories":[7],"tags":[],"class_list":["post-95829","post","type-post","status-publish","format-standard","has-post-thumbnail","hentry","category-sport"],"yoast_head":"<!-- This site is optimized with the Yoast SEO plugin v27.5 - https:\/\/yoast.com\/product\/yoast-seo-wordpress\/ -->\n<title>\u0160panjolski mediji isti\u010du snagu hrvatskog kolektiva - RADIO LJUBU\u0160KI<\/title>\n<meta name=\"robots\" content=\"index, follow, max-snippet:-1, max-image-preview:large, max-video-preview:-1\" \/>\n<link rel=\"canonical\" href=\"https:\/\/radioljubuski.ba\/index.php\/2021\/12\/04\/spanjolski-mediji-isticu-snagu-hrvatskog-kolektiva\/\" \/>\n<meta property=\"og:locale\" content=\"hr_HR\" \/>\n<meta property=\"og:type\" content=\"article\" \/>\n<meta property=\"og:title\" content=\"\u0160panjolski mediji isti\u010du snagu hrvatskog kolektiva - RADIO LJUBU\u0160KI\" \/>\n<meta property=\"og:description\" content=\"\u0160panjolski mediji isti\u010du kako se Hrvatska plasirala u finale ovogodi\u0161njeg Davis Cupa, koji se igra u Madridu, svladav\u0161i u polufinalu Srbiju sa 2-1, zahvaljuju\u0107i kolektivu koji je presudio u odnosu na individualnu kvalitetu najbolje rangiranog tenisa\u010da svijeta Novaka \u0110okovi\u0107a. &#8211; Pavi\u0107 i Mekti\u0107 su zavr\u0161ili s \u0110okovi\u0107evim snom i odveli Hrvatsku u finale, pi\u0161u sportske [&hellip;]\" \/>\n<meta property=\"og:url\" content=\"https:\/\/radioljubuski.ba\/index.php\/2021\/12\/04\/spanjolski-mediji-isticu-snagu-hrvatskog-kolektiva\/\" \/>\n<meta property=\"og:site_name\" content=\"RADIO LJUBU\u0160KI\" \/>\n<meta property=\"article:publisher\" content=\"https:\/\/www.facebook.com\/Radiio-Ljubuski-1490835324566332\" \/>\n<meta property=\"article:published_time\" content=\"2021-12-04T12:40:47+00:00\" \/>\n<meta property=\"article:modified_time\" content=\"2021-12-04T12:40:48+00:00\" \/>\n<meta property=\"og:image\" content=\"https:\/\/radioljubuski.ba\/wp-content\/uploads\/2021\/12\/pavic-mektic-2021-12-03t211021z-113951874-up1ehc31mt8bh-rtrmadp-3-tennis-daviscup-20211204093632.jpg\" \/>\n\t<meta property=\"og:image:width\" content=\"1600\" \/>\n\t<meta property=\"og:image:height\" content=\"878\" \/>\n\t<meta property=\"og:image:type\" content=\"image\/jpeg\" \/>\n<meta name=\"author\" content=\"Radio Ljubu\u0161ki\" \/>\n<meta name=\"twitter:card\" content=\"summary_large_image\" \/>\n<meta name=\"twitter:creator\" content=\"@radioljubuski\" \/>\n<meta name=\"twitter:site\" content=\"@radioljubuski\" \/>\n<meta name=\"twitter:label1\" content=\"Napisao\/la\" \/>\n\t<meta name=\"twitter:data1\" content=\"Radio Ljubu\u0161ki\" \/>\n\t<meta name=\"twitter:label2\" content=\"Procijenjeno vrijeme \u010ditanja\" \/>\n\t<meta name=\"twitter:data2\" content=\"2 minute\" \/>\n<script type=\"application\/ld+json\" class=\"yoast-schema-graph\">{\"@context\":\"https:\\\/\\\/schema.org\",\"@graph\":[{\"@type\":\"Article\",\"@id\":\"https:\\\/\\\/radioljubuski.ba\\\/index.php\\\/2021\\\/12\\\/04\\\/spanjolski-mediji-isticu-snagu-hrvatskog-kolektiva\\\/#article\",\"isPartOf\":{\"@id\":\"https:\\\/\\\/radioljubuski.ba\\\/index.php\\\/2021\\\/12\\\/04\\\/spanjolski-mediji-isticu-snagu-hrvatskog-kolektiva\\\/\"},\"author\":{\"name\":\"Radio Ljubu\u0161ki\",\"@id\":\"https:\\\/\\\/radioljubuski.ba\\\/#\\\/schema\\\/person\\\/19fc700381a780f69665d7956c469e3b\"},\"headline\":\"\u0160panjolski mediji isti\u010du snagu hrvatskog kolektiva\",\"datePublished\":\"2021-12-04T12:40:47+00:00\",\"dateModified\":\"2021-12-04T12:40:48+00:00\",\"mainEntityOfPage\":{\"@id\":\"https:\\\/\\\/radioljubuski.ba\\\/index.php\\\/2021\\\/12\\\/04\\\/spanjolski-mediji-isticu-snagu-hrvatskog-kolektiva\\\/\"},\"wordCount\":398,\"publisher\":{\"@id\":\"https:\\\/\\\/radioljubuski.ba\\\/#organization\"},\"image\":{\"@id\":\"https:\\\/\\\/radioljubuski.ba\\\/index.php\\\/2021\\\/12\\\/04\\\/spanjolski-mediji-isticu-snagu-hrvatskog-kolektiva\\\/#primaryimage\"},\"thumbnailUrl\":\"https:\\\/\\\/radioljubuski.ba\\\/wp-content\\\/uploads\\\/2021\\\/12\\\/pavic-mektic-2021-12-03t211021z-113951874-up1ehc31mt8bh-rtrmadp-3-tennis-daviscup-20211204093632.jpg\",\"articleSection\":[\"\u0160port\"],\"inLanguage\":\"hr\"},{\"@type\":\"WebPage\",\"@id\":\"https:\\\/\\\/radioljubuski.ba\\\/index.php\\\/2021\\\/12\\\/04\\\/spanjolski-mediji-isticu-snagu-hrvatskog-kolektiva\\\/\",\"url\":\"https:\\\/\\\/radioljubuski.ba\\\/index.php\\\/2021\\\/12\\\/04\\\/spanjolski-mediji-isticu-snagu-hrvatskog-kolektiva\\\/\",\"name\":\"\u0160panjolski mediji isti\u010du snagu hrvatskog kolektiva - RADIO LJUBU\u0160KI\",\"isPartOf\":{\"@id\":\"https:\\\/\\\/radioljubuski.ba\\\/#website\"},\"primaryImageOfPage\":{\"@id\":\"https:\\\/\\\/radioljubuski.ba\\\/index.php\\\/2021\\\/12\\\/04\\\/spanjolski-mediji-isticu-snagu-hrvatskog-kolektiva\\\/#primaryimage\"},\"image\":{\"@id\":\"https:\\\/\\\/radioljubuski.ba\\\/index.php\\\/2021\\\/12\\\/04\\\/spanjolski-mediji-isticu-snagu-hrvatskog-kolektiva\\\/#primaryimage\"},\"thumbnailUrl\":\"https:\\\/\\\/radioljubuski.ba\\\/wp-content\\\/uploads\\\/2021\\\/12\\\/pavic-mektic-2021-12-03t211021z-113951874-up1ehc31mt8bh-rtrmadp-3-tennis-daviscup-20211204093632.jpg\",\"datePublished\":\"2021-12-04T12:40:47+00:00\",\"dateModified\":\"2021-12-04T12:40:48+00:00\",\"breadcrumb\":{\"@id\":\"https:\\\/\\\/radioljubuski.ba\\\/index.php\\\/2021\\\/12\\\/04\\\/spanjolski-mediji-isticu-snagu-hrvatskog-kolektiva\\\/#breadcrumb\"},\"inLanguage\":\"hr\",\"potentialAction\":[{\"@type\":\"ReadAction\",\"target\":[\"https:\\\/\\\/radioljubuski.ba\\\/index.php\\\/2021\\\/12\\\/04\\\/spanjolski-mediji-isticu-snagu-hrvatskog-kolektiva\\\/\"]}]},{\"@type\":\"ImageObject\",\"inLanguage\":\"hr\",\"@id\":\"https:\\\/\\\/radioljubuski.ba\\\/index.php\\\/2021\\\/12\\\/04\\\/spanjolski-mediji-isticu-snagu-hrvatskog-kolektiva\\\/#primaryimage\",\"url\":\"https:\\\/\\\/radioljubuski.ba\\\/wp-content\\\/uploads\\\/2021\\\/12\\\/pavic-mektic-2021-12-03t211021z-113951874-up1ehc31mt8bh-rtrmadp-3-tennis-daviscup-20211204093632.jpg\",\"contentUrl\":\"https:\\\/\\\/radioljubuski.ba\\\/wp-content\\\/uploads\\\/2021\\\/12\\\/pavic-mektic-2021-12-03t211021z-113951874-up1ehc31mt8bh-rtrmadp-3-tennis-daviscup-20211204093632.jpg\",\"width\":1600,\"height\":878},{\"@type\":\"BreadcrumbList\",\"@id\":\"https:\\\/\\\/radioljubuski.ba\\\/index.php\\\/2021\\\/12\\\/04\\\/spanjolski-mediji-isticu-snagu-hrvatskog-kolektiva\\\/#breadcrumb\",\"itemListElement\":[{\"@type\":\"ListItem\",\"position\":1,\"name\":\"Po\u010detna stranica\",\"item\":\"https:\\\/\\\/radioljubuski.ba\\\/\"},{\"@type\":\"ListItem\",\"position\":2,\"name\":\"\u0160panjolski mediji isti\u010du snagu hrvatskog kolektiva\"}]},{\"@type\":\"WebSite\",\"@id\":\"https:\\\/\\\/radioljubuski.ba\\\/#website\",\"url\":\"https:\\\/\\\/radioljubuski.ba\\\/\",\"name\":\"Radio Ljubu\u0161ki\",\"description\":\"Sun\u010dana frekvencija Hercegovine\",\"publisher\":{\"@id\":\"https:\\\/\\\/radioljubuski.ba\\\/#organization\"},\"potentialAction\":[{\"@type\":\"SearchAction\",\"target\":{\"@type\":\"EntryPoint\",\"urlTemplate\":\"https:\\\/\\\/radioljubuski.ba\\\/?s={search_term_string}\"},\"query-input\":{\"@type\":\"PropertyValueSpecification\",\"valueRequired\":true,\"valueName\":\"search_term_string\"}}],\"inLanguage\":\"hr\"},{\"@type\":\"Organization\",\"@id\":\"https:\\\/\\\/radioljubuski.ba\\\/#organization\",\"name\":\"Radio Ljubu\u0161ki\",\"url\":\"https:\\\/\\\/radioljubuski.ba\\\/\",\"logo\":{\"@type\":\"ImageObject\",\"inLanguage\":\"hr\",\"@id\":\"https:\\\/\\\/radioljubuski.ba\\\/#\\\/schema\\\/logo\\\/image\\\/\",\"url\":\"https:\\\/\\\/radioljubuski.ba\\\/wp-content\\\/uploads\\\/2021\\\/02\\\/cropped-Radio_Ljubuski_logo1.jpg\",\"contentUrl\":\"https:\\\/\\\/radioljubuski.ba\\\/wp-content\\\/uploads\\\/2021\\\/02\\\/cropped-Radio_Ljubuski_logo1.jpg\",\"width\":512,\"height\":512,\"caption\":\"Radio Ljubu\u0161ki\"},\"image\":{\"@id\":\"https:\\\/\\\/radioljubuski.ba\\\/#\\\/schema\\\/logo\\\/image\\\/\"},\"sameAs\":[\"https:\\\/\\\/www.facebook.com\\\/Radiio-Ljubuski-1490835324566332\",\"https:\\\/\\\/x.com\\\/radioljubuski\",\"https:\\\/\\\/hr.linkedin.com\\\/company\\\/radio-ljubuski\",\"https:\\\/\\\/www.youtube.com\\\/channel\\\/UCHYaeO_n0Db3tjNGudGpXyw\"]},{\"@type\":\"Person\",\"@id\":\"https:\\\/\\\/radioljubuski.ba\\\/#\\\/schema\\\/person\\\/19fc700381a780f69665d7956c469e3b\",\"name\":\"Radio Ljubu\u0161ki\"}]}<\/script>\n<!-- \/ Yoast SEO plugin. -->","yoast_head_json":{"title":"\u0160panjolski mediji isti\u010du snagu hrvatskog kolektiva - RADIO LJUBU\u0160KI","robots":{"index":"index","follow":"follow","max-snippet":"max-snippet:-1","max-image-preview":"max-image-preview:large","max-video-preview":"max-video-preview:-1"},"canonical":"https:\/\/radioljubuski.ba\/index.php\/2021\/12\/04\/spanjolski-mediji-isticu-snagu-hrvatskog-kolektiva\/","og_locale":"hr_HR","og_type":"article","og_title":"\u0160panjolski mediji isti\u010du snagu hrvatskog kolektiva - RADIO LJUBU\u0160KI","og_description":"\u0160panjolski mediji isti\u010du kako se Hrvatska plasirala u finale ovogodi\u0161njeg Davis Cupa, koji se igra u Madridu, svladav\u0161i u polufinalu Srbiju sa 2-1, zahvaljuju\u0107i kolektivu koji je presudio u odnosu na individualnu kvalitetu najbolje rangiranog tenisa\u010da svijeta Novaka \u0110okovi\u0107a. &#8211; Pavi\u0107 i Mekti\u0107 su zavr\u0161ili s \u0110okovi\u0107evim snom i odveli Hrvatsku u finale, pi\u0161u sportske [&hellip;]","og_url":"https:\/\/radioljubuski.ba\/index.php\/2021\/12\/04\/spanjolski-mediji-isticu-snagu-hrvatskog-kolektiva\/","og_site_name":"RADIO LJUBU\u0160KI","article_publisher":"https:\/\/www.facebook.com\/Radiio-Ljubuski-1490835324566332","article_published_time":"2021-12-04T12:40:47+00:00","article_modified_time":"2021-12-04T12:40:48+00:00","og_image":[{"width":1600,"height":878,"url":"https:\/\/radioljubuski.ba\/wp-content\/uploads\/2021\/12\/pavic-mektic-2021-12-03t211021z-113951874-up1ehc31mt8bh-rtrmadp-3-tennis-daviscup-20211204093632.jpg","type":"image\/jpeg"}],"author":"Radio Ljubu\u0161ki","twitter_card":"summary_large_image","twitter_creator":"@radioljubuski","twitter_site":"@radioljubuski","twitter_misc":{"Napisao\/la":"Radio Ljubu\u0161ki","Procijenjeno vrijeme \u010ditanja":"2 minute"},"schema":{"@context":"https:\/\/schema.org","@graph":[{"@type":"Article","@id":"https:\/\/radioljubuski.ba\/index.php\/2021\/12\/04\/spanjolski-mediji-isticu-snagu-hrvatskog-kolektiva\/#article","isPartOf":{"@id":"https:\/\/radioljubuski.ba\/index.php\/2021\/12\/04\/spanjolski-mediji-isticu-snagu-hrvatskog-kolektiva\/"},"author":{"name":"Radio Ljubu\u0161ki","@id":"https:\/\/radioljubuski.ba\/#\/schema\/person\/19fc700381a780f69665d7956c469e3b"},"headline":"\u0160panjolski mediji isti\u010du snagu hrvatskog kolektiva","datePublished":"2021-12-04T12:40:47+00:00","dateModified":"2021-12-04T12:40:48+00:00","mainEntityOfPage":{"@id":"https:\/\/radioljubuski.ba\/index.php\/2021\/12\/04\/spanjolski-mediji-isticu-snagu-hrvatskog-kolektiva\/"},"wordCount":398,"publisher":{"@id":"https:\/\/radioljubuski.ba\/#organization"},"image":{"@id":"https:\/\/radioljubuski.ba\/index.php\/2021\/12\/04\/spanjolski-mediji-isticu-snagu-hrvatskog-kolektiva\/#primaryimage"},"thumbnailUrl":"https:\/\/radioljubuski.ba\/wp-content\/uploads\/2021\/12\/pavic-mektic-2021-12-03t211021z-113951874-up1ehc31mt8bh-rtrmadp-3-tennis-daviscup-20211204093632.jpg","articleSection":["\u0160port"],"inLanguage":"hr"},{"@type":"WebPage","@id":"https:\/\/radioljubuski.ba\/index.php\/2021\/12\/04\/spanjolski-mediji-isticu-snagu-hrvatskog-kolektiva\/","url":"https:\/\/radioljubuski.ba\/index.php\/2021\/12\/04\/spanjolski-mediji-isticu-snagu-hrvatskog-kolektiva\/","name":"\u0160panjolski mediji isti\u010du snagu hrvatskog kolektiva - RADIO LJUBU\u0160KI","isPartOf":{"@id":"https:\/\/radioljubuski.ba\/#website"},"primaryImageOfPage":{"@id":"https:\/\/radioljubuski.ba\/index.php\/2021\/12\/04\/spanjolski-mediji-isticu-snagu-hrvatskog-kolektiva\/#primaryimage"},"image":{"@id":"https:\/\/radioljubuski.ba\/index.php\/2021\/12\/04\/spanjolski-mediji-isticu-snagu-hrvatskog-kolektiva\/#primaryimage"},"thumbnailUrl":"https:\/\/radioljubuski.ba\/wp-content\/uploads\/2021\/12\/pavic-mektic-2021-12-03t211021z-113951874-up1ehc31mt8bh-rtrmadp-3-tennis-daviscup-20211204093632.jpg","datePublished":"2021-12-04T12:40:47+00:00","dateModified":"2021-12-04T12:40:48+00:00","breadcrumb":{"@id":"https:\/\/radioljubuski.ba\/index.php\/2021\/12\/04\/spanjolski-mediji-isticu-snagu-hrvatskog-kolektiva\/#breadcrumb"},"inLanguage":"hr","potentialAction":[{"@type":"ReadAction","target":["https:\/\/radioljubuski.ba\/index.php\/2021\/12\/04\/spanjolski-mediji-isticu-snagu-hrvatskog-kolektiva\/"]}]},{"@type":"ImageObject","inLanguage":"hr","@id":"https:\/\/radioljubuski.ba\/index.php\/2021\/12\/04\/spanjolski-mediji-isticu-snagu-hrvatskog-kolektiva\/#primaryimage","url":"https:\/\/radioljubuski.ba\/wp-content\/uploads\/2021\/12\/pavic-mektic-2021-12-03t211021z-113951874-up1ehc31mt8bh-rtrmadp-3-tennis-daviscup-20211204093632.jpg","contentUrl":"https:\/\/radioljubuski.ba\/wp-content\/uploads\/2021\/12\/pavic-mektic-2021-12-03t211021z-113951874-up1ehc31mt8bh-rtrmadp-3-tennis-daviscup-20211204093632.jpg","width":1600,"height":878},{"@type":"BreadcrumbList","@id":"https:\/\/radioljubuski.ba\/index.php\/2021\/12\/04\/spanjolski-mediji-isticu-snagu-hrvatskog-kolektiva\/#breadcrumb","itemListElement":[{"@type":"ListItem","position":1,"name":"Po\u010detna stranica","item":"https:\/\/radioljubuski.ba\/"},{"@type":"ListItem","position":2,"name":"\u0160panjolski mediji isti\u010du snagu hrvatskog kolektiva"}]},{"@type":"WebSite","@id":"https:\/\/radioljubuski.ba\/#website","url":"https:\/\/radioljubuski.ba\/","name":"Radio Ljubu\u0161ki","description":"Sun\u010dana frekvencija Hercegovine","publisher":{"@id":"https:\/\/radioljubuski.ba\/#organization"},"potentialAction":[{"@type":"SearchAction","target":{"@type":"EntryPoint","urlTemplate":"https:\/\/radioljubuski.ba\/?s={search_term_string}"},"query-input":{"@type":"PropertyValueSpecification","valueRequired":true,"valueName":"search_term_string"}}],"inLanguage":"hr"},{"@type":"Organization","@id":"https:\/\/radioljubuski.ba\/#organization","name":"Radio Ljubu\u0161ki","url":"https:\/\/radioljubuski.ba\/","logo":{"@type":"ImageObject","inLanguage":"hr","@id":"https:\/\/radioljubuski.ba\/#\/schema\/logo\/image\/","url":"https:\/\/radioljubuski.ba\/wp-content\/uploads\/2021\/02\/cropped-Radio_Ljubuski_logo1.jpg","contentUrl":"https:\/\/radioljubuski.ba\/wp-content\/uploads\/2021\/02\/cropped-Radio_Ljubuski_logo1.jpg","width":512,"height":512,"caption":"Radio Ljubu\u0161ki"},"image":{"@id":"https:\/\/radioljubuski.ba\/#\/schema\/logo\/image\/"},"sameAs":["https:\/\/www.facebook.com\/Radiio-Ljubuski-1490835324566332","https:\/\/x.com\/radioljubuski","https:\/\/hr.linkedin.com\/company\/radio-ljubuski","https:\/\/www.youtube.com\/channel\/UCHYaeO_n0Db3tjNGudGpXyw"]},{"@type":"Person","@id":"https:\/\/radioljubuski.ba\/#\/schema\/person\/19fc700381a780f69665d7956c469e3b","name":"Radio Ljubu\u0161ki"}]}},"_links":{"self":[{"href":"https:\/\/radioljubuski.ba\/index.php\/wp-json\/wp\/v2\/posts\/95829","targetHints":{"allow":["GET"]}}],"collection":[{"href":"https:\/\/radioljubuski.ba\/index.php\/wp-json\/wp\/v2\/posts"}],"about":[{"href":"https:\/\/radioljubuski.ba\/index.php\/wp-json\/wp\/v2\/types\/post"}],"author":[{"embeddable":true,"href":"https:\/\/radioljubuski.ba\/index.php\/wp-json\/wp\/v2\/users\/2"}],"replies":[{"embeddable":true,"href":"https:\/\/radioljubuski.ba\/index.php\/wp-json\/wp\/v2\/comments?post=95829"}],"version-history":[{"count":1,"href":"https:\/\/radioljubuski.ba\/index.php\/wp-json\/wp\/v2\/posts\/95829\/revisions"}],"predecessor-version":[{"id":95831,"href":"https:\/\/radioljubuski.ba\/index.php\/wp-json\/wp\/v2\/posts\/95829\/revisions\/95831"}],"wp:featuredmedia":[{"embeddable":true,"href":"https:\/\/radioljubuski.ba\/index.php\/wp-json\/wp\/v2\/media\/95830"}],"wp:attachment":[{"href":"https:\/\/radioljubuski.ba\/index.php\/wp-json\/wp\/v2\/media?parent=95829"}],"wp:term":[{"taxonomy":"category","embeddable":true,"href":"https:\/\/radioljubuski.ba\/index.php\/wp-json\/wp\/v2\/categories?post=95829"},{"taxonomy":"post_tag","embeddable":true,"href":"https:\/\/radioljubuski.ba\/index.php\/wp-json\/wp\/v2\/tags?post=95829"}],"curies":[{"name":"wp","href":"https:\/\/api.w.org\/{rel}","templated":true}]}}