{"id":95832,"date":"2021-12-04T13:42:14","date_gmt":"2021-12-04T12:42:14","guid":{"rendered":"https:\/\/radioljubuski.ba\/?p=95832"},"modified":"2021-12-04T13:42:15","modified_gmt":"2021-12-04T12:42:15","slug":"troicki-kljucna-pobjeda-goje-dokovic-izbjegao-odgovor-o-sljedecem-turniru","status":"publish","type":"post","link":"https:\/\/radioljubuski.ba\/index.php\/2021\/12\/04\/troicki-kljucna-pobjeda-goje-dokovic-izbjegao-odgovor-o-sljedecem-turniru\/","title":{"rendered":"Troicki: Klju\u010dna pobjeda Goje; \u0110okovi\u0107 izbjegao odgovor o sljede\u0107em turniru"},"content":{"rendered":"\n<p>Izbornik srbijanske teniske reprezentacije Viktor Troicki rekao je nakon poraza (1-2) od Hrvatske u polufinalu Davis Cupa da je klju\u010dni me\u010d bio onaj Borne Goje i favoriziranog Du\u0161ana Lajovi\u0107a u kojem je slavio hrvatski igra\u010d.<\/p>\n\n\n\n<p>Nakon \u0161to je Gojo svladao Lajovi\u0107a sa 4-6 6-3 i 6-2, a <strong>Novak \u0110okovi\u0107<\/strong> slavio protiv Marina \u010cili\u0107a sa 6-4, 6-2 i izjedna\u010dio na 1-1, uslijedio je odlu\u010duju\u0107i me\u010d parova.<\/p>\n\n\n\n<p>&#8211; Znali smo da \u0107e to biti najte\u017ei me\u010d, oni su odigrali sjajno, a zato i jesu prvi par na svijetu, rekao je Troicki o hrvatskom paru <strong>Nikola Mekti\u0107 &#8211; Mate Pavi\u0107<\/strong>.<\/p>\n\n\n\n<p>&#8211; Na\u0161e prilike su bile u pojedina\u010dnim me\u010devima. Trebali smo pobijediti u prvom me\u010du, no na\u017ealost nismo. Gojo je igrao agresivno, moram jo\u0161 jednom pogledati taj me\u010d. Na\u017ealost, to je bio klju\u010dni me\u010d, rekao je Troicki.<\/p>\n\n\n\n<p>&#8211; Jako smo razo\u010darani, dobili smo jako dobru \u0161ansu igrati protiv Kazahstana i oslabljene Hrvatsku be<strong>z Borne \u0106ori\u0107<\/strong>a. Vjerovali smo danas u pobjedu jer smo ra\u010dunali na dvije pobjede iz singla, dodao je i rekao kako mu je najvi\u0161e \u017eao zbog \u0110okovi\u0107a.<\/p>\n\n\n\n<p>Niti s njime u parovima Srbija nije mogla protiv Mekti\u0107a i Pavi\u0107a koji su sa 7-5 i 6-1 odveli Hrvatsku u finale.<\/p>\n\n\n\n<p>&#8211; Poku\u0161ali smo iznenaditi Hrvatsku u parovima, i\u0161li smo na iznena\u0111enje s dva &#8216;single&#8217; igra\u010da, ali nam nije po\u0161lo za rukom, napomenuo je Troicki.<\/p>\n\n\n\n<p>\u0110okovi\u0107 je, pak, naglasio da ga &#8220;boli ovaj poraz&#8221;.<\/p>\n\n\n\n<p>&#8211; Iza\u0161li smo u taj me\u010d parova vjeruju\u0107i da mo\u017eemo, premda smo znali da \u0107e to biti najte\u017ei me\u010d, u kojem nismo favoriti, jer igramo protiv najboljih na svijetu. Ali, nismo htjeli iza\u0107i s bijelom zastavom, rekao je \u0110okovi\u0107.<\/p>\n\n\n\n<p>Nakon neizvjesnog prvog seta \u0110okovi\u0107 i njegov partner Filip Krajinovi\u0107 pali su u drugom setu, \u0161to &#8220;prvi reket svijeta&#8221; pripisuje odli\u010dnoj igri hrvatskog para.<\/p>\n\n\n\n<p>&#8211; Oni igraju tako da jedan izlazi naprijed, a drugi mu \u0161titi le\u0111a i to\u010dno znaju gdje \u0107e pasti lopta. \u010citavo vrijeme su nas pritiskali. Poku\u0161ali smo i nismo uspjeli, objasnio je.<\/p>\n\n\n\n<p>&#8211; Mi ne igramo puno parove, no morat \u0107emo to popraviti u budu\u0107nosti, na\u0107i par koji \u0107e stalno igrati zajedno, rekao je \u0110okovi\u0107 i poru\u010dio kako sada \u017eeli zaboraviti na tenis te se potpuno isklju\u010diti i posvetiti obitelji, jer je umoran od ove sezone.<\/p>\n\n\n\n<p>Upitan &#8220;koji je sljede\u0107i turnir koji \u0107e igrati&#8221;, \u0110okovi\u0107 nije dao jasan odgovor.<\/p>\n\n\n\n<p>&#8211; Znam na \u0161to se odnosi pitanje, ali ne\u0107u vam ve\u010deras dati odgovor. O\u010digledno, Australija \u0107e do\u0107i vrlo brzo pa \u0107e te uskoro saznati. Potrebno mi je vrijeme koje \u0107u provesti s obitelji, a vidjet \u0107emo \u0161to budu\u0107nost donosi, odgovorio je \u0110okovi\u0107.<\/p>\n\n\n\n<p>Organizatori Australian Opena su najavili da na prvom Grand Slam turniru u novoj sezoni ne\u0107e mo\u0107i nastupiti nijedan igra\u010d koji nije cijepljen protiv Covida-19 te da ni za koga ne\u0107e biti izmimke.<\/p>\n\n\n\n<p>\u0110okovi\u0107 jo\u0161 uvijek nije otkrio je li cijepljen ili nije. Najbolji tenisa\u010d svijeta je pro\u0161le godine u Melbourneu po rekordni deveti put osvojio Australian Open i sljede\u0107e godine bi osvajanjem desetog naslova imao priliku nadma\u0161iti \u0160panjolca <strong>Rafaela Nadala<\/strong> i \u0160vicarca <strong>Rogera Federera<\/strong> s kojima dijeli rekord od 20 osvojenih trofeja na Grand Slam turnirima.<\/p>\n\n\n\n<p>Izvor.hrt.hr<\/p>\n","protected":false},"excerpt":{"rendered":"<p>Izbornik srbijanske teniske reprezentacije Viktor Troicki rekao je nakon poraza (1-2) od Hrvatske u polufinalu Davis Cupa da je klju\u010dni me\u010d bio onaj Borne Goje i favoriziranog Du\u0161ana Lajovi\u0107a u kojem je slavio hrvatski igra\u010d. Nakon \u0161to je Gojo svladao Lajovi\u0107a sa 4-6 6-3 i 6-2, a Novak \u0110okovi\u0107 slavio protiv Marina \u010cili\u0107a sa 6-4, [&hellip;]<\/p>\n","protected":false},"author":2,"featured_media":95833,"comment_status":"closed","ping_status":"closed","sticky":false,"template":"","format":"standard","meta":{"h5ap_radio_sources":[],"footnotes":""},"categories":[7],"tags":[],"class_list":["post-95832","post","type-post","status-publish","format-standard","has-post-thumbnail","hentry","category-sport"],"yoast_head":"<!-- This site is optimized with the Yoast SEO plugin v27.5 - https:\/\/yoast.com\/product\/yoast-seo-wordpress\/ -->\n<title>Troicki: Klju\u010dna pobjeda Goje; \u0110okovi\u0107 izbjegao odgovor o sljede\u0107em turniru - RADIO LJUBU\u0160KI<\/title>\n<meta name=\"robots\" content=\"index, follow, max-snippet:-1, max-image-preview:large, max-video-preview:-1\" \/>\n<link rel=\"canonical\" href=\"https:\/\/radioljubuski.ba\/index.php\/2021\/12\/04\/troicki-kljucna-pobjeda-goje-dokovic-izbjegao-odgovor-o-sljedecem-turniru\/\" \/>\n<meta property=\"og:locale\" content=\"hr_HR\" \/>\n<meta property=\"og:type\" content=\"article\" \/>\n<meta property=\"og:title\" content=\"Troicki: Klju\u010dna pobjeda Goje; \u0110okovi\u0107 izbjegao odgovor o sljede\u0107em turniru - RADIO LJUBU\u0160KI\" \/>\n<meta property=\"og:description\" content=\"Izbornik srbijanske teniske reprezentacije Viktor Troicki rekao je nakon poraza (1-2) od Hrvatske u polufinalu Davis Cupa da je klju\u010dni me\u010d bio onaj Borne Goje i favoriziranog Du\u0161ana Lajovi\u0107a u kojem je slavio hrvatski igra\u010d. Nakon \u0161to je Gojo svladao Lajovi\u0107a sa 4-6 6-3 i 6-2, a Novak \u0110okovi\u0107 slavio protiv Marina \u010cili\u0107a sa 6-4, [&hellip;]\" \/>\n<meta property=\"og:url\" content=\"https:\/\/radioljubuski.ba\/index.php\/2021\/12\/04\/troicki-kljucna-pobjeda-goje-dokovic-izbjegao-odgovor-o-sljedecem-turniru\/\" \/>\n<meta property=\"og:site_name\" content=\"RADIO LJUBU\u0160KI\" \/>\n<meta property=\"article:publisher\" content=\"https:\/\/www.facebook.com\/Radiio-Ljubuski-1490835324566332\" \/>\n<meta property=\"article:published_time\" content=\"2021-12-04T12:42:14+00:00\" \/>\n<meta property=\"article:modified_time\" content=\"2021-12-04T12:42:15+00:00\" \/>\n<meta property=\"og:image\" content=\"https:\/\/radioljubuski.ba\/wp-content\/uploads\/2021\/12\/djokovic-2021-12-03t215450z-20561096-up1ehc31fp082-rtrmadp-3-tennis-daviscup-20211204094242.jpg\" \/>\n\t<meta property=\"og:image:width\" content=\"1600\" \/>\n\t<meta property=\"og:image:height\" content=\"949\" \/>\n\t<meta property=\"og:image:type\" content=\"image\/jpeg\" \/>\n<meta name=\"author\" content=\"Radio Ljubu\u0161ki\" \/>\n<meta name=\"twitter:card\" content=\"summary_large_image\" \/>\n<meta name=\"twitter:creator\" content=\"@radioljubuski\" \/>\n<meta name=\"twitter:site\" content=\"@radioljubuski\" \/>\n<meta name=\"twitter:label1\" content=\"Napisao\/la\" \/>\n\t<meta name=\"twitter:data1\" content=\"Radio Ljubu\u0161ki\" \/>\n\t<meta name=\"twitter:label2\" content=\"Procijenjeno vrijeme \u010ditanja\" \/>\n\t<meta name=\"twitter:data2\" content=\"3 minute\" \/>\n<script type=\"application\/ld+json\" class=\"yoast-schema-graph\">{\"@context\":\"https:\\\/\\\/schema.org\",\"@graph\":[{\"@type\":\"Article\",\"@id\":\"https:\\\/\\\/radioljubuski.ba\\\/index.php\\\/2021\\\/12\\\/04\\\/troicki-kljucna-pobjeda-goje-dokovic-izbjegao-odgovor-o-sljedecem-turniru\\\/#article\",\"isPartOf\":{\"@id\":\"https:\\\/\\\/radioljubuski.ba\\\/index.php\\\/2021\\\/12\\\/04\\\/troicki-kljucna-pobjeda-goje-dokovic-izbjegao-odgovor-o-sljedecem-turniru\\\/\"},\"author\":{\"name\":\"Radio Ljubu\u0161ki\",\"@id\":\"https:\\\/\\\/radioljubuski.ba\\\/#\\\/schema\\\/person\\\/19fc700381a780f69665d7956c469e3b\"},\"headline\":\"Troicki: Klju\u010dna pobjeda Goje; \u0110okovi\u0107 izbjegao odgovor o sljede\u0107em turniru\",\"datePublished\":\"2021-12-04T12:42:14+00:00\",\"dateModified\":\"2021-12-04T12:42:15+00:00\",\"mainEntityOfPage\":{\"@id\":\"https:\\\/\\\/radioljubuski.ba\\\/index.php\\\/2021\\\/12\\\/04\\\/troicki-kljucna-pobjeda-goje-dokovic-izbjegao-odgovor-o-sljedecem-turniru\\\/\"},\"wordCount\":577,\"publisher\":{\"@id\":\"https:\\\/\\\/radioljubuski.ba\\\/#organization\"},\"image\":{\"@id\":\"https:\\\/\\\/radioljubuski.ba\\\/index.php\\\/2021\\\/12\\\/04\\\/troicki-kljucna-pobjeda-goje-dokovic-izbjegao-odgovor-o-sljedecem-turniru\\\/#primaryimage\"},\"thumbnailUrl\":\"https:\\\/\\\/radioljubuski.ba\\\/wp-content\\\/uploads\\\/2021\\\/12\\\/djokovic-2021-12-03t215450z-20561096-up1ehc31fp082-rtrmadp-3-tennis-daviscup-20211204094242.jpg\",\"articleSection\":[\"\u0160port\"],\"inLanguage\":\"hr\"},{\"@type\":\"WebPage\",\"@id\":\"https:\\\/\\\/radioljubuski.ba\\\/index.php\\\/2021\\\/12\\\/04\\\/troicki-kljucna-pobjeda-goje-dokovic-izbjegao-odgovor-o-sljedecem-turniru\\\/\",\"url\":\"https:\\\/\\\/radioljubuski.ba\\\/index.php\\\/2021\\\/12\\\/04\\\/troicki-kljucna-pobjeda-goje-dokovic-izbjegao-odgovor-o-sljedecem-turniru\\\/\",\"name\":\"Troicki: Klju\u010dna pobjeda Goje; \u0110okovi\u0107 izbjegao odgovor o sljede\u0107em turniru - RADIO LJUBU\u0160KI\",\"isPartOf\":{\"@id\":\"https:\\\/\\\/radioljubuski.ba\\\/#website\"},\"primaryImageOfPage\":{\"@id\":\"https:\\\/\\\/radioljubuski.ba\\\/index.php\\\/2021\\\/12\\\/04\\\/troicki-kljucna-pobjeda-goje-dokovic-izbjegao-odgovor-o-sljedecem-turniru\\\/#primaryimage\"},\"image\":{\"@id\":\"https:\\\/\\\/radioljubuski.ba\\\/index.php\\\/2021\\\/12\\\/04\\\/troicki-kljucna-pobjeda-goje-dokovic-izbjegao-odgovor-o-sljedecem-turniru\\\/#primaryimage\"},\"thumbnailUrl\":\"https:\\\/\\\/radioljubuski.ba\\\/wp-content\\\/uploads\\\/2021\\\/12\\\/djokovic-2021-12-03t215450z-20561096-up1ehc31fp082-rtrmadp-3-tennis-daviscup-20211204094242.jpg\",\"datePublished\":\"2021-12-04T12:42:14+00:00\",\"dateModified\":\"2021-12-04T12:42:15+00:00\",\"breadcrumb\":{\"@id\":\"https:\\\/\\\/radioljubuski.ba\\\/index.php\\\/2021\\\/12\\\/04\\\/troicki-kljucna-pobjeda-goje-dokovic-izbjegao-odgovor-o-sljedecem-turniru\\\/#breadcrumb\"},\"inLanguage\":\"hr\",\"potentialAction\":[{\"@type\":\"ReadAction\",\"target\":[\"https:\\\/\\\/radioljubuski.ba\\\/index.php\\\/2021\\\/12\\\/04\\\/troicki-kljucna-pobjeda-goje-dokovic-izbjegao-odgovor-o-sljedecem-turniru\\\/\"]}]},{\"@type\":\"ImageObject\",\"inLanguage\":\"hr\",\"@id\":\"https:\\\/\\\/radioljubuski.ba\\\/index.php\\\/2021\\\/12\\\/04\\\/troicki-kljucna-pobjeda-goje-dokovic-izbjegao-odgovor-o-sljedecem-turniru\\\/#primaryimage\",\"url\":\"https:\\\/\\\/radioljubuski.ba\\\/wp-content\\\/uploads\\\/2021\\\/12\\\/djokovic-2021-12-03t215450z-20561096-up1ehc31fp082-rtrmadp-3-tennis-daviscup-20211204094242.jpg\",\"contentUrl\":\"https:\\\/\\\/radioljubuski.ba\\\/wp-content\\\/uploads\\\/2021\\\/12\\\/djokovic-2021-12-03t215450z-20561096-up1ehc31fp082-rtrmadp-3-tennis-daviscup-20211204094242.jpg\",\"width\":1600,\"height\":949},{\"@type\":\"BreadcrumbList\",\"@id\":\"https:\\\/\\\/radioljubuski.ba\\\/index.php\\\/2021\\\/12\\\/04\\\/troicki-kljucna-pobjeda-goje-dokovic-izbjegao-odgovor-o-sljedecem-turniru\\\/#breadcrumb\",\"itemListElement\":[{\"@type\":\"ListItem\",\"position\":1,\"name\":\"Po\u010detna stranica\",\"item\":\"https:\\\/\\\/radioljubuski.ba\\\/\"},{\"@type\":\"ListItem\",\"position\":2,\"name\":\"Troicki: Klju\u010dna pobjeda Goje; \u0110okovi\u0107 izbjegao odgovor o sljede\u0107em turniru\"}]},{\"@type\":\"WebSite\",\"@id\":\"https:\\\/\\\/radioljubuski.ba\\\/#website\",\"url\":\"https:\\\/\\\/radioljubuski.ba\\\/\",\"name\":\"Radio Ljubu\u0161ki\",\"description\":\"Sun\u010dana frekvencija Hercegovine\",\"publisher\":{\"@id\":\"https:\\\/\\\/radioljubuski.ba\\\/#organization\"},\"potentialAction\":[{\"@type\":\"SearchAction\",\"target\":{\"@type\":\"EntryPoint\",\"urlTemplate\":\"https:\\\/\\\/radioljubuski.ba\\\/?s={search_term_string}\"},\"query-input\":{\"@type\":\"PropertyValueSpecification\",\"valueRequired\":true,\"valueName\":\"search_term_string\"}}],\"inLanguage\":\"hr\"},{\"@type\":\"Organization\",\"@id\":\"https:\\\/\\\/radioljubuski.ba\\\/#organization\",\"name\":\"Radio Ljubu\u0161ki\",\"url\":\"https:\\\/\\\/radioljubuski.ba\\\/\",\"logo\":{\"@type\":\"ImageObject\",\"inLanguage\":\"hr\",\"@id\":\"https:\\\/\\\/radioljubuski.ba\\\/#\\\/schema\\\/logo\\\/image\\\/\",\"url\":\"https:\\\/\\\/radioljubuski.ba\\\/wp-content\\\/uploads\\\/2021\\\/02\\\/cropped-Radio_Ljubuski_logo1.jpg\",\"contentUrl\":\"https:\\\/\\\/radioljubuski.ba\\\/wp-content\\\/uploads\\\/2021\\\/02\\\/cropped-Radio_Ljubuski_logo1.jpg\",\"width\":512,\"height\":512,\"caption\":\"Radio Ljubu\u0161ki\"},\"image\":{\"@id\":\"https:\\\/\\\/radioljubuski.ba\\\/#\\\/schema\\\/logo\\\/image\\\/\"},\"sameAs\":[\"https:\\\/\\\/www.facebook.com\\\/Radiio-Ljubuski-1490835324566332\",\"https:\\\/\\\/x.com\\\/radioljubuski\",\"https:\\\/\\\/hr.linkedin.com\\\/company\\\/radio-ljubuski\",\"https:\\\/\\\/www.youtube.com\\\/channel\\\/UCHYaeO_n0Db3tjNGudGpXyw\"]},{\"@type\":\"Person\",\"@id\":\"https:\\\/\\\/radioljubuski.ba\\\/#\\\/schema\\\/person\\\/19fc700381a780f69665d7956c469e3b\",\"name\":\"Radio Ljubu\u0161ki\"}]}<\/script>\n<!-- \/ Yoast SEO plugin. -->","yoast_head_json":{"title":"Troicki: Klju\u010dna pobjeda Goje; \u0110okovi\u0107 izbjegao odgovor o sljede\u0107em turniru - RADIO LJUBU\u0160KI","robots":{"index":"index","follow":"follow","max-snippet":"max-snippet:-1","max-image-preview":"max-image-preview:large","max-video-preview":"max-video-preview:-1"},"canonical":"https:\/\/radioljubuski.ba\/index.php\/2021\/12\/04\/troicki-kljucna-pobjeda-goje-dokovic-izbjegao-odgovor-o-sljedecem-turniru\/","og_locale":"hr_HR","og_type":"article","og_title":"Troicki: Klju\u010dna pobjeda Goje; \u0110okovi\u0107 izbjegao odgovor o sljede\u0107em turniru - RADIO LJUBU\u0160KI","og_description":"Izbornik srbijanske teniske reprezentacije Viktor Troicki rekao je nakon poraza (1-2) od Hrvatske u polufinalu Davis Cupa da je klju\u010dni me\u010d bio onaj Borne Goje i favoriziranog Du\u0161ana Lajovi\u0107a u kojem je slavio hrvatski igra\u010d. Nakon \u0161to je Gojo svladao Lajovi\u0107a sa 4-6 6-3 i 6-2, a Novak \u0110okovi\u0107 slavio protiv Marina \u010cili\u0107a sa 6-4, [&hellip;]","og_url":"https:\/\/radioljubuski.ba\/index.php\/2021\/12\/04\/troicki-kljucna-pobjeda-goje-dokovic-izbjegao-odgovor-o-sljedecem-turniru\/","og_site_name":"RADIO LJUBU\u0160KI","article_publisher":"https:\/\/www.facebook.com\/Radiio-Ljubuski-1490835324566332","article_published_time":"2021-12-04T12:42:14+00:00","article_modified_time":"2021-12-04T12:42:15+00:00","og_image":[{"width":1600,"height":949,"url":"https:\/\/radioljubuski.ba\/wp-content\/uploads\/2021\/12\/djokovic-2021-12-03t215450z-20561096-up1ehc31fp082-rtrmadp-3-tennis-daviscup-20211204094242.jpg","type":"image\/jpeg"}],"author":"Radio Ljubu\u0161ki","twitter_card":"summary_large_image","twitter_creator":"@radioljubuski","twitter_site":"@radioljubuski","twitter_misc":{"Napisao\/la":"Radio Ljubu\u0161ki","Procijenjeno vrijeme \u010ditanja":"3 minute"},"schema":{"@context":"https:\/\/schema.org","@graph":[{"@type":"Article","@id":"https:\/\/radioljubuski.ba\/index.php\/2021\/12\/04\/troicki-kljucna-pobjeda-goje-dokovic-izbjegao-odgovor-o-sljedecem-turniru\/#article","isPartOf":{"@id":"https:\/\/radioljubuski.ba\/index.php\/2021\/12\/04\/troicki-kljucna-pobjeda-goje-dokovic-izbjegao-odgovor-o-sljedecem-turniru\/"},"author":{"name":"Radio Ljubu\u0161ki","@id":"https:\/\/radioljubuski.ba\/#\/schema\/person\/19fc700381a780f69665d7956c469e3b"},"headline":"Troicki: Klju\u010dna pobjeda Goje; \u0110okovi\u0107 izbjegao odgovor o sljede\u0107em turniru","datePublished":"2021-12-04T12:42:14+00:00","dateModified":"2021-12-04T12:42:15+00:00","mainEntityOfPage":{"@id":"https:\/\/radioljubuski.ba\/index.php\/2021\/12\/04\/troicki-kljucna-pobjeda-goje-dokovic-izbjegao-odgovor-o-sljedecem-turniru\/"},"wordCount":577,"publisher":{"@id":"https:\/\/radioljubuski.ba\/#organization"},"image":{"@id":"https:\/\/radioljubuski.ba\/index.php\/2021\/12\/04\/troicki-kljucna-pobjeda-goje-dokovic-izbjegao-odgovor-o-sljedecem-turniru\/#primaryimage"},"thumbnailUrl":"https:\/\/radioljubuski.ba\/wp-content\/uploads\/2021\/12\/djokovic-2021-12-03t215450z-20561096-up1ehc31fp082-rtrmadp-3-tennis-daviscup-20211204094242.jpg","articleSection":["\u0160port"],"inLanguage":"hr"},{"@type":"WebPage","@id":"https:\/\/radioljubuski.ba\/index.php\/2021\/12\/04\/troicki-kljucna-pobjeda-goje-dokovic-izbjegao-odgovor-o-sljedecem-turniru\/","url":"https:\/\/radioljubuski.ba\/index.php\/2021\/12\/04\/troicki-kljucna-pobjeda-goje-dokovic-izbjegao-odgovor-o-sljedecem-turniru\/","name":"Troicki: Klju\u010dna pobjeda Goje; \u0110okovi\u0107 izbjegao odgovor o sljede\u0107em turniru - RADIO LJUBU\u0160KI","isPartOf":{"@id":"https:\/\/radioljubuski.ba\/#website"},"primaryImageOfPage":{"@id":"https:\/\/radioljubuski.ba\/index.php\/2021\/12\/04\/troicki-kljucna-pobjeda-goje-dokovic-izbjegao-odgovor-o-sljedecem-turniru\/#primaryimage"},"image":{"@id":"https:\/\/radioljubuski.ba\/index.php\/2021\/12\/04\/troicki-kljucna-pobjeda-goje-dokovic-izbjegao-odgovor-o-sljedecem-turniru\/#primaryimage"},"thumbnailUrl":"https:\/\/radioljubuski.ba\/wp-content\/uploads\/2021\/12\/djokovic-2021-12-03t215450z-20561096-up1ehc31fp082-rtrmadp-3-tennis-daviscup-20211204094242.jpg","datePublished":"2021-12-04T12:42:14+00:00","dateModified":"2021-12-04T12:42:15+00:00","breadcrumb":{"@id":"https:\/\/radioljubuski.ba\/index.php\/2021\/12\/04\/troicki-kljucna-pobjeda-goje-dokovic-izbjegao-odgovor-o-sljedecem-turniru\/#breadcrumb"},"inLanguage":"hr","potentialAction":[{"@type":"ReadAction","target":["https:\/\/radioljubuski.ba\/index.php\/2021\/12\/04\/troicki-kljucna-pobjeda-goje-dokovic-izbjegao-odgovor-o-sljedecem-turniru\/"]}]},{"@type":"ImageObject","inLanguage":"hr","@id":"https:\/\/radioljubuski.ba\/index.php\/2021\/12\/04\/troicki-kljucna-pobjeda-goje-dokovic-izbjegao-odgovor-o-sljedecem-turniru\/#primaryimage","url":"https:\/\/radioljubuski.ba\/wp-content\/uploads\/2021\/12\/djokovic-2021-12-03t215450z-20561096-up1ehc31fp082-rtrmadp-3-tennis-daviscup-20211204094242.jpg","contentUrl":"https:\/\/radioljubuski.ba\/wp-content\/uploads\/2021\/12\/djokovic-2021-12-03t215450z-20561096-up1ehc31fp082-rtrmadp-3-tennis-daviscup-20211204094242.jpg","width":1600,"height":949},{"@type":"BreadcrumbList","@id":"https:\/\/radioljubuski.ba\/index.php\/2021\/12\/04\/troicki-kljucna-pobjeda-goje-dokovic-izbjegao-odgovor-o-sljedecem-turniru\/#breadcrumb","itemListElement":[{"@type":"ListItem","position":1,"name":"Po\u010detna stranica","item":"https:\/\/radioljubuski.ba\/"},{"@type":"ListItem","position":2,"name":"Troicki: Klju\u010dna pobjeda Goje; \u0110okovi\u0107 izbjegao odgovor o sljede\u0107em turniru"}]},{"@type":"WebSite","@id":"https:\/\/radioljubuski.ba\/#website","url":"https:\/\/radioljubuski.ba\/","name":"Radio Ljubu\u0161ki","description":"Sun\u010dana frekvencija Hercegovine","publisher":{"@id":"https:\/\/radioljubuski.ba\/#organization"},"potentialAction":[{"@type":"SearchAction","target":{"@type":"EntryPoint","urlTemplate":"https:\/\/radioljubuski.ba\/?s={search_term_string}"},"query-input":{"@type":"PropertyValueSpecification","valueRequired":true,"valueName":"search_term_string"}}],"inLanguage":"hr"},{"@type":"Organization","@id":"https:\/\/radioljubuski.ba\/#organization","name":"Radio Ljubu\u0161ki","url":"https:\/\/radioljubuski.ba\/","logo":{"@type":"ImageObject","inLanguage":"hr","@id":"https:\/\/radioljubuski.ba\/#\/schema\/logo\/image\/","url":"https:\/\/radioljubuski.ba\/wp-content\/uploads\/2021\/02\/cropped-Radio_Ljubuski_logo1.jpg","contentUrl":"https:\/\/radioljubuski.ba\/wp-content\/uploads\/2021\/02\/cropped-Radio_Ljubuski_logo1.jpg","width":512,"height":512,"caption":"Radio Ljubu\u0161ki"},"image":{"@id":"https:\/\/radioljubuski.ba\/#\/schema\/logo\/image\/"},"sameAs":["https:\/\/www.facebook.com\/Radiio-Ljubuski-1490835324566332","https:\/\/x.com\/radioljubuski","https:\/\/hr.linkedin.com\/company\/radio-ljubuski","https:\/\/www.youtube.com\/channel\/UCHYaeO_n0Db3tjNGudGpXyw"]},{"@type":"Person","@id":"https:\/\/radioljubuski.ba\/#\/schema\/person\/19fc700381a780f69665d7956c469e3b","name":"Radio Ljubu\u0161ki"}]}},"_links":{"self":[{"href":"https:\/\/radioljubuski.ba\/index.php\/wp-json\/wp\/v2\/posts\/95832","targetHints":{"allow":["GET"]}}],"collection":[{"href":"https:\/\/radioljubuski.ba\/index.php\/wp-json\/wp\/v2\/posts"}],"about":[{"href":"https:\/\/radioljubuski.ba\/index.php\/wp-json\/wp\/v2\/types\/post"}],"author":[{"embeddable":true,"href":"https:\/\/radioljubuski.ba\/index.php\/wp-json\/wp\/v2\/users\/2"}],"replies":[{"embeddable":true,"href":"https:\/\/radioljubuski.ba\/index.php\/wp-json\/wp\/v2\/comments?post=95832"}],"version-history":[{"count":1,"href":"https:\/\/radioljubuski.ba\/index.php\/wp-json\/wp\/v2\/posts\/95832\/revisions"}],"predecessor-version":[{"id":95834,"href":"https:\/\/radioljubuski.ba\/index.php\/wp-json\/wp\/v2\/posts\/95832\/revisions\/95834"}],"wp:featuredmedia":[{"embeddable":true,"href":"https:\/\/radioljubuski.ba\/index.php\/wp-json\/wp\/v2\/media\/95833"}],"wp:attachment":[{"href":"https:\/\/radioljubuski.ba\/index.php\/wp-json\/wp\/v2\/media?parent=95832"}],"wp:term":[{"taxonomy":"category","embeddable":true,"href":"https:\/\/radioljubuski.ba\/index.php\/wp-json\/wp\/v2\/categories?post=95832"},{"taxonomy":"post_tag","embeddable":true,"href":"https:\/\/radioljubuski.ba\/index.php\/wp-json\/wp\/v2\/tags?post=95832"}],"curies":[{"name":"wp","href":"https:\/\/api.w.org\/{rel}","templated":true}]}}