{"id":95835,"date":"2021-12-04T13:43:44","date_gmt":"2021-12-04T12:43:44","guid":{"rendered":"https:\/\/radioljubuski.ba\/?p=95835"},"modified":"2021-12-04T13:43:45","modified_gmt":"2021-12-04T12:43:45","slug":"martic-osjecaj-je-super-nadamo-se-pobjedi-i-u-finalu","status":"publish","type":"post","link":"https:\/\/radioljubuski.ba\/index.php\/2021\/12\/04\/martic-osjecaj-je-super-nadamo-se-pobjedi-i-u-finalu\/","title":{"rendered":"Marti\u0107: Osje\u0107aj je super, nadamo se pobjedi i u finalu"},"content":{"rendered":"\n<p>Jutro nakon ulaska u finale Davis Cupa emocije \u010dlanova hrvatske reprezentacije i dalje su jake. Uspjeh je golem, jer na\u0161 je sastav do\u0161ao nadomak naslova svjetskog prvaka, a to je prilika da se nakon 2005. i 2018. i tre\u0107i put osvoji najcjenjeniji trofej u mom\u010dadskom tenisu. Tko \u0107e im u nedjelju od 16 sati biti protivnik u Areni Madrid saznat \u0107e se nakon zavr\u0161etka drugog polufinalnog okr\u0161aja, u kojem \u0107e se u subotu (po\u010detak u 13 sati) sastati Rusija i Njema\u010dka.<\/p>\n\n\n\n<p>&#8211; Osje\u0107aj je super. U svaki me\u010d ulazimo s istim o\u010dekivanjima, da \u0107emo pobijediti. Do sada nam je to polazilo za rukom, nadamo se da \u0107e tako biti i u finalu, ka\u017ee <strong>Vedran Marti\u0107<\/strong>, koji u izborni\u010dkoj ulozi jo\u0161 uvijek ima maksimalan u\u010dinak, bez ijednog poraza.<\/p>\n\n\n\n<p>Marti\u0107 je, naime, reprezentaciju preuzeo po\u010detkom pro\u0161le godine, a u prvom susretu pod njegovim vodstvom na\u0161i su tenisa\u010di u Zagrebu svladali Indiju. Ove godine, pak, stigle su pobjede nad Australijom, Ma\u0111arskom, Italijom i Srbijom, \u0161to ve\u0107 donosi respektabilan omjer pobjeda i poraza 5:0.<\/p>\n\n\n\n<p>Golem doprinos ovim rezultatima dao je bez sumnje <strong>Borna Gojo<\/strong>. Protiv Indije je do\u0161ao do prve pobjede u ovom natjecanju, a sada je svladao<strong> Johna Millmana<\/strong> (72. na ATP listi), <strong>Lorenza Sonega<\/strong> (27.) i <strong>Du\u0161ana Lajovi\u0107a<\/strong> (33.). Na pitanje kako komentira bajku Borne Goje, koji pobje\u0111uje mnogo bolje rangirane tenisa\u010de, a sam igra kao da je me\u0111u dvadeset najboljih na svijetu (trenutno je 279.) Marti\u0107 je odgovorio:<\/p>\n\n\n\n<p>&#8211; Borna je ove sezone imao malo problema s le\u0111ima, mijenjao je trenere\u2026 No ja se nadam da \u0107e i na Touru uskoro imati sli\u010dne rezultate. Kvalitetom to zavrje\u0111uje, a time i bolji plasman na rang listi.<\/p>\n\n\n\n<p>Kao \u0161to je uobi\u010dajeno u Davis Cupu igra\u010di tijekom susreta imaju savjetodavnu podr\u0161ku izbornika, no svi isti\u010du i sjajnu pripremu me\u010deva koje odra\u0111uje sto\u017eer reprezentacije.<\/p>\n\n\n\n<p>&#8211; Imamo dobar tim. Osim mene su tu \u0161to se ti\u010de tenisa <strong>Igor \u0160ari\u0107<\/strong> i <strong>Mi\u0161o Dodig<\/strong>, koji brata<strong> Ivana<\/strong> trenira parove i perfektno poznaje problematiku. Cijeli sto\u017eer funkcionira savr\u0161eno, tu su fizioterapeut, \u0161paner reketa, sportska direktorica HTS-a <strong>Jelena Kostani\u0107<\/strong>\u2026 Sve funkcionira savr\u0161eno, ka\u017ee Marti\u0107.<\/p>\n\n\n\n<p>Pobjedom protiv Srbije, odnosno plasmanom u finale, hrvatski tenisa\u010di osigurali su izravan odlazak na zavr\u0161nicu Davis Cupa za 2022. godinu. Druga reprezentacija koja \u0107e to napraviti bit \u0107e pobjednik susreta Rusija &#8211; Njema\u010dka, dva sastava \u0107e dobiti pozivnicu organizatora (bit \u0107e objavljeno u nedjelju uo\u010di izvla\u010denja), a preostalih 12 sudionika doznat \u0107e se nakon zavr\u0161etka kvalifikacija u o\u017eujku idu\u0107e godine.&nbsp;<\/p>\n\n\n\n<p>Izvor:hrt.hr<\/p>\n","protected":false},"excerpt":{"rendered":"<p>Jutro nakon ulaska u finale Davis Cupa emocije \u010dlanova hrvatske reprezentacije i dalje su jake. Uspjeh je golem, jer na\u0161 je sastav do\u0161ao nadomak naslova svjetskog prvaka, a to je prilika da se nakon 2005. i 2018. i tre\u0107i put osvoji najcjenjeniji trofej u mom\u010dadskom tenisu. Tko \u0107e im u nedjelju od 16 sati biti [&hellip;]<\/p>\n","protected":false},"author":2,"featured_media":95836,"comment_status":"closed","ping_status":"closed","sticky":false,"template":"","format":"standard","meta":{"h5ap_radio_sources":[],"footnotes":""},"categories":[7],"tags":[],"class_list":["post-95835","post","type-post","status-publish","format-standard","has-post-thumbnail","hentry","category-sport"],"yoast_head":"<!-- This site is optimized with the Yoast SEO plugin v27.5 - https:\/\/yoast.com\/product\/yoast-seo-wordpress\/ -->\n<title>Marti\u0107: Osje\u0107aj je super, nadamo se pobjedi i u finalu - RADIO LJUBU\u0160KI<\/title>\n<meta name=\"robots\" content=\"index, follow, max-snippet:-1, max-image-preview:large, max-video-preview:-1\" \/>\n<link rel=\"canonical\" href=\"https:\/\/radioljubuski.ba\/index.php\/2021\/12\/04\/martic-osjecaj-je-super-nadamo-se-pobjedi-i-u-finalu\/\" \/>\n<meta property=\"og:locale\" content=\"hr_HR\" \/>\n<meta property=\"og:type\" content=\"article\" \/>\n<meta property=\"og:title\" content=\"Marti\u0107: Osje\u0107aj je super, nadamo se pobjedi i u finalu - RADIO LJUBU\u0160KI\" \/>\n<meta property=\"og:description\" content=\"Jutro nakon ulaska u finale Davis Cupa emocije \u010dlanova hrvatske reprezentacije i dalje su jake. Uspjeh je golem, jer na\u0161 je sastav do\u0161ao nadomak naslova svjetskog prvaka, a to je prilika da se nakon 2005. i 2018. i tre\u0107i put osvoji najcjenjeniji trofej u mom\u010dadskom tenisu. Tko \u0107e im u nedjelju od 16 sati biti [&hellip;]\" \/>\n<meta property=\"og:url\" content=\"https:\/\/radioljubuski.ba\/index.php\/2021\/12\/04\/martic-osjecaj-je-super-nadamo-se-pobjedi-i-u-finalu\/\" \/>\n<meta property=\"og:site_name\" content=\"RADIO LJUBU\u0160KI\" \/>\n<meta property=\"article:publisher\" content=\"https:\/\/www.facebook.com\/Radiio-Ljubuski-1490835324566332\" \/>\n<meta property=\"article:published_time\" content=\"2021-12-04T12:43:44+00:00\" \/>\n<meta property=\"article:modified_time\" content=\"2021-12-04T12:43:45+00:00\" \/>\n<meta property=\"og:image\" content=\"https:\/\/radioljubuski.ba\/wp-content\/uploads\/2021\/12\/tenis-martic-gojo-20211204115531.jpg\" \/>\n\t<meta property=\"og:image:width\" content=\"1600\" \/>\n\t<meta property=\"og:image:height\" content=\"928\" \/>\n\t<meta property=\"og:image:type\" content=\"image\/jpeg\" \/>\n<meta name=\"author\" content=\"Radio Ljubu\u0161ki\" \/>\n<meta name=\"twitter:card\" content=\"summary_large_image\" \/>\n<meta name=\"twitter:creator\" content=\"@radioljubuski\" \/>\n<meta name=\"twitter:site\" content=\"@radioljubuski\" \/>\n<meta name=\"twitter:label1\" content=\"Napisao\/la\" \/>\n\t<meta name=\"twitter:data1\" content=\"Radio Ljubu\u0161ki\" \/>\n\t<meta name=\"twitter:label2\" content=\"Procijenjeno vrijeme \u010ditanja\" \/>\n\t<meta name=\"twitter:data2\" content=\"2 minute\" \/>\n<script type=\"application\/ld+json\" class=\"yoast-schema-graph\">{\"@context\":\"https:\\\/\\\/schema.org\",\"@graph\":[{\"@type\":\"Article\",\"@id\":\"https:\\\/\\\/radioljubuski.ba\\\/index.php\\\/2021\\\/12\\\/04\\\/martic-osjecaj-je-super-nadamo-se-pobjedi-i-u-finalu\\\/#article\",\"isPartOf\":{\"@id\":\"https:\\\/\\\/radioljubuski.ba\\\/index.php\\\/2021\\\/12\\\/04\\\/martic-osjecaj-je-super-nadamo-se-pobjedi-i-u-finalu\\\/\"},\"author\":{\"name\":\"Radio Ljubu\u0161ki\",\"@id\":\"https:\\\/\\\/radioljubuski.ba\\\/#\\\/schema\\\/person\\\/19fc700381a780f69665d7956c469e3b\"},\"headline\":\"Marti\u0107: Osje\u0107aj je super, nadamo se pobjedi i u finalu\",\"datePublished\":\"2021-12-04T12:43:44+00:00\",\"dateModified\":\"2021-12-04T12:43:45+00:00\",\"mainEntityOfPage\":{\"@id\":\"https:\\\/\\\/radioljubuski.ba\\\/index.php\\\/2021\\\/12\\\/04\\\/martic-osjecaj-je-super-nadamo-se-pobjedi-i-u-finalu\\\/\"},\"wordCount\":455,\"publisher\":{\"@id\":\"https:\\\/\\\/radioljubuski.ba\\\/#organization\"},\"image\":{\"@id\":\"https:\\\/\\\/radioljubuski.ba\\\/index.php\\\/2021\\\/12\\\/04\\\/martic-osjecaj-je-super-nadamo-se-pobjedi-i-u-finalu\\\/#primaryimage\"},\"thumbnailUrl\":\"https:\\\/\\\/radioljubuski.ba\\\/wp-content\\\/uploads\\\/2021\\\/12\\\/tenis-martic-gojo-20211204115531.jpg\",\"articleSection\":[\"\u0160port\"],\"inLanguage\":\"hr\"},{\"@type\":\"WebPage\",\"@id\":\"https:\\\/\\\/radioljubuski.ba\\\/index.php\\\/2021\\\/12\\\/04\\\/martic-osjecaj-je-super-nadamo-se-pobjedi-i-u-finalu\\\/\",\"url\":\"https:\\\/\\\/radioljubuski.ba\\\/index.php\\\/2021\\\/12\\\/04\\\/martic-osjecaj-je-super-nadamo-se-pobjedi-i-u-finalu\\\/\",\"name\":\"Marti\u0107: Osje\u0107aj je super, nadamo se pobjedi i u finalu - RADIO LJUBU\u0160KI\",\"isPartOf\":{\"@id\":\"https:\\\/\\\/radioljubuski.ba\\\/#website\"},\"primaryImageOfPage\":{\"@id\":\"https:\\\/\\\/radioljubuski.ba\\\/index.php\\\/2021\\\/12\\\/04\\\/martic-osjecaj-je-super-nadamo-se-pobjedi-i-u-finalu\\\/#primaryimage\"},\"image\":{\"@id\":\"https:\\\/\\\/radioljubuski.ba\\\/index.php\\\/2021\\\/12\\\/04\\\/martic-osjecaj-je-super-nadamo-se-pobjedi-i-u-finalu\\\/#primaryimage\"},\"thumbnailUrl\":\"https:\\\/\\\/radioljubuski.ba\\\/wp-content\\\/uploads\\\/2021\\\/12\\\/tenis-martic-gojo-20211204115531.jpg\",\"datePublished\":\"2021-12-04T12:43:44+00:00\",\"dateModified\":\"2021-12-04T12:43:45+00:00\",\"breadcrumb\":{\"@id\":\"https:\\\/\\\/radioljubuski.ba\\\/index.php\\\/2021\\\/12\\\/04\\\/martic-osjecaj-je-super-nadamo-se-pobjedi-i-u-finalu\\\/#breadcrumb\"},\"inLanguage\":\"hr\",\"potentialAction\":[{\"@type\":\"ReadAction\",\"target\":[\"https:\\\/\\\/radioljubuski.ba\\\/index.php\\\/2021\\\/12\\\/04\\\/martic-osjecaj-je-super-nadamo-se-pobjedi-i-u-finalu\\\/\"]}]},{\"@type\":\"ImageObject\",\"inLanguage\":\"hr\",\"@id\":\"https:\\\/\\\/radioljubuski.ba\\\/index.php\\\/2021\\\/12\\\/04\\\/martic-osjecaj-je-super-nadamo-se-pobjedi-i-u-finalu\\\/#primaryimage\",\"url\":\"https:\\\/\\\/radioljubuski.ba\\\/wp-content\\\/uploads\\\/2021\\\/12\\\/tenis-martic-gojo-20211204115531.jpg\",\"contentUrl\":\"https:\\\/\\\/radioljubuski.ba\\\/wp-content\\\/uploads\\\/2021\\\/12\\\/tenis-martic-gojo-20211204115531.jpg\",\"width\":1600,\"height\":928,\"caption\":\"Madrid, 03.12.2021.- Hrvatska i Srbija igraju u polufinalu Davis cupa u Madrid Areni. Prvi me\u010d igraju Borna Gojo i Du\u0161an Lajovi\u0107. Foto: Mario \u0106U\u017dI\u0106\\\/HTS\"},{\"@type\":\"BreadcrumbList\",\"@id\":\"https:\\\/\\\/radioljubuski.ba\\\/index.php\\\/2021\\\/12\\\/04\\\/martic-osjecaj-je-super-nadamo-se-pobjedi-i-u-finalu\\\/#breadcrumb\",\"itemListElement\":[{\"@type\":\"ListItem\",\"position\":1,\"name\":\"Po\u010detna stranica\",\"item\":\"https:\\\/\\\/radioljubuski.ba\\\/\"},{\"@type\":\"ListItem\",\"position\":2,\"name\":\"Marti\u0107: Osje\u0107aj je super, nadamo se pobjedi i u finalu\"}]},{\"@type\":\"WebSite\",\"@id\":\"https:\\\/\\\/radioljubuski.ba\\\/#website\",\"url\":\"https:\\\/\\\/radioljubuski.ba\\\/\",\"name\":\"Radio Ljubu\u0161ki\",\"description\":\"Sun\u010dana frekvencija Hercegovine\",\"publisher\":{\"@id\":\"https:\\\/\\\/radioljubuski.ba\\\/#organization\"},\"potentialAction\":[{\"@type\":\"SearchAction\",\"target\":{\"@type\":\"EntryPoint\",\"urlTemplate\":\"https:\\\/\\\/radioljubuski.ba\\\/?s={search_term_string}\"},\"query-input\":{\"@type\":\"PropertyValueSpecification\",\"valueRequired\":true,\"valueName\":\"search_term_string\"}}],\"inLanguage\":\"hr\"},{\"@type\":\"Organization\",\"@id\":\"https:\\\/\\\/radioljubuski.ba\\\/#organization\",\"name\":\"Radio Ljubu\u0161ki\",\"url\":\"https:\\\/\\\/radioljubuski.ba\\\/\",\"logo\":{\"@type\":\"ImageObject\",\"inLanguage\":\"hr\",\"@id\":\"https:\\\/\\\/radioljubuski.ba\\\/#\\\/schema\\\/logo\\\/image\\\/\",\"url\":\"https:\\\/\\\/radioljubuski.ba\\\/wp-content\\\/uploads\\\/2021\\\/02\\\/cropped-Radio_Ljubuski_logo1.jpg\",\"contentUrl\":\"https:\\\/\\\/radioljubuski.ba\\\/wp-content\\\/uploads\\\/2021\\\/02\\\/cropped-Radio_Ljubuski_logo1.jpg\",\"width\":512,\"height\":512,\"caption\":\"Radio Ljubu\u0161ki\"},\"image\":{\"@id\":\"https:\\\/\\\/radioljubuski.ba\\\/#\\\/schema\\\/logo\\\/image\\\/\"},\"sameAs\":[\"https:\\\/\\\/www.facebook.com\\\/Radiio-Ljubuski-1490835324566332\",\"https:\\\/\\\/x.com\\\/radioljubuski\",\"https:\\\/\\\/hr.linkedin.com\\\/company\\\/radio-ljubuski\",\"https:\\\/\\\/www.youtube.com\\\/channel\\\/UCHYaeO_n0Db3tjNGudGpXyw\"]},{\"@type\":\"Person\",\"@id\":\"https:\\\/\\\/radioljubuski.ba\\\/#\\\/schema\\\/person\\\/19fc700381a780f69665d7956c469e3b\",\"name\":\"Radio Ljubu\u0161ki\"}]}<\/script>\n<!-- \/ Yoast SEO plugin. -->","yoast_head_json":{"title":"Marti\u0107: Osje\u0107aj je super, nadamo se pobjedi i u finalu - RADIO LJUBU\u0160KI","robots":{"index":"index","follow":"follow","max-snippet":"max-snippet:-1","max-image-preview":"max-image-preview:large","max-video-preview":"max-video-preview:-1"},"canonical":"https:\/\/radioljubuski.ba\/index.php\/2021\/12\/04\/martic-osjecaj-je-super-nadamo-se-pobjedi-i-u-finalu\/","og_locale":"hr_HR","og_type":"article","og_title":"Marti\u0107: Osje\u0107aj je super, nadamo se pobjedi i u finalu - RADIO LJUBU\u0160KI","og_description":"Jutro nakon ulaska u finale Davis Cupa emocije \u010dlanova hrvatske reprezentacije i dalje su jake. Uspjeh je golem, jer na\u0161 je sastav do\u0161ao nadomak naslova svjetskog prvaka, a to je prilika da se nakon 2005. i 2018. i tre\u0107i put osvoji najcjenjeniji trofej u mom\u010dadskom tenisu. Tko \u0107e im u nedjelju od 16 sati biti [&hellip;]","og_url":"https:\/\/radioljubuski.ba\/index.php\/2021\/12\/04\/martic-osjecaj-je-super-nadamo-se-pobjedi-i-u-finalu\/","og_site_name":"RADIO LJUBU\u0160KI","article_publisher":"https:\/\/www.facebook.com\/Radiio-Ljubuski-1490835324566332","article_published_time":"2021-12-04T12:43:44+00:00","article_modified_time":"2021-12-04T12:43:45+00:00","og_image":[{"width":1600,"height":928,"url":"https:\/\/radioljubuski.ba\/wp-content\/uploads\/2021\/12\/tenis-martic-gojo-20211204115531.jpg","type":"image\/jpeg"}],"author":"Radio Ljubu\u0161ki","twitter_card":"summary_large_image","twitter_creator":"@radioljubuski","twitter_site":"@radioljubuski","twitter_misc":{"Napisao\/la":"Radio Ljubu\u0161ki","Procijenjeno vrijeme \u010ditanja":"2 minute"},"schema":{"@context":"https:\/\/schema.org","@graph":[{"@type":"Article","@id":"https:\/\/radioljubuski.ba\/index.php\/2021\/12\/04\/martic-osjecaj-je-super-nadamo-se-pobjedi-i-u-finalu\/#article","isPartOf":{"@id":"https:\/\/radioljubuski.ba\/index.php\/2021\/12\/04\/martic-osjecaj-je-super-nadamo-se-pobjedi-i-u-finalu\/"},"author":{"name":"Radio Ljubu\u0161ki","@id":"https:\/\/radioljubuski.ba\/#\/schema\/person\/19fc700381a780f69665d7956c469e3b"},"headline":"Marti\u0107: Osje\u0107aj je super, nadamo se pobjedi i u finalu","datePublished":"2021-12-04T12:43:44+00:00","dateModified":"2021-12-04T12:43:45+00:00","mainEntityOfPage":{"@id":"https:\/\/radioljubuski.ba\/index.php\/2021\/12\/04\/martic-osjecaj-je-super-nadamo-se-pobjedi-i-u-finalu\/"},"wordCount":455,"publisher":{"@id":"https:\/\/radioljubuski.ba\/#organization"},"image":{"@id":"https:\/\/radioljubuski.ba\/index.php\/2021\/12\/04\/martic-osjecaj-je-super-nadamo-se-pobjedi-i-u-finalu\/#primaryimage"},"thumbnailUrl":"https:\/\/radioljubuski.ba\/wp-content\/uploads\/2021\/12\/tenis-martic-gojo-20211204115531.jpg","articleSection":["\u0160port"],"inLanguage":"hr"},{"@type":"WebPage","@id":"https:\/\/radioljubuski.ba\/index.php\/2021\/12\/04\/martic-osjecaj-je-super-nadamo-se-pobjedi-i-u-finalu\/","url":"https:\/\/radioljubuski.ba\/index.php\/2021\/12\/04\/martic-osjecaj-je-super-nadamo-se-pobjedi-i-u-finalu\/","name":"Marti\u0107: Osje\u0107aj je super, nadamo se pobjedi i u finalu - RADIO LJUBU\u0160KI","isPartOf":{"@id":"https:\/\/radioljubuski.ba\/#website"},"primaryImageOfPage":{"@id":"https:\/\/radioljubuski.ba\/index.php\/2021\/12\/04\/martic-osjecaj-je-super-nadamo-se-pobjedi-i-u-finalu\/#primaryimage"},"image":{"@id":"https:\/\/radioljubuski.ba\/index.php\/2021\/12\/04\/martic-osjecaj-je-super-nadamo-se-pobjedi-i-u-finalu\/#primaryimage"},"thumbnailUrl":"https:\/\/radioljubuski.ba\/wp-content\/uploads\/2021\/12\/tenis-martic-gojo-20211204115531.jpg","datePublished":"2021-12-04T12:43:44+00:00","dateModified":"2021-12-04T12:43:45+00:00","breadcrumb":{"@id":"https:\/\/radioljubuski.ba\/index.php\/2021\/12\/04\/martic-osjecaj-je-super-nadamo-se-pobjedi-i-u-finalu\/#breadcrumb"},"inLanguage":"hr","potentialAction":[{"@type":"ReadAction","target":["https:\/\/radioljubuski.ba\/index.php\/2021\/12\/04\/martic-osjecaj-je-super-nadamo-se-pobjedi-i-u-finalu\/"]}]},{"@type":"ImageObject","inLanguage":"hr","@id":"https:\/\/radioljubuski.ba\/index.php\/2021\/12\/04\/martic-osjecaj-je-super-nadamo-se-pobjedi-i-u-finalu\/#primaryimage","url":"https:\/\/radioljubuski.ba\/wp-content\/uploads\/2021\/12\/tenis-martic-gojo-20211204115531.jpg","contentUrl":"https:\/\/radioljubuski.ba\/wp-content\/uploads\/2021\/12\/tenis-martic-gojo-20211204115531.jpg","width":1600,"height":928,"caption":"Madrid, 03.12.2021.- Hrvatska i Srbija igraju u polufinalu Davis cupa u Madrid Areni. Prvi me\u010d igraju Borna Gojo i Du\u0161an Lajovi\u0107. Foto: Mario \u0106U\u017dI\u0106\/HTS"},{"@type":"BreadcrumbList","@id":"https:\/\/radioljubuski.ba\/index.php\/2021\/12\/04\/martic-osjecaj-je-super-nadamo-se-pobjedi-i-u-finalu\/#breadcrumb","itemListElement":[{"@type":"ListItem","position":1,"name":"Po\u010detna stranica","item":"https:\/\/radioljubuski.ba\/"},{"@type":"ListItem","position":2,"name":"Marti\u0107: Osje\u0107aj je super, nadamo se pobjedi i u finalu"}]},{"@type":"WebSite","@id":"https:\/\/radioljubuski.ba\/#website","url":"https:\/\/radioljubuski.ba\/","name":"Radio Ljubu\u0161ki","description":"Sun\u010dana frekvencija Hercegovine","publisher":{"@id":"https:\/\/radioljubuski.ba\/#organization"},"potentialAction":[{"@type":"SearchAction","target":{"@type":"EntryPoint","urlTemplate":"https:\/\/radioljubuski.ba\/?s={search_term_string}"},"query-input":{"@type":"PropertyValueSpecification","valueRequired":true,"valueName":"search_term_string"}}],"inLanguage":"hr"},{"@type":"Organization","@id":"https:\/\/radioljubuski.ba\/#organization","name":"Radio Ljubu\u0161ki","url":"https:\/\/radioljubuski.ba\/","logo":{"@type":"ImageObject","inLanguage":"hr","@id":"https:\/\/radioljubuski.ba\/#\/schema\/logo\/image\/","url":"https:\/\/radioljubuski.ba\/wp-content\/uploads\/2021\/02\/cropped-Radio_Ljubuski_logo1.jpg","contentUrl":"https:\/\/radioljubuski.ba\/wp-content\/uploads\/2021\/02\/cropped-Radio_Ljubuski_logo1.jpg","width":512,"height":512,"caption":"Radio Ljubu\u0161ki"},"image":{"@id":"https:\/\/radioljubuski.ba\/#\/schema\/logo\/image\/"},"sameAs":["https:\/\/www.facebook.com\/Radiio-Ljubuski-1490835324566332","https:\/\/x.com\/radioljubuski","https:\/\/hr.linkedin.com\/company\/radio-ljubuski","https:\/\/www.youtube.com\/channel\/UCHYaeO_n0Db3tjNGudGpXyw"]},{"@type":"Person","@id":"https:\/\/radioljubuski.ba\/#\/schema\/person\/19fc700381a780f69665d7956c469e3b","name":"Radio Ljubu\u0161ki"}]}},"_links":{"self":[{"href":"https:\/\/radioljubuski.ba\/index.php\/wp-json\/wp\/v2\/posts\/95835","targetHints":{"allow":["GET"]}}],"collection":[{"href":"https:\/\/radioljubuski.ba\/index.php\/wp-json\/wp\/v2\/posts"}],"about":[{"href":"https:\/\/radioljubuski.ba\/index.php\/wp-json\/wp\/v2\/types\/post"}],"author":[{"embeddable":true,"href":"https:\/\/radioljubuski.ba\/index.php\/wp-json\/wp\/v2\/users\/2"}],"replies":[{"embeddable":true,"href":"https:\/\/radioljubuski.ba\/index.php\/wp-json\/wp\/v2\/comments?post=95835"}],"version-history":[{"count":1,"href":"https:\/\/radioljubuski.ba\/index.php\/wp-json\/wp\/v2\/posts\/95835\/revisions"}],"predecessor-version":[{"id":95837,"href":"https:\/\/radioljubuski.ba\/index.php\/wp-json\/wp\/v2\/posts\/95835\/revisions\/95837"}],"wp:featuredmedia":[{"embeddable":true,"href":"https:\/\/radioljubuski.ba\/index.php\/wp-json\/wp\/v2\/media\/95836"}],"wp:attachment":[{"href":"https:\/\/radioljubuski.ba\/index.php\/wp-json\/wp\/v2\/media?parent=95835"}],"wp:term":[{"taxonomy":"category","embeddable":true,"href":"https:\/\/radioljubuski.ba\/index.php\/wp-json\/wp\/v2\/categories?post=95835"},{"taxonomy":"post_tag","embeddable":true,"href":"https:\/\/radioljubuski.ba\/index.php\/wp-json\/wp\/v2\/tags?post=95835"}],"curies":[{"name":"wp","href":"https:\/\/api.w.org\/{rel}","templated":true}]}}