{"id":95841,"date":"2021-12-04T13:49:03","date_gmt":"2021-12-04T12:49:03","guid":{"rendered":"https:\/\/radioljubuski.ba\/?p=95841"},"modified":"2021-12-04T13:49:03","modified_gmt":"2021-12-04T12:49:03","slug":"dr-petrovic-potvrdena-visoka-sumnja-na-omikron-varijantu","status":"publish","type":"post","link":"https:\/\/radioljubuski.ba\/index.php\/2021\/12\/04\/dr-petrovic-potvrdena-visoka-sumnja-na-omikron-varijantu\/","title":{"rendered":"Dr. Petrovi\u0107: Potvr\u0111ena visoka sumnja na omikron-varijantu"},"content":{"rendered":"\n<p>U svijetu se pozorno prati \u0161irenje omikron-varijante koronavirusa, a Hrvatski zavod za javno zdravstvo sumnja na pojavu i u Hrvatskoj. HRT-ova reporterka Ru\u017ea I\u0161tuk rekla je u podnevnom Dnevniku da je,&nbsp; prema podacima Svjetske zdravstvene organizacije, omikron-varijanta potvr\u0111ena u 38 zemalja. \u010cini se da bi Hrvatska mogla biti 39. zemlja u kojoj je potvr\u0111ena omikron-varijanta koronavirusa.&nbsp;<\/p>\n\n\n\n<p>Epidemiologinja <strong>Goranka Petrovi\u0107 <\/strong>iz HZJZ-a<strong>\u00a0<\/strong>naglasila je da su jutros zaprimljeni uzorci dvoje oboljelih, kod kojih je ve\u0107 bilo potvr\u0111eno PCR testom da su pozitivni na COVID-19, te je napravljen tzv. screening PCR na omikron-varijantu.<br><br>&#8211; Upravo smo dobili rezultate probirnoga testa te je potvr\u0111ena visoka suspektna sumnja na omikron-varijantu, \u0161to zna\u010di da se treba sekvencirati i ti rezultati bi trebali biti gotovi u ponedjeljak, rekla je Petrovi\u0107.<br><br>Kontakti tih oboljelih osoba moraju i\u0107i u karantenu od \u010detrnaest dana i posljednji dan karantene trebaju se testirati.<br><br>Osobe za koje se pokazala visoka sumnja na zarazu omikron-varijantom epidemiolo\u0161ki su povezane, no izvor zaraze jo\u0161 se ne mo\u017ee jasno detektirati te se moraju provesti detaljnija epidemiolo\u0161ka istra\u017eivanja kako bi se utvrdilo od kuda je do\u0161ao taj novi soj virusa.\u00a0<\/p>\n\n\n\n<iframe loading=\"lazy\" src=\"https:\/\/www.facebook.com\/plugins\/video.php?height=314&#038;href=https%3A%2F%2Fwww.facebook.com%2FHRTvijesti%2Fvideos%2F1470198993376255%2F&#038;show_text=false&#038;width=560&#038;t=0\" width=\"560\" height=\"314\" style=\"border:none;overflow:hidden\" scrolling=\"no\" frameborder=\"0\" allowfullscreen=\"true\" allow=\"autoplay; clipboard-write; encrypted-media; picture-in-picture; web-share\" allowFullScreen=\"true\"><\/iframe>\n\n\n\n<p>Petrovi\u0107 je naglasila da je rije\u010d o hrvatskim gra\u0111anima koji nisu boravili u Ju\u017enoj Africi, a bili su na sastanku na kojem je bilo i inozemnih gostiju.<br><br>&#8211; Zna\u010di, to su osobe koje su bile u Hrvatskoj, poru\u010dila je.<br><br>Istaknula je da ovo nije nikakvo iznena\u0111enje s obzirom na situaciju u svijetu, nego je to o\u010dekivano. Petrovi\u0107 je ponovila da svi gra\u0111ani trebaju po\u0161tovati propisane epidemiolo\u0161ke mjere te je pozvala na cijepljenje.<br><br>Poru\u010dila je kako nema razloga za paniku, ali pozvala je na oprez.&nbsp;<\/p>\n\n\n\n<p>Izvor:hrt.hr<\/p>\n","protected":false},"excerpt":{"rendered":"<p>U svijetu se pozorno prati \u0161irenje omikron-varijante koronavirusa, a Hrvatski zavod za javno zdravstvo sumnja na pojavu i u Hrvatskoj. HRT-ova reporterka Ru\u017ea I\u0161tuk rekla je u podnevnom Dnevniku da je,&nbsp; prema podacima Svjetske zdravstvene organizacije, omikron-varijanta potvr\u0111ena u 38 zemalja. \u010cini se da bi Hrvatska mogla biti 39. zemlja u kojoj je potvr\u0111ena omikron-varijanta [&hellip;]<\/p>\n","protected":false},"author":2,"featured_media":95842,"comment_status":"closed","ping_status":"closed","sticky":false,"template":"","format":"standard","meta":{"h5ap_radio_sources":[],"footnotes":""},"categories":[1],"tags":[],"class_list":["post-95841","post","type-post","status-publish","format-standard","has-post-thumbnail","hentry","category-bihiregija"],"yoast_head":"<!-- This site is optimized with the Yoast SEO plugin v27.4 - https:\/\/yoast.com\/product\/yoast-seo-wordpress\/ -->\n<title>Dr. Petrovi\u0107: Potvr\u0111ena visoka sumnja na omikron-varijantu - RADIO LJUBU\u0160KI<\/title>\n<meta name=\"robots\" content=\"index, follow, max-snippet:-1, max-image-preview:large, max-video-preview:-1\" \/>\n<link rel=\"canonical\" href=\"https:\/\/radioljubuski.ba\/index.php\/2021\/12\/04\/dr-petrovic-potvrdena-visoka-sumnja-na-omikron-varijantu\/\" \/>\n<meta property=\"og:locale\" content=\"hr_HR\" \/>\n<meta property=\"og:type\" content=\"article\" \/>\n<meta property=\"og:title\" content=\"Dr. Petrovi\u0107: Potvr\u0111ena visoka sumnja na omikron-varijantu - RADIO LJUBU\u0160KI\" \/>\n<meta property=\"og:description\" content=\"U svijetu se pozorno prati \u0161irenje omikron-varijante koronavirusa, a Hrvatski zavod za javno zdravstvo sumnja na pojavu i u Hrvatskoj. HRT-ova reporterka Ru\u017ea I\u0161tuk rekla je u podnevnom Dnevniku da je,&nbsp; prema podacima Svjetske zdravstvene organizacije, omikron-varijanta potvr\u0111ena u 38 zemalja. \u010cini se da bi Hrvatska mogla biti 39. zemlja u kojoj je potvr\u0111ena omikron-varijanta [&hellip;]\" \/>\n<meta property=\"og:url\" content=\"https:\/\/radioljubuski.ba\/index.php\/2021\/12\/04\/dr-petrovic-potvrdena-visoka-sumnja-na-omikron-varijantu\/\" \/>\n<meta property=\"og:site_name\" content=\"RADIO LJUBU\u0160KI\" \/>\n<meta property=\"article:publisher\" content=\"https:\/\/www.facebook.com\/Radiio-Ljubuski-1490835324566332\" \/>\n<meta property=\"article:published_time\" content=\"2021-12-04T12:49:03+00:00\" \/>\n<meta property=\"og:image\" content=\"https:\/\/radioljubuski.ba\/wp-content\/uploads\/2021\/12\/petrovic.jpg\" \/>\n\t<meta property=\"og:image:width\" content=\"1067\" \/>\n\t<meta property=\"og:image:height\" content=\"630\" \/>\n\t<meta property=\"og:image:type\" content=\"image\/jpeg\" \/>\n<meta name=\"author\" content=\"Radio Ljubu\u0161ki\" \/>\n<meta name=\"twitter:card\" content=\"summary_large_image\" \/>\n<meta name=\"twitter:creator\" content=\"@radioljubuski\" \/>\n<meta name=\"twitter:site\" content=\"@radioljubuski\" \/>\n<meta name=\"twitter:label1\" content=\"Napisao\/la\" \/>\n\t<meta name=\"twitter:data1\" content=\"Radio Ljubu\u0161ki\" \/>\n\t<meta name=\"twitter:label2\" content=\"Procijenjeno vrijeme \u010ditanja\" \/>\n\t<meta name=\"twitter:data2\" content=\"1 minuta\" \/>\n<script type=\"application\/ld+json\" class=\"yoast-schema-graph\">{\"@context\":\"https:\\\/\\\/schema.org\",\"@graph\":[{\"@type\":\"Article\",\"@id\":\"https:\\\/\\\/radioljubuski.ba\\\/index.php\\\/2021\\\/12\\\/04\\\/dr-petrovic-potvrdena-visoka-sumnja-na-omikron-varijantu\\\/#article\",\"isPartOf\":{\"@id\":\"https:\\\/\\\/radioljubuski.ba\\\/index.php\\\/2021\\\/12\\\/04\\\/dr-petrovic-potvrdena-visoka-sumnja-na-omikron-varijantu\\\/\"},\"author\":{\"name\":\"Radio Ljubu\u0161ki\",\"@id\":\"https:\\\/\\\/radioljubuski.ba\\\/#\\\/schema\\\/person\\\/19fc700381a780f69665d7956c469e3b\"},\"headline\":\"Dr. Petrovi\u0107: Potvr\u0111ena visoka sumnja na omikron-varijantu\",\"datePublished\":\"2021-12-04T12:49:03+00:00\",\"mainEntityOfPage\":{\"@id\":\"https:\\\/\\\/radioljubuski.ba\\\/index.php\\\/2021\\\/12\\\/04\\\/dr-petrovic-potvrdena-visoka-sumnja-na-omikron-varijantu\\\/\"},\"wordCount\":302,\"publisher\":{\"@id\":\"https:\\\/\\\/radioljubuski.ba\\\/#organization\"},\"image\":{\"@id\":\"https:\\\/\\\/radioljubuski.ba\\\/index.php\\\/2021\\\/12\\\/04\\\/dr-petrovic-potvrdena-visoka-sumnja-na-omikron-varijantu\\\/#primaryimage\"},\"thumbnailUrl\":\"https:\\\/\\\/radioljubuski.ba\\\/wp-content\\\/uploads\\\/2021\\\/12\\\/petrovic.jpg\",\"articleSection\":[\"BIH i regija\"],\"inLanguage\":\"hr\"},{\"@type\":\"WebPage\",\"@id\":\"https:\\\/\\\/radioljubuski.ba\\\/index.php\\\/2021\\\/12\\\/04\\\/dr-petrovic-potvrdena-visoka-sumnja-na-omikron-varijantu\\\/\",\"url\":\"https:\\\/\\\/radioljubuski.ba\\\/index.php\\\/2021\\\/12\\\/04\\\/dr-petrovic-potvrdena-visoka-sumnja-na-omikron-varijantu\\\/\",\"name\":\"Dr. Petrovi\u0107: Potvr\u0111ena visoka sumnja na omikron-varijantu - RADIO LJUBU\u0160KI\",\"isPartOf\":{\"@id\":\"https:\\\/\\\/radioljubuski.ba\\\/#website\"},\"primaryImageOfPage\":{\"@id\":\"https:\\\/\\\/radioljubuski.ba\\\/index.php\\\/2021\\\/12\\\/04\\\/dr-petrovic-potvrdena-visoka-sumnja-na-omikron-varijantu\\\/#primaryimage\"},\"image\":{\"@id\":\"https:\\\/\\\/radioljubuski.ba\\\/index.php\\\/2021\\\/12\\\/04\\\/dr-petrovic-potvrdena-visoka-sumnja-na-omikron-varijantu\\\/#primaryimage\"},\"thumbnailUrl\":\"https:\\\/\\\/radioljubuski.ba\\\/wp-content\\\/uploads\\\/2021\\\/12\\\/petrovic.jpg\",\"datePublished\":\"2021-12-04T12:49:03+00:00\",\"breadcrumb\":{\"@id\":\"https:\\\/\\\/radioljubuski.ba\\\/index.php\\\/2021\\\/12\\\/04\\\/dr-petrovic-potvrdena-visoka-sumnja-na-omikron-varijantu\\\/#breadcrumb\"},\"inLanguage\":\"hr\",\"potentialAction\":[{\"@type\":\"ReadAction\",\"target\":[\"https:\\\/\\\/radioljubuski.ba\\\/index.php\\\/2021\\\/12\\\/04\\\/dr-petrovic-potvrdena-visoka-sumnja-na-omikron-varijantu\\\/\"]}]},{\"@type\":\"ImageObject\",\"inLanguage\":\"hr\",\"@id\":\"https:\\\/\\\/radioljubuski.ba\\\/index.php\\\/2021\\\/12\\\/04\\\/dr-petrovic-potvrdena-visoka-sumnja-na-omikron-varijantu\\\/#primaryimage\",\"url\":\"https:\\\/\\\/radioljubuski.ba\\\/wp-content\\\/uploads\\\/2021\\\/12\\\/petrovic.jpg\",\"contentUrl\":\"https:\\\/\\\/radioljubuski.ba\\\/wp-content\\\/uploads\\\/2021\\\/12\\\/petrovic.jpg\",\"width\":1067,\"height\":630},{\"@type\":\"BreadcrumbList\",\"@id\":\"https:\\\/\\\/radioljubuski.ba\\\/index.php\\\/2021\\\/12\\\/04\\\/dr-petrovic-potvrdena-visoka-sumnja-na-omikron-varijantu\\\/#breadcrumb\",\"itemListElement\":[{\"@type\":\"ListItem\",\"position\":1,\"name\":\"Po\u010detna stranica\",\"item\":\"https:\\\/\\\/radioljubuski.ba\\\/\"},{\"@type\":\"ListItem\",\"position\":2,\"name\":\"Dr. Petrovi\u0107: Potvr\u0111ena visoka sumnja na omikron-varijantu\"}]},{\"@type\":\"WebSite\",\"@id\":\"https:\\\/\\\/radioljubuski.ba\\\/#website\",\"url\":\"https:\\\/\\\/radioljubuski.ba\\\/\",\"name\":\"Radio Ljubu\u0161ki\",\"description\":\"Sun\u010dana frekvencija Hercegovine\",\"publisher\":{\"@id\":\"https:\\\/\\\/radioljubuski.ba\\\/#organization\"},\"potentialAction\":[{\"@type\":\"SearchAction\",\"target\":{\"@type\":\"EntryPoint\",\"urlTemplate\":\"https:\\\/\\\/radioljubuski.ba\\\/?s={search_term_string}\"},\"query-input\":{\"@type\":\"PropertyValueSpecification\",\"valueRequired\":true,\"valueName\":\"search_term_string\"}}],\"inLanguage\":\"hr\"},{\"@type\":\"Organization\",\"@id\":\"https:\\\/\\\/radioljubuski.ba\\\/#organization\",\"name\":\"Radio Ljubu\u0161ki\",\"url\":\"https:\\\/\\\/radioljubuski.ba\\\/\",\"logo\":{\"@type\":\"ImageObject\",\"inLanguage\":\"hr\",\"@id\":\"https:\\\/\\\/radioljubuski.ba\\\/#\\\/schema\\\/logo\\\/image\\\/\",\"url\":\"https:\\\/\\\/radioljubuski.ba\\\/wp-content\\\/uploads\\\/2021\\\/02\\\/cropped-Radio_Ljubuski_logo1.jpg\",\"contentUrl\":\"https:\\\/\\\/radioljubuski.ba\\\/wp-content\\\/uploads\\\/2021\\\/02\\\/cropped-Radio_Ljubuski_logo1.jpg\",\"width\":512,\"height\":512,\"caption\":\"Radio Ljubu\u0161ki\"},\"image\":{\"@id\":\"https:\\\/\\\/radioljubuski.ba\\\/#\\\/schema\\\/logo\\\/image\\\/\"},\"sameAs\":[\"https:\\\/\\\/www.facebook.com\\\/Radiio-Ljubuski-1490835324566332\",\"https:\\\/\\\/x.com\\\/radioljubuski\",\"https:\\\/\\\/hr.linkedin.com\\\/company\\\/radio-ljubuski\",\"https:\\\/\\\/www.youtube.com\\\/channel\\\/UCHYaeO_n0Db3tjNGudGpXyw\"]},{\"@type\":\"Person\",\"@id\":\"https:\\\/\\\/radioljubuski.ba\\\/#\\\/schema\\\/person\\\/19fc700381a780f69665d7956c469e3b\",\"name\":\"Radio Ljubu\u0161ki\"}]}<\/script>\n<!-- \/ Yoast SEO plugin. -->","yoast_head_json":{"title":"Dr. Petrovi\u0107: Potvr\u0111ena visoka sumnja na omikron-varijantu - RADIO LJUBU\u0160KI","robots":{"index":"index","follow":"follow","max-snippet":"max-snippet:-1","max-image-preview":"max-image-preview:large","max-video-preview":"max-video-preview:-1"},"canonical":"https:\/\/radioljubuski.ba\/index.php\/2021\/12\/04\/dr-petrovic-potvrdena-visoka-sumnja-na-omikron-varijantu\/","og_locale":"hr_HR","og_type":"article","og_title":"Dr. Petrovi\u0107: Potvr\u0111ena visoka sumnja na omikron-varijantu - RADIO LJUBU\u0160KI","og_description":"U svijetu se pozorno prati \u0161irenje omikron-varijante koronavirusa, a Hrvatski zavod za javno zdravstvo sumnja na pojavu i u Hrvatskoj. HRT-ova reporterka Ru\u017ea I\u0161tuk rekla je u podnevnom Dnevniku da je,&nbsp; prema podacima Svjetske zdravstvene organizacije, omikron-varijanta potvr\u0111ena u 38 zemalja. \u010cini se da bi Hrvatska mogla biti 39. zemlja u kojoj je potvr\u0111ena omikron-varijanta [&hellip;]","og_url":"https:\/\/radioljubuski.ba\/index.php\/2021\/12\/04\/dr-petrovic-potvrdena-visoka-sumnja-na-omikron-varijantu\/","og_site_name":"RADIO LJUBU\u0160KI","article_publisher":"https:\/\/www.facebook.com\/Radiio-Ljubuski-1490835324566332","article_published_time":"2021-12-04T12:49:03+00:00","og_image":[{"width":1067,"height":630,"url":"https:\/\/radioljubuski.ba\/wp-content\/uploads\/2021\/12\/petrovic.jpg","type":"image\/jpeg"}],"author":"Radio Ljubu\u0161ki","twitter_card":"summary_large_image","twitter_creator":"@radioljubuski","twitter_site":"@radioljubuski","twitter_misc":{"Napisao\/la":"Radio Ljubu\u0161ki","Procijenjeno vrijeme \u010ditanja":"1 minuta"},"schema":{"@context":"https:\/\/schema.org","@graph":[{"@type":"Article","@id":"https:\/\/radioljubuski.ba\/index.php\/2021\/12\/04\/dr-petrovic-potvrdena-visoka-sumnja-na-omikron-varijantu\/#article","isPartOf":{"@id":"https:\/\/radioljubuski.ba\/index.php\/2021\/12\/04\/dr-petrovic-potvrdena-visoka-sumnja-na-omikron-varijantu\/"},"author":{"name":"Radio Ljubu\u0161ki","@id":"https:\/\/radioljubuski.ba\/#\/schema\/person\/19fc700381a780f69665d7956c469e3b"},"headline":"Dr. Petrovi\u0107: Potvr\u0111ena visoka sumnja na omikron-varijantu","datePublished":"2021-12-04T12:49:03+00:00","mainEntityOfPage":{"@id":"https:\/\/radioljubuski.ba\/index.php\/2021\/12\/04\/dr-petrovic-potvrdena-visoka-sumnja-na-omikron-varijantu\/"},"wordCount":302,"publisher":{"@id":"https:\/\/radioljubuski.ba\/#organization"},"image":{"@id":"https:\/\/radioljubuski.ba\/index.php\/2021\/12\/04\/dr-petrovic-potvrdena-visoka-sumnja-na-omikron-varijantu\/#primaryimage"},"thumbnailUrl":"https:\/\/radioljubuski.ba\/wp-content\/uploads\/2021\/12\/petrovic.jpg","articleSection":["BIH i regija"],"inLanguage":"hr"},{"@type":"WebPage","@id":"https:\/\/radioljubuski.ba\/index.php\/2021\/12\/04\/dr-petrovic-potvrdena-visoka-sumnja-na-omikron-varijantu\/","url":"https:\/\/radioljubuski.ba\/index.php\/2021\/12\/04\/dr-petrovic-potvrdena-visoka-sumnja-na-omikron-varijantu\/","name":"Dr. Petrovi\u0107: Potvr\u0111ena visoka sumnja na omikron-varijantu - RADIO LJUBU\u0160KI","isPartOf":{"@id":"https:\/\/radioljubuski.ba\/#website"},"primaryImageOfPage":{"@id":"https:\/\/radioljubuski.ba\/index.php\/2021\/12\/04\/dr-petrovic-potvrdena-visoka-sumnja-na-omikron-varijantu\/#primaryimage"},"image":{"@id":"https:\/\/radioljubuski.ba\/index.php\/2021\/12\/04\/dr-petrovic-potvrdena-visoka-sumnja-na-omikron-varijantu\/#primaryimage"},"thumbnailUrl":"https:\/\/radioljubuski.ba\/wp-content\/uploads\/2021\/12\/petrovic.jpg","datePublished":"2021-12-04T12:49:03+00:00","breadcrumb":{"@id":"https:\/\/radioljubuski.ba\/index.php\/2021\/12\/04\/dr-petrovic-potvrdena-visoka-sumnja-na-omikron-varijantu\/#breadcrumb"},"inLanguage":"hr","potentialAction":[{"@type":"ReadAction","target":["https:\/\/radioljubuski.ba\/index.php\/2021\/12\/04\/dr-petrovic-potvrdena-visoka-sumnja-na-omikron-varijantu\/"]}]},{"@type":"ImageObject","inLanguage":"hr","@id":"https:\/\/radioljubuski.ba\/index.php\/2021\/12\/04\/dr-petrovic-potvrdena-visoka-sumnja-na-omikron-varijantu\/#primaryimage","url":"https:\/\/radioljubuski.ba\/wp-content\/uploads\/2021\/12\/petrovic.jpg","contentUrl":"https:\/\/radioljubuski.ba\/wp-content\/uploads\/2021\/12\/petrovic.jpg","width":1067,"height":630},{"@type":"BreadcrumbList","@id":"https:\/\/radioljubuski.ba\/index.php\/2021\/12\/04\/dr-petrovic-potvrdena-visoka-sumnja-na-omikron-varijantu\/#breadcrumb","itemListElement":[{"@type":"ListItem","position":1,"name":"Po\u010detna stranica","item":"https:\/\/radioljubuski.ba\/"},{"@type":"ListItem","position":2,"name":"Dr. Petrovi\u0107: Potvr\u0111ena visoka sumnja na omikron-varijantu"}]},{"@type":"WebSite","@id":"https:\/\/radioljubuski.ba\/#website","url":"https:\/\/radioljubuski.ba\/","name":"Radio Ljubu\u0161ki","description":"Sun\u010dana frekvencija Hercegovine","publisher":{"@id":"https:\/\/radioljubuski.ba\/#organization"},"potentialAction":[{"@type":"SearchAction","target":{"@type":"EntryPoint","urlTemplate":"https:\/\/radioljubuski.ba\/?s={search_term_string}"},"query-input":{"@type":"PropertyValueSpecification","valueRequired":true,"valueName":"search_term_string"}}],"inLanguage":"hr"},{"@type":"Organization","@id":"https:\/\/radioljubuski.ba\/#organization","name":"Radio Ljubu\u0161ki","url":"https:\/\/radioljubuski.ba\/","logo":{"@type":"ImageObject","inLanguage":"hr","@id":"https:\/\/radioljubuski.ba\/#\/schema\/logo\/image\/","url":"https:\/\/radioljubuski.ba\/wp-content\/uploads\/2021\/02\/cropped-Radio_Ljubuski_logo1.jpg","contentUrl":"https:\/\/radioljubuski.ba\/wp-content\/uploads\/2021\/02\/cropped-Radio_Ljubuski_logo1.jpg","width":512,"height":512,"caption":"Radio Ljubu\u0161ki"},"image":{"@id":"https:\/\/radioljubuski.ba\/#\/schema\/logo\/image\/"},"sameAs":["https:\/\/www.facebook.com\/Radiio-Ljubuski-1490835324566332","https:\/\/x.com\/radioljubuski","https:\/\/hr.linkedin.com\/company\/radio-ljubuski","https:\/\/www.youtube.com\/channel\/UCHYaeO_n0Db3tjNGudGpXyw"]},{"@type":"Person","@id":"https:\/\/radioljubuski.ba\/#\/schema\/person\/19fc700381a780f69665d7956c469e3b","name":"Radio Ljubu\u0161ki"}]}},"_links":{"self":[{"href":"https:\/\/radioljubuski.ba\/index.php\/wp-json\/wp\/v2\/posts\/95841","targetHints":{"allow":["GET"]}}],"collection":[{"href":"https:\/\/radioljubuski.ba\/index.php\/wp-json\/wp\/v2\/posts"}],"about":[{"href":"https:\/\/radioljubuski.ba\/index.php\/wp-json\/wp\/v2\/types\/post"}],"author":[{"embeddable":true,"href":"https:\/\/radioljubuski.ba\/index.php\/wp-json\/wp\/v2\/users\/2"}],"replies":[{"embeddable":true,"href":"https:\/\/radioljubuski.ba\/index.php\/wp-json\/wp\/v2\/comments?post=95841"}],"version-history":[{"count":1,"href":"https:\/\/radioljubuski.ba\/index.php\/wp-json\/wp\/v2\/posts\/95841\/revisions"}],"predecessor-version":[{"id":95843,"href":"https:\/\/radioljubuski.ba\/index.php\/wp-json\/wp\/v2\/posts\/95841\/revisions\/95843"}],"wp:featuredmedia":[{"embeddable":true,"href":"https:\/\/radioljubuski.ba\/index.php\/wp-json\/wp\/v2\/media\/95842"}],"wp:attachment":[{"href":"https:\/\/radioljubuski.ba\/index.php\/wp-json\/wp\/v2\/media?parent=95841"}],"wp:term":[{"taxonomy":"category","embeddable":true,"href":"https:\/\/radioljubuski.ba\/index.php\/wp-json\/wp\/v2\/categories?post=95841"},{"taxonomy":"post_tag","embeddable":true,"href":"https:\/\/radioljubuski.ba\/index.php\/wp-json\/wp\/v2\/tags?post=95841"}],"curies":[{"name":"wp","href":"https:\/\/api.w.org\/{rel}","templated":true}]}}