{"id":95844,"date":"2021-12-04T13:50:50","date_gmt":"2021-12-04T12:50:50","guid":{"rendered":"https:\/\/radioljubuski.ba\/?p=95844"},"modified":"2021-12-04T13:50:51","modified_gmt":"2021-12-04T12:50:51","slug":"irb-dosadasnja-analiza-pokazala-da-je-hrvatskoj-prisutan-omikron-konacna-potvrda-za-72-sata","status":"publish","type":"post","link":"https:\/\/radioljubuski.ba\/index.php\/2021\/12\/04\/irb-dosadasnja-analiza-pokazala-da-je-hrvatskoj-prisutan-omikron-konacna-potvrda-za-72-sata\/","title":{"rendered":"IRB: Dosada\u0161nja analiza pokazala da je Hrvatskoj prisutan omikron, kona\u010dna potvrda za 72 sata"},"content":{"rendered":"\n<p>Institut Ru\u0111er Bo\u0161kovi\u0107 (IRB) potvrdio je u subotu vezano za utvr\u0111enu sumnju na prisustvo nove omikron varijante covida-19 kod pacijenta u Hrvatskoj da je potencijalno pozitivan uzorak prikupila 1. prosinca Poliklinika Medikol u sklopu PCR testiranja. Institut je to priop\u0107io slijedom brojnih novinarskih upita koji su mu upu\u0107eni nakon priop\u0107enja Hrvatskog zavoda za javno zdravstvo (HZJZ) da je utvr\u0111ena sumnja na prisutstvo nove varijante omikron kod jednog pacijenta u Hrvatskoj.&nbsp;<\/p>\n\n\n\n<p><strong>Priop\u0107enje Instituta Ru\u0111er Bo\u0161kovi\u0107 donosimo u cijelosti:<\/strong><br><br>&#8220;Slijedom brojnih novinarskih upita upu\u0107enih Institutu Ru\u0111er Bo\u0161kovi\u0107 (IRB) nakon priop\u0107enje Hrvatskog zavoda za javno zdravstvo (HZJZ) da je utvr\u0111ena sumnja na prisutstvo nove varijante Omicron kod jednog pacijenta u Hrvatskoj, mo\u017eemo potvrditi da je potencijalno pozitivan uzorak na prisutnost virusa SARS-CoV-2 prikupila 1. prosinca 2021. godine Poliklinika Medikol u sklopu PCR testiranja.<br><br>Osoba koja je pristupila testiranju izrazila je sumnju na mogu\u0107nost zaraze novom varijantom koronavirusa Omicron, zbog ostvarenog kontakta s osobom iz Ju\u017enoafri\u010dke Republike. Njenom je privolom uzorak upu\u0107en u daljnju obradu u Laboratorij za naprednu genomiku IRB-a pod vodstvom dr. sc.<strong> Olivera Vugreka<\/strong>.<br><br>RT-PCR analiza ukazala je na odre\u0111ena odstupanja u usporedbi s drugim varijantama koronavirusa. <strong>Daljnja ciljana analiza sekvenciranjem klju\u010dnih regija SARS-CoV-2 genoma dokazala je prisutnost mutacija karakteristi\u010dnih za novu varijantu SARS-CoV-2 Omicron<\/strong>.<br><br>O rezultatima su obavije\u0161teni Hrvatski zavod za javno zdravstvo i Ministarstvo zdravstva te se \u010deka njihova slu\u017ebena potvrda. Tako\u0111er, napominjemo da je potrebno 72 sata kako bi se dobio kona\u010dan rezultat sekvenciranja. Hrvatski zavod za javno zdravstvo \u0107e pravovremeno obavijestiti javnost o kona\u010dnim rezultatima&#8221;, priop\u0107eno je iz IRB-a.<\/p>\n\n\n\n<p>Izvor:hrt.hr<\/p>\n","protected":false},"excerpt":{"rendered":"<p>Institut Ru\u0111er Bo\u0161kovi\u0107 (IRB) potvrdio je u subotu vezano za utvr\u0111enu sumnju na prisustvo nove omikron varijante covida-19 kod pacijenta u Hrvatskoj da je potencijalno pozitivan uzorak prikupila 1. prosinca Poliklinika Medikol u sklopu PCR testiranja. Institut je to priop\u0107io slijedom brojnih novinarskih upita koji su mu upu\u0107eni nakon priop\u0107enja Hrvatskog zavoda za javno zdravstvo [&hellip;]<\/p>\n","protected":false},"author":2,"featured_media":95845,"comment_status":"closed","ping_status":"closed","sticky":false,"template":"","format":"standard","meta":{"h5ap_radio_sources":[],"footnotes":""},"categories":[1],"tags":[],"class_list":["post-95844","post","type-post","status-publish","format-standard","has-post-thumbnail","hentry","category-bihiregija"],"yoast_head":"<!-- This site is optimized with the Yoast SEO plugin v27.4 - https:\/\/yoast.com\/product\/yoast-seo-wordpress\/ -->\n<title>IRB: Dosada\u0161nja analiza pokazala da je Hrvatskoj prisutan omikron, kona\u010dna potvrda za 72 sata - RADIO LJUBU\u0160KI<\/title>\n<meta name=\"robots\" content=\"index, follow, max-snippet:-1, max-image-preview:large, max-video-preview:-1\" \/>\n<link rel=\"canonical\" href=\"https:\/\/radioljubuski.ba\/index.php\/2021\/12\/04\/irb-dosadasnja-analiza-pokazala-da-je-hrvatskoj-prisutan-omikron-konacna-potvrda-za-72-sata\/\" \/>\n<meta property=\"og:locale\" content=\"hr_HR\" \/>\n<meta property=\"og:type\" content=\"article\" \/>\n<meta property=\"og:title\" content=\"IRB: Dosada\u0161nja analiza pokazala da je Hrvatskoj prisutan omikron, kona\u010dna potvrda za 72 sata - RADIO LJUBU\u0160KI\" \/>\n<meta property=\"og:description\" content=\"Institut Ru\u0111er Bo\u0161kovi\u0107 (IRB) potvrdio je u subotu vezano za utvr\u0111enu sumnju na prisustvo nove omikron varijante covida-19 kod pacijenta u Hrvatskoj da je potencijalno pozitivan uzorak prikupila 1. prosinca Poliklinika Medikol u sklopu PCR testiranja. Institut je to priop\u0107io slijedom brojnih novinarskih upita koji su mu upu\u0107eni nakon priop\u0107enja Hrvatskog zavoda za javno zdravstvo [&hellip;]\" \/>\n<meta property=\"og:url\" content=\"https:\/\/radioljubuski.ba\/index.php\/2021\/12\/04\/irb-dosadasnja-analiza-pokazala-da-je-hrvatskoj-prisutan-omikron-konacna-potvrda-za-72-sata\/\" \/>\n<meta property=\"og:site_name\" content=\"RADIO LJUBU\u0160KI\" \/>\n<meta property=\"article:publisher\" content=\"https:\/\/www.facebook.com\/Radiio-Ljubuski-1490835324566332\" \/>\n<meta property=\"article:published_time\" content=\"2021-12-04T12:50:50+00:00\" \/>\n<meta property=\"article:modified_time\" content=\"2021-12-04T12:50:51+00:00\" \/>\n<meta property=\"og:image\" content=\"https:\/\/radioljubuski.ba\/wp-content\/uploads\/2021\/12\/image-20211128085220.jpg\" \/>\n\t<meta property=\"og:image:width\" content=\"739\" \/>\n\t<meta property=\"og:image:height\" content=\"427\" \/>\n\t<meta property=\"og:image:type\" content=\"image\/jpeg\" \/>\n<meta name=\"author\" content=\"Radio Ljubu\u0161ki\" \/>\n<meta name=\"twitter:card\" content=\"summary_large_image\" \/>\n<meta name=\"twitter:creator\" content=\"@radioljubuski\" \/>\n<meta name=\"twitter:site\" content=\"@radioljubuski\" \/>\n<meta name=\"twitter:label1\" content=\"Napisao\/la\" \/>\n\t<meta name=\"twitter:data1\" content=\"Radio Ljubu\u0161ki\" \/>\n\t<meta name=\"twitter:label2\" content=\"Procijenjeno vrijeme \u010ditanja\" \/>\n\t<meta name=\"twitter:data2\" content=\"2 minute\" \/>\n<script type=\"application\/ld+json\" class=\"yoast-schema-graph\">{\"@context\":\"https:\\\/\\\/schema.org\",\"@graph\":[{\"@type\":\"Article\",\"@id\":\"https:\\\/\\\/radioljubuski.ba\\\/index.php\\\/2021\\\/12\\\/04\\\/irb-dosadasnja-analiza-pokazala-da-je-hrvatskoj-prisutan-omikron-konacna-potvrda-za-72-sata\\\/#article\",\"isPartOf\":{\"@id\":\"https:\\\/\\\/radioljubuski.ba\\\/index.php\\\/2021\\\/12\\\/04\\\/irb-dosadasnja-analiza-pokazala-da-je-hrvatskoj-prisutan-omikron-konacna-potvrda-za-72-sata\\\/\"},\"author\":{\"name\":\"Radio Ljubu\u0161ki\",\"@id\":\"https:\\\/\\\/radioljubuski.ba\\\/#\\\/schema\\\/person\\\/19fc700381a780f69665d7956c469e3b\"},\"headline\":\"IRB: Dosada\u0161nja analiza pokazala da je Hrvatskoj prisutan omikron, kona\u010dna potvrda za 72 sata\",\"datePublished\":\"2021-12-04T12:50:50+00:00\",\"dateModified\":\"2021-12-04T12:50:51+00:00\",\"mainEntityOfPage\":{\"@id\":\"https:\\\/\\\/radioljubuski.ba\\\/index.php\\\/2021\\\/12\\\/04\\\/irb-dosadasnja-analiza-pokazala-da-je-hrvatskoj-prisutan-omikron-konacna-potvrda-za-72-sata\\\/\"},\"wordCount\":296,\"publisher\":{\"@id\":\"https:\\\/\\\/radioljubuski.ba\\\/#organization\"},\"image\":{\"@id\":\"https:\\\/\\\/radioljubuski.ba\\\/index.php\\\/2021\\\/12\\\/04\\\/irb-dosadasnja-analiza-pokazala-da-je-hrvatskoj-prisutan-omikron-konacna-potvrda-za-72-sata\\\/#primaryimage\"},\"thumbnailUrl\":\"https:\\\/\\\/radioljubuski.ba\\\/wp-content\\\/uploads\\\/2021\\\/12\\\/image-20211128085220.jpg\",\"articleSection\":[\"BIH i regija\"],\"inLanguage\":\"hr\"},{\"@type\":\"WebPage\",\"@id\":\"https:\\\/\\\/radioljubuski.ba\\\/index.php\\\/2021\\\/12\\\/04\\\/irb-dosadasnja-analiza-pokazala-da-je-hrvatskoj-prisutan-omikron-konacna-potvrda-za-72-sata\\\/\",\"url\":\"https:\\\/\\\/radioljubuski.ba\\\/index.php\\\/2021\\\/12\\\/04\\\/irb-dosadasnja-analiza-pokazala-da-je-hrvatskoj-prisutan-omikron-konacna-potvrda-za-72-sata\\\/\",\"name\":\"IRB: Dosada\u0161nja analiza pokazala da je Hrvatskoj prisutan omikron, kona\u010dna potvrda za 72 sata - RADIO LJUBU\u0160KI\",\"isPartOf\":{\"@id\":\"https:\\\/\\\/radioljubuski.ba\\\/#website\"},\"primaryImageOfPage\":{\"@id\":\"https:\\\/\\\/radioljubuski.ba\\\/index.php\\\/2021\\\/12\\\/04\\\/irb-dosadasnja-analiza-pokazala-da-je-hrvatskoj-prisutan-omikron-konacna-potvrda-za-72-sata\\\/#primaryimage\"},\"image\":{\"@id\":\"https:\\\/\\\/radioljubuski.ba\\\/index.php\\\/2021\\\/12\\\/04\\\/irb-dosadasnja-analiza-pokazala-da-je-hrvatskoj-prisutan-omikron-konacna-potvrda-za-72-sata\\\/#primaryimage\"},\"thumbnailUrl\":\"https:\\\/\\\/radioljubuski.ba\\\/wp-content\\\/uploads\\\/2021\\\/12\\\/image-20211128085220.jpg\",\"datePublished\":\"2021-12-04T12:50:50+00:00\",\"dateModified\":\"2021-12-04T12:50:51+00:00\",\"breadcrumb\":{\"@id\":\"https:\\\/\\\/radioljubuski.ba\\\/index.php\\\/2021\\\/12\\\/04\\\/irb-dosadasnja-analiza-pokazala-da-je-hrvatskoj-prisutan-omikron-konacna-potvrda-za-72-sata\\\/#breadcrumb\"},\"inLanguage\":\"hr\",\"potentialAction\":[{\"@type\":\"ReadAction\",\"target\":[\"https:\\\/\\\/radioljubuski.ba\\\/index.php\\\/2021\\\/12\\\/04\\\/irb-dosadasnja-analiza-pokazala-da-je-hrvatskoj-prisutan-omikron-konacna-potvrda-za-72-sata\\\/\"]}]},{\"@type\":\"ImageObject\",\"inLanguage\":\"hr\",\"@id\":\"https:\\\/\\\/radioljubuski.ba\\\/index.php\\\/2021\\\/12\\\/04\\\/irb-dosadasnja-analiza-pokazala-da-je-hrvatskoj-prisutan-omikron-konacna-potvrda-za-72-sata\\\/#primaryimage\",\"url\":\"https:\\\/\\\/radioljubuski.ba\\\/wp-content\\\/uploads\\\/2021\\\/12\\\/image-20211128085220.jpg\",\"contentUrl\":\"https:\\\/\\\/radioljubuski.ba\\\/wp-content\\\/uploads\\\/2021\\\/12\\\/image-20211128085220.jpg\",\"width\":739,\"height\":427},{\"@type\":\"BreadcrumbList\",\"@id\":\"https:\\\/\\\/radioljubuski.ba\\\/index.php\\\/2021\\\/12\\\/04\\\/irb-dosadasnja-analiza-pokazala-da-je-hrvatskoj-prisutan-omikron-konacna-potvrda-za-72-sata\\\/#breadcrumb\",\"itemListElement\":[{\"@type\":\"ListItem\",\"position\":1,\"name\":\"Po\u010detna stranica\",\"item\":\"https:\\\/\\\/radioljubuski.ba\\\/\"},{\"@type\":\"ListItem\",\"position\":2,\"name\":\"IRB: Dosada\u0161nja analiza pokazala da je Hrvatskoj prisutan omikron, kona\u010dna potvrda za 72 sata\"}]},{\"@type\":\"WebSite\",\"@id\":\"https:\\\/\\\/radioljubuski.ba\\\/#website\",\"url\":\"https:\\\/\\\/radioljubuski.ba\\\/\",\"name\":\"Radio Ljubu\u0161ki\",\"description\":\"Sun\u010dana frekvencija Hercegovine\",\"publisher\":{\"@id\":\"https:\\\/\\\/radioljubuski.ba\\\/#organization\"},\"potentialAction\":[{\"@type\":\"SearchAction\",\"target\":{\"@type\":\"EntryPoint\",\"urlTemplate\":\"https:\\\/\\\/radioljubuski.ba\\\/?s={search_term_string}\"},\"query-input\":{\"@type\":\"PropertyValueSpecification\",\"valueRequired\":true,\"valueName\":\"search_term_string\"}}],\"inLanguage\":\"hr\"},{\"@type\":\"Organization\",\"@id\":\"https:\\\/\\\/radioljubuski.ba\\\/#organization\",\"name\":\"Radio Ljubu\u0161ki\",\"url\":\"https:\\\/\\\/radioljubuski.ba\\\/\",\"logo\":{\"@type\":\"ImageObject\",\"inLanguage\":\"hr\",\"@id\":\"https:\\\/\\\/radioljubuski.ba\\\/#\\\/schema\\\/logo\\\/image\\\/\",\"url\":\"https:\\\/\\\/radioljubuski.ba\\\/wp-content\\\/uploads\\\/2021\\\/02\\\/cropped-Radio_Ljubuski_logo1.jpg\",\"contentUrl\":\"https:\\\/\\\/radioljubuski.ba\\\/wp-content\\\/uploads\\\/2021\\\/02\\\/cropped-Radio_Ljubuski_logo1.jpg\",\"width\":512,\"height\":512,\"caption\":\"Radio Ljubu\u0161ki\"},\"image\":{\"@id\":\"https:\\\/\\\/radioljubuski.ba\\\/#\\\/schema\\\/logo\\\/image\\\/\"},\"sameAs\":[\"https:\\\/\\\/www.facebook.com\\\/Radiio-Ljubuski-1490835324566332\",\"https:\\\/\\\/x.com\\\/radioljubuski\",\"https:\\\/\\\/hr.linkedin.com\\\/company\\\/radio-ljubuski\",\"https:\\\/\\\/www.youtube.com\\\/channel\\\/UCHYaeO_n0Db3tjNGudGpXyw\"]},{\"@type\":\"Person\",\"@id\":\"https:\\\/\\\/radioljubuski.ba\\\/#\\\/schema\\\/person\\\/19fc700381a780f69665d7956c469e3b\",\"name\":\"Radio Ljubu\u0161ki\"}]}<\/script>\n<!-- \/ Yoast SEO plugin. -->","yoast_head_json":{"title":"IRB: Dosada\u0161nja analiza pokazala da je Hrvatskoj prisutan omikron, kona\u010dna potvrda za 72 sata - RADIO LJUBU\u0160KI","robots":{"index":"index","follow":"follow","max-snippet":"max-snippet:-1","max-image-preview":"max-image-preview:large","max-video-preview":"max-video-preview:-1"},"canonical":"https:\/\/radioljubuski.ba\/index.php\/2021\/12\/04\/irb-dosadasnja-analiza-pokazala-da-je-hrvatskoj-prisutan-omikron-konacna-potvrda-za-72-sata\/","og_locale":"hr_HR","og_type":"article","og_title":"IRB: Dosada\u0161nja analiza pokazala da je Hrvatskoj prisutan omikron, kona\u010dna potvrda za 72 sata - RADIO LJUBU\u0160KI","og_description":"Institut Ru\u0111er Bo\u0161kovi\u0107 (IRB) potvrdio je u subotu vezano za utvr\u0111enu sumnju na prisustvo nove omikron varijante covida-19 kod pacijenta u Hrvatskoj da je potencijalno pozitivan uzorak prikupila 1. prosinca Poliklinika Medikol u sklopu PCR testiranja. Institut je to priop\u0107io slijedom brojnih novinarskih upita koji su mu upu\u0107eni nakon priop\u0107enja Hrvatskog zavoda za javno zdravstvo [&hellip;]","og_url":"https:\/\/radioljubuski.ba\/index.php\/2021\/12\/04\/irb-dosadasnja-analiza-pokazala-da-je-hrvatskoj-prisutan-omikron-konacna-potvrda-za-72-sata\/","og_site_name":"RADIO LJUBU\u0160KI","article_publisher":"https:\/\/www.facebook.com\/Radiio-Ljubuski-1490835324566332","article_published_time":"2021-12-04T12:50:50+00:00","article_modified_time":"2021-12-04T12:50:51+00:00","og_image":[{"width":739,"height":427,"url":"https:\/\/radioljubuski.ba\/wp-content\/uploads\/2021\/12\/image-20211128085220.jpg","type":"image\/jpeg"}],"author":"Radio Ljubu\u0161ki","twitter_card":"summary_large_image","twitter_creator":"@radioljubuski","twitter_site":"@radioljubuski","twitter_misc":{"Napisao\/la":"Radio Ljubu\u0161ki","Procijenjeno vrijeme \u010ditanja":"2 minute"},"schema":{"@context":"https:\/\/schema.org","@graph":[{"@type":"Article","@id":"https:\/\/radioljubuski.ba\/index.php\/2021\/12\/04\/irb-dosadasnja-analiza-pokazala-da-je-hrvatskoj-prisutan-omikron-konacna-potvrda-za-72-sata\/#article","isPartOf":{"@id":"https:\/\/radioljubuski.ba\/index.php\/2021\/12\/04\/irb-dosadasnja-analiza-pokazala-da-je-hrvatskoj-prisutan-omikron-konacna-potvrda-za-72-sata\/"},"author":{"name":"Radio Ljubu\u0161ki","@id":"https:\/\/radioljubuski.ba\/#\/schema\/person\/19fc700381a780f69665d7956c469e3b"},"headline":"IRB: Dosada\u0161nja analiza pokazala da je Hrvatskoj prisutan omikron, kona\u010dna potvrda za 72 sata","datePublished":"2021-12-04T12:50:50+00:00","dateModified":"2021-12-04T12:50:51+00:00","mainEntityOfPage":{"@id":"https:\/\/radioljubuski.ba\/index.php\/2021\/12\/04\/irb-dosadasnja-analiza-pokazala-da-je-hrvatskoj-prisutan-omikron-konacna-potvrda-za-72-sata\/"},"wordCount":296,"publisher":{"@id":"https:\/\/radioljubuski.ba\/#organization"},"image":{"@id":"https:\/\/radioljubuski.ba\/index.php\/2021\/12\/04\/irb-dosadasnja-analiza-pokazala-da-je-hrvatskoj-prisutan-omikron-konacna-potvrda-za-72-sata\/#primaryimage"},"thumbnailUrl":"https:\/\/radioljubuski.ba\/wp-content\/uploads\/2021\/12\/image-20211128085220.jpg","articleSection":["BIH i regija"],"inLanguage":"hr"},{"@type":"WebPage","@id":"https:\/\/radioljubuski.ba\/index.php\/2021\/12\/04\/irb-dosadasnja-analiza-pokazala-da-je-hrvatskoj-prisutan-omikron-konacna-potvrda-za-72-sata\/","url":"https:\/\/radioljubuski.ba\/index.php\/2021\/12\/04\/irb-dosadasnja-analiza-pokazala-da-je-hrvatskoj-prisutan-omikron-konacna-potvrda-za-72-sata\/","name":"IRB: Dosada\u0161nja analiza pokazala da je Hrvatskoj prisutan omikron, kona\u010dna potvrda za 72 sata - RADIO LJUBU\u0160KI","isPartOf":{"@id":"https:\/\/radioljubuski.ba\/#website"},"primaryImageOfPage":{"@id":"https:\/\/radioljubuski.ba\/index.php\/2021\/12\/04\/irb-dosadasnja-analiza-pokazala-da-je-hrvatskoj-prisutan-omikron-konacna-potvrda-za-72-sata\/#primaryimage"},"image":{"@id":"https:\/\/radioljubuski.ba\/index.php\/2021\/12\/04\/irb-dosadasnja-analiza-pokazala-da-je-hrvatskoj-prisutan-omikron-konacna-potvrda-za-72-sata\/#primaryimage"},"thumbnailUrl":"https:\/\/radioljubuski.ba\/wp-content\/uploads\/2021\/12\/image-20211128085220.jpg","datePublished":"2021-12-04T12:50:50+00:00","dateModified":"2021-12-04T12:50:51+00:00","breadcrumb":{"@id":"https:\/\/radioljubuski.ba\/index.php\/2021\/12\/04\/irb-dosadasnja-analiza-pokazala-da-je-hrvatskoj-prisutan-omikron-konacna-potvrda-za-72-sata\/#breadcrumb"},"inLanguage":"hr","potentialAction":[{"@type":"ReadAction","target":["https:\/\/radioljubuski.ba\/index.php\/2021\/12\/04\/irb-dosadasnja-analiza-pokazala-da-je-hrvatskoj-prisutan-omikron-konacna-potvrda-za-72-sata\/"]}]},{"@type":"ImageObject","inLanguage":"hr","@id":"https:\/\/radioljubuski.ba\/index.php\/2021\/12\/04\/irb-dosadasnja-analiza-pokazala-da-je-hrvatskoj-prisutan-omikron-konacna-potvrda-za-72-sata\/#primaryimage","url":"https:\/\/radioljubuski.ba\/wp-content\/uploads\/2021\/12\/image-20211128085220.jpg","contentUrl":"https:\/\/radioljubuski.ba\/wp-content\/uploads\/2021\/12\/image-20211128085220.jpg","width":739,"height":427},{"@type":"BreadcrumbList","@id":"https:\/\/radioljubuski.ba\/index.php\/2021\/12\/04\/irb-dosadasnja-analiza-pokazala-da-je-hrvatskoj-prisutan-omikron-konacna-potvrda-za-72-sata\/#breadcrumb","itemListElement":[{"@type":"ListItem","position":1,"name":"Po\u010detna stranica","item":"https:\/\/radioljubuski.ba\/"},{"@type":"ListItem","position":2,"name":"IRB: Dosada\u0161nja analiza pokazala da je Hrvatskoj prisutan omikron, kona\u010dna potvrda za 72 sata"}]},{"@type":"WebSite","@id":"https:\/\/radioljubuski.ba\/#website","url":"https:\/\/radioljubuski.ba\/","name":"Radio Ljubu\u0161ki","description":"Sun\u010dana frekvencija Hercegovine","publisher":{"@id":"https:\/\/radioljubuski.ba\/#organization"},"potentialAction":[{"@type":"SearchAction","target":{"@type":"EntryPoint","urlTemplate":"https:\/\/radioljubuski.ba\/?s={search_term_string}"},"query-input":{"@type":"PropertyValueSpecification","valueRequired":true,"valueName":"search_term_string"}}],"inLanguage":"hr"},{"@type":"Organization","@id":"https:\/\/radioljubuski.ba\/#organization","name":"Radio Ljubu\u0161ki","url":"https:\/\/radioljubuski.ba\/","logo":{"@type":"ImageObject","inLanguage":"hr","@id":"https:\/\/radioljubuski.ba\/#\/schema\/logo\/image\/","url":"https:\/\/radioljubuski.ba\/wp-content\/uploads\/2021\/02\/cropped-Radio_Ljubuski_logo1.jpg","contentUrl":"https:\/\/radioljubuski.ba\/wp-content\/uploads\/2021\/02\/cropped-Radio_Ljubuski_logo1.jpg","width":512,"height":512,"caption":"Radio Ljubu\u0161ki"},"image":{"@id":"https:\/\/radioljubuski.ba\/#\/schema\/logo\/image\/"},"sameAs":["https:\/\/www.facebook.com\/Radiio-Ljubuski-1490835324566332","https:\/\/x.com\/radioljubuski","https:\/\/hr.linkedin.com\/company\/radio-ljubuski","https:\/\/www.youtube.com\/channel\/UCHYaeO_n0Db3tjNGudGpXyw"]},{"@type":"Person","@id":"https:\/\/radioljubuski.ba\/#\/schema\/person\/19fc700381a780f69665d7956c469e3b","name":"Radio Ljubu\u0161ki"}]}},"_links":{"self":[{"href":"https:\/\/radioljubuski.ba\/index.php\/wp-json\/wp\/v2\/posts\/95844","targetHints":{"allow":["GET"]}}],"collection":[{"href":"https:\/\/radioljubuski.ba\/index.php\/wp-json\/wp\/v2\/posts"}],"about":[{"href":"https:\/\/radioljubuski.ba\/index.php\/wp-json\/wp\/v2\/types\/post"}],"author":[{"embeddable":true,"href":"https:\/\/radioljubuski.ba\/index.php\/wp-json\/wp\/v2\/users\/2"}],"replies":[{"embeddable":true,"href":"https:\/\/radioljubuski.ba\/index.php\/wp-json\/wp\/v2\/comments?post=95844"}],"version-history":[{"count":1,"href":"https:\/\/radioljubuski.ba\/index.php\/wp-json\/wp\/v2\/posts\/95844\/revisions"}],"predecessor-version":[{"id":95846,"href":"https:\/\/radioljubuski.ba\/index.php\/wp-json\/wp\/v2\/posts\/95844\/revisions\/95846"}],"wp:featuredmedia":[{"embeddable":true,"href":"https:\/\/radioljubuski.ba\/index.php\/wp-json\/wp\/v2\/media\/95845"}],"wp:attachment":[{"href":"https:\/\/radioljubuski.ba\/index.php\/wp-json\/wp\/v2\/media?parent=95844"}],"wp:term":[{"taxonomy":"category","embeddable":true,"href":"https:\/\/radioljubuski.ba\/index.php\/wp-json\/wp\/v2\/categories?post=95844"},{"taxonomy":"post_tag","embeddable":true,"href":"https:\/\/radioljubuski.ba\/index.php\/wp-json\/wp\/v2\/tags?post=95844"}],"curies":[{"name":"wp","href":"https:\/\/api.w.org\/{rel}","templated":true}]}}