{"id":95852,"date":"2021-12-04T13:57:33","date_gmt":"2021-12-04T12:57:33","guid":{"rendered":"https:\/\/radioljubuski.ba\/?p=95852"},"modified":"2021-12-04T13:57:34","modified_gmt":"2021-12-04T12:57:34","slug":"4-prosinca-1918-grga-angjelinovic-protoptip-hrvata-koji-je-sluzio-beogradu-ideji-jugoslavije-i-ubijao-svoj-narod","status":"publish","type":"post","link":"https:\/\/radioljubuski.ba\/index.php\/2021\/12\/04\/4-prosinca-1918-grga-angjelinovic-protoptip-hrvata-koji-je-sluzio-beogradu-ideji-jugoslavije-i-ubijao-svoj-narod\/","title":{"rendered":"4. prosinca 1918. Grga Angjelinovi\u0107 \u2013 protoptip Hrvata koji je slu\u017eio Beogradu, ideji Jugoslavije i ubijao svoj narod!"},"content":{"rendered":"\n<p><strong>Dana 4. prosinca 1918., tek tri dana nakon stvaranje nove ju\u017enoslavenske dr\u017eave koja \u0107e biti nazvana Jugoslavija, \u0161ef policije u Zagrebu dr. Grga Angjelinovi\u0107 zabranio je daljnje izla\u017eenje prava\u0161kom listu \u201eHrvatska\u201c. Samo dan kasnije zapovjedio je veliki pokolj prosvjednika na sredi\u0161njem trgu u Zagrebu, a kasnije se u Beogradu pred Srbima hvalio da se \u201eponosi svojim krvavim rukama\u201c na kojima je bila krv nevinih prosvjednika Hrvata.<\/strong><\/p>\n\n\n\n<p><strong>Ovaj \u010dovjek je na neki na\u010din prototip Hrvata koji slu\u017ei Beogradu i jugoslavenskoj ili \u010dak velikosrpskoj ideji protiv interesa hrvatskog naroda. Takvih je ljudi, na\u017ealost, bilo mnogo u nedavnoj hrvatskoj povijesti, te time predstavljaju eklatantan primjer izdajni\u010dkog pona\u0161anja hrvatske \u201eelite\u201c.<\/strong><\/p>\n\n\n\n<h3 class=\"wp-block-heading\"><strong>Primjer izdajni\u010dkog pona\u0161anja hrvatske elite<\/strong><\/h3>\n\n\n\n<p>Obitelj An\u0111elinovi\u0107 bila je izrazito obrazovana, ugledna i utjecajna u Hrvatskoj po\u010detkom pro\u0161log stolje\u0107a. Dala je velik broj pjesnika, pravnika, knji\u017eevnika, intelektualaca, pa i lije\u010dnika. Na \u017ealost, gotovo svi su bili anga\u017eirani u ORJUN-i, organizaciji jugoslavenskih nacionalista, i me\u0111u njima je bilo mnogo policijskih batina\u0161a i \u010detnika. Ukratko, bili su eklatantan primjer tradicionalno izdajni\u010dkog pona\u0161anja hrvatske elite.<\/p>\n\n\n\n<p>Sam Grga Budislav An\u0111elinovi\u0107 ro\u0111en je na Hvaru 1886. godine. Nakon \u0161to je na Sveu\u010dili\u0161tu u Zagrebu diplomirao iz podru\u010dja povijesti i zemljopisa, nastavio je svoj studij u Pragu i Lavovu da bi potom u Zagrebu i Lavovu doktorirao. Kao odvjetni\u010dki pripravnik kod dr. Ante Trumbi\u0107a, osniva\u010da i predsjednika Jugoslavenskog odbora osnovanog u svibnju 1915. godine u Londonu, ure\u0111ivao je list Hrvatska, a ne\u0161to kasnije preuzeo je i ure\u0111ivanje lista Hrvatska dr\u017eava kojeg je izdavala ona frakcija Stranke prava koja se zalagala za ujedinjavanje ju\u017enoslavenskih naroda.<\/p>\n\n\n\n<h3 class=\"wp-block-heading\"><strong>Pokolj hrvatskih prosvjednika<\/strong><\/h3>\n\n\n\n<p>Pokrenuo je ideju za stvaranje Narodnog vije\u0107a SHS i 1918. postao njegov tajnik, a zatim povjerenik Sekcije za organizaciju i agitaciju, a 28. listopada 1918. imenovan je za povjerenika za javni red i sigurnost u Zagrebu.<\/p>\n\n\n\n<p>U toj funkciji organizirao je krvavo gu\u0161enje mirnog prosvjeda 53. i 25. Razoru\u017eane pukovnije u Zagrebu koju je pratila i masa civila stanovnika Zagreba.<\/p>\n\n\n\n<p>Vi\u0161e je puta biran za narodnog poslanika u Skup\u0161tinu u Beogradu. Izborom za poslanika u beogradsku Skup\u0161tinu prestaje biti \u010dlanom Hrvatske stranke prava, koju napu\u0161ta 1919. godine i pristupa Demokratskoj stranci Ljube Davidovi\u0107a.<\/p>\n\n\n\n<p>Zagreba\u010dki \u010dasopis \u201cRije\u010d\u201d, br. 98. 30. travnja 1921., donosi govor dr. Grge Budislava Angjelinovi\u0107a u beogradskoj Skup\u0161tini od 26. travnja 1921. u kojem je o\u0161trim tonom napao hrvatsku prava\u0161ku politiku da nerado gleda na ujedinjenu Kraljevinu SHS i da poku\u0161ava isprovocirati nove nerede u Hrvatskoj: \u201cAko bi Hrvatska jednog dana postala Irska, mi \u0107emo opet biti \u017eandari\u201d, kazao je Angjelinovi\u0107.<\/p>\n\n\n\n<p>Na to glas iz parlamenta povikao: \u201cVi u tome imate prakse.\u201d Na ovo je dr. Angjelinovi\u0107 progovorio o svojoj praksi u Zagrebu i pred skup\u0161tinskim zastupnicima ponovio \u0161to je to u\u010dinio u Zagrebu: \u201cPo svojoj du\u017enosti smatrao sam da treba prvi da po\u010dnem i ja se tim krvavim rukama ponosim\u201d, rekao je dr. Grga Budislav Angjelinovi\u0107 nakon pokolja hrvatskih prosvjednika protiv uspostave Jugoslavije na centralisti\u010dkim velikosrpskim osnovama. Premda je znao da je rije\u010d tek o manifestaciji, Angjelinovi\u0107 se pohvalio da je svjesno \u017eelio proliti krv Hrvatada bi se u Beogradu mogao hvaliti kako je on umirio Zagreb.<\/p>\n\n\n\n<p>Kasnije je jedan od osniva\u010da Jugoslavenske nacionalne stranke.<\/p>\n\n\n\n<h3 class=\"wp-block-heading\"><strong>Orjuna\u0161 i re\u017eimski politi\u010dar<\/strong><\/h3>\n\n\n\n<p>Nakon atentata na Stjepana Radi\u0107a u Narodnoj skup\u0161tini u Beogradu, 20. lipnja 1928., Angjelinovi\u0107 je imenovan ministrom za gra\u0111evinu u vladi dr. Antona Koro\u0161ca. Nakon uvodenja \u0160estosije\u010danjske diktature 1929. godine imenovan je za opunomo\u0107enog ministra i izvanrednog poslanika u Pragu, a poslije u Be\u010du.<\/p>\n\n\n\n<p>Tako je od stvaranja Jugoslavije na dalje An\u0111elinovi\u0107 je istaknuti orjuna\u0161 i re\u017eimski politi\u010dar, za \u0161to je bio nagra\u0111ivan visokim du\u017enostima. Nakon raspada Jugoslavije 1941. oti\u0161ao je u emigraciju i priklju\u010dio se \u010detni\u010dkim krugovima, pi\u0161u\u0107i i u kanadskom Srpskom glasniku i \u010detni\u010dkom listu Novosti. Navodno je sura\u0111ivao i s \u010detni\u010dkim vojvodom popom \u0110uji\u0107em.<\/p>\n\n\n\n<p>Zanimljivost je da se ovaj vjerni sluga kraljevske Jugoslavije i kralja u Beogradu bez problema vratio u obnovljenu komunisti\u010dku Jugoslaviju iz koje je spa\u0161avaju\u0107i \u017eivote, u isto vrijeme, pobjeglo stotine tisu\u0107a Hrvata. Bio je dakle po\u017eeljan suprotstavljenim dru\u0161tvenim ure\u0111enjima: i monarhisti\u010dkom i komunisti\u010dkom, ali u Jugoslaviji!<\/p>\n\n\n\n<p>A to ne\u0161to govori i o Grgi Angjelinovi\u0107u i o dr\u017eavi kojoj je vjerno slu\u017eio, bez obzira na re\u017eim koji je u njoj. Umro je kao slobodan \u010dovjek u Splitu, u vrijeme dok su se jame od Dubrovnika do Vukovara punile desetinama tisu\u0107a nevinih Hrvata, \u017eena, djece i staraca.<\/p>\n\n\n\n<p><em>Izvor: narod.hr\/fizzit.net<\/em><\/p>\n","protected":false},"excerpt":{"rendered":"<p>Dana 4. prosinca 1918., tek tri dana nakon stvaranje nove ju\u017enoslavenske dr\u017eave koja \u0107e biti nazvana Jugoslavija, \u0161ef policije u Zagrebu dr. Grga Angjelinovi\u0107 zabranio je daljnje izla\u017eenje prava\u0161kom listu \u201eHrvatska\u201c. Samo dan kasnije zapovjedio je veliki pokolj prosvjednika na sredi\u0161njem trgu u Zagrebu, a kasnije se u Beogradu pred Srbima hvalio da se \u201eponosi [&hellip;]<\/p>\n","protected":false},"author":2,"featured_media":95853,"comment_status":"closed","ping_status":"closed","sticky":false,"template":"","format":"standard","meta":{"h5ap_radio_sources":[],"footnotes":""},"categories":[1],"tags":[],"class_list":["post-95852","post","type-post","status-publish","format-standard","has-post-thumbnail","hentry","category-bihiregija"],"yoast_head":"<!-- This site is optimized with the Yoast SEO plugin v27.4 - https:\/\/yoast.com\/product\/yoast-seo-wordpress\/ -->\n<title>4. prosinca 1918. Grga Angjelinovi\u0107 \u2013 protoptip Hrvata koji je slu\u017eio Beogradu, ideji Jugoslavije i ubijao svoj narod! - RADIO LJUBU\u0160KI<\/title>\n<meta name=\"robots\" content=\"index, follow, max-snippet:-1, max-image-preview:large, max-video-preview:-1\" \/>\n<link rel=\"canonical\" href=\"https:\/\/radioljubuski.ba\/index.php\/2021\/12\/04\/4-prosinca-1918-grga-angjelinovic-protoptip-hrvata-koji-je-sluzio-beogradu-ideji-jugoslavije-i-ubijao-svoj-narod\/\" \/>\n<meta property=\"og:locale\" content=\"hr_HR\" \/>\n<meta property=\"og:type\" content=\"article\" \/>\n<meta property=\"og:title\" content=\"4. prosinca 1918. Grga Angjelinovi\u0107 \u2013 protoptip Hrvata koji je slu\u017eio Beogradu, ideji Jugoslavije i ubijao svoj narod! - RADIO LJUBU\u0160KI\" \/>\n<meta property=\"og:description\" content=\"Dana 4. prosinca 1918., tek tri dana nakon stvaranje nove ju\u017enoslavenske dr\u017eave koja \u0107e biti nazvana Jugoslavija, \u0161ef policije u Zagrebu dr. Grga Angjelinovi\u0107 zabranio je daljnje izla\u017eenje prava\u0161kom listu \u201eHrvatska\u201c. Samo dan kasnije zapovjedio je veliki pokolj prosvjednika na sredi\u0161njem trgu u Zagrebu, a kasnije se u Beogradu pred Srbima hvalio da se \u201eponosi [&hellip;]\" \/>\n<meta property=\"og:url\" content=\"https:\/\/radioljubuski.ba\/index.php\/2021\/12\/04\/4-prosinca-1918-grga-angjelinovic-protoptip-hrvata-koji-je-sluzio-beogradu-ideji-jugoslavije-i-ubijao-svoj-narod\/\" \/>\n<meta property=\"og:site_name\" content=\"RADIO LJUBU\u0160KI\" \/>\n<meta property=\"article:publisher\" content=\"https:\/\/www.facebook.com\/Radiio-Ljubuski-1490835324566332\" \/>\n<meta property=\"article:published_time\" content=\"2021-12-04T12:57:33+00:00\" \/>\n<meta property=\"article:modified_time\" content=\"2021-12-04T12:57:34+00:00\" \/>\n<meta property=\"og:image\" content=\"https:\/\/radioljubuski.ba\/wp-content\/uploads\/2021\/12\/Screenshot_15-696x505-1.jpg\" \/>\n\t<meta property=\"og:image:width\" content=\"696\" \/>\n\t<meta property=\"og:image:height\" content=\"505\" \/>\n\t<meta property=\"og:image:type\" content=\"image\/jpeg\" \/>\n<meta name=\"author\" content=\"Radio Ljubu\u0161ki\" \/>\n<meta name=\"twitter:card\" content=\"summary_large_image\" \/>\n<meta name=\"twitter:creator\" content=\"@radioljubuski\" \/>\n<meta name=\"twitter:site\" content=\"@radioljubuski\" \/>\n<meta name=\"twitter:label1\" content=\"Napisao\/la\" \/>\n\t<meta name=\"twitter:data1\" content=\"Radio Ljubu\u0161ki\" \/>\n\t<meta name=\"twitter:label2\" content=\"Procijenjeno vrijeme \u010ditanja\" \/>\n\t<meta name=\"twitter:data2\" content=\"4 minute\" \/>\n<script type=\"application\/ld+json\" class=\"yoast-schema-graph\">{\"@context\":\"https:\\\/\\\/schema.org\",\"@graph\":[{\"@type\":\"Article\",\"@id\":\"https:\\\/\\\/radioljubuski.ba\\\/index.php\\\/2021\\\/12\\\/04\\\/4-prosinca-1918-grga-angjelinovic-protoptip-hrvata-koji-je-sluzio-beogradu-ideji-jugoslavije-i-ubijao-svoj-narod\\\/#article\",\"isPartOf\":{\"@id\":\"https:\\\/\\\/radioljubuski.ba\\\/index.php\\\/2021\\\/12\\\/04\\\/4-prosinca-1918-grga-angjelinovic-protoptip-hrvata-koji-je-sluzio-beogradu-ideji-jugoslavije-i-ubijao-svoj-narod\\\/\"},\"author\":{\"name\":\"Radio Ljubu\u0161ki\",\"@id\":\"https:\\\/\\\/radioljubuski.ba\\\/#\\\/schema\\\/person\\\/19fc700381a780f69665d7956c469e3b\"},\"headline\":\"4. prosinca 1918. Grga Angjelinovi\u0107 \u2013 protoptip Hrvata koji je slu\u017eio Beogradu, ideji Jugoslavije i ubijao svoj narod!\",\"datePublished\":\"2021-12-04T12:57:33+00:00\",\"dateModified\":\"2021-12-04T12:57:34+00:00\",\"mainEntityOfPage\":{\"@id\":\"https:\\\/\\\/radioljubuski.ba\\\/index.php\\\/2021\\\/12\\\/04\\\/4-prosinca-1918-grga-angjelinovic-protoptip-hrvata-koji-je-sluzio-beogradu-ideji-jugoslavije-i-ubijao-svoj-narod\\\/\"},\"wordCount\":807,\"publisher\":{\"@id\":\"https:\\\/\\\/radioljubuski.ba\\\/#organization\"},\"image\":{\"@id\":\"https:\\\/\\\/radioljubuski.ba\\\/index.php\\\/2021\\\/12\\\/04\\\/4-prosinca-1918-grga-angjelinovic-protoptip-hrvata-koji-je-sluzio-beogradu-ideji-jugoslavije-i-ubijao-svoj-narod\\\/#primaryimage\"},\"thumbnailUrl\":\"https:\\\/\\\/radioljubuski.ba\\\/wp-content\\\/uploads\\\/2021\\\/12\\\/Screenshot_15-696x505-1.jpg\",\"articleSection\":[\"BIH i regija\"],\"inLanguage\":\"hr\"},{\"@type\":\"WebPage\",\"@id\":\"https:\\\/\\\/radioljubuski.ba\\\/index.php\\\/2021\\\/12\\\/04\\\/4-prosinca-1918-grga-angjelinovic-protoptip-hrvata-koji-je-sluzio-beogradu-ideji-jugoslavije-i-ubijao-svoj-narod\\\/\",\"url\":\"https:\\\/\\\/radioljubuski.ba\\\/index.php\\\/2021\\\/12\\\/04\\\/4-prosinca-1918-grga-angjelinovic-protoptip-hrvata-koji-je-sluzio-beogradu-ideji-jugoslavije-i-ubijao-svoj-narod\\\/\",\"name\":\"4. prosinca 1918. Grga Angjelinovi\u0107 \u2013 protoptip Hrvata koji je slu\u017eio Beogradu, ideji Jugoslavije i ubijao svoj narod! - RADIO LJUBU\u0160KI\",\"isPartOf\":{\"@id\":\"https:\\\/\\\/radioljubuski.ba\\\/#website\"},\"primaryImageOfPage\":{\"@id\":\"https:\\\/\\\/radioljubuski.ba\\\/index.php\\\/2021\\\/12\\\/04\\\/4-prosinca-1918-grga-angjelinovic-protoptip-hrvata-koji-je-sluzio-beogradu-ideji-jugoslavije-i-ubijao-svoj-narod\\\/#primaryimage\"},\"image\":{\"@id\":\"https:\\\/\\\/radioljubuski.ba\\\/index.php\\\/2021\\\/12\\\/04\\\/4-prosinca-1918-grga-angjelinovic-protoptip-hrvata-koji-je-sluzio-beogradu-ideji-jugoslavije-i-ubijao-svoj-narod\\\/#primaryimage\"},\"thumbnailUrl\":\"https:\\\/\\\/radioljubuski.ba\\\/wp-content\\\/uploads\\\/2021\\\/12\\\/Screenshot_15-696x505-1.jpg\",\"datePublished\":\"2021-12-04T12:57:33+00:00\",\"dateModified\":\"2021-12-04T12:57:34+00:00\",\"breadcrumb\":{\"@id\":\"https:\\\/\\\/radioljubuski.ba\\\/index.php\\\/2021\\\/12\\\/04\\\/4-prosinca-1918-grga-angjelinovic-protoptip-hrvata-koji-je-sluzio-beogradu-ideji-jugoslavije-i-ubijao-svoj-narod\\\/#breadcrumb\"},\"inLanguage\":\"hr\",\"potentialAction\":[{\"@type\":\"ReadAction\",\"target\":[\"https:\\\/\\\/radioljubuski.ba\\\/index.php\\\/2021\\\/12\\\/04\\\/4-prosinca-1918-grga-angjelinovic-protoptip-hrvata-koji-je-sluzio-beogradu-ideji-jugoslavije-i-ubijao-svoj-narod\\\/\"]}]},{\"@type\":\"ImageObject\",\"inLanguage\":\"hr\",\"@id\":\"https:\\\/\\\/radioljubuski.ba\\\/index.php\\\/2021\\\/12\\\/04\\\/4-prosinca-1918-grga-angjelinovic-protoptip-hrvata-koji-je-sluzio-beogradu-ideji-jugoslavije-i-ubijao-svoj-narod\\\/#primaryimage\",\"url\":\"https:\\\/\\\/radioljubuski.ba\\\/wp-content\\\/uploads\\\/2021\\\/12\\\/Screenshot_15-696x505-1.jpg\",\"contentUrl\":\"https:\\\/\\\/radioljubuski.ba\\\/wp-content\\\/uploads\\\/2021\\\/12\\\/Screenshot_15-696x505-1.jpg\",\"width\":696,\"height\":505},{\"@type\":\"BreadcrumbList\",\"@id\":\"https:\\\/\\\/radioljubuski.ba\\\/index.php\\\/2021\\\/12\\\/04\\\/4-prosinca-1918-grga-angjelinovic-protoptip-hrvata-koji-je-sluzio-beogradu-ideji-jugoslavije-i-ubijao-svoj-narod\\\/#breadcrumb\",\"itemListElement\":[{\"@type\":\"ListItem\",\"position\":1,\"name\":\"Po\u010detna stranica\",\"item\":\"https:\\\/\\\/radioljubuski.ba\\\/\"},{\"@type\":\"ListItem\",\"position\":2,\"name\":\"4. prosinca 1918. Grga Angjelinovi\u0107 \u2013 protoptip Hrvata koji je slu\u017eio Beogradu, ideji Jugoslavije i ubijao svoj narod!\"}]},{\"@type\":\"WebSite\",\"@id\":\"https:\\\/\\\/radioljubuski.ba\\\/#website\",\"url\":\"https:\\\/\\\/radioljubuski.ba\\\/\",\"name\":\"Radio Ljubu\u0161ki\",\"description\":\"Sun\u010dana frekvencija Hercegovine\",\"publisher\":{\"@id\":\"https:\\\/\\\/radioljubuski.ba\\\/#organization\"},\"potentialAction\":[{\"@type\":\"SearchAction\",\"target\":{\"@type\":\"EntryPoint\",\"urlTemplate\":\"https:\\\/\\\/radioljubuski.ba\\\/?s={search_term_string}\"},\"query-input\":{\"@type\":\"PropertyValueSpecification\",\"valueRequired\":true,\"valueName\":\"search_term_string\"}}],\"inLanguage\":\"hr\"},{\"@type\":\"Organization\",\"@id\":\"https:\\\/\\\/radioljubuski.ba\\\/#organization\",\"name\":\"Radio Ljubu\u0161ki\",\"url\":\"https:\\\/\\\/radioljubuski.ba\\\/\",\"logo\":{\"@type\":\"ImageObject\",\"inLanguage\":\"hr\",\"@id\":\"https:\\\/\\\/radioljubuski.ba\\\/#\\\/schema\\\/logo\\\/image\\\/\",\"url\":\"https:\\\/\\\/radioljubuski.ba\\\/wp-content\\\/uploads\\\/2021\\\/02\\\/cropped-Radio_Ljubuski_logo1.jpg\",\"contentUrl\":\"https:\\\/\\\/radioljubuski.ba\\\/wp-content\\\/uploads\\\/2021\\\/02\\\/cropped-Radio_Ljubuski_logo1.jpg\",\"width\":512,\"height\":512,\"caption\":\"Radio Ljubu\u0161ki\"},\"image\":{\"@id\":\"https:\\\/\\\/radioljubuski.ba\\\/#\\\/schema\\\/logo\\\/image\\\/\"},\"sameAs\":[\"https:\\\/\\\/www.facebook.com\\\/Radiio-Ljubuski-1490835324566332\",\"https:\\\/\\\/x.com\\\/radioljubuski\",\"https:\\\/\\\/hr.linkedin.com\\\/company\\\/radio-ljubuski\",\"https:\\\/\\\/www.youtube.com\\\/channel\\\/UCHYaeO_n0Db3tjNGudGpXyw\"]},{\"@type\":\"Person\",\"@id\":\"https:\\\/\\\/radioljubuski.ba\\\/#\\\/schema\\\/person\\\/19fc700381a780f69665d7956c469e3b\",\"name\":\"Radio Ljubu\u0161ki\"}]}<\/script>\n<!-- \/ Yoast SEO plugin. -->","yoast_head_json":{"title":"4. prosinca 1918. Grga Angjelinovi\u0107 \u2013 protoptip Hrvata koji je slu\u017eio Beogradu, ideji Jugoslavije i ubijao svoj narod! - RADIO LJUBU\u0160KI","robots":{"index":"index","follow":"follow","max-snippet":"max-snippet:-1","max-image-preview":"max-image-preview:large","max-video-preview":"max-video-preview:-1"},"canonical":"https:\/\/radioljubuski.ba\/index.php\/2021\/12\/04\/4-prosinca-1918-grga-angjelinovic-protoptip-hrvata-koji-je-sluzio-beogradu-ideji-jugoslavije-i-ubijao-svoj-narod\/","og_locale":"hr_HR","og_type":"article","og_title":"4. prosinca 1918. Grga Angjelinovi\u0107 \u2013 protoptip Hrvata koji je slu\u017eio Beogradu, ideji Jugoslavije i ubijao svoj narod! - RADIO LJUBU\u0160KI","og_description":"Dana 4. prosinca 1918., tek tri dana nakon stvaranje nove ju\u017enoslavenske dr\u017eave koja \u0107e biti nazvana Jugoslavija, \u0161ef policije u Zagrebu dr. Grga Angjelinovi\u0107 zabranio je daljnje izla\u017eenje prava\u0161kom listu \u201eHrvatska\u201c. Samo dan kasnije zapovjedio je veliki pokolj prosvjednika na sredi\u0161njem trgu u Zagrebu, a kasnije se u Beogradu pred Srbima hvalio da se \u201eponosi [&hellip;]","og_url":"https:\/\/radioljubuski.ba\/index.php\/2021\/12\/04\/4-prosinca-1918-grga-angjelinovic-protoptip-hrvata-koji-je-sluzio-beogradu-ideji-jugoslavije-i-ubijao-svoj-narod\/","og_site_name":"RADIO LJUBU\u0160KI","article_publisher":"https:\/\/www.facebook.com\/Radiio-Ljubuski-1490835324566332","article_published_time":"2021-12-04T12:57:33+00:00","article_modified_time":"2021-12-04T12:57:34+00:00","og_image":[{"width":696,"height":505,"url":"https:\/\/radioljubuski.ba\/wp-content\/uploads\/2021\/12\/Screenshot_15-696x505-1.jpg","type":"image\/jpeg"}],"author":"Radio Ljubu\u0161ki","twitter_card":"summary_large_image","twitter_creator":"@radioljubuski","twitter_site":"@radioljubuski","twitter_misc":{"Napisao\/la":"Radio Ljubu\u0161ki","Procijenjeno vrijeme \u010ditanja":"4 minute"},"schema":{"@context":"https:\/\/schema.org","@graph":[{"@type":"Article","@id":"https:\/\/radioljubuski.ba\/index.php\/2021\/12\/04\/4-prosinca-1918-grga-angjelinovic-protoptip-hrvata-koji-je-sluzio-beogradu-ideji-jugoslavije-i-ubijao-svoj-narod\/#article","isPartOf":{"@id":"https:\/\/radioljubuski.ba\/index.php\/2021\/12\/04\/4-prosinca-1918-grga-angjelinovic-protoptip-hrvata-koji-je-sluzio-beogradu-ideji-jugoslavije-i-ubijao-svoj-narod\/"},"author":{"name":"Radio Ljubu\u0161ki","@id":"https:\/\/radioljubuski.ba\/#\/schema\/person\/19fc700381a780f69665d7956c469e3b"},"headline":"4. prosinca 1918. Grga Angjelinovi\u0107 \u2013 protoptip Hrvata koji je slu\u017eio Beogradu, ideji Jugoslavije i ubijao svoj narod!","datePublished":"2021-12-04T12:57:33+00:00","dateModified":"2021-12-04T12:57:34+00:00","mainEntityOfPage":{"@id":"https:\/\/radioljubuski.ba\/index.php\/2021\/12\/04\/4-prosinca-1918-grga-angjelinovic-protoptip-hrvata-koji-je-sluzio-beogradu-ideji-jugoslavije-i-ubijao-svoj-narod\/"},"wordCount":807,"publisher":{"@id":"https:\/\/radioljubuski.ba\/#organization"},"image":{"@id":"https:\/\/radioljubuski.ba\/index.php\/2021\/12\/04\/4-prosinca-1918-grga-angjelinovic-protoptip-hrvata-koji-je-sluzio-beogradu-ideji-jugoslavije-i-ubijao-svoj-narod\/#primaryimage"},"thumbnailUrl":"https:\/\/radioljubuski.ba\/wp-content\/uploads\/2021\/12\/Screenshot_15-696x505-1.jpg","articleSection":["BIH i regija"],"inLanguage":"hr"},{"@type":"WebPage","@id":"https:\/\/radioljubuski.ba\/index.php\/2021\/12\/04\/4-prosinca-1918-grga-angjelinovic-protoptip-hrvata-koji-je-sluzio-beogradu-ideji-jugoslavije-i-ubijao-svoj-narod\/","url":"https:\/\/radioljubuski.ba\/index.php\/2021\/12\/04\/4-prosinca-1918-grga-angjelinovic-protoptip-hrvata-koji-je-sluzio-beogradu-ideji-jugoslavije-i-ubijao-svoj-narod\/","name":"4. prosinca 1918. Grga Angjelinovi\u0107 \u2013 protoptip Hrvata koji je slu\u017eio Beogradu, ideji Jugoslavije i ubijao svoj narod! - RADIO LJUBU\u0160KI","isPartOf":{"@id":"https:\/\/radioljubuski.ba\/#website"},"primaryImageOfPage":{"@id":"https:\/\/radioljubuski.ba\/index.php\/2021\/12\/04\/4-prosinca-1918-grga-angjelinovic-protoptip-hrvata-koji-je-sluzio-beogradu-ideji-jugoslavije-i-ubijao-svoj-narod\/#primaryimage"},"image":{"@id":"https:\/\/radioljubuski.ba\/index.php\/2021\/12\/04\/4-prosinca-1918-grga-angjelinovic-protoptip-hrvata-koji-je-sluzio-beogradu-ideji-jugoslavije-i-ubijao-svoj-narod\/#primaryimage"},"thumbnailUrl":"https:\/\/radioljubuski.ba\/wp-content\/uploads\/2021\/12\/Screenshot_15-696x505-1.jpg","datePublished":"2021-12-04T12:57:33+00:00","dateModified":"2021-12-04T12:57:34+00:00","breadcrumb":{"@id":"https:\/\/radioljubuski.ba\/index.php\/2021\/12\/04\/4-prosinca-1918-grga-angjelinovic-protoptip-hrvata-koji-je-sluzio-beogradu-ideji-jugoslavije-i-ubijao-svoj-narod\/#breadcrumb"},"inLanguage":"hr","potentialAction":[{"@type":"ReadAction","target":["https:\/\/radioljubuski.ba\/index.php\/2021\/12\/04\/4-prosinca-1918-grga-angjelinovic-protoptip-hrvata-koji-je-sluzio-beogradu-ideji-jugoslavije-i-ubijao-svoj-narod\/"]}]},{"@type":"ImageObject","inLanguage":"hr","@id":"https:\/\/radioljubuski.ba\/index.php\/2021\/12\/04\/4-prosinca-1918-grga-angjelinovic-protoptip-hrvata-koji-je-sluzio-beogradu-ideji-jugoslavije-i-ubijao-svoj-narod\/#primaryimage","url":"https:\/\/radioljubuski.ba\/wp-content\/uploads\/2021\/12\/Screenshot_15-696x505-1.jpg","contentUrl":"https:\/\/radioljubuski.ba\/wp-content\/uploads\/2021\/12\/Screenshot_15-696x505-1.jpg","width":696,"height":505},{"@type":"BreadcrumbList","@id":"https:\/\/radioljubuski.ba\/index.php\/2021\/12\/04\/4-prosinca-1918-grga-angjelinovic-protoptip-hrvata-koji-je-sluzio-beogradu-ideji-jugoslavije-i-ubijao-svoj-narod\/#breadcrumb","itemListElement":[{"@type":"ListItem","position":1,"name":"Po\u010detna stranica","item":"https:\/\/radioljubuski.ba\/"},{"@type":"ListItem","position":2,"name":"4. prosinca 1918. Grga Angjelinovi\u0107 \u2013 protoptip Hrvata koji je slu\u017eio Beogradu, ideji Jugoslavije i ubijao svoj narod!"}]},{"@type":"WebSite","@id":"https:\/\/radioljubuski.ba\/#website","url":"https:\/\/radioljubuski.ba\/","name":"Radio Ljubu\u0161ki","description":"Sun\u010dana frekvencija Hercegovine","publisher":{"@id":"https:\/\/radioljubuski.ba\/#organization"},"potentialAction":[{"@type":"SearchAction","target":{"@type":"EntryPoint","urlTemplate":"https:\/\/radioljubuski.ba\/?s={search_term_string}"},"query-input":{"@type":"PropertyValueSpecification","valueRequired":true,"valueName":"search_term_string"}}],"inLanguage":"hr"},{"@type":"Organization","@id":"https:\/\/radioljubuski.ba\/#organization","name":"Radio Ljubu\u0161ki","url":"https:\/\/radioljubuski.ba\/","logo":{"@type":"ImageObject","inLanguage":"hr","@id":"https:\/\/radioljubuski.ba\/#\/schema\/logo\/image\/","url":"https:\/\/radioljubuski.ba\/wp-content\/uploads\/2021\/02\/cropped-Radio_Ljubuski_logo1.jpg","contentUrl":"https:\/\/radioljubuski.ba\/wp-content\/uploads\/2021\/02\/cropped-Radio_Ljubuski_logo1.jpg","width":512,"height":512,"caption":"Radio Ljubu\u0161ki"},"image":{"@id":"https:\/\/radioljubuski.ba\/#\/schema\/logo\/image\/"},"sameAs":["https:\/\/www.facebook.com\/Radiio-Ljubuski-1490835324566332","https:\/\/x.com\/radioljubuski","https:\/\/hr.linkedin.com\/company\/radio-ljubuski","https:\/\/www.youtube.com\/channel\/UCHYaeO_n0Db3tjNGudGpXyw"]},{"@type":"Person","@id":"https:\/\/radioljubuski.ba\/#\/schema\/person\/19fc700381a780f69665d7956c469e3b","name":"Radio Ljubu\u0161ki"}]}},"_links":{"self":[{"href":"https:\/\/radioljubuski.ba\/index.php\/wp-json\/wp\/v2\/posts\/95852","targetHints":{"allow":["GET"]}}],"collection":[{"href":"https:\/\/radioljubuski.ba\/index.php\/wp-json\/wp\/v2\/posts"}],"about":[{"href":"https:\/\/radioljubuski.ba\/index.php\/wp-json\/wp\/v2\/types\/post"}],"author":[{"embeddable":true,"href":"https:\/\/radioljubuski.ba\/index.php\/wp-json\/wp\/v2\/users\/2"}],"replies":[{"embeddable":true,"href":"https:\/\/radioljubuski.ba\/index.php\/wp-json\/wp\/v2\/comments?post=95852"}],"version-history":[{"count":1,"href":"https:\/\/radioljubuski.ba\/index.php\/wp-json\/wp\/v2\/posts\/95852\/revisions"}],"predecessor-version":[{"id":95854,"href":"https:\/\/radioljubuski.ba\/index.php\/wp-json\/wp\/v2\/posts\/95852\/revisions\/95854"}],"wp:featuredmedia":[{"embeddable":true,"href":"https:\/\/radioljubuski.ba\/index.php\/wp-json\/wp\/v2\/media\/95853"}],"wp:attachment":[{"href":"https:\/\/radioljubuski.ba\/index.php\/wp-json\/wp\/v2\/media?parent=95852"}],"wp:term":[{"taxonomy":"category","embeddable":true,"href":"https:\/\/radioljubuski.ba\/index.php\/wp-json\/wp\/v2\/categories?post=95852"},{"taxonomy":"post_tag","embeddable":true,"href":"https:\/\/radioljubuski.ba\/index.php\/wp-json\/wp\/v2\/tags?post=95852"}],"curies":[{"name":"wp","href":"https:\/\/api.w.org\/{rel}","templated":true}]}}