{"id":9587,"date":"2021-04-05T00:49:12","date_gmt":"2021-04-04T23:49:12","guid":{"rendered":"https:\/\/radioljubuski.ba\/?p=9587"},"modified":"2021-04-05T00:49:13","modified_gmt":"2021-04-04T23:49:13","slug":"clan-obitelji-izetbegovic-imenovan-na-visoku-duznost-u-ministarstvu-vanjskih-poslova-bih","status":"publish","type":"post","link":"https:\/\/radioljubuski.ba\/index.php\/2021\/04\/05\/clan-obitelji-izetbegovic-imenovan-na-visoku-duznost-u-ministarstvu-vanjskih-poslova-bih\/","title":{"rendered":"\u010clan obitelji Izetbegovi\u0107 imenovan na visoku du\u017enost u Ministarstvu vanjskih poslova BiH"},"content":{"rendered":"\n<p>Ministar vanjskih poslova u Vije\u0107u ministara Bisera Turkovi\u0107 postavila je Bakira Sadovi\u0107a, sestri\u0107a Alije Izetbegovi\u0107a, za v.d. tajnika ovog ministarstva, te jo\u0161 jednom pokazala kako prednost ima strana\u010dki kadar SDA, a posebno oni koji su bliski ili u srodstvu sa nekim iz vrha ove stranke pi\u0161e &#8220;Glas Srpske&#8221;.<\/p>\n\n\n\n<p>Dobro informirani izvori u Vije\u0107u ministara za &#8220;Glas Srpske&#8221; su istaknuli kako je Turkovi\u0107 Sadovi\u0107a premjestila iz Odjela za mir i sigurnost pri Sektoru za multilateralne odnose na novo radno mjesto, \u010dime \u0107e Izetbegovi\u0107ev sestri\u0107 postati &#8220;desna ruka&#8221; ministra.<\/p>\n\n\n\n<p>Slu\u017ebenu potvrdu ove informacije list nije uspio dobiti, jer na upu\u0107eno novinarsko pitanje iz MVP-a BiH nije stigao odgovor.<\/p>\n\n\n\n<p>Izvori &#8220;Glasa Srpske&#8221; podsje\u0107aju i da ovako nepotisti\u010dko pona\u0161anje Turkovi\u0107, ali i Bakira i obitelji Izetbegovi\u0107, nisu od ju\u010der, te navode kako su se njih dvoje ranije svojski potrudili da dobro i o tro\u0161ku dr\u017eave uhljebe svoju bli\u017eu, ali i daljnu rodbinu.<\/p>\n\n\n\n<p>Turkovi\u0107 je prvo sina Alija, koji je do tada radio u Obavje\u0161tajno-sigurnosnoj agenciji, urgentno prebacila u Veleposlanstvo BiH u Kataru, a onda je poku\u0161ala i zlouporabiti svoj javni polo\u017eaj da bi lobirala da njena k\u0107erka Semra bude primljena u Ured za borbu protiv terorizma pri UN u New Yorku.<\/p>\n\n\n\n<p>-Turkovi\u0107 je o\u010digledno \u017eeljela krenuti stopama lidera SDA Bakira Izetbegovi\u0107a, \u010dija gotovo sva bli\u017ea i daljna rodbina `pre\u017eivljava` na prora\u010dunskim jaslama, a oni koji nisu zaposleni u javnim institucijama ili tijelima vlasti, kroz svoje privatne tvrtke primaju milijune maraka prora\u010dunskog novca &#8211; pi\u0161e list.<\/p>\n\n\n\n<p>Izvor:glas srpske<\/p>\n","protected":false},"excerpt":{"rendered":"<p>Ministar vanjskih poslova u Vije\u0107u ministara Bisera Turkovi\u0107 postavila je Bakira Sadovi\u0107a, sestri\u0107a Alije Izetbegovi\u0107a, za v.d. tajnika ovog ministarstva, te jo\u0161 jednom pokazala kako prednost ima strana\u010dki kadar SDA, a posebno oni koji su bliski ili u srodstvu sa nekim iz vrha ove stranke pi\u0161e &#8220;Glas Srpske&#8221;. Dobro informirani izvori u Vije\u0107u ministara za [&hellip;]<\/p>\n","protected":false},"author":2,"featured_media":9588,"comment_status":"closed","ping_status":"closed","sticky":false,"template":"","format":"standard","meta":{"h5ap_radio_sources":[],"footnotes":""},"categories":[1],"tags":[],"class_list":["post-9587","post","type-post","status-publish","format-standard","has-post-thumbnail","hentry","category-bihiregija"],"yoast_head":"<!-- This site is optimized with the Yoast SEO plugin v27.5 - https:\/\/yoast.com\/product\/yoast-seo-wordpress\/ -->\n<title>\u010clan obitelji Izetbegovi\u0107 imenovan na visoku du\u017enost u Ministarstvu vanjskih poslova BiH - RADIO LJUBU\u0160KI<\/title>\n<meta name=\"robots\" content=\"index, follow, max-snippet:-1, max-image-preview:large, max-video-preview:-1\" \/>\n<link rel=\"canonical\" href=\"https:\/\/radioljubuski.ba\/index.php\/2021\/04\/05\/clan-obitelji-izetbegovic-imenovan-na-visoku-duznost-u-ministarstvu-vanjskih-poslova-bih\/\" \/>\n<meta property=\"og:locale\" content=\"hr_HR\" \/>\n<meta property=\"og:type\" content=\"article\" \/>\n<meta property=\"og:title\" content=\"\u010clan obitelji Izetbegovi\u0107 imenovan na visoku du\u017enost u Ministarstvu vanjskih poslova BiH - RADIO LJUBU\u0160KI\" \/>\n<meta property=\"og:description\" content=\"Ministar vanjskih poslova u Vije\u0107u ministara Bisera Turkovi\u0107 postavila je Bakira Sadovi\u0107a, sestri\u0107a Alije Izetbegovi\u0107a, za v.d. tajnika ovog ministarstva, te jo\u0161 jednom pokazala kako prednost ima strana\u010dki kadar SDA, a posebno oni koji su bliski ili u srodstvu sa nekim iz vrha ove stranke pi\u0161e &#8220;Glas Srpske&#8221;. Dobro informirani izvori u Vije\u0107u ministara za [&hellip;]\" \/>\n<meta property=\"og:url\" content=\"https:\/\/radioljubuski.ba\/index.php\/2021\/04\/05\/clan-obitelji-izetbegovic-imenovan-na-visoku-duznost-u-ministarstvu-vanjskih-poslova-bih\/\" \/>\n<meta property=\"og:site_name\" content=\"RADIO LJUBU\u0160KI\" \/>\n<meta property=\"article:publisher\" content=\"https:\/\/www.facebook.com\/Radiio-Ljubuski-1490835324566332\" \/>\n<meta property=\"article:published_time\" content=\"2021-04-04T23:49:12+00:00\" \/>\n<meta property=\"article:modified_time\" content=\"2021-04-04T23:49:13+00:00\" \/>\n<meta property=\"og:image\" content=\"https:\/\/radioljubuski.ba\/wp-content\/uploads\/2021\/04\/DMIlqdiE_turkovic.png\" \/>\n\t<meta property=\"og:image:width\" content=\"1000\" \/>\n\t<meta property=\"og:image:height\" content=\"625\" \/>\n\t<meta property=\"og:image:type\" content=\"image\/png\" \/>\n<meta name=\"author\" content=\"Radio Ljubu\u0161ki\" \/>\n<meta name=\"twitter:card\" content=\"summary_large_image\" \/>\n<meta name=\"twitter:creator\" content=\"@radioljubuski\" \/>\n<meta name=\"twitter:site\" content=\"@radioljubuski\" \/>\n<meta name=\"twitter:label1\" content=\"Napisao\/la\" \/>\n\t<meta name=\"twitter:data1\" content=\"Radio Ljubu\u0161ki\" \/>\n\t<meta name=\"twitter:label2\" content=\"Procijenjeno vrijeme \u010ditanja\" \/>\n\t<meta name=\"twitter:data2\" content=\"2 minute\" \/>\n<script type=\"application\/ld+json\" class=\"yoast-schema-graph\">{\"@context\":\"https:\\\/\\\/schema.org\",\"@graph\":[{\"@type\":\"Article\",\"@id\":\"https:\\\/\\\/radioljubuski.ba\\\/index.php\\\/2021\\\/04\\\/05\\\/clan-obitelji-izetbegovic-imenovan-na-visoku-duznost-u-ministarstvu-vanjskih-poslova-bih\\\/#article\",\"isPartOf\":{\"@id\":\"https:\\\/\\\/radioljubuski.ba\\\/index.php\\\/2021\\\/04\\\/05\\\/clan-obitelji-izetbegovic-imenovan-na-visoku-duznost-u-ministarstvu-vanjskih-poslova-bih\\\/\"},\"author\":{\"name\":\"Radio Ljubu\u0161ki\",\"@id\":\"https:\\\/\\\/radioljubuski.ba\\\/#\\\/schema\\\/person\\\/19fc700381a780f69665d7956c469e3b\"},\"headline\":\"\u010clan obitelji Izetbegovi\u0107 imenovan na visoku du\u017enost u Ministarstvu vanjskih poslova BiH\",\"datePublished\":\"2021-04-04T23:49:12+00:00\",\"dateModified\":\"2021-04-04T23:49:13+00:00\",\"mainEntityOfPage\":{\"@id\":\"https:\\\/\\\/radioljubuski.ba\\\/index.php\\\/2021\\\/04\\\/05\\\/clan-obitelji-izetbegovic-imenovan-na-visoku-duznost-u-ministarstvu-vanjskih-poslova-bih\\\/\"},\"wordCount\":287,\"publisher\":{\"@id\":\"https:\\\/\\\/radioljubuski.ba\\\/#organization\"},\"image\":{\"@id\":\"https:\\\/\\\/radioljubuski.ba\\\/index.php\\\/2021\\\/04\\\/05\\\/clan-obitelji-izetbegovic-imenovan-na-visoku-duznost-u-ministarstvu-vanjskih-poslova-bih\\\/#primaryimage\"},\"thumbnailUrl\":\"https:\\\/\\\/radioljubuski.ba\\\/wp-content\\\/uploads\\\/2021\\\/04\\\/DMIlqdiE_turkovic.png\",\"articleSection\":[\"BIH i regija\"],\"inLanguage\":\"hr\"},{\"@type\":\"WebPage\",\"@id\":\"https:\\\/\\\/radioljubuski.ba\\\/index.php\\\/2021\\\/04\\\/05\\\/clan-obitelji-izetbegovic-imenovan-na-visoku-duznost-u-ministarstvu-vanjskih-poslova-bih\\\/\",\"url\":\"https:\\\/\\\/radioljubuski.ba\\\/index.php\\\/2021\\\/04\\\/05\\\/clan-obitelji-izetbegovic-imenovan-na-visoku-duznost-u-ministarstvu-vanjskih-poslova-bih\\\/\",\"name\":\"\u010clan obitelji Izetbegovi\u0107 imenovan na visoku du\u017enost u Ministarstvu vanjskih poslova BiH - RADIO LJUBU\u0160KI\",\"isPartOf\":{\"@id\":\"https:\\\/\\\/radioljubuski.ba\\\/#website\"},\"primaryImageOfPage\":{\"@id\":\"https:\\\/\\\/radioljubuski.ba\\\/index.php\\\/2021\\\/04\\\/05\\\/clan-obitelji-izetbegovic-imenovan-na-visoku-duznost-u-ministarstvu-vanjskih-poslova-bih\\\/#primaryimage\"},\"image\":{\"@id\":\"https:\\\/\\\/radioljubuski.ba\\\/index.php\\\/2021\\\/04\\\/05\\\/clan-obitelji-izetbegovic-imenovan-na-visoku-duznost-u-ministarstvu-vanjskih-poslova-bih\\\/#primaryimage\"},\"thumbnailUrl\":\"https:\\\/\\\/radioljubuski.ba\\\/wp-content\\\/uploads\\\/2021\\\/04\\\/DMIlqdiE_turkovic.png\",\"datePublished\":\"2021-04-04T23:49:12+00:00\",\"dateModified\":\"2021-04-04T23:49:13+00:00\",\"breadcrumb\":{\"@id\":\"https:\\\/\\\/radioljubuski.ba\\\/index.php\\\/2021\\\/04\\\/05\\\/clan-obitelji-izetbegovic-imenovan-na-visoku-duznost-u-ministarstvu-vanjskih-poslova-bih\\\/#breadcrumb\"},\"inLanguage\":\"hr\",\"potentialAction\":[{\"@type\":\"ReadAction\",\"target\":[\"https:\\\/\\\/radioljubuski.ba\\\/index.php\\\/2021\\\/04\\\/05\\\/clan-obitelji-izetbegovic-imenovan-na-visoku-duznost-u-ministarstvu-vanjskih-poslova-bih\\\/\"]}]},{\"@type\":\"ImageObject\",\"inLanguage\":\"hr\",\"@id\":\"https:\\\/\\\/radioljubuski.ba\\\/index.php\\\/2021\\\/04\\\/05\\\/clan-obitelji-izetbegovic-imenovan-na-visoku-duznost-u-ministarstvu-vanjskih-poslova-bih\\\/#primaryimage\",\"url\":\"https:\\\/\\\/radioljubuski.ba\\\/wp-content\\\/uploads\\\/2021\\\/04\\\/DMIlqdiE_turkovic.png\",\"contentUrl\":\"https:\\\/\\\/radioljubuski.ba\\\/wp-content\\\/uploads\\\/2021\\\/04\\\/DMIlqdiE_turkovic.png\",\"width\":1000,\"height\":625},{\"@type\":\"BreadcrumbList\",\"@id\":\"https:\\\/\\\/radioljubuski.ba\\\/index.php\\\/2021\\\/04\\\/05\\\/clan-obitelji-izetbegovic-imenovan-na-visoku-duznost-u-ministarstvu-vanjskih-poslova-bih\\\/#breadcrumb\",\"itemListElement\":[{\"@type\":\"ListItem\",\"position\":1,\"name\":\"Po\u010detna stranica\",\"item\":\"https:\\\/\\\/radioljubuski.ba\\\/\"},{\"@type\":\"ListItem\",\"position\":2,\"name\":\"\u010clan obitelji Izetbegovi\u0107 imenovan na visoku du\u017enost u Ministarstvu vanjskih poslova BiH\"}]},{\"@type\":\"WebSite\",\"@id\":\"https:\\\/\\\/radioljubuski.ba\\\/#website\",\"url\":\"https:\\\/\\\/radioljubuski.ba\\\/\",\"name\":\"Radio Ljubu\u0161ki\",\"description\":\"Sun\u010dana frekvencija Hercegovine\",\"publisher\":{\"@id\":\"https:\\\/\\\/radioljubuski.ba\\\/#organization\"},\"potentialAction\":[{\"@type\":\"SearchAction\",\"target\":{\"@type\":\"EntryPoint\",\"urlTemplate\":\"https:\\\/\\\/radioljubuski.ba\\\/?s={search_term_string}\"},\"query-input\":{\"@type\":\"PropertyValueSpecification\",\"valueRequired\":true,\"valueName\":\"search_term_string\"}}],\"inLanguage\":\"hr\"},{\"@type\":\"Organization\",\"@id\":\"https:\\\/\\\/radioljubuski.ba\\\/#organization\",\"name\":\"Radio Ljubu\u0161ki\",\"url\":\"https:\\\/\\\/radioljubuski.ba\\\/\",\"logo\":{\"@type\":\"ImageObject\",\"inLanguage\":\"hr\",\"@id\":\"https:\\\/\\\/radioljubuski.ba\\\/#\\\/schema\\\/logo\\\/image\\\/\",\"url\":\"https:\\\/\\\/radioljubuski.ba\\\/wp-content\\\/uploads\\\/2021\\\/02\\\/cropped-Radio_Ljubuski_logo1.jpg\",\"contentUrl\":\"https:\\\/\\\/radioljubuski.ba\\\/wp-content\\\/uploads\\\/2021\\\/02\\\/cropped-Radio_Ljubuski_logo1.jpg\",\"width\":512,\"height\":512,\"caption\":\"Radio Ljubu\u0161ki\"},\"image\":{\"@id\":\"https:\\\/\\\/radioljubuski.ba\\\/#\\\/schema\\\/logo\\\/image\\\/\"},\"sameAs\":[\"https:\\\/\\\/www.facebook.com\\\/Radiio-Ljubuski-1490835324566332\",\"https:\\\/\\\/x.com\\\/radioljubuski\",\"https:\\\/\\\/hr.linkedin.com\\\/company\\\/radio-ljubuski\",\"https:\\\/\\\/www.youtube.com\\\/channel\\\/UCHYaeO_n0Db3tjNGudGpXyw\"]},{\"@type\":\"Person\",\"@id\":\"https:\\\/\\\/radioljubuski.ba\\\/#\\\/schema\\\/person\\\/19fc700381a780f69665d7956c469e3b\",\"name\":\"Radio Ljubu\u0161ki\"}]}<\/script>\n<!-- \/ Yoast SEO plugin. -->","yoast_head_json":{"title":"\u010clan obitelji Izetbegovi\u0107 imenovan na visoku du\u017enost u Ministarstvu vanjskih poslova BiH - RADIO LJUBU\u0160KI","robots":{"index":"index","follow":"follow","max-snippet":"max-snippet:-1","max-image-preview":"max-image-preview:large","max-video-preview":"max-video-preview:-1"},"canonical":"https:\/\/radioljubuski.ba\/index.php\/2021\/04\/05\/clan-obitelji-izetbegovic-imenovan-na-visoku-duznost-u-ministarstvu-vanjskih-poslova-bih\/","og_locale":"hr_HR","og_type":"article","og_title":"\u010clan obitelji Izetbegovi\u0107 imenovan na visoku du\u017enost u Ministarstvu vanjskih poslova BiH - RADIO LJUBU\u0160KI","og_description":"Ministar vanjskih poslova u Vije\u0107u ministara Bisera Turkovi\u0107 postavila je Bakira Sadovi\u0107a, sestri\u0107a Alije Izetbegovi\u0107a, za v.d. tajnika ovog ministarstva, te jo\u0161 jednom pokazala kako prednost ima strana\u010dki kadar SDA, a posebno oni koji su bliski ili u srodstvu sa nekim iz vrha ove stranke pi\u0161e &#8220;Glas Srpske&#8221;. Dobro informirani izvori u Vije\u0107u ministara za [&hellip;]","og_url":"https:\/\/radioljubuski.ba\/index.php\/2021\/04\/05\/clan-obitelji-izetbegovic-imenovan-na-visoku-duznost-u-ministarstvu-vanjskih-poslova-bih\/","og_site_name":"RADIO LJUBU\u0160KI","article_publisher":"https:\/\/www.facebook.com\/Radiio-Ljubuski-1490835324566332","article_published_time":"2021-04-04T23:49:12+00:00","article_modified_time":"2021-04-04T23:49:13+00:00","og_image":[{"width":1000,"height":625,"url":"https:\/\/radioljubuski.ba\/wp-content\/uploads\/2021\/04\/DMIlqdiE_turkovic.png","type":"image\/png"}],"author":"Radio Ljubu\u0161ki","twitter_card":"summary_large_image","twitter_creator":"@radioljubuski","twitter_site":"@radioljubuski","twitter_misc":{"Napisao\/la":"Radio Ljubu\u0161ki","Procijenjeno vrijeme \u010ditanja":"2 minute"},"schema":{"@context":"https:\/\/schema.org","@graph":[{"@type":"Article","@id":"https:\/\/radioljubuski.ba\/index.php\/2021\/04\/05\/clan-obitelji-izetbegovic-imenovan-na-visoku-duznost-u-ministarstvu-vanjskih-poslova-bih\/#article","isPartOf":{"@id":"https:\/\/radioljubuski.ba\/index.php\/2021\/04\/05\/clan-obitelji-izetbegovic-imenovan-na-visoku-duznost-u-ministarstvu-vanjskih-poslova-bih\/"},"author":{"name":"Radio Ljubu\u0161ki","@id":"https:\/\/radioljubuski.ba\/#\/schema\/person\/19fc700381a780f69665d7956c469e3b"},"headline":"\u010clan obitelji Izetbegovi\u0107 imenovan na visoku du\u017enost u Ministarstvu vanjskih poslova BiH","datePublished":"2021-04-04T23:49:12+00:00","dateModified":"2021-04-04T23:49:13+00:00","mainEntityOfPage":{"@id":"https:\/\/radioljubuski.ba\/index.php\/2021\/04\/05\/clan-obitelji-izetbegovic-imenovan-na-visoku-duznost-u-ministarstvu-vanjskih-poslova-bih\/"},"wordCount":287,"publisher":{"@id":"https:\/\/radioljubuski.ba\/#organization"},"image":{"@id":"https:\/\/radioljubuski.ba\/index.php\/2021\/04\/05\/clan-obitelji-izetbegovic-imenovan-na-visoku-duznost-u-ministarstvu-vanjskih-poslova-bih\/#primaryimage"},"thumbnailUrl":"https:\/\/radioljubuski.ba\/wp-content\/uploads\/2021\/04\/DMIlqdiE_turkovic.png","articleSection":["BIH i regija"],"inLanguage":"hr"},{"@type":"WebPage","@id":"https:\/\/radioljubuski.ba\/index.php\/2021\/04\/05\/clan-obitelji-izetbegovic-imenovan-na-visoku-duznost-u-ministarstvu-vanjskih-poslova-bih\/","url":"https:\/\/radioljubuski.ba\/index.php\/2021\/04\/05\/clan-obitelji-izetbegovic-imenovan-na-visoku-duznost-u-ministarstvu-vanjskih-poslova-bih\/","name":"\u010clan obitelji Izetbegovi\u0107 imenovan na visoku du\u017enost u Ministarstvu vanjskih poslova BiH - RADIO LJUBU\u0160KI","isPartOf":{"@id":"https:\/\/radioljubuski.ba\/#website"},"primaryImageOfPage":{"@id":"https:\/\/radioljubuski.ba\/index.php\/2021\/04\/05\/clan-obitelji-izetbegovic-imenovan-na-visoku-duznost-u-ministarstvu-vanjskih-poslova-bih\/#primaryimage"},"image":{"@id":"https:\/\/radioljubuski.ba\/index.php\/2021\/04\/05\/clan-obitelji-izetbegovic-imenovan-na-visoku-duznost-u-ministarstvu-vanjskih-poslova-bih\/#primaryimage"},"thumbnailUrl":"https:\/\/radioljubuski.ba\/wp-content\/uploads\/2021\/04\/DMIlqdiE_turkovic.png","datePublished":"2021-04-04T23:49:12+00:00","dateModified":"2021-04-04T23:49:13+00:00","breadcrumb":{"@id":"https:\/\/radioljubuski.ba\/index.php\/2021\/04\/05\/clan-obitelji-izetbegovic-imenovan-na-visoku-duznost-u-ministarstvu-vanjskih-poslova-bih\/#breadcrumb"},"inLanguage":"hr","potentialAction":[{"@type":"ReadAction","target":["https:\/\/radioljubuski.ba\/index.php\/2021\/04\/05\/clan-obitelji-izetbegovic-imenovan-na-visoku-duznost-u-ministarstvu-vanjskih-poslova-bih\/"]}]},{"@type":"ImageObject","inLanguage":"hr","@id":"https:\/\/radioljubuski.ba\/index.php\/2021\/04\/05\/clan-obitelji-izetbegovic-imenovan-na-visoku-duznost-u-ministarstvu-vanjskih-poslova-bih\/#primaryimage","url":"https:\/\/radioljubuski.ba\/wp-content\/uploads\/2021\/04\/DMIlqdiE_turkovic.png","contentUrl":"https:\/\/radioljubuski.ba\/wp-content\/uploads\/2021\/04\/DMIlqdiE_turkovic.png","width":1000,"height":625},{"@type":"BreadcrumbList","@id":"https:\/\/radioljubuski.ba\/index.php\/2021\/04\/05\/clan-obitelji-izetbegovic-imenovan-na-visoku-duznost-u-ministarstvu-vanjskih-poslova-bih\/#breadcrumb","itemListElement":[{"@type":"ListItem","position":1,"name":"Po\u010detna stranica","item":"https:\/\/radioljubuski.ba\/"},{"@type":"ListItem","position":2,"name":"\u010clan obitelji Izetbegovi\u0107 imenovan na visoku du\u017enost u Ministarstvu vanjskih poslova BiH"}]},{"@type":"WebSite","@id":"https:\/\/radioljubuski.ba\/#website","url":"https:\/\/radioljubuski.ba\/","name":"Radio Ljubu\u0161ki","description":"Sun\u010dana frekvencija Hercegovine","publisher":{"@id":"https:\/\/radioljubuski.ba\/#organization"},"potentialAction":[{"@type":"SearchAction","target":{"@type":"EntryPoint","urlTemplate":"https:\/\/radioljubuski.ba\/?s={search_term_string}"},"query-input":{"@type":"PropertyValueSpecification","valueRequired":true,"valueName":"search_term_string"}}],"inLanguage":"hr"},{"@type":"Organization","@id":"https:\/\/radioljubuski.ba\/#organization","name":"Radio Ljubu\u0161ki","url":"https:\/\/radioljubuski.ba\/","logo":{"@type":"ImageObject","inLanguage":"hr","@id":"https:\/\/radioljubuski.ba\/#\/schema\/logo\/image\/","url":"https:\/\/radioljubuski.ba\/wp-content\/uploads\/2021\/02\/cropped-Radio_Ljubuski_logo1.jpg","contentUrl":"https:\/\/radioljubuski.ba\/wp-content\/uploads\/2021\/02\/cropped-Radio_Ljubuski_logo1.jpg","width":512,"height":512,"caption":"Radio Ljubu\u0161ki"},"image":{"@id":"https:\/\/radioljubuski.ba\/#\/schema\/logo\/image\/"},"sameAs":["https:\/\/www.facebook.com\/Radiio-Ljubuski-1490835324566332","https:\/\/x.com\/radioljubuski","https:\/\/hr.linkedin.com\/company\/radio-ljubuski","https:\/\/www.youtube.com\/channel\/UCHYaeO_n0Db3tjNGudGpXyw"]},{"@type":"Person","@id":"https:\/\/radioljubuski.ba\/#\/schema\/person\/19fc700381a780f69665d7956c469e3b","name":"Radio Ljubu\u0161ki"}]}},"_links":{"self":[{"href":"https:\/\/radioljubuski.ba\/index.php\/wp-json\/wp\/v2\/posts\/9587","targetHints":{"allow":["GET"]}}],"collection":[{"href":"https:\/\/radioljubuski.ba\/index.php\/wp-json\/wp\/v2\/posts"}],"about":[{"href":"https:\/\/radioljubuski.ba\/index.php\/wp-json\/wp\/v2\/types\/post"}],"author":[{"embeddable":true,"href":"https:\/\/radioljubuski.ba\/index.php\/wp-json\/wp\/v2\/users\/2"}],"replies":[{"embeddable":true,"href":"https:\/\/radioljubuski.ba\/index.php\/wp-json\/wp\/v2\/comments?post=9587"}],"version-history":[{"count":1,"href":"https:\/\/radioljubuski.ba\/index.php\/wp-json\/wp\/v2\/posts\/9587\/revisions"}],"predecessor-version":[{"id":9589,"href":"https:\/\/radioljubuski.ba\/index.php\/wp-json\/wp\/v2\/posts\/9587\/revisions\/9589"}],"wp:featuredmedia":[{"embeddable":true,"href":"https:\/\/radioljubuski.ba\/index.php\/wp-json\/wp\/v2\/media\/9588"}],"wp:attachment":[{"href":"https:\/\/radioljubuski.ba\/index.php\/wp-json\/wp\/v2\/media?parent=9587"}],"wp:term":[{"taxonomy":"category","embeddable":true,"href":"https:\/\/radioljubuski.ba\/index.php\/wp-json\/wp\/v2\/categories?post=9587"},{"taxonomy":"post_tag","embeddable":true,"href":"https:\/\/radioljubuski.ba\/index.php\/wp-json\/wp\/v2\/tags?post=9587"}],"curies":[{"name":"wp","href":"https:\/\/api.w.org\/{rel}","templated":true}]}}