{"id":95885,"date":"2021-12-04T16:58:27","date_gmt":"2021-12-04T15:58:27","guid":{"rendered":"https:\/\/radioljubuski.ba\/?p=95885"},"modified":"2021-12-07T00:32:23","modified_gmt":"2021-12-06T23:32:23","slug":"dom-zdravlja-ljubuski-obavijest-o-preostalim-dozama-cjepiva-protiv-sezonske-gripe","status":"publish","type":"post","link":"https:\/\/radioljubuski.ba\/index.php\/2021\/12\/04\/dom-zdravlja-ljubuski-obavijest-o-preostalim-dozama-cjepiva-protiv-sezonske-gripe\/","title":{"rendered":"Dom zdravlja Ljubu\u0161ki: Obavijest o preostalim dozama cjepiva protiv sezonske gripe"},"content":{"rendered":"\n<p>Dom zdravlja Ljubu\u0161ki je na svojoj facebook stranici objavio obavijest o preostalim dozama cjepiva protiv sezonske gripe.<\/p>\n\n\n\n<p>Obavijest prenosimo u cijelosti:<\/p>\n\n\n\n<p>Po\u0161tovane sugra\u0111anke i sugra\u0111ani, \u017eelimo Vas obavijestiti kako nam je preostalo ne\u0161to vi\u0161e od 300 doza cjepiva protiv sezonske gripe te Vas ovim putem pozvati da se cijepite do kraja sljede\u0107eg tjedna, odnosno do petka 10. prosinca 2021.godine. Cijepljenje se obavlja svakim radnim danom od od 8.00-14.00h u prostorijama Higijensko-epidemiolo\u0161ke slu\u017ebe Doma zdravlja Ljubu\u0161ki.<\/p>\n\n\n\n<p>Lijep pozdrav.<\/p>\n\n\n\n<p>Uprava DZ Ljubu\u0161ki<\/p>\n\n\n\n<p>Radio Ljubu\u0161ki<\/p>\n","protected":false},"excerpt":{"rendered":"<p>Dom zdravlja Ljubu\u0161ki je na svojoj facebook stranici objavio obavijest o preostalim dozama cjepiva protiv sezonske gripe. Obavijest prenosimo u cijelosti: Po\u0161tovane sugra\u0111anke i sugra\u0111ani, \u017eelimo Vas obavijestiti kako nam je preostalo ne\u0161to vi\u0161e od 300 doza cjepiva protiv sezonske gripe te Vas ovim putem pozvati da se cijepite do kraja sljede\u0107eg tjedna, odnosno do [&hellip;]<\/p>\n","protected":false},"author":2,"featured_media":95886,"comment_status":"closed","ping_status":"closed","sticky":false,"template":"","format":"standard","meta":{"h5ap_radio_sources":[],"footnotes":""},"categories":[3],"tags":[],"class_list":["post-95885","post","type-post","status-publish","format-standard","has-post-thumbnail","hentry","category-ljubuski"],"yoast_head":"<!-- This site is optimized with the Yoast SEO plugin v27.5 - https:\/\/yoast.com\/product\/yoast-seo-wordpress\/ -->\n<title>Dom zdravlja Ljubu\u0161ki: Obavijest o preostalim dozama cjepiva protiv sezonske gripe - RADIO LJUBU\u0160KI<\/title>\n<meta name=\"robots\" content=\"index, follow, max-snippet:-1, max-image-preview:large, max-video-preview:-1\" \/>\n<link rel=\"canonical\" href=\"https:\/\/radioljubuski.ba\/index.php\/2021\/12\/04\/dom-zdravlja-ljubuski-obavijest-o-preostalim-dozama-cjepiva-protiv-sezonske-gripe\/\" \/>\n<meta property=\"og:locale\" content=\"hr_HR\" \/>\n<meta property=\"og:type\" content=\"article\" \/>\n<meta property=\"og:title\" content=\"Dom zdravlja Ljubu\u0161ki: Obavijest o preostalim dozama cjepiva protiv sezonske gripe - RADIO LJUBU\u0160KI\" \/>\n<meta property=\"og:description\" content=\"Dom zdravlja Ljubu\u0161ki je na svojoj facebook stranici objavio obavijest o preostalim dozama cjepiva protiv sezonske gripe. Obavijest prenosimo u cijelosti: Po\u0161tovane sugra\u0111anke i sugra\u0111ani, \u017eelimo Vas obavijestiti kako nam je preostalo ne\u0161to vi\u0161e od 300 doza cjepiva protiv sezonske gripe te Vas ovim putem pozvati da se cijepite do kraja sljede\u0107eg tjedna, odnosno do [&hellip;]\" \/>\n<meta property=\"og:url\" content=\"https:\/\/radioljubuski.ba\/index.php\/2021\/12\/04\/dom-zdravlja-ljubuski-obavijest-o-preostalim-dozama-cjepiva-protiv-sezonske-gripe\/\" \/>\n<meta property=\"og:site_name\" content=\"RADIO LJUBU\u0160KI\" \/>\n<meta property=\"article:publisher\" content=\"https:\/\/www.facebook.com\/Radiio-Ljubuski-1490835324566332\" \/>\n<meta property=\"article:published_time\" content=\"2021-12-04T15:58:27+00:00\" \/>\n<meta property=\"article:modified_time\" content=\"2021-12-06T23:32:23+00:00\" \/>\n<meta property=\"og:image\" content=\"https:\/\/radioljubuski.ba\/wp-content\/uploads\/2021\/12\/dom-zdravlja-ljubuski-118.jpg\" \/>\n\t<meta property=\"og:image:width\" content=\"1272\" \/>\n\t<meta property=\"og:image:height\" content=\"848\" \/>\n\t<meta property=\"og:image:type\" content=\"image\/jpeg\" \/>\n<meta name=\"author\" content=\"Radio Ljubu\u0161ki\" \/>\n<meta name=\"twitter:card\" content=\"summary_large_image\" \/>\n<meta name=\"twitter:creator\" content=\"@radioljubuski\" \/>\n<meta name=\"twitter:site\" content=\"@radioljubuski\" \/>\n<meta name=\"twitter:label1\" content=\"Napisao\/la\" \/>\n\t<meta name=\"twitter:data1\" content=\"Radio Ljubu\u0161ki\" \/>\n\t<meta name=\"twitter:label2\" content=\"Procijenjeno vrijeme \u010ditanja\" \/>\n\t<meta name=\"twitter:data2\" content=\"1 minuta\" \/>\n<script type=\"application\/ld+json\" class=\"yoast-schema-graph\">{\"@context\":\"https:\\\/\\\/schema.org\",\"@graph\":[{\"@type\":\"Article\",\"@id\":\"https:\\\/\\\/radioljubuski.ba\\\/index.php\\\/2021\\\/12\\\/04\\\/dom-zdravlja-ljubuski-obavijest-o-preostalim-dozama-cjepiva-protiv-sezonske-gripe\\\/#article\",\"isPartOf\":{\"@id\":\"https:\\\/\\\/radioljubuski.ba\\\/index.php\\\/2021\\\/12\\\/04\\\/dom-zdravlja-ljubuski-obavijest-o-preostalim-dozama-cjepiva-protiv-sezonske-gripe\\\/\"},\"author\":{\"name\":\"Radio Ljubu\u0161ki\",\"@id\":\"https:\\\/\\\/radioljubuski.ba\\\/#\\\/schema\\\/person\\\/19fc700381a780f69665d7956c469e3b\"},\"headline\":\"Dom zdravlja Ljubu\u0161ki: Obavijest o preostalim dozama cjepiva protiv sezonske gripe\",\"datePublished\":\"2021-12-04T15:58:27+00:00\",\"dateModified\":\"2021-12-06T23:32:23+00:00\",\"mainEntityOfPage\":{\"@id\":\"https:\\\/\\\/radioljubuski.ba\\\/index.php\\\/2021\\\/12\\\/04\\\/dom-zdravlja-ljubuski-obavijest-o-preostalim-dozama-cjepiva-protiv-sezonske-gripe\\\/\"},\"wordCount\":105,\"publisher\":{\"@id\":\"https:\\\/\\\/radioljubuski.ba\\\/#organization\"},\"image\":{\"@id\":\"https:\\\/\\\/radioljubuski.ba\\\/index.php\\\/2021\\\/12\\\/04\\\/dom-zdravlja-ljubuski-obavijest-o-preostalim-dozama-cjepiva-protiv-sezonske-gripe\\\/#primaryimage\"},\"thumbnailUrl\":\"https:\\\/\\\/radioljubuski.ba\\\/wp-content\\\/uploads\\\/2021\\\/12\\\/dom-zdravlja-ljubuski-118.jpg\",\"articleSection\":[\"Ljubu\u0161ki\"],\"inLanguage\":\"hr\"},{\"@type\":\"WebPage\",\"@id\":\"https:\\\/\\\/radioljubuski.ba\\\/index.php\\\/2021\\\/12\\\/04\\\/dom-zdravlja-ljubuski-obavijest-o-preostalim-dozama-cjepiva-protiv-sezonske-gripe\\\/\",\"url\":\"https:\\\/\\\/radioljubuski.ba\\\/index.php\\\/2021\\\/12\\\/04\\\/dom-zdravlja-ljubuski-obavijest-o-preostalim-dozama-cjepiva-protiv-sezonske-gripe\\\/\",\"name\":\"Dom zdravlja Ljubu\u0161ki: Obavijest o preostalim dozama cjepiva protiv sezonske gripe - RADIO LJUBU\u0160KI\",\"isPartOf\":{\"@id\":\"https:\\\/\\\/radioljubuski.ba\\\/#website\"},\"primaryImageOfPage\":{\"@id\":\"https:\\\/\\\/radioljubuski.ba\\\/index.php\\\/2021\\\/12\\\/04\\\/dom-zdravlja-ljubuski-obavijest-o-preostalim-dozama-cjepiva-protiv-sezonske-gripe\\\/#primaryimage\"},\"image\":{\"@id\":\"https:\\\/\\\/radioljubuski.ba\\\/index.php\\\/2021\\\/12\\\/04\\\/dom-zdravlja-ljubuski-obavijest-o-preostalim-dozama-cjepiva-protiv-sezonske-gripe\\\/#primaryimage\"},\"thumbnailUrl\":\"https:\\\/\\\/radioljubuski.ba\\\/wp-content\\\/uploads\\\/2021\\\/12\\\/dom-zdravlja-ljubuski-118.jpg\",\"datePublished\":\"2021-12-04T15:58:27+00:00\",\"dateModified\":\"2021-12-06T23:32:23+00:00\",\"breadcrumb\":{\"@id\":\"https:\\\/\\\/radioljubuski.ba\\\/index.php\\\/2021\\\/12\\\/04\\\/dom-zdravlja-ljubuski-obavijest-o-preostalim-dozama-cjepiva-protiv-sezonske-gripe\\\/#breadcrumb\"},\"inLanguage\":\"hr\",\"potentialAction\":[{\"@type\":\"ReadAction\",\"target\":[\"https:\\\/\\\/radioljubuski.ba\\\/index.php\\\/2021\\\/12\\\/04\\\/dom-zdravlja-ljubuski-obavijest-o-preostalim-dozama-cjepiva-protiv-sezonske-gripe\\\/\"]}]},{\"@type\":\"ImageObject\",\"inLanguage\":\"hr\",\"@id\":\"https:\\\/\\\/radioljubuski.ba\\\/index.php\\\/2021\\\/12\\\/04\\\/dom-zdravlja-ljubuski-obavijest-o-preostalim-dozama-cjepiva-protiv-sezonske-gripe\\\/#primaryimage\",\"url\":\"https:\\\/\\\/radioljubuski.ba\\\/wp-content\\\/uploads\\\/2021\\\/12\\\/dom-zdravlja-ljubuski-118.jpg\",\"contentUrl\":\"https:\\\/\\\/radioljubuski.ba\\\/wp-content\\\/uploads\\\/2021\\\/12\\\/dom-zdravlja-ljubuski-118.jpg\",\"width\":1272,\"height\":848},{\"@type\":\"BreadcrumbList\",\"@id\":\"https:\\\/\\\/radioljubuski.ba\\\/index.php\\\/2021\\\/12\\\/04\\\/dom-zdravlja-ljubuski-obavijest-o-preostalim-dozama-cjepiva-protiv-sezonske-gripe\\\/#breadcrumb\",\"itemListElement\":[{\"@type\":\"ListItem\",\"position\":1,\"name\":\"Po\u010detna stranica\",\"item\":\"https:\\\/\\\/radioljubuski.ba\\\/\"},{\"@type\":\"ListItem\",\"position\":2,\"name\":\"Dom zdravlja Ljubu\u0161ki: Obavijest o preostalim dozama cjepiva protiv sezonske gripe\"}]},{\"@type\":\"WebSite\",\"@id\":\"https:\\\/\\\/radioljubuski.ba\\\/#website\",\"url\":\"https:\\\/\\\/radioljubuski.ba\\\/\",\"name\":\"Radio Ljubu\u0161ki\",\"description\":\"Sun\u010dana frekvencija Hercegovine\",\"publisher\":{\"@id\":\"https:\\\/\\\/radioljubuski.ba\\\/#organization\"},\"potentialAction\":[{\"@type\":\"SearchAction\",\"target\":{\"@type\":\"EntryPoint\",\"urlTemplate\":\"https:\\\/\\\/radioljubuski.ba\\\/?s={search_term_string}\"},\"query-input\":{\"@type\":\"PropertyValueSpecification\",\"valueRequired\":true,\"valueName\":\"search_term_string\"}}],\"inLanguage\":\"hr\"},{\"@type\":\"Organization\",\"@id\":\"https:\\\/\\\/radioljubuski.ba\\\/#organization\",\"name\":\"Radio Ljubu\u0161ki\",\"url\":\"https:\\\/\\\/radioljubuski.ba\\\/\",\"logo\":{\"@type\":\"ImageObject\",\"inLanguage\":\"hr\",\"@id\":\"https:\\\/\\\/radioljubuski.ba\\\/#\\\/schema\\\/logo\\\/image\\\/\",\"url\":\"https:\\\/\\\/radioljubuski.ba\\\/wp-content\\\/uploads\\\/2021\\\/02\\\/cropped-Radio_Ljubuski_logo1.jpg\",\"contentUrl\":\"https:\\\/\\\/radioljubuski.ba\\\/wp-content\\\/uploads\\\/2021\\\/02\\\/cropped-Radio_Ljubuski_logo1.jpg\",\"width\":512,\"height\":512,\"caption\":\"Radio Ljubu\u0161ki\"},\"image\":{\"@id\":\"https:\\\/\\\/radioljubuski.ba\\\/#\\\/schema\\\/logo\\\/image\\\/\"},\"sameAs\":[\"https:\\\/\\\/www.facebook.com\\\/Radiio-Ljubuski-1490835324566332\",\"https:\\\/\\\/x.com\\\/radioljubuski\",\"https:\\\/\\\/hr.linkedin.com\\\/company\\\/radio-ljubuski\",\"https:\\\/\\\/www.youtube.com\\\/channel\\\/UCHYaeO_n0Db3tjNGudGpXyw\"]},{\"@type\":\"Person\",\"@id\":\"https:\\\/\\\/radioljubuski.ba\\\/#\\\/schema\\\/person\\\/19fc700381a780f69665d7956c469e3b\",\"name\":\"Radio Ljubu\u0161ki\"}]}<\/script>\n<!-- \/ Yoast SEO plugin. -->","yoast_head_json":{"title":"Dom zdravlja Ljubu\u0161ki: Obavijest o preostalim dozama cjepiva protiv sezonske gripe - RADIO LJUBU\u0160KI","robots":{"index":"index","follow":"follow","max-snippet":"max-snippet:-1","max-image-preview":"max-image-preview:large","max-video-preview":"max-video-preview:-1"},"canonical":"https:\/\/radioljubuski.ba\/index.php\/2021\/12\/04\/dom-zdravlja-ljubuski-obavijest-o-preostalim-dozama-cjepiva-protiv-sezonske-gripe\/","og_locale":"hr_HR","og_type":"article","og_title":"Dom zdravlja Ljubu\u0161ki: Obavijest o preostalim dozama cjepiva protiv sezonske gripe - RADIO LJUBU\u0160KI","og_description":"Dom zdravlja Ljubu\u0161ki je na svojoj facebook stranici objavio obavijest o preostalim dozama cjepiva protiv sezonske gripe. Obavijest prenosimo u cijelosti: Po\u0161tovane sugra\u0111anke i sugra\u0111ani, \u017eelimo Vas obavijestiti kako nam je preostalo ne\u0161to vi\u0161e od 300 doza cjepiva protiv sezonske gripe te Vas ovim putem pozvati da se cijepite do kraja sljede\u0107eg tjedna, odnosno do [&hellip;]","og_url":"https:\/\/radioljubuski.ba\/index.php\/2021\/12\/04\/dom-zdravlja-ljubuski-obavijest-o-preostalim-dozama-cjepiva-protiv-sezonske-gripe\/","og_site_name":"RADIO LJUBU\u0160KI","article_publisher":"https:\/\/www.facebook.com\/Radiio-Ljubuski-1490835324566332","article_published_time":"2021-12-04T15:58:27+00:00","article_modified_time":"2021-12-06T23:32:23+00:00","og_image":[{"width":1272,"height":848,"url":"https:\/\/radioljubuski.ba\/wp-content\/uploads\/2021\/12\/dom-zdravlja-ljubuski-118.jpg","type":"image\/jpeg"}],"author":"Radio Ljubu\u0161ki","twitter_card":"summary_large_image","twitter_creator":"@radioljubuski","twitter_site":"@radioljubuski","twitter_misc":{"Napisao\/la":"Radio Ljubu\u0161ki","Procijenjeno vrijeme \u010ditanja":"1 minuta"},"schema":{"@context":"https:\/\/schema.org","@graph":[{"@type":"Article","@id":"https:\/\/radioljubuski.ba\/index.php\/2021\/12\/04\/dom-zdravlja-ljubuski-obavijest-o-preostalim-dozama-cjepiva-protiv-sezonske-gripe\/#article","isPartOf":{"@id":"https:\/\/radioljubuski.ba\/index.php\/2021\/12\/04\/dom-zdravlja-ljubuski-obavijest-o-preostalim-dozama-cjepiva-protiv-sezonske-gripe\/"},"author":{"name":"Radio Ljubu\u0161ki","@id":"https:\/\/radioljubuski.ba\/#\/schema\/person\/19fc700381a780f69665d7956c469e3b"},"headline":"Dom zdravlja Ljubu\u0161ki: Obavijest o preostalim dozama cjepiva protiv sezonske gripe","datePublished":"2021-12-04T15:58:27+00:00","dateModified":"2021-12-06T23:32:23+00:00","mainEntityOfPage":{"@id":"https:\/\/radioljubuski.ba\/index.php\/2021\/12\/04\/dom-zdravlja-ljubuski-obavijest-o-preostalim-dozama-cjepiva-protiv-sezonske-gripe\/"},"wordCount":105,"publisher":{"@id":"https:\/\/radioljubuski.ba\/#organization"},"image":{"@id":"https:\/\/radioljubuski.ba\/index.php\/2021\/12\/04\/dom-zdravlja-ljubuski-obavijest-o-preostalim-dozama-cjepiva-protiv-sezonske-gripe\/#primaryimage"},"thumbnailUrl":"https:\/\/radioljubuski.ba\/wp-content\/uploads\/2021\/12\/dom-zdravlja-ljubuski-118.jpg","articleSection":["Ljubu\u0161ki"],"inLanguage":"hr"},{"@type":"WebPage","@id":"https:\/\/radioljubuski.ba\/index.php\/2021\/12\/04\/dom-zdravlja-ljubuski-obavijest-o-preostalim-dozama-cjepiva-protiv-sezonske-gripe\/","url":"https:\/\/radioljubuski.ba\/index.php\/2021\/12\/04\/dom-zdravlja-ljubuski-obavijest-o-preostalim-dozama-cjepiva-protiv-sezonske-gripe\/","name":"Dom zdravlja Ljubu\u0161ki: Obavijest o preostalim dozama cjepiva protiv sezonske gripe - RADIO LJUBU\u0160KI","isPartOf":{"@id":"https:\/\/radioljubuski.ba\/#website"},"primaryImageOfPage":{"@id":"https:\/\/radioljubuski.ba\/index.php\/2021\/12\/04\/dom-zdravlja-ljubuski-obavijest-o-preostalim-dozama-cjepiva-protiv-sezonske-gripe\/#primaryimage"},"image":{"@id":"https:\/\/radioljubuski.ba\/index.php\/2021\/12\/04\/dom-zdravlja-ljubuski-obavijest-o-preostalim-dozama-cjepiva-protiv-sezonske-gripe\/#primaryimage"},"thumbnailUrl":"https:\/\/radioljubuski.ba\/wp-content\/uploads\/2021\/12\/dom-zdravlja-ljubuski-118.jpg","datePublished":"2021-12-04T15:58:27+00:00","dateModified":"2021-12-06T23:32:23+00:00","breadcrumb":{"@id":"https:\/\/radioljubuski.ba\/index.php\/2021\/12\/04\/dom-zdravlja-ljubuski-obavijest-o-preostalim-dozama-cjepiva-protiv-sezonske-gripe\/#breadcrumb"},"inLanguage":"hr","potentialAction":[{"@type":"ReadAction","target":["https:\/\/radioljubuski.ba\/index.php\/2021\/12\/04\/dom-zdravlja-ljubuski-obavijest-o-preostalim-dozama-cjepiva-protiv-sezonske-gripe\/"]}]},{"@type":"ImageObject","inLanguage":"hr","@id":"https:\/\/radioljubuski.ba\/index.php\/2021\/12\/04\/dom-zdravlja-ljubuski-obavijest-o-preostalim-dozama-cjepiva-protiv-sezonske-gripe\/#primaryimage","url":"https:\/\/radioljubuski.ba\/wp-content\/uploads\/2021\/12\/dom-zdravlja-ljubuski-118.jpg","contentUrl":"https:\/\/radioljubuski.ba\/wp-content\/uploads\/2021\/12\/dom-zdravlja-ljubuski-118.jpg","width":1272,"height":848},{"@type":"BreadcrumbList","@id":"https:\/\/radioljubuski.ba\/index.php\/2021\/12\/04\/dom-zdravlja-ljubuski-obavijest-o-preostalim-dozama-cjepiva-protiv-sezonske-gripe\/#breadcrumb","itemListElement":[{"@type":"ListItem","position":1,"name":"Po\u010detna stranica","item":"https:\/\/radioljubuski.ba\/"},{"@type":"ListItem","position":2,"name":"Dom zdravlja Ljubu\u0161ki: Obavijest o preostalim dozama cjepiva protiv sezonske gripe"}]},{"@type":"WebSite","@id":"https:\/\/radioljubuski.ba\/#website","url":"https:\/\/radioljubuski.ba\/","name":"Radio Ljubu\u0161ki","description":"Sun\u010dana frekvencija Hercegovine","publisher":{"@id":"https:\/\/radioljubuski.ba\/#organization"},"potentialAction":[{"@type":"SearchAction","target":{"@type":"EntryPoint","urlTemplate":"https:\/\/radioljubuski.ba\/?s={search_term_string}"},"query-input":{"@type":"PropertyValueSpecification","valueRequired":true,"valueName":"search_term_string"}}],"inLanguage":"hr"},{"@type":"Organization","@id":"https:\/\/radioljubuski.ba\/#organization","name":"Radio Ljubu\u0161ki","url":"https:\/\/radioljubuski.ba\/","logo":{"@type":"ImageObject","inLanguage":"hr","@id":"https:\/\/radioljubuski.ba\/#\/schema\/logo\/image\/","url":"https:\/\/radioljubuski.ba\/wp-content\/uploads\/2021\/02\/cropped-Radio_Ljubuski_logo1.jpg","contentUrl":"https:\/\/radioljubuski.ba\/wp-content\/uploads\/2021\/02\/cropped-Radio_Ljubuski_logo1.jpg","width":512,"height":512,"caption":"Radio Ljubu\u0161ki"},"image":{"@id":"https:\/\/radioljubuski.ba\/#\/schema\/logo\/image\/"},"sameAs":["https:\/\/www.facebook.com\/Radiio-Ljubuski-1490835324566332","https:\/\/x.com\/radioljubuski","https:\/\/hr.linkedin.com\/company\/radio-ljubuski","https:\/\/www.youtube.com\/channel\/UCHYaeO_n0Db3tjNGudGpXyw"]},{"@type":"Person","@id":"https:\/\/radioljubuski.ba\/#\/schema\/person\/19fc700381a780f69665d7956c469e3b","name":"Radio Ljubu\u0161ki"}]}},"_links":{"self":[{"href":"https:\/\/radioljubuski.ba\/index.php\/wp-json\/wp\/v2\/posts\/95885","targetHints":{"allow":["GET"]}}],"collection":[{"href":"https:\/\/radioljubuski.ba\/index.php\/wp-json\/wp\/v2\/posts"}],"about":[{"href":"https:\/\/radioljubuski.ba\/index.php\/wp-json\/wp\/v2\/types\/post"}],"author":[{"embeddable":true,"href":"https:\/\/radioljubuski.ba\/index.php\/wp-json\/wp\/v2\/users\/2"}],"replies":[{"embeddable":true,"href":"https:\/\/radioljubuski.ba\/index.php\/wp-json\/wp\/v2\/comments?post=95885"}],"version-history":[{"count":1,"href":"https:\/\/radioljubuski.ba\/index.php\/wp-json\/wp\/v2\/posts\/95885\/revisions"}],"predecessor-version":[{"id":95887,"href":"https:\/\/radioljubuski.ba\/index.php\/wp-json\/wp\/v2\/posts\/95885\/revisions\/95887"}],"wp:featuredmedia":[{"embeddable":true,"href":"https:\/\/radioljubuski.ba\/index.php\/wp-json\/wp\/v2\/media\/95886"}],"wp:attachment":[{"href":"https:\/\/radioljubuski.ba\/index.php\/wp-json\/wp\/v2\/media?parent=95885"}],"wp:term":[{"taxonomy":"category","embeddable":true,"href":"https:\/\/radioljubuski.ba\/index.php\/wp-json\/wp\/v2\/categories?post=95885"},{"taxonomy":"post_tag","embeddable":true,"href":"https:\/\/radioljubuski.ba\/index.php\/wp-json\/wp\/v2\/tags?post=95885"}],"curies":[{"name":"wp","href":"https:\/\/api.w.org\/{rel}","templated":true}]}}