{"id":95891,"date":"2021-12-04T17:02:09","date_gmt":"2021-12-04T16:02:09","guid":{"rendered":"https:\/\/radioljubuski.ba\/?p=95891"},"modified":"2021-12-04T17:02:10","modified_gmt":"2021-12-04T16:02:10","slug":"dodik-ispitat-cemo-tko-je-schmidtu-osigurao-policijsku-zastitu-u-rs-ne-odustajemo-od-tuzbe-protiv-njega-za-lazno-predstavljanje","status":"publish","type":"post","link":"https:\/\/radioljubuski.ba\/index.php\/2021\/12\/04\/dodik-ispitat-cemo-tko-je-schmidtu-osigurao-policijsku-zastitu-u-rs-ne-odustajemo-od-tuzbe-protiv-njega-za-lazno-predstavljanje\/","title":{"rendered":"Dodik: Ispitat \u0107emo tko je Schmidtu osigurao policijsku za\u0161titu u RS, ne odustajemo od tu\u017ebe protiv njega za la\u017eno predstavljanje"},"content":{"rendered":"\n<p><strong>Republika Srpska ne\u0107e odustati od najave da tu\u017ei Christiana Schmidta u Njema\u010dkoj, njegovoj zemlji, \u0161to se la\u017eno predstavlja kao visoki predstavnik u BiH, naglasio je Milorad Dodik, sprski \u010dlan Predsjedni\u0161tva BiH, prenosi RTRS.<\/strong><\/p>\n\n\n\n<p>\u2013 To ne\u0107e prestati dok ne na\u0111emo tu mogu\u0107nost. Schhmidt la\u017enim predstavljanjem, koje je krivi\u010dno djelo svugdje, optere\u0107uje cijeli politi\u010dki sustav u BiH i po\u010dinio je niz drugih kaznenih djela \u2013 ka\u017ee Dodik.<\/p>\n\n\n\n<p>Dodik je ponovio da je za Republiku Srpsku Schmidt obi\u010dni gra\u0111anin Njema\u010dke i da nema nikakve politi\u010dke uloge u BiH.<\/p>\n\n\n\n<p>\u2013 Mislim da je situacija u BiH dovedena do apsurda za koji ne znam da mo\u017ee biti ve\u0107i \u2013 imamo \u010dovjeka koji se predstavlja visokim predstavnikom iako ga nije imenovalo Vije\u0107e sigurnosti Un, i nastavlja glumiti visokog predstavnika \u2013 rekao je Dodik.<\/p>\n\n\n\n<p>Osvr\u0107u\u0107i se na \u0161pekulacije za pratnju koju je Scchmidt dobio borave\u0107i u Republici Srpskoj, Dodik je rekao da to nije trebalo, ali da \u0107e se ispitati tko je pogrije\u0161io.<\/p>\n\n\n\n<p>\u2013 Schmidt nema status visokog predstavnika i nema mjere za\u0161tite kakve je ranije ovdje imao visoki predstavnik \u2013 naveo je Dodik.<\/p>\n\n\n\n<p>\/HMS\/<\/p>\n","protected":false},"excerpt":{"rendered":"<p>Republika Srpska ne\u0107e odustati od najave da tu\u017ei Christiana Schmidta u Njema\u010dkoj, njegovoj zemlji, \u0161to se la\u017eno predstavlja kao visoki predstavnik u BiH, naglasio je Milorad Dodik, sprski \u010dlan Predsjedni\u0161tva BiH, prenosi RTRS. \u2013 To ne\u0107e prestati dok ne na\u0111emo tu mogu\u0107nost. Schhmidt la\u017enim predstavljanjem, koje je krivi\u010dno djelo svugdje, optere\u0107uje cijeli politi\u010dki sustav u [&hellip;]<\/p>\n","protected":false},"author":2,"featured_media":95892,"comment_status":"closed","ping_status":"closed","sticky":false,"template":"","format":"standard","meta":{"h5ap_radio_sources":[],"footnotes":""},"categories":[1],"tags":[],"class_list":["post-95891","post","type-post","status-publish","format-standard","has-post-thumbnail","hentry","category-bihiregija"],"yoast_head":"<!-- This site is optimized with the Yoast SEO plugin v27.4 - https:\/\/yoast.com\/product\/yoast-seo-wordpress\/ -->\n<title>Dodik: Ispitat \u0107emo tko je Schmidtu osigurao policijsku za\u0161titu u RS, ne odustajemo od tu\u017ebe protiv njega za la\u017eno predstavljanje - RADIO LJUBU\u0160KI<\/title>\n<meta name=\"robots\" content=\"index, follow, max-snippet:-1, max-image-preview:large, max-video-preview:-1\" \/>\n<link rel=\"canonical\" href=\"https:\/\/radioljubuski.ba\/index.php\/2021\/12\/04\/dodik-ispitat-cemo-tko-je-schmidtu-osigurao-policijsku-zastitu-u-rs-ne-odustajemo-od-tuzbe-protiv-njega-za-lazno-predstavljanje\/\" \/>\n<meta property=\"og:locale\" content=\"hr_HR\" \/>\n<meta property=\"og:type\" content=\"article\" \/>\n<meta property=\"og:title\" content=\"Dodik: Ispitat \u0107emo tko je Schmidtu osigurao policijsku za\u0161titu u RS, ne odustajemo od tu\u017ebe protiv njega za la\u017eno predstavljanje - RADIO LJUBU\u0160KI\" \/>\n<meta property=\"og:description\" content=\"Republika Srpska ne\u0107e odustati od najave da tu\u017ei Christiana Schmidta u Njema\u010dkoj, njegovoj zemlji, \u0161to se la\u017eno predstavlja kao visoki predstavnik u BiH, naglasio je Milorad Dodik, sprski \u010dlan Predsjedni\u0161tva BiH, prenosi RTRS. \u2013 To ne\u0107e prestati dok ne na\u0111emo tu mogu\u0107nost. Schhmidt la\u017enim predstavljanjem, koje je krivi\u010dno djelo svugdje, optere\u0107uje cijeli politi\u010dki sustav u [&hellip;]\" \/>\n<meta property=\"og:url\" content=\"https:\/\/radioljubuski.ba\/index.php\/2021\/12\/04\/dodik-ispitat-cemo-tko-je-schmidtu-osigurao-policijsku-zastitu-u-rs-ne-odustajemo-od-tuzbe-protiv-njega-za-lazno-predstavljanje\/\" \/>\n<meta property=\"og:site_name\" content=\"RADIO LJUBU\u0160KI\" \/>\n<meta property=\"article:publisher\" content=\"https:\/\/www.facebook.com\/Radiio-Ljubuski-1490835324566332\" \/>\n<meta property=\"article:published_time\" content=\"2021-12-04T16:02:09+00:00\" \/>\n<meta property=\"article:modified_time\" content=\"2021-12-04T16:02:10+00:00\" \/>\n<meta property=\"og:image\" content=\"https:\/\/radioljubuski.ba\/wp-content\/uploads\/2021\/12\/dodik-zastava-1-1068x601-1.jpg\" \/>\n\t<meta property=\"og:image:width\" content=\"1068\" \/>\n\t<meta property=\"og:image:height\" content=\"601\" \/>\n\t<meta property=\"og:image:type\" content=\"image\/jpeg\" \/>\n<meta name=\"author\" content=\"Radio Ljubu\u0161ki\" \/>\n<meta name=\"twitter:card\" content=\"summary_large_image\" \/>\n<meta name=\"twitter:creator\" content=\"@radioljubuski\" \/>\n<meta name=\"twitter:site\" content=\"@radioljubuski\" \/>\n<meta name=\"twitter:label1\" content=\"Napisao\/la\" \/>\n\t<meta name=\"twitter:data1\" content=\"Radio Ljubu\u0161ki\" \/>\n\t<meta name=\"twitter:label2\" content=\"Procijenjeno vrijeme \u010ditanja\" \/>\n\t<meta name=\"twitter:data2\" content=\"1 minuta\" \/>\n<script type=\"application\/ld+json\" class=\"yoast-schema-graph\">{\"@context\":\"https:\\\/\\\/schema.org\",\"@graph\":[{\"@type\":\"Article\",\"@id\":\"https:\\\/\\\/radioljubuski.ba\\\/index.php\\\/2021\\\/12\\\/04\\\/dodik-ispitat-cemo-tko-je-schmidtu-osigurao-policijsku-zastitu-u-rs-ne-odustajemo-od-tuzbe-protiv-njega-za-lazno-predstavljanje\\\/#article\",\"isPartOf\":{\"@id\":\"https:\\\/\\\/radioljubuski.ba\\\/index.php\\\/2021\\\/12\\\/04\\\/dodik-ispitat-cemo-tko-je-schmidtu-osigurao-policijsku-zastitu-u-rs-ne-odustajemo-od-tuzbe-protiv-njega-za-lazno-predstavljanje\\\/\"},\"author\":{\"name\":\"Radio Ljubu\u0161ki\",\"@id\":\"https:\\\/\\\/radioljubuski.ba\\\/#\\\/schema\\\/person\\\/19fc700381a780f69665d7956c469e3b\"},\"headline\":\"Dodik: Ispitat \u0107emo tko je Schmidtu osigurao policijsku za\u0161titu u RS, ne odustajemo od tu\u017ebe protiv njega za la\u017eno predstavljanje\",\"datePublished\":\"2021-12-04T16:02:09+00:00\",\"dateModified\":\"2021-12-04T16:02:10+00:00\",\"mainEntityOfPage\":{\"@id\":\"https:\\\/\\\/radioljubuski.ba\\\/index.php\\\/2021\\\/12\\\/04\\\/dodik-ispitat-cemo-tko-je-schmidtu-osigurao-policijsku-zastitu-u-rs-ne-odustajemo-od-tuzbe-protiv-njega-za-lazno-predstavljanje\\\/\"},\"wordCount\":221,\"publisher\":{\"@id\":\"https:\\\/\\\/radioljubuski.ba\\\/#organization\"},\"image\":{\"@id\":\"https:\\\/\\\/radioljubuski.ba\\\/index.php\\\/2021\\\/12\\\/04\\\/dodik-ispitat-cemo-tko-je-schmidtu-osigurao-policijsku-zastitu-u-rs-ne-odustajemo-od-tuzbe-protiv-njega-za-lazno-predstavljanje\\\/#primaryimage\"},\"thumbnailUrl\":\"https:\\\/\\\/radioljubuski.ba\\\/wp-content\\\/uploads\\\/2021\\\/12\\\/dodik-zastava-1-1068x601-1.jpg\",\"articleSection\":[\"BIH i regija\"],\"inLanguage\":\"hr\"},{\"@type\":\"WebPage\",\"@id\":\"https:\\\/\\\/radioljubuski.ba\\\/index.php\\\/2021\\\/12\\\/04\\\/dodik-ispitat-cemo-tko-je-schmidtu-osigurao-policijsku-zastitu-u-rs-ne-odustajemo-od-tuzbe-protiv-njega-za-lazno-predstavljanje\\\/\",\"url\":\"https:\\\/\\\/radioljubuski.ba\\\/index.php\\\/2021\\\/12\\\/04\\\/dodik-ispitat-cemo-tko-je-schmidtu-osigurao-policijsku-zastitu-u-rs-ne-odustajemo-od-tuzbe-protiv-njega-za-lazno-predstavljanje\\\/\",\"name\":\"Dodik: Ispitat \u0107emo tko je Schmidtu osigurao policijsku za\u0161titu u RS, ne odustajemo od tu\u017ebe protiv njega za la\u017eno predstavljanje - RADIO LJUBU\u0160KI\",\"isPartOf\":{\"@id\":\"https:\\\/\\\/radioljubuski.ba\\\/#website\"},\"primaryImageOfPage\":{\"@id\":\"https:\\\/\\\/radioljubuski.ba\\\/index.php\\\/2021\\\/12\\\/04\\\/dodik-ispitat-cemo-tko-je-schmidtu-osigurao-policijsku-zastitu-u-rs-ne-odustajemo-od-tuzbe-protiv-njega-za-lazno-predstavljanje\\\/#primaryimage\"},\"image\":{\"@id\":\"https:\\\/\\\/radioljubuski.ba\\\/index.php\\\/2021\\\/12\\\/04\\\/dodik-ispitat-cemo-tko-je-schmidtu-osigurao-policijsku-zastitu-u-rs-ne-odustajemo-od-tuzbe-protiv-njega-za-lazno-predstavljanje\\\/#primaryimage\"},\"thumbnailUrl\":\"https:\\\/\\\/radioljubuski.ba\\\/wp-content\\\/uploads\\\/2021\\\/12\\\/dodik-zastava-1-1068x601-1.jpg\",\"datePublished\":\"2021-12-04T16:02:09+00:00\",\"dateModified\":\"2021-12-04T16:02:10+00:00\",\"breadcrumb\":{\"@id\":\"https:\\\/\\\/radioljubuski.ba\\\/index.php\\\/2021\\\/12\\\/04\\\/dodik-ispitat-cemo-tko-je-schmidtu-osigurao-policijsku-zastitu-u-rs-ne-odustajemo-od-tuzbe-protiv-njega-za-lazno-predstavljanje\\\/#breadcrumb\"},\"inLanguage\":\"hr\",\"potentialAction\":[{\"@type\":\"ReadAction\",\"target\":[\"https:\\\/\\\/radioljubuski.ba\\\/index.php\\\/2021\\\/12\\\/04\\\/dodik-ispitat-cemo-tko-je-schmidtu-osigurao-policijsku-zastitu-u-rs-ne-odustajemo-od-tuzbe-protiv-njega-za-lazno-predstavljanje\\\/\"]}]},{\"@type\":\"ImageObject\",\"inLanguage\":\"hr\",\"@id\":\"https:\\\/\\\/radioljubuski.ba\\\/index.php\\\/2021\\\/12\\\/04\\\/dodik-ispitat-cemo-tko-je-schmidtu-osigurao-policijsku-zastitu-u-rs-ne-odustajemo-od-tuzbe-protiv-njega-za-lazno-predstavljanje\\\/#primaryimage\",\"url\":\"https:\\\/\\\/radioljubuski.ba\\\/wp-content\\\/uploads\\\/2021\\\/12\\\/dodik-zastava-1-1068x601-1.jpg\",\"contentUrl\":\"https:\\\/\\\/radioljubuski.ba\\\/wp-content\\\/uploads\\\/2021\\\/12\\\/dodik-zastava-1-1068x601-1.jpg\",\"width\":1068,\"height\":601},{\"@type\":\"BreadcrumbList\",\"@id\":\"https:\\\/\\\/radioljubuski.ba\\\/index.php\\\/2021\\\/12\\\/04\\\/dodik-ispitat-cemo-tko-je-schmidtu-osigurao-policijsku-zastitu-u-rs-ne-odustajemo-od-tuzbe-protiv-njega-za-lazno-predstavljanje\\\/#breadcrumb\",\"itemListElement\":[{\"@type\":\"ListItem\",\"position\":1,\"name\":\"Po\u010detna stranica\",\"item\":\"https:\\\/\\\/radioljubuski.ba\\\/\"},{\"@type\":\"ListItem\",\"position\":2,\"name\":\"Dodik: Ispitat \u0107emo tko je Schmidtu osigurao policijsku za\u0161titu u RS, ne odustajemo od tu\u017ebe protiv njega za la\u017eno predstavljanje\"}]},{\"@type\":\"WebSite\",\"@id\":\"https:\\\/\\\/radioljubuski.ba\\\/#website\",\"url\":\"https:\\\/\\\/radioljubuski.ba\\\/\",\"name\":\"Radio Ljubu\u0161ki\",\"description\":\"Sun\u010dana frekvencija Hercegovine\",\"publisher\":{\"@id\":\"https:\\\/\\\/radioljubuski.ba\\\/#organization\"},\"potentialAction\":[{\"@type\":\"SearchAction\",\"target\":{\"@type\":\"EntryPoint\",\"urlTemplate\":\"https:\\\/\\\/radioljubuski.ba\\\/?s={search_term_string}\"},\"query-input\":{\"@type\":\"PropertyValueSpecification\",\"valueRequired\":true,\"valueName\":\"search_term_string\"}}],\"inLanguage\":\"hr\"},{\"@type\":\"Organization\",\"@id\":\"https:\\\/\\\/radioljubuski.ba\\\/#organization\",\"name\":\"Radio Ljubu\u0161ki\",\"url\":\"https:\\\/\\\/radioljubuski.ba\\\/\",\"logo\":{\"@type\":\"ImageObject\",\"inLanguage\":\"hr\",\"@id\":\"https:\\\/\\\/radioljubuski.ba\\\/#\\\/schema\\\/logo\\\/image\\\/\",\"url\":\"https:\\\/\\\/radioljubuski.ba\\\/wp-content\\\/uploads\\\/2021\\\/02\\\/cropped-Radio_Ljubuski_logo1.jpg\",\"contentUrl\":\"https:\\\/\\\/radioljubuski.ba\\\/wp-content\\\/uploads\\\/2021\\\/02\\\/cropped-Radio_Ljubuski_logo1.jpg\",\"width\":512,\"height\":512,\"caption\":\"Radio Ljubu\u0161ki\"},\"image\":{\"@id\":\"https:\\\/\\\/radioljubuski.ba\\\/#\\\/schema\\\/logo\\\/image\\\/\"},\"sameAs\":[\"https:\\\/\\\/www.facebook.com\\\/Radiio-Ljubuski-1490835324566332\",\"https:\\\/\\\/x.com\\\/radioljubuski\",\"https:\\\/\\\/hr.linkedin.com\\\/company\\\/radio-ljubuski\",\"https:\\\/\\\/www.youtube.com\\\/channel\\\/UCHYaeO_n0Db3tjNGudGpXyw\"]},{\"@type\":\"Person\",\"@id\":\"https:\\\/\\\/radioljubuski.ba\\\/#\\\/schema\\\/person\\\/19fc700381a780f69665d7956c469e3b\",\"name\":\"Radio Ljubu\u0161ki\"}]}<\/script>\n<!-- \/ Yoast SEO plugin. -->","yoast_head_json":{"title":"Dodik: Ispitat \u0107emo tko je Schmidtu osigurao policijsku za\u0161titu u RS, ne odustajemo od tu\u017ebe protiv njega za la\u017eno predstavljanje - RADIO LJUBU\u0160KI","robots":{"index":"index","follow":"follow","max-snippet":"max-snippet:-1","max-image-preview":"max-image-preview:large","max-video-preview":"max-video-preview:-1"},"canonical":"https:\/\/radioljubuski.ba\/index.php\/2021\/12\/04\/dodik-ispitat-cemo-tko-je-schmidtu-osigurao-policijsku-zastitu-u-rs-ne-odustajemo-od-tuzbe-protiv-njega-za-lazno-predstavljanje\/","og_locale":"hr_HR","og_type":"article","og_title":"Dodik: Ispitat \u0107emo tko je Schmidtu osigurao policijsku za\u0161titu u RS, ne odustajemo od tu\u017ebe protiv njega za la\u017eno predstavljanje - RADIO LJUBU\u0160KI","og_description":"Republika Srpska ne\u0107e odustati od najave da tu\u017ei Christiana Schmidta u Njema\u010dkoj, njegovoj zemlji, \u0161to se la\u017eno predstavlja kao visoki predstavnik u BiH, naglasio je Milorad Dodik, sprski \u010dlan Predsjedni\u0161tva BiH, prenosi RTRS. \u2013 To ne\u0107e prestati dok ne na\u0111emo tu mogu\u0107nost. Schhmidt la\u017enim predstavljanjem, koje je krivi\u010dno djelo svugdje, optere\u0107uje cijeli politi\u010dki sustav u [&hellip;]","og_url":"https:\/\/radioljubuski.ba\/index.php\/2021\/12\/04\/dodik-ispitat-cemo-tko-je-schmidtu-osigurao-policijsku-zastitu-u-rs-ne-odustajemo-od-tuzbe-protiv-njega-za-lazno-predstavljanje\/","og_site_name":"RADIO LJUBU\u0160KI","article_publisher":"https:\/\/www.facebook.com\/Radiio-Ljubuski-1490835324566332","article_published_time":"2021-12-04T16:02:09+00:00","article_modified_time":"2021-12-04T16:02:10+00:00","og_image":[{"width":1068,"height":601,"url":"https:\/\/radioljubuski.ba\/wp-content\/uploads\/2021\/12\/dodik-zastava-1-1068x601-1.jpg","type":"image\/jpeg"}],"author":"Radio Ljubu\u0161ki","twitter_card":"summary_large_image","twitter_creator":"@radioljubuski","twitter_site":"@radioljubuski","twitter_misc":{"Napisao\/la":"Radio Ljubu\u0161ki","Procijenjeno vrijeme \u010ditanja":"1 minuta"},"schema":{"@context":"https:\/\/schema.org","@graph":[{"@type":"Article","@id":"https:\/\/radioljubuski.ba\/index.php\/2021\/12\/04\/dodik-ispitat-cemo-tko-je-schmidtu-osigurao-policijsku-zastitu-u-rs-ne-odustajemo-od-tuzbe-protiv-njega-za-lazno-predstavljanje\/#article","isPartOf":{"@id":"https:\/\/radioljubuski.ba\/index.php\/2021\/12\/04\/dodik-ispitat-cemo-tko-je-schmidtu-osigurao-policijsku-zastitu-u-rs-ne-odustajemo-od-tuzbe-protiv-njega-za-lazno-predstavljanje\/"},"author":{"name":"Radio Ljubu\u0161ki","@id":"https:\/\/radioljubuski.ba\/#\/schema\/person\/19fc700381a780f69665d7956c469e3b"},"headline":"Dodik: Ispitat \u0107emo tko je Schmidtu osigurao policijsku za\u0161titu u RS, ne odustajemo od tu\u017ebe protiv njega za la\u017eno predstavljanje","datePublished":"2021-12-04T16:02:09+00:00","dateModified":"2021-12-04T16:02:10+00:00","mainEntityOfPage":{"@id":"https:\/\/radioljubuski.ba\/index.php\/2021\/12\/04\/dodik-ispitat-cemo-tko-je-schmidtu-osigurao-policijsku-zastitu-u-rs-ne-odustajemo-od-tuzbe-protiv-njega-za-lazno-predstavljanje\/"},"wordCount":221,"publisher":{"@id":"https:\/\/radioljubuski.ba\/#organization"},"image":{"@id":"https:\/\/radioljubuski.ba\/index.php\/2021\/12\/04\/dodik-ispitat-cemo-tko-je-schmidtu-osigurao-policijsku-zastitu-u-rs-ne-odustajemo-od-tuzbe-protiv-njega-za-lazno-predstavljanje\/#primaryimage"},"thumbnailUrl":"https:\/\/radioljubuski.ba\/wp-content\/uploads\/2021\/12\/dodik-zastava-1-1068x601-1.jpg","articleSection":["BIH i regija"],"inLanguage":"hr"},{"@type":"WebPage","@id":"https:\/\/radioljubuski.ba\/index.php\/2021\/12\/04\/dodik-ispitat-cemo-tko-je-schmidtu-osigurao-policijsku-zastitu-u-rs-ne-odustajemo-od-tuzbe-protiv-njega-za-lazno-predstavljanje\/","url":"https:\/\/radioljubuski.ba\/index.php\/2021\/12\/04\/dodik-ispitat-cemo-tko-je-schmidtu-osigurao-policijsku-zastitu-u-rs-ne-odustajemo-od-tuzbe-protiv-njega-za-lazno-predstavljanje\/","name":"Dodik: Ispitat \u0107emo tko je Schmidtu osigurao policijsku za\u0161titu u RS, ne odustajemo od tu\u017ebe protiv njega za la\u017eno predstavljanje - RADIO LJUBU\u0160KI","isPartOf":{"@id":"https:\/\/radioljubuski.ba\/#website"},"primaryImageOfPage":{"@id":"https:\/\/radioljubuski.ba\/index.php\/2021\/12\/04\/dodik-ispitat-cemo-tko-je-schmidtu-osigurao-policijsku-zastitu-u-rs-ne-odustajemo-od-tuzbe-protiv-njega-za-lazno-predstavljanje\/#primaryimage"},"image":{"@id":"https:\/\/radioljubuski.ba\/index.php\/2021\/12\/04\/dodik-ispitat-cemo-tko-je-schmidtu-osigurao-policijsku-zastitu-u-rs-ne-odustajemo-od-tuzbe-protiv-njega-za-lazno-predstavljanje\/#primaryimage"},"thumbnailUrl":"https:\/\/radioljubuski.ba\/wp-content\/uploads\/2021\/12\/dodik-zastava-1-1068x601-1.jpg","datePublished":"2021-12-04T16:02:09+00:00","dateModified":"2021-12-04T16:02:10+00:00","breadcrumb":{"@id":"https:\/\/radioljubuski.ba\/index.php\/2021\/12\/04\/dodik-ispitat-cemo-tko-je-schmidtu-osigurao-policijsku-zastitu-u-rs-ne-odustajemo-od-tuzbe-protiv-njega-za-lazno-predstavljanje\/#breadcrumb"},"inLanguage":"hr","potentialAction":[{"@type":"ReadAction","target":["https:\/\/radioljubuski.ba\/index.php\/2021\/12\/04\/dodik-ispitat-cemo-tko-je-schmidtu-osigurao-policijsku-zastitu-u-rs-ne-odustajemo-od-tuzbe-protiv-njega-za-lazno-predstavljanje\/"]}]},{"@type":"ImageObject","inLanguage":"hr","@id":"https:\/\/radioljubuski.ba\/index.php\/2021\/12\/04\/dodik-ispitat-cemo-tko-je-schmidtu-osigurao-policijsku-zastitu-u-rs-ne-odustajemo-od-tuzbe-protiv-njega-za-lazno-predstavljanje\/#primaryimage","url":"https:\/\/radioljubuski.ba\/wp-content\/uploads\/2021\/12\/dodik-zastava-1-1068x601-1.jpg","contentUrl":"https:\/\/radioljubuski.ba\/wp-content\/uploads\/2021\/12\/dodik-zastava-1-1068x601-1.jpg","width":1068,"height":601},{"@type":"BreadcrumbList","@id":"https:\/\/radioljubuski.ba\/index.php\/2021\/12\/04\/dodik-ispitat-cemo-tko-je-schmidtu-osigurao-policijsku-zastitu-u-rs-ne-odustajemo-od-tuzbe-protiv-njega-za-lazno-predstavljanje\/#breadcrumb","itemListElement":[{"@type":"ListItem","position":1,"name":"Po\u010detna stranica","item":"https:\/\/radioljubuski.ba\/"},{"@type":"ListItem","position":2,"name":"Dodik: Ispitat \u0107emo tko je Schmidtu osigurao policijsku za\u0161titu u RS, ne odustajemo od tu\u017ebe protiv njega za la\u017eno predstavljanje"}]},{"@type":"WebSite","@id":"https:\/\/radioljubuski.ba\/#website","url":"https:\/\/radioljubuski.ba\/","name":"Radio Ljubu\u0161ki","description":"Sun\u010dana frekvencija Hercegovine","publisher":{"@id":"https:\/\/radioljubuski.ba\/#organization"},"potentialAction":[{"@type":"SearchAction","target":{"@type":"EntryPoint","urlTemplate":"https:\/\/radioljubuski.ba\/?s={search_term_string}"},"query-input":{"@type":"PropertyValueSpecification","valueRequired":true,"valueName":"search_term_string"}}],"inLanguage":"hr"},{"@type":"Organization","@id":"https:\/\/radioljubuski.ba\/#organization","name":"Radio Ljubu\u0161ki","url":"https:\/\/radioljubuski.ba\/","logo":{"@type":"ImageObject","inLanguage":"hr","@id":"https:\/\/radioljubuski.ba\/#\/schema\/logo\/image\/","url":"https:\/\/radioljubuski.ba\/wp-content\/uploads\/2021\/02\/cropped-Radio_Ljubuski_logo1.jpg","contentUrl":"https:\/\/radioljubuski.ba\/wp-content\/uploads\/2021\/02\/cropped-Radio_Ljubuski_logo1.jpg","width":512,"height":512,"caption":"Radio Ljubu\u0161ki"},"image":{"@id":"https:\/\/radioljubuski.ba\/#\/schema\/logo\/image\/"},"sameAs":["https:\/\/www.facebook.com\/Radiio-Ljubuski-1490835324566332","https:\/\/x.com\/radioljubuski","https:\/\/hr.linkedin.com\/company\/radio-ljubuski","https:\/\/www.youtube.com\/channel\/UCHYaeO_n0Db3tjNGudGpXyw"]},{"@type":"Person","@id":"https:\/\/radioljubuski.ba\/#\/schema\/person\/19fc700381a780f69665d7956c469e3b","name":"Radio Ljubu\u0161ki"}]}},"_links":{"self":[{"href":"https:\/\/radioljubuski.ba\/index.php\/wp-json\/wp\/v2\/posts\/95891","targetHints":{"allow":["GET"]}}],"collection":[{"href":"https:\/\/radioljubuski.ba\/index.php\/wp-json\/wp\/v2\/posts"}],"about":[{"href":"https:\/\/radioljubuski.ba\/index.php\/wp-json\/wp\/v2\/types\/post"}],"author":[{"embeddable":true,"href":"https:\/\/radioljubuski.ba\/index.php\/wp-json\/wp\/v2\/users\/2"}],"replies":[{"embeddable":true,"href":"https:\/\/radioljubuski.ba\/index.php\/wp-json\/wp\/v2\/comments?post=95891"}],"version-history":[{"count":1,"href":"https:\/\/radioljubuski.ba\/index.php\/wp-json\/wp\/v2\/posts\/95891\/revisions"}],"predecessor-version":[{"id":95893,"href":"https:\/\/radioljubuski.ba\/index.php\/wp-json\/wp\/v2\/posts\/95891\/revisions\/95893"}],"wp:featuredmedia":[{"embeddable":true,"href":"https:\/\/radioljubuski.ba\/index.php\/wp-json\/wp\/v2\/media\/95892"}],"wp:attachment":[{"href":"https:\/\/radioljubuski.ba\/index.php\/wp-json\/wp\/v2\/media?parent=95891"}],"wp:term":[{"taxonomy":"category","embeddable":true,"href":"https:\/\/radioljubuski.ba\/index.php\/wp-json\/wp\/v2\/categories?post=95891"},{"taxonomy":"post_tag","embeddable":true,"href":"https:\/\/radioljubuski.ba\/index.php\/wp-json\/wp\/v2\/tags?post=95891"}],"curies":[{"name":"wp","href":"https:\/\/api.w.org\/{rel}","templated":true}]}}