{"id":95897,"date":"2021-12-04T17:04:54","date_gmt":"2021-12-04T16:04:54","guid":{"rendered":"https:\/\/radioljubuski.ba\/?p=95897"},"modified":"2021-12-04T17:04:55","modified_gmt":"2021-12-04T16:04:55","slug":"vucic-ponio-sam-i-vrecu-za-spavanje-cekat-cu-ih-ukoliko-nisu-odmah-za-razgovor","status":"publish","type":"post","link":"https:\/\/radioljubuski.ba\/index.php\/2021\/12\/04\/vucic-ponio-sam-i-vrecu-za-spavanje-cekat-cu-ih-ukoliko-nisu-odmah-za-razgovor\/","title":{"rendered":"Vu\u010di\u0107: Ponio sam i vre\u0107u za spavanje, \u010dekat \u0107u ih ukoliko nisu odmah za razgovor"},"content":{"rendered":"\n<p><strong>Predsjednik Srbije Aleksandar Vu\u010di\u0107 posjetio je nenajavljeno danas gradili\u0161te mosta na Savi kod \u0160apca, za koji je rekao da su, na njegovom drugom kraju, \u201cbatina\u0161i tukli ljude prije sedam dana\u201d.<\/strong><\/p>\n\n\n\n<p>Vu\u010di\u0107 je u prijenosu u\u017eivo na televiziji Pink rekao da se \u201enikome nisu najavili\u201c, ve\u0107 da je do obilaska gradili\u0161ta do\u0161lo jer se jutros sjetio da \u0107e na putu do mjesta Gornje Nedeljice kod Loznice, gde je u 15 sati zakazan njegov razgovor s mje\u0161tanima, pro\u0107i u blizini tog gradili\u0161ta.<\/p>\n\n\n\n<p>On je rekao da je \u201espreman razgovarati s ljudima\u201c, povodom najave otvaranja rudnika litijuma kompanije Rio Tinto, kao i da je \u201eponio i vre\u0107u za spavanje\u201c ukoliko mje\u0161tani Gornjih Nedeljica nisu odmah spremni za razgovor.<\/p>\n\n\n\n<p>\u201eKoliko god da ka\u017eu, \u010dekat \u0107u, idem rje\u0161avti problem\u201c, rekao je Vu\u010di\u0107 i dodao da \u0107e se razgovor s mje\u0161tanima vjerojatno voditi u crkvi u tom mjestu.<\/p>\n\n\n\n<p>Vu\u010di\u0107 je povodom prosvijeda i blokade puteva, koji su za danas u 14 sati zbog zakona o referendumu i eksproprijaciji zakazani u Beogradu i vi\u0161e od 50 gradova u Srbiji, rekao da njega blokade puteva ne mogu zaustaviti u namjeri da stigne do Gornjih Nedeljica.<\/p>\n\n\n\n<p>\/Beta\/HMS\/<\/p>\n\n\n\n<p><strong>Predsjednik Srbije Aleksandar Vu\u010di\u0107 posjetio je nenajavljeno danas gradili\u0161te mosta na Savi kod \u0160apca, za koji je rekao da su, na njegovom drugom kraju, \u201cbatina\u0161i tukli ljude prije sedam dana\u201d.<\/strong><\/p>\n\n\n\n<p>Vu\u010di\u0107 je u prijenosu u\u017eivo na televiziji Pink rekao da se \u201enikome nisu najavili\u201c, ve\u0107 da je do obilaska gradili\u0161ta do\u0161lo jer se jutros sjetio da \u0107e na putu do mjesta Gornje Nedeljice kod Loznice, gde je u 15 sati zakazan njegov razgovor s mje\u0161tanima, pro\u0107i u blizini tog gradili\u0161ta.<\/p>\n\n\n\n<p>On je rekao da je \u201espreman razgovarati s ljudima\u201c, povodom najave otvaranja rudnika litijuma kompanije Rio Tinto, kao i da je \u201eponio i vre\u0107u za spavanje\u201c ukoliko mje\u0161tani Gornjih Nedeljica nisu odmah spremni za razgovor.<\/p>\n\n\n\n<p>\u201eKoliko god da ka\u017eu, \u010dekat \u0107u, idem rje\u0161avti problem\u201c, rekao je Vu\u010di\u0107 i dodao da \u0107e se razgovor s mje\u0161tanima vjerojatno voditi u crkvi u tom mjestu.<\/p>\n\n\n\n<p>Vu\u010di\u0107 je povodom prosvijeda i blokade puteva, koji su za danas u 14 sati zbog zakona o referendumu i eksproprijaciji zakazani u Beogradu i vi\u0161e od 50 gradova u Srbiji, rekao da njega blokade puteva ne mogu zaustaviti u namjeri da stigne do Gornjih Nedeljica.<\/p>\n\n\n\n<p>\/Beta\/HMS\/<\/p>\n","protected":false},"excerpt":{"rendered":"<p>Predsjednik Srbije Aleksandar Vu\u010di\u0107 posjetio je nenajavljeno danas gradili\u0161te mosta na Savi kod \u0160apca, za koji je rekao da su, na njegovom drugom kraju, \u201cbatina\u0161i tukli ljude prije sedam dana\u201d. Vu\u010di\u0107 je u prijenosu u\u017eivo na televiziji Pink rekao da se \u201enikome nisu najavili\u201c, ve\u0107 da je do obilaska gradili\u0161ta do\u0161lo jer se jutros sjetio [&hellip;]<\/p>\n","protected":false},"author":2,"featured_media":21323,"comment_status":"closed","ping_status":"closed","sticky":false,"template":"","format":"standard","meta":{"h5ap_radio_sources":[],"footnotes":""},"categories":[1],"tags":[],"class_list":["post-95897","post","type-post","status-publish","format-standard","has-post-thumbnail","hentry","category-bihiregija"],"yoast_head":"<!-- This site is optimized with the Yoast SEO plugin v27.4 - https:\/\/yoast.com\/product\/yoast-seo-wordpress\/ -->\n<title>Vu\u010di\u0107: Ponio sam i vre\u0107u za spavanje, \u010dekat \u0107u ih ukoliko nisu odmah za razgovor - RADIO LJUBU\u0160KI<\/title>\n<meta name=\"robots\" content=\"index, follow, max-snippet:-1, max-image-preview:large, max-video-preview:-1\" \/>\n<link rel=\"canonical\" href=\"https:\/\/radioljubuski.ba\/index.php\/2021\/12\/04\/vucic-ponio-sam-i-vrecu-za-spavanje-cekat-cu-ih-ukoliko-nisu-odmah-za-razgovor\/\" \/>\n<meta property=\"og:locale\" content=\"hr_HR\" \/>\n<meta property=\"og:type\" content=\"article\" \/>\n<meta property=\"og:title\" content=\"Vu\u010di\u0107: Ponio sam i vre\u0107u za spavanje, \u010dekat \u0107u ih ukoliko nisu odmah za razgovor - RADIO LJUBU\u0160KI\" \/>\n<meta property=\"og:description\" content=\"Predsjednik Srbije Aleksandar Vu\u010di\u0107 posjetio je nenajavljeno danas gradili\u0161te mosta na Savi kod \u0160apca, za koji je rekao da su, na njegovom drugom kraju, \u201cbatina\u0161i tukli ljude prije sedam dana\u201d. Vu\u010di\u0107 je u prijenosu u\u017eivo na televiziji Pink rekao da se \u201enikome nisu najavili\u201c, ve\u0107 da je do obilaska gradili\u0161ta do\u0161lo jer se jutros sjetio [&hellip;]\" \/>\n<meta property=\"og:url\" content=\"https:\/\/radioljubuski.ba\/index.php\/2021\/12\/04\/vucic-ponio-sam-i-vrecu-za-spavanje-cekat-cu-ih-ukoliko-nisu-odmah-za-razgovor\/\" \/>\n<meta property=\"og:site_name\" content=\"RADIO LJUBU\u0160KI\" \/>\n<meta property=\"article:publisher\" content=\"https:\/\/www.facebook.com\/Radiio-Ljubuski-1490835324566332\" \/>\n<meta property=\"article:published_time\" content=\"2021-12-04T16:04:54+00:00\" \/>\n<meta property=\"article:modified_time\" content=\"2021-12-04T16:04:55+00:00\" \/>\n<meta property=\"og:image\" content=\"https:\/\/radioljubuski.ba\/wp-content\/uploads\/2021\/05\/M9VjHUfZ_vucic.jpg\" \/>\n\t<meta property=\"og:image:width\" content=\"1000\" \/>\n\t<meta property=\"og:image:height\" content=\"625\" \/>\n\t<meta property=\"og:image:type\" content=\"image\/jpeg\" \/>\n<meta name=\"author\" content=\"Radio Ljubu\u0161ki\" \/>\n<meta name=\"twitter:card\" content=\"summary_large_image\" \/>\n<meta name=\"twitter:creator\" content=\"@radioljubuski\" \/>\n<meta name=\"twitter:site\" content=\"@radioljubuski\" \/>\n<meta name=\"twitter:label1\" content=\"Napisao\/la\" \/>\n\t<meta name=\"twitter:data1\" content=\"Radio Ljubu\u0161ki\" \/>\n\t<meta name=\"twitter:label2\" content=\"Procijenjeno vrijeme \u010ditanja\" \/>\n\t<meta name=\"twitter:data2\" content=\"2 minute\" \/>\n<script type=\"application\/ld+json\" class=\"yoast-schema-graph\">{\"@context\":\"https:\\\/\\\/schema.org\",\"@graph\":[{\"@type\":\"Article\",\"@id\":\"https:\\\/\\\/radioljubuski.ba\\\/index.php\\\/2021\\\/12\\\/04\\\/vucic-ponio-sam-i-vrecu-za-spavanje-cekat-cu-ih-ukoliko-nisu-odmah-za-razgovor\\\/#article\",\"isPartOf\":{\"@id\":\"https:\\\/\\\/radioljubuski.ba\\\/index.php\\\/2021\\\/12\\\/04\\\/vucic-ponio-sam-i-vrecu-za-spavanje-cekat-cu-ih-ukoliko-nisu-odmah-za-razgovor\\\/\"},\"author\":{\"name\":\"Radio Ljubu\u0161ki\",\"@id\":\"https:\\\/\\\/radioljubuski.ba\\\/#\\\/schema\\\/person\\\/19fc700381a780f69665d7956c469e3b\"},\"headline\":\"Vu\u010di\u0107: Ponio sam i vre\u0107u za spavanje, \u010dekat \u0107u ih ukoliko nisu odmah za razgovor\",\"datePublished\":\"2021-12-04T16:04:54+00:00\",\"dateModified\":\"2021-12-04T16:04:55+00:00\",\"mainEntityOfPage\":{\"@id\":\"https:\\\/\\\/radioljubuski.ba\\\/index.php\\\/2021\\\/12\\\/04\\\/vucic-ponio-sam-i-vrecu-za-spavanje-cekat-cu-ih-ukoliko-nisu-odmah-za-razgovor\\\/\"},\"wordCount\":425,\"publisher\":{\"@id\":\"https:\\\/\\\/radioljubuski.ba\\\/#organization\"},\"image\":{\"@id\":\"https:\\\/\\\/radioljubuski.ba\\\/index.php\\\/2021\\\/12\\\/04\\\/vucic-ponio-sam-i-vrecu-za-spavanje-cekat-cu-ih-ukoliko-nisu-odmah-za-razgovor\\\/#primaryimage\"},\"thumbnailUrl\":\"https:\\\/\\\/radioljubuski.ba\\\/wp-content\\\/uploads\\\/2021\\\/05\\\/M9VjHUfZ_vucic.jpg\",\"articleSection\":[\"BIH i regija\"],\"inLanguage\":\"hr\"},{\"@type\":\"WebPage\",\"@id\":\"https:\\\/\\\/radioljubuski.ba\\\/index.php\\\/2021\\\/12\\\/04\\\/vucic-ponio-sam-i-vrecu-za-spavanje-cekat-cu-ih-ukoliko-nisu-odmah-za-razgovor\\\/\",\"url\":\"https:\\\/\\\/radioljubuski.ba\\\/index.php\\\/2021\\\/12\\\/04\\\/vucic-ponio-sam-i-vrecu-za-spavanje-cekat-cu-ih-ukoliko-nisu-odmah-za-razgovor\\\/\",\"name\":\"Vu\u010di\u0107: Ponio sam i vre\u0107u za spavanje, \u010dekat \u0107u ih ukoliko nisu odmah za razgovor - RADIO LJUBU\u0160KI\",\"isPartOf\":{\"@id\":\"https:\\\/\\\/radioljubuski.ba\\\/#website\"},\"primaryImageOfPage\":{\"@id\":\"https:\\\/\\\/radioljubuski.ba\\\/index.php\\\/2021\\\/12\\\/04\\\/vucic-ponio-sam-i-vrecu-za-spavanje-cekat-cu-ih-ukoliko-nisu-odmah-za-razgovor\\\/#primaryimage\"},\"image\":{\"@id\":\"https:\\\/\\\/radioljubuski.ba\\\/index.php\\\/2021\\\/12\\\/04\\\/vucic-ponio-sam-i-vrecu-za-spavanje-cekat-cu-ih-ukoliko-nisu-odmah-za-razgovor\\\/#primaryimage\"},\"thumbnailUrl\":\"https:\\\/\\\/radioljubuski.ba\\\/wp-content\\\/uploads\\\/2021\\\/05\\\/M9VjHUfZ_vucic.jpg\",\"datePublished\":\"2021-12-04T16:04:54+00:00\",\"dateModified\":\"2021-12-04T16:04:55+00:00\",\"breadcrumb\":{\"@id\":\"https:\\\/\\\/radioljubuski.ba\\\/index.php\\\/2021\\\/12\\\/04\\\/vucic-ponio-sam-i-vrecu-za-spavanje-cekat-cu-ih-ukoliko-nisu-odmah-za-razgovor\\\/#breadcrumb\"},\"inLanguage\":\"hr\",\"potentialAction\":[{\"@type\":\"ReadAction\",\"target\":[\"https:\\\/\\\/radioljubuski.ba\\\/index.php\\\/2021\\\/12\\\/04\\\/vucic-ponio-sam-i-vrecu-za-spavanje-cekat-cu-ih-ukoliko-nisu-odmah-za-razgovor\\\/\"]}]},{\"@type\":\"ImageObject\",\"inLanguage\":\"hr\",\"@id\":\"https:\\\/\\\/radioljubuski.ba\\\/index.php\\\/2021\\\/12\\\/04\\\/vucic-ponio-sam-i-vrecu-za-spavanje-cekat-cu-ih-ukoliko-nisu-odmah-za-razgovor\\\/#primaryimage\",\"url\":\"https:\\\/\\\/radioljubuski.ba\\\/wp-content\\\/uploads\\\/2021\\\/05\\\/M9VjHUfZ_vucic.jpg\",\"contentUrl\":\"https:\\\/\\\/radioljubuski.ba\\\/wp-content\\\/uploads\\\/2021\\\/05\\\/M9VjHUfZ_vucic.jpg\",\"width\":1000,\"height\":625},{\"@type\":\"BreadcrumbList\",\"@id\":\"https:\\\/\\\/radioljubuski.ba\\\/index.php\\\/2021\\\/12\\\/04\\\/vucic-ponio-sam-i-vrecu-za-spavanje-cekat-cu-ih-ukoliko-nisu-odmah-za-razgovor\\\/#breadcrumb\",\"itemListElement\":[{\"@type\":\"ListItem\",\"position\":1,\"name\":\"Po\u010detna stranica\",\"item\":\"https:\\\/\\\/radioljubuski.ba\\\/\"},{\"@type\":\"ListItem\",\"position\":2,\"name\":\"Vu\u010di\u0107: Ponio sam i vre\u0107u za spavanje, \u010dekat \u0107u ih ukoliko nisu odmah za razgovor\"}]},{\"@type\":\"WebSite\",\"@id\":\"https:\\\/\\\/radioljubuski.ba\\\/#website\",\"url\":\"https:\\\/\\\/radioljubuski.ba\\\/\",\"name\":\"Radio Ljubu\u0161ki\",\"description\":\"Sun\u010dana frekvencija Hercegovine\",\"publisher\":{\"@id\":\"https:\\\/\\\/radioljubuski.ba\\\/#organization\"},\"potentialAction\":[{\"@type\":\"SearchAction\",\"target\":{\"@type\":\"EntryPoint\",\"urlTemplate\":\"https:\\\/\\\/radioljubuski.ba\\\/?s={search_term_string}\"},\"query-input\":{\"@type\":\"PropertyValueSpecification\",\"valueRequired\":true,\"valueName\":\"search_term_string\"}}],\"inLanguage\":\"hr\"},{\"@type\":\"Organization\",\"@id\":\"https:\\\/\\\/radioljubuski.ba\\\/#organization\",\"name\":\"Radio Ljubu\u0161ki\",\"url\":\"https:\\\/\\\/radioljubuski.ba\\\/\",\"logo\":{\"@type\":\"ImageObject\",\"inLanguage\":\"hr\",\"@id\":\"https:\\\/\\\/radioljubuski.ba\\\/#\\\/schema\\\/logo\\\/image\\\/\",\"url\":\"https:\\\/\\\/radioljubuski.ba\\\/wp-content\\\/uploads\\\/2021\\\/02\\\/cropped-Radio_Ljubuski_logo1.jpg\",\"contentUrl\":\"https:\\\/\\\/radioljubuski.ba\\\/wp-content\\\/uploads\\\/2021\\\/02\\\/cropped-Radio_Ljubuski_logo1.jpg\",\"width\":512,\"height\":512,\"caption\":\"Radio Ljubu\u0161ki\"},\"image\":{\"@id\":\"https:\\\/\\\/radioljubuski.ba\\\/#\\\/schema\\\/logo\\\/image\\\/\"},\"sameAs\":[\"https:\\\/\\\/www.facebook.com\\\/Radiio-Ljubuski-1490835324566332\",\"https:\\\/\\\/x.com\\\/radioljubuski\",\"https:\\\/\\\/hr.linkedin.com\\\/company\\\/radio-ljubuski\",\"https:\\\/\\\/www.youtube.com\\\/channel\\\/UCHYaeO_n0Db3tjNGudGpXyw\"]},{\"@type\":\"Person\",\"@id\":\"https:\\\/\\\/radioljubuski.ba\\\/#\\\/schema\\\/person\\\/19fc700381a780f69665d7956c469e3b\",\"name\":\"Radio Ljubu\u0161ki\"}]}<\/script>\n<!-- \/ Yoast SEO plugin. -->","yoast_head_json":{"title":"Vu\u010di\u0107: Ponio sam i vre\u0107u za spavanje, \u010dekat \u0107u ih ukoliko nisu odmah za razgovor - RADIO LJUBU\u0160KI","robots":{"index":"index","follow":"follow","max-snippet":"max-snippet:-1","max-image-preview":"max-image-preview:large","max-video-preview":"max-video-preview:-1"},"canonical":"https:\/\/radioljubuski.ba\/index.php\/2021\/12\/04\/vucic-ponio-sam-i-vrecu-za-spavanje-cekat-cu-ih-ukoliko-nisu-odmah-za-razgovor\/","og_locale":"hr_HR","og_type":"article","og_title":"Vu\u010di\u0107: Ponio sam i vre\u0107u za spavanje, \u010dekat \u0107u ih ukoliko nisu odmah za razgovor - RADIO LJUBU\u0160KI","og_description":"Predsjednik Srbije Aleksandar Vu\u010di\u0107 posjetio je nenajavljeno danas gradili\u0161te mosta na Savi kod \u0160apca, za koji je rekao da su, na njegovom drugom kraju, \u201cbatina\u0161i tukli ljude prije sedam dana\u201d. Vu\u010di\u0107 je u prijenosu u\u017eivo na televiziji Pink rekao da se \u201enikome nisu najavili\u201c, ve\u0107 da je do obilaska gradili\u0161ta do\u0161lo jer se jutros sjetio [&hellip;]","og_url":"https:\/\/radioljubuski.ba\/index.php\/2021\/12\/04\/vucic-ponio-sam-i-vrecu-za-spavanje-cekat-cu-ih-ukoliko-nisu-odmah-za-razgovor\/","og_site_name":"RADIO LJUBU\u0160KI","article_publisher":"https:\/\/www.facebook.com\/Radiio-Ljubuski-1490835324566332","article_published_time":"2021-12-04T16:04:54+00:00","article_modified_time":"2021-12-04T16:04:55+00:00","og_image":[{"width":1000,"height":625,"url":"https:\/\/radioljubuski.ba\/wp-content\/uploads\/2021\/05\/M9VjHUfZ_vucic.jpg","type":"image\/jpeg"}],"author":"Radio Ljubu\u0161ki","twitter_card":"summary_large_image","twitter_creator":"@radioljubuski","twitter_site":"@radioljubuski","twitter_misc":{"Napisao\/la":"Radio Ljubu\u0161ki","Procijenjeno vrijeme \u010ditanja":"2 minute"},"schema":{"@context":"https:\/\/schema.org","@graph":[{"@type":"Article","@id":"https:\/\/radioljubuski.ba\/index.php\/2021\/12\/04\/vucic-ponio-sam-i-vrecu-za-spavanje-cekat-cu-ih-ukoliko-nisu-odmah-za-razgovor\/#article","isPartOf":{"@id":"https:\/\/radioljubuski.ba\/index.php\/2021\/12\/04\/vucic-ponio-sam-i-vrecu-za-spavanje-cekat-cu-ih-ukoliko-nisu-odmah-za-razgovor\/"},"author":{"name":"Radio Ljubu\u0161ki","@id":"https:\/\/radioljubuski.ba\/#\/schema\/person\/19fc700381a780f69665d7956c469e3b"},"headline":"Vu\u010di\u0107: Ponio sam i vre\u0107u za spavanje, \u010dekat \u0107u ih ukoliko nisu odmah za razgovor","datePublished":"2021-12-04T16:04:54+00:00","dateModified":"2021-12-04T16:04:55+00:00","mainEntityOfPage":{"@id":"https:\/\/radioljubuski.ba\/index.php\/2021\/12\/04\/vucic-ponio-sam-i-vrecu-za-spavanje-cekat-cu-ih-ukoliko-nisu-odmah-za-razgovor\/"},"wordCount":425,"publisher":{"@id":"https:\/\/radioljubuski.ba\/#organization"},"image":{"@id":"https:\/\/radioljubuski.ba\/index.php\/2021\/12\/04\/vucic-ponio-sam-i-vrecu-za-spavanje-cekat-cu-ih-ukoliko-nisu-odmah-za-razgovor\/#primaryimage"},"thumbnailUrl":"https:\/\/radioljubuski.ba\/wp-content\/uploads\/2021\/05\/M9VjHUfZ_vucic.jpg","articleSection":["BIH i regija"],"inLanguage":"hr"},{"@type":"WebPage","@id":"https:\/\/radioljubuski.ba\/index.php\/2021\/12\/04\/vucic-ponio-sam-i-vrecu-za-spavanje-cekat-cu-ih-ukoliko-nisu-odmah-za-razgovor\/","url":"https:\/\/radioljubuski.ba\/index.php\/2021\/12\/04\/vucic-ponio-sam-i-vrecu-za-spavanje-cekat-cu-ih-ukoliko-nisu-odmah-za-razgovor\/","name":"Vu\u010di\u0107: Ponio sam i vre\u0107u za spavanje, \u010dekat \u0107u ih ukoliko nisu odmah za razgovor - RADIO LJUBU\u0160KI","isPartOf":{"@id":"https:\/\/radioljubuski.ba\/#website"},"primaryImageOfPage":{"@id":"https:\/\/radioljubuski.ba\/index.php\/2021\/12\/04\/vucic-ponio-sam-i-vrecu-za-spavanje-cekat-cu-ih-ukoliko-nisu-odmah-za-razgovor\/#primaryimage"},"image":{"@id":"https:\/\/radioljubuski.ba\/index.php\/2021\/12\/04\/vucic-ponio-sam-i-vrecu-za-spavanje-cekat-cu-ih-ukoliko-nisu-odmah-za-razgovor\/#primaryimage"},"thumbnailUrl":"https:\/\/radioljubuski.ba\/wp-content\/uploads\/2021\/05\/M9VjHUfZ_vucic.jpg","datePublished":"2021-12-04T16:04:54+00:00","dateModified":"2021-12-04T16:04:55+00:00","breadcrumb":{"@id":"https:\/\/radioljubuski.ba\/index.php\/2021\/12\/04\/vucic-ponio-sam-i-vrecu-za-spavanje-cekat-cu-ih-ukoliko-nisu-odmah-za-razgovor\/#breadcrumb"},"inLanguage":"hr","potentialAction":[{"@type":"ReadAction","target":["https:\/\/radioljubuski.ba\/index.php\/2021\/12\/04\/vucic-ponio-sam-i-vrecu-za-spavanje-cekat-cu-ih-ukoliko-nisu-odmah-za-razgovor\/"]}]},{"@type":"ImageObject","inLanguage":"hr","@id":"https:\/\/radioljubuski.ba\/index.php\/2021\/12\/04\/vucic-ponio-sam-i-vrecu-za-spavanje-cekat-cu-ih-ukoliko-nisu-odmah-za-razgovor\/#primaryimage","url":"https:\/\/radioljubuski.ba\/wp-content\/uploads\/2021\/05\/M9VjHUfZ_vucic.jpg","contentUrl":"https:\/\/radioljubuski.ba\/wp-content\/uploads\/2021\/05\/M9VjHUfZ_vucic.jpg","width":1000,"height":625},{"@type":"BreadcrumbList","@id":"https:\/\/radioljubuski.ba\/index.php\/2021\/12\/04\/vucic-ponio-sam-i-vrecu-za-spavanje-cekat-cu-ih-ukoliko-nisu-odmah-za-razgovor\/#breadcrumb","itemListElement":[{"@type":"ListItem","position":1,"name":"Po\u010detna stranica","item":"https:\/\/radioljubuski.ba\/"},{"@type":"ListItem","position":2,"name":"Vu\u010di\u0107: Ponio sam i vre\u0107u za spavanje, \u010dekat \u0107u ih ukoliko nisu odmah za razgovor"}]},{"@type":"WebSite","@id":"https:\/\/radioljubuski.ba\/#website","url":"https:\/\/radioljubuski.ba\/","name":"Radio Ljubu\u0161ki","description":"Sun\u010dana frekvencija Hercegovine","publisher":{"@id":"https:\/\/radioljubuski.ba\/#organization"},"potentialAction":[{"@type":"SearchAction","target":{"@type":"EntryPoint","urlTemplate":"https:\/\/radioljubuski.ba\/?s={search_term_string}"},"query-input":{"@type":"PropertyValueSpecification","valueRequired":true,"valueName":"search_term_string"}}],"inLanguage":"hr"},{"@type":"Organization","@id":"https:\/\/radioljubuski.ba\/#organization","name":"Radio Ljubu\u0161ki","url":"https:\/\/radioljubuski.ba\/","logo":{"@type":"ImageObject","inLanguage":"hr","@id":"https:\/\/radioljubuski.ba\/#\/schema\/logo\/image\/","url":"https:\/\/radioljubuski.ba\/wp-content\/uploads\/2021\/02\/cropped-Radio_Ljubuski_logo1.jpg","contentUrl":"https:\/\/radioljubuski.ba\/wp-content\/uploads\/2021\/02\/cropped-Radio_Ljubuski_logo1.jpg","width":512,"height":512,"caption":"Radio Ljubu\u0161ki"},"image":{"@id":"https:\/\/radioljubuski.ba\/#\/schema\/logo\/image\/"},"sameAs":["https:\/\/www.facebook.com\/Radiio-Ljubuski-1490835324566332","https:\/\/x.com\/radioljubuski","https:\/\/hr.linkedin.com\/company\/radio-ljubuski","https:\/\/www.youtube.com\/channel\/UCHYaeO_n0Db3tjNGudGpXyw"]},{"@type":"Person","@id":"https:\/\/radioljubuski.ba\/#\/schema\/person\/19fc700381a780f69665d7956c469e3b","name":"Radio Ljubu\u0161ki"}]}},"_links":{"self":[{"href":"https:\/\/radioljubuski.ba\/index.php\/wp-json\/wp\/v2\/posts\/95897","targetHints":{"allow":["GET"]}}],"collection":[{"href":"https:\/\/radioljubuski.ba\/index.php\/wp-json\/wp\/v2\/posts"}],"about":[{"href":"https:\/\/radioljubuski.ba\/index.php\/wp-json\/wp\/v2\/types\/post"}],"author":[{"embeddable":true,"href":"https:\/\/radioljubuski.ba\/index.php\/wp-json\/wp\/v2\/users\/2"}],"replies":[{"embeddable":true,"href":"https:\/\/radioljubuski.ba\/index.php\/wp-json\/wp\/v2\/comments?post=95897"}],"version-history":[{"count":1,"href":"https:\/\/radioljubuski.ba\/index.php\/wp-json\/wp\/v2\/posts\/95897\/revisions"}],"predecessor-version":[{"id":95898,"href":"https:\/\/radioljubuski.ba\/index.php\/wp-json\/wp\/v2\/posts\/95897\/revisions\/95898"}],"wp:featuredmedia":[{"embeddable":true,"href":"https:\/\/radioljubuski.ba\/index.php\/wp-json\/wp\/v2\/media\/21323"}],"wp:attachment":[{"href":"https:\/\/radioljubuski.ba\/index.php\/wp-json\/wp\/v2\/media?parent=95897"}],"wp:term":[{"taxonomy":"category","embeddable":true,"href":"https:\/\/radioljubuski.ba\/index.php\/wp-json\/wp\/v2\/categories?post=95897"},{"taxonomy":"post_tag","embeddable":true,"href":"https:\/\/radioljubuski.ba\/index.php\/wp-json\/wp\/v2\/tags?post=95897"}],"curies":[{"name":"wp","href":"https:\/\/api.w.org\/{rel}","templated":true}]}}