{"id":95920,"date":"2021-12-04T17:17:49","date_gmt":"2021-12-04T16:17:49","guid":{"rendered":"https:\/\/radioljubuski.ba\/?p=95920"},"modified":"2021-12-04T17:17:50","modified_gmt":"2021-12-04T16:17:50","slug":"milan-preuzeo-vrh-ljestvice-serie-a","status":"publish","type":"post","link":"https:\/\/radioljubuski.ba\/index.php\/2021\/12\/04\/milan-preuzeo-vrh-ljestvice-serie-a\/","title":{"rendered":"Milan preuzeo vrh ljestvice Serie A"},"content":{"rendered":"\n<p><strong>Nogometa\u0161i Milana pred svojim su navija\u010dima svladali posljednjeplasiranu Salernitanu sa 2-0 (2-0) i privremeno zasjeli na vrh ljestvice talijanske Serie A.<\/strong><\/p>\n\n\n\n<p>Pitanje pobjednika odlu\u010deno je ve\u0107 nakon 18 minuta igre, u kojima je doma\u0107a mom\u010dad stvorila dva pogotka prednosti. Prvi je gol za Milan u 5. minuti postigao Bjeloko\u0161\u0107anin\u00a0<strong>Franck Kessie<\/strong>, a u 18. minuti strijelac za 2-0 bio je Belgijac\u00a0<strong>Alexis Saelemaekers<\/strong>.<br><br>Hrvatski brani\u010d\u00a0<strong>Luka Bogdan<\/strong>\u00a0odigrao je cijelu utakmicu za Salernitanu, a\u00a0<strong>Ante Rebi\u0107<\/strong>\u00a0zbog ozljede nije konkurirao za mom\u010dad Milana.<\/p>\n\n\n\n<blockquote class=\"twitter-tweet\"><p lang=\"it\" dir=\"ltr\">Fantastica vittoria per il <a href=\"https:\/\/twitter.com\/acmilan?ref_src=twsrc%5Etfw\">@acmilan<\/a> \ud83d\udd1a<br>I gol di <a href=\"https:\/\/twitter.com\/hashtag\/Kessie?src=hash&amp;ref_src=twsrc%5Etfw\">#Kessie<\/a> e <a href=\"https:\/\/twitter.com\/hashtag\/Saelemaekers?src=hash&amp;ref_src=twsrc%5Etfw\">#Saelemaekers<\/a> portano 3 punti per i \ud83d\udd34\u26ab<a href=\"https:\/\/twitter.com\/hashtag\/MilanSalernitana?src=hash&amp;ref_src=twsrc%5Etfw\">#MilanSalernitana<\/a> <a href=\"https:\/\/twitter.com\/hashtag\/SerieATIM?src=hash&amp;ref_src=twsrc%5Etfw\">#SerieATIM<\/a>\ud83d\udc8e <a href=\"https:\/\/twitter.com\/hashtag\/WeAreCalcio?src=hash&amp;ref_src=twsrc%5Etfw\">#WeAreCalcio<\/a> <a href=\"https:\/\/t.co\/9gm5Owc71i\">pic.twitter.com\/9gm5Owc71i<\/a><\/p>&mdash; Lega Serie A (@SerieA) <a href=\"https:\/\/twitter.com\/SerieA\/status\/1467160273324756998?ref_src=twsrc%5Etfw\">December 4, 2021<\/a><\/blockquote> <script async src=\"https:\/\/platform.twitter.com\/widgets.js\" charset=\"utf-8\"><\/script>\n\n\n\n<p>&#8220;Crveno-crni&#8221; su trenutno prvi sa 38 bodova, dva vi\u0161e, ali i s utakmicom vi\u0161e od Napolija koji \u0107e u subotu, od 20.45 sati, ugostiti Atalantu. Prije toga \u0107e od 18 sati na rimskom Olimpicu igrati Roma i Inter koji se nalazi na tre\u0107em mjestu sa 34 boda. Salernitana je na samom dnu sa osam bodova iz 16 nastupa.<\/p>\n\n\n\n<p><strong>Italija &#8211; 16. kolo:<\/strong><strong><br><\/strong><br>Milan &#8211; Salernitana 2-0 (Kessie 5, Saelemaekers 18)<br>Roma &#8211; Inter (18.00)<br>Napoli &#8211; Atalanta (20.45)<br>Nedjelja:<br>Bologna &#8211; Fiorentina (12.30)<br>Spezia &#8211; Sassuolo (ned, 15.00)<br>Venezia &#8211; Verona (ned, 15.00)<br>Sampdoria &#8211; Lazio (ned, 15.00)<br>Juventus &#8211; Genoa (ned, 20.45)<br>Empoli &#8211; Udinese (pon, 18.30)<br>Cagliari &#8211; Torino (pon, 20.45)<br><br>Ljestvica:<br><br>&nbsp;1. Milan 16 12 2 2 35-18 38<br>&nbsp;2. Napoli 15 11 3 1 32-9 36<br>&nbsp;3. Inter 15 10 4 1 36-15 34<br>&nbsp;4. Atalanta 15 9 4 2 32-17 31<br>&nbsp;5. Roma 15 8 1 6 24-16 25<br>&nbsp;6. Fiorentina 15 8 0 7 24-20 24<br>&nbsp;7. Juventus 15 7 3 5 20-16 24<br>&nbsp;8. Bologna 15 7 3 5 21-24 24<br>&nbsp;9. Lazio 15 6 4 5 29-29 22<br>10. Verona 15 5 5 5 28-25 20<br>11. Empoli 15 6 2 7 23-28 20<br>12. Sassuolo 15 5 4 6 24-23 19<br>13. Torino 15 5 3 7 19-16 18<br>14. Udinese 15 3 7 5 20-24 16<br>15. Sampdoria 15 4 3 8 21-29 15<br>16. Venezia 15 4 3 8 12-25 15<br>17. Spezia 15 3 2 10 15-34 11<br>18. Genoa 15 1 7 7 17-29 10<br>19. Cagliari 15 1 6 8 16-29 9<br>20. Salernitana 16 2 2 12 11-33 8<\/p>\n\n\n\n<p>Izvor:hrt.hr<\/p>\n","protected":false},"excerpt":{"rendered":"<p>Nogometa\u0161i Milana pred svojim su navija\u010dima svladali posljednjeplasiranu Salernitanu sa 2-0 (2-0) i privremeno zasjeli na vrh ljestvice talijanske Serie A. Pitanje pobjednika odlu\u010deno je ve\u0107 nakon 18 minuta igre, u kojima je doma\u0107a mom\u010dad stvorila dva pogotka prednosti. Prvi je gol za Milan u 5. minuti postigao Bjeloko\u0161\u0107anin\u00a0Franck Kessie, a u 18. minuti strijelac [&hellip;]<\/p>\n","protected":false},"author":2,"featured_media":95921,"comment_status":"closed","ping_status":"closed","sticky":false,"template":"","format":"standard","meta":{"h5ap_radio_sources":[],"footnotes":""},"categories":[7],"tags":[],"class_list":["post-95920","post","type-post","status-publish","format-standard","has-post-thumbnail","hentry","category-sport"],"yoast_head":"<!-- This site is optimized with the Yoast SEO plugin v27.5 - https:\/\/yoast.com\/product\/yoast-seo-wordpress\/ -->\n<title>Milan preuzeo vrh ljestvice Serie A - RADIO LJUBU\u0160KI<\/title>\n<meta name=\"robots\" content=\"index, follow, max-snippet:-1, max-image-preview:large, max-video-preview:-1\" \/>\n<link rel=\"canonical\" href=\"https:\/\/radioljubuski.ba\/index.php\/2021\/12\/04\/milan-preuzeo-vrh-ljestvice-serie-a\/\" \/>\n<meta property=\"og:locale\" content=\"hr_HR\" \/>\n<meta property=\"og:type\" content=\"article\" \/>\n<meta property=\"og:title\" content=\"Milan preuzeo vrh ljestvice Serie A - RADIO LJUBU\u0160KI\" \/>\n<meta property=\"og:description\" content=\"Nogometa\u0161i Milana pred svojim su navija\u010dima svladali posljednjeplasiranu Salernitanu sa 2-0 (2-0) i privremeno zasjeli na vrh ljestvice talijanske Serie A. Pitanje pobjednika odlu\u010deno je ve\u0107 nakon 18 minuta igre, u kojima je doma\u0107a mom\u010dad stvorila dva pogotka prednosti. Prvi je gol za Milan u 5. minuti postigao Bjeloko\u0161\u0107anin\u00a0Franck Kessie, a u 18. minuti strijelac [&hellip;]\" \/>\n<meta property=\"og:url\" content=\"https:\/\/radioljubuski.ba\/index.php\/2021\/12\/04\/milan-preuzeo-vrh-ljestvice-serie-a\/\" \/>\n<meta property=\"og:site_name\" content=\"RADIO LJUBU\u0160KI\" \/>\n<meta property=\"article:publisher\" content=\"https:\/\/www.facebook.com\/Radiio-Ljubuski-1490835324566332\" \/>\n<meta property=\"article:published_time\" content=\"2021-12-04T16:17:49+00:00\" \/>\n<meta property=\"article:modified_time\" content=\"2021-12-04T16:17:50+00:00\" \/>\n<meta property=\"og:image\" content=\"https:\/\/radioljubuski.ba\/wp-content\/uploads\/2021\/12\/preuzmi-9.jpg\" \/>\n\t<meta property=\"og:image:width\" content=\"292\" \/>\n\t<meta property=\"og:image:height\" content=\"173\" \/>\n\t<meta property=\"og:image:type\" content=\"image\/jpeg\" \/>\n<meta name=\"author\" content=\"Radio Ljubu\u0161ki\" \/>\n<meta name=\"twitter:card\" content=\"summary_large_image\" \/>\n<meta name=\"twitter:creator\" content=\"@radioljubuski\" \/>\n<meta name=\"twitter:site\" content=\"@radioljubuski\" \/>\n<meta name=\"twitter:label1\" content=\"Napisao\/la\" \/>\n\t<meta name=\"twitter:data1\" content=\"Radio Ljubu\u0161ki\" \/>\n\t<meta name=\"twitter:label2\" content=\"Procijenjeno vrijeme \u010ditanja\" \/>\n\t<meta name=\"twitter:data2\" content=\"2 minute\" \/>\n<script type=\"application\/ld+json\" class=\"yoast-schema-graph\">{\"@context\":\"https:\\\/\\\/schema.org\",\"@graph\":[{\"@type\":\"Article\",\"@id\":\"https:\\\/\\\/radioljubuski.ba\\\/index.php\\\/2021\\\/12\\\/04\\\/milan-preuzeo-vrh-ljestvice-serie-a\\\/#article\",\"isPartOf\":{\"@id\":\"https:\\\/\\\/radioljubuski.ba\\\/index.php\\\/2021\\\/12\\\/04\\\/milan-preuzeo-vrh-ljestvice-serie-a\\\/\"},\"author\":{\"name\":\"Radio Ljubu\u0161ki\",\"@id\":\"https:\\\/\\\/radioljubuski.ba\\\/#\\\/schema\\\/person\\\/19fc700381a780f69665d7956c469e3b\"},\"headline\":\"Milan preuzeo vrh ljestvice Serie A\",\"datePublished\":\"2021-12-04T16:17:49+00:00\",\"dateModified\":\"2021-12-04T16:17:50+00:00\",\"mainEntityOfPage\":{\"@id\":\"https:\\\/\\\/radioljubuski.ba\\\/index.php\\\/2021\\\/12\\\/04\\\/milan-preuzeo-vrh-ljestvice-serie-a\\\/\"},\"wordCount\":275,\"publisher\":{\"@id\":\"https:\\\/\\\/radioljubuski.ba\\\/#organization\"},\"image\":{\"@id\":\"https:\\\/\\\/radioljubuski.ba\\\/index.php\\\/2021\\\/12\\\/04\\\/milan-preuzeo-vrh-ljestvice-serie-a\\\/#primaryimage\"},\"thumbnailUrl\":\"https:\\\/\\\/radioljubuski.ba\\\/wp-content\\\/uploads\\\/2021\\\/12\\\/preuzmi-9.jpg\",\"articleSection\":[\"\u0160port\"],\"inLanguage\":\"hr\"},{\"@type\":\"WebPage\",\"@id\":\"https:\\\/\\\/radioljubuski.ba\\\/index.php\\\/2021\\\/12\\\/04\\\/milan-preuzeo-vrh-ljestvice-serie-a\\\/\",\"url\":\"https:\\\/\\\/radioljubuski.ba\\\/index.php\\\/2021\\\/12\\\/04\\\/milan-preuzeo-vrh-ljestvice-serie-a\\\/\",\"name\":\"Milan preuzeo vrh ljestvice Serie A - RADIO LJUBU\u0160KI\",\"isPartOf\":{\"@id\":\"https:\\\/\\\/radioljubuski.ba\\\/#website\"},\"primaryImageOfPage\":{\"@id\":\"https:\\\/\\\/radioljubuski.ba\\\/index.php\\\/2021\\\/12\\\/04\\\/milan-preuzeo-vrh-ljestvice-serie-a\\\/#primaryimage\"},\"image\":{\"@id\":\"https:\\\/\\\/radioljubuski.ba\\\/index.php\\\/2021\\\/12\\\/04\\\/milan-preuzeo-vrh-ljestvice-serie-a\\\/#primaryimage\"},\"thumbnailUrl\":\"https:\\\/\\\/radioljubuski.ba\\\/wp-content\\\/uploads\\\/2021\\\/12\\\/preuzmi-9.jpg\",\"datePublished\":\"2021-12-04T16:17:49+00:00\",\"dateModified\":\"2021-12-04T16:17:50+00:00\",\"breadcrumb\":{\"@id\":\"https:\\\/\\\/radioljubuski.ba\\\/index.php\\\/2021\\\/12\\\/04\\\/milan-preuzeo-vrh-ljestvice-serie-a\\\/#breadcrumb\"},\"inLanguage\":\"hr\",\"potentialAction\":[{\"@type\":\"ReadAction\",\"target\":[\"https:\\\/\\\/radioljubuski.ba\\\/index.php\\\/2021\\\/12\\\/04\\\/milan-preuzeo-vrh-ljestvice-serie-a\\\/\"]}]},{\"@type\":\"ImageObject\",\"inLanguage\":\"hr\",\"@id\":\"https:\\\/\\\/radioljubuski.ba\\\/index.php\\\/2021\\\/12\\\/04\\\/milan-preuzeo-vrh-ljestvice-serie-a\\\/#primaryimage\",\"url\":\"https:\\\/\\\/radioljubuski.ba\\\/wp-content\\\/uploads\\\/2021\\\/12\\\/preuzmi-9.jpg\",\"contentUrl\":\"https:\\\/\\\/radioljubuski.ba\\\/wp-content\\\/uploads\\\/2021\\\/12\\\/preuzmi-9.jpg\",\"width\":292,\"height\":173},{\"@type\":\"BreadcrumbList\",\"@id\":\"https:\\\/\\\/radioljubuski.ba\\\/index.php\\\/2021\\\/12\\\/04\\\/milan-preuzeo-vrh-ljestvice-serie-a\\\/#breadcrumb\",\"itemListElement\":[{\"@type\":\"ListItem\",\"position\":1,\"name\":\"Po\u010detna stranica\",\"item\":\"https:\\\/\\\/radioljubuski.ba\\\/\"},{\"@type\":\"ListItem\",\"position\":2,\"name\":\"Milan preuzeo vrh ljestvice Serie A\"}]},{\"@type\":\"WebSite\",\"@id\":\"https:\\\/\\\/radioljubuski.ba\\\/#website\",\"url\":\"https:\\\/\\\/radioljubuski.ba\\\/\",\"name\":\"Radio Ljubu\u0161ki\",\"description\":\"Sun\u010dana frekvencija Hercegovine\",\"publisher\":{\"@id\":\"https:\\\/\\\/radioljubuski.ba\\\/#organization\"},\"potentialAction\":[{\"@type\":\"SearchAction\",\"target\":{\"@type\":\"EntryPoint\",\"urlTemplate\":\"https:\\\/\\\/radioljubuski.ba\\\/?s={search_term_string}\"},\"query-input\":{\"@type\":\"PropertyValueSpecification\",\"valueRequired\":true,\"valueName\":\"search_term_string\"}}],\"inLanguage\":\"hr\"},{\"@type\":\"Organization\",\"@id\":\"https:\\\/\\\/radioljubuski.ba\\\/#organization\",\"name\":\"Radio Ljubu\u0161ki\",\"url\":\"https:\\\/\\\/radioljubuski.ba\\\/\",\"logo\":{\"@type\":\"ImageObject\",\"inLanguage\":\"hr\",\"@id\":\"https:\\\/\\\/radioljubuski.ba\\\/#\\\/schema\\\/logo\\\/image\\\/\",\"url\":\"https:\\\/\\\/radioljubuski.ba\\\/wp-content\\\/uploads\\\/2021\\\/02\\\/cropped-Radio_Ljubuski_logo1.jpg\",\"contentUrl\":\"https:\\\/\\\/radioljubuski.ba\\\/wp-content\\\/uploads\\\/2021\\\/02\\\/cropped-Radio_Ljubuski_logo1.jpg\",\"width\":512,\"height\":512,\"caption\":\"Radio Ljubu\u0161ki\"},\"image\":{\"@id\":\"https:\\\/\\\/radioljubuski.ba\\\/#\\\/schema\\\/logo\\\/image\\\/\"},\"sameAs\":[\"https:\\\/\\\/www.facebook.com\\\/Radiio-Ljubuski-1490835324566332\",\"https:\\\/\\\/x.com\\\/radioljubuski\",\"https:\\\/\\\/hr.linkedin.com\\\/company\\\/radio-ljubuski\",\"https:\\\/\\\/www.youtube.com\\\/channel\\\/UCHYaeO_n0Db3tjNGudGpXyw\"]},{\"@type\":\"Person\",\"@id\":\"https:\\\/\\\/radioljubuski.ba\\\/#\\\/schema\\\/person\\\/19fc700381a780f69665d7956c469e3b\",\"name\":\"Radio Ljubu\u0161ki\"}]}<\/script>\n<!-- \/ Yoast SEO plugin. -->","yoast_head_json":{"title":"Milan preuzeo vrh ljestvice Serie A - RADIO LJUBU\u0160KI","robots":{"index":"index","follow":"follow","max-snippet":"max-snippet:-1","max-image-preview":"max-image-preview:large","max-video-preview":"max-video-preview:-1"},"canonical":"https:\/\/radioljubuski.ba\/index.php\/2021\/12\/04\/milan-preuzeo-vrh-ljestvice-serie-a\/","og_locale":"hr_HR","og_type":"article","og_title":"Milan preuzeo vrh ljestvice Serie A - RADIO LJUBU\u0160KI","og_description":"Nogometa\u0161i Milana pred svojim su navija\u010dima svladali posljednjeplasiranu Salernitanu sa 2-0 (2-0) i privremeno zasjeli na vrh ljestvice talijanske Serie A. Pitanje pobjednika odlu\u010deno je ve\u0107 nakon 18 minuta igre, u kojima je doma\u0107a mom\u010dad stvorila dva pogotka prednosti. Prvi je gol za Milan u 5. minuti postigao Bjeloko\u0161\u0107anin\u00a0Franck Kessie, a u 18. minuti strijelac [&hellip;]","og_url":"https:\/\/radioljubuski.ba\/index.php\/2021\/12\/04\/milan-preuzeo-vrh-ljestvice-serie-a\/","og_site_name":"RADIO LJUBU\u0160KI","article_publisher":"https:\/\/www.facebook.com\/Radiio-Ljubuski-1490835324566332","article_published_time":"2021-12-04T16:17:49+00:00","article_modified_time":"2021-12-04T16:17:50+00:00","og_image":[{"width":292,"height":173,"url":"https:\/\/radioljubuski.ba\/wp-content\/uploads\/2021\/12\/preuzmi-9.jpg","type":"image\/jpeg"}],"author":"Radio Ljubu\u0161ki","twitter_card":"summary_large_image","twitter_creator":"@radioljubuski","twitter_site":"@radioljubuski","twitter_misc":{"Napisao\/la":"Radio Ljubu\u0161ki","Procijenjeno vrijeme \u010ditanja":"2 minute"},"schema":{"@context":"https:\/\/schema.org","@graph":[{"@type":"Article","@id":"https:\/\/radioljubuski.ba\/index.php\/2021\/12\/04\/milan-preuzeo-vrh-ljestvice-serie-a\/#article","isPartOf":{"@id":"https:\/\/radioljubuski.ba\/index.php\/2021\/12\/04\/milan-preuzeo-vrh-ljestvice-serie-a\/"},"author":{"name":"Radio Ljubu\u0161ki","@id":"https:\/\/radioljubuski.ba\/#\/schema\/person\/19fc700381a780f69665d7956c469e3b"},"headline":"Milan preuzeo vrh ljestvice Serie A","datePublished":"2021-12-04T16:17:49+00:00","dateModified":"2021-12-04T16:17:50+00:00","mainEntityOfPage":{"@id":"https:\/\/radioljubuski.ba\/index.php\/2021\/12\/04\/milan-preuzeo-vrh-ljestvice-serie-a\/"},"wordCount":275,"publisher":{"@id":"https:\/\/radioljubuski.ba\/#organization"},"image":{"@id":"https:\/\/radioljubuski.ba\/index.php\/2021\/12\/04\/milan-preuzeo-vrh-ljestvice-serie-a\/#primaryimage"},"thumbnailUrl":"https:\/\/radioljubuski.ba\/wp-content\/uploads\/2021\/12\/preuzmi-9.jpg","articleSection":["\u0160port"],"inLanguage":"hr"},{"@type":"WebPage","@id":"https:\/\/radioljubuski.ba\/index.php\/2021\/12\/04\/milan-preuzeo-vrh-ljestvice-serie-a\/","url":"https:\/\/radioljubuski.ba\/index.php\/2021\/12\/04\/milan-preuzeo-vrh-ljestvice-serie-a\/","name":"Milan preuzeo vrh ljestvice Serie A - RADIO LJUBU\u0160KI","isPartOf":{"@id":"https:\/\/radioljubuski.ba\/#website"},"primaryImageOfPage":{"@id":"https:\/\/radioljubuski.ba\/index.php\/2021\/12\/04\/milan-preuzeo-vrh-ljestvice-serie-a\/#primaryimage"},"image":{"@id":"https:\/\/radioljubuski.ba\/index.php\/2021\/12\/04\/milan-preuzeo-vrh-ljestvice-serie-a\/#primaryimage"},"thumbnailUrl":"https:\/\/radioljubuski.ba\/wp-content\/uploads\/2021\/12\/preuzmi-9.jpg","datePublished":"2021-12-04T16:17:49+00:00","dateModified":"2021-12-04T16:17:50+00:00","breadcrumb":{"@id":"https:\/\/radioljubuski.ba\/index.php\/2021\/12\/04\/milan-preuzeo-vrh-ljestvice-serie-a\/#breadcrumb"},"inLanguage":"hr","potentialAction":[{"@type":"ReadAction","target":["https:\/\/radioljubuski.ba\/index.php\/2021\/12\/04\/milan-preuzeo-vrh-ljestvice-serie-a\/"]}]},{"@type":"ImageObject","inLanguage":"hr","@id":"https:\/\/radioljubuski.ba\/index.php\/2021\/12\/04\/milan-preuzeo-vrh-ljestvice-serie-a\/#primaryimage","url":"https:\/\/radioljubuski.ba\/wp-content\/uploads\/2021\/12\/preuzmi-9.jpg","contentUrl":"https:\/\/radioljubuski.ba\/wp-content\/uploads\/2021\/12\/preuzmi-9.jpg","width":292,"height":173},{"@type":"BreadcrumbList","@id":"https:\/\/radioljubuski.ba\/index.php\/2021\/12\/04\/milan-preuzeo-vrh-ljestvice-serie-a\/#breadcrumb","itemListElement":[{"@type":"ListItem","position":1,"name":"Po\u010detna stranica","item":"https:\/\/radioljubuski.ba\/"},{"@type":"ListItem","position":2,"name":"Milan preuzeo vrh ljestvice Serie A"}]},{"@type":"WebSite","@id":"https:\/\/radioljubuski.ba\/#website","url":"https:\/\/radioljubuski.ba\/","name":"Radio Ljubu\u0161ki","description":"Sun\u010dana frekvencija Hercegovine","publisher":{"@id":"https:\/\/radioljubuski.ba\/#organization"},"potentialAction":[{"@type":"SearchAction","target":{"@type":"EntryPoint","urlTemplate":"https:\/\/radioljubuski.ba\/?s={search_term_string}"},"query-input":{"@type":"PropertyValueSpecification","valueRequired":true,"valueName":"search_term_string"}}],"inLanguage":"hr"},{"@type":"Organization","@id":"https:\/\/radioljubuski.ba\/#organization","name":"Radio Ljubu\u0161ki","url":"https:\/\/radioljubuski.ba\/","logo":{"@type":"ImageObject","inLanguage":"hr","@id":"https:\/\/radioljubuski.ba\/#\/schema\/logo\/image\/","url":"https:\/\/radioljubuski.ba\/wp-content\/uploads\/2021\/02\/cropped-Radio_Ljubuski_logo1.jpg","contentUrl":"https:\/\/radioljubuski.ba\/wp-content\/uploads\/2021\/02\/cropped-Radio_Ljubuski_logo1.jpg","width":512,"height":512,"caption":"Radio Ljubu\u0161ki"},"image":{"@id":"https:\/\/radioljubuski.ba\/#\/schema\/logo\/image\/"},"sameAs":["https:\/\/www.facebook.com\/Radiio-Ljubuski-1490835324566332","https:\/\/x.com\/radioljubuski","https:\/\/hr.linkedin.com\/company\/radio-ljubuski","https:\/\/www.youtube.com\/channel\/UCHYaeO_n0Db3tjNGudGpXyw"]},{"@type":"Person","@id":"https:\/\/radioljubuski.ba\/#\/schema\/person\/19fc700381a780f69665d7956c469e3b","name":"Radio Ljubu\u0161ki"}]}},"_links":{"self":[{"href":"https:\/\/radioljubuski.ba\/index.php\/wp-json\/wp\/v2\/posts\/95920","targetHints":{"allow":["GET"]}}],"collection":[{"href":"https:\/\/radioljubuski.ba\/index.php\/wp-json\/wp\/v2\/posts"}],"about":[{"href":"https:\/\/radioljubuski.ba\/index.php\/wp-json\/wp\/v2\/types\/post"}],"author":[{"embeddable":true,"href":"https:\/\/radioljubuski.ba\/index.php\/wp-json\/wp\/v2\/users\/2"}],"replies":[{"embeddable":true,"href":"https:\/\/radioljubuski.ba\/index.php\/wp-json\/wp\/v2\/comments?post=95920"}],"version-history":[{"count":1,"href":"https:\/\/radioljubuski.ba\/index.php\/wp-json\/wp\/v2\/posts\/95920\/revisions"}],"predecessor-version":[{"id":95922,"href":"https:\/\/radioljubuski.ba\/index.php\/wp-json\/wp\/v2\/posts\/95920\/revisions\/95922"}],"wp:featuredmedia":[{"embeddable":true,"href":"https:\/\/radioljubuski.ba\/index.php\/wp-json\/wp\/v2\/media\/95921"}],"wp:attachment":[{"href":"https:\/\/radioljubuski.ba\/index.php\/wp-json\/wp\/v2\/media?parent=95920"}],"wp:term":[{"taxonomy":"category","embeddable":true,"href":"https:\/\/radioljubuski.ba\/index.php\/wp-json\/wp\/v2\/categories?post=95920"},{"taxonomy":"post_tag","embeddable":true,"href":"https:\/\/radioljubuski.ba\/index.php\/wp-json\/wp\/v2\/tags?post=95920"}],"curies":[{"name":"wp","href":"https:\/\/api.w.org\/{rel}","templated":true}]}}