{"id":95929,"date":"2021-12-04T17:23:01","date_gmt":"2021-12-04T16:23:01","guid":{"rendered":"https:\/\/radioljubuski.ba\/?p=95929"},"modified":"2021-12-04T17:23:02","modified_gmt":"2021-12-04T16:23:02","slug":"osijek-remizirao-s-goricom-rijeci-sansa-za-prvo-mjesto","status":"publish","type":"post","link":"https:\/\/radioljubuski.ba\/index.php\/2021\/12\/04\/osijek-remizirao-s-goricom-rijeci-sansa-za-prvo-mjesto\/","title":{"rendered":"Osijek remizirao s Goricom, Rijeci \u0161ansa za prvo mjesto"},"content":{"rendered":"\n<p><strong>U prvoj utakmici 18. kola Prve HNL Gorica i Osijek su odigrali 1-1 (1-1). Poveli su doma\u0107ini golom Jurice Pr\u0161ira (6), a poravnao je Amer Hiro\u0161 (45+3).<\/strong><\/p>\n\n\n\n<p>Gorica je protiv lidera prvenstva do prednosti stigla u samom otvaranju utakmice,&nbsp;<strong>Steenvoorden<\/strong>&nbsp;je poslao dugu loptu u kazneni prostor Osijeka gdje ju je primirio Kalik i ostavio na udarac natr\u010dalom<strong>&nbsp;Pr\u0161iru<\/strong>, koji je s 15 metara bio precizan.<\/p>\n\n\n\n<p>Uslijedio je pritisak Osijeka koji je donio izjedna\u010denje u posljednjim trenucima prvog poluvremena.&nbsp;<strong>Milo\u0161<\/strong>&nbsp;je uputio centar\u0161ut s desne strane, a&nbsp;<strong>Hiro\u0161&nbsp;<\/strong>se odli\u010dno sna\u0161ao i petom s pet metara zatresao suparni\u010dku mre\u017eu.<\/p>\n\n\n\n<p>Osijek je od 61. minute ostao s 10-oricom igra\u010da jer je zbog dva \u017euta kartona isklju\u010den<strong>&nbsp;Kleinheisler,<\/strong>&nbsp;pa je Gorica u posljednjih pola sata bila dominantna i stvorila nekoliko izglednih prilika, \u010dak je dva puta poga\u0111ala i okvir gola, ali nije uspjela ostvariti veliku pobjedu.<\/p>\n\n\n\n<p>Vode\u0107i Osijek sada ima 35 bodova, dva vi\u0161e od druge Rijeke koja od 17 sati igra protiv Hrvatskog dragovoljca, dok je Gorica peta sa 26 bodova, \u010detiri manje od \u010detvrtog Hajduka, a \u010detiri vi\u0161e od \u0161este Lokomotive. Na dnu je Hrvatski dragovoljac sa sedam bodova.<\/p>\n\n\n\n<p>Izvor:hrt.hr<\/p>\n","protected":false},"excerpt":{"rendered":"<p>U prvoj utakmici 18. kola Prve HNL Gorica i Osijek su odigrali 1-1 (1-1). Poveli su doma\u0107ini golom Jurice Pr\u0161ira (6), a poravnao je Amer Hiro\u0161 (45+3). Gorica je protiv lidera prvenstva do prednosti stigla u samom otvaranju utakmice,&nbsp;Steenvoorden&nbsp;je poslao dugu loptu u kazneni prostor Osijeka gdje ju je primirio Kalik i ostavio na udarac [&hellip;]<\/p>\n","protected":false},"author":2,"featured_media":0,"comment_status":"closed","ping_status":"closed","sticky":false,"template":"","format":"standard","meta":{"h5ap_radio_sources":[],"footnotes":""},"categories":[7],"tags":[],"class_list":["post-95929","post","type-post","status-publish","format-standard","hentry","category-sport"],"yoast_head":"<!-- This site is optimized with the Yoast SEO plugin v27.5 - https:\/\/yoast.com\/product\/yoast-seo-wordpress\/ -->\n<title>Osijek remizirao s Goricom, Rijeci \u0161ansa za prvo mjesto - RADIO LJUBU\u0160KI<\/title>\n<meta name=\"robots\" content=\"index, follow, max-snippet:-1, max-image-preview:large, max-video-preview:-1\" \/>\n<link rel=\"canonical\" href=\"https:\/\/radioljubuski.ba\/index.php\/2021\/12\/04\/osijek-remizirao-s-goricom-rijeci-sansa-za-prvo-mjesto\/\" \/>\n<meta property=\"og:locale\" content=\"hr_HR\" \/>\n<meta property=\"og:type\" content=\"article\" \/>\n<meta property=\"og:title\" content=\"Osijek remizirao s Goricom, Rijeci \u0161ansa za prvo mjesto - RADIO LJUBU\u0160KI\" \/>\n<meta property=\"og:description\" content=\"U prvoj utakmici 18. kola Prve HNL Gorica i Osijek su odigrali 1-1 (1-1). Poveli su doma\u0107ini golom Jurice Pr\u0161ira (6), a poravnao je Amer Hiro\u0161 (45+3). Gorica je protiv lidera prvenstva do prednosti stigla u samom otvaranju utakmice,&nbsp;Steenvoorden&nbsp;je poslao dugu loptu u kazneni prostor Osijeka gdje ju je primirio Kalik i ostavio na udarac [&hellip;]\" \/>\n<meta property=\"og:url\" content=\"https:\/\/radioljubuski.ba\/index.php\/2021\/12\/04\/osijek-remizirao-s-goricom-rijeci-sansa-za-prvo-mjesto\/\" \/>\n<meta property=\"og:site_name\" content=\"RADIO LJUBU\u0160KI\" \/>\n<meta property=\"article:publisher\" content=\"https:\/\/www.facebook.com\/Radiio-Ljubuski-1490835324566332\" \/>\n<meta property=\"article:published_time\" content=\"2021-12-04T16:23:01+00:00\" \/>\n<meta property=\"article:modified_time\" content=\"2021-12-04T16:23:02+00:00\" \/>\n<meta property=\"og:image\" content=\"https:\/\/radioljubuski.ba\/wp-content\/uploads\/2021\/12\/lovric-vs-osijek-pxl-041221-90963689-20211204134758.jpg\" \/>\n\t<meta property=\"og:image:width\" content=\"1600\" \/>\n\t<meta property=\"og:image:height\" content=\"956\" \/>\n\t<meta property=\"og:image:type\" content=\"image\/jpeg\" \/>\n<meta name=\"author\" content=\"Radio Ljubu\u0161ki\" \/>\n<meta name=\"twitter:card\" content=\"summary_large_image\" \/>\n<meta name=\"twitter:creator\" content=\"@radioljubuski\" \/>\n<meta name=\"twitter:site\" content=\"@radioljubuski\" \/>\n<meta name=\"twitter:label1\" content=\"Napisao\/la\" \/>\n\t<meta name=\"twitter:data1\" content=\"Radio Ljubu\u0161ki\" \/>\n\t<meta name=\"twitter:label2\" content=\"Procijenjeno vrijeme \u010ditanja\" \/>\n\t<meta name=\"twitter:data2\" content=\"1 minuta\" \/>\n<script type=\"application\/ld+json\" class=\"yoast-schema-graph\">{\"@context\":\"https:\\\/\\\/schema.org\",\"@graph\":[{\"@type\":\"Article\",\"@id\":\"https:\\\/\\\/radioljubuski.ba\\\/index.php\\\/2021\\\/12\\\/04\\\/osijek-remizirao-s-goricom-rijeci-sansa-za-prvo-mjesto\\\/#article\",\"isPartOf\":{\"@id\":\"https:\\\/\\\/radioljubuski.ba\\\/index.php\\\/2021\\\/12\\\/04\\\/osijek-remizirao-s-goricom-rijeci-sansa-za-prvo-mjesto\\\/\"},\"author\":{\"name\":\"Radio Ljubu\u0161ki\",\"@id\":\"https:\\\/\\\/radioljubuski.ba\\\/#\\\/schema\\\/person\\\/19fc700381a780f69665d7956c469e3b\"},\"headline\":\"Osijek remizirao s Goricom, Rijeci \u0161ansa za prvo mjesto\",\"datePublished\":\"2021-12-04T16:23:01+00:00\",\"dateModified\":\"2021-12-04T16:23:02+00:00\",\"mainEntityOfPage\":{\"@id\":\"https:\\\/\\\/radioljubuski.ba\\\/index.php\\\/2021\\\/12\\\/04\\\/osijek-remizirao-s-goricom-rijeci-sansa-za-prvo-mjesto\\\/\"},\"wordCount\":218,\"publisher\":{\"@id\":\"https:\\\/\\\/radioljubuski.ba\\\/#organization\"},\"articleSection\":[\"\u0160port\"],\"inLanguage\":\"hr\"},{\"@type\":\"WebPage\",\"@id\":\"https:\\\/\\\/radioljubuski.ba\\\/index.php\\\/2021\\\/12\\\/04\\\/osijek-remizirao-s-goricom-rijeci-sansa-za-prvo-mjesto\\\/\",\"url\":\"https:\\\/\\\/radioljubuski.ba\\\/index.php\\\/2021\\\/12\\\/04\\\/osijek-remizirao-s-goricom-rijeci-sansa-za-prvo-mjesto\\\/\",\"name\":\"Osijek remizirao s Goricom, Rijeci \u0161ansa za prvo mjesto - RADIO LJUBU\u0160KI\",\"isPartOf\":{\"@id\":\"https:\\\/\\\/radioljubuski.ba\\\/#website\"},\"datePublished\":\"2021-12-04T16:23:01+00:00\",\"dateModified\":\"2021-12-04T16:23:02+00:00\",\"breadcrumb\":{\"@id\":\"https:\\\/\\\/radioljubuski.ba\\\/index.php\\\/2021\\\/12\\\/04\\\/osijek-remizirao-s-goricom-rijeci-sansa-za-prvo-mjesto\\\/#breadcrumb\"},\"inLanguage\":\"hr\",\"potentialAction\":[{\"@type\":\"ReadAction\",\"target\":[\"https:\\\/\\\/radioljubuski.ba\\\/index.php\\\/2021\\\/12\\\/04\\\/osijek-remizirao-s-goricom-rijeci-sansa-za-prvo-mjesto\\\/\"]}]},{\"@type\":\"BreadcrumbList\",\"@id\":\"https:\\\/\\\/radioljubuski.ba\\\/index.php\\\/2021\\\/12\\\/04\\\/osijek-remizirao-s-goricom-rijeci-sansa-za-prvo-mjesto\\\/#breadcrumb\",\"itemListElement\":[{\"@type\":\"ListItem\",\"position\":1,\"name\":\"Po\u010detna stranica\",\"item\":\"https:\\\/\\\/radioljubuski.ba\\\/\"},{\"@type\":\"ListItem\",\"position\":2,\"name\":\"Osijek remizirao s Goricom, Rijeci \u0161ansa za prvo mjesto\"}]},{\"@type\":\"WebSite\",\"@id\":\"https:\\\/\\\/radioljubuski.ba\\\/#website\",\"url\":\"https:\\\/\\\/radioljubuski.ba\\\/\",\"name\":\"Radio Ljubu\u0161ki\",\"description\":\"Sun\u010dana frekvencija Hercegovine\",\"publisher\":{\"@id\":\"https:\\\/\\\/radioljubuski.ba\\\/#organization\"},\"potentialAction\":[{\"@type\":\"SearchAction\",\"target\":{\"@type\":\"EntryPoint\",\"urlTemplate\":\"https:\\\/\\\/radioljubuski.ba\\\/?s={search_term_string}\"},\"query-input\":{\"@type\":\"PropertyValueSpecification\",\"valueRequired\":true,\"valueName\":\"search_term_string\"}}],\"inLanguage\":\"hr\"},{\"@type\":\"Organization\",\"@id\":\"https:\\\/\\\/radioljubuski.ba\\\/#organization\",\"name\":\"Radio Ljubu\u0161ki\",\"url\":\"https:\\\/\\\/radioljubuski.ba\\\/\",\"logo\":{\"@type\":\"ImageObject\",\"inLanguage\":\"hr\",\"@id\":\"https:\\\/\\\/radioljubuski.ba\\\/#\\\/schema\\\/logo\\\/image\\\/\",\"url\":\"https:\\\/\\\/radioljubuski.ba\\\/wp-content\\\/uploads\\\/2021\\\/02\\\/cropped-Radio_Ljubuski_logo1.jpg\",\"contentUrl\":\"https:\\\/\\\/radioljubuski.ba\\\/wp-content\\\/uploads\\\/2021\\\/02\\\/cropped-Radio_Ljubuski_logo1.jpg\",\"width\":512,\"height\":512,\"caption\":\"Radio Ljubu\u0161ki\"},\"image\":{\"@id\":\"https:\\\/\\\/radioljubuski.ba\\\/#\\\/schema\\\/logo\\\/image\\\/\"},\"sameAs\":[\"https:\\\/\\\/www.facebook.com\\\/Radiio-Ljubuski-1490835324566332\",\"https:\\\/\\\/x.com\\\/radioljubuski\",\"https:\\\/\\\/hr.linkedin.com\\\/company\\\/radio-ljubuski\",\"https:\\\/\\\/www.youtube.com\\\/channel\\\/UCHYaeO_n0Db3tjNGudGpXyw\"]},{\"@type\":\"Person\",\"@id\":\"https:\\\/\\\/radioljubuski.ba\\\/#\\\/schema\\\/person\\\/19fc700381a780f69665d7956c469e3b\",\"name\":\"Radio Ljubu\u0161ki\"}]}<\/script>\n<!-- \/ Yoast SEO plugin. -->","yoast_head_json":{"title":"Osijek remizirao s Goricom, Rijeci \u0161ansa za prvo mjesto - RADIO LJUBU\u0160KI","robots":{"index":"index","follow":"follow","max-snippet":"max-snippet:-1","max-image-preview":"max-image-preview:large","max-video-preview":"max-video-preview:-1"},"canonical":"https:\/\/radioljubuski.ba\/index.php\/2021\/12\/04\/osijek-remizirao-s-goricom-rijeci-sansa-za-prvo-mjesto\/","og_locale":"hr_HR","og_type":"article","og_title":"Osijek remizirao s Goricom, Rijeci \u0161ansa za prvo mjesto - RADIO LJUBU\u0160KI","og_description":"U prvoj utakmici 18. kola Prve HNL Gorica i Osijek su odigrali 1-1 (1-1). Poveli su doma\u0107ini golom Jurice Pr\u0161ira (6), a poravnao je Amer Hiro\u0161 (45+3). Gorica je protiv lidera prvenstva do prednosti stigla u samom otvaranju utakmice,&nbsp;Steenvoorden&nbsp;je poslao dugu loptu u kazneni prostor Osijeka gdje ju je primirio Kalik i ostavio na udarac [&hellip;]","og_url":"https:\/\/radioljubuski.ba\/index.php\/2021\/12\/04\/osijek-remizirao-s-goricom-rijeci-sansa-za-prvo-mjesto\/","og_site_name":"RADIO LJUBU\u0160KI","article_publisher":"https:\/\/www.facebook.com\/Radiio-Ljubuski-1490835324566332","article_published_time":"2021-12-04T16:23:01+00:00","article_modified_time":"2021-12-04T16:23:02+00:00","og_image":[{"width":1600,"height":956,"url":"https:\/\/radioljubuski.ba\/wp-content\/uploads\/2021\/12\/lovric-vs-osijek-pxl-041221-90963689-20211204134758.jpg","type":"image\/jpeg"}],"author":"Radio Ljubu\u0161ki","twitter_card":"summary_large_image","twitter_creator":"@radioljubuski","twitter_site":"@radioljubuski","twitter_misc":{"Napisao\/la":"Radio Ljubu\u0161ki","Procijenjeno vrijeme \u010ditanja":"1 minuta"},"schema":{"@context":"https:\/\/schema.org","@graph":[{"@type":"Article","@id":"https:\/\/radioljubuski.ba\/index.php\/2021\/12\/04\/osijek-remizirao-s-goricom-rijeci-sansa-za-prvo-mjesto\/#article","isPartOf":{"@id":"https:\/\/radioljubuski.ba\/index.php\/2021\/12\/04\/osijek-remizirao-s-goricom-rijeci-sansa-za-prvo-mjesto\/"},"author":{"name":"Radio Ljubu\u0161ki","@id":"https:\/\/radioljubuski.ba\/#\/schema\/person\/19fc700381a780f69665d7956c469e3b"},"headline":"Osijek remizirao s Goricom, Rijeci \u0161ansa za prvo mjesto","datePublished":"2021-12-04T16:23:01+00:00","dateModified":"2021-12-04T16:23:02+00:00","mainEntityOfPage":{"@id":"https:\/\/radioljubuski.ba\/index.php\/2021\/12\/04\/osijek-remizirao-s-goricom-rijeci-sansa-za-prvo-mjesto\/"},"wordCount":218,"publisher":{"@id":"https:\/\/radioljubuski.ba\/#organization"},"articleSection":["\u0160port"],"inLanguage":"hr"},{"@type":"WebPage","@id":"https:\/\/radioljubuski.ba\/index.php\/2021\/12\/04\/osijek-remizirao-s-goricom-rijeci-sansa-za-prvo-mjesto\/","url":"https:\/\/radioljubuski.ba\/index.php\/2021\/12\/04\/osijek-remizirao-s-goricom-rijeci-sansa-za-prvo-mjesto\/","name":"Osijek remizirao s Goricom, Rijeci \u0161ansa za prvo mjesto - RADIO LJUBU\u0160KI","isPartOf":{"@id":"https:\/\/radioljubuski.ba\/#website"},"datePublished":"2021-12-04T16:23:01+00:00","dateModified":"2021-12-04T16:23:02+00:00","breadcrumb":{"@id":"https:\/\/radioljubuski.ba\/index.php\/2021\/12\/04\/osijek-remizirao-s-goricom-rijeci-sansa-za-prvo-mjesto\/#breadcrumb"},"inLanguage":"hr","potentialAction":[{"@type":"ReadAction","target":["https:\/\/radioljubuski.ba\/index.php\/2021\/12\/04\/osijek-remizirao-s-goricom-rijeci-sansa-za-prvo-mjesto\/"]}]},{"@type":"BreadcrumbList","@id":"https:\/\/radioljubuski.ba\/index.php\/2021\/12\/04\/osijek-remizirao-s-goricom-rijeci-sansa-za-prvo-mjesto\/#breadcrumb","itemListElement":[{"@type":"ListItem","position":1,"name":"Po\u010detna stranica","item":"https:\/\/radioljubuski.ba\/"},{"@type":"ListItem","position":2,"name":"Osijek remizirao s Goricom, Rijeci \u0161ansa za prvo mjesto"}]},{"@type":"WebSite","@id":"https:\/\/radioljubuski.ba\/#website","url":"https:\/\/radioljubuski.ba\/","name":"Radio Ljubu\u0161ki","description":"Sun\u010dana frekvencija Hercegovine","publisher":{"@id":"https:\/\/radioljubuski.ba\/#organization"},"potentialAction":[{"@type":"SearchAction","target":{"@type":"EntryPoint","urlTemplate":"https:\/\/radioljubuski.ba\/?s={search_term_string}"},"query-input":{"@type":"PropertyValueSpecification","valueRequired":true,"valueName":"search_term_string"}}],"inLanguage":"hr"},{"@type":"Organization","@id":"https:\/\/radioljubuski.ba\/#organization","name":"Radio Ljubu\u0161ki","url":"https:\/\/radioljubuski.ba\/","logo":{"@type":"ImageObject","inLanguage":"hr","@id":"https:\/\/radioljubuski.ba\/#\/schema\/logo\/image\/","url":"https:\/\/radioljubuski.ba\/wp-content\/uploads\/2021\/02\/cropped-Radio_Ljubuski_logo1.jpg","contentUrl":"https:\/\/radioljubuski.ba\/wp-content\/uploads\/2021\/02\/cropped-Radio_Ljubuski_logo1.jpg","width":512,"height":512,"caption":"Radio Ljubu\u0161ki"},"image":{"@id":"https:\/\/radioljubuski.ba\/#\/schema\/logo\/image\/"},"sameAs":["https:\/\/www.facebook.com\/Radiio-Ljubuski-1490835324566332","https:\/\/x.com\/radioljubuski","https:\/\/hr.linkedin.com\/company\/radio-ljubuski","https:\/\/www.youtube.com\/channel\/UCHYaeO_n0Db3tjNGudGpXyw"]},{"@type":"Person","@id":"https:\/\/radioljubuski.ba\/#\/schema\/person\/19fc700381a780f69665d7956c469e3b","name":"Radio Ljubu\u0161ki"}]}},"_links":{"self":[{"href":"https:\/\/radioljubuski.ba\/index.php\/wp-json\/wp\/v2\/posts\/95929","targetHints":{"allow":["GET"]}}],"collection":[{"href":"https:\/\/radioljubuski.ba\/index.php\/wp-json\/wp\/v2\/posts"}],"about":[{"href":"https:\/\/radioljubuski.ba\/index.php\/wp-json\/wp\/v2\/types\/post"}],"author":[{"embeddable":true,"href":"https:\/\/radioljubuski.ba\/index.php\/wp-json\/wp\/v2\/users\/2"}],"replies":[{"embeddable":true,"href":"https:\/\/radioljubuski.ba\/index.php\/wp-json\/wp\/v2\/comments?post=95929"}],"version-history":[{"count":1,"href":"https:\/\/radioljubuski.ba\/index.php\/wp-json\/wp\/v2\/posts\/95929\/revisions"}],"predecessor-version":[{"id":95931,"href":"https:\/\/radioljubuski.ba\/index.php\/wp-json\/wp\/v2\/posts\/95929\/revisions\/95931"}],"wp:attachment":[{"href":"https:\/\/radioljubuski.ba\/index.php\/wp-json\/wp\/v2\/media?parent=95929"}],"wp:term":[{"taxonomy":"category","embeddable":true,"href":"https:\/\/radioljubuski.ba\/index.php\/wp-json\/wp\/v2\/categories?post=95929"},{"taxonomy":"post_tag","embeddable":true,"href":"https:\/\/radioljubuski.ba\/index.php\/wp-json\/wp\/v2\/tags?post=95929"}],"curies":[{"name":"wp","href":"https:\/\/api.w.org\/{rel}","templated":true}]}}