{"id":95936,"date":"2021-12-04T18:40:05","date_gmt":"2021-12-04T17:40:05","guid":{"rendered":"https:\/\/radioljubuski.ba\/?p=95936"},"modified":"2021-12-04T18:40:06","modified_gmt":"2021-12-04T17:40:06","slug":"dambrauskas-imamo-svoj-plan-protiv-dinama","status":"publish","type":"post","link":"https:\/\/radioljubuski.ba\/index.php\/2021\/12\/04\/dambrauskas-imamo-svoj-plan-protiv-dinama\/","title":{"rendered":"Dambrauskas: Imamo svoj plan protiv Dinama"},"content":{"rendered":"\n<p><strong>Nogometa\u0161i Hajduka gostuju u nedjelju od 17.30 na Maksimiru kod Dinama u dvoboju 18. kola doma\u0107eg nogometnog prvenstva.&nbsp;<\/strong><\/p>\n\n\n\n<p>Veliki derbi najavio je trener Spli\u0107ana\u00a0<strong>Valdas Dambrauskas<\/strong>.<br><br>&#8211; Ako oni budu dobri, to zna\u010di da mi nismo dobri i obratno. Imamo svoj plan, bit \u0107emo spremni i znat \u0107emo kako napadati i kako se braniti. Mogu utjecati kakav \u0107e biti Hajduk, a ne Dinamo, rekao je strateg Hajduka.\u00a0<\/p>\n\n\n\n<blockquote class=\"twitter-tweet\"><p lang=\"und\" dir=\"ltr\">Trener Dambrauskas uo\u010di derbija na Maksimiru: Imamo svoj plan, bit \u0107emo spremni! \u2022 <a href=\"https:\/\/t.co\/Ko3O4KBKR9\">https:\/\/t.co\/Ko3O4KBKR9<\/a> <a href=\"https:\/\/twitter.com\/hashtag\/Hajduk?src=hash&amp;ref_src=twsrc%5Etfw\">#Hajduk<\/a> <a href=\"https:\/\/t.co\/krur82AKj3\">pic.twitter.com\/krur82AKj3<\/a><\/p>&mdash; HNK Hajduk Split (@hajduk) <a href=\"https:\/\/twitter.com\/hajduk\/status\/1466799161509093376?ref_src=twsrc%5Etfw\">December 3, 2021<\/a><\/blockquote> <script async src=\"https:\/\/platform.twitter.com\/widgets.js\" charset=\"utf-8\"><\/script>\n\n\n\n<p>&#8211; \u017delimo biti hrabri i odigrati dobru utakmicu. Mo\u017ee\u0161 igrati lo\u0161e i pobijediti jednu utakmicu. Ako igra\u0161 lo\u0161e ne\u0107e\u0161 ih dobiti puno. Ako igra\u0161 dobro onda \u0107e\u0161 od deset pobijediti u osam, devet utakmica, prenosi&nbsp;<a href=\"https:\/\/hajduk.hr\/vijest\/trener-dambrauskas-uoci-derbija-na-maksimiru-imamo-svoj-plan-bit-cemo-spremni-\/14373\" target=\"_blank\" rel=\"noreferrer noopener\">slu\u017ebena stranica Hajduka<\/a>&nbsp;rije\u010di trenera Dambrauskasa.&nbsp;<br><br>Hajduk \u0107e na Maksimiru imati veliku podr\u0161ku navija\u010da. U samo \u0161est sati rasprodane su sve ulaznice koje je splitski klub imao na raspolaganju za nedjeljni derbi.&nbsp;<br><br>&#8211; Protiv Lokomotive sam se prvi put u karijeri na gostuju\u0107oj utakmici osje\u0107ao kao da igram kod ku\u0107e. Bilo je 6:3 za nas i iskreno vjerujem da su jedan od tih golova postigli navija\u010di na tribinama i zahvaljujem im na podr\u0161ci. Uostalom, mi igramo zbog navija\u010da i vjerujem da \u0107e nam u nedjelju njihova podr\u0161ka biti od velike pomo\u0107i, rekao je Dambrauskas.&nbsp;<\/p>\n\n\n\n<p>Izvor:hrt.hr<\/p>\n","protected":false},"excerpt":{"rendered":"<p>Nogometa\u0161i Hajduka gostuju u nedjelju od 17.30 na Maksimiru kod Dinama u dvoboju 18. kola doma\u0107eg nogometnog prvenstva.&nbsp; Veliki derbi najavio je trener Spli\u0107ana\u00a0Valdas Dambrauskas. &#8211; Ako oni budu dobri, to zna\u010di da mi nismo dobri i obratno. Imamo svoj plan, bit \u0107emo spremni i znat \u0107emo kako napadati i kako se braniti. Mogu utjecati [&hellip;]<\/p>\n","protected":false},"author":2,"featured_media":95937,"comment_status":"closed","ping_status":"closed","sticky":false,"template":"","format":"standard","meta":{"h5ap_radio_sources":[],"footnotes":""},"categories":[7],"tags":[],"class_list":["post-95936","post","type-post","status-publish","format-standard","has-post-thumbnail","hentry","category-sport"],"yoast_head":"<!-- This site is optimized with the Yoast SEO plugin v27.4 - https:\/\/yoast.com\/product\/yoast-seo-wordpress\/ -->\n<title>Dambrauskas: Imamo svoj plan protiv Dinama - RADIO LJUBU\u0160KI<\/title>\n<meta name=\"robots\" content=\"index, follow, max-snippet:-1, max-image-preview:large, max-video-preview:-1\" \/>\n<link rel=\"canonical\" href=\"https:\/\/radioljubuski.ba\/index.php\/2021\/12\/04\/dambrauskas-imamo-svoj-plan-protiv-dinama\/\" \/>\n<meta property=\"og:locale\" content=\"hr_HR\" \/>\n<meta property=\"og:type\" content=\"article\" \/>\n<meta property=\"og:title\" content=\"Dambrauskas: Imamo svoj plan protiv Dinama - RADIO LJUBU\u0160KI\" \/>\n<meta property=\"og:description\" content=\"Nogometa\u0161i Hajduka gostuju u nedjelju od 17.30 na Maksimiru kod Dinama u dvoboju 18. kola doma\u0107eg nogometnog prvenstva.&nbsp; Veliki derbi najavio je trener Spli\u0107ana\u00a0Valdas Dambrauskas. &#8211; Ako oni budu dobri, to zna\u010di da mi nismo dobri i obratno. Imamo svoj plan, bit \u0107emo spremni i znat \u0107emo kako napadati i kako se braniti. Mogu utjecati [&hellip;]\" \/>\n<meta property=\"og:url\" content=\"https:\/\/radioljubuski.ba\/index.php\/2021\/12\/04\/dambrauskas-imamo-svoj-plan-protiv-dinama\/\" \/>\n<meta property=\"og:site_name\" content=\"RADIO LJUBU\u0160KI\" \/>\n<meta property=\"article:publisher\" content=\"https:\/\/www.facebook.com\/Radiio-Ljubuski-1490835324566332\" \/>\n<meta property=\"article:published_time\" content=\"2021-12-04T17:40:05+00:00\" \/>\n<meta property=\"article:modified_time\" content=\"2021-12-04T17:40:06+00:00\" \/>\n<meta property=\"og:image\" content=\"https:\/\/radioljubuski.ba\/wp-content\/uploads\/2021\/12\/dambrauskas-valdas-20211204164018.jpg\" \/>\n\t<meta property=\"og:image:width\" content=\"1600\" \/>\n\t<meta property=\"og:image:height\" content=\"906\" \/>\n\t<meta property=\"og:image:type\" content=\"image\/jpeg\" \/>\n<meta name=\"author\" content=\"Radio Ljubu\u0161ki\" \/>\n<meta name=\"twitter:card\" content=\"summary_large_image\" \/>\n<meta name=\"twitter:creator\" content=\"@radioljubuski\" \/>\n<meta name=\"twitter:site\" content=\"@radioljubuski\" \/>\n<meta name=\"twitter:label1\" content=\"Napisao\/la\" \/>\n\t<meta name=\"twitter:data1\" content=\"Radio Ljubu\u0161ki\" \/>\n\t<meta name=\"twitter:label2\" content=\"Procijenjeno vrijeme \u010ditanja\" \/>\n\t<meta name=\"twitter:data2\" content=\"1 minuta\" \/>\n<script type=\"application\/ld+json\" class=\"yoast-schema-graph\">{\"@context\":\"https:\\\/\\\/schema.org\",\"@graph\":[{\"@type\":\"Article\",\"@id\":\"https:\\\/\\\/radioljubuski.ba\\\/index.php\\\/2021\\\/12\\\/04\\\/dambrauskas-imamo-svoj-plan-protiv-dinama\\\/#article\",\"isPartOf\":{\"@id\":\"https:\\\/\\\/radioljubuski.ba\\\/index.php\\\/2021\\\/12\\\/04\\\/dambrauskas-imamo-svoj-plan-protiv-dinama\\\/\"},\"author\":{\"name\":\"Radio Ljubu\u0161ki\",\"@id\":\"https:\\\/\\\/radioljubuski.ba\\\/#\\\/schema\\\/person\\\/19fc700381a780f69665d7956c469e3b\"},\"headline\":\"Dambrauskas: Imamo svoj plan protiv Dinama\",\"datePublished\":\"2021-12-04T17:40:05+00:00\",\"dateModified\":\"2021-12-04T17:40:06+00:00\",\"mainEntityOfPage\":{\"@id\":\"https:\\\/\\\/radioljubuski.ba\\\/index.php\\\/2021\\\/12\\\/04\\\/dambrauskas-imamo-svoj-plan-protiv-dinama\\\/\"},\"wordCount\":259,\"publisher\":{\"@id\":\"https:\\\/\\\/radioljubuski.ba\\\/#organization\"},\"image\":{\"@id\":\"https:\\\/\\\/radioljubuski.ba\\\/index.php\\\/2021\\\/12\\\/04\\\/dambrauskas-imamo-svoj-plan-protiv-dinama\\\/#primaryimage\"},\"thumbnailUrl\":\"https:\\\/\\\/radioljubuski.ba\\\/wp-content\\\/uploads\\\/2021\\\/12\\\/dambrauskas-valdas-20211204164018.jpg\",\"articleSection\":[\"\u0160port\"],\"inLanguage\":\"hr\"},{\"@type\":\"WebPage\",\"@id\":\"https:\\\/\\\/radioljubuski.ba\\\/index.php\\\/2021\\\/12\\\/04\\\/dambrauskas-imamo-svoj-plan-protiv-dinama\\\/\",\"url\":\"https:\\\/\\\/radioljubuski.ba\\\/index.php\\\/2021\\\/12\\\/04\\\/dambrauskas-imamo-svoj-plan-protiv-dinama\\\/\",\"name\":\"Dambrauskas: Imamo svoj plan protiv Dinama - RADIO LJUBU\u0160KI\",\"isPartOf\":{\"@id\":\"https:\\\/\\\/radioljubuski.ba\\\/#website\"},\"primaryImageOfPage\":{\"@id\":\"https:\\\/\\\/radioljubuski.ba\\\/index.php\\\/2021\\\/12\\\/04\\\/dambrauskas-imamo-svoj-plan-protiv-dinama\\\/#primaryimage\"},\"image\":{\"@id\":\"https:\\\/\\\/radioljubuski.ba\\\/index.php\\\/2021\\\/12\\\/04\\\/dambrauskas-imamo-svoj-plan-protiv-dinama\\\/#primaryimage\"},\"thumbnailUrl\":\"https:\\\/\\\/radioljubuski.ba\\\/wp-content\\\/uploads\\\/2021\\\/12\\\/dambrauskas-valdas-20211204164018.jpg\",\"datePublished\":\"2021-12-04T17:40:05+00:00\",\"dateModified\":\"2021-12-04T17:40:06+00:00\",\"breadcrumb\":{\"@id\":\"https:\\\/\\\/radioljubuski.ba\\\/index.php\\\/2021\\\/12\\\/04\\\/dambrauskas-imamo-svoj-plan-protiv-dinama\\\/#breadcrumb\"},\"inLanguage\":\"hr\",\"potentialAction\":[{\"@type\":\"ReadAction\",\"target\":[\"https:\\\/\\\/radioljubuski.ba\\\/index.php\\\/2021\\\/12\\\/04\\\/dambrauskas-imamo-svoj-plan-protiv-dinama\\\/\"]}]},{\"@type\":\"ImageObject\",\"inLanguage\":\"hr\",\"@id\":\"https:\\\/\\\/radioljubuski.ba\\\/index.php\\\/2021\\\/12\\\/04\\\/dambrauskas-imamo-svoj-plan-protiv-dinama\\\/#primaryimage\",\"url\":\"https:\\\/\\\/radioljubuski.ba\\\/wp-content\\\/uploads\\\/2021\\\/12\\\/dambrauskas-valdas-20211204164018.jpg\",\"contentUrl\":\"https:\\\/\\\/radioljubuski.ba\\\/wp-content\\\/uploads\\\/2021\\\/12\\\/dambrauskas-valdas-20211204164018.jpg\",\"width\":1600,\"height\":906,\"caption\":\"26.11.2021., Split - 17. kolo Hrvatski Telekom Prve HNL: Hajduk-Istra 1961.\"},{\"@type\":\"BreadcrumbList\",\"@id\":\"https:\\\/\\\/radioljubuski.ba\\\/index.php\\\/2021\\\/12\\\/04\\\/dambrauskas-imamo-svoj-plan-protiv-dinama\\\/#breadcrumb\",\"itemListElement\":[{\"@type\":\"ListItem\",\"position\":1,\"name\":\"Po\u010detna stranica\",\"item\":\"https:\\\/\\\/radioljubuski.ba\\\/\"},{\"@type\":\"ListItem\",\"position\":2,\"name\":\"Dambrauskas: Imamo svoj plan protiv Dinama\"}]},{\"@type\":\"WebSite\",\"@id\":\"https:\\\/\\\/radioljubuski.ba\\\/#website\",\"url\":\"https:\\\/\\\/radioljubuski.ba\\\/\",\"name\":\"Radio Ljubu\u0161ki\",\"description\":\"Sun\u010dana frekvencija Hercegovine\",\"publisher\":{\"@id\":\"https:\\\/\\\/radioljubuski.ba\\\/#organization\"},\"potentialAction\":[{\"@type\":\"SearchAction\",\"target\":{\"@type\":\"EntryPoint\",\"urlTemplate\":\"https:\\\/\\\/radioljubuski.ba\\\/?s={search_term_string}\"},\"query-input\":{\"@type\":\"PropertyValueSpecification\",\"valueRequired\":true,\"valueName\":\"search_term_string\"}}],\"inLanguage\":\"hr\"},{\"@type\":\"Organization\",\"@id\":\"https:\\\/\\\/radioljubuski.ba\\\/#organization\",\"name\":\"Radio Ljubu\u0161ki\",\"url\":\"https:\\\/\\\/radioljubuski.ba\\\/\",\"logo\":{\"@type\":\"ImageObject\",\"inLanguage\":\"hr\",\"@id\":\"https:\\\/\\\/radioljubuski.ba\\\/#\\\/schema\\\/logo\\\/image\\\/\",\"url\":\"https:\\\/\\\/radioljubuski.ba\\\/wp-content\\\/uploads\\\/2021\\\/02\\\/cropped-Radio_Ljubuski_logo1.jpg\",\"contentUrl\":\"https:\\\/\\\/radioljubuski.ba\\\/wp-content\\\/uploads\\\/2021\\\/02\\\/cropped-Radio_Ljubuski_logo1.jpg\",\"width\":512,\"height\":512,\"caption\":\"Radio Ljubu\u0161ki\"},\"image\":{\"@id\":\"https:\\\/\\\/radioljubuski.ba\\\/#\\\/schema\\\/logo\\\/image\\\/\"},\"sameAs\":[\"https:\\\/\\\/www.facebook.com\\\/Radiio-Ljubuski-1490835324566332\",\"https:\\\/\\\/x.com\\\/radioljubuski\",\"https:\\\/\\\/hr.linkedin.com\\\/company\\\/radio-ljubuski\",\"https:\\\/\\\/www.youtube.com\\\/channel\\\/UCHYaeO_n0Db3tjNGudGpXyw\"]},{\"@type\":\"Person\",\"@id\":\"https:\\\/\\\/radioljubuski.ba\\\/#\\\/schema\\\/person\\\/19fc700381a780f69665d7956c469e3b\",\"name\":\"Radio Ljubu\u0161ki\"}]}<\/script>\n<!-- \/ Yoast SEO plugin. -->","yoast_head_json":{"title":"Dambrauskas: Imamo svoj plan protiv Dinama - RADIO LJUBU\u0160KI","robots":{"index":"index","follow":"follow","max-snippet":"max-snippet:-1","max-image-preview":"max-image-preview:large","max-video-preview":"max-video-preview:-1"},"canonical":"https:\/\/radioljubuski.ba\/index.php\/2021\/12\/04\/dambrauskas-imamo-svoj-plan-protiv-dinama\/","og_locale":"hr_HR","og_type":"article","og_title":"Dambrauskas: Imamo svoj plan protiv Dinama - RADIO LJUBU\u0160KI","og_description":"Nogometa\u0161i Hajduka gostuju u nedjelju od 17.30 na Maksimiru kod Dinama u dvoboju 18. kola doma\u0107eg nogometnog prvenstva.&nbsp; Veliki derbi najavio je trener Spli\u0107ana\u00a0Valdas Dambrauskas. &#8211; Ako oni budu dobri, to zna\u010di da mi nismo dobri i obratno. Imamo svoj plan, bit \u0107emo spremni i znat \u0107emo kako napadati i kako se braniti. Mogu utjecati [&hellip;]","og_url":"https:\/\/radioljubuski.ba\/index.php\/2021\/12\/04\/dambrauskas-imamo-svoj-plan-protiv-dinama\/","og_site_name":"RADIO LJUBU\u0160KI","article_publisher":"https:\/\/www.facebook.com\/Radiio-Ljubuski-1490835324566332","article_published_time":"2021-12-04T17:40:05+00:00","article_modified_time":"2021-12-04T17:40:06+00:00","og_image":[{"width":1600,"height":906,"url":"https:\/\/radioljubuski.ba\/wp-content\/uploads\/2021\/12\/dambrauskas-valdas-20211204164018.jpg","type":"image\/jpeg"}],"author":"Radio Ljubu\u0161ki","twitter_card":"summary_large_image","twitter_creator":"@radioljubuski","twitter_site":"@radioljubuski","twitter_misc":{"Napisao\/la":"Radio Ljubu\u0161ki","Procijenjeno vrijeme \u010ditanja":"1 minuta"},"schema":{"@context":"https:\/\/schema.org","@graph":[{"@type":"Article","@id":"https:\/\/radioljubuski.ba\/index.php\/2021\/12\/04\/dambrauskas-imamo-svoj-plan-protiv-dinama\/#article","isPartOf":{"@id":"https:\/\/radioljubuski.ba\/index.php\/2021\/12\/04\/dambrauskas-imamo-svoj-plan-protiv-dinama\/"},"author":{"name":"Radio Ljubu\u0161ki","@id":"https:\/\/radioljubuski.ba\/#\/schema\/person\/19fc700381a780f69665d7956c469e3b"},"headline":"Dambrauskas: Imamo svoj plan protiv Dinama","datePublished":"2021-12-04T17:40:05+00:00","dateModified":"2021-12-04T17:40:06+00:00","mainEntityOfPage":{"@id":"https:\/\/radioljubuski.ba\/index.php\/2021\/12\/04\/dambrauskas-imamo-svoj-plan-protiv-dinama\/"},"wordCount":259,"publisher":{"@id":"https:\/\/radioljubuski.ba\/#organization"},"image":{"@id":"https:\/\/radioljubuski.ba\/index.php\/2021\/12\/04\/dambrauskas-imamo-svoj-plan-protiv-dinama\/#primaryimage"},"thumbnailUrl":"https:\/\/radioljubuski.ba\/wp-content\/uploads\/2021\/12\/dambrauskas-valdas-20211204164018.jpg","articleSection":["\u0160port"],"inLanguage":"hr"},{"@type":"WebPage","@id":"https:\/\/radioljubuski.ba\/index.php\/2021\/12\/04\/dambrauskas-imamo-svoj-plan-protiv-dinama\/","url":"https:\/\/radioljubuski.ba\/index.php\/2021\/12\/04\/dambrauskas-imamo-svoj-plan-protiv-dinama\/","name":"Dambrauskas: Imamo svoj plan protiv Dinama - RADIO LJUBU\u0160KI","isPartOf":{"@id":"https:\/\/radioljubuski.ba\/#website"},"primaryImageOfPage":{"@id":"https:\/\/radioljubuski.ba\/index.php\/2021\/12\/04\/dambrauskas-imamo-svoj-plan-protiv-dinama\/#primaryimage"},"image":{"@id":"https:\/\/radioljubuski.ba\/index.php\/2021\/12\/04\/dambrauskas-imamo-svoj-plan-protiv-dinama\/#primaryimage"},"thumbnailUrl":"https:\/\/radioljubuski.ba\/wp-content\/uploads\/2021\/12\/dambrauskas-valdas-20211204164018.jpg","datePublished":"2021-12-04T17:40:05+00:00","dateModified":"2021-12-04T17:40:06+00:00","breadcrumb":{"@id":"https:\/\/radioljubuski.ba\/index.php\/2021\/12\/04\/dambrauskas-imamo-svoj-plan-protiv-dinama\/#breadcrumb"},"inLanguage":"hr","potentialAction":[{"@type":"ReadAction","target":["https:\/\/radioljubuski.ba\/index.php\/2021\/12\/04\/dambrauskas-imamo-svoj-plan-protiv-dinama\/"]}]},{"@type":"ImageObject","inLanguage":"hr","@id":"https:\/\/radioljubuski.ba\/index.php\/2021\/12\/04\/dambrauskas-imamo-svoj-plan-protiv-dinama\/#primaryimage","url":"https:\/\/radioljubuski.ba\/wp-content\/uploads\/2021\/12\/dambrauskas-valdas-20211204164018.jpg","contentUrl":"https:\/\/radioljubuski.ba\/wp-content\/uploads\/2021\/12\/dambrauskas-valdas-20211204164018.jpg","width":1600,"height":906,"caption":"26.11.2021., Split - 17. kolo Hrvatski Telekom Prve HNL: Hajduk-Istra 1961."},{"@type":"BreadcrumbList","@id":"https:\/\/radioljubuski.ba\/index.php\/2021\/12\/04\/dambrauskas-imamo-svoj-plan-protiv-dinama\/#breadcrumb","itemListElement":[{"@type":"ListItem","position":1,"name":"Po\u010detna stranica","item":"https:\/\/radioljubuski.ba\/"},{"@type":"ListItem","position":2,"name":"Dambrauskas: Imamo svoj plan protiv Dinama"}]},{"@type":"WebSite","@id":"https:\/\/radioljubuski.ba\/#website","url":"https:\/\/radioljubuski.ba\/","name":"Radio Ljubu\u0161ki","description":"Sun\u010dana frekvencija Hercegovine","publisher":{"@id":"https:\/\/radioljubuski.ba\/#organization"},"potentialAction":[{"@type":"SearchAction","target":{"@type":"EntryPoint","urlTemplate":"https:\/\/radioljubuski.ba\/?s={search_term_string}"},"query-input":{"@type":"PropertyValueSpecification","valueRequired":true,"valueName":"search_term_string"}}],"inLanguage":"hr"},{"@type":"Organization","@id":"https:\/\/radioljubuski.ba\/#organization","name":"Radio Ljubu\u0161ki","url":"https:\/\/radioljubuski.ba\/","logo":{"@type":"ImageObject","inLanguage":"hr","@id":"https:\/\/radioljubuski.ba\/#\/schema\/logo\/image\/","url":"https:\/\/radioljubuski.ba\/wp-content\/uploads\/2021\/02\/cropped-Radio_Ljubuski_logo1.jpg","contentUrl":"https:\/\/radioljubuski.ba\/wp-content\/uploads\/2021\/02\/cropped-Radio_Ljubuski_logo1.jpg","width":512,"height":512,"caption":"Radio Ljubu\u0161ki"},"image":{"@id":"https:\/\/radioljubuski.ba\/#\/schema\/logo\/image\/"},"sameAs":["https:\/\/www.facebook.com\/Radiio-Ljubuski-1490835324566332","https:\/\/x.com\/radioljubuski","https:\/\/hr.linkedin.com\/company\/radio-ljubuski","https:\/\/www.youtube.com\/channel\/UCHYaeO_n0Db3tjNGudGpXyw"]},{"@type":"Person","@id":"https:\/\/radioljubuski.ba\/#\/schema\/person\/19fc700381a780f69665d7956c469e3b","name":"Radio Ljubu\u0161ki"}]}},"_links":{"self":[{"href":"https:\/\/radioljubuski.ba\/index.php\/wp-json\/wp\/v2\/posts\/95936","targetHints":{"allow":["GET"]}}],"collection":[{"href":"https:\/\/radioljubuski.ba\/index.php\/wp-json\/wp\/v2\/posts"}],"about":[{"href":"https:\/\/radioljubuski.ba\/index.php\/wp-json\/wp\/v2\/types\/post"}],"author":[{"embeddable":true,"href":"https:\/\/radioljubuski.ba\/index.php\/wp-json\/wp\/v2\/users\/2"}],"replies":[{"embeddable":true,"href":"https:\/\/radioljubuski.ba\/index.php\/wp-json\/wp\/v2\/comments?post=95936"}],"version-history":[{"count":1,"href":"https:\/\/radioljubuski.ba\/index.php\/wp-json\/wp\/v2\/posts\/95936\/revisions"}],"predecessor-version":[{"id":95938,"href":"https:\/\/radioljubuski.ba\/index.php\/wp-json\/wp\/v2\/posts\/95936\/revisions\/95938"}],"wp:featuredmedia":[{"embeddable":true,"href":"https:\/\/radioljubuski.ba\/index.php\/wp-json\/wp\/v2\/media\/95937"}],"wp:attachment":[{"href":"https:\/\/radioljubuski.ba\/index.php\/wp-json\/wp\/v2\/media?parent=95936"}],"wp:term":[{"taxonomy":"category","embeddable":true,"href":"https:\/\/radioljubuski.ba\/index.php\/wp-json\/wp\/v2\/categories?post=95936"},{"taxonomy":"post_tag","embeddable":true,"href":"https:\/\/radioljubuski.ba\/index.php\/wp-json\/wp\/v2\/tags?post=95936"}],"curies":[{"name":"wp","href":"https:\/\/api.w.org\/{rel}","templated":true}]}}