{"id":95945,"date":"2021-12-04T18:48:30","date_gmt":"2021-12-04T17:48:30","guid":{"rendered":"https:\/\/radioljubuski.ba\/?p=95945"},"modified":"2021-12-04T18:48:32","modified_gmt":"2021-12-04T17:48:32","slug":"izabrana-rijec-godine-2021-nisu-svi-rjecnici-ni-instituti-odabrali-istu-ali-radi-se-o-varijacijama-na-temu-straha-koji-drma-covjecanstvo-i-ne-nije-koronavirus","status":"publish","type":"post","link":"https:\/\/radioljubuski.ba\/index.php\/2021\/12\/04\/izabrana-rijec-godine-2021-nisu-svi-rjecnici-ni-instituti-odabrali-istu-ali-radi-se-o-varijacijama-na-temu-straha-koji-drma-covjecanstvo-i-ne-nije-koronavirus\/","title":{"rendered":"Izabrana rije\u010d godine 2021.: Nisu svi rje\u010dnici ni instituti odabrali istu, ali radi se o varijacijama na temu &#8211; straha koji drma \u010dovje\u010danstvo. I ne, nije \u2018koronavirus\u2018"},"content":{"rendered":"\n<p><em>Vakcina<\/em>je, ako ne jednoglasno, a ono ve\u0107inski progla\u0161ena rije\u010dju godine 2021. Dodu\u0161e, prosinac je tek zapo\u010deo, popularni svetac dvovarijantnog imena \u2013 Mikula uz obalu, Nikola iza brda \u2013 slavi se tek preksutra, ali ve\u0107ina va\u017enijih svjetskih rje\u010dnika i jezikoslovnih ustanova ve\u0107 se opredijelila za ovogodi\u0161nji odabir.&nbsp;Japanski kanji (ideogram) godine \u010dekat \u0107emo jo\u0161 desetak dana. Ali gotovo svi ini &#8220;veliki&#8221; su se ve\u0107 odlu\u010dili: me\u0111u rje\u010dnicima Webster, Oxford i Cambridge, a drugdje nacionalni instituti za jezik raznih tipova, ili vode\u0107i medijski naslovi. U 192 dr\u017eave na svijetu ima ih &#8220;i za Pai\u0107evu dicu&#8221;.<\/p>\n\n\n\n<p>Ne koriste svi isti kriterij. Neki naprosto, poput ve\u0107ine rje\u010dni\u010dkih portala, broje koliko je puta ondje potra\u017eena koja rije\u010d pa je njihov odabir zapravo puka statistika; neki se bave samo rije\u010dima koje su se prvi put u povijesti pojavile te godine (tako \u010dini, na primjer, australski Macquariejev rje\u010dnik); neki se pak opredjeljuju po dru\u0161tvenom utjecaju i odjeku rije\u010di (tako u Hrvatskoj \u010dini&nbsp;<em>Jutarnji list<\/em>).<\/p>\n\n\n\n<p>Posljednje dvije godine, otkako je nahrupila pandemija koronavirusnoga covida-19, postignuta je poprili\u010dna jednodu\u0161nost bilo po kojemu od navedenih kriterija: lani je rije\u010d godine bila naj\u010de\u0161\u0107e\u00a0<em>pandemija\u00a0<\/em>odnosno\u00a0<em>covid\u00a0<\/em>(Dru\u0161tvo za njema\u010dki jezik ih je tada spojilo u jedan pojam ali, za njema\u010dki neuobi\u010dajeno, razdvojiv\u0161i ih crticom a ne u jednu slovnu kobasicu, ovako:\u00a0<em>Corona-Pandemia<\/em>).<\/p>\n\n\n\n<figure class=\"wp-block-image\"><img decoding=\"async\" src=\"https:\/\/static.slobodnadalmacija.hr\/images\/slike\/2021\/12\/02\/20195254.jpg?1638618894\" alt=\"image\"\/><\/figure>\n\n\n\n<h2 class=\"wp-block-heading\">AUSTRALSKA &#8216;\u0160ETNJA&#8217;<\/h2>\n\n\n\n<p>Evo kako su se ove godine izjasnili najrazgla\u0161eniji.<\/p>\n\n\n\n<p>Merriam-Webster&#8217;s se opredijelio za imenicu&nbsp;<em>vaccine<\/em>, objasniv\u0161i da se potraga za tom rije\u010dju ove godine na njihovu portalu pove\u0107ala za vi\u0161e od 600 posto.<\/p>\n\n\n\n<p>Oxford Languages je odabrao \u017eargonsku skra\u0107enicu iste imenice:&nbsp;<em>vax<\/em>.<\/p>\n\n\n\n<p>Dru\u0161tvo za njema\u010dki jezik izabralo je imenicu&nbsp;<em>Wellenbrecher&nbsp;<\/em>(lukobran, valobran), koja se u posljednje doba koristi i kao metafora za skup mjera za\u0161tite od covida-19 i njegovih valova zaraze. Taj lukobran &#8220;ne utjelovljuje jedna osoba, nego mno\u0161tvo takvih pojedinaca, \u010ditavo dru\u0161tvo, koje se nada da \u0107e svojim racionalnim pona\u0161anjem smanjiti opasnost&#8221;, obja\u0161njava ju\u010der filolog&nbsp;<strong>Knut Cordsen<\/strong>.<\/p>\n\n\n\n<p>Dr\u017eavni institut ruskog jezika, nazvan po&nbsp;<strong>Pu\u0161kinu<\/strong>, izglasao je imenicu&nbsp;<em>sputnik<\/em>&nbsp;\u2013 ali to se ove godine ne odnosi na satelit, ni prirodni, ni umjetni, nego ba\u0161 na rusku vakcinu, veoma popularnu u ruskoj interesnoj sferi (uklju\u010duju\u0107i i susjednu Srbiju), kojoj je Evropska unija odlu\u010dno zatvorila svoja vrata.<\/p>\n\n\n\n<p>Po istoj logici je u Australiji Macquariejev rje\u010dnik odabrao imenicu&nbsp;<em>strollout<\/em>&nbsp;(\u0161etnja), ne zato \u0161to su se u\u017eeljeli prohodati nakon zatvorenosti u ku\u0107i uslijed pandemije, nego zato \u0161to se tako zove australska federalna vakcina protiv covida-19.<\/p>\n\n\n\n<p>Lani je taj rje\u010dnik za rije\u010d godine odabrao slikovitu slo\u017eenicu&nbsp;<em>covidiot<\/em>, koja je pak bila reakcija na temu pandemije i ne uvijek inteligentnih reakcija na nju.<\/p>\n\n\n\n<p>Dakle, i te razli\u010dite rije\u010di godine su varijante na istu temu: straha koji drma \u010dovje\u010danstvo.<\/p>\n\n\n\n<p>Razlozi za taj odabir rije\u010d\u00ee godine \u010dini se o\u010ditim. Dok su mnogi, ne bez razloga, povjerovali medicinskim slu\u010dajevima da im samo vakcina pru\u017ea djelotvornu iako ne i apsolutnu za\u0161titu od covida-19, da ih vakcina \u0161titi od zaraze ili barem od najpogibeljnijih njezinih manifestacija, dotle je manjina, ali izrazito glasna i spremna na sukobe, ustrajala u stavu da vakcina \u0161kodi ili barem ne koristi, ili \u010dak da je pandemija izmi\u0161ljotina farmaceutske industrije kako bi nas sve oplja\u010dkala ubrizgavaju\u0107i nam ne\u0161to beskorisno ili \u010dak \u0161tetno. Podjela na provaksere i antivaksere poderala je mnoge evropske nacije (u Hrvatskoj je znakovito da ona ide gotovo istom granicom koja dijeli &#8220;partizane&#8221; od &#8220;usta\u0161a&#8221;, ali analizu tog fenomena ostavljamo sociopsiholozima).<\/p>\n\n\n\n<p>Sa svime time je u stanovitoj vezi \u0161to je Cambridge Dictionary za rije\u010d godine odabrao&nbsp;<em>ustrajnost&nbsp;<\/em>(<em>perseverance<\/em>). Pi\u0161u da je ustrajnost &#8220;kontinuirani napor da se ne\u0161to u\u010dini ili postigne, \u010dak i kada to traje te\u0161ko ili dugo&#8221;. Obja\u0161njavaju da &#8220;\u010desto govorimo o pokazivanju ustrajnosti u suo\u010davanju s neda\u0107ama (usprkos te\u0161koj ili nesretnoj situaciji ili doga\u0111aju). U 2021. godini ljudi diljem svijeta morali su pokazati ustrajnost suo\u010deni s izazovima i poreme\u0107ajima u na\u0161im \u017eivotima zbog covida-19 i drugih problema.&#8221;<\/p>\n\n\n\n<p>Sveti Jerolim je govorio da je grije\u0161iti ljudski, Katoli\u010dka crkva je kasnije dodala da je ustrajati (valjda: u tome) vra\u017eja rabota. Oko toga, naravno, nema podjele me\u0111u ljudima. Podjela je, i to temeljita, i u samoj naju\u017eoj obitelji, tko je od njih u pravu, a tko ustrajava u pogre\u0161ci (kad su u nas hvalili ustrajnost nekoga biv\u0161eg politi\u010dara, cinici su dometnuli da je i&nbsp;<strong>Hitler<\/strong>&nbsp;bio ustrajan).<\/p>\n\n\n\n<p>Beskompromisno ustrajni vuku dru\u0161tvo naprijed, katkad i u propast. Oni drugi, skloni kompromisu, podr\u017eavaju harmoniju, katkad i u stagnaciji. U tom kontekstu,&nbsp;<em>ustrajnost&nbsp;<\/em>bi mogla biti rije\u010d milenija, osobito oko prihvatimo da je&nbsp;<em>kriza&nbsp;<\/em>rije\u010d ovih posljednjih stolje\u0107a.<\/p>\n\n\n\n<p><strong>KRAVLJE BOGINJE<\/strong><\/p>\n\n\n\n<p>Collins Dictionary, pecaju\u0107i me\u0111u novim leksi\u010dkim tvorbama, opredijelio se za NFT (<em>non-fungible token<\/em>, dakle nezamjenjivi jedinstven identifikator), kadar spasiti nas od lozinki i pinova, te o\u010duvati od kra\u0111e identiteta \u2013 \u0161to je nesumnjivo spasonosan pronalazak, pod uvjetom da funkcionira. Ali on je okrenut sutra\u0161njici, a covid-19 nas ugro\u017eava danas, egzistencijalno.<\/p>\n\n\n\n<p>Mo\u017eemo se zapitati: jesmo li trebali preuzeti od drugih latinizam&nbsp;<em>vakcina<\/em>, ili bi bilo bolje da smo slijedili kriterij preferiranja rije\u010di hrvatskoga ili barem slavenskog korijena, pa pisali o&nbsp;<em>cjepivu&nbsp;<\/em>(osim kada nas tradicija vabi da ipak izaberemo tu\u0111icu, pa radije govorimo o dupinu nego o pliskavici, ali pi\u0161emo o porodici pliskavica)?<\/p>\n\n\n\n<p>U neobvezatnu razgovoru osje\u0107amo ih kao ina\u010dice, jer se referiramo na uno\u0161enje antigena u organizam. Ipak \u2013 zna\u010denja im se ne podudaraju sasvim. Ani\u0107 daje&nbsp;<em>vakcini<\/em>&nbsp;prednost pred&nbsp;<em>cjepivom<\/em>.<\/p>\n\n\n\n<p>Naziv&nbsp;<em>vakcina<\/em>&nbsp;predlo\u017eio je&nbsp;<strong>Louis Pasteur&nbsp;<\/strong>kao izraz po\u0161tovanja spram&nbsp;<strong>Edwarda Jennera<\/strong>, koji je provjeravao pu\u010dko vjerovanje da oboljeli od kravljih boginja ne\u0107e dobiti ljudske, pa je 1796. kravljim boginjama zarazio 8-godi\u0161njega&nbsp;<strong>Jamesa Pippsa<\/strong>, ustanoviv\u0161i zatim da je de\u010dko imun na poku\u0161aje zaraze boginjama. Kravlje boginje se latinski zovu &#8220;variola vaccina&#8221; (&#8220;vaccinus&#8221; = kravlji, od &#8220;vacca&#8221; = krava).<\/p>\n\n\n\n<p>Pasteur je generalizirao postupak te uveo antitoksinsku vakcinu protiv bjesnila. Na produ\u017eenje prosje\u010dnoga ljudskog \u017eivota utjecale su vakcine protiv su\u0161ice (tuberkuloze), difterije, \u0161arlaha itd., a na kvalitetu \u017eivota antipolio protiv dje\u010dje paralize.<\/p>\n\n\n\n<p>Cijepljenje (navrtanje, kalemljenje) primarno je postupak genetskog modificiranja biljke tako da se gran\u010dica jedne biljke (cijepnica, kalem, navrtak, pelcer, plemka) ucijepi (usadi) na drugu biljku kao podlogu \u2013 odakle hrvatska ina\u010dica vakcinacije. Uostalom, ne tako davno, u splitskom govoru se vakciniranje protiv tada jo\u0161 postoje\u0107ih velikih boginja, pu\u010dki:&nbsp;<em>patul\u00e2<\/em>, zvalo &#8220;navrtanje patula&#8221;.<\/p>\n\n\n\n<p><strong><em>Kandidat za rije\u010d stolje\u0107a<\/em><\/strong><\/p>\n\n\n\n<p><em>U doba prije pandemije izbor rije\u010di godine bivao je bitno \u0161areniji, osobito u zemljama koje su imale specifi\u010dnih problema. U Ukrajini \u2013 a ona problema ima i za izvoz \u2013 rije\u010d godine 2018. bila je&nbsp;tomos&nbsp;(anti\u010dki naziv crkvenog dokumenta kojim je ekumenski patrijarh odobrio autokefalnost ujedinjenoj Ukrajinskoj pravoslavnoj crkvi), a rije\u010d godine 2019. je&nbsp;did\u017eitalizacija&nbsp;(digitalizacija), semanti\u010dki skok od dva milenija, a svejedno zakasnio barem tridesetak godina za Zapadom.<br>I Njema\u010dka je tada gledala unaprijed, ali ne u informati\u010dki razvitak nego u nesigurnu starost. Ondje je Dru\u0161tvo za njema\u010dki jezik kao rije\u010d godine 2019. utvrdilo Respektrente, Rentu po\u0161tovanja, \u0161to je po\u0161tovanja vrijedan naziv za minimalnu mirovinu onima koji nisu zaradili bolju.<br>U Rusiji, pak, rije\u010d godine bila je&nbsp;protest&nbsp;(prosvjed). Obi\u010dno nije ba\u0161 najbolje gdje je prosvjed najva\u017eniji, ali i to je bolje nego godinu dana ranije, kad je u Rusiji rije\u010d godine bio otrov&nbsp;novi\u010dok, sredstvo za eliminiranje politi\u010dkih protivnika koji vjeruju da su se spasili ako su utekli u inozemstvo.<br>Nasuprot prosvjedu Japan je i preklani preferirao&nbsp;red&nbsp;\u2013 a ba\u0161 to potencira japanski kanji (ideogram) 2019: <\/em><em>\u4ee4<\/em><em>&nbsp;rei ryou&nbsp;(dobar poredak). Ustoli\u010denjem novog cara Naruhita po\u010delo je razdoblje Reiwa (Dobar Sklad), \u0161to \u0107e biti carevo posmrtno ime (njegov djed Hirohito, krivac za drugi svjetski rat na Pacifiku, po\u010diva kao Showa, tj. Prosvije\u0107eni Mir, pa onda ka\u017eu da je ome predznak, nomen est omen). Vlada je izdala naredbe radi spa\u0161avanja stanovni\u0161tva pred dvama opakim tajfunima, pa je dobar poredak zajedni\u010dki nazivnik tih dvaju redova doga\u0111aja, na prijestolju i na inom nebu, smatrali su Japanci.<br>Mjerodavni Oxford Dictionary obznanio je tada da je rije\u010d godine&nbsp;climate emergency&nbsp;(klimatska pogibelj, opasnost, tegoba, nevolja), definirana kao &#8220;stanje u kojemu je nu\u017ena hitna akcija da bi se klimatska promjena smanjila ili zaustavila i tako izbjegla potencijalno nepovratna \u0161teta po okoli\u0161 koja bi iz nje proizi\u0161la&#8221;. Potraga za tom rije\u010dju pove\u0107ala se za 10.796 posto (!) u usporedbi s prethodnom godinom. Eto, to je i kandidat za rije\u010d stolje\u0107a.<\/em><\/p>\n\n\n\n<p><strong>PI\u0160E&nbsp;<\/strong>INOSLAV BE\u0160KER\/slobodnadalmacija.hr<em><\/em><\/p>\n","protected":false},"excerpt":{"rendered":"<p>Vakcinaje, ako ne jednoglasno, a ono ve\u0107inski progla\u0161ena rije\u010dju godine 2021. Dodu\u0161e, prosinac je tek zapo\u010deo, popularni svetac dvovarijantnog imena \u2013 Mikula uz obalu, Nikola iza brda \u2013 slavi se tek preksutra, ali ve\u0107ina va\u017enijih svjetskih rje\u010dnika i jezikoslovnih ustanova ve\u0107 se opredijelila za ovogodi\u0161nji odabir.&nbsp;Japanski kanji (ideogram) godine \u010dekat \u0107emo jo\u0161 desetak dana. Ali [&hellip;]<\/p>\n","protected":false},"author":2,"featured_media":95946,"comment_status":"closed","ping_status":"closed","sticky":false,"template":"","format":"standard","meta":{"h5ap_radio_sources":[],"footnotes":""},"categories":[1],"tags":[],"class_list":["post-95945","post","type-post","status-publish","format-standard","has-post-thumbnail","hentry","category-bihiregija"],"yoast_head":"<!-- This site is optimized with the Yoast SEO plugin v27.4 - https:\/\/yoast.com\/product\/yoast-seo-wordpress\/ -->\n<title>Izabrana rije\u010d godine 2021.: Nisu svi rje\u010dnici ni instituti odabrali istu, ali radi se o varijacijama na temu - straha koji drma \u010dovje\u010danstvo. I ne, nije \u2018koronavirus\u2018 - RADIO LJUBU\u0160KI<\/title>\n<meta name=\"robots\" content=\"index, follow, max-snippet:-1, max-image-preview:large, max-video-preview:-1\" \/>\n<link rel=\"canonical\" href=\"https:\/\/radioljubuski.ba\/index.php\/2021\/12\/04\/izabrana-rijec-godine-2021-nisu-svi-rjecnici-ni-instituti-odabrali-istu-ali-radi-se-o-varijacijama-na-temu-straha-koji-drma-covjecanstvo-i-ne-nije-koronavirus\/\" \/>\n<meta property=\"og:locale\" content=\"hr_HR\" \/>\n<meta property=\"og:type\" content=\"article\" \/>\n<meta property=\"og:title\" content=\"Izabrana rije\u010d godine 2021.: Nisu svi rje\u010dnici ni instituti odabrali istu, ali radi se o varijacijama na temu - straha koji drma \u010dovje\u010danstvo. I ne, nije \u2018koronavirus\u2018 - RADIO LJUBU\u0160KI\" \/>\n<meta property=\"og:description\" content=\"Vakcinaje, ako ne jednoglasno, a ono ve\u0107inski progla\u0161ena rije\u010dju godine 2021. Dodu\u0161e, prosinac je tek zapo\u010deo, popularni svetac dvovarijantnog imena \u2013 Mikula uz obalu, Nikola iza brda \u2013 slavi se tek preksutra, ali ve\u0107ina va\u017enijih svjetskih rje\u010dnika i jezikoslovnih ustanova ve\u0107 se opredijelila za ovogodi\u0161nji odabir.&nbsp;Japanski kanji (ideogram) godine \u010dekat \u0107emo jo\u0161 desetak dana. Ali [&hellip;]\" \/>\n<meta property=\"og:url\" content=\"https:\/\/radioljubuski.ba\/index.php\/2021\/12\/04\/izabrana-rijec-godine-2021-nisu-svi-rjecnici-ni-instituti-odabrali-istu-ali-radi-se-o-varijacijama-na-temu-straha-koji-drma-covjecanstvo-i-ne-nije-koronavirus\/\" \/>\n<meta property=\"og:site_name\" content=\"RADIO LJUBU\u0160KI\" \/>\n<meta property=\"article:publisher\" content=\"https:\/\/www.facebook.com\/Radiio-Ljubuski-1490835324566332\" \/>\n<meta property=\"article:published_time\" content=\"2021-12-04T17:48:30+00:00\" \/>\n<meta property=\"article:modified_time\" content=\"2021-12-04T17:48:32+00:00\" \/>\n<meta property=\"og:image\" content=\"https:\/\/radioljubuski.ba\/wp-content\/uploads\/2021\/12\/o_20214640_1024.jpg\" \/>\n\t<meta property=\"og:image:width\" content=\"1024\" \/>\n\t<meta property=\"og:image:height\" content=\"724\" \/>\n\t<meta property=\"og:image:type\" content=\"image\/jpeg\" \/>\n<meta name=\"author\" content=\"Radio Ljubu\u0161ki\" \/>\n<meta name=\"twitter:card\" content=\"summary_large_image\" \/>\n<meta name=\"twitter:creator\" content=\"@radioljubuski\" \/>\n<meta name=\"twitter:site\" content=\"@radioljubuski\" \/>\n<meta name=\"twitter:label1\" content=\"Napisao\/la\" \/>\n\t<meta name=\"twitter:data1\" content=\"Radio Ljubu\u0161ki\" \/>\n\t<meta name=\"twitter:label2\" content=\"Procijenjeno vrijeme \u010ditanja\" \/>\n\t<meta name=\"twitter:data2\" content=\"6 minuta\" \/>\n<script type=\"application\/ld+json\" class=\"yoast-schema-graph\">{\"@context\":\"https:\\\/\\\/schema.org\",\"@graph\":[{\"@type\":\"Article\",\"@id\":\"https:\\\/\\\/radioljubuski.ba\\\/index.php\\\/2021\\\/12\\\/04\\\/izabrana-rijec-godine-2021-nisu-svi-rjecnici-ni-instituti-odabrali-istu-ali-radi-se-o-varijacijama-na-temu-straha-koji-drma-covjecanstvo-i-ne-nije-koronavirus\\\/#article\",\"isPartOf\":{\"@id\":\"https:\\\/\\\/radioljubuski.ba\\\/index.php\\\/2021\\\/12\\\/04\\\/izabrana-rijec-godine-2021-nisu-svi-rjecnici-ni-instituti-odabrali-istu-ali-radi-se-o-varijacijama-na-temu-straha-koji-drma-covjecanstvo-i-ne-nije-koronavirus\\\/\"},\"author\":{\"name\":\"Radio Ljubu\u0161ki\",\"@id\":\"https:\\\/\\\/radioljubuski.ba\\\/#\\\/schema\\\/person\\\/19fc700381a780f69665d7956c469e3b\"},\"headline\":\"Izabrana rije\u010d godine 2021.: Nisu svi rje\u010dnici ni instituti odabrali istu, ali radi se o varijacijama na temu &#8211; straha koji drma \u010dovje\u010danstvo. I ne, nije \u2018koronavirus\u2018\",\"datePublished\":\"2021-12-04T17:48:30+00:00\",\"dateModified\":\"2021-12-04T17:48:32+00:00\",\"mainEntityOfPage\":{\"@id\":\"https:\\\/\\\/radioljubuski.ba\\\/index.php\\\/2021\\\/12\\\/04\\\/izabrana-rijec-godine-2021-nisu-svi-rjecnici-ni-instituti-odabrali-istu-ali-radi-se-o-varijacijama-na-temu-straha-koji-drma-covjecanstvo-i-ne-nije-koronavirus\\\/\"},\"wordCount\":1551,\"publisher\":{\"@id\":\"https:\\\/\\\/radioljubuski.ba\\\/#organization\"},\"image\":{\"@id\":\"https:\\\/\\\/radioljubuski.ba\\\/index.php\\\/2021\\\/12\\\/04\\\/izabrana-rijec-godine-2021-nisu-svi-rjecnici-ni-instituti-odabrali-istu-ali-radi-se-o-varijacijama-na-temu-straha-koji-drma-covjecanstvo-i-ne-nije-koronavirus\\\/#primaryimage\"},\"thumbnailUrl\":\"https:\\\/\\\/radioljubuski.ba\\\/wp-content\\\/uploads\\\/2021\\\/12\\\/o_20214640_1024.jpg\",\"articleSection\":[\"BIH i regija\"],\"inLanguage\":\"hr\"},{\"@type\":\"WebPage\",\"@id\":\"https:\\\/\\\/radioljubuski.ba\\\/index.php\\\/2021\\\/12\\\/04\\\/izabrana-rijec-godine-2021-nisu-svi-rjecnici-ni-instituti-odabrali-istu-ali-radi-se-o-varijacijama-na-temu-straha-koji-drma-covjecanstvo-i-ne-nije-koronavirus\\\/\",\"url\":\"https:\\\/\\\/radioljubuski.ba\\\/index.php\\\/2021\\\/12\\\/04\\\/izabrana-rijec-godine-2021-nisu-svi-rjecnici-ni-instituti-odabrali-istu-ali-radi-se-o-varijacijama-na-temu-straha-koji-drma-covjecanstvo-i-ne-nije-koronavirus\\\/\",\"name\":\"Izabrana rije\u010d godine 2021.: Nisu svi rje\u010dnici ni instituti odabrali istu, ali radi se o varijacijama na temu - straha koji drma \u010dovje\u010danstvo. I ne, nije \u2018koronavirus\u2018 - RADIO LJUBU\u0160KI\",\"isPartOf\":{\"@id\":\"https:\\\/\\\/radioljubuski.ba\\\/#website\"},\"primaryImageOfPage\":{\"@id\":\"https:\\\/\\\/radioljubuski.ba\\\/index.php\\\/2021\\\/12\\\/04\\\/izabrana-rijec-godine-2021-nisu-svi-rjecnici-ni-instituti-odabrali-istu-ali-radi-se-o-varijacijama-na-temu-straha-koji-drma-covjecanstvo-i-ne-nije-koronavirus\\\/#primaryimage\"},\"image\":{\"@id\":\"https:\\\/\\\/radioljubuski.ba\\\/index.php\\\/2021\\\/12\\\/04\\\/izabrana-rijec-godine-2021-nisu-svi-rjecnici-ni-instituti-odabrali-istu-ali-radi-se-o-varijacijama-na-temu-straha-koji-drma-covjecanstvo-i-ne-nije-koronavirus\\\/#primaryimage\"},\"thumbnailUrl\":\"https:\\\/\\\/radioljubuski.ba\\\/wp-content\\\/uploads\\\/2021\\\/12\\\/o_20214640_1024.jpg\",\"datePublished\":\"2021-12-04T17:48:30+00:00\",\"dateModified\":\"2021-12-04T17:48:32+00:00\",\"breadcrumb\":{\"@id\":\"https:\\\/\\\/radioljubuski.ba\\\/index.php\\\/2021\\\/12\\\/04\\\/izabrana-rijec-godine-2021-nisu-svi-rjecnici-ni-instituti-odabrali-istu-ali-radi-se-o-varijacijama-na-temu-straha-koji-drma-covjecanstvo-i-ne-nije-koronavirus\\\/#breadcrumb\"},\"inLanguage\":\"hr\",\"potentialAction\":[{\"@type\":\"ReadAction\",\"target\":[\"https:\\\/\\\/radioljubuski.ba\\\/index.php\\\/2021\\\/12\\\/04\\\/izabrana-rijec-godine-2021-nisu-svi-rjecnici-ni-instituti-odabrali-istu-ali-radi-se-o-varijacijama-na-temu-straha-koji-drma-covjecanstvo-i-ne-nije-koronavirus\\\/\"]}]},{\"@type\":\"ImageObject\",\"inLanguage\":\"hr\",\"@id\":\"https:\\\/\\\/radioljubuski.ba\\\/index.php\\\/2021\\\/12\\\/04\\\/izabrana-rijec-godine-2021-nisu-svi-rjecnici-ni-instituti-odabrali-istu-ali-radi-se-o-varijacijama-na-temu-straha-koji-drma-covjecanstvo-i-ne-nije-koronavirus\\\/#primaryimage\",\"url\":\"https:\\\/\\\/radioljubuski.ba\\\/wp-content\\\/uploads\\\/2021\\\/12\\\/o_20214640_1024.jpg\",\"contentUrl\":\"https:\\\/\\\/radioljubuski.ba\\\/wp-content\\\/uploads\\\/2021\\\/12\\\/o_20214640_1024.jpg\",\"width\":1024,\"height\":724},{\"@type\":\"BreadcrumbList\",\"@id\":\"https:\\\/\\\/radioljubuski.ba\\\/index.php\\\/2021\\\/12\\\/04\\\/izabrana-rijec-godine-2021-nisu-svi-rjecnici-ni-instituti-odabrali-istu-ali-radi-se-o-varijacijama-na-temu-straha-koji-drma-covjecanstvo-i-ne-nije-koronavirus\\\/#breadcrumb\",\"itemListElement\":[{\"@type\":\"ListItem\",\"position\":1,\"name\":\"Po\u010detna stranica\",\"item\":\"https:\\\/\\\/radioljubuski.ba\\\/\"},{\"@type\":\"ListItem\",\"position\":2,\"name\":\"Izabrana rije\u010d godine 2021.: Nisu svi rje\u010dnici ni instituti odabrali istu, ali radi se o varijacijama na temu &#8211; straha koji drma \u010dovje\u010danstvo. I ne, nije \u2018koronavirus\u2018\"}]},{\"@type\":\"WebSite\",\"@id\":\"https:\\\/\\\/radioljubuski.ba\\\/#website\",\"url\":\"https:\\\/\\\/radioljubuski.ba\\\/\",\"name\":\"Radio Ljubu\u0161ki\",\"description\":\"Sun\u010dana frekvencija Hercegovine\",\"publisher\":{\"@id\":\"https:\\\/\\\/radioljubuski.ba\\\/#organization\"},\"potentialAction\":[{\"@type\":\"SearchAction\",\"target\":{\"@type\":\"EntryPoint\",\"urlTemplate\":\"https:\\\/\\\/radioljubuski.ba\\\/?s={search_term_string}\"},\"query-input\":{\"@type\":\"PropertyValueSpecification\",\"valueRequired\":true,\"valueName\":\"search_term_string\"}}],\"inLanguage\":\"hr\"},{\"@type\":\"Organization\",\"@id\":\"https:\\\/\\\/radioljubuski.ba\\\/#organization\",\"name\":\"Radio Ljubu\u0161ki\",\"url\":\"https:\\\/\\\/radioljubuski.ba\\\/\",\"logo\":{\"@type\":\"ImageObject\",\"inLanguage\":\"hr\",\"@id\":\"https:\\\/\\\/radioljubuski.ba\\\/#\\\/schema\\\/logo\\\/image\\\/\",\"url\":\"https:\\\/\\\/radioljubuski.ba\\\/wp-content\\\/uploads\\\/2021\\\/02\\\/cropped-Radio_Ljubuski_logo1.jpg\",\"contentUrl\":\"https:\\\/\\\/radioljubuski.ba\\\/wp-content\\\/uploads\\\/2021\\\/02\\\/cropped-Radio_Ljubuski_logo1.jpg\",\"width\":512,\"height\":512,\"caption\":\"Radio Ljubu\u0161ki\"},\"image\":{\"@id\":\"https:\\\/\\\/radioljubuski.ba\\\/#\\\/schema\\\/logo\\\/image\\\/\"},\"sameAs\":[\"https:\\\/\\\/www.facebook.com\\\/Radiio-Ljubuski-1490835324566332\",\"https:\\\/\\\/x.com\\\/radioljubuski\",\"https:\\\/\\\/hr.linkedin.com\\\/company\\\/radio-ljubuski\",\"https:\\\/\\\/www.youtube.com\\\/channel\\\/UCHYaeO_n0Db3tjNGudGpXyw\"]},{\"@type\":\"Person\",\"@id\":\"https:\\\/\\\/radioljubuski.ba\\\/#\\\/schema\\\/person\\\/19fc700381a780f69665d7956c469e3b\",\"name\":\"Radio Ljubu\u0161ki\"}]}<\/script>\n<!-- \/ Yoast SEO plugin. -->","yoast_head_json":{"title":"Izabrana rije\u010d godine 2021.: Nisu svi rje\u010dnici ni instituti odabrali istu, ali radi se o varijacijama na temu - straha koji drma \u010dovje\u010danstvo. I ne, nije \u2018koronavirus\u2018 - RADIO LJUBU\u0160KI","robots":{"index":"index","follow":"follow","max-snippet":"max-snippet:-1","max-image-preview":"max-image-preview:large","max-video-preview":"max-video-preview:-1"},"canonical":"https:\/\/radioljubuski.ba\/index.php\/2021\/12\/04\/izabrana-rijec-godine-2021-nisu-svi-rjecnici-ni-instituti-odabrali-istu-ali-radi-se-o-varijacijama-na-temu-straha-koji-drma-covjecanstvo-i-ne-nije-koronavirus\/","og_locale":"hr_HR","og_type":"article","og_title":"Izabrana rije\u010d godine 2021.: Nisu svi rje\u010dnici ni instituti odabrali istu, ali radi se o varijacijama na temu - straha koji drma \u010dovje\u010danstvo. I ne, nije \u2018koronavirus\u2018 - RADIO LJUBU\u0160KI","og_description":"Vakcinaje, ako ne jednoglasno, a ono ve\u0107inski progla\u0161ena rije\u010dju godine 2021. Dodu\u0161e, prosinac je tek zapo\u010deo, popularni svetac dvovarijantnog imena \u2013 Mikula uz obalu, Nikola iza brda \u2013 slavi se tek preksutra, ali ve\u0107ina va\u017enijih svjetskih rje\u010dnika i jezikoslovnih ustanova ve\u0107 se opredijelila za ovogodi\u0161nji odabir.&nbsp;Japanski kanji (ideogram) godine \u010dekat \u0107emo jo\u0161 desetak dana. Ali [&hellip;]","og_url":"https:\/\/radioljubuski.ba\/index.php\/2021\/12\/04\/izabrana-rijec-godine-2021-nisu-svi-rjecnici-ni-instituti-odabrali-istu-ali-radi-se-o-varijacijama-na-temu-straha-koji-drma-covjecanstvo-i-ne-nije-koronavirus\/","og_site_name":"RADIO LJUBU\u0160KI","article_publisher":"https:\/\/www.facebook.com\/Radiio-Ljubuski-1490835324566332","article_published_time":"2021-12-04T17:48:30+00:00","article_modified_time":"2021-12-04T17:48:32+00:00","og_image":[{"width":1024,"height":724,"url":"https:\/\/radioljubuski.ba\/wp-content\/uploads\/2021\/12\/o_20214640_1024.jpg","type":"image\/jpeg"}],"author":"Radio Ljubu\u0161ki","twitter_card":"summary_large_image","twitter_creator":"@radioljubuski","twitter_site":"@radioljubuski","twitter_misc":{"Napisao\/la":"Radio Ljubu\u0161ki","Procijenjeno vrijeme \u010ditanja":"6 minuta"},"schema":{"@context":"https:\/\/schema.org","@graph":[{"@type":"Article","@id":"https:\/\/radioljubuski.ba\/index.php\/2021\/12\/04\/izabrana-rijec-godine-2021-nisu-svi-rjecnici-ni-instituti-odabrali-istu-ali-radi-se-o-varijacijama-na-temu-straha-koji-drma-covjecanstvo-i-ne-nije-koronavirus\/#article","isPartOf":{"@id":"https:\/\/radioljubuski.ba\/index.php\/2021\/12\/04\/izabrana-rijec-godine-2021-nisu-svi-rjecnici-ni-instituti-odabrali-istu-ali-radi-se-o-varijacijama-na-temu-straha-koji-drma-covjecanstvo-i-ne-nije-koronavirus\/"},"author":{"name":"Radio Ljubu\u0161ki","@id":"https:\/\/radioljubuski.ba\/#\/schema\/person\/19fc700381a780f69665d7956c469e3b"},"headline":"Izabrana rije\u010d godine 2021.: Nisu svi rje\u010dnici ni instituti odabrali istu, ali radi se o varijacijama na temu &#8211; straha koji drma \u010dovje\u010danstvo. I ne, nije \u2018koronavirus\u2018","datePublished":"2021-12-04T17:48:30+00:00","dateModified":"2021-12-04T17:48:32+00:00","mainEntityOfPage":{"@id":"https:\/\/radioljubuski.ba\/index.php\/2021\/12\/04\/izabrana-rijec-godine-2021-nisu-svi-rjecnici-ni-instituti-odabrali-istu-ali-radi-se-o-varijacijama-na-temu-straha-koji-drma-covjecanstvo-i-ne-nije-koronavirus\/"},"wordCount":1551,"publisher":{"@id":"https:\/\/radioljubuski.ba\/#organization"},"image":{"@id":"https:\/\/radioljubuski.ba\/index.php\/2021\/12\/04\/izabrana-rijec-godine-2021-nisu-svi-rjecnici-ni-instituti-odabrali-istu-ali-radi-se-o-varijacijama-na-temu-straha-koji-drma-covjecanstvo-i-ne-nije-koronavirus\/#primaryimage"},"thumbnailUrl":"https:\/\/radioljubuski.ba\/wp-content\/uploads\/2021\/12\/o_20214640_1024.jpg","articleSection":["BIH i regija"],"inLanguage":"hr"},{"@type":"WebPage","@id":"https:\/\/radioljubuski.ba\/index.php\/2021\/12\/04\/izabrana-rijec-godine-2021-nisu-svi-rjecnici-ni-instituti-odabrali-istu-ali-radi-se-o-varijacijama-na-temu-straha-koji-drma-covjecanstvo-i-ne-nije-koronavirus\/","url":"https:\/\/radioljubuski.ba\/index.php\/2021\/12\/04\/izabrana-rijec-godine-2021-nisu-svi-rjecnici-ni-instituti-odabrali-istu-ali-radi-se-o-varijacijama-na-temu-straha-koji-drma-covjecanstvo-i-ne-nije-koronavirus\/","name":"Izabrana rije\u010d godine 2021.: Nisu svi rje\u010dnici ni instituti odabrali istu, ali radi se o varijacijama na temu - straha koji drma \u010dovje\u010danstvo. I ne, nije \u2018koronavirus\u2018 - RADIO LJUBU\u0160KI","isPartOf":{"@id":"https:\/\/radioljubuski.ba\/#website"},"primaryImageOfPage":{"@id":"https:\/\/radioljubuski.ba\/index.php\/2021\/12\/04\/izabrana-rijec-godine-2021-nisu-svi-rjecnici-ni-instituti-odabrali-istu-ali-radi-se-o-varijacijama-na-temu-straha-koji-drma-covjecanstvo-i-ne-nije-koronavirus\/#primaryimage"},"image":{"@id":"https:\/\/radioljubuski.ba\/index.php\/2021\/12\/04\/izabrana-rijec-godine-2021-nisu-svi-rjecnici-ni-instituti-odabrali-istu-ali-radi-se-o-varijacijama-na-temu-straha-koji-drma-covjecanstvo-i-ne-nije-koronavirus\/#primaryimage"},"thumbnailUrl":"https:\/\/radioljubuski.ba\/wp-content\/uploads\/2021\/12\/o_20214640_1024.jpg","datePublished":"2021-12-04T17:48:30+00:00","dateModified":"2021-12-04T17:48:32+00:00","breadcrumb":{"@id":"https:\/\/radioljubuski.ba\/index.php\/2021\/12\/04\/izabrana-rijec-godine-2021-nisu-svi-rjecnici-ni-instituti-odabrali-istu-ali-radi-se-o-varijacijama-na-temu-straha-koji-drma-covjecanstvo-i-ne-nije-koronavirus\/#breadcrumb"},"inLanguage":"hr","potentialAction":[{"@type":"ReadAction","target":["https:\/\/radioljubuski.ba\/index.php\/2021\/12\/04\/izabrana-rijec-godine-2021-nisu-svi-rjecnici-ni-instituti-odabrali-istu-ali-radi-se-o-varijacijama-na-temu-straha-koji-drma-covjecanstvo-i-ne-nije-koronavirus\/"]}]},{"@type":"ImageObject","inLanguage":"hr","@id":"https:\/\/radioljubuski.ba\/index.php\/2021\/12\/04\/izabrana-rijec-godine-2021-nisu-svi-rjecnici-ni-instituti-odabrali-istu-ali-radi-se-o-varijacijama-na-temu-straha-koji-drma-covjecanstvo-i-ne-nije-koronavirus\/#primaryimage","url":"https:\/\/radioljubuski.ba\/wp-content\/uploads\/2021\/12\/o_20214640_1024.jpg","contentUrl":"https:\/\/radioljubuski.ba\/wp-content\/uploads\/2021\/12\/o_20214640_1024.jpg","width":1024,"height":724},{"@type":"BreadcrumbList","@id":"https:\/\/radioljubuski.ba\/index.php\/2021\/12\/04\/izabrana-rijec-godine-2021-nisu-svi-rjecnici-ni-instituti-odabrali-istu-ali-radi-se-o-varijacijama-na-temu-straha-koji-drma-covjecanstvo-i-ne-nije-koronavirus\/#breadcrumb","itemListElement":[{"@type":"ListItem","position":1,"name":"Po\u010detna stranica","item":"https:\/\/radioljubuski.ba\/"},{"@type":"ListItem","position":2,"name":"Izabrana rije\u010d godine 2021.: Nisu svi rje\u010dnici ni instituti odabrali istu, ali radi se o varijacijama na temu &#8211; straha koji drma \u010dovje\u010danstvo. I ne, nije \u2018koronavirus\u2018"}]},{"@type":"WebSite","@id":"https:\/\/radioljubuski.ba\/#website","url":"https:\/\/radioljubuski.ba\/","name":"Radio Ljubu\u0161ki","description":"Sun\u010dana frekvencija Hercegovine","publisher":{"@id":"https:\/\/radioljubuski.ba\/#organization"},"potentialAction":[{"@type":"SearchAction","target":{"@type":"EntryPoint","urlTemplate":"https:\/\/radioljubuski.ba\/?s={search_term_string}"},"query-input":{"@type":"PropertyValueSpecification","valueRequired":true,"valueName":"search_term_string"}}],"inLanguage":"hr"},{"@type":"Organization","@id":"https:\/\/radioljubuski.ba\/#organization","name":"Radio Ljubu\u0161ki","url":"https:\/\/radioljubuski.ba\/","logo":{"@type":"ImageObject","inLanguage":"hr","@id":"https:\/\/radioljubuski.ba\/#\/schema\/logo\/image\/","url":"https:\/\/radioljubuski.ba\/wp-content\/uploads\/2021\/02\/cropped-Radio_Ljubuski_logo1.jpg","contentUrl":"https:\/\/radioljubuski.ba\/wp-content\/uploads\/2021\/02\/cropped-Radio_Ljubuski_logo1.jpg","width":512,"height":512,"caption":"Radio Ljubu\u0161ki"},"image":{"@id":"https:\/\/radioljubuski.ba\/#\/schema\/logo\/image\/"},"sameAs":["https:\/\/www.facebook.com\/Radiio-Ljubuski-1490835324566332","https:\/\/x.com\/radioljubuski","https:\/\/hr.linkedin.com\/company\/radio-ljubuski","https:\/\/www.youtube.com\/channel\/UCHYaeO_n0Db3tjNGudGpXyw"]},{"@type":"Person","@id":"https:\/\/radioljubuski.ba\/#\/schema\/person\/19fc700381a780f69665d7956c469e3b","name":"Radio Ljubu\u0161ki"}]}},"_links":{"self":[{"href":"https:\/\/radioljubuski.ba\/index.php\/wp-json\/wp\/v2\/posts\/95945","targetHints":{"allow":["GET"]}}],"collection":[{"href":"https:\/\/radioljubuski.ba\/index.php\/wp-json\/wp\/v2\/posts"}],"about":[{"href":"https:\/\/radioljubuski.ba\/index.php\/wp-json\/wp\/v2\/types\/post"}],"author":[{"embeddable":true,"href":"https:\/\/radioljubuski.ba\/index.php\/wp-json\/wp\/v2\/users\/2"}],"replies":[{"embeddable":true,"href":"https:\/\/radioljubuski.ba\/index.php\/wp-json\/wp\/v2\/comments?post=95945"}],"version-history":[{"count":1,"href":"https:\/\/radioljubuski.ba\/index.php\/wp-json\/wp\/v2\/posts\/95945\/revisions"}],"predecessor-version":[{"id":95947,"href":"https:\/\/radioljubuski.ba\/index.php\/wp-json\/wp\/v2\/posts\/95945\/revisions\/95947"}],"wp:featuredmedia":[{"embeddable":true,"href":"https:\/\/radioljubuski.ba\/index.php\/wp-json\/wp\/v2\/media\/95946"}],"wp:attachment":[{"href":"https:\/\/radioljubuski.ba\/index.php\/wp-json\/wp\/v2\/media?parent=95945"}],"wp:term":[{"taxonomy":"category","embeddable":true,"href":"https:\/\/radioljubuski.ba\/index.php\/wp-json\/wp\/v2\/categories?post=95945"},{"taxonomy":"post_tag","embeddable":true,"href":"https:\/\/radioljubuski.ba\/index.php\/wp-json\/wp\/v2\/tags?post=95945"}],"curies":[{"name":"wp","href":"https:\/\/api.w.org\/{rel}","templated":true}]}}