{"id":95960,"date":"2021-12-04T20:17:00","date_gmt":"2021-12-04T19:17:00","guid":{"rendered":"https:\/\/radioljubuski.ba\/?p=95960"},"modified":"2021-12-04T20:17:00","modified_gmt":"2021-12-04T19:17:00","slug":"novi-dubrovacki-biskup-porijeklom-je-iz-janjeva-tko-su-hrvati-janjevci","status":"publish","type":"post","link":"https:\/\/radioljubuski.ba\/index.php\/2021\/12\/04\/novi-dubrovacki-biskup-porijeklom-je-iz-janjeva-tko-su-hrvati-janjevci\/","title":{"rendered":"Novi dubrova\u010dki biskup porijeklom je iz Janjeva: Tko su Hrvati Janjevci?"},"content":{"rendered":"\n<p>Ovog tjedna, u srijedu, 1. prosinca, na blagdan sv. Andrije, imenovan je novi dubrova\u010dki biskup, dosada\u0161nji ravnatelj Katoli\u010dkog \u0161kolskog centra u \u0160ibeniku, tajnik \u0161ibenskoga biskupa Tomislava Rogi\u0107a i ekonom \u0160ibenske biskupije, don Roko Glasnovi\u0107.<\/p>\n\n\n\n<p>Mons. Glasnovi\u0107 ro\u0111en je u \u0160ibeniku. Roditelji su mu porijeklom iz Janjeva na Kosovu, a i on sam je, iako je ro\u0111en u \u0160ibeniku, osnovnu \u0161kolu poha\u0111ao i u Janjevu.<\/p>\n\n\n\n<p>Janjevo je mjesto na Kosovu, jugoisto\u010dno od Pri\u0161tine, u kojem Hrvati \u017eive jo\u0161 od 14. stolje\u0107a, \u0161to ih \u010dini najstarijom hrvatskom dijasporom. Doseljenje Hrvata na to podru\u010dje se\u017ee jo\u0161 u vrijeme Dubrova\u010dke Republike. Naime, dubrova\u010dki i kotorski trgovci, koji su trgovali na tom podru\u010dju, stvorili su svoju koloniju te se mnogi od njih ostali ondje.<\/p>\n\n\n\n<h3 class=\"wp-block-heading\"><strong>Tijekom 7 stolje\u0107a sa\u010duvali katoli\u010dku vjeru i hrvatski identitet<\/strong><\/h3>\n\n\n\n<p>Dubrova\u010dka Republika posebno je profitirala na posredni\u010dkoj trgovini \u2013 bila je most izme\u0111u Istoka i Zapada. Trgovinu sa zale\u0111em nije prekinula ni nakon osmanskih osvajanja. Naime, sa sultanom je sklopila ugovor o slobodnom kretanju svojih trgovaca na teritoriju Osmanskog Carstva, \u0161to ju je u\u010dinilo jedinom katoli\u010dkom dr\u017eavom s takvom privilegijom.<\/p>\n\n\n\n<p>Janjevci su, dakle, porijeklom Dubrov\u010dani, koji su svoju katoli\u010dku vjeru i hrvatski identitet uspjeli sa\u010duvati tijekom 7 stolje\u0107a. \u017divjeli su pod osmanskom vla\u0161\u0107u, ali nisu se islamizirali. Usprkos udarima i srpskog nacionalizma o komunizma, zadr\u017eali su svoj kulturu, narodnost i vjeru.<\/p>\n\n\n\n<p>Prostor kojeg naseljavaju uz mjesto Janjevo obuhva\u0107a i sela Letnica, \u0160a\u0161are, Vrnavokolo i Vrnez.<\/p>\n\n\n\n<p>Po\u010detkom XVII. st. mjesto Janjevo je imalo oko 500 ku\u0107a. U XX. st. razvila se metaloprera\u0111iva\u010dka industrija, ali su obrt i trgovina ostali glavna gospodarska grana. Raspad Jugoslavije i ratna zbivanja na Kosovu natjerali su ve\u0107inu stanovnika na izbjegli\u0161tvo u Hrvatsku, najvi\u0161e u Zagreb, Slavoniju i Dalmaciju (Kistanje).<\/p>\n\n\n\n<h3 class=\"wp-block-heading\"><strong>Obi\u010daji, govor i no\u0161nja janjeva\u010dkih Hrvata<\/strong><\/h3>\n\n\n\n<p>\u017dupa u Janjevu posve\u0107ena je sv. Nikoli, a zvono \u017eupne crkve drugo je najstarije zvono u Hrvata. Janjevci tako\u0111er posebno \u0161tuju sv. Vlaha, za\u0161titnika Dubrovnika, odakle vuku podrijetlo. Od srednjeg vijeka Janjevci pohode Festu svetog Vlaha u Dubrovniku i neizostavni su dio procesije u kojoj su u prepoznatljivim no\u0161njama.<\/p>\n\n\n\n<iframe loading=\"lazy\" src=\"https:\/\/www.facebook.com\/plugins\/post.php?href=https%3A%2F%2Fwww.facebook.com%2Fudrugajanjevozagreb.hr%2Fposts%2F712217142795500&#038;show_text=true&#038;width=500\" width=\"500\" height=\"800\" style=\"border:none;overflow:hidden\" scrolling=\"no\" frameborder=\"0\" allowfullscreen=\"true\" allow=\"autoplay; clipboard-write; encrypted-media; picture-in-picture; web-share\"><\/iframe>\n\n\n\n<p><strong>No\u0161nja odraslih mu\u0161karaca<\/strong>&nbsp;sastojala se od primjesa orijentalne i bugarske no\u0161nje: na glavi \u0161ubara, zatim ko\u0161ulja, \u010dak\u0161ire (hla\u010de s dugim turom i uskim nogavicama koje se kop\u010daju sa strane), mintan ili palta (kaput). Oko sredine tijela vezivao se pojas, a na noge su se obuvale kondure ili jemenije (cipele). Od po\u010detka 20. stolje\u0107a mu\u0161karci su potpuno preuzeli europsku gra\u0111ansku no\u0161nju, pi\u0161e&nbsp;<a href=\"https:\/\/mojahrvatska.vecernji.hr\/price\/ovo-je-najstarija-hrvatska-dijaspora-u-kojoj-se-neprekidno-zivi-od-14-stoljeca-1251739\">mojahrvatska.vecernji.hr<\/a>.<\/p>\n\n\n\n<p><strong>\u017dene su, naprotiv, zadr\u017eale orijentalnu no\u0161nju<\/strong>&nbsp;koja je nastala pod turskim utjecajem. Udane \u017eene na glavi su nosile fes ili otos (klupko od krpa sa\u0161iveno od kadife), a neudane su nosile kucelj (pletenica) spu\u0161ten niz le\u0111a. Na glavu se stavljala i \u0161amija (marama), vunena izvan ku\u0107e, a obi\u010dna u ku\u0107i. Na gornjem dijelu tijela nosio se mintan ili mintan\u010de (jaknica), odnosno jelek ili d\u017eamadan (prsluk), ispod kojeg je bila ko\u0161ulja s \u010dipkanim ovratnikom. \u017dene nisu nosile suknje, ve\u0107 dimije preko kojih je bila preba\u010dena bogato ukra\u0161ena bo\u0161\u010da (prega\u010da), a struk se vezivao ku\u0161akom (pojasom).<\/p>\n\n\n\n<p>Radnim danima nosile su nalune (natika\u010de), a kada su izlazile izvan ku\u0107e obuvale su jemenije (cipele) sli\u010dne gra\u0111anskim. Sve\u010dana \u017eenska odje\u0107a bila je vrlo skupa i \u017eivopisna pa je uz nju i\u0161ao i prigodan nakit: dukati, zlatne ogrlice, \u0111in\u0111uve (biserne niske), cura\u0107e (nau\u0161nice) i prstenje. Svadbena \u017eenska odje\u0107a uklju\u010divala je uz mintan\u010det, dimije, ko\u0161ulje i fes jo\u0161 i terlik (papu\u010dice od safijana s ornamentima), duak (veo), nau\u0161nice, prsten, dva reda rubija (dukata) kao nakit glave i jedan ve\u0107i dukat koji je i\u0161ao na \u010delo.<\/p>\n\n\n\n<h3 class=\"wp-block-heading\"><strong>Neki poznati Janjevci<\/strong><\/h3>\n\n\n\n<p>Danas u hrvatskom javnom prostoru djeluju mnogi Janjevci. Spomenimo samo generala&nbsp;<strong>\u017deljka Glasnovi\u0107a<\/strong>, zapovjednika HV-a i HVO-a, koji je bio zastupnik u pro\u0161lom sazivu Sabora i politi\u010dara&nbsp;<strong>Roka Anti\u0107a<\/strong>&nbsp;iz Kistanja, koji je podnio ostavku na funkciju u HDZ-u nakon ratifikacije Istanbulske konvencije.<\/p>\n\n\n\n<p>Hrvat Janjevac je i katoli\u010dki bla\u017eenik i mu\u010denik,&nbsp;<strong>Serafin Kodi\u0107 Glasnovi\u0107<\/strong>. Kao franjeva\u010dki sve\u0107enik djelovao je u Albaniji za re\u017eima komunisti\u010dkog vo\u0111e Envera Hoxhe, pod kojim je, zbog la\u017ene optu\u017ebe, bio mu\u010den. Umro je od posljedica mu\u010denja u franjeva\u010dkom samostanu u Lje\u0161u u Albaniji.<\/p>\n\n\n\n<p><em>Izvor: narod.hr<\/em><\/p>\n","protected":false},"excerpt":{"rendered":"<p>Ovog tjedna, u srijedu, 1. prosinca, na blagdan sv. Andrije, imenovan je novi dubrova\u010dki biskup, dosada\u0161nji ravnatelj Katoli\u010dkog \u0161kolskog centra u \u0160ibeniku, tajnik \u0161ibenskoga biskupa Tomislava Rogi\u0107a i ekonom \u0160ibenske biskupije, don Roko Glasnovi\u0107. Mons. Glasnovi\u0107 ro\u0111en je u \u0160ibeniku. Roditelji su mu porijeklom iz Janjeva na Kosovu, a i on sam je, iako je [&hellip;]<\/p>\n","protected":false},"author":2,"featured_media":95961,"comment_status":"closed","ping_status":"closed","sticky":false,"template":"","format":"standard","meta":{"h5ap_radio_sources":[],"footnotes":""},"categories":[1],"tags":[],"class_list":["post-95960","post","type-post","status-publish","format-standard","has-post-thumbnail","hentry","category-bihiregija"],"yoast_head":"<!-- This site is optimized with the Yoast SEO plugin v27.5 - https:\/\/yoast.com\/product\/yoast-seo-wordpress\/ -->\n<title>Novi dubrova\u010dki biskup porijeklom je iz Janjeva: Tko su Hrvati Janjevci? - RADIO LJUBU\u0160KI<\/title>\n<meta name=\"robots\" content=\"index, follow, max-snippet:-1, max-image-preview:large, max-video-preview:-1\" \/>\n<link rel=\"canonical\" href=\"https:\/\/radioljubuski.ba\/index.php\/2021\/12\/04\/novi-dubrovacki-biskup-porijeklom-je-iz-janjeva-tko-su-hrvati-janjevci\/\" \/>\n<meta property=\"og:locale\" content=\"hr_HR\" \/>\n<meta property=\"og:type\" content=\"article\" \/>\n<meta property=\"og:title\" content=\"Novi dubrova\u010dki biskup porijeklom je iz Janjeva: Tko su Hrvati Janjevci? - RADIO LJUBU\u0160KI\" \/>\n<meta property=\"og:description\" content=\"Ovog tjedna, u srijedu, 1. prosinca, na blagdan sv. Andrije, imenovan je novi dubrova\u010dki biskup, dosada\u0161nji ravnatelj Katoli\u010dkog \u0161kolskog centra u \u0160ibeniku, tajnik \u0161ibenskoga biskupa Tomislava Rogi\u0107a i ekonom \u0160ibenske biskupije, don Roko Glasnovi\u0107. Mons. Glasnovi\u0107 ro\u0111en je u \u0160ibeniku. Roditelji su mu porijeklom iz Janjeva na Kosovu, a i on sam je, iako je [&hellip;]\" \/>\n<meta property=\"og:url\" content=\"https:\/\/radioljubuski.ba\/index.php\/2021\/12\/04\/novi-dubrovacki-biskup-porijeklom-je-iz-janjeva-tko-su-hrvati-janjevci\/\" \/>\n<meta property=\"og:site_name\" content=\"RADIO LJUBU\u0160KI\" \/>\n<meta property=\"article:publisher\" content=\"https:\/\/www.facebook.com\/Radiio-Ljubuski-1490835324566332\" \/>\n<meta property=\"article:published_time\" content=\"2021-12-04T19:17:00+00:00\" \/>\n<meta property=\"og:image\" content=\"https:\/\/radioljubuski.ba\/wp-content\/uploads\/2021\/12\/mons.-glasnovic-janjevacka-nosnja-696x464-1.jpg\" \/>\n\t<meta property=\"og:image:width\" content=\"696\" \/>\n\t<meta property=\"og:image:height\" content=\"464\" \/>\n\t<meta property=\"og:image:type\" content=\"image\/jpeg\" \/>\n<meta name=\"author\" content=\"Radio Ljubu\u0161ki\" \/>\n<meta name=\"twitter:card\" content=\"summary_large_image\" \/>\n<meta name=\"twitter:creator\" content=\"@radioljubuski\" \/>\n<meta name=\"twitter:site\" content=\"@radioljubuski\" \/>\n<meta name=\"twitter:label1\" content=\"Napisao\/la\" \/>\n\t<meta name=\"twitter:data1\" content=\"Radio Ljubu\u0161ki\" \/>\n\t<meta name=\"twitter:label2\" content=\"Procijenjeno vrijeme \u010ditanja\" \/>\n\t<meta name=\"twitter:data2\" content=\"3 minute\" \/>\n<script type=\"application\/ld+json\" class=\"yoast-schema-graph\">{\"@context\":\"https:\\\/\\\/schema.org\",\"@graph\":[{\"@type\":\"Article\",\"@id\":\"https:\\\/\\\/radioljubuski.ba\\\/index.php\\\/2021\\\/12\\\/04\\\/novi-dubrovacki-biskup-porijeklom-je-iz-janjeva-tko-su-hrvati-janjevci\\\/#article\",\"isPartOf\":{\"@id\":\"https:\\\/\\\/radioljubuski.ba\\\/index.php\\\/2021\\\/12\\\/04\\\/novi-dubrovacki-biskup-porijeklom-je-iz-janjeva-tko-su-hrvati-janjevci\\\/\"},\"author\":{\"name\":\"Radio Ljubu\u0161ki\",\"@id\":\"https:\\\/\\\/radioljubuski.ba\\\/#\\\/schema\\\/person\\\/19fc700381a780f69665d7956c469e3b\"},\"headline\":\"Novi dubrova\u010dki biskup porijeklom je iz Janjeva: Tko su Hrvati Janjevci?\",\"datePublished\":\"2021-12-04T19:17:00+00:00\",\"mainEntityOfPage\":{\"@id\":\"https:\\\/\\\/radioljubuski.ba\\\/index.php\\\/2021\\\/12\\\/04\\\/novi-dubrovacki-biskup-porijeklom-je-iz-janjeva-tko-su-hrvati-janjevci\\\/\"},\"wordCount\":795,\"publisher\":{\"@id\":\"https:\\\/\\\/radioljubuski.ba\\\/#organization\"},\"image\":{\"@id\":\"https:\\\/\\\/radioljubuski.ba\\\/index.php\\\/2021\\\/12\\\/04\\\/novi-dubrovacki-biskup-porijeklom-je-iz-janjeva-tko-su-hrvati-janjevci\\\/#primaryimage\"},\"thumbnailUrl\":\"https:\\\/\\\/radioljubuski.ba\\\/wp-content\\\/uploads\\\/2021\\\/12\\\/mons.-glasnovic-janjevacka-nosnja-696x464-1.jpg\",\"articleSection\":[\"BIH i regija\"],\"inLanguage\":\"hr\"},{\"@type\":\"WebPage\",\"@id\":\"https:\\\/\\\/radioljubuski.ba\\\/index.php\\\/2021\\\/12\\\/04\\\/novi-dubrovacki-biskup-porijeklom-je-iz-janjeva-tko-su-hrvati-janjevci\\\/\",\"url\":\"https:\\\/\\\/radioljubuski.ba\\\/index.php\\\/2021\\\/12\\\/04\\\/novi-dubrovacki-biskup-porijeklom-je-iz-janjeva-tko-su-hrvati-janjevci\\\/\",\"name\":\"Novi dubrova\u010dki biskup porijeklom je iz Janjeva: Tko su Hrvati Janjevci? - RADIO LJUBU\u0160KI\",\"isPartOf\":{\"@id\":\"https:\\\/\\\/radioljubuski.ba\\\/#website\"},\"primaryImageOfPage\":{\"@id\":\"https:\\\/\\\/radioljubuski.ba\\\/index.php\\\/2021\\\/12\\\/04\\\/novi-dubrovacki-biskup-porijeklom-je-iz-janjeva-tko-su-hrvati-janjevci\\\/#primaryimage\"},\"image\":{\"@id\":\"https:\\\/\\\/radioljubuski.ba\\\/index.php\\\/2021\\\/12\\\/04\\\/novi-dubrovacki-biskup-porijeklom-je-iz-janjeva-tko-su-hrvati-janjevci\\\/#primaryimage\"},\"thumbnailUrl\":\"https:\\\/\\\/radioljubuski.ba\\\/wp-content\\\/uploads\\\/2021\\\/12\\\/mons.-glasnovic-janjevacka-nosnja-696x464-1.jpg\",\"datePublished\":\"2021-12-04T19:17:00+00:00\",\"breadcrumb\":{\"@id\":\"https:\\\/\\\/radioljubuski.ba\\\/index.php\\\/2021\\\/12\\\/04\\\/novi-dubrovacki-biskup-porijeklom-je-iz-janjeva-tko-su-hrvati-janjevci\\\/#breadcrumb\"},\"inLanguage\":\"hr\",\"potentialAction\":[{\"@type\":\"ReadAction\",\"target\":[\"https:\\\/\\\/radioljubuski.ba\\\/index.php\\\/2021\\\/12\\\/04\\\/novi-dubrovacki-biskup-porijeklom-je-iz-janjeva-tko-su-hrvati-janjevci\\\/\"]}]},{\"@type\":\"ImageObject\",\"inLanguage\":\"hr\",\"@id\":\"https:\\\/\\\/radioljubuski.ba\\\/index.php\\\/2021\\\/12\\\/04\\\/novi-dubrovacki-biskup-porijeklom-je-iz-janjeva-tko-su-hrvati-janjevci\\\/#primaryimage\",\"url\":\"https:\\\/\\\/radioljubuski.ba\\\/wp-content\\\/uploads\\\/2021\\\/12\\\/mons.-glasnovic-janjevacka-nosnja-696x464-1.jpg\",\"contentUrl\":\"https:\\\/\\\/radioljubuski.ba\\\/wp-content\\\/uploads\\\/2021\\\/12\\\/mons.-glasnovic-janjevacka-nosnja-696x464-1.jpg\",\"width\":696,\"height\":464},{\"@type\":\"BreadcrumbList\",\"@id\":\"https:\\\/\\\/radioljubuski.ba\\\/index.php\\\/2021\\\/12\\\/04\\\/novi-dubrovacki-biskup-porijeklom-je-iz-janjeva-tko-su-hrvati-janjevci\\\/#breadcrumb\",\"itemListElement\":[{\"@type\":\"ListItem\",\"position\":1,\"name\":\"Po\u010detna stranica\",\"item\":\"https:\\\/\\\/radioljubuski.ba\\\/\"},{\"@type\":\"ListItem\",\"position\":2,\"name\":\"Novi dubrova\u010dki biskup porijeklom je iz Janjeva: Tko su Hrvati Janjevci?\"}]},{\"@type\":\"WebSite\",\"@id\":\"https:\\\/\\\/radioljubuski.ba\\\/#website\",\"url\":\"https:\\\/\\\/radioljubuski.ba\\\/\",\"name\":\"Radio Ljubu\u0161ki\",\"description\":\"Sun\u010dana frekvencija Hercegovine\",\"publisher\":{\"@id\":\"https:\\\/\\\/radioljubuski.ba\\\/#organization\"},\"potentialAction\":[{\"@type\":\"SearchAction\",\"target\":{\"@type\":\"EntryPoint\",\"urlTemplate\":\"https:\\\/\\\/radioljubuski.ba\\\/?s={search_term_string}\"},\"query-input\":{\"@type\":\"PropertyValueSpecification\",\"valueRequired\":true,\"valueName\":\"search_term_string\"}}],\"inLanguage\":\"hr\"},{\"@type\":\"Organization\",\"@id\":\"https:\\\/\\\/radioljubuski.ba\\\/#organization\",\"name\":\"Radio Ljubu\u0161ki\",\"url\":\"https:\\\/\\\/radioljubuski.ba\\\/\",\"logo\":{\"@type\":\"ImageObject\",\"inLanguage\":\"hr\",\"@id\":\"https:\\\/\\\/radioljubuski.ba\\\/#\\\/schema\\\/logo\\\/image\\\/\",\"url\":\"https:\\\/\\\/radioljubuski.ba\\\/wp-content\\\/uploads\\\/2021\\\/02\\\/cropped-Radio_Ljubuski_logo1.jpg\",\"contentUrl\":\"https:\\\/\\\/radioljubuski.ba\\\/wp-content\\\/uploads\\\/2021\\\/02\\\/cropped-Radio_Ljubuski_logo1.jpg\",\"width\":512,\"height\":512,\"caption\":\"Radio Ljubu\u0161ki\"},\"image\":{\"@id\":\"https:\\\/\\\/radioljubuski.ba\\\/#\\\/schema\\\/logo\\\/image\\\/\"},\"sameAs\":[\"https:\\\/\\\/www.facebook.com\\\/Radiio-Ljubuski-1490835324566332\",\"https:\\\/\\\/x.com\\\/radioljubuski\",\"https:\\\/\\\/hr.linkedin.com\\\/company\\\/radio-ljubuski\",\"https:\\\/\\\/www.youtube.com\\\/channel\\\/UCHYaeO_n0Db3tjNGudGpXyw\"]},{\"@type\":\"Person\",\"@id\":\"https:\\\/\\\/radioljubuski.ba\\\/#\\\/schema\\\/person\\\/19fc700381a780f69665d7956c469e3b\",\"name\":\"Radio Ljubu\u0161ki\"}]}<\/script>\n<!-- \/ Yoast SEO plugin. -->","yoast_head_json":{"title":"Novi dubrova\u010dki biskup porijeklom je iz Janjeva: Tko su Hrvati Janjevci? - RADIO LJUBU\u0160KI","robots":{"index":"index","follow":"follow","max-snippet":"max-snippet:-1","max-image-preview":"max-image-preview:large","max-video-preview":"max-video-preview:-1"},"canonical":"https:\/\/radioljubuski.ba\/index.php\/2021\/12\/04\/novi-dubrovacki-biskup-porijeklom-je-iz-janjeva-tko-su-hrvati-janjevci\/","og_locale":"hr_HR","og_type":"article","og_title":"Novi dubrova\u010dki biskup porijeklom je iz Janjeva: Tko su Hrvati Janjevci? - RADIO LJUBU\u0160KI","og_description":"Ovog tjedna, u srijedu, 1. prosinca, na blagdan sv. Andrije, imenovan je novi dubrova\u010dki biskup, dosada\u0161nji ravnatelj Katoli\u010dkog \u0161kolskog centra u \u0160ibeniku, tajnik \u0161ibenskoga biskupa Tomislava Rogi\u0107a i ekonom \u0160ibenske biskupije, don Roko Glasnovi\u0107. Mons. Glasnovi\u0107 ro\u0111en je u \u0160ibeniku. Roditelji su mu porijeklom iz Janjeva na Kosovu, a i on sam je, iako je [&hellip;]","og_url":"https:\/\/radioljubuski.ba\/index.php\/2021\/12\/04\/novi-dubrovacki-biskup-porijeklom-je-iz-janjeva-tko-su-hrvati-janjevci\/","og_site_name":"RADIO LJUBU\u0160KI","article_publisher":"https:\/\/www.facebook.com\/Radiio-Ljubuski-1490835324566332","article_published_time":"2021-12-04T19:17:00+00:00","og_image":[{"width":696,"height":464,"url":"https:\/\/radioljubuski.ba\/wp-content\/uploads\/2021\/12\/mons.-glasnovic-janjevacka-nosnja-696x464-1.jpg","type":"image\/jpeg"}],"author":"Radio Ljubu\u0161ki","twitter_card":"summary_large_image","twitter_creator":"@radioljubuski","twitter_site":"@radioljubuski","twitter_misc":{"Napisao\/la":"Radio Ljubu\u0161ki","Procijenjeno vrijeme \u010ditanja":"3 minute"},"schema":{"@context":"https:\/\/schema.org","@graph":[{"@type":"Article","@id":"https:\/\/radioljubuski.ba\/index.php\/2021\/12\/04\/novi-dubrovacki-biskup-porijeklom-je-iz-janjeva-tko-su-hrvati-janjevci\/#article","isPartOf":{"@id":"https:\/\/radioljubuski.ba\/index.php\/2021\/12\/04\/novi-dubrovacki-biskup-porijeklom-je-iz-janjeva-tko-su-hrvati-janjevci\/"},"author":{"name":"Radio Ljubu\u0161ki","@id":"https:\/\/radioljubuski.ba\/#\/schema\/person\/19fc700381a780f69665d7956c469e3b"},"headline":"Novi dubrova\u010dki biskup porijeklom je iz Janjeva: Tko su Hrvati Janjevci?","datePublished":"2021-12-04T19:17:00+00:00","mainEntityOfPage":{"@id":"https:\/\/radioljubuski.ba\/index.php\/2021\/12\/04\/novi-dubrovacki-biskup-porijeklom-je-iz-janjeva-tko-su-hrvati-janjevci\/"},"wordCount":795,"publisher":{"@id":"https:\/\/radioljubuski.ba\/#organization"},"image":{"@id":"https:\/\/radioljubuski.ba\/index.php\/2021\/12\/04\/novi-dubrovacki-biskup-porijeklom-je-iz-janjeva-tko-su-hrvati-janjevci\/#primaryimage"},"thumbnailUrl":"https:\/\/radioljubuski.ba\/wp-content\/uploads\/2021\/12\/mons.-glasnovic-janjevacka-nosnja-696x464-1.jpg","articleSection":["BIH i regija"],"inLanguage":"hr"},{"@type":"WebPage","@id":"https:\/\/radioljubuski.ba\/index.php\/2021\/12\/04\/novi-dubrovacki-biskup-porijeklom-je-iz-janjeva-tko-su-hrvati-janjevci\/","url":"https:\/\/radioljubuski.ba\/index.php\/2021\/12\/04\/novi-dubrovacki-biskup-porijeklom-je-iz-janjeva-tko-su-hrvati-janjevci\/","name":"Novi dubrova\u010dki biskup porijeklom je iz Janjeva: Tko su Hrvati Janjevci? - RADIO LJUBU\u0160KI","isPartOf":{"@id":"https:\/\/radioljubuski.ba\/#website"},"primaryImageOfPage":{"@id":"https:\/\/radioljubuski.ba\/index.php\/2021\/12\/04\/novi-dubrovacki-biskup-porijeklom-je-iz-janjeva-tko-su-hrvati-janjevci\/#primaryimage"},"image":{"@id":"https:\/\/radioljubuski.ba\/index.php\/2021\/12\/04\/novi-dubrovacki-biskup-porijeklom-je-iz-janjeva-tko-su-hrvati-janjevci\/#primaryimage"},"thumbnailUrl":"https:\/\/radioljubuski.ba\/wp-content\/uploads\/2021\/12\/mons.-glasnovic-janjevacka-nosnja-696x464-1.jpg","datePublished":"2021-12-04T19:17:00+00:00","breadcrumb":{"@id":"https:\/\/radioljubuski.ba\/index.php\/2021\/12\/04\/novi-dubrovacki-biskup-porijeklom-je-iz-janjeva-tko-su-hrvati-janjevci\/#breadcrumb"},"inLanguage":"hr","potentialAction":[{"@type":"ReadAction","target":["https:\/\/radioljubuski.ba\/index.php\/2021\/12\/04\/novi-dubrovacki-biskup-porijeklom-je-iz-janjeva-tko-su-hrvati-janjevci\/"]}]},{"@type":"ImageObject","inLanguage":"hr","@id":"https:\/\/radioljubuski.ba\/index.php\/2021\/12\/04\/novi-dubrovacki-biskup-porijeklom-je-iz-janjeva-tko-su-hrvati-janjevci\/#primaryimage","url":"https:\/\/radioljubuski.ba\/wp-content\/uploads\/2021\/12\/mons.-glasnovic-janjevacka-nosnja-696x464-1.jpg","contentUrl":"https:\/\/radioljubuski.ba\/wp-content\/uploads\/2021\/12\/mons.-glasnovic-janjevacka-nosnja-696x464-1.jpg","width":696,"height":464},{"@type":"BreadcrumbList","@id":"https:\/\/radioljubuski.ba\/index.php\/2021\/12\/04\/novi-dubrovacki-biskup-porijeklom-je-iz-janjeva-tko-su-hrvati-janjevci\/#breadcrumb","itemListElement":[{"@type":"ListItem","position":1,"name":"Po\u010detna stranica","item":"https:\/\/radioljubuski.ba\/"},{"@type":"ListItem","position":2,"name":"Novi dubrova\u010dki biskup porijeklom je iz Janjeva: Tko su Hrvati Janjevci?"}]},{"@type":"WebSite","@id":"https:\/\/radioljubuski.ba\/#website","url":"https:\/\/radioljubuski.ba\/","name":"Radio Ljubu\u0161ki","description":"Sun\u010dana frekvencija Hercegovine","publisher":{"@id":"https:\/\/radioljubuski.ba\/#organization"},"potentialAction":[{"@type":"SearchAction","target":{"@type":"EntryPoint","urlTemplate":"https:\/\/radioljubuski.ba\/?s={search_term_string}"},"query-input":{"@type":"PropertyValueSpecification","valueRequired":true,"valueName":"search_term_string"}}],"inLanguage":"hr"},{"@type":"Organization","@id":"https:\/\/radioljubuski.ba\/#organization","name":"Radio Ljubu\u0161ki","url":"https:\/\/radioljubuski.ba\/","logo":{"@type":"ImageObject","inLanguage":"hr","@id":"https:\/\/radioljubuski.ba\/#\/schema\/logo\/image\/","url":"https:\/\/radioljubuski.ba\/wp-content\/uploads\/2021\/02\/cropped-Radio_Ljubuski_logo1.jpg","contentUrl":"https:\/\/radioljubuski.ba\/wp-content\/uploads\/2021\/02\/cropped-Radio_Ljubuski_logo1.jpg","width":512,"height":512,"caption":"Radio Ljubu\u0161ki"},"image":{"@id":"https:\/\/radioljubuski.ba\/#\/schema\/logo\/image\/"},"sameAs":["https:\/\/www.facebook.com\/Radiio-Ljubuski-1490835324566332","https:\/\/x.com\/radioljubuski","https:\/\/hr.linkedin.com\/company\/radio-ljubuski","https:\/\/www.youtube.com\/channel\/UCHYaeO_n0Db3tjNGudGpXyw"]},{"@type":"Person","@id":"https:\/\/radioljubuski.ba\/#\/schema\/person\/19fc700381a780f69665d7956c469e3b","name":"Radio Ljubu\u0161ki"}]}},"_links":{"self":[{"href":"https:\/\/radioljubuski.ba\/index.php\/wp-json\/wp\/v2\/posts\/95960","targetHints":{"allow":["GET"]}}],"collection":[{"href":"https:\/\/radioljubuski.ba\/index.php\/wp-json\/wp\/v2\/posts"}],"about":[{"href":"https:\/\/radioljubuski.ba\/index.php\/wp-json\/wp\/v2\/types\/post"}],"author":[{"embeddable":true,"href":"https:\/\/radioljubuski.ba\/index.php\/wp-json\/wp\/v2\/users\/2"}],"replies":[{"embeddable":true,"href":"https:\/\/radioljubuski.ba\/index.php\/wp-json\/wp\/v2\/comments?post=95960"}],"version-history":[{"count":1,"href":"https:\/\/radioljubuski.ba\/index.php\/wp-json\/wp\/v2\/posts\/95960\/revisions"}],"predecessor-version":[{"id":95962,"href":"https:\/\/radioljubuski.ba\/index.php\/wp-json\/wp\/v2\/posts\/95960\/revisions\/95962"}],"wp:featuredmedia":[{"embeddable":true,"href":"https:\/\/radioljubuski.ba\/index.php\/wp-json\/wp\/v2\/media\/95961"}],"wp:attachment":[{"href":"https:\/\/radioljubuski.ba\/index.php\/wp-json\/wp\/v2\/media?parent=95960"}],"wp:term":[{"taxonomy":"category","embeddable":true,"href":"https:\/\/radioljubuski.ba\/index.php\/wp-json\/wp\/v2\/categories?post=95960"},{"taxonomy":"post_tag","embeddable":true,"href":"https:\/\/radioljubuski.ba\/index.php\/wp-json\/wp\/v2\/tags?post=95960"}],"curies":[{"name":"wp","href":"https:\/\/api.w.org\/{rel}","templated":true}]}}