{"id":95967,"date":"2021-12-04T22:18:27","date_gmt":"2021-12-04T21:18:27","guid":{"rendered":"https:\/\/radioljubuski.ba\/?p=95967"},"modified":"2021-12-04T22:18:29","modified_gmt":"2021-12-04T21:18:29","slug":"druga-pobjeda-norvezanina-u-24-sata","status":"publish","type":"post","link":"https:\/\/radioljubuski.ba\/index.php\/2021\/12\/04\/druga-pobjeda-norvezanina-u-24-sata\/","title":{"rendered":"Druga pobjeda Norve\u017eanina u 24 sata"},"content":{"rendered":"\n<p><strong>Norve\u017eanin&nbsp;Aleksander Aamodt Kilde&nbsp;ostvario je drugu pobjedu unutar 24 sata u utrkama Svjetskog kupa u ameri\u010dkom Beaver Creeku. Nakon \u0161to je u petak bio najbolji u superveleslalomu, u subotu je s uvjerljivom predno\u0161\u0107u do\u0161ao do pobjede u spustu.&nbsp; &nbsp;<\/strong><\/p>\n\n\n\n<p>Gotovo 3,5 km odli\u010dno pripremljene staze u Beaver Creeku, u idealnim vremenskim uvjetima, Kilde je pro\u0161ao za manje od 100 sekundi (1:39.63 minta) i bio je jedini kojemu je to uspjelo.<br><br>Kilde se stazom &#8220;Birds of Prey&#8221; spustio sa startnim brojem 19 i bilo je malo onih koji su vjerovali da \u0107e bilo tko uspjeti s pobjedni\u010dkog trona skinuti do tada vode\u0107eg Austrijanca<strong>\u00a0Matthiasa Mayera<\/strong>. No, Kilde je Mayerovo vrijeme nadma\u0161io za \u010dak 66 stotinki zahvaljuju\u0107i odli\u010dnoj vo\u017enji, pogotovo u zavr\u0161nom dijelu staze.<br><br>Tre\u0107e mjesto je osvojio \u0160vicarac\u00a0<strong>Beat Feuz<\/strong>, trostruki osvaja\u010d Malog kristalnog globusa u zadnje tri sezone, iako je napravio veliku pogre\u0161ku zabiv\u0161i se kacigom u jedna vrata, \u0161to mu je odnijelo dosta vremena pa je za Norve\u017eaninom zaostao vi\u0161e od sekunde (+1.01).<\/p>\n\n\n\n<blockquote class=\"twitter-tweet\"><p lang=\"en\" dir=\"ltr\">Two wins in a row for <a href=\"https:\/\/twitter.com\/AleksanderKilde?ref_src=twsrc%5Etfw\">@AleksanderKilde<\/a> at the <a href=\"https:\/\/twitter.com\/bcworldcup?ref_src=twsrc%5Etfw\">@bcworldcup<\/a> \ud83d\udc4f It&#39;s his second back-to-back after Val Gardena (2020\/2021)<a href=\"https:\/\/twitter.com\/hashtag\/fisalpine?src=hash&amp;ref_src=twsrc%5Etfw\">#fisalpine<\/a> <a href=\"https:\/\/t.co\/T3T3b8vR8b\">pic.twitter.com\/T3T3b8vR8b<\/a><\/p>&mdash; FIS Alpine (@fisalpine) <a href=\"https:\/\/twitter.com\/fisalpine\/status\/1467233777843937288?ref_src=twsrc%5Etfw\">December 4, 2021<\/a><\/blockquote> <script async src=\"https:\/\/platform.twitter.com\/widgets.js\" charset=\"utf-8\"><\/script>\n\n\n\n<p>U redoslijedu spusta\u0161a nakon dva natjecanja vodi Mayer sa 189 bodova, Kilde je drugi sa 129, a Feuz tre\u0107i sa 120. U ukupnom redoslijedu vode\u0107i&nbsp;<strong>Marco Odermatt<\/strong>&nbsp;ima 346 bodova, samo 36 vi\u0161e od Mayera, koji je uo\u010di dana\u0161njeg spusta zaostajao to\u010dno 100 bodova. Na tre\u0107e mjesto se probio Kilde sa 229 bodova.<br><br>U nedjelju u 20 sati po srednjoeuropskom vremenu u Beaver Creeku na rasporedu je jo\u0161 jedan spust.<\/p>\n\n\n\n<p>Izvor:hrt.hr<\/p>\n","protected":false},"excerpt":{"rendered":"<p>Norve\u017eanin&nbsp;Aleksander Aamodt Kilde&nbsp;ostvario je drugu pobjedu unutar 24 sata u utrkama Svjetskog kupa u ameri\u010dkom Beaver Creeku. Nakon \u0161to je u petak bio najbolji u superveleslalomu, u subotu je s uvjerljivom predno\u0161\u0107u do\u0161ao do pobjede u spustu.&nbsp; &nbsp; Gotovo 3,5 km odli\u010dno pripremljene staze u Beaver Creeku, u idealnim vremenskim uvjetima, Kilde je pro\u0161ao za [&hellip;]<\/p>\n","protected":false},"author":2,"featured_media":95968,"comment_status":"closed","ping_status":"closed","sticky":false,"template":"","format":"standard","meta":{"h5ap_radio_sources":[],"footnotes":""},"categories":[7],"tags":[],"class_list":["post-95967","post","type-post","status-publish","format-standard","has-post-thumbnail","hentry","category-sport"],"yoast_head":"<!-- This site is optimized with the Yoast SEO plugin v27.4 - https:\/\/yoast.com\/product\/yoast-seo-wordpress\/ -->\n<title>Druga pobjeda Norve\u017eanina u 24 sata - RADIO LJUBU\u0160KI<\/title>\n<meta name=\"robots\" content=\"index, follow, max-snippet:-1, max-image-preview:large, max-video-preview:-1\" \/>\n<link rel=\"canonical\" href=\"https:\/\/radioljubuski.ba\/index.php\/2021\/12\/04\/druga-pobjeda-norvezanina-u-24-sata\/\" \/>\n<meta property=\"og:locale\" content=\"hr_HR\" \/>\n<meta property=\"og:type\" content=\"article\" \/>\n<meta property=\"og:title\" content=\"Druga pobjeda Norve\u017eanina u 24 sata - RADIO LJUBU\u0160KI\" \/>\n<meta property=\"og:description\" content=\"Norve\u017eanin&nbsp;Aleksander Aamodt Kilde&nbsp;ostvario je drugu pobjedu unutar 24 sata u utrkama Svjetskog kupa u ameri\u010dkom Beaver Creeku. Nakon \u0161to je u petak bio najbolji u superveleslalomu, u subotu je s uvjerljivom predno\u0161\u0107u do\u0161ao do pobjede u spustu.&nbsp; &nbsp; Gotovo 3,5 km odli\u010dno pripremljene staze u Beaver Creeku, u idealnim vremenskim uvjetima, Kilde je pro\u0161ao za [&hellip;]\" \/>\n<meta property=\"og:url\" content=\"https:\/\/radioljubuski.ba\/index.php\/2021\/12\/04\/druga-pobjeda-norvezanina-u-24-sata\/\" \/>\n<meta property=\"og:site_name\" content=\"RADIO LJUBU\u0160KI\" \/>\n<meta property=\"article:publisher\" content=\"https:\/\/www.facebook.com\/Radiio-Ljubuski-1490835324566332\" \/>\n<meta property=\"article:published_time\" content=\"2021-12-04T21:18:27+00:00\" \/>\n<meta property=\"article:modified_time\" content=\"2021-12-04T21:18:29+00:00\" \/>\n<meta property=\"og:image\" content=\"https:\/\/radioljubuski.ba\/wp-content\/uploads\/2021\/12\/preuzmi-1-6.jpg\" \/>\n\t<meta property=\"og:image:width\" content=\"279\" \/>\n\t<meta property=\"og:image:height\" content=\"181\" \/>\n\t<meta property=\"og:image:type\" content=\"image\/jpeg\" \/>\n<meta name=\"author\" content=\"Radio Ljubu\u0161ki\" \/>\n<meta name=\"twitter:card\" content=\"summary_large_image\" \/>\n<meta name=\"twitter:creator\" content=\"@radioljubuski\" \/>\n<meta name=\"twitter:site\" content=\"@radioljubuski\" \/>\n<meta name=\"twitter:label1\" content=\"Napisao\/la\" \/>\n\t<meta name=\"twitter:data1\" content=\"Radio Ljubu\u0161ki\" \/>\n\t<meta name=\"twitter:label2\" content=\"Procijenjeno vrijeme \u010ditanja\" \/>\n\t<meta name=\"twitter:data2\" content=\"2 minute\" \/>\n<script type=\"application\/ld+json\" class=\"yoast-schema-graph\">{\"@context\":\"https:\\\/\\\/schema.org\",\"@graph\":[{\"@type\":\"Article\",\"@id\":\"https:\\\/\\\/radioljubuski.ba\\\/index.php\\\/2021\\\/12\\\/04\\\/druga-pobjeda-norvezanina-u-24-sata\\\/#article\",\"isPartOf\":{\"@id\":\"https:\\\/\\\/radioljubuski.ba\\\/index.php\\\/2021\\\/12\\\/04\\\/druga-pobjeda-norvezanina-u-24-sata\\\/\"},\"author\":{\"name\":\"Radio Ljubu\u0161ki\",\"@id\":\"https:\\\/\\\/radioljubuski.ba\\\/#\\\/schema\\\/person\\\/19fc700381a780f69665d7956c469e3b\"},\"headline\":\"Druga pobjeda Norve\u017eanina u 24 sata\",\"datePublished\":\"2021-12-04T21:18:27+00:00\",\"dateModified\":\"2021-12-04T21:18:29+00:00\",\"mainEntityOfPage\":{\"@id\":\"https:\\\/\\\/radioljubuski.ba\\\/index.php\\\/2021\\\/12\\\/04\\\/druga-pobjeda-norvezanina-u-24-sata\\\/\"},\"wordCount\":292,\"publisher\":{\"@id\":\"https:\\\/\\\/radioljubuski.ba\\\/#organization\"},\"image\":{\"@id\":\"https:\\\/\\\/radioljubuski.ba\\\/index.php\\\/2021\\\/12\\\/04\\\/druga-pobjeda-norvezanina-u-24-sata\\\/#primaryimage\"},\"thumbnailUrl\":\"https:\\\/\\\/radioljubuski.ba\\\/wp-content\\\/uploads\\\/2021\\\/12\\\/preuzmi-1-6.jpg\",\"articleSection\":[\"\u0160port\"],\"inLanguage\":\"hr\"},{\"@type\":\"WebPage\",\"@id\":\"https:\\\/\\\/radioljubuski.ba\\\/index.php\\\/2021\\\/12\\\/04\\\/druga-pobjeda-norvezanina-u-24-sata\\\/\",\"url\":\"https:\\\/\\\/radioljubuski.ba\\\/index.php\\\/2021\\\/12\\\/04\\\/druga-pobjeda-norvezanina-u-24-sata\\\/\",\"name\":\"Druga pobjeda Norve\u017eanina u 24 sata - RADIO LJUBU\u0160KI\",\"isPartOf\":{\"@id\":\"https:\\\/\\\/radioljubuski.ba\\\/#website\"},\"primaryImageOfPage\":{\"@id\":\"https:\\\/\\\/radioljubuski.ba\\\/index.php\\\/2021\\\/12\\\/04\\\/druga-pobjeda-norvezanina-u-24-sata\\\/#primaryimage\"},\"image\":{\"@id\":\"https:\\\/\\\/radioljubuski.ba\\\/index.php\\\/2021\\\/12\\\/04\\\/druga-pobjeda-norvezanina-u-24-sata\\\/#primaryimage\"},\"thumbnailUrl\":\"https:\\\/\\\/radioljubuski.ba\\\/wp-content\\\/uploads\\\/2021\\\/12\\\/preuzmi-1-6.jpg\",\"datePublished\":\"2021-12-04T21:18:27+00:00\",\"dateModified\":\"2021-12-04T21:18:29+00:00\",\"breadcrumb\":{\"@id\":\"https:\\\/\\\/radioljubuski.ba\\\/index.php\\\/2021\\\/12\\\/04\\\/druga-pobjeda-norvezanina-u-24-sata\\\/#breadcrumb\"},\"inLanguage\":\"hr\",\"potentialAction\":[{\"@type\":\"ReadAction\",\"target\":[\"https:\\\/\\\/radioljubuski.ba\\\/index.php\\\/2021\\\/12\\\/04\\\/druga-pobjeda-norvezanina-u-24-sata\\\/\"]}]},{\"@type\":\"ImageObject\",\"inLanguage\":\"hr\",\"@id\":\"https:\\\/\\\/radioljubuski.ba\\\/index.php\\\/2021\\\/12\\\/04\\\/druga-pobjeda-norvezanina-u-24-sata\\\/#primaryimage\",\"url\":\"https:\\\/\\\/radioljubuski.ba\\\/wp-content\\\/uploads\\\/2021\\\/12\\\/preuzmi-1-6.jpg\",\"contentUrl\":\"https:\\\/\\\/radioljubuski.ba\\\/wp-content\\\/uploads\\\/2021\\\/12\\\/preuzmi-1-6.jpg\",\"width\":279,\"height\":181},{\"@type\":\"BreadcrumbList\",\"@id\":\"https:\\\/\\\/radioljubuski.ba\\\/index.php\\\/2021\\\/12\\\/04\\\/druga-pobjeda-norvezanina-u-24-sata\\\/#breadcrumb\",\"itemListElement\":[{\"@type\":\"ListItem\",\"position\":1,\"name\":\"Po\u010detna stranica\",\"item\":\"https:\\\/\\\/radioljubuski.ba\\\/\"},{\"@type\":\"ListItem\",\"position\":2,\"name\":\"Druga pobjeda Norve\u017eanina u 24 sata\"}]},{\"@type\":\"WebSite\",\"@id\":\"https:\\\/\\\/radioljubuski.ba\\\/#website\",\"url\":\"https:\\\/\\\/radioljubuski.ba\\\/\",\"name\":\"Radio Ljubu\u0161ki\",\"description\":\"Sun\u010dana frekvencija Hercegovine\",\"publisher\":{\"@id\":\"https:\\\/\\\/radioljubuski.ba\\\/#organization\"},\"potentialAction\":[{\"@type\":\"SearchAction\",\"target\":{\"@type\":\"EntryPoint\",\"urlTemplate\":\"https:\\\/\\\/radioljubuski.ba\\\/?s={search_term_string}\"},\"query-input\":{\"@type\":\"PropertyValueSpecification\",\"valueRequired\":true,\"valueName\":\"search_term_string\"}}],\"inLanguage\":\"hr\"},{\"@type\":\"Organization\",\"@id\":\"https:\\\/\\\/radioljubuski.ba\\\/#organization\",\"name\":\"Radio Ljubu\u0161ki\",\"url\":\"https:\\\/\\\/radioljubuski.ba\\\/\",\"logo\":{\"@type\":\"ImageObject\",\"inLanguage\":\"hr\",\"@id\":\"https:\\\/\\\/radioljubuski.ba\\\/#\\\/schema\\\/logo\\\/image\\\/\",\"url\":\"https:\\\/\\\/radioljubuski.ba\\\/wp-content\\\/uploads\\\/2021\\\/02\\\/cropped-Radio_Ljubuski_logo1.jpg\",\"contentUrl\":\"https:\\\/\\\/radioljubuski.ba\\\/wp-content\\\/uploads\\\/2021\\\/02\\\/cropped-Radio_Ljubuski_logo1.jpg\",\"width\":512,\"height\":512,\"caption\":\"Radio Ljubu\u0161ki\"},\"image\":{\"@id\":\"https:\\\/\\\/radioljubuski.ba\\\/#\\\/schema\\\/logo\\\/image\\\/\"},\"sameAs\":[\"https:\\\/\\\/www.facebook.com\\\/Radiio-Ljubuski-1490835324566332\",\"https:\\\/\\\/x.com\\\/radioljubuski\",\"https:\\\/\\\/hr.linkedin.com\\\/company\\\/radio-ljubuski\",\"https:\\\/\\\/www.youtube.com\\\/channel\\\/UCHYaeO_n0Db3tjNGudGpXyw\"]},{\"@type\":\"Person\",\"@id\":\"https:\\\/\\\/radioljubuski.ba\\\/#\\\/schema\\\/person\\\/19fc700381a780f69665d7956c469e3b\",\"name\":\"Radio Ljubu\u0161ki\"}]}<\/script>\n<!-- \/ Yoast SEO plugin. -->","yoast_head_json":{"title":"Druga pobjeda Norve\u017eanina u 24 sata - RADIO LJUBU\u0160KI","robots":{"index":"index","follow":"follow","max-snippet":"max-snippet:-1","max-image-preview":"max-image-preview:large","max-video-preview":"max-video-preview:-1"},"canonical":"https:\/\/radioljubuski.ba\/index.php\/2021\/12\/04\/druga-pobjeda-norvezanina-u-24-sata\/","og_locale":"hr_HR","og_type":"article","og_title":"Druga pobjeda Norve\u017eanina u 24 sata - RADIO LJUBU\u0160KI","og_description":"Norve\u017eanin&nbsp;Aleksander Aamodt Kilde&nbsp;ostvario je drugu pobjedu unutar 24 sata u utrkama Svjetskog kupa u ameri\u010dkom Beaver Creeku. Nakon \u0161to je u petak bio najbolji u superveleslalomu, u subotu je s uvjerljivom predno\u0161\u0107u do\u0161ao do pobjede u spustu.&nbsp; &nbsp; Gotovo 3,5 km odli\u010dno pripremljene staze u Beaver Creeku, u idealnim vremenskim uvjetima, Kilde je pro\u0161ao za [&hellip;]","og_url":"https:\/\/radioljubuski.ba\/index.php\/2021\/12\/04\/druga-pobjeda-norvezanina-u-24-sata\/","og_site_name":"RADIO LJUBU\u0160KI","article_publisher":"https:\/\/www.facebook.com\/Radiio-Ljubuski-1490835324566332","article_published_time":"2021-12-04T21:18:27+00:00","article_modified_time":"2021-12-04T21:18:29+00:00","og_image":[{"width":279,"height":181,"url":"https:\/\/radioljubuski.ba\/wp-content\/uploads\/2021\/12\/preuzmi-1-6.jpg","type":"image\/jpeg"}],"author":"Radio Ljubu\u0161ki","twitter_card":"summary_large_image","twitter_creator":"@radioljubuski","twitter_site":"@radioljubuski","twitter_misc":{"Napisao\/la":"Radio Ljubu\u0161ki","Procijenjeno vrijeme \u010ditanja":"2 minute"},"schema":{"@context":"https:\/\/schema.org","@graph":[{"@type":"Article","@id":"https:\/\/radioljubuski.ba\/index.php\/2021\/12\/04\/druga-pobjeda-norvezanina-u-24-sata\/#article","isPartOf":{"@id":"https:\/\/radioljubuski.ba\/index.php\/2021\/12\/04\/druga-pobjeda-norvezanina-u-24-sata\/"},"author":{"name":"Radio Ljubu\u0161ki","@id":"https:\/\/radioljubuski.ba\/#\/schema\/person\/19fc700381a780f69665d7956c469e3b"},"headline":"Druga pobjeda Norve\u017eanina u 24 sata","datePublished":"2021-12-04T21:18:27+00:00","dateModified":"2021-12-04T21:18:29+00:00","mainEntityOfPage":{"@id":"https:\/\/radioljubuski.ba\/index.php\/2021\/12\/04\/druga-pobjeda-norvezanina-u-24-sata\/"},"wordCount":292,"publisher":{"@id":"https:\/\/radioljubuski.ba\/#organization"},"image":{"@id":"https:\/\/radioljubuski.ba\/index.php\/2021\/12\/04\/druga-pobjeda-norvezanina-u-24-sata\/#primaryimage"},"thumbnailUrl":"https:\/\/radioljubuski.ba\/wp-content\/uploads\/2021\/12\/preuzmi-1-6.jpg","articleSection":["\u0160port"],"inLanguage":"hr"},{"@type":"WebPage","@id":"https:\/\/radioljubuski.ba\/index.php\/2021\/12\/04\/druga-pobjeda-norvezanina-u-24-sata\/","url":"https:\/\/radioljubuski.ba\/index.php\/2021\/12\/04\/druga-pobjeda-norvezanina-u-24-sata\/","name":"Druga pobjeda Norve\u017eanina u 24 sata - RADIO LJUBU\u0160KI","isPartOf":{"@id":"https:\/\/radioljubuski.ba\/#website"},"primaryImageOfPage":{"@id":"https:\/\/radioljubuski.ba\/index.php\/2021\/12\/04\/druga-pobjeda-norvezanina-u-24-sata\/#primaryimage"},"image":{"@id":"https:\/\/radioljubuski.ba\/index.php\/2021\/12\/04\/druga-pobjeda-norvezanina-u-24-sata\/#primaryimage"},"thumbnailUrl":"https:\/\/radioljubuski.ba\/wp-content\/uploads\/2021\/12\/preuzmi-1-6.jpg","datePublished":"2021-12-04T21:18:27+00:00","dateModified":"2021-12-04T21:18:29+00:00","breadcrumb":{"@id":"https:\/\/radioljubuski.ba\/index.php\/2021\/12\/04\/druga-pobjeda-norvezanina-u-24-sata\/#breadcrumb"},"inLanguage":"hr","potentialAction":[{"@type":"ReadAction","target":["https:\/\/radioljubuski.ba\/index.php\/2021\/12\/04\/druga-pobjeda-norvezanina-u-24-sata\/"]}]},{"@type":"ImageObject","inLanguage":"hr","@id":"https:\/\/radioljubuski.ba\/index.php\/2021\/12\/04\/druga-pobjeda-norvezanina-u-24-sata\/#primaryimage","url":"https:\/\/radioljubuski.ba\/wp-content\/uploads\/2021\/12\/preuzmi-1-6.jpg","contentUrl":"https:\/\/radioljubuski.ba\/wp-content\/uploads\/2021\/12\/preuzmi-1-6.jpg","width":279,"height":181},{"@type":"BreadcrumbList","@id":"https:\/\/radioljubuski.ba\/index.php\/2021\/12\/04\/druga-pobjeda-norvezanina-u-24-sata\/#breadcrumb","itemListElement":[{"@type":"ListItem","position":1,"name":"Po\u010detna stranica","item":"https:\/\/radioljubuski.ba\/"},{"@type":"ListItem","position":2,"name":"Druga pobjeda Norve\u017eanina u 24 sata"}]},{"@type":"WebSite","@id":"https:\/\/radioljubuski.ba\/#website","url":"https:\/\/radioljubuski.ba\/","name":"Radio Ljubu\u0161ki","description":"Sun\u010dana frekvencija Hercegovine","publisher":{"@id":"https:\/\/radioljubuski.ba\/#organization"},"potentialAction":[{"@type":"SearchAction","target":{"@type":"EntryPoint","urlTemplate":"https:\/\/radioljubuski.ba\/?s={search_term_string}"},"query-input":{"@type":"PropertyValueSpecification","valueRequired":true,"valueName":"search_term_string"}}],"inLanguage":"hr"},{"@type":"Organization","@id":"https:\/\/radioljubuski.ba\/#organization","name":"Radio Ljubu\u0161ki","url":"https:\/\/radioljubuski.ba\/","logo":{"@type":"ImageObject","inLanguage":"hr","@id":"https:\/\/radioljubuski.ba\/#\/schema\/logo\/image\/","url":"https:\/\/radioljubuski.ba\/wp-content\/uploads\/2021\/02\/cropped-Radio_Ljubuski_logo1.jpg","contentUrl":"https:\/\/radioljubuski.ba\/wp-content\/uploads\/2021\/02\/cropped-Radio_Ljubuski_logo1.jpg","width":512,"height":512,"caption":"Radio Ljubu\u0161ki"},"image":{"@id":"https:\/\/radioljubuski.ba\/#\/schema\/logo\/image\/"},"sameAs":["https:\/\/www.facebook.com\/Radiio-Ljubuski-1490835324566332","https:\/\/x.com\/radioljubuski","https:\/\/hr.linkedin.com\/company\/radio-ljubuski","https:\/\/www.youtube.com\/channel\/UCHYaeO_n0Db3tjNGudGpXyw"]},{"@type":"Person","@id":"https:\/\/radioljubuski.ba\/#\/schema\/person\/19fc700381a780f69665d7956c469e3b","name":"Radio Ljubu\u0161ki"}]}},"_links":{"self":[{"href":"https:\/\/radioljubuski.ba\/index.php\/wp-json\/wp\/v2\/posts\/95967","targetHints":{"allow":["GET"]}}],"collection":[{"href":"https:\/\/radioljubuski.ba\/index.php\/wp-json\/wp\/v2\/posts"}],"about":[{"href":"https:\/\/radioljubuski.ba\/index.php\/wp-json\/wp\/v2\/types\/post"}],"author":[{"embeddable":true,"href":"https:\/\/radioljubuski.ba\/index.php\/wp-json\/wp\/v2\/users\/2"}],"replies":[{"embeddable":true,"href":"https:\/\/radioljubuski.ba\/index.php\/wp-json\/wp\/v2\/comments?post=95967"}],"version-history":[{"count":1,"href":"https:\/\/radioljubuski.ba\/index.php\/wp-json\/wp\/v2\/posts\/95967\/revisions"}],"predecessor-version":[{"id":95969,"href":"https:\/\/radioljubuski.ba\/index.php\/wp-json\/wp\/v2\/posts\/95967\/revisions\/95969"}],"wp:featuredmedia":[{"embeddable":true,"href":"https:\/\/radioljubuski.ba\/index.php\/wp-json\/wp\/v2\/media\/95968"}],"wp:attachment":[{"href":"https:\/\/radioljubuski.ba\/index.php\/wp-json\/wp\/v2\/media?parent=95967"}],"wp:term":[{"taxonomy":"category","embeddable":true,"href":"https:\/\/radioljubuski.ba\/index.php\/wp-json\/wp\/v2\/categories?post=95967"},{"taxonomy":"post_tag","embeddable":true,"href":"https:\/\/radioljubuski.ba\/index.php\/wp-json\/wp\/v2\/tags?post=95967"}],"curies":[{"name":"wp","href":"https:\/\/api.w.org\/{rel}","templated":true}]}}