{"id":95988,"date":"2021-12-04T22:32:04","date_gmt":"2021-12-04T21:32:04","guid":{"rendered":"https:\/\/radioljubuski.ba\/?p=95988"},"modified":"2021-12-04T22:32:05","modified_gmt":"2021-12-04T21:32:05","slug":"medvedev-hrvatska-je-zasluzeno-u-finalu-spremam-se-za-cilica","status":"publish","type":"post","link":"https:\/\/radioljubuski.ba\/index.php\/2021\/12\/04\/medvedev-hrvatska-je-zasluzeno-u-finalu-spremam-se-za-cilica\/","title":{"rendered":"Medvedev: &#8220;Hrvatska je zaslu\u017eeno u finalu, spremam se za \u010cili\u0107a&#8221;"},"content":{"rendered":"\n<p><strong>Drugi tenisa\u010d svijeta&nbsp;Daniil Medvedev&nbsp;rekao je u subotu, nakon pobjede nad njema\u010dkim reprezentativcem&nbsp;Jan-Lennardom Struffom, kako bi mo\u017eda i bilo posebno igrati protiv prvog igra\u010da svijeta&nbsp;Novaka \u0110okovi\u0107a, no da je Hrvatska zaslu\u017eeno pro\u0161la u finale Davis Cupa pa da sada razmi\u0161lja o me\u010du s&nbsp;Marinom \u010cili\u0107em.<\/strong><\/p>\n\n\n\n<p>&#8211; Gledajte, igrati protiv Novaka je uvijek posebno. Ali, ovo je mom\u010dadsko natjecanje pa zato, unato\u010d njegovoj pobjedi, Srbija ju\u010der nije slavila. To \u010dini Davis Cup posebnim, rekao je Medvedev odgovaraju\u0107i na pitanje novinara bi li mu bilo posebnije igrati u finalu protiv prvog igra\u010da svijeta.<br><br>&#8211;\u00a0<strong>Borna Gojo<\/strong>, \u010diji sam me\u010d gledao ju\u010der, napravio je nevjerojatan posao donijev\u0161i svojoj mom\u010dadi bod. On je u tom me\u010du bio autsajder, i to veliki autsajder, rekao je Medvedev o 279. igra\u010du svijeta Borni Goji koji je u petak svladao<strong>\u00a0Du\u0161ana Lajovi\u0107a<\/strong>, 33. na ATP ljestvici .<\/p>\n\n\n\n<blockquote class=\"twitter-tweet\"><p lang=\"en\" dir=\"ltr\">RTF are into their first Davis Cup final since 2007! \ud83c\udf1f<a href=\"https:\/\/twitter.com\/hashtag\/DavisCupFinals?src=hash&amp;ref_src=twsrc%5Etfw\">#DavisCupFinals<\/a> <a href=\"https:\/\/twitter.com\/hashtag\/byRakuten?src=hash&amp;ref_src=twsrc%5Etfw\">#byRakuten<\/a> <a href=\"https:\/\/t.co\/lBlwq5lrSR\">pic.twitter.com\/lBlwq5lrSR<\/a><\/p>&mdash; Davis Cup (@DavisCup) <a href=\"https:\/\/twitter.com\/DavisCup\/status\/1467140198832164873?ref_src=twsrc%5Etfw\">December 4, 2021<\/a><\/blockquote> <script async src=\"https:\/\/platform.twitter.com\/widgets.js\" charset=\"utf-8\"><\/script>\n\n\n\n<p>&#8211; Odmah nakon te njegove pobjede znali ste da \u010dak i u slu\u010daju Novakovog slavlja u drugom me\u010du ne\u0107e biti lako ostvariti ukupnu pobjedu u parovima protiv najboljeg svjetskog para (<strong>Pavi\u0107\/Mekti\u0107<\/strong>). Tako je i bilo, izjavio je najbolji ruski igra\u010d na konferenciji za medije u Madridu.<br><br>Hrvatska je u petak u polufinalu svladala Srbiju sa 2-1 nakon pobjede Mate Pavi\u0107a i Nikole Mekti\u0107a nad \u0110okovi\u0107em i&nbsp;<strong>Filipom Krajinovi\u0107em<\/strong>.<br><br>Kao najbolje plasirani ruski igra\u010d Medvedev bi u nedjelju trebao igrati u madridskoj Areni protiv najboljeg hrvatskog tenisa\u010da Marina \u010cili\u0107a.<br><br>&#8211; \u017delim re\u0107i da je Hrvatska zaslu\u017eeno u\u0161la u finale. Ja se sada pripremam za \u010cili\u0107a, ba\u0161 kao i na svakom drugom turniru. Bit \u0107e to iznimno uzbudljiv \u0161ou, zaklju\u010dio je Medvedev.<br><br>Finale Davis Cupa izme\u0111u Hrvatske i Rusije po\u010dinje u nedjelju u 16 sati, uz prijenos na Drugom programu HTV-a i na\u0161em portalu.&nbsp;&nbsp;<\/p>\n\n\n\n<p>Izvor:hrt.hr<\/p>\n","protected":false},"excerpt":{"rendered":"<p>Drugi tenisa\u010d svijeta&nbsp;Daniil Medvedev&nbsp;rekao je u subotu, nakon pobjede nad njema\u010dkim reprezentativcem&nbsp;Jan-Lennardom Struffom, kako bi mo\u017eda i bilo posebno igrati protiv prvog igra\u010da svijeta&nbsp;Novaka \u0110okovi\u0107a, no da je Hrvatska zaslu\u017eeno pro\u0161la u finale Davis Cupa pa da sada razmi\u0161lja o me\u010du s&nbsp;Marinom \u010cili\u0107em. &#8211; Gledajte, igrati protiv Novaka je uvijek posebno. Ali, ovo je mom\u010dadsko [&hellip;]<\/p>\n","protected":false},"author":2,"featured_media":95989,"comment_status":"closed","ping_status":"closed","sticky":false,"template":"","format":"standard","meta":{"h5ap_radio_sources":[],"footnotes":""},"categories":[7],"tags":[],"class_list":["post-95988","post","type-post","status-publish","format-standard","has-post-thumbnail","hentry","category-sport"],"yoast_head":"<!-- This site is optimized with the Yoast SEO plugin v27.4 - https:\/\/yoast.com\/product\/yoast-seo-wordpress\/ -->\n<title>Medvedev: &quot;Hrvatska je zaslu\u017eeno u finalu, spremam se za \u010cili\u0107a&quot; - RADIO LJUBU\u0160KI<\/title>\n<meta name=\"robots\" content=\"index, follow, max-snippet:-1, max-image-preview:large, max-video-preview:-1\" \/>\n<link rel=\"canonical\" href=\"https:\/\/radioljubuski.ba\/index.php\/2021\/12\/04\/medvedev-hrvatska-je-zasluzeno-u-finalu-spremam-se-za-cilica\/\" \/>\n<meta property=\"og:locale\" content=\"hr_HR\" \/>\n<meta property=\"og:type\" content=\"article\" \/>\n<meta property=\"og:title\" content=\"Medvedev: &quot;Hrvatska je zaslu\u017eeno u finalu, spremam se za \u010cili\u0107a&quot; - RADIO LJUBU\u0160KI\" \/>\n<meta property=\"og:description\" content=\"Drugi tenisa\u010d svijeta&nbsp;Daniil Medvedev&nbsp;rekao je u subotu, nakon pobjede nad njema\u010dkim reprezentativcem&nbsp;Jan-Lennardom Struffom, kako bi mo\u017eda i bilo posebno igrati protiv prvog igra\u010da svijeta&nbsp;Novaka \u0110okovi\u0107a, no da je Hrvatska zaslu\u017eeno pro\u0161la u finale Davis Cupa pa da sada razmi\u0161lja o me\u010du s&nbsp;Marinom \u010cili\u0107em. &#8211; Gledajte, igrati protiv Novaka je uvijek posebno. Ali, ovo je mom\u010dadsko [&hellip;]\" \/>\n<meta property=\"og:url\" content=\"https:\/\/radioljubuski.ba\/index.php\/2021\/12\/04\/medvedev-hrvatska-je-zasluzeno-u-finalu-spremam-se-za-cilica\/\" \/>\n<meta property=\"og:site_name\" content=\"RADIO LJUBU\u0160KI\" \/>\n<meta property=\"article:publisher\" content=\"https:\/\/www.facebook.com\/Radiio-Ljubuski-1490835324566332\" \/>\n<meta property=\"article:published_time\" content=\"2021-12-04T21:32:04+00:00\" \/>\n<meta property=\"article:modified_time\" content=\"2021-12-04T21:32:05+00:00\" \/>\n<meta property=\"og:image\" content=\"https:\/\/radioljubuski.ba\/wp-content\/uploads\/2021\/12\/medvedev.jpg\" \/>\n\t<meta property=\"og:image:width\" content=\"304\" \/>\n\t<meta property=\"og:image:height\" content=\"166\" \/>\n\t<meta property=\"og:image:type\" content=\"image\/jpeg\" \/>\n<meta name=\"author\" content=\"Radio Ljubu\u0161ki\" \/>\n<meta name=\"twitter:card\" content=\"summary_large_image\" \/>\n<meta name=\"twitter:creator\" content=\"@radioljubuski\" \/>\n<meta name=\"twitter:site\" content=\"@radioljubuski\" \/>\n<meta name=\"twitter:label1\" content=\"Napisao\/la\" \/>\n\t<meta name=\"twitter:data1\" content=\"Radio Ljubu\u0161ki\" \/>\n\t<meta name=\"twitter:label2\" content=\"Procijenjeno vrijeme \u010ditanja\" \/>\n\t<meta name=\"twitter:data2\" content=\"2 minute\" \/>\n<script type=\"application\/ld+json\" class=\"yoast-schema-graph\">{\"@context\":\"https:\\\/\\\/schema.org\",\"@graph\":[{\"@type\":\"Article\",\"@id\":\"https:\\\/\\\/radioljubuski.ba\\\/index.php\\\/2021\\\/12\\\/04\\\/medvedev-hrvatska-je-zasluzeno-u-finalu-spremam-se-za-cilica\\\/#article\",\"isPartOf\":{\"@id\":\"https:\\\/\\\/radioljubuski.ba\\\/index.php\\\/2021\\\/12\\\/04\\\/medvedev-hrvatska-je-zasluzeno-u-finalu-spremam-se-za-cilica\\\/\"},\"author\":{\"name\":\"Radio Ljubu\u0161ki\",\"@id\":\"https:\\\/\\\/radioljubuski.ba\\\/#\\\/schema\\\/person\\\/19fc700381a780f69665d7956c469e3b\"},\"headline\":\"Medvedev: &#8220;Hrvatska je zaslu\u017eeno u finalu, spremam se za \u010cili\u0107a&#8221;\",\"datePublished\":\"2021-12-04T21:32:04+00:00\",\"dateModified\":\"2021-12-04T21:32:05+00:00\",\"mainEntityOfPage\":{\"@id\":\"https:\\\/\\\/radioljubuski.ba\\\/index.php\\\/2021\\\/12\\\/04\\\/medvedev-hrvatska-je-zasluzeno-u-finalu-spremam-se-za-cilica\\\/\"},\"wordCount\":362,\"publisher\":{\"@id\":\"https:\\\/\\\/radioljubuski.ba\\\/#organization\"},\"image\":{\"@id\":\"https:\\\/\\\/radioljubuski.ba\\\/index.php\\\/2021\\\/12\\\/04\\\/medvedev-hrvatska-je-zasluzeno-u-finalu-spremam-se-za-cilica\\\/#primaryimage\"},\"thumbnailUrl\":\"https:\\\/\\\/radioljubuski.ba\\\/wp-content\\\/uploads\\\/2021\\\/12\\\/medvedev.jpg\",\"articleSection\":[\"\u0160port\"],\"inLanguage\":\"hr\"},{\"@type\":\"WebPage\",\"@id\":\"https:\\\/\\\/radioljubuski.ba\\\/index.php\\\/2021\\\/12\\\/04\\\/medvedev-hrvatska-je-zasluzeno-u-finalu-spremam-se-za-cilica\\\/\",\"url\":\"https:\\\/\\\/radioljubuski.ba\\\/index.php\\\/2021\\\/12\\\/04\\\/medvedev-hrvatska-je-zasluzeno-u-finalu-spremam-se-za-cilica\\\/\",\"name\":\"Medvedev: \\\"Hrvatska je zaslu\u017eeno u finalu, spremam se za \u010cili\u0107a\\\" - RADIO LJUBU\u0160KI\",\"isPartOf\":{\"@id\":\"https:\\\/\\\/radioljubuski.ba\\\/#website\"},\"primaryImageOfPage\":{\"@id\":\"https:\\\/\\\/radioljubuski.ba\\\/index.php\\\/2021\\\/12\\\/04\\\/medvedev-hrvatska-je-zasluzeno-u-finalu-spremam-se-za-cilica\\\/#primaryimage\"},\"image\":{\"@id\":\"https:\\\/\\\/radioljubuski.ba\\\/index.php\\\/2021\\\/12\\\/04\\\/medvedev-hrvatska-je-zasluzeno-u-finalu-spremam-se-za-cilica\\\/#primaryimage\"},\"thumbnailUrl\":\"https:\\\/\\\/radioljubuski.ba\\\/wp-content\\\/uploads\\\/2021\\\/12\\\/medvedev.jpg\",\"datePublished\":\"2021-12-04T21:32:04+00:00\",\"dateModified\":\"2021-12-04T21:32:05+00:00\",\"breadcrumb\":{\"@id\":\"https:\\\/\\\/radioljubuski.ba\\\/index.php\\\/2021\\\/12\\\/04\\\/medvedev-hrvatska-je-zasluzeno-u-finalu-spremam-se-za-cilica\\\/#breadcrumb\"},\"inLanguage\":\"hr\",\"potentialAction\":[{\"@type\":\"ReadAction\",\"target\":[\"https:\\\/\\\/radioljubuski.ba\\\/index.php\\\/2021\\\/12\\\/04\\\/medvedev-hrvatska-je-zasluzeno-u-finalu-spremam-se-za-cilica\\\/\"]}]},{\"@type\":\"ImageObject\",\"inLanguage\":\"hr\",\"@id\":\"https:\\\/\\\/radioljubuski.ba\\\/index.php\\\/2021\\\/12\\\/04\\\/medvedev-hrvatska-je-zasluzeno-u-finalu-spremam-se-za-cilica\\\/#primaryimage\",\"url\":\"https:\\\/\\\/radioljubuski.ba\\\/wp-content\\\/uploads\\\/2021\\\/12\\\/medvedev.jpg\",\"contentUrl\":\"https:\\\/\\\/radioljubuski.ba\\\/wp-content\\\/uploads\\\/2021\\\/12\\\/medvedev.jpg\",\"width\":304,\"height\":166},{\"@type\":\"BreadcrumbList\",\"@id\":\"https:\\\/\\\/radioljubuski.ba\\\/index.php\\\/2021\\\/12\\\/04\\\/medvedev-hrvatska-je-zasluzeno-u-finalu-spremam-se-za-cilica\\\/#breadcrumb\",\"itemListElement\":[{\"@type\":\"ListItem\",\"position\":1,\"name\":\"Po\u010detna stranica\",\"item\":\"https:\\\/\\\/radioljubuski.ba\\\/\"},{\"@type\":\"ListItem\",\"position\":2,\"name\":\"Medvedev: &#8220;Hrvatska je zaslu\u017eeno u finalu, spremam se za \u010cili\u0107a&#8221;\"}]},{\"@type\":\"WebSite\",\"@id\":\"https:\\\/\\\/radioljubuski.ba\\\/#website\",\"url\":\"https:\\\/\\\/radioljubuski.ba\\\/\",\"name\":\"Radio Ljubu\u0161ki\",\"description\":\"Sun\u010dana frekvencija Hercegovine\",\"publisher\":{\"@id\":\"https:\\\/\\\/radioljubuski.ba\\\/#organization\"},\"potentialAction\":[{\"@type\":\"SearchAction\",\"target\":{\"@type\":\"EntryPoint\",\"urlTemplate\":\"https:\\\/\\\/radioljubuski.ba\\\/?s={search_term_string}\"},\"query-input\":{\"@type\":\"PropertyValueSpecification\",\"valueRequired\":true,\"valueName\":\"search_term_string\"}}],\"inLanguage\":\"hr\"},{\"@type\":\"Organization\",\"@id\":\"https:\\\/\\\/radioljubuski.ba\\\/#organization\",\"name\":\"Radio Ljubu\u0161ki\",\"url\":\"https:\\\/\\\/radioljubuski.ba\\\/\",\"logo\":{\"@type\":\"ImageObject\",\"inLanguage\":\"hr\",\"@id\":\"https:\\\/\\\/radioljubuski.ba\\\/#\\\/schema\\\/logo\\\/image\\\/\",\"url\":\"https:\\\/\\\/radioljubuski.ba\\\/wp-content\\\/uploads\\\/2021\\\/02\\\/cropped-Radio_Ljubuski_logo1.jpg\",\"contentUrl\":\"https:\\\/\\\/radioljubuski.ba\\\/wp-content\\\/uploads\\\/2021\\\/02\\\/cropped-Radio_Ljubuski_logo1.jpg\",\"width\":512,\"height\":512,\"caption\":\"Radio Ljubu\u0161ki\"},\"image\":{\"@id\":\"https:\\\/\\\/radioljubuski.ba\\\/#\\\/schema\\\/logo\\\/image\\\/\"},\"sameAs\":[\"https:\\\/\\\/www.facebook.com\\\/Radiio-Ljubuski-1490835324566332\",\"https:\\\/\\\/x.com\\\/radioljubuski\",\"https:\\\/\\\/hr.linkedin.com\\\/company\\\/radio-ljubuski\",\"https:\\\/\\\/www.youtube.com\\\/channel\\\/UCHYaeO_n0Db3tjNGudGpXyw\"]},{\"@type\":\"Person\",\"@id\":\"https:\\\/\\\/radioljubuski.ba\\\/#\\\/schema\\\/person\\\/19fc700381a780f69665d7956c469e3b\",\"name\":\"Radio Ljubu\u0161ki\"}]}<\/script>\n<!-- \/ Yoast SEO plugin. -->","yoast_head_json":{"title":"Medvedev: \"Hrvatska je zaslu\u017eeno u finalu, spremam se za \u010cili\u0107a\" - RADIO LJUBU\u0160KI","robots":{"index":"index","follow":"follow","max-snippet":"max-snippet:-1","max-image-preview":"max-image-preview:large","max-video-preview":"max-video-preview:-1"},"canonical":"https:\/\/radioljubuski.ba\/index.php\/2021\/12\/04\/medvedev-hrvatska-je-zasluzeno-u-finalu-spremam-se-za-cilica\/","og_locale":"hr_HR","og_type":"article","og_title":"Medvedev: \"Hrvatska je zaslu\u017eeno u finalu, spremam se za \u010cili\u0107a\" - RADIO LJUBU\u0160KI","og_description":"Drugi tenisa\u010d svijeta&nbsp;Daniil Medvedev&nbsp;rekao je u subotu, nakon pobjede nad njema\u010dkim reprezentativcem&nbsp;Jan-Lennardom Struffom, kako bi mo\u017eda i bilo posebno igrati protiv prvog igra\u010da svijeta&nbsp;Novaka \u0110okovi\u0107a, no da je Hrvatska zaslu\u017eeno pro\u0161la u finale Davis Cupa pa da sada razmi\u0161lja o me\u010du s&nbsp;Marinom \u010cili\u0107em. &#8211; Gledajte, igrati protiv Novaka je uvijek posebno. Ali, ovo je mom\u010dadsko [&hellip;]","og_url":"https:\/\/radioljubuski.ba\/index.php\/2021\/12\/04\/medvedev-hrvatska-je-zasluzeno-u-finalu-spremam-se-za-cilica\/","og_site_name":"RADIO LJUBU\u0160KI","article_publisher":"https:\/\/www.facebook.com\/Radiio-Ljubuski-1490835324566332","article_published_time":"2021-12-04T21:32:04+00:00","article_modified_time":"2021-12-04T21:32:05+00:00","og_image":[{"width":304,"height":166,"url":"https:\/\/radioljubuski.ba\/wp-content\/uploads\/2021\/12\/medvedev.jpg","type":"image\/jpeg"}],"author":"Radio Ljubu\u0161ki","twitter_card":"summary_large_image","twitter_creator":"@radioljubuski","twitter_site":"@radioljubuski","twitter_misc":{"Napisao\/la":"Radio Ljubu\u0161ki","Procijenjeno vrijeme \u010ditanja":"2 minute"},"schema":{"@context":"https:\/\/schema.org","@graph":[{"@type":"Article","@id":"https:\/\/radioljubuski.ba\/index.php\/2021\/12\/04\/medvedev-hrvatska-je-zasluzeno-u-finalu-spremam-se-za-cilica\/#article","isPartOf":{"@id":"https:\/\/radioljubuski.ba\/index.php\/2021\/12\/04\/medvedev-hrvatska-je-zasluzeno-u-finalu-spremam-se-za-cilica\/"},"author":{"name":"Radio Ljubu\u0161ki","@id":"https:\/\/radioljubuski.ba\/#\/schema\/person\/19fc700381a780f69665d7956c469e3b"},"headline":"Medvedev: &#8220;Hrvatska je zaslu\u017eeno u finalu, spremam se za \u010cili\u0107a&#8221;","datePublished":"2021-12-04T21:32:04+00:00","dateModified":"2021-12-04T21:32:05+00:00","mainEntityOfPage":{"@id":"https:\/\/radioljubuski.ba\/index.php\/2021\/12\/04\/medvedev-hrvatska-je-zasluzeno-u-finalu-spremam-se-za-cilica\/"},"wordCount":362,"publisher":{"@id":"https:\/\/radioljubuski.ba\/#organization"},"image":{"@id":"https:\/\/radioljubuski.ba\/index.php\/2021\/12\/04\/medvedev-hrvatska-je-zasluzeno-u-finalu-spremam-se-za-cilica\/#primaryimage"},"thumbnailUrl":"https:\/\/radioljubuski.ba\/wp-content\/uploads\/2021\/12\/medvedev.jpg","articleSection":["\u0160port"],"inLanguage":"hr"},{"@type":"WebPage","@id":"https:\/\/radioljubuski.ba\/index.php\/2021\/12\/04\/medvedev-hrvatska-je-zasluzeno-u-finalu-spremam-se-za-cilica\/","url":"https:\/\/radioljubuski.ba\/index.php\/2021\/12\/04\/medvedev-hrvatska-je-zasluzeno-u-finalu-spremam-se-za-cilica\/","name":"Medvedev: \"Hrvatska je zaslu\u017eeno u finalu, spremam se za \u010cili\u0107a\" - RADIO LJUBU\u0160KI","isPartOf":{"@id":"https:\/\/radioljubuski.ba\/#website"},"primaryImageOfPage":{"@id":"https:\/\/radioljubuski.ba\/index.php\/2021\/12\/04\/medvedev-hrvatska-je-zasluzeno-u-finalu-spremam-se-za-cilica\/#primaryimage"},"image":{"@id":"https:\/\/radioljubuski.ba\/index.php\/2021\/12\/04\/medvedev-hrvatska-je-zasluzeno-u-finalu-spremam-se-za-cilica\/#primaryimage"},"thumbnailUrl":"https:\/\/radioljubuski.ba\/wp-content\/uploads\/2021\/12\/medvedev.jpg","datePublished":"2021-12-04T21:32:04+00:00","dateModified":"2021-12-04T21:32:05+00:00","breadcrumb":{"@id":"https:\/\/radioljubuski.ba\/index.php\/2021\/12\/04\/medvedev-hrvatska-je-zasluzeno-u-finalu-spremam-se-za-cilica\/#breadcrumb"},"inLanguage":"hr","potentialAction":[{"@type":"ReadAction","target":["https:\/\/radioljubuski.ba\/index.php\/2021\/12\/04\/medvedev-hrvatska-je-zasluzeno-u-finalu-spremam-se-za-cilica\/"]}]},{"@type":"ImageObject","inLanguage":"hr","@id":"https:\/\/radioljubuski.ba\/index.php\/2021\/12\/04\/medvedev-hrvatska-je-zasluzeno-u-finalu-spremam-se-za-cilica\/#primaryimage","url":"https:\/\/radioljubuski.ba\/wp-content\/uploads\/2021\/12\/medvedev.jpg","contentUrl":"https:\/\/radioljubuski.ba\/wp-content\/uploads\/2021\/12\/medvedev.jpg","width":304,"height":166},{"@type":"BreadcrumbList","@id":"https:\/\/radioljubuski.ba\/index.php\/2021\/12\/04\/medvedev-hrvatska-je-zasluzeno-u-finalu-spremam-se-za-cilica\/#breadcrumb","itemListElement":[{"@type":"ListItem","position":1,"name":"Po\u010detna stranica","item":"https:\/\/radioljubuski.ba\/"},{"@type":"ListItem","position":2,"name":"Medvedev: &#8220;Hrvatska je zaslu\u017eeno u finalu, spremam se za \u010cili\u0107a&#8221;"}]},{"@type":"WebSite","@id":"https:\/\/radioljubuski.ba\/#website","url":"https:\/\/radioljubuski.ba\/","name":"Radio Ljubu\u0161ki","description":"Sun\u010dana frekvencija Hercegovine","publisher":{"@id":"https:\/\/radioljubuski.ba\/#organization"},"potentialAction":[{"@type":"SearchAction","target":{"@type":"EntryPoint","urlTemplate":"https:\/\/radioljubuski.ba\/?s={search_term_string}"},"query-input":{"@type":"PropertyValueSpecification","valueRequired":true,"valueName":"search_term_string"}}],"inLanguage":"hr"},{"@type":"Organization","@id":"https:\/\/radioljubuski.ba\/#organization","name":"Radio Ljubu\u0161ki","url":"https:\/\/radioljubuski.ba\/","logo":{"@type":"ImageObject","inLanguage":"hr","@id":"https:\/\/radioljubuski.ba\/#\/schema\/logo\/image\/","url":"https:\/\/radioljubuski.ba\/wp-content\/uploads\/2021\/02\/cropped-Radio_Ljubuski_logo1.jpg","contentUrl":"https:\/\/radioljubuski.ba\/wp-content\/uploads\/2021\/02\/cropped-Radio_Ljubuski_logo1.jpg","width":512,"height":512,"caption":"Radio Ljubu\u0161ki"},"image":{"@id":"https:\/\/radioljubuski.ba\/#\/schema\/logo\/image\/"},"sameAs":["https:\/\/www.facebook.com\/Radiio-Ljubuski-1490835324566332","https:\/\/x.com\/radioljubuski","https:\/\/hr.linkedin.com\/company\/radio-ljubuski","https:\/\/www.youtube.com\/channel\/UCHYaeO_n0Db3tjNGudGpXyw"]},{"@type":"Person","@id":"https:\/\/radioljubuski.ba\/#\/schema\/person\/19fc700381a780f69665d7956c469e3b","name":"Radio Ljubu\u0161ki"}]}},"_links":{"self":[{"href":"https:\/\/radioljubuski.ba\/index.php\/wp-json\/wp\/v2\/posts\/95988","targetHints":{"allow":["GET"]}}],"collection":[{"href":"https:\/\/radioljubuski.ba\/index.php\/wp-json\/wp\/v2\/posts"}],"about":[{"href":"https:\/\/radioljubuski.ba\/index.php\/wp-json\/wp\/v2\/types\/post"}],"author":[{"embeddable":true,"href":"https:\/\/radioljubuski.ba\/index.php\/wp-json\/wp\/v2\/users\/2"}],"replies":[{"embeddable":true,"href":"https:\/\/radioljubuski.ba\/index.php\/wp-json\/wp\/v2\/comments?post=95988"}],"version-history":[{"count":1,"href":"https:\/\/radioljubuski.ba\/index.php\/wp-json\/wp\/v2\/posts\/95988\/revisions"}],"predecessor-version":[{"id":95990,"href":"https:\/\/radioljubuski.ba\/index.php\/wp-json\/wp\/v2\/posts\/95988\/revisions\/95990"}],"wp:featuredmedia":[{"embeddable":true,"href":"https:\/\/radioljubuski.ba\/index.php\/wp-json\/wp\/v2\/media\/95989"}],"wp:attachment":[{"href":"https:\/\/radioljubuski.ba\/index.php\/wp-json\/wp\/v2\/media?parent=95988"}],"wp:term":[{"taxonomy":"category","embeddable":true,"href":"https:\/\/radioljubuski.ba\/index.php\/wp-json\/wp\/v2\/categories?post=95988"},{"taxonomy":"post_tag","embeddable":true,"href":"https:\/\/radioljubuski.ba\/index.php\/wp-json\/wp\/v2\/tags?post=95988"}],"curies":[{"name":"wp","href":"https:\/\/api.w.org\/{rel}","templated":true}]}}