{"id":95991,"date":"2021-12-04T22:37:12","date_gmt":"2021-12-04T21:37:12","guid":{"rendered":"https:\/\/radioljubuski.ba\/?p=95991"},"modified":"2021-12-04T22:37:13","modified_gmt":"2021-12-04T21:37:13","slug":"jezic-za-nas-je-danas-pocelo-svjetsko-prvenstvo","status":"publish","type":"post","link":"https:\/\/radioljubuski.ba\/index.php\/2021\/12\/04\/jezic-za-nas-je-danas-pocelo-svjetsko-prvenstvo\/","title":{"rendered":"Je\u017ei\u0107: Za nas je danas po\u010delo Svjetsko prvenstvo"},"content":{"rendered":"\n<p><strong>Hrvatska \u017eenska rukometna reprezentacija u 2. kolu Svjetskog prvenstva u \u0160panjolskoj upisala je uvjerljivu pobjedu protiv Paragvaja.&nbsp;<\/strong><\/p>\n\n\n\n<p>&#8211; Mislim da je bilo dobro, osim prvih desetak minuta kada se u fazi napada, vi\u0161e nego u fazi obrane, ruka malo &#8216;stisla&#8217;. Mi smo opet odigrali korektno obranu, Tea je branila jako dobro, a onda smo bacili par lopti &#8216;u bunar,&#8217; prebrzo smo i\u0161li zavr\u0161avati te prve napade, i zato smo se tako do desete minute malo natezali. Nakon toga nastavili smo s obranom, napad je postao puno konkretniji, i vi\u0161e nije bilo problema, rekao je nakon prve pobjede na SP-u izbornik hrvatskih rukometa\u0161ica\u00a0<strong>Nenad \u0160o\u0161tari\u0107<\/strong>.<br><br>&#8211; Protiv Japana moramo imati\u00a0istu gusto\u0107u u pokretljivosti, ali moramo biti malo dublji i malo agresivniji unutar devet metara. To je recept obrane kakvu \u017eelimo igrati, dodao je izbornik.<\/p>\n\n\n\n<iframe loading=\"lazy\" src=\"https:\/\/www.facebook.com\/plugins\/video.php?height=476&#038;href=https%3A%2F%2Fwww.facebook.com%2FHRTsport%2Fvideos%2F892491971450580%2F&#038;show_text=false&#038;width=476&#038;t=0\" width=\"476\" height=\"476\" style=\"border:none;overflow:hidden\" scrolling=\"no\" frameborder=\"0\" allowfullscreen=\"true\" allow=\"autoplay; clipboard-write; encrypted-media; picture-in-picture; web-share\" allowFullScreen=\"true\"><\/iframe>\n\n\n\n<p>&#8211; Ja bih rekla da je danas za nas po\u010delo Svjetsko prvenstvo. Danas okre\u0107emo novu stranicu, prva pobjeda, bila je vrlo te\u0161ka i \u010dudna utakmica na neki na\u010din. Upisali smo dva boda, sada se odmah okre\u0107emo Japanu, to nam je za sada najbitnija utakmica, za prolazak dalje u drugi krug. Mislim da smo neke stvari popravili \u0161to se ti\u010de obrane, a i napada, bili smo puno pokretljiviji, tako da se nadam da \u0107emo tako nastaviti. Za dva dana opet nova utakmica, ve\u010deras \u0107emo se malo zabaviti i odmah se spremiti za Japan, izjavila je nakon pobjede nad Paragvajem hrvatska kapetanica&nbsp;<strong>Katarina Je\u017ei\u0107<\/strong>.&nbsp;<br><br><strong>Valentina Bla\u017eevi\u0107<\/strong>&nbsp;je uz<strong>&nbsp;Anu Turk<\/strong>&nbsp;bila najbolji hrvatski strijelac. Obje su postigle po \u0161est pogodaka.<br><br>&#8211; Mo\u017eda nam je u prvom poluvremenu trebalo vremena da se naviknemo na taj njihov stil igre. Znali smo odmah da \u0107e nam biti te\u0161ko, da ne\u0107e biti lagano, ali eto, na kraju smo popravili obranu pa vi\u0161e nisu mogle zabiti takve golove kao u prvih deset minuta. Mislim da smo zaslu\u017eeno pobijedile s ovako velikom razlikom, izjavila je Bla\u017eevi\u0107.<br><br>Natjecanje u skupini G hrvatske rukometa\u0161ice zaklju\u010dit \u0107e u ponedjeljak dvobojem protiv Japana.<\/p>\n\n\n\n<p>Izvor:hrt.hr<\/p>\n","protected":false},"excerpt":{"rendered":"<p>Hrvatska \u017eenska rukometna reprezentacija u 2. kolu Svjetskog prvenstva u \u0160panjolskoj upisala je uvjerljivu pobjedu protiv Paragvaja.&nbsp; &#8211; Mislim da je bilo dobro, osim prvih desetak minuta kada se u fazi napada, vi\u0161e nego u fazi obrane, ruka malo &#8216;stisla&#8217;. Mi smo opet odigrali korektno obranu, Tea je branila jako dobro, a onda smo bacili [&hellip;]<\/p>\n","protected":false},"author":2,"featured_media":95992,"comment_status":"closed","ping_status":"closed","sticky":false,"template":"","format":"standard","meta":{"h5ap_radio_sources":[],"footnotes":""},"categories":[7],"tags":[],"class_list":["post-95991","post","type-post","status-publish","format-standard","has-post-thumbnail","hentry","category-sport"],"yoast_head":"<!-- This site is optimized with the Yoast SEO plugin v27.4 - https:\/\/yoast.com\/product\/yoast-seo-wordpress\/ -->\n<title>Je\u017ei\u0107: Za nas je danas po\u010delo Svjetsko prvenstvo - RADIO LJUBU\u0160KI<\/title>\n<meta name=\"robots\" content=\"index, follow, max-snippet:-1, max-image-preview:large, max-video-preview:-1\" \/>\n<link rel=\"canonical\" href=\"https:\/\/radioljubuski.ba\/index.php\/2021\/12\/04\/jezic-za-nas-je-danas-pocelo-svjetsko-prvenstvo\/\" \/>\n<meta property=\"og:locale\" content=\"hr_HR\" \/>\n<meta property=\"og:type\" content=\"article\" \/>\n<meta property=\"og:title\" content=\"Je\u017ei\u0107: Za nas je danas po\u010delo Svjetsko prvenstvo - RADIO LJUBU\u0160KI\" \/>\n<meta property=\"og:description\" content=\"Hrvatska \u017eenska rukometna reprezentacija u 2. kolu Svjetskog prvenstva u \u0160panjolskoj upisala je uvjerljivu pobjedu protiv Paragvaja.&nbsp; &#8211; Mislim da je bilo dobro, osim prvih desetak minuta kada se u fazi napada, vi\u0161e nego u fazi obrane, ruka malo &#8216;stisla&#8217;. Mi smo opet odigrali korektno obranu, Tea je branila jako dobro, a onda smo bacili [&hellip;]\" \/>\n<meta property=\"og:url\" content=\"https:\/\/radioljubuski.ba\/index.php\/2021\/12\/04\/jezic-za-nas-je-danas-pocelo-svjetsko-prvenstvo\/\" \/>\n<meta property=\"og:site_name\" content=\"RADIO LJUBU\u0160KI\" \/>\n<meta property=\"article:publisher\" content=\"https:\/\/www.facebook.com\/Radiio-Ljubuski-1490835324566332\" \/>\n<meta property=\"article:published_time\" content=\"2021-12-04T21:37:12+00:00\" \/>\n<meta property=\"article:modified_time\" content=\"2021-12-04T21:37:13+00:00\" \/>\n<meta property=\"og:image\" content=\"https:\/\/radioljubuski.ba\/wp-content\/uploads\/2021\/12\/rukomet-hrv-par-20211204175610-1.jpg\" \/>\n\t<meta property=\"og:image:width\" content=\"2000\" \/>\n\t<meta property=\"og:image:height\" content=\"1334\" \/>\n\t<meta property=\"og:image:type\" content=\"image\/jpeg\" \/>\n<meta name=\"author\" content=\"Radio Ljubu\u0161ki\" \/>\n<meta name=\"twitter:card\" content=\"summary_large_image\" \/>\n<meta name=\"twitter:creator\" content=\"@radioljubuski\" \/>\n<meta name=\"twitter:site\" content=\"@radioljubuski\" \/>\n<meta name=\"twitter:label1\" content=\"Napisao\/la\" \/>\n\t<meta name=\"twitter:data1\" content=\"Radio Ljubu\u0161ki\" \/>\n\t<meta name=\"twitter:label2\" content=\"Procijenjeno vrijeme \u010ditanja\" \/>\n\t<meta name=\"twitter:data2\" content=\"2 minute\" \/>\n<script type=\"application\/ld+json\" class=\"yoast-schema-graph\">{\"@context\":\"https:\\\/\\\/schema.org\",\"@graph\":[{\"@type\":\"Article\",\"@id\":\"https:\\\/\\\/radioljubuski.ba\\\/index.php\\\/2021\\\/12\\\/04\\\/jezic-za-nas-je-danas-pocelo-svjetsko-prvenstvo\\\/#article\",\"isPartOf\":{\"@id\":\"https:\\\/\\\/radioljubuski.ba\\\/index.php\\\/2021\\\/12\\\/04\\\/jezic-za-nas-je-danas-pocelo-svjetsko-prvenstvo\\\/\"},\"author\":{\"name\":\"Radio Ljubu\u0161ki\",\"@id\":\"https:\\\/\\\/radioljubuski.ba\\\/#\\\/schema\\\/person\\\/19fc700381a780f69665d7956c469e3b\"},\"headline\":\"Je\u017ei\u0107: Za nas je danas po\u010delo Svjetsko prvenstvo\",\"datePublished\":\"2021-12-04T21:37:12+00:00\",\"dateModified\":\"2021-12-04T21:37:13+00:00\",\"mainEntityOfPage\":{\"@id\":\"https:\\\/\\\/radioljubuski.ba\\\/index.php\\\/2021\\\/12\\\/04\\\/jezic-za-nas-je-danas-pocelo-svjetsko-prvenstvo\\\/\"},\"wordCount\":367,\"publisher\":{\"@id\":\"https:\\\/\\\/radioljubuski.ba\\\/#organization\"},\"image\":{\"@id\":\"https:\\\/\\\/radioljubuski.ba\\\/index.php\\\/2021\\\/12\\\/04\\\/jezic-za-nas-je-danas-pocelo-svjetsko-prvenstvo\\\/#primaryimage\"},\"thumbnailUrl\":\"https:\\\/\\\/radioljubuski.ba\\\/wp-content\\\/uploads\\\/2021\\\/12\\\/rukomet-hrv-par-20211204175610-1.jpg\",\"articleSection\":[\"\u0160port\"],\"inLanguage\":\"hr\"},{\"@type\":\"WebPage\",\"@id\":\"https:\\\/\\\/radioljubuski.ba\\\/index.php\\\/2021\\\/12\\\/04\\\/jezic-za-nas-je-danas-pocelo-svjetsko-prvenstvo\\\/\",\"url\":\"https:\\\/\\\/radioljubuski.ba\\\/index.php\\\/2021\\\/12\\\/04\\\/jezic-za-nas-je-danas-pocelo-svjetsko-prvenstvo\\\/\",\"name\":\"Je\u017ei\u0107: Za nas je danas po\u010delo Svjetsko prvenstvo - RADIO LJUBU\u0160KI\",\"isPartOf\":{\"@id\":\"https:\\\/\\\/radioljubuski.ba\\\/#website\"},\"primaryImageOfPage\":{\"@id\":\"https:\\\/\\\/radioljubuski.ba\\\/index.php\\\/2021\\\/12\\\/04\\\/jezic-za-nas-je-danas-pocelo-svjetsko-prvenstvo\\\/#primaryimage\"},\"image\":{\"@id\":\"https:\\\/\\\/radioljubuski.ba\\\/index.php\\\/2021\\\/12\\\/04\\\/jezic-za-nas-je-danas-pocelo-svjetsko-prvenstvo\\\/#primaryimage\"},\"thumbnailUrl\":\"https:\\\/\\\/radioljubuski.ba\\\/wp-content\\\/uploads\\\/2021\\\/12\\\/rukomet-hrv-par-20211204175610-1.jpg\",\"datePublished\":\"2021-12-04T21:37:12+00:00\",\"dateModified\":\"2021-12-04T21:37:13+00:00\",\"breadcrumb\":{\"@id\":\"https:\\\/\\\/radioljubuski.ba\\\/index.php\\\/2021\\\/12\\\/04\\\/jezic-za-nas-je-danas-pocelo-svjetsko-prvenstvo\\\/#breadcrumb\"},\"inLanguage\":\"hr\",\"potentialAction\":[{\"@type\":\"ReadAction\",\"target\":[\"https:\\\/\\\/radioljubuski.ba\\\/index.php\\\/2021\\\/12\\\/04\\\/jezic-za-nas-je-danas-pocelo-svjetsko-prvenstvo\\\/\"]}]},{\"@type\":\"ImageObject\",\"inLanguage\":\"hr\",\"@id\":\"https:\\\/\\\/radioljubuski.ba\\\/index.php\\\/2021\\\/12\\\/04\\\/jezic-za-nas-je-danas-pocelo-svjetsko-prvenstvo\\\/#primaryimage\",\"url\":\"https:\\\/\\\/radioljubuski.ba\\\/wp-content\\\/uploads\\\/2021\\\/12\\\/rukomet-hrv-par-20211204175610-1.jpg\",\"contentUrl\":\"https:\\\/\\\/radioljubuski.ba\\\/wp-content\\\/uploads\\\/2021\\\/12\\\/rukomet-hrv-par-20211204175610-1.jpg\",\"width\":2000,\"height\":1334},{\"@type\":\"BreadcrumbList\",\"@id\":\"https:\\\/\\\/radioljubuski.ba\\\/index.php\\\/2021\\\/12\\\/04\\\/jezic-za-nas-je-danas-pocelo-svjetsko-prvenstvo\\\/#breadcrumb\",\"itemListElement\":[{\"@type\":\"ListItem\",\"position\":1,\"name\":\"Po\u010detna stranica\",\"item\":\"https:\\\/\\\/radioljubuski.ba\\\/\"},{\"@type\":\"ListItem\",\"position\":2,\"name\":\"Je\u017ei\u0107: Za nas je danas po\u010delo Svjetsko prvenstvo\"}]},{\"@type\":\"WebSite\",\"@id\":\"https:\\\/\\\/radioljubuski.ba\\\/#website\",\"url\":\"https:\\\/\\\/radioljubuski.ba\\\/\",\"name\":\"Radio Ljubu\u0161ki\",\"description\":\"Sun\u010dana frekvencija Hercegovine\",\"publisher\":{\"@id\":\"https:\\\/\\\/radioljubuski.ba\\\/#organization\"},\"potentialAction\":[{\"@type\":\"SearchAction\",\"target\":{\"@type\":\"EntryPoint\",\"urlTemplate\":\"https:\\\/\\\/radioljubuski.ba\\\/?s={search_term_string}\"},\"query-input\":{\"@type\":\"PropertyValueSpecification\",\"valueRequired\":true,\"valueName\":\"search_term_string\"}}],\"inLanguage\":\"hr\"},{\"@type\":\"Organization\",\"@id\":\"https:\\\/\\\/radioljubuski.ba\\\/#organization\",\"name\":\"Radio Ljubu\u0161ki\",\"url\":\"https:\\\/\\\/radioljubuski.ba\\\/\",\"logo\":{\"@type\":\"ImageObject\",\"inLanguage\":\"hr\",\"@id\":\"https:\\\/\\\/radioljubuski.ba\\\/#\\\/schema\\\/logo\\\/image\\\/\",\"url\":\"https:\\\/\\\/radioljubuski.ba\\\/wp-content\\\/uploads\\\/2021\\\/02\\\/cropped-Radio_Ljubuski_logo1.jpg\",\"contentUrl\":\"https:\\\/\\\/radioljubuski.ba\\\/wp-content\\\/uploads\\\/2021\\\/02\\\/cropped-Radio_Ljubuski_logo1.jpg\",\"width\":512,\"height\":512,\"caption\":\"Radio Ljubu\u0161ki\"},\"image\":{\"@id\":\"https:\\\/\\\/radioljubuski.ba\\\/#\\\/schema\\\/logo\\\/image\\\/\"},\"sameAs\":[\"https:\\\/\\\/www.facebook.com\\\/Radiio-Ljubuski-1490835324566332\",\"https:\\\/\\\/x.com\\\/radioljubuski\",\"https:\\\/\\\/hr.linkedin.com\\\/company\\\/radio-ljubuski\",\"https:\\\/\\\/www.youtube.com\\\/channel\\\/UCHYaeO_n0Db3tjNGudGpXyw\"]},{\"@type\":\"Person\",\"@id\":\"https:\\\/\\\/radioljubuski.ba\\\/#\\\/schema\\\/person\\\/19fc700381a780f69665d7956c469e3b\",\"name\":\"Radio Ljubu\u0161ki\"}]}<\/script>\n<!-- \/ Yoast SEO plugin. -->","yoast_head_json":{"title":"Je\u017ei\u0107: Za nas je danas po\u010delo Svjetsko prvenstvo - RADIO LJUBU\u0160KI","robots":{"index":"index","follow":"follow","max-snippet":"max-snippet:-1","max-image-preview":"max-image-preview:large","max-video-preview":"max-video-preview:-1"},"canonical":"https:\/\/radioljubuski.ba\/index.php\/2021\/12\/04\/jezic-za-nas-je-danas-pocelo-svjetsko-prvenstvo\/","og_locale":"hr_HR","og_type":"article","og_title":"Je\u017ei\u0107: Za nas je danas po\u010delo Svjetsko prvenstvo - RADIO LJUBU\u0160KI","og_description":"Hrvatska \u017eenska rukometna reprezentacija u 2. kolu Svjetskog prvenstva u \u0160panjolskoj upisala je uvjerljivu pobjedu protiv Paragvaja.&nbsp; &#8211; Mislim da je bilo dobro, osim prvih desetak minuta kada se u fazi napada, vi\u0161e nego u fazi obrane, ruka malo &#8216;stisla&#8217;. Mi smo opet odigrali korektno obranu, Tea je branila jako dobro, a onda smo bacili [&hellip;]","og_url":"https:\/\/radioljubuski.ba\/index.php\/2021\/12\/04\/jezic-za-nas-je-danas-pocelo-svjetsko-prvenstvo\/","og_site_name":"RADIO LJUBU\u0160KI","article_publisher":"https:\/\/www.facebook.com\/Radiio-Ljubuski-1490835324566332","article_published_time":"2021-12-04T21:37:12+00:00","article_modified_time":"2021-12-04T21:37:13+00:00","og_image":[{"width":2000,"height":1334,"url":"https:\/\/radioljubuski.ba\/wp-content\/uploads\/2021\/12\/rukomet-hrv-par-20211204175610-1.jpg","type":"image\/jpeg"}],"author":"Radio Ljubu\u0161ki","twitter_card":"summary_large_image","twitter_creator":"@radioljubuski","twitter_site":"@radioljubuski","twitter_misc":{"Napisao\/la":"Radio Ljubu\u0161ki","Procijenjeno vrijeme \u010ditanja":"2 minute"},"schema":{"@context":"https:\/\/schema.org","@graph":[{"@type":"Article","@id":"https:\/\/radioljubuski.ba\/index.php\/2021\/12\/04\/jezic-za-nas-je-danas-pocelo-svjetsko-prvenstvo\/#article","isPartOf":{"@id":"https:\/\/radioljubuski.ba\/index.php\/2021\/12\/04\/jezic-za-nas-je-danas-pocelo-svjetsko-prvenstvo\/"},"author":{"name":"Radio Ljubu\u0161ki","@id":"https:\/\/radioljubuski.ba\/#\/schema\/person\/19fc700381a780f69665d7956c469e3b"},"headline":"Je\u017ei\u0107: Za nas je danas po\u010delo Svjetsko prvenstvo","datePublished":"2021-12-04T21:37:12+00:00","dateModified":"2021-12-04T21:37:13+00:00","mainEntityOfPage":{"@id":"https:\/\/radioljubuski.ba\/index.php\/2021\/12\/04\/jezic-za-nas-je-danas-pocelo-svjetsko-prvenstvo\/"},"wordCount":367,"publisher":{"@id":"https:\/\/radioljubuski.ba\/#organization"},"image":{"@id":"https:\/\/radioljubuski.ba\/index.php\/2021\/12\/04\/jezic-za-nas-je-danas-pocelo-svjetsko-prvenstvo\/#primaryimage"},"thumbnailUrl":"https:\/\/radioljubuski.ba\/wp-content\/uploads\/2021\/12\/rukomet-hrv-par-20211204175610-1.jpg","articleSection":["\u0160port"],"inLanguage":"hr"},{"@type":"WebPage","@id":"https:\/\/radioljubuski.ba\/index.php\/2021\/12\/04\/jezic-za-nas-je-danas-pocelo-svjetsko-prvenstvo\/","url":"https:\/\/radioljubuski.ba\/index.php\/2021\/12\/04\/jezic-za-nas-je-danas-pocelo-svjetsko-prvenstvo\/","name":"Je\u017ei\u0107: Za nas je danas po\u010delo Svjetsko prvenstvo - RADIO LJUBU\u0160KI","isPartOf":{"@id":"https:\/\/radioljubuski.ba\/#website"},"primaryImageOfPage":{"@id":"https:\/\/radioljubuski.ba\/index.php\/2021\/12\/04\/jezic-za-nas-je-danas-pocelo-svjetsko-prvenstvo\/#primaryimage"},"image":{"@id":"https:\/\/radioljubuski.ba\/index.php\/2021\/12\/04\/jezic-za-nas-je-danas-pocelo-svjetsko-prvenstvo\/#primaryimage"},"thumbnailUrl":"https:\/\/radioljubuski.ba\/wp-content\/uploads\/2021\/12\/rukomet-hrv-par-20211204175610-1.jpg","datePublished":"2021-12-04T21:37:12+00:00","dateModified":"2021-12-04T21:37:13+00:00","breadcrumb":{"@id":"https:\/\/radioljubuski.ba\/index.php\/2021\/12\/04\/jezic-za-nas-je-danas-pocelo-svjetsko-prvenstvo\/#breadcrumb"},"inLanguage":"hr","potentialAction":[{"@type":"ReadAction","target":["https:\/\/radioljubuski.ba\/index.php\/2021\/12\/04\/jezic-za-nas-je-danas-pocelo-svjetsko-prvenstvo\/"]}]},{"@type":"ImageObject","inLanguage":"hr","@id":"https:\/\/radioljubuski.ba\/index.php\/2021\/12\/04\/jezic-za-nas-je-danas-pocelo-svjetsko-prvenstvo\/#primaryimage","url":"https:\/\/radioljubuski.ba\/wp-content\/uploads\/2021\/12\/rukomet-hrv-par-20211204175610-1.jpg","contentUrl":"https:\/\/radioljubuski.ba\/wp-content\/uploads\/2021\/12\/rukomet-hrv-par-20211204175610-1.jpg","width":2000,"height":1334},{"@type":"BreadcrumbList","@id":"https:\/\/radioljubuski.ba\/index.php\/2021\/12\/04\/jezic-za-nas-je-danas-pocelo-svjetsko-prvenstvo\/#breadcrumb","itemListElement":[{"@type":"ListItem","position":1,"name":"Po\u010detna stranica","item":"https:\/\/radioljubuski.ba\/"},{"@type":"ListItem","position":2,"name":"Je\u017ei\u0107: Za nas je danas po\u010delo Svjetsko prvenstvo"}]},{"@type":"WebSite","@id":"https:\/\/radioljubuski.ba\/#website","url":"https:\/\/radioljubuski.ba\/","name":"Radio Ljubu\u0161ki","description":"Sun\u010dana frekvencija Hercegovine","publisher":{"@id":"https:\/\/radioljubuski.ba\/#organization"},"potentialAction":[{"@type":"SearchAction","target":{"@type":"EntryPoint","urlTemplate":"https:\/\/radioljubuski.ba\/?s={search_term_string}"},"query-input":{"@type":"PropertyValueSpecification","valueRequired":true,"valueName":"search_term_string"}}],"inLanguage":"hr"},{"@type":"Organization","@id":"https:\/\/radioljubuski.ba\/#organization","name":"Radio Ljubu\u0161ki","url":"https:\/\/radioljubuski.ba\/","logo":{"@type":"ImageObject","inLanguage":"hr","@id":"https:\/\/radioljubuski.ba\/#\/schema\/logo\/image\/","url":"https:\/\/radioljubuski.ba\/wp-content\/uploads\/2021\/02\/cropped-Radio_Ljubuski_logo1.jpg","contentUrl":"https:\/\/radioljubuski.ba\/wp-content\/uploads\/2021\/02\/cropped-Radio_Ljubuski_logo1.jpg","width":512,"height":512,"caption":"Radio Ljubu\u0161ki"},"image":{"@id":"https:\/\/radioljubuski.ba\/#\/schema\/logo\/image\/"},"sameAs":["https:\/\/www.facebook.com\/Radiio-Ljubuski-1490835324566332","https:\/\/x.com\/radioljubuski","https:\/\/hr.linkedin.com\/company\/radio-ljubuski","https:\/\/www.youtube.com\/channel\/UCHYaeO_n0Db3tjNGudGpXyw"]},{"@type":"Person","@id":"https:\/\/radioljubuski.ba\/#\/schema\/person\/19fc700381a780f69665d7956c469e3b","name":"Radio Ljubu\u0161ki"}]}},"_links":{"self":[{"href":"https:\/\/radioljubuski.ba\/index.php\/wp-json\/wp\/v2\/posts\/95991","targetHints":{"allow":["GET"]}}],"collection":[{"href":"https:\/\/radioljubuski.ba\/index.php\/wp-json\/wp\/v2\/posts"}],"about":[{"href":"https:\/\/radioljubuski.ba\/index.php\/wp-json\/wp\/v2\/types\/post"}],"author":[{"embeddable":true,"href":"https:\/\/radioljubuski.ba\/index.php\/wp-json\/wp\/v2\/users\/2"}],"replies":[{"embeddable":true,"href":"https:\/\/radioljubuski.ba\/index.php\/wp-json\/wp\/v2\/comments?post=95991"}],"version-history":[{"count":1,"href":"https:\/\/radioljubuski.ba\/index.php\/wp-json\/wp\/v2\/posts\/95991\/revisions"}],"predecessor-version":[{"id":95993,"href":"https:\/\/radioljubuski.ba\/index.php\/wp-json\/wp\/v2\/posts\/95991\/revisions\/95993"}],"wp:featuredmedia":[{"embeddable":true,"href":"https:\/\/radioljubuski.ba\/index.php\/wp-json\/wp\/v2\/media\/95992"}],"wp:attachment":[{"href":"https:\/\/radioljubuski.ba\/index.php\/wp-json\/wp\/v2\/media?parent=95991"}],"wp:term":[{"taxonomy":"category","embeddable":true,"href":"https:\/\/radioljubuski.ba\/index.php\/wp-json\/wp\/v2\/categories?post=95991"},{"taxonomy":"post_tag","embeddable":true,"href":"https:\/\/radioljubuski.ba\/index.php\/wp-json\/wp\/v2\/tags?post=95991"}],"curies":[{"name":"wp","href":"https:\/\/api.w.org\/{rel}","templated":true}]}}