{"id":95999,"date":"2021-12-04T22:43:13","date_gmt":"2021-12-04T21:43:13","guid":{"rendered":"https:\/\/radioljubuski.ba\/?p=95999"},"modified":"2021-12-04T22:43:15","modified_gmt":"2021-12-04T21:43:15","slug":"cilic-rusija-je-mocna-ali-nadamo-se-uspjehu","status":"publish","type":"post","link":"https:\/\/radioljubuski.ba\/index.php\/2021\/12\/04\/cilic-rusija-je-mocna-ali-nadamo-se-uspjehu\/","title":{"rendered":"\u010cili\u0107: Rusija je mo\u0107na, ali nadamo se uspjehu"},"content":{"rendered":"\n<p><strong>U finalu Davis Cupa u nedjelju u 16 sati sastaju se Hrvatska i Rusija, jedine dvije reprezentacije koje dosad nisu izgubile nijedan susret na ovogodi\u0161njoj zavr\u0161nici.<\/strong><\/p>\n\n\n\n<p>Hrvatska je za prolazak u finale svladala Srbiju 2-1, a Rusija Njema\u010dku istim rezultatom, s time da je pobjeda ruskog sastava bila ostvarena izuzetno uvjerljivo, bez izgubljenog seta u oba pojedina\u010dna me\u010da. No to se na neki na\u010din i o\u010dekivalo od ekipe koja ima drugog (<strong>Daniil Medvedev<\/strong>) i petog igra\u010da s ATP liste (<strong>Andrej Rubljov)<\/strong>.<br><br>&#8211; Prije po\u010detka turnira Rusija je slovila kao jedan od favorita za osvajanje naslova. Ima nevjerojatno jaku reprezentaciju, \u010detiri tenisa\u010da me\u0111u prvih 30, \u0161to govori o veli\u010dini. I pokazali su da su jako mo\u0107ni, pobijedili su u svim susretima, iako su imali neke te\u0161ke okr\u0161aje, kao u grupi sa \u0160panjolcima. Zaslu\u017eeno su u finalu, a mi se nadamo da \u0107emo iza\u0107i s najboljom igrom. Veselimo se jo\u0161 jednom finalu i nadamo se uspjehu, rekao je\u00a0<strong>Marin \u010cili\u0107<\/strong>, prvi hrvatski reket, koji prema pravilima igra protiv najbolje rangiranih suparni\u010dkih igra\u010da.<\/p>\n\n\n\n<iframe loading=\"lazy\" src=\"https:\/\/www.facebook.com\/plugins\/video.php?height=476&#038;href=https%3A%2F%2Fwww.facebook.com%2FHRTsport%2Fvideos%2F324912845853307%2F&#038;show_text=false&#038;width=476&#038;t=0\" width=\"476\" height=\"476\" style=\"border:none;overflow:hidden\" scrolling=\"no\" frameborder=\"0\" allowfullscreen=\"true\" allow=\"autoplay; clipboard-write; encrypted-media; picture-in-picture; web-share\" allowFullScreen=\"true\"><\/iframe>\n\n\n\n<p>Koji je recept za pobjedu protiv Daniila Medvedeva? Odigrati prva dva seta kao prva dva seta u Wimbledonu?<br><br>&#8211; Tako nekako. Poznajem ga dobro. Imali smo taj sjajan me\u010d u Wimbledonu u kojem sam na\u017ealost izgubio u pet setova. No taj me\u010d mi je dao dosta nade i samopouzdanja za nastavak sezone. Sigurno da \u0107u u\u0107i u me\u010d lak\u0161e, osje\u0107am da mogu do\u0107i do pobjede. No, najbitnije je da do\u0111emo do dva boda, ka\u017ee \u010cili\u0107.<br><br>\u0160to treba napraviti&nbsp;<strong>Borna Gojo<\/strong>&nbsp;za pobjedu protiv Rubljova?<br><br>&#8211; Borna je pokazao fenomenalan tenis tijekom posljednjih deset dana. Igrao je sjajno, najbolje u dosada\u0161njoj karijeri. Treba vjerovati u sebe, a mi \u0107emo mu sa strane dati veliku podr\u0161ku. \u010ceka ga nevjerojatno te\u017eak me\u010d, no pritisak je na Rusima koji moraju osvojiti dva boda u pojedina\u010dnim me\u010devima, rekao je Marin.&nbsp;<\/p>\n\n\n\n<p>Izvor.hrt.hr<\/p>\n","protected":false},"excerpt":{"rendered":"<p>U finalu Davis Cupa u nedjelju u 16 sati sastaju se Hrvatska i Rusija, jedine dvije reprezentacije koje dosad nisu izgubile nijedan susret na ovogodi\u0161njoj zavr\u0161nici. Hrvatska je za prolazak u finale svladala Srbiju 2-1, a Rusija Njema\u010dku istim rezultatom, s time da je pobjeda ruskog sastava bila ostvarena izuzetno uvjerljivo, bez izgubljenog seta u [&hellip;]<\/p>\n","protected":false},"author":2,"featured_media":96000,"comment_status":"closed","ping_status":"closed","sticky":false,"template":"","format":"standard","meta":{"h5ap_radio_sources":[],"footnotes":""},"categories":[7],"tags":[],"class_list":["post-95999","post","type-post","status-publish","format-standard","has-post-thumbnail","hentry","category-sport"],"yoast_head":"<!-- This site is optimized with the Yoast SEO plugin v27.4 - https:\/\/yoast.com\/product\/yoast-seo-wordpress\/ -->\n<title>\u010cili\u0107: Rusija je mo\u0107na, ali nadamo se uspjehu - RADIO LJUBU\u0160KI<\/title>\n<meta name=\"robots\" content=\"index, follow, max-snippet:-1, max-image-preview:large, max-video-preview:-1\" \/>\n<link rel=\"canonical\" href=\"https:\/\/radioljubuski.ba\/index.php\/2021\/12\/04\/cilic-rusija-je-mocna-ali-nadamo-se-uspjehu\/\" \/>\n<meta property=\"og:locale\" content=\"hr_HR\" \/>\n<meta property=\"og:type\" content=\"article\" \/>\n<meta property=\"og:title\" content=\"\u010cili\u0107: Rusija je mo\u0107na, ali nadamo se uspjehu - RADIO LJUBU\u0160KI\" \/>\n<meta property=\"og:description\" content=\"U finalu Davis Cupa u nedjelju u 16 sati sastaju se Hrvatska i Rusija, jedine dvije reprezentacije koje dosad nisu izgubile nijedan susret na ovogodi\u0161njoj zavr\u0161nici. Hrvatska je za prolazak u finale svladala Srbiju 2-1, a Rusija Njema\u010dku istim rezultatom, s time da je pobjeda ruskog sastava bila ostvarena izuzetno uvjerljivo, bez izgubljenog seta u [&hellip;]\" \/>\n<meta property=\"og:url\" content=\"https:\/\/radioljubuski.ba\/index.php\/2021\/12\/04\/cilic-rusija-je-mocna-ali-nadamo-se-uspjehu\/\" \/>\n<meta property=\"og:site_name\" content=\"RADIO LJUBU\u0160KI\" \/>\n<meta property=\"article:publisher\" content=\"https:\/\/www.facebook.com\/Radiio-Ljubuski-1490835324566332\" \/>\n<meta property=\"article:published_time\" content=\"2021-12-04T21:43:13+00:00\" \/>\n<meta property=\"article:modified_time\" content=\"2021-12-04T21:43:15+00:00\" \/>\n<meta property=\"og:image\" content=\"https:\/\/radioljubuski.ba\/wp-content\/uploads\/2021\/12\/cilic.jpg\" \/>\n\t<meta property=\"og:image:width\" content=\"285\" \/>\n\t<meta property=\"og:image:height\" content=\"177\" \/>\n\t<meta property=\"og:image:type\" content=\"image\/jpeg\" \/>\n<meta name=\"author\" content=\"Radio Ljubu\u0161ki\" \/>\n<meta name=\"twitter:card\" content=\"summary_large_image\" \/>\n<meta name=\"twitter:creator\" content=\"@radioljubuski\" \/>\n<meta name=\"twitter:site\" content=\"@radioljubuski\" \/>\n<meta name=\"twitter:label1\" content=\"Napisao\/la\" \/>\n\t<meta name=\"twitter:data1\" content=\"Radio Ljubu\u0161ki\" \/>\n\t<meta name=\"twitter:label2\" content=\"Procijenjeno vrijeme \u010ditanja\" \/>\n\t<meta name=\"twitter:data2\" content=\"2 minute\" \/>\n<script type=\"application\/ld+json\" class=\"yoast-schema-graph\">{\"@context\":\"https:\\\/\\\/schema.org\",\"@graph\":[{\"@type\":\"Article\",\"@id\":\"https:\\\/\\\/radioljubuski.ba\\\/index.php\\\/2021\\\/12\\\/04\\\/cilic-rusija-je-mocna-ali-nadamo-se-uspjehu\\\/#article\",\"isPartOf\":{\"@id\":\"https:\\\/\\\/radioljubuski.ba\\\/index.php\\\/2021\\\/12\\\/04\\\/cilic-rusija-je-mocna-ali-nadamo-se-uspjehu\\\/\"},\"author\":{\"name\":\"Radio Ljubu\u0161ki\",\"@id\":\"https:\\\/\\\/radioljubuski.ba\\\/#\\\/schema\\\/person\\\/19fc700381a780f69665d7956c469e3b\"},\"headline\":\"\u010cili\u0107: Rusija je mo\u0107na, ali nadamo se uspjehu\",\"datePublished\":\"2021-12-04T21:43:13+00:00\",\"dateModified\":\"2021-12-04T21:43:15+00:00\",\"mainEntityOfPage\":{\"@id\":\"https:\\\/\\\/radioljubuski.ba\\\/index.php\\\/2021\\\/12\\\/04\\\/cilic-rusija-je-mocna-ali-nadamo-se-uspjehu\\\/\"},\"wordCount\":349,\"publisher\":{\"@id\":\"https:\\\/\\\/radioljubuski.ba\\\/#organization\"},\"image\":{\"@id\":\"https:\\\/\\\/radioljubuski.ba\\\/index.php\\\/2021\\\/12\\\/04\\\/cilic-rusija-je-mocna-ali-nadamo-se-uspjehu\\\/#primaryimage\"},\"thumbnailUrl\":\"https:\\\/\\\/radioljubuski.ba\\\/wp-content\\\/uploads\\\/2021\\\/12\\\/cilic.jpg\",\"articleSection\":[\"\u0160port\"],\"inLanguage\":\"hr\"},{\"@type\":\"WebPage\",\"@id\":\"https:\\\/\\\/radioljubuski.ba\\\/index.php\\\/2021\\\/12\\\/04\\\/cilic-rusija-je-mocna-ali-nadamo-se-uspjehu\\\/\",\"url\":\"https:\\\/\\\/radioljubuski.ba\\\/index.php\\\/2021\\\/12\\\/04\\\/cilic-rusija-je-mocna-ali-nadamo-se-uspjehu\\\/\",\"name\":\"\u010cili\u0107: Rusija je mo\u0107na, ali nadamo se uspjehu - RADIO LJUBU\u0160KI\",\"isPartOf\":{\"@id\":\"https:\\\/\\\/radioljubuski.ba\\\/#website\"},\"primaryImageOfPage\":{\"@id\":\"https:\\\/\\\/radioljubuski.ba\\\/index.php\\\/2021\\\/12\\\/04\\\/cilic-rusija-je-mocna-ali-nadamo-se-uspjehu\\\/#primaryimage\"},\"image\":{\"@id\":\"https:\\\/\\\/radioljubuski.ba\\\/index.php\\\/2021\\\/12\\\/04\\\/cilic-rusija-je-mocna-ali-nadamo-se-uspjehu\\\/#primaryimage\"},\"thumbnailUrl\":\"https:\\\/\\\/radioljubuski.ba\\\/wp-content\\\/uploads\\\/2021\\\/12\\\/cilic.jpg\",\"datePublished\":\"2021-12-04T21:43:13+00:00\",\"dateModified\":\"2021-12-04T21:43:15+00:00\",\"breadcrumb\":{\"@id\":\"https:\\\/\\\/radioljubuski.ba\\\/index.php\\\/2021\\\/12\\\/04\\\/cilic-rusija-je-mocna-ali-nadamo-se-uspjehu\\\/#breadcrumb\"},\"inLanguage\":\"hr\",\"potentialAction\":[{\"@type\":\"ReadAction\",\"target\":[\"https:\\\/\\\/radioljubuski.ba\\\/index.php\\\/2021\\\/12\\\/04\\\/cilic-rusija-je-mocna-ali-nadamo-se-uspjehu\\\/\"]}]},{\"@type\":\"ImageObject\",\"inLanguage\":\"hr\",\"@id\":\"https:\\\/\\\/radioljubuski.ba\\\/index.php\\\/2021\\\/12\\\/04\\\/cilic-rusija-je-mocna-ali-nadamo-se-uspjehu\\\/#primaryimage\",\"url\":\"https:\\\/\\\/radioljubuski.ba\\\/wp-content\\\/uploads\\\/2021\\\/12\\\/cilic.jpg\",\"contentUrl\":\"https:\\\/\\\/radioljubuski.ba\\\/wp-content\\\/uploads\\\/2021\\\/12\\\/cilic.jpg\",\"width\":285,\"height\":177},{\"@type\":\"BreadcrumbList\",\"@id\":\"https:\\\/\\\/radioljubuski.ba\\\/index.php\\\/2021\\\/12\\\/04\\\/cilic-rusija-je-mocna-ali-nadamo-se-uspjehu\\\/#breadcrumb\",\"itemListElement\":[{\"@type\":\"ListItem\",\"position\":1,\"name\":\"Po\u010detna stranica\",\"item\":\"https:\\\/\\\/radioljubuski.ba\\\/\"},{\"@type\":\"ListItem\",\"position\":2,\"name\":\"\u010cili\u0107: Rusija je mo\u0107na, ali nadamo se uspjehu\"}]},{\"@type\":\"WebSite\",\"@id\":\"https:\\\/\\\/radioljubuski.ba\\\/#website\",\"url\":\"https:\\\/\\\/radioljubuski.ba\\\/\",\"name\":\"Radio Ljubu\u0161ki\",\"description\":\"Sun\u010dana frekvencija Hercegovine\",\"publisher\":{\"@id\":\"https:\\\/\\\/radioljubuski.ba\\\/#organization\"},\"potentialAction\":[{\"@type\":\"SearchAction\",\"target\":{\"@type\":\"EntryPoint\",\"urlTemplate\":\"https:\\\/\\\/radioljubuski.ba\\\/?s={search_term_string}\"},\"query-input\":{\"@type\":\"PropertyValueSpecification\",\"valueRequired\":true,\"valueName\":\"search_term_string\"}}],\"inLanguage\":\"hr\"},{\"@type\":\"Organization\",\"@id\":\"https:\\\/\\\/radioljubuski.ba\\\/#organization\",\"name\":\"Radio Ljubu\u0161ki\",\"url\":\"https:\\\/\\\/radioljubuski.ba\\\/\",\"logo\":{\"@type\":\"ImageObject\",\"inLanguage\":\"hr\",\"@id\":\"https:\\\/\\\/radioljubuski.ba\\\/#\\\/schema\\\/logo\\\/image\\\/\",\"url\":\"https:\\\/\\\/radioljubuski.ba\\\/wp-content\\\/uploads\\\/2021\\\/02\\\/cropped-Radio_Ljubuski_logo1.jpg\",\"contentUrl\":\"https:\\\/\\\/radioljubuski.ba\\\/wp-content\\\/uploads\\\/2021\\\/02\\\/cropped-Radio_Ljubuski_logo1.jpg\",\"width\":512,\"height\":512,\"caption\":\"Radio Ljubu\u0161ki\"},\"image\":{\"@id\":\"https:\\\/\\\/radioljubuski.ba\\\/#\\\/schema\\\/logo\\\/image\\\/\"},\"sameAs\":[\"https:\\\/\\\/www.facebook.com\\\/Radiio-Ljubuski-1490835324566332\",\"https:\\\/\\\/x.com\\\/radioljubuski\",\"https:\\\/\\\/hr.linkedin.com\\\/company\\\/radio-ljubuski\",\"https:\\\/\\\/www.youtube.com\\\/channel\\\/UCHYaeO_n0Db3tjNGudGpXyw\"]},{\"@type\":\"Person\",\"@id\":\"https:\\\/\\\/radioljubuski.ba\\\/#\\\/schema\\\/person\\\/19fc700381a780f69665d7956c469e3b\",\"name\":\"Radio Ljubu\u0161ki\"}]}<\/script>\n<!-- \/ Yoast SEO plugin. -->","yoast_head_json":{"title":"\u010cili\u0107: Rusija je mo\u0107na, ali nadamo se uspjehu - RADIO LJUBU\u0160KI","robots":{"index":"index","follow":"follow","max-snippet":"max-snippet:-1","max-image-preview":"max-image-preview:large","max-video-preview":"max-video-preview:-1"},"canonical":"https:\/\/radioljubuski.ba\/index.php\/2021\/12\/04\/cilic-rusija-je-mocna-ali-nadamo-se-uspjehu\/","og_locale":"hr_HR","og_type":"article","og_title":"\u010cili\u0107: Rusija je mo\u0107na, ali nadamo se uspjehu - RADIO LJUBU\u0160KI","og_description":"U finalu Davis Cupa u nedjelju u 16 sati sastaju se Hrvatska i Rusija, jedine dvije reprezentacije koje dosad nisu izgubile nijedan susret na ovogodi\u0161njoj zavr\u0161nici. Hrvatska je za prolazak u finale svladala Srbiju 2-1, a Rusija Njema\u010dku istim rezultatom, s time da je pobjeda ruskog sastava bila ostvarena izuzetno uvjerljivo, bez izgubljenog seta u [&hellip;]","og_url":"https:\/\/radioljubuski.ba\/index.php\/2021\/12\/04\/cilic-rusija-je-mocna-ali-nadamo-se-uspjehu\/","og_site_name":"RADIO LJUBU\u0160KI","article_publisher":"https:\/\/www.facebook.com\/Radiio-Ljubuski-1490835324566332","article_published_time":"2021-12-04T21:43:13+00:00","article_modified_time":"2021-12-04T21:43:15+00:00","og_image":[{"width":285,"height":177,"url":"https:\/\/radioljubuski.ba\/wp-content\/uploads\/2021\/12\/cilic.jpg","type":"image\/jpeg"}],"author":"Radio Ljubu\u0161ki","twitter_card":"summary_large_image","twitter_creator":"@radioljubuski","twitter_site":"@radioljubuski","twitter_misc":{"Napisao\/la":"Radio Ljubu\u0161ki","Procijenjeno vrijeme \u010ditanja":"2 minute"},"schema":{"@context":"https:\/\/schema.org","@graph":[{"@type":"Article","@id":"https:\/\/radioljubuski.ba\/index.php\/2021\/12\/04\/cilic-rusija-je-mocna-ali-nadamo-se-uspjehu\/#article","isPartOf":{"@id":"https:\/\/radioljubuski.ba\/index.php\/2021\/12\/04\/cilic-rusija-je-mocna-ali-nadamo-se-uspjehu\/"},"author":{"name":"Radio Ljubu\u0161ki","@id":"https:\/\/radioljubuski.ba\/#\/schema\/person\/19fc700381a780f69665d7956c469e3b"},"headline":"\u010cili\u0107: Rusija je mo\u0107na, ali nadamo se uspjehu","datePublished":"2021-12-04T21:43:13+00:00","dateModified":"2021-12-04T21:43:15+00:00","mainEntityOfPage":{"@id":"https:\/\/radioljubuski.ba\/index.php\/2021\/12\/04\/cilic-rusija-je-mocna-ali-nadamo-se-uspjehu\/"},"wordCount":349,"publisher":{"@id":"https:\/\/radioljubuski.ba\/#organization"},"image":{"@id":"https:\/\/radioljubuski.ba\/index.php\/2021\/12\/04\/cilic-rusija-je-mocna-ali-nadamo-se-uspjehu\/#primaryimage"},"thumbnailUrl":"https:\/\/radioljubuski.ba\/wp-content\/uploads\/2021\/12\/cilic.jpg","articleSection":["\u0160port"],"inLanguage":"hr"},{"@type":"WebPage","@id":"https:\/\/radioljubuski.ba\/index.php\/2021\/12\/04\/cilic-rusija-je-mocna-ali-nadamo-se-uspjehu\/","url":"https:\/\/radioljubuski.ba\/index.php\/2021\/12\/04\/cilic-rusija-je-mocna-ali-nadamo-se-uspjehu\/","name":"\u010cili\u0107: Rusija je mo\u0107na, ali nadamo se uspjehu - RADIO LJUBU\u0160KI","isPartOf":{"@id":"https:\/\/radioljubuski.ba\/#website"},"primaryImageOfPage":{"@id":"https:\/\/radioljubuski.ba\/index.php\/2021\/12\/04\/cilic-rusija-je-mocna-ali-nadamo-se-uspjehu\/#primaryimage"},"image":{"@id":"https:\/\/radioljubuski.ba\/index.php\/2021\/12\/04\/cilic-rusija-je-mocna-ali-nadamo-se-uspjehu\/#primaryimage"},"thumbnailUrl":"https:\/\/radioljubuski.ba\/wp-content\/uploads\/2021\/12\/cilic.jpg","datePublished":"2021-12-04T21:43:13+00:00","dateModified":"2021-12-04T21:43:15+00:00","breadcrumb":{"@id":"https:\/\/radioljubuski.ba\/index.php\/2021\/12\/04\/cilic-rusija-je-mocna-ali-nadamo-se-uspjehu\/#breadcrumb"},"inLanguage":"hr","potentialAction":[{"@type":"ReadAction","target":["https:\/\/radioljubuski.ba\/index.php\/2021\/12\/04\/cilic-rusija-je-mocna-ali-nadamo-se-uspjehu\/"]}]},{"@type":"ImageObject","inLanguage":"hr","@id":"https:\/\/radioljubuski.ba\/index.php\/2021\/12\/04\/cilic-rusija-je-mocna-ali-nadamo-se-uspjehu\/#primaryimage","url":"https:\/\/radioljubuski.ba\/wp-content\/uploads\/2021\/12\/cilic.jpg","contentUrl":"https:\/\/radioljubuski.ba\/wp-content\/uploads\/2021\/12\/cilic.jpg","width":285,"height":177},{"@type":"BreadcrumbList","@id":"https:\/\/radioljubuski.ba\/index.php\/2021\/12\/04\/cilic-rusija-je-mocna-ali-nadamo-se-uspjehu\/#breadcrumb","itemListElement":[{"@type":"ListItem","position":1,"name":"Po\u010detna stranica","item":"https:\/\/radioljubuski.ba\/"},{"@type":"ListItem","position":2,"name":"\u010cili\u0107: Rusija je mo\u0107na, ali nadamo se uspjehu"}]},{"@type":"WebSite","@id":"https:\/\/radioljubuski.ba\/#website","url":"https:\/\/radioljubuski.ba\/","name":"Radio Ljubu\u0161ki","description":"Sun\u010dana frekvencija Hercegovine","publisher":{"@id":"https:\/\/radioljubuski.ba\/#organization"},"potentialAction":[{"@type":"SearchAction","target":{"@type":"EntryPoint","urlTemplate":"https:\/\/radioljubuski.ba\/?s={search_term_string}"},"query-input":{"@type":"PropertyValueSpecification","valueRequired":true,"valueName":"search_term_string"}}],"inLanguage":"hr"},{"@type":"Organization","@id":"https:\/\/radioljubuski.ba\/#organization","name":"Radio Ljubu\u0161ki","url":"https:\/\/radioljubuski.ba\/","logo":{"@type":"ImageObject","inLanguage":"hr","@id":"https:\/\/radioljubuski.ba\/#\/schema\/logo\/image\/","url":"https:\/\/radioljubuski.ba\/wp-content\/uploads\/2021\/02\/cropped-Radio_Ljubuski_logo1.jpg","contentUrl":"https:\/\/radioljubuski.ba\/wp-content\/uploads\/2021\/02\/cropped-Radio_Ljubuski_logo1.jpg","width":512,"height":512,"caption":"Radio Ljubu\u0161ki"},"image":{"@id":"https:\/\/radioljubuski.ba\/#\/schema\/logo\/image\/"},"sameAs":["https:\/\/www.facebook.com\/Radiio-Ljubuski-1490835324566332","https:\/\/x.com\/radioljubuski","https:\/\/hr.linkedin.com\/company\/radio-ljubuski","https:\/\/www.youtube.com\/channel\/UCHYaeO_n0Db3tjNGudGpXyw"]},{"@type":"Person","@id":"https:\/\/radioljubuski.ba\/#\/schema\/person\/19fc700381a780f69665d7956c469e3b","name":"Radio Ljubu\u0161ki"}]}},"_links":{"self":[{"href":"https:\/\/radioljubuski.ba\/index.php\/wp-json\/wp\/v2\/posts\/95999","targetHints":{"allow":["GET"]}}],"collection":[{"href":"https:\/\/radioljubuski.ba\/index.php\/wp-json\/wp\/v2\/posts"}],"about":[{"href":"https:\/\/radioljubuski.ba\/index.php\/wp-json\/wp\/v2\/types\/post"}],"author":[{"embeddable":true,"href":"https:\/\/radioljubuski.ba\/index.php\/wp-json\/wp\/v2\/users\/2"}],"replies":[{"embeddable":true,"href":"https:\/\/radioljubuski.ba\/index.php\/wp-json\/wp\/v2\/comments?post=95999"}],"version-history":[{"count":1,"href":"https:\/\/radioljubuski.ba\/index.php\/wp-json\/wp\/v2\/posts\/95999\/revisions"}],"predecessor-version":[{"id":96001,"href":"https:\/\/radioljubuski.ba\/index.php\/wp-json\/wp\/v2\/posts\/95999\/revisions\/96001"}],"wp:featuredmedia":[{"embeddable":true,"href":"https:\/\/radioljubuski.ba\/index.php\/wp-json\/wp\/v2\/media\/96000"}],"wp:attachment":[{"href":"https:\/\/radioljubuski.ba\/index.php\/wp-json\/wp\/v2\/media?parent=95999"}],"wp:term":[{"taxonomy":"category","embeddable":true,"href":"https:\/\/radioljubuski.ba\/index.php\/wp-json\/wp\/v2\/categories?post=95999"},{"taxonomy":"post_tag","embeddable":true,"href":"https:\/\/radioljubuski.ba\/index.php\/wp-json\/wp\/v2\/tags?post=95999"}],"curies":[{"name":"wp","href":"https:\/\/api.w.org\/{rel}","templated":true}]}}