{"id":96014,"date":"2021-12-04T22:49:52","date_gmt":"2021-12-04T21:49:52","guid":{"rendered":"https:\/\/radioljubuski.ba\/?p=96014"},"modified":"2021-12-04T22:49:53","modified_gmt":"2021-12-04T21:49:53","slug":"mladi-igrac-zrinjskog-pred-odlaskom-u-dinamo","status":"publish","type":"post","link":"https:\/\/radioljubuski.ba\/index.php\/2021\/12\/04\/mladi-igrac-zrinjskog-pred-odlaskom-u-dinamo\/","title":{"rendered":"Mladi igra\u010d Zrinjskog pred odlaskom u Dinamo"},"content":{"rendered":"\n<p>H\u0160K Zrinjski iza sebe ima fantasti\u010dnu polusezonu u kojoj je poru\u0161io mnoge klupske ali i premijerliga\u0161ke rekorde. Plemi\u0107i su poharali konkurenciju u zimskom dijelu prvenstva i na veliki odmor odlaze s ogromnih 48 bodova, a ho\u0107e li to biti s 10, 11 ili 13 bodova prednosti nad drugoplasiranim Tuzla Cityjem znat \u0107e se poslije sutra\u0161nje utakmice u kojoj \u0107e Tuzlaci do\u010dekati posljednjeplasirani tim lige FK Radnik Bijeljina.&nbsp;<\/p>\n\n\n\n<p>No, izgleda da Zrinjskom za rukom polaze i neke stvari koje se ne ti\u010du izravno samog travnjaka. Poznato je da u omladinskim pogonima Zrinjskog igra nekoliko pravih nogometnih dragulja, a neke od njih Sergej Jakirovi\u0107 je od ove sezone prometnuo u nositelje igre pa su tako Ivan Ba\u0161i\u0107 i Igor Savi\u0107 doslovce preko no\u0107i postali jedni od vrijednijih mladih nogometa\u0161a u dr\u017eavi.&nbsp;<\/p>\n\n\n\n<p>Petar Su\u010di\u0107 \u010dlan je juniorske ekipe H\u0160K Zrinjski koja je tako\u0111er briljirala u omladinskoj PL BiH, a mladi Livnjak skrenuo je pozornost na sebe sjanim igrama.&nbsp;<\/p>\n\n\n\n<p>Kako Pogled.ba saznaje, ovaj momak koji je u listopadu tek napunio 18 godina uskoro bi trebao postati \u010dlanom hrvatskog prvaka GNK Dinamo, a Plemi\u0107ima bi trebala pripasti pozama\u0161na od\u0161teta za momka koji gotovo da nije osjetio seniorski nogomet. Su\u010di\u0107 je igra\u010d o \u010dijoj karijeri brine Arena Sport agency koja se nalazi u vlasni\u0161tvu biv\u0161eg kapetana Plemi\u0107a Ivice D\u017eidi\u0107a i koja pod svojim patronatom ima ve\u0107inu mladih nogometa\u0161a \u0161esterostrukog prvaka BiH.&nbsp;<\/p>\n\n\n\n<p>Eventualni transfer koji je jako blizu realizacije bio bi jo\u0161 jedna potvrda da se u juniorskom pogonu Plemi\u0107a u zadnje vrijeme radi fantasti\u010dan posao. Mladi Su\u010di\u0107 je i \u010dlan U-19 reprezentacije.&nbsp;<\/p>\n\n\n\n<p>Izvor:pogled.ba<\/p>\n","protected":false},"excerpt":{"rendered":"<p>H\u0160K Zrinjski iza sebe ima fantasti\u010dnu polusezonu u kojoj je poru\u0161io mnoge klupske ali i premijerliga\u0161ke rekorde. Plemi\u0107i su poharali konkurenciju u zimskom dijelu prvenstva i na veliki odmor odlaze s ogromnih 48 bodova, a ho\u0107e li to biti s 10, 11 ili 13 bodova prednosti nad drugoplasiranim Tuzla Cityjem znat \u0107e se poslije sutra\u0161nje [&hellip;]<\/p>\n","protected":false},"author":2,"featured_media":96015,"comment_status":"closed","ping_status":"closed","sticky":false,"template":"","format":"standard","meta":{"h5ap_radio_sources":[],"footnotes":""},"categories":[7],"tags":[],"class_list":["post-96014","post","type-post","status-publish","format-standard","has-post-thumbnail","hentry","category-sport"],"yoast_head":"<!-- This site is optimized with the Yoast SEO plugin v27.4 - https:\/\/yoast.com\/product\/yoast-seo-wordpress\/ -->\n<title>Mladi igra\u010d Zrinjskog pred odlaskom u Dinamo - RADIO LJUBU\u0160KI<\/title>\n<meta name=\"robots\" content=\"index, follow, max-snippet:-1, max-image-preview:large, max-video-preview:-1\" \/>\n<link rel=\"canonical\" href=\"https:\/\/radioljubuski.ba\/index.php\/2021\/12\/04\/mladi-igrac-zrinjskog-pred-odlaskom-u-dinamo\/\" \/>\n<meta property=\"og:locale\" content=\"hr_HR\" \/>\n<meta property=\"og:type\" content=\"article\" \/>\n<meta property=\"og:title\" content=\"Mladi igra\u010d Zrinjskog pred odlaskom u Dinamo - RADIO LJUBU\u0160KI\" \/>\n<meta property=\"og:description\" content=\"H\u0160K Zrinjski iza sebe ima fantasti\u010dnu polusezonu u kojoj je poru\u0161io mnoge klupske ali i premijerliga\u0161ke rekorde. Plemi\u0107i su poharali konkurenciju u zimskom dijelu prvenstva i na veliki odmor odlaze s ogromnih 48 bodova, a ho\u0107e li to biti s 10, 11 ili 13 bodova prednosti nad drugoplasiranim Tuzla Cityjem znat \u0107e se poslije sutra\u0161nje [&hellip;]\" \/>\n<meta property=\"og:url\" content=\"https:\/\/radioljubuski.ba\/index.php\/2021\/12\/04\/mladi-igrac-zrinjskog-pred-odlaskom-u-dinamo\/\" \/>\n<meta property=\"og:site_name\" content=\"RADIO LJUBU\u0160KI\" \/>\n<meta property=\"article:publisher\" content=\"https:\/\/www.facebook.com\/Radiio-Ljubuski-1490835324566332\" \/>\n<meta property=\"article:published_time\" content=\"2021-12-04T21:49:52+00:00\" \/>\n<meta property=\"article:modified_time\" content=\"2021-12-04T21:49:53+00:00\" \/>\n<meta property=\"og:image\" content=\"https:\/\/radioljubuski.ba\/wp-content\/uploads\/2021\/12\/2-2021-12-04-17-43-23-IMG-4217bfbcef5759b8a076b54e0d36978b-V.jpg\" \/>\n\t<meta property=\"og:image:width\" content=\"1000\" \/>\n\t<meta property=\"og:image:height\" content=\"625\" \/>\n\t<meta property=\"og:image:type\" content=\"image\/jpeg\" \/>\n<meta name=\"author\" content=\"Radio Ljubu\u0161ki\" \/>\n<meta name=\"twitter:card\" content=\"summary_large_image\" \/>\n<meta name=\"twitter:creator\" content=\"@radioljubuski\" \/>\n<meta name=\"twitter:site\" content=\"@radioljubuski\" \/>\n<meta name=\"twitter:label1\" content=\"Napisao\/la\" \/>\n\t<meta name=\"twitter:data1\" content=\"Radio Ljubu\u0161ki\" \/>\n\t<meta name=\"twitter:label2\" content=\"Procijenjeno vrijeme \u010ditanja\" \/>\n\t<meta name=\"twitter:data2\" content=\"2 minute\" \/>\n<script type=\"application\/ld+json\" class=\"yoast-schema-graph\">{\"@context\":\"https:\\\/\\\/schema.org\",\"@graph\":[{\"@type\":\"Article\",\"@id\":\"https:\\\/\\\/radioljubuski.ba\\\/index.php\\\/2021\\\/12\\\/04\\\/mladi-igrac-zrinjskog-pred-odlaskom-u-dinamo\\\/#article\",\"isPartOf\":{\"@id\":\"https:\\\/\\\/radioljubuski.ba\\\/index.php\\\/2021\\\/12\\\/04\\\/mladi-igrac-zrinjskog-pred-odlaskom-u-dinamo\\\/\"},\"author\":{\"name\":\"Radio Ljubu\u0161ki\",\"@id\":\"https:\\\/\\\/radioljubuski.ba\\\/#\\\/schema\\\/person\\\/19fc700381a780f69665d7956c469e3b\"},\"headline\":\"Mladi igra\u010d Zrinjskog pred odlaskom u Dinamo\",\"datePublished\":\"2021-12-04T21:49:52+00:00\",\"dateModified\":\"2021-12-04T21:49:53+00:00\",\"mainEntityOfPage\":{\"@id\":\"https:\\\/\\\/radioljubuski.ba\\\/index.php\\\/2021\\\/12\\\/04\\\/mladi-igrac-zrinjskog-pred-odlaskom-u-dinamo\\\/\"},\"wordCount\":297,\"publisher\":{\"@id\":\"https:\\\/\\\/radioljubuski.ba\\\/#organization\"},\"image\":{\"@id\":\"https:\\\/\\\/radioljubuski.ba\\\/index.php\\\/2021\\\/12\\\/04\\\/mladi-igrac-zrinjskog-pred-odlaskom-u-dinamo\\\/#primaryimage\"},\"thumbnailUrl\":\"https:\\\/\\\/radioljubuski.ba\\\/wp-content\\\/uploads\\\/2021\\\/12\\\/2-2021-12-04-17-43-23-IMG-4217bfbcef5759b8a076b54e0d36978b-V.jpg\",\"articleSection\":[\"\u0160port\"],\"inLanguage\":\"hr\"},{\"@type\":\"WebPage\",\"@id\":\"https:\\\/\\\/radioljubuski.ba\\\/index.php\\\/2021\\\/12\\\/04\\\/mladi-igrac-zrinjskog-pred-odlaskom-u-dinamo\\\/\",\"url\":\"https:\\\/\\\/radioljubuski.ba\\\/index.php\\\/2021\\\/12\\\/04\\\/mladi-igrac-zrinjskog-pred-odlaskom-u-dinamo\\\/\",\"name\":\"Mladi igra\u010d Zrinjskog pred odlaskom u Dinamo - RADIO LJUBU\u0160KI\",\"isPartOf\":{\"@id\":\"https:\\\/\\\/radioljubuski.ba\\\/#website\"},\"primaryImageOfPage\":{\"@id\":\"https:\\\/\\\/radioljubuski.ba\\\/index.php\\\/2021\\\/12\\\/04\\\/mladi-igrac-zrinjskog-pred-odlaskom-u-dinamo\\\/#primaryimage\"},\"image\":{\"@id\":\"https:\\\/\\\/radioljubuski.ba\\\/index.php\\\/2021\\\/12\\\/04\\\/mladi-igrac-zrinjskog-pred-odlaskom-u-dinamo\\\/#primaryimage\"},\"thumbnailUrl\":\"https:\\\/\\\/radioljubuski.ba\\\/wp-content\\\/uploads\\\/2021\\\/12\\\/2-2021-12-04-17-43-23-IMG-4217bfbcef5759b8a076b54e0d36978b-V.jpg\",\"datePublished\":\"2021-12-04T21:49:52+00:00\",\"dateModified\":\"2021-12-04T21:49:53+00:00\",\"breadcrumb\":{\"@id\":\"https:\\\/\\\/radioljubuski.ba\\\/index.php\\\/2021\\\/12\\\/04\\\/mladi-igrac-zrinjskog-pred-odlaskom-u-dinamo\\\/#breadcrumb\"},\"inLanguage\":\"hr\",\"potentialAction\":[{\"@type\":\"ReadAction\",\"target\":[\"https:\\\/\\\/radioljubuski.ba\\\/index.php\\\/2021\\\/12\\\/04\\\/mladi-igrac-zrinjskog-pred-odlaskom-u-dinamo\\\/\"]}]},{\"@type\":\"ImageObject\",\"inLanguage\":\"hr\",\"@id\":\"https:\\\/\\\/radioljubuski.ba\\\/index.php\\\/2021\\\/12\\\/04\\\/mladi-igrac-zrinjskog-pred-odlaskom-u-dinamo\\\/#primaryimage\",\"url\":\"https:\\\/\\\/radioljubuski.ba\\\/wp-content\\\/uploads\\\/2021\\\/12\\\/2-2021-12-04-17-43-23-IMG-4217bfbcef5759b8a076b54e0d36978b-V.jpg\",\"contentUrl\":\"https:\\\/\\\/radioljubuski.ba\\\/wp-content\\\/uploads\\\/2021\\\/12\\\/2-2021-12-04-17-43-23-IMG-4217bfbcef5759b8a076b54e0d36978b-V.jpg\",\"width\":1000,\"height\":625},{\"@type\":\"BreadcrumbList\",\"@id\":\"https:\\\/\\\/radioljubuski.ba\\\/index.php\\\/2021\\\/12\\\/04\\\/mladi-igrac-zrinjskog-pred-odlaskom-u-dinamo\\\/#breadcrumb\",\"itemListElement\":[{\"@type\":\"ListItem\",\"position\":1,\"name\":\"Po\u010detna stranica\",\"item\":\"https:\\\/\\\/radioljubuski.ba\\\/\"},{\"@type\":\"ListItem\",\"position\":2,\"name\":\"Mladi igra\u010d Zrinjskog pred odlaskom u Dinamo\"}]},{\"@type\":\"WebSite\",\"@id\":\"https:\\\/\\\/radioljubuski.ba\\\/#website\",\"url\":\"https:\\\/\\\/radioljubuski.ba\\\/\",\"name\":\"Radio Ljubu\u0161ki\",\"description\":\"Sun\u010dana frekvencija Hercegovine\",\"publisher\":{\"@id\":\"https:\\\/\\\/radioljubuski.ba\\\/#organization\"},\"potentialAction\":[{\"@type\":\"SearchAction\",\"target\":{\"@type\":\"EntryPoint\",\"urlTemplate\":\"https:\\\/\\\/radioljubuski.ba\\\/?s={search_term_string}\"},\"query-input\":{\"@type\":\"PropertyValueSpecification\",\"valueRequired\":true,\"valueName\":\"search_term_string\"}}],\"inLanguage\":\"hr\"},{\"@type\":\"Organization\",\"@id\":\"https:\\\/\\\/radioljubuski.ba\\\/#organization\",\"name\":\"Radio Ljubu\u0161ki\",\"url\":\"https:\\\/\\\/radioljubuski.ba\\\/\",\"logo\":{\"@type\":\"ImageObject\",\"inLanguage\":\"hr\",\"@id\":\"https:\\\/\\\/radioljubuski.ba\\\/#\\\/schema\\\/logo\\\/image\\\/\",\"url\":\"https:\\\/\\\/radioljubuski.ba\\\/wp-content\\\/uploads\\\/2021\\\/02\\\/cropped-Radio_Ljubuski_logo1.jpg\",\"contentUrl\":\"https:\\\/\\\/radioljubuski.ba\\\/wp-content\\\/uploads\\\/2021\\\/02\\\/cropped-Radio_Ljubuski_logo1.jpg\",\"width\":512,\"height\":512,\"caption\":\"Radio Ljubu\u0161ki\"},\"image\":{\"@id\":\"https:\\\/\\\/radioljubuski.ba\\\/#\\\/schema\\\/logo\\\/image\\\/\"},\"sameAs\":[\"https:\\\/\\\/www.facebook.com\\\/Radiio-Ljubuski-1490835324566332\",\"https:\\\/\\\/x.com\\\/radioljubuski\",\"https:\\\/\\\/hr.linkedin.com\\\/company\\\/radio-ljubuski\",\"https:\\\/\\\/www.youtube.com\\\/channel\\\/UCHYaeO_n0Db3tjNGudGpXyw\"]},{\"@type\":\"Person\",\"@id\":\"https:\\\/\\\/radioljubuski.ba\\\/#\\\/schema\\\/person\\\/19fc700381a780f69665d7956c469e3b\",\"name\":\"Radio Ljubu\u0161ki\"}]}<\/script>\n<!-- \/ Yoast SEO plugin. -->","yoast_head_json":{"title":"Mladi igra\u010d Zrinjskog pred odlaskom u Dinamo - RADIO LJUBU\u0160KI","robots":{"index":"index","follow":"follow","max-snippet":"max-snippet:-1","max-image-preview":"max-image-preview:large","max-video-preview":"max-video-preview:-1"},"canonical":"https:\/\/radioljubuski.ba\/index.php\/2021\/12\/04\/mladi-igrac-zrinjskog-pred-odlaskom-u-dinamo\/","og_locale":"hr_HR","og_type":"article","og_title":"Mladi igra\u010d Zrinjskog pred odlaskom u Dinamo - RADIO LJUBU\u0160KI","og_description":"H\u0160K Zrinjski iza sebe ima fantasti\u010dnu polusezonu u kojoj je poru\u0161io mnoge klupske ali i premijerliga\u0161ke rekorde. Plemi\u0107i su poharali konkurenciju u zimskom dijelu prvenstva i na veliki odmor odlaze s ogromnih 48 bodova, a ho\u0107e li to biti s 10, 11 ili 13 bodova prednosti nad drugoplasiranim Tuzla Cityjem znat \u0107e se poslije sutra\u0161nje [&hellip;]","og_url":"https:\/\/radioljubuski.ba\/index.php\/2021\/12\/04\/mladi-igrac-zrinjskog-pred-odlaskom-u-dinamo\/","og_site_name":"RADIO LJUBU\u0160KI","article_publisher":"https:\/\/www.facebook.com\/Radiio-Ljubuski-1490835324566332","article_published_time":"2021-12-04T21:49:52+00:00","article_modified_time":"2021-12-04T21:49:53+00:00","og_image":[{"width":1000,"height":625,"url":"https:\/\/radioljubuski.ba\/wp-content\/uploads\/2021\/12\/2-2021-12-04-17-43-23-IMG-4217bfbcef5759b8a076b54e0d36978b-V.jpg","type":"image\/jpeg"}],"author":"Radio Ljubu\u0161ki","twitter_card":"summary_large_image","twitter_creator":"@radioljubuski","twitter_site":"@radioljubuski","twitter_misc":{"Napisao\/la":"Radio Ljubu\u0161ki","Procijenjeno vrijeme \u010ditanja":"2 minute"},"schema":{"@context":"https:\/\/schema.org","@graph":[{"@type":"Article","@id":"https:\/\/radioljubuski.ba\/index.php\/2021\/12\/04\/mladi-igrac-zrinjskog-pred-odlaskom-u-dinamo\/#article","isPartOf":{"@id":"https:\/\/radioljubuski.ba\/index.php\/2021\/12\/04\/mladi-igrac-zrinjskog-pred-odlaskom-u-dinamo\/"},"author":{"name":"Radio Ljubu\u0161ki","@id":"https:\/\/radioljubuski.ba\/#\/schema\/person\/19fc700381a780f69665d7956c469e3b"},"headline":"Mladi igra\u010d Zrinjskog pred odlaskom u Dinamo","datePublished":"2021-12-04T21:49:52+00:00","dateModified":"2021-12-04T21:49:53+00:00","mainEntityOfPage":{"@id":"https:\/\/radioljubuski.ba\/index.php\/2021\/12\/04\/mladi-igrac-zrinjskog-pred-odlaskom-u-dinamo\/"},"wordCount":297,"publisher":{"@id":"https:\/\/radioljubuski.ba\/#organization"},"image":{"@id":"https:\/\/radioljubuski.ba\/index.php\/2021\/12\/04\/mladi-igrac-zrinjskog-pred-odlaskom-u-dinamo\/#primaryimage"},"thumbnailUrl":"https:\/\/radioljubuski.ba\/wp-content\/uploads\/2021\/12\/2-2021-12-04-17-43-23-IMG-4217bfbcef5759b8a076b54e0d36978b-V.jpg","articleSection":["\u0160port"],"inLanguage":"hr"},{"@type":"WebPage","@id":"https:\/\/radioljubuski.ba\/index.php\/2021\/12\/04\/mladi-igrac-zrinjskog-pred-odlaskom-u-dinamo\/","url":"https:\/\/radioljubuski.ba\/index.php\/2021\/12\/04\/mladi-igrac-zrinjskog-pred-odlaskom-u-dinamo\/","name":"Mladi igra\u010d Zrinjskog pred odlaskom u Dinamo - RADIO LJUBU\u0160KI","isPartOf":{"@id":"https:\/\/radioljubuski.ba\/#website"},"primaryImageOfPage":{"@id":"https:\/\/radioljubuski.ba\/index.php\/2021\/12\/04\/mladi-igrac-zrinjskog-pred-odlaskom-u-dinamo\/#primaryimage"},"image":{"@id":"https:\/\/radioljubuski.ba\/index.php\/2021\/12\/04\/mladi-igrac-zrinjskog-pred-odlaskom-u-dinamo\/#primaryimage"},"thumbnailUrl":"https:\/\/radioljubuski.ba\/wp-content\/uploads\/2021\/12\/2-2021-12-04-17-43-23-IMG-4217bfbcef5759b8a076b54e0d36978b-V.jpg","datePublished":"2021-12-04T21:49:52+00:00","dateModified":"2021-12-04T21:49:53+00:00","breadcrumb":{"@id":"https:\/\/radioljubuski.ba\/index.php\/2021\/12\/04\/mladi-igrac-zrinjskog-pred-odlaskom-u-dinamo\/#breadcrumb"},"inLanguage":"hr","potentialAction":[{"@type":"ReadAction","target":["https:\/\/radioljubuski.ba\/index.php\/2021\/12\/04\/mladi-igrac-zrinjskog-pred-odlaskom-u-dinamo\/"]}]},{"@type":"ImageObject","inLanguage":"hr","@id":"https:\/\/radioljubuski.ba\/index.php\/2021\/12\/04\/mladi-igrac-zrinjskog-pred-odlaskom-u-dinamo\/#primaryimage","url":"https:\/\/radioljubuski.ba\/wp-content\/uploads\/2021\/12\/2-2021-12-04-17-43-23-IMG-4217bfbcef5759b8a076b54e0d36978b-V.jpg","contentUrl":"https:\/\/radioljubuski.ba\/wp-content\/uploads\/2021\/12\/2-2021-12-04-17-43-23-IMG-4217bfbcef5759b8a076b54e0d36978b-V.jpg","width":1000,"height":625},{"@type":"BreadcrumbList","@id":"https:\/\/radioljubuski.ba\/index.php\/2021\/12\/04\/mladi-igrac-zrinjskog-pred-odlaskom-u-dinamo\/#breadcrumb","itemListElement":[{"@type":"ListItem","position":1,"name":"Po\u010detna stranica","item":"https:\/\/radioljubuski.ba\/"},{"@type":"ListItem","position":2,"name":"Mladi igra\u010d Zrinjskog pred odlaskom u Dinamo"}]},{"@type":"WebSite","@id":"https:\/\/radioljubuski.ba\/#website","url":"https:\/\/radioljubuski.ba\/","name":"Radio Ljubu\u0161ki","description":"Sun\u010dana frekvencija Hercegovine","publisher":{"@id":"https:\/\/radioljubuski.ba\/#organization"},"potentialAction":[{"@type":"SearchAction","target":{"@type":"EntryPoint","urlTemplate":"https:\/\/radioljubuski.ba\/?s={search_term_string}"},"query-input":{"@type":"PropertyValueSpecification","valueRequired":true,"valueName":"search_term_string"}}],"inLanguage":"hr"},{"@type":"Organization","@id":"https:\/\/radioljubuski.ba\/#organization","name":"Radio Ljubu\u0161ki","url":"https:\/\/radioljubuski.ba\/","logo":{"@type":"ImageObject","inLanguage":"hr","@id":"https:\/\/radioljubuski.ba\/#\/schema\/logo\/image\/","url":"https:\/\/radioljubuski.ba\/wp-content\/uploads\/2021\/02\/cropped-Radio_Ljubuski_logo1.jpg","contentUrl":"https:\/\/radioljubuski.ba\/wp-content\/uploads\/2021\/02\/cropped-Radio_Ljubuski_logo1.jpg","width":512,"height":512,"caption":"Radio Ljubu\u0161ki"},"image":{"@id":"https:\/\/radioljubuski.ba\/#\/schema\/logo\/image\/"},"sameAs":["https:\/\/www.facebook.com\/Radiio-Ljubuski-1490835324566332","https:\/\/x.com\/radioljubuski","https:\/\/hr.linkedin.com\/company\/radio-ljubuski","https:\/\/www.youtube.com\/channel\/UCHYaeO_n0Db3tjNGudGpXyw"]},{"@type":"Person","@id":"https:\/\/radioljubuski.ba\/#\/schema\/person\/19fc700381a780f69665d7956c469e3b","name":"Radio Ljubu\u0161ki"}]}},"_links":{"self":[{"href":"https:\/\/radioljubuski.ba\/index.php\/wp-json\/wp\/v2\/posts\/96014","targetHints":{"allow":["GET"]}}],"collection":[{"href":"https:\/\/radioljubuski.ba\/index.php\/wp-json\/wp\/v2\/posts"}],"about":[{"href":"https:\/\/radioljubuski.ba\/index.php\/wp-json\/wp\/v2\/types\/post"}],"author":[{"embeddable":true,"href":"https:\/\/radioljubuski.ba\/index.php\/wp-json\/wp\/v2\/users\/2"}],"replies":[{"embeddable":true,"href":"https:\/\/radioljubuski.ba\/index.php\/wp-json\/wp\/v2\/comments?post=96014"}],"version-history":[{"count":1,"href":"https:\/\/radioljubuski.ba\/index.php\/wp-json\/wp\/v2\/posts\/96014\/revisions"}],"predecessor-version":[{"id":96016,"href":"https:\/\/radioljubuski.ba\/index.php\/wp-json\/wp\/v2\/posts\/96014\/revisions\/96016"}],"wp:featuredmedia":[{"embeddable":true,"href":"https:\/\/radioljubuski.ba\/index.php\/wp-json\/wp\/v2\/media\/96015"}],"wp:attachment":[{"href":"https:\/\/radioljubuski.ba\/index.php\/wp-json\/wp\/v2\/media?parent=96014"}],"wp:term":[{"taxonomy":"category","embeddable":true,"href":"https:\/\/radioljubuski.ba\/index.php\/wp-json\/wp\/v2\/categories?post=96014"},{"taxonomy":"post_tag","embeddable":true,"href":"https:\/\/radioljubuski.ba\/index.php\/wp-json\/wp\/v2\/tags?post=96014"}],"curies":[{"name":"wp","href":"https:\/\/api.w.org\/{rel}","templated":true}]}}