{"id":96017,"date":"2021-12-04T22:52:20","date_gmt":"2021-12-04T21:52:20","guid":{"rendered":"https:\/\/radioljubuski.ba\/?p=96017"},"modified":"2021-12-04T22:52:21","modified_gmt":"2021-12-04T21:52:21","slug":"turkovic-na-ministarskom-vijecu-oess-a-prozvala-dodika-oni-koji-negiraju-holokaust-i-genocid-spremni-su-uzeti-ono-sto-nije-njihovo","status":"publish","type":"post","link":"https:\/\/radioljubuski.ba\/index.php\/2021\/12\/04\/turkovic-na-ministarskom-vijecu-oess-a-prozvala-dodika-oni-koji-negiraju-holokaust-i-genocid-spremni-su-uzeti-ono-sto-nije-njihovo\/","title":{"rendered":"Turkovi\u0107 na Ministarskom vije\u0107u OESS-a prozvala Dodika: Oni koji negiraju holokaust i genocid spremni su uzeti ono \u0161to nije njihovo"},"content":{"rendered":"\n<p><strong>Ministrica vanjskih poslova BiH Bisera Turkovi\u0107 na Ministarskom vije\u0107u OESS-a u Stokholmu pred blizu 50 \u0161efova diplomacije govorila je o trenutnoj situaciji u BiH.<\/strong><\/p>\n\n\n\n<p>Nakon \u0161to je dobila priliku da se obrati svim pristunim, pozvala se na rije\u010di ministra vanjskih poslova Ruske Federacije Sergeja Lavrova.<\/p>\n\n\n\n<p>\u201cPodr\u017eavam rije\u010di ministra Lavrova sa sino\u0107nje ve\u010dere: \u2018Budimo iskreni\u2019. Sla\u017eem se. Budimo iskreni\u201d, kazala je na po\u010detku i nastavila.<\/p>\n\n\n\n<iframe loading=\"lazy\" title=\"Bisera Turkovi\u0107 upozorila na situaciju u BiH\" width=\"640\" height=\"360\" src=\"https:\/\/www.youtube.com\/embed\/2wNqeARnlAM?feature=oembed\" frameborder=\"0\" allow=\"accelerometer; autoplay; clipboard-write; encrypted-media; gyroscope; picture-in-picture; web-share\" referrerpolicy=\"strict-origin-when-cross-origin\" allowfullscreen><\/iframe>\n\n\n\n<p>Turkovi\u0107 je rekla da iskrenost tjera da ka\u017eemo da visoki du\u017enosnik vlasti BiH i lider najve\u0107e stranke iz jednog entiteta efektivno poziva na secesiju tog entiteta, prenosi Klix.<\/p>\n\n\n\n<p>\u201cOn je najavio planove za povla\u010denje iz Oru\u017eanih snaga BiH, preuzimanje lokacija u tom entitetu i uspostavljanje entitetske vojske. Taj potez bi uni\u0161tio godine napretka u reformi obrane u BiH. Ne moram vas podsje\u0107ati da je sli\u010dna retorika rezultirala s vi\u0161e od 100.000 ubijenih u BiH, ve\u0107inom nevinih civila\u201d, rekla je Turkovi\u0107.<\/p>\n\n\n\n<p>Podsjetila je kako je Europa rekla \u201cnikad vi\u0161e\u201d nakon Holokausta, a ipak 50 godina poslije svjedo\u010dili smo genocidu u srcu Europe.<\/p>\n\n\n\n<p>\u201cOni koji negiraju holokaust i genocid, slave osu\u0111ene ratne zlo\u010dince, desni\u010darski ekstremisti i nacionalnosti su spremni uzeti ono \u0161to nije njihovo. To je politi\u010dka situacija u BiH. Situacija koja tra\u017ei na\u0161u pa\u017enju i poziva da se uklju\u010dimo\u201d, poru\u010dila je.<\/p>\n\n\n\n<p>Turkovi\u0107 se obratila skupu na kojem su, izme\u0111u ostalih, govorili i ameri\u010dki dr\u017eavni tajnik Antony Blinken i \u0161ef ruske diplomacije Sergej Lavrov.<\/p>\n\n\n\n<p>Summit je odr\u017ean u kontekstu sigurnosnih okolnosti u Europi i svijetu, a poslane su poruke me\u0111unarodne solidarnosti, dijaloga i zajedni\u010dkih napora u borbi protiv globalnih izazova.<\/p>\n\n\n\n<p>\/HMS\/<\/p>\n","protected":false},"excerpt":{"rendered":"<p>Ministrica vanjskih poslova BiH Bisera Turkovi\u0107 na Ministarskom vije\u0107u OESS-a u Stokholmu pred blizu 50 \u0161efova diplomacije govorila je o trenutnoj situaciji u BiH. Nakon \u0161to je dobila priliku da se obrati svim pristunim, pozvala se na rije\u010di ministra vanjskih poslova Ruske Federacije Sergeja Lavrova. \u201cPodr\u017eavam rije\u010di ministra Lavrova sa sino\u0107nje ve\u010dere: \u2018Budimo iskreni\u2019. Sla\u017eem [&hellip;]<\/p>\n","protected":false},"author":2,"featured_media":37261,"comment_status":"closed","ping_status":"closed","sticky":false,"template":"","format":"standard","meta":{"h5ap_radio_sources":[],"footnotes":""},"categories":[1],"tags":[],"class_list":["post-96017","post","type-post","status-publish","format-standard","has-post-thumbnail","hentry","category-bihiregija"],"yoast_head":"<!-- This site is optimized with the Yoast SEO plugin v27.4 - https:\/\/yoast.com\/product\/yoast-seo-wordpress\/ -->\n<title>Turkovi\u0107 na Ministarskom vije\u0107u OESS-a prozvala Dodika: Oni koji negiraju holokaust i genocid spremni su uzeti ono \u0161to nije njihovo - RADIO LJUBU\u0160KI<\/title>\n<meta name=\"robots\" content=\"index, follow, max-snippet:-1, max-image-preview:large, max-video-preview:-1\" \/>\n<link rel=\"canonical\" href=\"https:\/\/radioljubuski.ba\/index.php\/2021\/12\/04\/turkovic-na-ministarskom-vijecu-oess-a-prozvala-dodika-oni-koji-negiraju-holokaust-i-genocid-spremni-su-uzeti-ono-sto-nije-njihovo\/\" \/>\n<meta property=\"og:locale\" content=\"hr_HR\" \/>\n<meta property=\"og:type\" content=\"article\" \/>\n<meta property=\"og:title\" content=\"Turkovi\u0107 na Ministarskom vije\u0107u OESS-a prozvala Dodika: Oni koji negiraju holokaust i genocid spremni su uzeti ono \u0161to nije njihovo - RADIO LJUBU\u0160KI\" \/>\n<meta property=\"og:description\" content=\"Ministrica vanjskih poslova BiH Bisera Turkovi\u0107 na Ministarskom vije\u0107u OESS-a u Stokholmu pred blizu 50 \u0161efova diplomacije govorila je o trenutnoj situaciji u BiH. Nakon \u0161to je dobila priliku da se obrati svim pristunim, pozvala se na rije\u010di ministra vanjskih poslova Ruske Federacije Sergeja Lavrova. \u201cPodr\u017eavam rije\u010di ministra Lavrova sa sino\u0107nje ve\u010dere: \u2018Budimo iskreni\u2019. Sla\u017eem [&hellip;]\" \/>\n<meta property=\"og:url\" content=\"https:\/\/radioljubuski.ba\/index.php\/2021\/12\/04\/turkovic-na-ministarskom-vijecu-oess-a-prozvala-dodika-oni-koji-negiraju-holokaust-i-genocid-spremni-su-uzeti-ono-sto-nije-njihovo\/\" \/>\n<meta property=\"og:site_name\" content=\"RADIO LJUBU\u0160KI\" \/>\n<meta property=\"article:publisher\" content=\"https:\/\/www.facebook.com\/Radiio-Ljubuski-1490835324566332\" \/>\n<meta property=\"article:published_time\" content=\"2021-12-04T21:52:20+00:00\" \/>\n<meta property=\"article:modified_time\" content=\"2021-12-04T21:52:21+00:00\" \/>\n<meta property=\"og:image\" content=\"https:\/\/radioljubuski.ba\/wp-content\/uploads\/2021\/06\/turkovic.jpg\" \/>\n\t<meta property=\"og:image:width\" content=\"750\" \/>\n\t<meta property=\"og:image:height\" content=\"465\" \/>\n\t<meta property=\"og:image:type\" content=\"image\/jpeg\" \/>\n<meta name=\"author\" content=\"Radio Ljubu\u0161ki\" \/>\n<meta name=\"twitter:card\" content=\"summary_large_image\" \/>\n<meta name=\"twitter:creator\" content=\"@radioljubuski\" \/>\n<meta name=\"twitter:site\" content=\"@radioljubuski\" \/>\n<meta name=\"twitter:label1\" content=\"Napisao\/la\" \/>\n\t<meta name=\"twitter:data1\" content=\"Radio Ljubu\u0161ki\" \/>\n\t<meta name=\"twitter:label2\" content=\"Procijenjeno vrijeme \u010ditanja\" \/>\n\t<meta name=\"twitter:data2\" content=\"2 minute\" \/>\n<script type=\"application\/ld+json\" class=\"yoast-schema-graph\">{\"@context\":\"https:\\\/\\\/schema.org\",\"@graph\":[{\"@type\":\"Article\",\"@id\":\"https:\\\/\\\/radioljubuski.ba\\\/index.php\\\/2021\\\/12\\\/04\\\/turkovic-na-ministarskom-vijecu-oess-a-prozvala-dodika-oni-koji-negiraju-holokaust-i-genocid-spremni-su-uzeti-ono-sto-nije-njihovo\\\/#article\",\"isPartOf\":{\"@id\":\"https:\\\/\\\/radioljubuski.ba\\\/index.php\\\/2021\\\/12\\\/04\\\/turkovic-na-ministarskom-vijecu-oess-a-prozvala-dodika-oni-koji-negiraju-holokaust-i-genocid-spremni-su-uzeti-ono-sto-nije-njihovo\\\/\"},\"author\":{\"name\":\"Radio Ljubu\u0161ki\",\"@id\":\"https:\\\/\\\/radioljubuski.ba\\\/#\\\/schema\\\/person\\\/19fc700381a780f69665d7956c469e3b\"},\"headline\":\"Turkovi\u0107 na Ministarskom vije\u0107u OESS-a prozvala Dodika: Oni koji negiraju holokaust i genocid spremni su uzeti ono \u0161to nije njihovo\",\"datePublished\":\"2021-12-04T21:52:20+00:00\",\"dateModified\":\"2021-12-04T21:52:21+00:00\",\"mainEntityOfPage\":{\"@id\":\"https:\\\/\\\/radioljubuski.ba\\\/index.php\\\/2021\\\/12\\\/04\\\/turkovic-na-ministarskom-vijecu-oess-a-prozvala-dodika-oni-koji-negiraju-holokaust-i-genocid-spremni-su-uzeti-ono-sto-nije-njihovo\\\/\"},\"wordCount\":313,\"publisher\":{\"@id\":\"https:\\\/\\\/radioljubuski.ba\\\/#organization\"},\"image\":{\"@id\":\"https:\\\/\\\/radioljubuski.ba\\\/index.php\\\/2021\\\/12\\\/04\\\/turkovic-na-ministarskom-vijecu-oess-a-prozvala-dodika-oni-koji-negiraju-holokaust-i-genocid-spremni-su-uzeti-ono-sto-nije-njihovo\\\/#primaryimage\"},\"thumbnailUrl\":\"https:\\\/\\\/radioljubuski.ba\\\/wp-content\\\/uploads\\\/2021\\\/06\\\/turkovic.jpg\",\"articleSection\":[\"BIH i regija\"],\"inLanguage\":\"hr\"},{\"@type\":\"WebPage\",\"@id\":\"https:\\\/\\\/radioljubuski.ba\\\/index.php\\\/2021\\\/12\\\/04\\\/turkovic-na-ministarskom-vijecu-oess-a-prozvala-dodika-oni-koji-negiraju-holokaust-i-genocid-spremni-su-uzeti-ono-sto-nije-njihovo\\\/\",\"url\":\"https:\\\/\\\/radioljubuski.ba\\\/index.php\\\/2021\\\/12\\\/04\\\/turkovic-na-ministarskom-vijecu-oess-a-prozvala-dodika-oni-koji-negiraju-holokaust-i-genocid-spremni-su-uzeti-ono-sto-nije-njihovo\\\/\",\"name\":\"Turkovi\u0107 na Ministarskom vije\u0107u OESS-a prozvala Dodika: Oni koji negiraju holokaust i genocid spremni su uzeti ono \u0161to nije njihovo - RADIO LJUBU\u0160KI\",\"isPartOf\":{\"@id\":\"https:\\\/\\\/radioljubuski.ba\\\/#website\"},\"primaryImageOfPage\":{\"@id\":\"https:\\\/\\\/radioljubuski.ba\\\/index.php\\\/2021\\\/12\\\/04\\\/turkovic-na-ministarskom-vijecu-oess-a-prozvala-dodika-oni-koji-negiraju-holokaust-i-genocid-spremni-su-uzeti-ono-sto-nije-njihovo\\\/#primaryimage\"},\"image\":{\"@id\":\"https:\\\/\\\/radioljubuski.ba\\\/index.php\\\/2021\\\/12\\\/04\\\/turkovic-na-ministarskom-vijecu-oess-a-prozvala-dodika-oni-koji-negiraju-holokaust-i-genocid-spremni-su-uzeti-ono-sto-nije-njihovo\\\/#primaryimage\"},\"thumbnailUrl\":\"https:\\\/\\\/radioljubuski.ba\\\/wp-content\\\/uploads\\\/2021\\\/06\\\/turkovic.jpg\",\"datePublished\":\"2021-12-04T21:52:20+00:00\",\"dateModified\":\"2021-12-04T21:52:21+00:00\",\"breadcrumb\":{\"@id\":\"https:\\\/\\\/radioljubuski.ba\\\/index.php\\\/2021\\\/12\\\/04\\\/turkovic-na-ministarskom-vijecu-oess-a-prozvala-dodika-oni-koji-negiraju-holokaust-i-genocid-spremni-su-uzeti-ono-sto-nije-njihovo\\\/#breadcrumb\"},\"inLanguage\":\"hr\",\"potentialAction\":[{\"@type\":\"ReadAction\",\"target\":[\"https:\\\/\\\/radioljubuski.ba\\\/index.php\\\/2021\\\/12\\\/04\\\/turkovic-na-ministarskom-vijecu-oess-a-prozvala-dodika-oni-koji-negiraju-holokaust-i-genocid-spremni-su-uzeti-ono-sto-nije-njihovo\\\/\"]}]},{\"@type\":\"ImageObject\",\"inLanguage\":\"hr\",\"@id\":\"https:\\\/\\\/radioljubuski.ba\\\/index.php\\\/2021\\\/12\\\/04\\\/turkovic-na-ministarskom-vijecu-oess-a-prozvala-dodika-oni-koji-negiraju-holokaust-i-genocid-spremni-su-uzeti-ono-sto-nije-njihovo\\\/#primaryimage\",\"url\":\"https:\\\/\\\/radioljubuski.ba\\\/wp-content\\\/uploads\\\/2021\\\/06\\\/turkovic.jpg\",\"contentUrl\":\"https:\\\/\\\/radioljubuski.ba\\\/wp-content\\\/uploads\\\/2021\\\/06\\\/turkovic.jpg\",\"width\":750,\"height\":465},{\"@type\":\"BreadcrumbList\",\"@id\":\"https:\\\/\\\/radioljubuski.ba\\\/index.php\\\/2021\\\/12\\\/04\\\/turkovic-na-ministarskom-vijecu-oess-a-prozvala-dodika-oni-koji-negiraju-holokaust-i-genocid-spremni-su-uzeti-ono-sto-nije-njihovo\\\/#breadcrumb\",\"itemListElement\":[{\"@type\":\"ListItem\",\"position\":1,\"name\":\"Po\u010detna stranica\",\"item\":\"https:\\\/\\\/radioljubuski.ba\\\/\"},{\"@type\":\"ListItem\",\"position\":2,\"name\":\"Turkovi\u0107 na Ministarskom vije\u0107u OESS-a prozvala Dodika: Oni koji negiraju holokaust i genocid spremni su uzeti ono \u0161to nije njihovo\"}]},{\"@type\":\"WebSite\",\"@id\":\"https:\\\/\\\/radioljubuski.ba\\\/#website\",\"url\":\"https:\\\/\\\/radioljubuski.ba\\\/\",\"name\":\"Radio Ljubu\u0161ki\",\"description\":\"Sun\u010dana frekvencija Hercegovine\",\"publisher\":{\"@id\":\"https:\\\/\\\/radioljubuski.ba\\\/#organization\"},\"potentialAction\":[{\"@type\":\"SearchAction\",\"target\":{\"@type\":\"EntryPoint\",\"urlTemplate\":\"https:\\\/\\\/radioljubuski.ba\\\/?s={search_term_string}\"},\"query-input\":{\"@type\":\"PropertyValueSpecification\",\"valueRequired\":true,\"valueName\":\"search_term_string\"}}],\"inLanguage\":\"hr\"},{\"@type\":\"Organization\",\"@id\":\"https:\\\/\\\/radioljubuski.ba\\\/#organization\",\"name\":\"Radio Ljubu\u0161ki\",\"url\":\"https:\\\/\\\/radioljubuski.ba\\\/\",\"logo\":{\"@type\":\"ImageObject\",\"inLanguage\":\"hr\",\"@id\":\"https:\\\/\\\/radioljubuski.ba\\\/#\\\/schema\\\/logo\\\/image\\\/\",\"url\":\"https:\\\/\\\/radioljubuski.ba\\\/wp-content\\\/uploads\\\/2021\\\/02\\\/cropped-Radio_Ljubuski_logo1.jpg\",\"contentUrl\":\"https:\\\/\\\/radioljubuski.ba\\\/wp-content\\\/uploads\\\/2021\\\/02\\\/cropped-Radio_Ljubuski_logo1.jpg\",\"width\":512,\"height\":512,\"caption\":\"Radio Ljubu\u0161ki\"},\"image\":{\"@id\":\"https:\\\/\\\/radioljubuski.ba\\\/#\\\/schema\\\/logo\\\/image\\\/\"},\"sameAs\":[\"https:\\\/\\\/www.facebook.com\\\/Radiio-Ljubuski-1490835324566332\",\"https:\\\/\\\/x.com\\\/radioljubuski\",\"https:\\\/\\\/hr.linkedin.com\\\/company\\\/radio-ljubuski\",\"https:\\\/\\\/www.youtube.com\\\/channel\\\/UCHYaeO_n0Db3tjNGudGpXyw\"]},{\"@type\":\"Person\",\"@id\":\"https:\\\/\\\/radioljubuski.ba\\\/#\\\/schema\\\/person\\\/19fc700381a780f69665d7956c469e3b\",\"name\":\"Radio Ljubu\u0161ki\"}]}<\/script>\n<!-- \/ Yoast SEO plugin. -->","yoast_head_json":{"title":"Turkovi\u0107 na Ministarskom vije\u0107u OESS-a prozvala Dodika: Oni koji negiraju holokaust i genocid spremni su uzeti ono \u0161to nije njihovo - RADIO LJUBU\u0160KI","robots":{"index":"index","follow":"follow","max-snippet":"max-snippet:-1","max-image-preview":"max-image-preview:large","max-video-preview":"max-video-preview:-1"},"canonical":"https:\/\/radioljubuski.ba\/index.php\/2021\/12\/04\/turkovic-na-ministarskom-vijecu-oess-a-prozvala-dodika-oni-koji-negiraju-holokaust-i-genocid-spremni-su-uzeti-ono-sto-nije-njihovo\/","og_locale":"hr_HR","og_type":"article","og_title":"Turkovi\u0107 na Ministarskom vije\u0107u OESS-a prozvala Dodika: Oni koji negiraju holokaust i genocid spremni su uzeti ono \u0161to nije njihovo - RADIO LJUBU\u0160KI","og_description":"Ministrica vanjskih poslova BiH Bisera Turkovi\u0107 na Ministarskom vije\u0107u OESS-a u Stokholmu pred blizu 50 \u0161efova diplomacije govorila je o trenutnoj situaciji u BiH. Nakon \u0161to je dobila priliku da se obrati svim pristunim, pozvala se na rije\u010di ministra vanjskih poslova Ruske Federacije Sergeja Lavrova. \u201cPodr\u017eavam rije\u010di ministra Lavrova sa sino\u0107nje ve\u010dere: \u2018Budimo iskreni\u2019. Sla\u017eem [&hellip;]","og_url":"https:\/\/radioljubuski.ba\/index.php\/2021\/12\/04\/turkovic-na-ministarskom-vijecu-oess-a-prozvala-dodika-oni-koji-negiraju-holokaust-i-genocid-spremni-su-uzeti-ono-sto-nije-njihovo\/","og_site_name":"RADIO LJUBU\u0160KI","article_publisher":"https:\/\/www.facebook.com\/Radiio-Ljubuski-1490835324566332","article_published_time":"2021-12-04T21:52:20+00:00","article_modified_time":"2021-12-04T21:52:21+00:00","og_image":[{"width":750,"height":465,"url":"https:\/\/radioljubuski.ba\/wp-content\/uploads\/2021\/06\/turkovic.jpg","type":"image\/jpeg"}],"author":"Radio Ljubu\u0161ki","twitter_card":"summary_large_image","twitter_creator":"@radioljubuski","twitter_site":"@radioljubuski","twitter_misc":{"Napisao\/la":"Radio Ljubu\u0161ki","Procijenjeno vrijeme \u010ditanja":"2 minute"},"schema":{"@context":"https:\/\/schema.org","@graph":[{"@type":"Article","@id":"https:\/\/radioljubuski.ba\/index.php\/2021\/12\/04\/turkovic-na-ministarskom-vijecu-oess-a-prozvala-dodika-oni-koji-negiraju-holokaust-i-genocid-spremni-su-uzeti-ono-sto-nije-njihovo\/#article","isPartOf":{"@id":"https:\/\/radioljubuski.ba\/index.php\/2021\/12\/04\/turkovic-na-ministarskom-vijecu-oess-a-prozvala-dodika-oni-koji-negiraju-holokaust-i-genocid-spremni-su-uzeti-ono-sto-nije-njihovo\/"},"author":{"name":"Radio Ljubu\u0161ki","@id":"https:\/\/radioljubuski.ba\/#\/schema\/person\/19fc700381a780f69665d7956c469e3b"},"headline":"Turkovi\u0107 na Ministarskom vije\u0107u OESS-a prozvala Dodika: Oni koji negiraju holokaust i genocid spremni su uzeti ono \u0161to nije njihovo","datePublished":"2021-12-04T21:52:20+00:00","dateModified":"2021-12-04T21:52:21+00:00","mainEntityOfPage":{"@id":"https:\/\/radioljubuski.ba\/index.php\/2021\/12\/04\/turkovic-na-ministarskom-vijecu-oess-a-prozvala-dodika-oni-koji-negiraju-holokaust-i-genocid-spremni-su-uzeti-ono-sto-nije-njihovo\/"},"wordCount":313,"publisher":{"@id":"https:\/\/radioljubuski.ba\/#organization"},"image":{"@id":"https:\/\/radioljubuski.ba\/index.php\/2021\/12\/04\/turkovic-na-ministarskom-vijecu-oess-a-prozvala-dodika-oni-koji-negiraju-holokaust-i-genocid-spremni-su-uzeti-ono-sto-nije-njihovo\/#primaryimage"},"thumbnailUrl":"https:\/\/radioljubuski.ba\/wp-content\/uploads\/2021\/06\/turkovic.jpg","articleSection":["BIH i regija"],"inLanguage":"hr"},{"@type":"WebPage","@id":"https:\/\/radioljubuski.ba\/index.php\/2021\/12\/04\/turkovic-na-ministarskom-vijecu-oess-a-prozvala-dodika-oni-koji-negiraju-holokaust-i-genocid-spremni-su-uzeti-ono-sto-nije-njihovo\/","url":"https:\/\/radioljubuski.ba\/index.php\/2021\/12\/04\/turkovic-na-ministarskom-vijecu-oess-a-prozvala-dodika-oni-koji-negiraju-holokaust-i-genocid-spremni-su-uzeti-ono-sto-nije-njihovo\/","name":"Turkovi\u0107 na Ministarskom vije\u0107u OESS-a prozvala Dodika: Oni koji negiraju holokaust i genocid spremni su uzeti ono \u0161to nije njihovo - RADIO LJUBU\u0160KI","isPartOf":{"@id":"https:\/\/radioljubuski.ba\/#website"},"primaryImageOfPage":{"@id":"https:\/\/radioljubuski.ba\/index.php\/2021\/12\/04\/turkovic-na-ministarskom-vijecu-oess-a-prozvala-dodika-oni-koji-negiraju-holokaust-i-genocid-spremni-su-uzeti-ono-sto-nije-njihovo\/#primaryimage"},"image":{"@id":"https:\/\/radioljubuski.ba\/index.php\/2021\/12\/04\/turkovic-na-ministarskom-vijecu-oess-a-prozvala-dodika-oni-koji-negiraju-holokaust-i-genocid-spremni-su-uzeti-ono-sto-nije-njihovo\/#primaryimage"},"thumbnailUrl":"https:\/\/radioljubuski.ba\/wp-content\/uploads\/2021\/06\/turkovic.jpg","datePublished":"2021-12-04T21:52:20+00:00","dateModified":"2021-12-04T21:52:21+00:00","breadcrumb":{"@id":"https:\/\/radioljubuski.ba\/index.php\/2021\/12\/04\/turkovic-na-ministarskom-vijecu-oess-a-prozvala-dodika-oni-koji-negiraju-holokaust-i-genocid-spremni-su-uzeti-ono-sto-nije-njihovo\/#breadcrumb"},"inLanguage":"hr","potentialAction":[{"@type":"ReadAction","target":["https:\/\/radioljubuski.ba\/index.php\/2021\/12\/04\/turkovic-na-ministarskom-vijecu-oess-a-prozvala-dodika-oni-koji-negiraju-holokaust-i-genocid-spremni-su-uzeti-ono-sto-nije-njihovo\/"]}]},{"@type":"ImageObject","inLanguage":"hr","@id":"https:\/\/radioljubuski.ba\/index.php\/2021\/12\/04\/turkovic-na-ministarskom-vijecu-oess-a-prozvala-dodika-oni-koji-negiraju-holokaust-i-genocid-spremni-su-uzeti-ono-sto-nije-njihovo\/#primaryimage","url":"https:\/\/radioljubuski.ba\/wp-content\/uploads\/2021\/06\/turkovic.jpg","contentUrl":"https:\/\/radioljubuski.ba\/wp-content\/uploads\/2021\/06\/turkovic.jpg","width":750,"height":465},{"@type":"BreadcrumbList","@id":"https:\/\/radioljubuski.ba\/index.php\/2021\/12\/04\/turkovic-na-ministarskom-vijecu-oess-a-prozvala-dodika-oni-koji-negiraju-holokaust-i-genocid-spremni-su-uzeti-ono-sto-nije-njihovo\/#breadcrumb","itemListElement":[{"@type":"ListItem","position":1,"name":"Po\u010detna stranica","item":"https:\/\/radioljubuski.ba\/"},{"@type":"ListItem","position":2,"name":"Turkovi\u0107 na Ministarskom vije\u0107u OESS-a prozvala Dodika: Oni koji negiraju holokaust i genocid spremni su uzeti ono \u0161to nije njihovo"}]},{"@type":"WebSite","@id":"https:\/\/radioljubuski.ba\/#website","url":"https:\/\/radioljubuski.ba\/","name":"Radio Ljubu\u0161ki","description":"Sun\u010dana frekvencija Hercegovine","publisher":{"@id":"https:\/\/radioljubuski.ba\/#organization"},"potentialAction":[{"@type":"SearchAction","target":{"@type":"EntryPoint","urlTemplate":"https:\/\/radioljubuski.ba\/?s={search_term_string}"},"query-input":{"@type":"PropertyValueSpecification","valueRequired":true,"valueName":"search_term_string"}}],"inLanguage":"hr"},{"@type":"Organization","@id":"https:\/\/radioljubuski.ba\/#organization","name":"Radio Ljubu\u0161ki","url":"https:\/\/radioljubuski.ba\/","logo":{"@type":"ImageObject","inLanguage":"hr","@id":"https:\/\/radioljubuski.ba\/#\/schema\/logo\/image\/","url":"https:\/\/radioljubuski.ba\/wp-content\/uploads\/2021\/02\/cropped-Radio_Ljubuski_logo1.jpg","contentUrl":"https:\/\/radioljubuski.ba\/wp-content\/uploads\/2021\/02\/cropped-Radio_Ljubuski_logo1.jpg","width":512,"height":512,"caption":"Radio Ljubu\u0161ki"},"image":{"@id":"https:\/\/radioljubuski.ba\/#\/schema\/logo\/image\/"},"sameAs":["https:\/\/www.facebook.com\/Radiio-Ljubuski-1490835324566332","https:\/\/x.com\/radioljubuski","https:\/\/hr.linkedin.com\/company\/radio-ljubuski","https:\/\/www.youtube.com\/channel\/UCHYaeO_n0Db3tjNGudGpXyw"]},{"@type":"Person","@id":"https:\/\/radioljubuski.ba\/#\/schema\/person\/19fc700381a780f69665d7956c469e3b","name":"Radio Ljubu\u0161ki"}]}},"_links":{"self":[{"href":"https:\/\/radioljubuski.ba\/index.php\/wp-json\/wp\/v2\/posts\/96017","targetHints":{"allow":["GET"]}}],"collection":[{"href":"https:\/\/radioljubuski.ba\/index.php\/wp-json\/wp\/v2\/posts"}],"about":[{"href":"https:\/\/radioljubuski.ba\/index.php\/wp-json\/wp\/v2\/types\/post"}],"author":[{"embeddable":true,"href":"https:\/\/radioljubuski.ba\/index.php\/wp-json\/wp\/v2\/users\/2"}],"replies":[{"embeddable":true,"href":"https:\/\/radioljubuski.ba\/index.php\/wp-json\/wp\/v2\/comments?post=96017"}],"version-history":[{"count":1,"href":"https:\/\/radioljubuski.ba\/index.php\/wp-json\/wp\/v2\/posts\/96017\/revisions"}],"predecessor-version":[{"id":96018,"href":"https:\/\/radioljubuski.ba\/index.php\/wp-json\/wp\/v2\/posts\/96017\/revisions\/96018"}],"wp:featuredmedia":[{"embeddable":true,"href":"https:\/\/radioljubuski.ba\/index.php\/wp-json\/wp\/v2\/media\/37261"}],"wp:attachment":[{"href":"https:\/\/radioljubuski.ba\/index.php\/wp-json\/wp\/v2\/media?parent=96017"}],"wp:term":[{"taxonomy":"category","embeddable":true,"href":"https:\/\/radioljubuski.ba\/index.php\/wp-json\/wp\/v2\/categories?post=96017"},{"taxonomy":"post_tag","embeddable":true,"href":"https:\/\/radioljubuski.ba\/index.php\/wp-json\/wp\/v2\/tags?post=96017"}],"curies":[{"name":"wp","href":"https:\/\/api.w.org\/{rel}","templated":true}]}}