{"id":96019,"date":"2021-12-04T22:53:14","date_gmt":"2021-12-04T21:53:14","guid":{"rendered":"https:\/\/radioljubuski.ba\/?p=96019"},"modified":"2021-12-04T22:53:16","modified_gmt":"2021-12-04T21:53:16","slug":"iz-bih-iselilo-cak-dva-milijuna-ljudi-najvise-u-hrvatsku-i-srbiju","status":"publish","type":"post","link":"https:\/\/radioljubuski.ba\/index.php\/2021\/12\/04\/iz-bih-iselilo-cak-dva-milijuna-ljudi-najvise-u-hrvatsku-i-srbiju\/","title":{"rendered":"Iz BiH iselilo \u010dak dva milijuna ljudi, najvi\u0161e u Hrvatsku i Srbiju"},"content":{"rendered":"\n<p><strong>Prema kona\u010dnim rezultatima popisa stanovni\u0161tva, doma\u0107instava i stanova u Bosni i Hercegovini provedenog 2013. godine, Bosna i Hercegovina je tada brojala 3,531.159 stalnih stanovnika, me\u0111utim, podaci govore kako bi ova zemlja bila zna\u010dajno brojnija od Republike Hrvatske, u kojoj je prema popisu 2011. godine \u017eivjelo 4,284.889 osoba (posljednji popis govori kako bi ta brojka mogla pasti ispod 4 milijuna), da se u nju vrate svi oni koji su tu ro\u0111eni, ali danas \u017eive na adresama \u0161irom svijeta, pi\u0161e&nbsp;<a href=\"https:\/\/www.vecernji.ba\/vijesti\/u-51-zemlji-zivi-cijela-jedna-iseljena-federacija-bih-1544649\" target=\"_blank\" rel=\"noreferrer noopener\">Ve\u010dernji list<\/a>.<\/strong><\/p>\n\n\n\n<p>Prema evidencijama Ministarstva za ljudska prava i izbjeglice Bosne i Hercegovine, u 51 zemlji svijeta boravi oko dva milijuna osoba porijeklom iz Bosne i Hercegovine.<\/p>\n\n\n\n<p>Usporedbe radi, prema posljednjem provedenom popisu u Federaciji BiH prije osam godina \u017eivjelo je 2,219.220 stanovnika.<\/p>\n\n\n\n<p>Danas je taj broj zbog novog vala iseljavanja, najvjerojatnije, pao ispod dva milijuna.<\/p>\n\n\n\n<p>Izvan na\u0161e zemlje \u017eivi 1,671.177 osoba ro\u0111enih u Bosni i Hercegovini, dok s potomcima ovaj broj dose\u017ee dva milijuna stanovnika\u201d, stoji na slu\u017ebenoj stranici Ministarstva za ljudska prava i izbjeglice Bosne i Hercegovine.<\/p>\n\n\n\n<p>Isti\u010du kako stopa emigracije iz Bosne i Hercegovine u odnosu na broj stanovni\u0161tva u zemlji iznosi 44,5 posto \u0161to Bosnu i Hercegovinu svrstava u red zemalja s najve\u0107im brojem iseljenika u odnosu na ukupan broj stanovnika.<\/p>\n\n\n\n<p><strong>Najvi\u0161e iseljenika u Republici Hrvatskoj<\/strong><\/p>\n\n\n\n<p>Podaci navedenog ministarstva govore kako najve\u0107i broj iseljenika \u017eivi u: Hrvatskoj, i to njih \u010dak 409.357, zatim u Srbiji, koja je postala domovinom za \u010dak 335.992 osobe s rodnim listom Bosne i Hercegovine.<\/p>\n\n\n\n<p>Bh. adrese je njema\u010dkim zamijenilo 159.380 osoba ro\u0111enih u Bosni i Hercegovini.<\/p>\n\n\n\n<p>Podaci govore kako je novi dom u Austriji prona\u0161lo 149.755 nekada\u0161njih stanovnika Bosne i Hercegovine, dok je u SAD-u njih 132.255, a u Sloveniji 96.921. Velik broj osoba ro\u0111enih u BiH tijekom proteklih godina i desetlje\u0107a bolji \u017eivot je potra\u017eio u \u0160vicarskoj, gdje ih, prema podacima Ministarstva za ljudska prava i izbjeglice Bosne i Hercegovine, trenutno \u017eivi 57.542 i \u0160vedskoj koja broji 56.477 osoba s rodnim listom BiH.<\/p>\n\n\n\n<p>Status iseljenika iz Bosne i Hercegovine u zemljama prijema velikim je dijelom rije\u0161en kroz stjecanje dr\u017eavljanstva, stalne ili privremene dozvole boravka, radne i studentske vize\u201d, navodi se na stranici Ministarstva za ljudska prava i izbjeglice Bosne i Hercegovine.<\/p>\n\n\n\n<p>Podaci ovog Ministarstva svjedo\u010de da je najmanje pola milijuna iseljenika steklo dr\u017eavljanstva zemalja prijama (ne ra\u010dunaju\u0107i Srbiju i Hrvatsku).<\/p>\n\n\n\n<p><strong>Prosjek starosti 40 godina<\/strong><\/p>\n\n\n\n<p>U nekim zemljama je postotak iseljenika koji su svoj status rije\u0161ili kroz stjecanje dr\u017eavljanstva dr\u017eave prijema izrazito visok te iznosi od 80 do 90 posto.<\/p>\n\n\n\n<p>Prosjek starosti iseljenika je oko 40 godina, ve\u0107ina ih posjeduje srednju stru\u010dnu spremu, dok visoku stru\u010dnu spremu ima 10 \u2013 30 posto iseljenika.<\/p>\n\n\n\n<p>Dobro su integrirani u zemljama prijema, ekonomski su aktivni, s visokom stopom zaposlenosti i stabilnim prihodima\u201d, zaklju\u010dili su iz ovog ministarstva.<\/p>\n\n\n\n<p>Prema dostupnim podacima, svake godine se broj odlazaka iz BiH pove\u0107ava, i to znatno, a porazno je jer se uglavnom ili u ve\u0107em broju radi o mladim, obrazovanim osobama, pi\u0161e Ve\u010dernji list BiH.<\/p>\n\n\n\n<p>\/HMS\/<\/p>\n","protected":false},"excerpt":{"rendered":"<p>Prema kona\u010dnim rezultatima popisa stanovni\u0161tva, doma\u0107instava i stanova u Bosni i Hercegovini provedenog 2013. godine, Bosna i Hercegovina je tada brojala 3,531.159 stalnih stanovnika, me\u0111utim, podaci govore kako bi ova zemlja bila zna\u010dajno brojnija od Republike Hrvatske, u kojoj je prema popisu 2011. godine \u017eivjelo 4,284.889 osoba (posljednji popis govori kako bi ta brojka mogla [&hellip;]<\/p>\n","protected":false},"author":2,"featured_media":39361,"comment_status":"closed","ping_status":"closed","sticky":false,"template":"","format":"standard","meta":{"h5ap_radio_sources":[],"footnotes":""},"categories":[1],"tags":[],"class_list":["post-96019","post","type-post","status-publish","format-standard","has-post-thumbnail","hentry","category-bihiregija"],"yoast_head":"<!-- This site is optimized with the Yoast SEO plugin v27.4 - https:\/\/yoast.com\/product\/yoast-seo-wordpress\/ -->\n<title>Iz BiH iselilo \u010dak dva milijuna ljudi, najvi\u0161e u Hrvatsku i Srbiju - RADIO LJUBU\u0160KI<\/title>\n<meta name=\"robots\" content=\"index, follow, max-snippet:-1, max-image-preview:large, max-video-preview:-1\" \/>\n<link rel=\"canonical\" href=\"https:\/\/radioljubuski.ba\/index.php\/2021\/12\/04\/iz-bih-iselilo-cak-dva-milijuna-ljudi-najvise-u-hrvatsku-i-srbiju\/\" \/>\n<meta property=\"og:locale\" content=\"hr_HR\" \/>\n<meta property=\"og:type\" content=\"article\" \/>\n<meta property=\"og:title\" content=\"Iz BiH iselilo \u010dak dva milijuna ljudi, najvi\u0161e u Hrvatsku i Srbiju - RADIO LJUBU\u0160KI\" \/>\n<meta property=\"og:description\" content=\"Prema kona\u010dnim rezultatima popisa stanovni\u0161tva, doma\u0107instava i stanova u Bosni i Hercegovini provedenog 2013. godine, Bosna i Hercegovina je tada brojala 3,531.159 stalnih stanovnika, me\u0111utim, podaci govore kako bi ova zemlja bila zna\u010dajno brojnija od Republike Hrvatske, u kojoj je prema popisu 2011. godine \u017eivjelo 4,284.889 osoba (posljednji popis govori kako bi ta brojka mogla [&hellip;]\" \/>\n<meta property=\"og:url\" content=\"https:\/\/radioljubuski.ba\/index.php\/2021\/12\/04\/iz-bih-iselilo-cak-dva-milijuna-ljudi-najvise-u-hrvatsku-i-srbiju\/\" \/>\n<meta property=\"og:site_name\" content=\"RADIO LJUBU\u0160KI\" \/>\n<meta property=\"article:publisher\" content=\"https:\/\/www.facebook.com\/Radiio-Ljubuski-1490835324566332\" \/>\n<meta property=\"article:published_time\" content=\"2021-12-04T21:53:14+00:00\" \/>\n<meta property=\"article:modified_time\" content=\"2021-12-04T21:53:16+00:00\" \/>\n<meta property=\"og:image\" content=\"https:\/\/radioljubuski.ba\/wp-content\/uploads\/2021\/07\/ecmEBotU_odlazak.jpg\" \/>\n\t<meta property=\"og:image:width\" content=\"1000\" \/>\n\t<meta property=\"og:image:height\" content=\"625\" \/>\n\t<meta property=\"og:image:type\" content=\"image\/jpeg\" \/>\n<meta name=\"author\" content=\"Radio Ljubu\u0161ki\" \/>\n<meta name=\"twitter:card\" content=\"summary_large_image\" \/>\n<meta name=\"twitter:creator\" content=\"@radioljubuski\" \/>\n<meta name=\"twitter:site\" content=\"@radioljubuski\" \/>\n<meta name=\"twitter:label1\" content=\"Napisao\/la\" \/>\n\t<meta name=\"twitter:data1\" content=\"Radio Ljubu\u0161ki\" \/>\n\t<meta name=\"twitter:label2\" content=\"Procijenjeno vrijeme \u010ditanja\" \/>\n\t<meta name=\"twitter:data2\" content=\"3 minute\" \/>\n<script type=\"application\/ld+json\" class=\"yoast-schema-graph\">{\"@context\":\"https:\\\/\\\/schema.org\",\"@graph\":[{\"@type\":\"Article\",\"@id\":\"https:\\\/\\\/radioljubuski.ba\\\/index.php\\\/2021\\\/12\\\/04\\\/iz-bih-iselilo-cak-dva-milijuna-ljudi-najvise-u-hrvatsku-i-srbiju\\\/#article\",\"isPartOf\":{\"@id\":\"https:\\\/\\\/radioljubuski.ba\\\/index.php\\\/2021\\\/12\\\/04\\\/iz-bih-iselilo-cak-dva-milijuna-ljudi-najvise-u-hrvatsku-i-srbiju\\\/\"},\"author\":{\"name\":\"Radio Ljubu\u0161ki\",\"@id\":\"https:\\\/\\\/radioljubuski.ba\\\/#\\\/schema\\\/person\\\/19fc700381a780f69665d7956c469e3b\"},\"headline\":\"Iz BiH iselilo \u010dak dva milijuna ljudi, najvi\u0161e u Hrvatsku i Srbiju\",\"datePublished\":\"2021-12-04T21:53:14+00:00\",\"dateModified\":\"2021-12-04T21:53:16+00:00\",\"mainEntityOfPage\":{\"@id\":\"https:\\\/\\\/radioljubuski.ba\\\/index.php\\\/2021\\\/12\\\/04\\\/iz-bih-iselilo-cak-dva-milijuna-ljudi-najvise-u-hrvatsku-i-srbiju\\\/\"},\"wordCount\":516,\"publisher\":{\"@id\":\"https:\\\/\\\/radioljubuski.ba\\\/#organization\"},\"image\":{\"@id\":\"https:\\\/\\\/radioljubuski.ba\\\/index.php\\\/2021\\\/12\\\/04\\\/iz-bih-iselilo-cak-dva-milijuna-ljudi-najvise-u-hrvatsku-i-srbiju\\\/#primaryimage\"},\"thumbnailUrl\":\"https:\\\/\\\/radioljubuski.ba\\\/wp-content\\\/uploads\\\/2021\\\/07\\\/ecmEBotU_odlazak.jpg\",\"articleSection\":[\"BIH i regija\"],\"inLanguage\":\"hr\"},{\"@type\":\"WebPage\",\"@id\":\"https:\\\/\\\/radioljubuski.ba\\\/index.php\\\/2021\\\/12\\\/04\\\/iz-bih-iselilo-cak-dva-milijuna-ljudi-najvise-u-hrvatsku-i-srbiju\\\/\",\"url\":\"https:\\\/\\\/radioljubuski.ba\\\/index.php\\\/2021\\\/12\\\/04\\\/iz-bih-iselilo-cak-dva-milijuna-ljudi-najvise-u-hrvatsku-i-srbiju\\\/\",\"name\":\"Iz BiH iselilo \u010dak dva milijuna ljudi, najvi\u0161e u Hrvatsku i Srbiju - RADIO LJUBU\u0160KI\",\"isPartOf\":{\"@id\":\"https:\\\/\\\/radioljubuski.ba\\\/#website\"},\"primaryImageOfPage\":{\"@id\":\"https:\\\/\\\/radioljubuski.ba\\\/index.php\\\/2021\\\/12\\\/04\\\/iz-bih-iselilo-cak-dva-milijuna-ljudi-najvise-u-hrvatsku-i-srbiju\\\/#primaryimage\"},\"image\":{\"@id\":\"https:\\\/\\\/radioljubuski.ba\\\/index.php\\\/2021\\\/12\\\/04\\\/iz-bih-iselilo-cak-dva-milijuna-ljudi-najvise-u-hrvatsku-i-srbiju\\\/#primaryimage\"},\"thumbnailUrl\":\"https:\\\/\\\/radioljubuski.ba\\\/wp-content\\\/uploads\\\/2021\\\/07\\\/ecmEBotU_odlazak.jpg\",\"datePublished\":\"2021-12-04T21:53:14+00:00\",\"dateModified\":\"2021-12-04T21:53:16+00:00\",\"breadcrumb\":{\"@id\":\"https:\\\/\\\/radioljubuski.ba\\\/index.php\\\/2021\\\/12\\\/04\\\/iz-bih-iselilo-cak-dva-milijuna-ljudi-najvise-u-hrvatsku-i-srbiju\\\/#breadcrumb\"},\"inLanguage\":\"hr\",\"potentialAction\":[{\"@type\":\"ReadAction\",\"target\":[\"https:\\\/\\\/radioljubuski.ba\\\/index.php\\\/2021\\\/12\\\/04\\\/iz-bih-iselilo-cak-dva-milijuna-ljudi-najvise-u-hrvatsku-i-srbiju\\\/\"]}]},{\"@type\":\"ImageObject\",\"inLanguage\":\"hr\",\"@id\":\"https:\\\/\\\/radioljubuski.ba\\\/index.php\\\/2021\\\/12\\\/04\\\/iz-bih-iselilo-cak-dva-milijuna-ljudi-najvise-u-hrvatsku-i-srbiju\\\/#primaryimage\",\"url\":\"https:\\\/\\\/radioljubuski.ba\\\/wp-content\\\/uploads\\\/2021\\\/07\\\/ecmEBotU_odlazak.jpg\",\"contentUrl\":\"https:\\\/\\\/radioljubuski.ba\\\/wp-content\\\/uploads\\\/2021\\\/07\\\/ecmEBotU_odlazak.jpg\",\"width\":1000,\"height\":625},{\"@type\":\"BreadcrumbList\",\"@id\":\"https:\\\/\\\/radioljubuski.ba\\\/index.php\\\/2021\\\/12\\\/04\\\/iz-bih-iselilo-cak-dva-milijuna-ljudi-najvise-u-hrvatsku-i-srbiju\\\/#breadcrumb\",\"itemListElement\":[{\"@type\":\"ListItem\",\"position\":1,\"name\":\"Po\u010detna stranica\",\"item\":\"https:\\\/\\\/radioljubuski.ba\\\/\"},{\"@type\":\"ListItem\",\"position\":2,\"name\":\"Iz BiH iselilo \u010dak dva milijuna ljudi, najvi\u0161e u Hrvatsku i Srbiju\"}]},{\"@type\":\"WebSite\",\"@id\":\"https:\\\/\\\/radioljubuski.ba\\\/#website\",\"url\":\"https:\\\/\\\/radioljubuski.ba\\\/\",\"name\":\"Radio Ljubu\u0161ki\",\"description\":\"Sun\u010dana frekvencija Hercegovine\",\"publisher\":{\"@id\":\"https:\\\/\\\/radioljubuski.ba\\\/#organization\"},\"potentialAction\":[{\"@type\":\"SearchAction\",\"target\":{\"@type\":\"EntryPoint\",\"urlTemplate\":\"https:\\\/\\\/radioljubuski.ba\\\/?s={search_term_string}\"},\"query-input\":{\"@type\":\"PropertyValueSpecification\",\"valueRequired\":true,\"valueName\":\"search_term_string\"}}],\"inLanguage\":\"hr\"},{\"@type\":\"Organization\",\"@id\":\"https:\\\/\\\/radioljubuski.ba\\\/#organization\",\"name\":\"Radio Ljubu\u0161ki\",\"url\":\"https:\\\/\\\/radioljubuski.ba\\\/\",\"logo\":{\"@type\":\"ImageObject\",\"inLanguage\":\"hr\",\"@id\":\"https:\\\/\\\/radioljubuski.ba\\\/#\\\/schema\\\/logo\\\/image\\\/\",\"url\":\"https:\\\/\\\/radioljubuski.ba\\\/wp-content\\\/uploads\\\/2021\\\/02\\\/cropped-Radio_Ljubuski_logo1.jpg\",\"contentUrl\":\"https:\\\/\\\/radioljubuski.ba\\\/wp-content\\\/uploads\\\/2021\\\/02\\\/cropped-Radio_Ljubuski_logo1.jpg\",\"width\":512,\"height\":512,\"caption\":\"Radio Ljubu\u0161ki\"},\"image\":{\"@id\":\"https:\\\/\\\/radioljubuski.ba\\\/#\\\/schema\\\/logo\\\/image\\\/\"},\"sameAs\":[\"https:\\\/\\\/www.facebook.com\\\/Radiio-Ljubuski-1490835324566332\",\"https:\\\/\\\/x.com\\\/radioljubuski\",\"https:\\\/\\\/hr.linkedin.com\\\/company\\\/radio-ljubuski\",\"https:\\\/\\\/www.youtube.com\\\/channel\\\/UCHYaeO_n0Db3tjNGudGpXyw\"]},{\"@type\":\"Person\",\"@id\":\"https:\\\/\\\/radioljubuski.ba\\\/#\\\/schema\\\/person\\\/19fc700381a780f69665d7956c469e3b\",\"name\":\"Radio Ljubu\u0161ki\"}]}<\/script>\n<!-- \/ Yoast SEO plugin. -->","yoast_head_json":{"title":"Iz BiH iselilo \u010dak dva milijuna ljudi, najvi\u0161e u Hrvatsku i Srbiju - RADIO LJUBU\u0160KI","robots":{"index":"index","follow":"follow","max-snippet":"max-snippet:-1","max-image-preview":"max-image-preview:large","max-video-preview":"max-video-preview:-1"},"canonical":"https:\/\/radioljubuski.ba\/index.php\/2021\/12\/04\/iz-bih-iselilo-cak-dva-milijuna-ljudi-najvise-u-hrvatsku-i-srbiju\/","og_locale":"hr_HR","og_type":"article","og_title":"Iz BiH iselilo \u010dak dva milijuna ljudi, najvi\u0161e u Hrvatsku i Srbiju - RADIO LJUBU\u0160KI","og_description":"Prema kona\u010dnim rezultatima popisa stanovni\u0161tva, doma\u0107instava i stanova u Bosni i Hercegovini provedenog 2013. godine, Bosna i Hercegovina je tada brojala 3,531.159 stalnih stanovnika, me\u0111utim, podaci govore kako bi ova zemlja bila zna\u010dajno brojnija od Republike Hrvatske, u kojoj je prema popisu 2011. godine \u017eivjelo 4,284.889 osoba (posljednji popis govori kako bi ta brojka mogla [&hellip;]","og_url":"https:\/\/radioljubuski.ba\/index.php\/2021\/12\/04\/iz-bih-iselilo-cak-dva-milijuna-ljudi-najvise-u-hrvatsku-i-srbiju\/","og_site_name":"RADIO LJUBU\u0160KI","article_publisher":"https:\/\/www.facebook.com\/Radiio-Ljubuski-1490835324566332","article_published_time":"2021-12-04T21:53:14+00:00","article_modified_time":"2021-12-04T21:53:16+00:00","og_image":[{"width":1000,"height":625,"url":"https:\/\/radioljubuski.ba\/wp-content\/uploads\/2021\/07\/ecmEBotU_odlazak.jpg","type":"image\/jpeg"}],"author":"Radio Ljubu\u0161ki","twitter_card":"summary_large_image","twitter_creator":"@radioljubuski","twitter_site":"@radioljubuski","twitter_misc":{"Napisao\/la":"Radio Ljubu\u0161ki","Procijenjeno vrijeme \u010ditanja":"3 minute"},"schema":{"@context":"https:\/\/schema.org","@graph":[{"@type":"Article","@id":"https:\/\/radioljubuski.ba\/index.php\/2021\/12\/04\/iz-bih-iselilo-cak-dva-milijuna-ljudi-najvise-u-hrvatsku-i-srbiju\/#article","isPartOf":{"@id":"https:\/\/radioljubuski.ba\/index.php\/2021\/12\/04\/iz-bih-iselilo-cak-dva-milijuna-ljudi-najvise-u-hrvatsku-i-srbiju\/"},"author":{"name":"Radio Ljubu\u0161ki","@id":"https:\/\/radioljubuski.ba\/#\/schema\/person\/19fc700381a780f69665d7956c469e3b"},"headline":"Iz BiH iselilo \u010dak dva milijuna ljudi, najvi\u0161e u Hrvatsku i Srbiju","datePublished":"2021-12-04T21:53:14+00:00","dateModified":"2021-12-04T21:53:16+00:00","mainEntityOfPage":{"@id":"https:\/\/radioljubuski.ba\/index.php\/2021\/12\/04\/iz-bih-iselilo-cak-dva-milijuna-ljudi-najvise-u-hrvatsku-i-srbiju\/"},"wordCount":516,"publisher":{"@id":"https:\/\/radioljubuski.ba\/#organization"},"image":{"@id":"https:\/\/radioljubuski.ba\/index.php\/2021\/12\/04\/iz-bih-iselilo-cak-dva-milijuna-ljudi-najvise-u-hrvatsku-i-srbiju\/#primaryimage"},"thumbnailUrl":"https:\/\/radioljubuski.ba\/wp-content\/uploads\/2021\/07\/ecmEBotU_odlazak.jpg","articleSection":["BIH i regija"],"inLanguage":"hr"},{"@type":"WebPage","@id":"https:\/\/radioljubuski.ba\/index.php\/2021\/12\/04\/iz-bih-iselilo-cak-dva-milijuna-ljudi-najvise-u-hrvatsku-i-srbiju\/","url":"https:\/\/radioljubuski.ba\/index.php\/2021\/12\/04\/iz-bih-iselilo-cak-dva-milijuna-ljudi-najvise-u-hrvatsku-i-srbiju\/","name":"Iz BiH iselilo \u010dak dva milijuna ljudi, najvi\u0161e u Hrvatsku i Srbiju - RADIO LJUBU\u0160KI","isPartOf":{"@id":"https:\/\/radioljubuski.ba\/#website"},"primaryImageOfPage":{"@id":"https:\/\/radioljubuski.ba\/index.php\/2021\/12\/04\/iz-bih-iselilo-cak-dva-milijuna-ljudi-najvise-u-hrvatsku-i-srbiju\/#primaryimage"},"image":{"@id":"https:\/\/radioljubuski.ba\/index.php\/2021\/12\/04\/iz-bih-iselilo-cak-dva-milijuna-ljudi-najvise-u-hrvatsku-i-srbiju\/#primaryimage"},"thumbnailUrl":"https:\/\/radioljubuski.ba\/wp-content\/uploads\/2021\/07\/ecmEBotU_odlazak.jpg","datePublished":"2021-12-04T21:53:14+00:00","dateModified":"2021-12-04T21:53:16+00:00","breadcrumb":{"@id":"https:\/\/radioljubuski.ba\/index.php\/2021\/12\/04\/iz-bih-iselilo-cak-dva-milijuna-ljudi-najvise-u-hrvatsku-i-srbiju\/#breadcrumb"},"inLanguage":"hr","potentialAction":[{"@type":"ReadAction","target":["https:\/\/radioljubuski.ba\/index.php\/2021\/12\/04\/iz-bih-iselilo-cak-dva-milijuna-ljudi-najvise-u-hrvatsku-i-srbiju\/"]}]},{"@type":"ImageObject","inLanguage":"hr","@id":"https:\/\/radioljubuski.ba\/index.php\/2021\/12\/04\/iz-bih-iselilo-cak-dva-milijuna-ljudi-najvise-u-hrvatsku-i-srbiju\/#primaryimage","url":"https:\/\/radioljubuski.ba\/wp-content\/uploads\/2021\/07\/ecmEBotU_odlazak.jpg","contentUrl":"https:\/\/radioljubuski.ba\/wp-content\/uploads\/2021\/07\/ecmEBotU_odlazak.jpg","width":1000,"height":625},{"@type":"BreadcrumbList","@id":"https:\/\/radioljubuski.ba\/index.php\/2021\/12\/04\/iz-bih-iselilo-cak-dva-milijuna-ljudi-najvise-u-hrvatsku-i-srbiju\/#breadcrumb","itemListElement":[{"@type":"ListItem","position":1,"name":"Po\u010detna stranica","item":"https:\/\/radioljubuski.ba\/"},{"@type":"ListItem","position":2,"name":"Iz BiH iselilo \u010dak dva milijuna ljudi, najvi\u0161e u Hrvatsku i Srbiju"}]},{"@type":"WebSite","@id":"https:\/\/radioljubuski.ba\/#website","url":"https:\/\/radioljubuski.ba\/","name":"Radio Ljubu\u0161ki","description":"Sun\u010dana frekvencija Hercegovine","publisher":{"@id":"https:\/\/radioljubuski.ba\/#organization"},"potentialAction":[{"@type":"SearchAction","target":{"@type":"EntryPoint","urlTemplate":"https:\/\/radioljubuski.ba\/?s={search_term_string}"},"query-input":{"@type":"PropertyValueSpecification","valueRequired":true,"valueName":"search_term_string"}}],"inLanguage":"hr"},{"@type":"Organization","@id":"https:\/\/radioljubuski.ba\/#organization","name":"Radio Ljubu\u0161ki","url":"https:\/\/radioljubuski.ba\/","logo":{"@type":"ImageObject","inLanguage":"hr","@id":"https:\/\/radioljubuski.ba\/#\/schema\/logo\/image\/","url":"https:\/\/radioljubuski.ba\/wp-content\/uploads\/2021\/02\/cropped-Radio_Ljubuski_logo1.jpg","contentUrl":"https:\/\/radioljubuski.ba\/wp-content\/uploads\/2021\/02\/cropped-Radio_Ljubuski_logo1.jpg","width":512,"height":512,"caption":"Radio Ljubu\u0161ki"},"image":{"@id":"https:\/\/radioljubuski.ba\/#\/schema\/logo\/image\/"},"sameAs":["https:\/\/www.facebook.com\/Radiio-Ljubuski-1490835324566332","https:\/\/x.com\/radioljubuski","https:\/\/hr.linkedin.com\/company\/radio-ljubuski","https:\/\/www.youtube.com\/channel\/UCHYaeO_n0Db3tjNGudGpXyw"]},{"@type":"Person","@id":"https:\/\/radioljubuski.ba\/#\/schema\/person\/19fc700381a780f69665d7956c469e3b","name":"Radio Ljubu\u0161ki"}]}},"_links":{"self":[{"href":"https:\/\/radioljubuski.ba\/index.php\/wp-json\/wp\/v2\/posts\/96019","targetHints":{"allow":["GET"]}}],"collection":[{"href":"https:\/\/radioljubuski.ba\/index.php\/wp-json\/wp\/v2\/posts"}],"about":[{"href":"https:\/\/radioljubuski.ba\/index.php\/wp-json\/wp\/v2\/types\/post"}],"author":[{"embeddable":true,"href":"https:\/\/radioljubuski.ba\/index.php\/wp-json\/wp\/v2\/users\/2"}],"replies":[{"embeddable":true,"href":"https:\/\/radioljubuski.ba\/index.php\/wp-json\/wp\/v2\/comments?post=96019"}],"version-history":[{"count":1,"href":"https:\/\/radioljubuski.ba\/index.php\/wp-json\/wp\/v2\/posts\/96019\/revisions"}],"predecessor-version":[{"id":96020,"href":"https:\/\/radioljubuski.ba\/index.php\/wp-json\/wp\/v2\/posts\/96019\/revisions\/96020"}],"wp:featuredmedia":[{"embeddable":true,"href":"https:\/\/radioljubuski.ba\/index.php\/wp-json\/wp\/v2\/media\/39361"}],"wp:attachment":[{"href":"https:\/\/radioljubuski.ba\/index.php\/wp-json\/wp\/v2\/media?parent=96019"}],"wp:term":[{"taxonomy":"category","embeddable":true,"href":"https:\/\/radioljubuski.ba\/index.php\/wp-json\/wp\/v2\/categories?post=96019"},{"taxonomy":"post_tag","embeddable":true,"href":"https:\/\/radioljubuski.ba\/index.php\/wp-json\/wp\/v2\/tags?post=96019"}],"curies":[{"name":"wp","href":"https:\/\/api.w.org\/{rel}","templated":true}]}}