{"id":96023,"date":"2021-12-04T22:56:34","date_gmt":"2021-12-04T21:56:34","guid":{"rendered":"https:\/\/radioljubuski.ba\/?p=96023"},"modified":"2021-12-04T22:56:36","modified_gmt":"2021-12-04T21:56:36","slug":"general-folkestad-donacijom-helikoptera-sad-pokazuje-zdusnu-podrsku-os-bih","status":"publish","type":"post","link":"https:\/\/radioljubuski.ba\/index.php\/2021\/12\/04\/general-folkestad-donacijom-helikoptera-sad-pokazuje-zdusnu-podrsku-os-bih\/","title":{"rendered":"General Folkestad: Donacijom helikoptera SAD pokazuje zdu\u0161nu podr\u0161ku OS BiH"},"content":{"rendered":"\n<p><strong>NATO Sto\u017eer Sarajevo ponosan je \u0161to mo\u017ee svjedo\u010diti dolasku helikoptera Huey II, izjavio je zapovjednik Sto\u017eera, brigadni general Eric Folkestad.<\/strong><\/p>\n\n\n\n<iframe loading=\"lazy\" title=\"Helikopteri Huey II za OS BiH dopremljeni na sarajevski aerodrom\" width=\"640\" height=\"360\" src=\"https:\/\/www.youtube.com\/embed\/DTB296t1W1A?feature=oembed\" frameborder=\"0\" allow=\"accelerometer; autoplay; clipboard-write; encrypted-media; gyroscope; picture-in-picture; web-share\" referrerpolicy=\"strict-origin-when-cross-origin\" allowfullscreen><\/iframe>\n\n\n\n<p>\u2013 Ovo predstavlja ogroman iskorak u tehnologiji i sposobnosti u isporedbi s Huey helikopterima kojima Oru\u017eane snage (OS) BiH trenutno raspola\u017eu. Spremnici za gorivo za letenje na ve\u0107im udaljenostima, modernizovana avionika, sposobnost glasovne komunikacije. Dakle, helikopteri koji su upravo sada iza mene imaju izuzetne sposobnosti \u2013 poru\u010dio je Folkestad.<\/p>\n\n\n\n<p>Nagla\u0161ava da su, iz perspektive NATO-a, SAD zemlja koja zdu\u0161no podr\u017eava OSBiH, i to je tek jo\u0161 jedan primjer kako NATO \u010dlanica realizira veliku donaciju, a to je ne\u0161to \u0161to s NATO saveznicima vi\u0111amo iz godine u godinu.<\/p>\n\n\n\n<p>\u2013 Desetke milijuna dolara koji pristi\u017eu da podr\u017ee lokalnu ekonomiju, da dodaju nove sposobnosti OSBiH. Sve u svemu, danas je jedan sjajan dan\u201d, zaklju\u010dio je Folkestad.<\/p>\n\n\n\n<p>\/HMS\/<\/p>\n","protected":false},"excerpt":{"rendered":"<p>NATO Sto\u017eer Sarajevo ponosan je \u0161to mo\u017ee svjedo\u010diti dolasku helikoptera Huey II, izjavio je zapovjednik Sto\u017eera, brigadni general Eric Folkestad. \u2013 Ovo predstavlja ogroman iskorak u tehnologiji i sposobnosti u isporedbi s Huey helikopterima kojima Oru\u017eane snage (OS) BiH trenutno raspola\u017eu. Spremnici za gorivo za letenje na ve\u0107im udaljenostima, modernizovana avionika, sposobnost glasovne komunikacije. Dakle, [&hellip;]<\/p>\n","protected":false},"author":2,"featured_media":96024,"comment_status":"closed","ping_status":"closed","sticky":false,"template":"","format":"standard","meta":{"h5ap_radio_sources":[],"footnotes":""},"categories":[1],"tags":[],"class_list":["post-96023","post","type-post","status-publish","format-standard","has-post-thumbnail","hentry","category-bihiregija"],"yoast_head":"<!-- This site is optimized with the Yoast SEO plugin v27.4 - https:\/\/yoast.com\/product\/yoast-seo-wordpress\/ -->\n<title>General Folkestad: Donacijom helikoptera SAD pokazuje zdu\u0161nu podr\u0161ku OS BiH - RADIO LJUBU\u0160KI<\/title>\n<meta name=\"robots\" content=\"index, follow, max-snippet:-1, max-image-preview:large, max-video-preview:-1\" \/>\n<link rel=\"canonical\" href=\"https:\/\/radioljubuski.ba\/index.php\/2021\/12\/04\/general-folkestad-donacijom-helikoptera-sad-pokazuje-zdusnu-podrsku-os-bih\/\" \/>\n<meta property=\"og:locale\" content=\"hr_HR\" \/>\n<meta property=\"og:type\" content=\"article\" \/>\n<meta property=\"og:title\" content=\"General Folkestad: Donacijom helikoptera SAD pokazuje zdu\u0161nu podr\u0161ku OS BiH - RADIO LJUBU\u0160KI\" \/>\n<meta property=\"og:description\" content=\"NATO Sto\u017eer Sarajevo ponosan je \u0161to mo\u017ee svjedo\u010diti dolasku helikoptera Huey II, izjavio je zapovjednik Sto\u017eera, brigadni general Eric Folkestad. \u2013 Ovo predstavlja ogroman iskorak u tehnologiji i sposobnosti u isporedbi s Huey helikopterima kojima Oru\u017eane snage (OS) BiH trenutno raspola\u017eu. Spremnici za gorivo za letenje na ve\u0107im udaljenostima, modernizovana avionika, sposobnost glasovne komunikacije. Dakle, [&hellip;]\" \/>\n<meta property=\"og:url\" content=\"https:\/\/radioljubuski.ba\/index.php\/2021\/12\/04\/general-folkestad-donacijom-helikoptera-sad-pokazuje-zdusnu-podrsku-os-bih\/\" \/>\n<meta property=\"og:site_name\" content=\"RADIO LJUBU\u0160KI\" \/>\n<meta property=\"article:publisher\" content=\"https:\/\/www.facebook.com\/Radiio-Ljubuski-1490835324566332\" \/>\n<meta property=\"article:published_time\" content=\"2021-12-04T21:56:34+00:00\" \/>\n<meta property=\"article:modified_time\" content=\"2021-12-04T21:56:36+00:00\" \/>\n<meta property=\"og:image\" content=\"https:\/\/radioljubuski.ba\/wp-content\/uploads\/2021\/12\/o_102668_1024.jpg\" \/>\n\t<meta property=\"og:image:width\" content=\"1024\" \/>\n\t<meta property=\"og:image:height\" content=\"768\" \/>\n\t<meta property=\"og:image:type\" content=\"image\/jpeg\" \/>\n<meta name=\"author\" content=\"Radio Ljubu\u0161ki\" \/>\n<meta name=\"twitter:card\" content=\"summary_large_image\" \/>\n<meta name=\"twitter:creator\" content=\"@radioljubuski\" \/>\n<meta name=\"twitter:site\" content=\"@radioljubuski\" \/>\n<meta name=\"twitter:label1\" content=\"Napisao\/la\" \/>\n\t<meta name=\"twitter:data1\" content=\"Radio Ljubu\u0161ki\" \/>\n\t<meta name=\"twitter:label2\" content=\"Procijenjeno vrijeme \u010ditanja\" \/>\n\t<meta name=\"twitter:data2\" content=\"1 minuta\" \/>\n<script type=\"application\/ld+json\" class=\"yoast-schema-graph\">{\"@context\":\"https:\\\/\\\/schema.org\",\"@graph\":[{\"@type\":\"Article\",\"@id\":\"https:\\\/\\\/radioljubuski.ba\\\/index.php\\\/2021\\\/12\\\/04\\\/general-folkestad-donacijom-helikoptera-sad-pokazuje-zdusnu-podrsku-os-bih\\\/#article\",\"isPartOf\":{\"@id\":\"https:\\\/\\\/radioljubuski.ba\\\/index.php\\\/2021\\\/12\\\/04\\\/general-folkestad-donacijom-helikoptera-sad-pokazuje-zdusnu-podrsku-os-bih\\\/\"},\"author\":{\"name\":\"Radio Ljubu\u0161ki\",\"@id\":\"https:\\\/\\\/radioljubuski.ba\\\/#\\\/schema\\\/person\\\/19fc700381a780f69665d7956c469e3b\"},\"headline\":\"General Folkestad: Donacijom helikoptera SAD pokazuje zdu\u0161nu podr\u0161ku OS BiH\",\"datePublished\":\"2021-12-04T21:56:34+00:00\",\"dateModified\":\"2021-12-04T21:56:36+00:00\",\"mainEntityOfPage\":{\"@id\":\"https:\\\/\\\/radioljubuski.ba\\\/index.php\\\/2021\\\/12\\\/04\\\/general-folkestad-donacijom-helikoptera-sad-pokazuje-zdusnu-podrsku-os-bih\\\/\"},\"wordCount\":169,\"publisher\":{\"@id\":\"https:\\\/\\\/radioljubuski.ba\\\/#organization\"},\"image\":{\"@id\":\"https:\\\/\\\/radioljubuski.ba\\\/index.php\\\/2021\\\/12\\\/04\\\/general-folkestad-donacijom-helikoptera-sad-pokazuje-zdusnu-podrsku-os-bih\\\/#primaryimage\"},\"thumbnailUrl\":\"https:\\\/\\\/radioljubuski.ba\\\/wp-content\\\/uploads\\\/2021\\\/12\\\/o_102668_1024.jpg\",\"articleSection\":[\"BIH i regija\"],\"inLanguage\":\"hr\"},{\"@type\":\"WebPage\",\"@id\":\"https:\\\/\\\/radioljubuski.ba\\\/index.php\\\/2021\\\/12\\\/04\\\/general-folkestad-donacijom-helikoptera-sad-pokazuje-zdusnu-podrsku-os-bih\\\/\",\"url\":\"https:\\\/\\\/radioljubuski.ba\\\/index.php\\\/2021\\\/12\\\/04\\\/general-folkestad-donacijom-helikoptera-sad-pokazuje-zdusnu-podrsku-os-bih\\\/\",\"name\":\"General Folkestad: Donacijom helikoptera SAD pokazuje zdu\u0161nu podr\u0161ku OS BiH - RADIO LJUBU\u0160KI\",\"isPartOf\":{\"@id\":\"https:\\\/\\\/radioljubuski.ba\\\/#website\"},\"primaryImageOfPage\":{\"@id\":\"https:\\\/\\\/radioljubuski.ba\\\/index.php\\\/2021\\\/12\\\/04\\\/general-folkestad-donacijom-helikoptera-sad-pokazuje-zdusnu-podrsku-os-bih\\\/#primaryimage\"},\"image\":{\"@id\":\"https:\\\/\\\/radioljubuski.ba\\\/index.php\\\/2021\\\/12\\\/04\\\/general-folkestad-donacijom-helikoptera-sad-pokazuje-zdusnu-podrsku-os-bih\\\/#primaryimage\"},\"thumbnailUrl\":\"https:\\\/\\\/radioljubuski.ba\\\/wp-content\\\/uploads\\\/2021\\\/12\\\/o_102668_1024.jpg\",\"datePublished\":\"2021-12-04T21:56:34+00:00\",\"dateModified\":\"2021-12-04T21:56:36+00:00\",\"breadcrumb\":{\"@id\":\"https:\\\/\\\/radioljubuski.ba\\\/index.php\\\/2021\\\/12\\\/04\\\/general-folkestad-donacijom-helikoptera-sad-pokazuje-zdusnu-podrsku-os-bih\\\/#breadcrumb\"},\"inLanguage\":\"hr\",\"potentialAction\":[{\"@type\":\"ReadAction\",\"target\":[\"https:\\\/\\\/radioljubuski.ba\\\/index.php\\\/2021\\\/12\\\/04\\\/general-folkestad-donacijom-helikoptera-sad-pokazuje-zdusnu-podrsku-os-bih\\\/\"]}]},{\"@type\":\"ImageObject\",\"inLanguage\":\"hr\",\"@id\":\"https:\\\/\\\/radioljubuski.ba\\\/index.php\\\/2021\\\/12\\\/04\\\/general-folkestad-donacijom-helikoptera-sad-pokazuje-zdusnu-podrsku-os-bih\\\/#primaryimage\",\"url\":\"https:\\\/\\\/radioljubuski.ba\\\/wp-content\\\/uploads\\\/2021\\\/12\\\/o_102668_1024.jpg\",\"contentUrl\":\"https:\\\/\\\/radioljubuski.ba\\\/wp-content\\\/uploads\\\/2021\\\/12\\\/o_102668_1024.jpg\",\"width\":1024,\"height\":768},{\"@type\":\"BreadcrumbList\",\"@id\":\"https:\\\/\\\/radioljubuski.ba\\\/index.php\\\/2021\\\/12\\\/04\\\/general-folkestad-donacijom-helikoptera-sad-pokazuje-zdusnu-podrsku-os-bih\\\/#breadcrumb\",\"itemListElement\":[{\"@type\":\"ListItem\",\"position\":1,\"name\":\"Po\u010detna stranica\",\"item\":\"https:\\\/\\\/radioljubuski.ba\\\/\"},{\"@type\":\"ListItem\",\"position\":2,\"name\":\"General Folkestad: Donacijom helikoptera SAD pokazuje zdu\u0161nu podr\u0161ku OS BiH\"}]},{\"@type\":\"WebSite\",\"@id\":\"https:\\\/\\\/radioljubuski.ba\\\/#website\",\"url\":\"https:\\\/\\\/radioljubuski.ba\\\/\",\"name\":\"Radio Ljubu\u0161ki\",\"description\":\"Sun\u010dana frekvencija Hercegovine\",\"publisher\":{\"@id\":\"https:\\\/\\\/radioljubuski.ba\\\/#organization\"},\"potentialAction\":[{\"@type\":\"SearchAction\",\"target\":{\"@type\":\"EntryPoint\",\"urlTemplate\":\"https:\\\/\\\/radioljubuski.ba\\\/?s={search_term_string}\"},\"query-input\":{\"@type\":\"PropertyValueSpecification\",\"valueRequired\":true,\"valueName\":\"search_term_string\"}}],\"inLanguage\":\"hr\"},{\"@type\":\"Organization\",\"@id\":\"https:\\\/\\\/radioljubuski.ba\\\/#organization\",\"name\":\"Radio Ljubu\u0161ki\",\"url\":\"https:\\\/\\\/radioljubuski.ba\\\/\",\"logo\":{\"@type\":\"ImageObject\",\"inLanguage\":\"hr\",\"@id\":\"https:\\\/\\\/radioljubuski.ba\\\/#\\\/schema\\\/logo\\\/image\\\/\",\"url\":\"https:\\\/\\\/radioljubuski.ba\\\/wp-content\\\/uploads\\\/2021\\\/02\\\/cropped-Radio_Ljubuski_logo1.jpg\",\"contentUrl\":\"https:\\\/\\\/radioljubuski.ba\\\/wp-content\\\/uploads\\\/2021\\\/02\\\/cropped-Radio_Ljubuski_logo1.jpg\",\"width\":512,\"height\":512,\"caption\":\"Radio Ljubu\u0161ki\"},\"image\":{\"@id\":\"https:\\\/\\\/radioljubuski.ba\\\/#\\\/schema\\\/logo\\\/image\\\/\"},\"sameAs\":[\"https:\\\/\\\/www.facebook.com\\\/Radiio-Ljubuski-1490835324566332\",\"https:\\\/\\\/x.com\\\/radioljubuski\",\"https:\\\/\\\/hr.linkedin.com\\\/company\\\/radio-ljubuski\",\"https:\\\/\\\/www.youtube.com\\\/channel\\\/UCHYaeO_n0Db3tjNGudGpXyw\"]},{\"@type\":\"Person\",\"@id\":\"https:\\\/\\\/radioljubuski.ba\\\/#\\\/schema\\\/person\\\/19fc700381a780f69665d7956c469e3b\",\"name\":\"Radio Ljubu\u0161ki\"}]}<\/script>\n<!-- \/ Yoast SEO plugin. -->","yoast_head_json":{"title":"General Folkestad: Donacijom helikoptera SAD pokazuje zdu\u0161nu podr\u0161ku OS BiH - RADIO LJUBU\u0160KI","robots":{"index":"index","follow":"follow","max-snippet":"max-snippet:-1","max-image-preview":"max-image-preview:large","max-video-preview":"max-video-preview:-1"},"canonical":"https:\/\/radioljubuski.ba\/index.php\/2021\/12\/04\/general-folkestad-donacijom-helikoptera-sad-pokazuje-zdusnu-podrsku-os-bih\/","og_locale":"hr_HR","og_type":"article","og_title":"General Folkestad: Donacijom helikoptera SAD pokazuje zdu\u0161nu podr\u0161ku OS BiH - RADIO LJUBU\u0160KI","og_description":"NATO Sto\u017eer Sarajevo ponosan je \u0161to mo\u017ee svjedo\u010diti dolasku helikoptera Huey II, izjavio je zapovjednik Sto\u017eera, brigadni general Eric Folkestad. \u2013 Ovo predstavlja ogroman iskorak u tehnologiji i sposobnosti u isporedbi s Huey helikopterima kojima Oru\u017eane snage (OS) BiH trenutno raspola\u017eu. Spremnici za gorivo za letenje na ve\u0107im udaljenostima, modernizovana avionika, sposobnost glasovne komunikacije. Dakle, [&hellip;]","og_url":"https:\/\/radioljubuski.ba\/index.php\/2021\/12\/04\/general-folkestad-donacijom-helikoptera-sad-pokazuje-zdusnu-podrsku-os-bih\/","og_site_name":"RADIO LJUBU\u0160KI","article_publisher":"https:\/\/www.facebook.com\/Radiio-Ljubuski-1490835324566332","article_published_time":"2021-12-04T21:56:34+00:00","article_modified_time":"2021-12-04T21:56:36+00:00","og_image":[{"width":1024,"height":768,"url":"https:\/\/radioljubuski.ba\/wp-content\/uploads\/2021\/12\/o_102668_1024.jpg","type":"image\/jpeg"}],"author":"Radio Ljubu\u0161ki","twitter_card":"summary_large_image","twitter_creator":"@radioljubuski","twitter_site":"@radioljubuski","twitter_misc":{"Napisao\/la":"Radio Ljubu\u0161ki","Procijenjeno vrijeme \u010ditanja":"1 minuta"},"schema":{"@context":"https:\/\/schema.org","@graph":[{"@type":"Article","@id":"https:\/\/radioljubuski.ba\/index.php\/2021\/12\/04\/general-folkestad-donacijom-helikoptera-sad-pokazuje-zdusnu-podrsku-os-bih\/#article","isPartOf":{"@id":"https:\/\/radioljubuski.ba\/index.php\/2021\/12\/04\/general-folkestad-donacijom-helikoptera-sad-pokazuje-zdusnu-podrsku-os-bih\/"},"author":{"name":"Radio Ljubu\u0161ki","@id":"https:\/\/radioljubuski.ba\/#\/schema\/person\/19fc700381a780f69665d7956c469e3b"},"headline":"General Folkestad: Donacijom helikoptera SAD pokazuje zdu\u0161nu podr\u0161ku OS BiH","datePublished":"2021-12-04T21:56:34+00:00","dateModified":"2021-12-04T21:56:36+00:00","mainEntityOfPage":{"@id":"https:\/\/radioljubuski.ba\/index.php\/2021\/12\/04\/general-folkestad-donacijom-helikoptera-sad-pokazuje-zdusnu-podrsku-os-bih\/"},"wordCount":169,"publisher":{"@id":"https:\/\/radioljubuski.ba\/#organization"},"image":{"@id":"https:\/\/radioljubuski.ba\/index.php\/2021\/12\/04\/general-folkestad-donacijom-helikoptera-sad-pokazuje-zdusnu-podrsku-os-bih\/#primaryimage"},"thumbnailUrl":"https:\/\/radioljubuski.ba\/wp-content\/uploads\/2021\/12\/o_102668_1024.jpg","articleSection":["BIH i regija"],"inLanguage":"hr"},{"@type":"WebPage","@id":"https:\/\/radioljubuski.ba\/index.php\/2021\/12\/04\/general-folkestad-donacijom-helikoptera-sad-pokazuje-zdusnu-podrsku-os-bih\/","url":"https:\/\/radioljubuski.ba\/index.php\/2021\/12\/04\/general-folkestad-donacijom-helikoptera-sad-pokazuje-zdusnu-podrsku-os-bih\/","name":"General Folkestad: Donacijom helikoptera SAD pokazuje zdu\u0161nu podr\u0161ku OS BiH - RADIO LJUBU\u0160KI","isPartOf":{"@id":"https:\/\/radioljubuski.ba\/#website"},"primaryImageOfPage":{"@id":"https:\/\/radioljubuski.ba\/index.php\/2021\/12\/04\/general-folkestad-donacijom-helikoptera-sad-pokazuje-zdusnu-podrsku-os-bih\/#primaryimage"},"image":{"@id":"https:\/\/radioljubuski.ba\/index.php\/2021\/12\/04\/general-folkestad-donacijom-helikoptera-sad-pokazuje-zdusnu-podrsku-os-bih\/#primaryimage"},"thumbnailUrl":"https:\/\/radioljubuski.ba\/wp-content\/uploads\/2021\/12\/o_102668_1024.jpg","datePublished":"2021-12-04T21:56:34+00:00","dateModified":"2021-12-04T21:56:36+00:00","breadcrumb":{"@id":"https:\/\/radioljubuski.ba\/index.php\/2021\/12\/04\/general-folkestad-donacijom-helikoptera-sad-pokazuje-zdusnu-podrsku-os-bih\/#breadcrumb"},"inLanguage":"hr","potentialAction":[{"@type":"ReadAction","target":["https:\/\/radioljubuski.ba\/index.php\/2021\/12\/04\/general-folkestad-donacijom-helikoptera-sad-pokazuje-zdusnu-podrsku-os-bih\/"]}]},{"@type":"ImageObject","inLanguage":"hr","@id":"https:\/\/radioljubuski.ba\/index.php\/2021\/12\/04\/general-folkestad-donacijom-helikoptera-sad-pokazuje-zdusnu-podrsku-os-bih\/#primaryimage","url":"https:\/\/radioljubuski.ba\/wp-content\/uploads\/2021\/12\/o_102668_1024.jpg","contentUrl":"https:\/\/radioljubuski.ba\/wp-content\/uploads\/2021\/12\/o_102668_1024.jpg","width":1024,"height":768},{"@type":"BreadcrumbList","@id":"https:\/\/radioljubuski.ba\/index.php\/2021\/12\/04\/general-folkestad-donacijom-helikoptera-sad-pokazuje-zdusnu-podrsku-os-bih\/#breadcrumb","itemListElement":[{"@type":"ListItem","position":1,"name":"Po\u010detna stranica","item":"https:\/\/radioljubuski.ba\/"},{"@type":"ListItem","position":2,"name":"General Folkestad: Donacijom helikoptera SAD pokazuje zdu\u0161nu podr\u0161ku OS BiH"}]},{"@type":"WebSite","@id":"https:\/\/radioljubuski.ba\/#website","url":"https:\/\/radioljubuski.ba\/","name":"Radio Ljubu\u0161ki","description":"Sun\u010dana frekvencija Hercegovine","publisher":{"@id":"https:\/\/radioljubuski.ba\/#organization"},"potentialAction":[{"@type":"SearchAction","target":{"@type":"EntryPoint","urlTemplate":"https:\/\/radioljubuski.ba\/?s={search_term_string}"},"query-input":{"@type":"PropertyValueSpecification","valueRequired":true,"valueName":"search_term_string"}}],"inLanguage":"hr"},{"@type":"Organization","@id":"https:\/\/radioljubuski.ba\/#organization","name":"Radio Ljubu\u0161ki","url":"https:\/\/radioljubuski.ba\/","logo":{"@type":"ImageObject","inLanguage":"hr","@id":"https:\/\/radioljubuski.ba\/#\/schema\/logo\/image\/","url":"https:\/\/radioljubuski.ba\/wp-content\/uploads\/2021\/02\/cropped-Radio_Ljubuski_logo1.jpg","contentUrl":"https:\/\/radioljubuski.ba\/wp-content\/uploads\/2021\/02\/cropped-Radio_Ljubuski_logo1.jpg","width":512,"height":512,"caption":"Radio Ljubu\u0161ki"},"image":{"@id":"https:\/\/radioljubuski.ba\/#\/schema\/logo\/image\/"},"sameAs":["https:\/\/www.facebook.com\/Radiio-Ljubuski-1490835324566332","https:\/\/x.com\/radioljubuski","https:\/\/hr.linkedin.com\/company\/radio-ljubuski","https:\/\/www.youtube.com\/channel\/UCHYaeO_n0Db3tjNGudGpXyw"]},{"@type":"Person","@id":"https:\/\/radioljubuski.ba\/#\/schema\/person\/19fc700381a780f69665d7956c469e3b","name":"Radio Ljubu\u0161ki"}]}},"_links":{"self":[{"href":"https:\/\/radioljubuski.ba\/index.php\/wp-json\/wp\/v2\/posts\/96023","targetHints":{"allow":["GET"]}}],"collection":[{"href":"https:\/\/radioljubuski.ba\/index.php\/wp-json\/wp\/v2\/posts"}],"about":[{"href":"https:\/\/radioljubuski.ba\/index.php\/wp-json\/wp\/v2\/types\/post"}],"author":[{"embeddable":true,"href":"https:\/\/radioljubuski.ba\/index.php\/wp-json\/wp\/v2\/users\/2"}],"replies":[{"embeddable":true,"href":"https:\/\/radioljubuski.ba\/index.php\/wp-json\/wp\/v2\/comments?post=96023"}],"version-history":[{"count":1,"href":"https:\/\/radioljubuski.ba\/index.php\/wp-json\/wp\/v2\/posts\/96023\/revisions"}],"predecessor-version":[{"id":96025,"href":"https:\/\/radioljubuski.ba\/index.php\/wp-json\/wp\/v2\/posts\/96023\/revisions\/96025"}],"wp:featuredmedia":[{"embeddable":true,"href":"https:\/\/radioljubuski.ba\/index.php\/wp-json\/wp\/v2\/media\/96024"}],"wp:attachment":[{"href":"https:\/\/radioljubuski.ba\/index.php\/wp-json\/wp\/v2\/media?parent=96023"}],"wp:term":[{"taxonomy":"category","embeddable":true,"href":"https:\/\/radioljubuski.ba\/index.php\/wp-json\/wp\/v2\/categories?post=96023"},{"taxonomy":"post_tag","embeddable":true,"href":"https:\/\/radioljubuski.ba\/index.php\/wp-json\/wp\/v2\/tags?post=96023"}],"curies":[{"name":"wp","href":"https:\/\/api.w.org\/{rel}","templated":true}]}}