{"id":96026,"date":"2021-12-04T22:57:41","date_gmt":"2021-12-04T21:57:41","guid":{"rendered":"https:\/\/radioljubuski.ba\/?p=96026"},"modified":"2021-12-04T22:57:43","modified_gmt":"2021-12-04T21:57:43","slug":"sajam-u-mostaru-mali-poduzetnici-predstavili-svoje-talenete","status":"publish","type":"post","link":"https:\/\/radioljubuski.ba\/index.php\/2021\/12\/04\/sajam-u-mostaru-mali-poduzetnici-predstavili-svoje-talenete\/","title":{"rendered":"Sajam u Mostaru: Mali poduzetnici predstavili svoje talenete"},"content":{"rendered":"\n<p><strong>Na kreativnoj radionici \u201eRUKE. Art Bazaar\u201c odr\u017eanoj u Omladinskom kulturnom centru \u201cAbra\u0161evi\u0107\u201d u Mostaru posjetitelji su mogli u\u017eivati u ru\u010dno ra\u0111enim djelima na\u0161ih lokalnih umjetnika koji su bili izlo\u017eeni na \u0161tandovima. Od dekorativnih svije\u0107a pa do odje\u0107e \u2013 svatko je mogao prona\u0107i ne\u0161to za sebe.<\/strong><\/p>\n\n\n\n<p>Svaki izlaga\u010d ima svoju pri\u010du kako je do\u0161ao do ideje svoje kreacije, pa tako i kreatorica skulpturalnih \u201eIgnis\u201c svije\u0107a ka\u017ee kako je pokrenula ovaj biznis sa svije\u0107ama prije dva mjeseca radi d\u017eeparca, ali je htjela i pokrenuti ne\u0161to svoje.<\/p>\n\n\n\n<p>\u201eVidjela sam da se u svijetu proizvode ovakve svije\u0107e, ali na\u0161em narodu su slabo dostupne zbog dostave i carina. Tako sam do\u0161la na ideju da ih proizvodim i eto, krenulo me je. Na\u0161e svije\u0107e su izra\u0111ene potpuno ru\u010dno i napravljene od prirodnog sojinog voska, bez parafina i s puno ljubavi i pa\u017enje\u201c, rekla je kreatorica svije\u0107a za HMS.<\/p>\n\n\n\n<p>Ovaj koncept koji je nastao u namjeri da se prepoznaju stvaratelji slow fashiona, a kvaliteta i vrijednost njihovih proizvoda bila je vidljiva na vi\u0161e od deset izlo\u017eenih \u0161tandova.<\/p>\n\n\n\n<p>\/K. Mati\u0107\/HMS\/<\/p>\n","protected":false},"excerpt":{"rendered":"<p>Na kreativnoj radionici \u201eRUKE. Art Bazaar\u201c odr\u017eanoj u Omladinskom kulturnom centru \u201cAbra\u0161evi\u0107\u201d u Mostaru posjetitelji su mogli u\u017eivati u ru\u010dno ra\u0111enim djelima na\u0161ih lokalnih umjetnika koji su bili izlo\u017eeni na \u0161tandovima. Od dekorativnih svije\u0107a pa do odje\u0107e \u2013 svatko je mogao prona\u0107i ne\u0161to za sebe. Svaki izlaga\u010d ima svoju pri\u010du kako je do\u0161ao do ideje [&hellip;]<\/p>\n","protected":false},"author":2,"featured_media":96027,"comment_status":"closed","ping_status":"closed","sticky":false,"template":"","format":"standard","meta":{"h5ap_radio_sources":[],"footnotes":""},"categories":[1],"tags":[],"class_list":["post-96026","post","type-post","status-publish","format-standard","has-post-thumbnail","hentry","category-bihiregija"],"yoast_head":"<!-- This site is optimized with the Yoast SEO plugin v27.4 - https:\/\/yoast.com\/product\/yoast-seo-wordpress\/ -->\n<title>Sajam u Mostaru: Mali poduzetnici predstavili svoje talenete - RADIO LJUBU\u0160KI<\/title>\n<meta name=\"robots\" content=\"index, follow, max-snippet:-1, max-image-preview:large, max-video-preview:-1\" \/>\n<link rel=\"canonical\" href=\"https:\/\/radioljubuski.ba\/index.php\/2021\/12\/04\/sajam-u-mostaru-mali-poduzetnici-predstavili-svoje-talenete\/\" \/>\n<meta property=\"og:locale\" content=\"hr_HR\" \/>\n<meta property=\"og:type\" content=\"article\" \/>\n<meta property=\"og:title\" content=\"Sajam u Mostaru: Mali poduzetnici predstavili svoje talenete - RADIO LJUBU\u0160KI\" \/>\n<meta property=\"og:description\" content=\"Na kreativnoj radionici \u201eRUKE. Art Bazaar\u201c odr\u017eanoj u Omladinskom kulturnom centru \u201cAbra\u0161evi\u0107\u201d u Mostaru posjetitelji su mogli u\u017eivati u ru\u010dno ra\u0111enim djelima na\u0161ih lokalnih umjetnika koji su bili izlo\u017eeni na \u0161tandovima. Od dekorativnih svije\u0107a pa do odje\u0107e \u2013 svatko je mogao prona\u0107i ne\u0161to za sebe. Svaki izlaga\u010d ima svoju pri\u010du kako je do\u0161ao do ideje [&hellip;]\" \/>\n<meta property=\"og:url\" content=\"https:\/\/radioljubuski.ba\/index.php\/2021\/12\/04\/sajam-u-mostaru-mali-poduzetnici-predstavili-svoje-talenete\/\" \/>\n<meta property=\"og:site_name\" content=\"RADIO LJUBU\u0160KI\" \/>\n<meta property=\"article:publisher\" content=\"https:\/\/www.facebook.com\/Radiio-Ljubuski-1490835324566332\" \/>\n<meta property=\"article:published_time\" content=\"2021-12-04T21:57:41+00:00\" \/>\n<meta property=\"article:modified_time\" content=\"2021-12-04T21:57:43+00:00\" \/>\n<meta property=\"og:image\" content=\"https:\/\/radioljubuski.ba\/wp-content\/uploads\/2021\/12\/1.png\" \/>\n\t<meta property=\"og:image:width\" content=\"617\" \/>\n\t<meta property=\"og:image:height\" content=\"461\" \/>\n\t<meta property=\"og:image:type\" content=\"image\/png\" \/>\n<meta name=\"author\" content=\"Radio Ljubu\u0161ki\" \/>\n<meta name=\"twitter:card\" content=\"summary_large_image\" \/>\n<meta name=\"twitter:creator\" content=\"@radioljubuski\" \/>\n<meta name=\"twitter:site\" content=\"@radioljubuski\" \/>\n<meta name=\"twitter:label1\" content=\"Napisao\/la\" \/>\n\t<meta name=\"twitter:data1\" content=\"Radio Ljubu\u0161ki\" \/>\n\t<meta name=\"twitter:label2\" content=\"Procijenjeno vrijeme \u010ditanja\" \/>\n\t<meta name=\"twitter:data2\" content=\"1 minuta\" \/>\n<script type=\"application\/ld+json\" class=\"yoast-schema-graph\">{\"@context\":\"https:\\\/\\\/schema.org\",\"@graph\":[{\"@type\":\"Article\",\"@id\":\"https:\\\/\\\/radioljubuski.ba\\\/index.php\\\/2021\\\/12\\\/04\\\/sajam-u-mostaru-mali-poduzetnici-predstavili-svoje-talenete\\\/#article\",\"isPartOf\":{\"@id\":\"https:\\\/\\\/radioljubuski.ba\\\/index.php\\\/2021\\\/12\\\/04\\\/sajam-u-mostaru-mali-poduzetnici-predstavili-svoje-talenete\\\/\"},\"author\":{\"name\":\"Radio Ljubu\u0161ki\",\"@id\":\"https:\\\/\\\/radioljubuski.ba\\\/#\\\/schema\\\/person\\\/19fc700381a780f69665d7956c469e3b\"},\"headline\":\"Sajam u Mostaru: Mali poduzetnici predstavili svoje talenete\",\"datePublished\":\"2021-12-04T21:57:41+00:00\",\"dateModified\":\"2021-12-04T21:57:43+00:00\",\"mainEntityOfPage\":{\"@id\":\"https:\\\/\\\/radioljubuski.ba\\\/index.php\\\/2021\\\/12\\\/04\\\/sajam-u-mostaru-mali-poduzetnici-predstavili-svoje-talenete\\\/\"},\"wordCount\":209,\"publisher\":{\"@id\":\"https:\\\/\\\/radioljubuski.ba\\\/#organization\"},\"image\":{\"@id\":\"https:\\\/\\\/radioljubuski.ba\\\/index.php\\\/2021\\\/12\\\/04\\\/sajam-u-mostaru-mali-poduzetnici-predstavili-svoje-talenete\\\/#primaryimage\"},\"thumbnailUrl\":\"https:\\\/\\\/radioljubuski.ba\\\/wp-content\\\/uploads\\\/2021\\\/12\\\/1.png\",\"articleSection\":[\"BIH i regija\"],\"inLanguage\":\"hr\"},{\"@type\":\"WebPage\",\"@id\":\"https:\\\/\\\/radioljubuski.ba\\\/index.php\\\/2021\\\/12\\\/04\\\/sajam-u-mostaru-mali-poduzetnici-predstavili-svoje-talenete\\\/\",\"url\":\"https:\\\/\\\/radioljubuski.ba\\\/index.php\\\/2021\\\/12\\\/04\\\/sajam-u-mostaru-mali-poduzetnici-predstavili-svoje-talenete\\\/\",\"name\":\"Sajam u Mostaru: Mali poduzetnici predstavili svoje talenete - RADIO LJUBU\u0160KI\",\"isPartOf\":{\"@id\":\"https:\\\/\\\/radioljubuski.ba\\\/#website\"},\"primaryImageOfPage\":{\"@id\":\"https:\\\/\\\/radioljubuski.ba\\\/index.php\\\/2021\\\/12\\\/04\\\/sajam-u-mostaru-mali-poduzetnici-predstavili-svoje-talenete\\\/#primaryimage\"},\"image\":{\"@id\":\"https:\\\/\\\/radioljubuski.ba\\\/index.php\\\/2021\\\/12\\\/04\\\/sajam-u-mostaru-mali-poduzetnici-predstavili-svoje-talenete\\\/#primaryimage\"},\"thumbnailUrl\":\"https:\\\/\\\/radioljubuski.ba\\\/wp-content\\\/uploads\\\/2021\\\/12\\\/1.png\",\"datePublished\":\"2021-12-04T21:57:41+00:00\",\"dateModified\":\"2021-12-04T21:57:43+00:00\",\"breadcrumb\":{\"@id\":\"https:\\\/\\\/radioljubuski.ba\\\/index.php\\\/2021\\\/12\\\/04\\\/sajam-u-mostaru-mali-poduzetnici-predstavili-svoje-talenete\\\/#breadcrumb\"},\"inLanguage\":\"hr\",\"potentialAction\":[{\"@type\":\"ReadAction\",\"target\":[\"https:\\\/\\\/radioljubuski.ba\\\/index.php\\\/2021\\\/12\\\/04\\\/sajam-u-mostaru-mali-poduzetnici-predstavili-svoje-talenete\\\/\"]}]},{\"@type\":\"ImageObject\",\"inLanguage\":\"hr\",\"@id\":\"https:\\\/\\\/radioljubuski.ba\\\/index.php\\\/2021\\\/12\\\/04\\\/sajam-u-mostaru-mali-poduzetnici-predstavili-svoje-talenete\\\/#primaryimage\",\"url\":\"https:\\\/\\\/radioljubuski.ba\\\/wp-content\\\/uploads\\\/2021\\\/12\\\/1.png\",\"contentUrl\":\"https:\\\/\\\/radioljubuski.ba\\\/wp-content\\\/uploads\\\/2021\\\/12\\\/1.png\",\"width\":617,\"height\":461},{\"@type\":\"BreadcrumbList\",\"@id\":\"https:\\\/\\\/radioljubuski.ba\\\/index.php\\\/2021\\\/12\\\/04\\\/sajam-u-mostaru-mali-poduzetnici-predstavili-svoje-talenete\\\/#breadcrumb\",\"itemListElement\":[{\"@type\":\"ListItem\",\"position\":1,\"name\":\"Po\u010detna stranica\",\"item\":\"https:\\\/\\\/radioljubuski.ba\\\/\"},{\"@type\":\"ListItem\",\"position\":2,\"name\":\"Sajam u Mostaru: Mali poduzetnici predstavili svoje talenete\"}]},{\"@type\":\"WebSite\",\"@id\":\"https:\\\/\\\/radioljubuski.ba\\\/#website\",\"url\":\"https:\\\/\\\/radioljubuski.ba\\\/\",\"name\":\"Radio Ljubu\u0161ki\",\"description\":\"Sun\u010dana frekvencija Hercegovine\",\"publisher\":{\"@id\":\"https:\\\/\\\/radioljubuski.ba\\\/#organization\"},\"potentialAction\":[{\"@type\":\"SearchAction\",\"target\":{\"@type\":\"EntryPoint\",\"urlTemplate\":\"https:\\\/\\\/radioljubuski.ba\\\/?s={search_term_string}\"},\"query-input\":{\"@type\":\"PropertyValueSpecification\",\"valueRequired\":true,\"valueName\":\"search_term_string\"}}],\"inLanguage\":\"hr\"},{\"@type\":\"Organization\",\"@id\":\"https:\\\/\\\/radioljubuski.ba\\\/#organization\",\"name\":\"Radio Ljubu\u0161ki\",\"url\":\"https:\\\/\\\/radioljubuski.ba\\\/\",\"logo\":{\"@type\":\"ImageObject\",\"inLanguage\":\"hr\",\"@id\":\"https:\\\/\\\/radioljubuski.ba\\\/#\\\/schema\\\/logo\\\/image\\\/\",\"url\":\"https:\\\/\\\/radioljubuski.ba\\\/wp-content\\\/uploads\\\/2021\\\/02\\\/cropped-Radio_Ljubuski_logo1.jpg\",\"contentUrl\":\"https:\\\/\\\/radioljubuski.ba\\\/wp-content\\\/uploads\\\/2021\\\/02\\\/cropped-Radio_Ljubuski_logo1.jpg\",\"width\":512,\"height\":512,\"caption\":\"Radio Ljubu\u0161ki\"},\"image\":{\"@id\":\"https:\\\/\\\/radioljubuski.ba\\\/#\\\/schema\\\/logo\\\/image\\\/\"},\"sameAs\":[\"https:\\\/\\\/www.facebook.com\\\/Radiio-Ljubuski-1490835324566332\",\"https:\\\/\\\/x.com\\\/radioljubuski\",\"https:\\\/\\\/hr.linkedin.com\\\/company\\\/radio-ljubuski\",\"https:\\\/\\\/www.youtube.com\\\/channel\\\/UCHYaeO_n0Db3tjNGudGpXyw\"]},{\"@type\":\"Person\",\"@id\":\"https:\\\/\\\/radioljubuski.ba\\\/#\\\/schema\\\/person\\\/19fc700381a780f69665d7956c469e3b\",\"name\":\"Radio Ljubu\u0161ki\"}]}<\/script>\n<!-- \/ Yoast SEO plugin. -->","yoast_head_json":{"title":"Sajam u Mostaru: Mali poduzetnici predstavili svoje talenete - RADIO LJUBU\u0160KI","robots":{"index":"index","follow":"follow","max-snippet":"max-snippet:-1","max-image-preview":"max-image-preview:large","max-video-preview":"max-video-preview:-1"},"canonical":"https:\/\/radioljubuski.ba\/index.php\/2021\/12\/04\/sajam-u-mostaru-mali-poduzetnici-predstavili-svoje-talenete\/","og_locale":"hr_HR","og_type":"article","og_title":"Sajam u Mostaru: Mali poduzetnici predstavili svoje talenete - RADIO LJUBU\u0160KI","og_description":"Na kreativnoj radionici \u201eRUKE. Art Bazaar\u201c odr\u017eanoj u Omladinskom kulturnom centru \u201cAbra\u0161evi\u0107\u201d u Mostaru posjetitelji su mogli u\u017eivati u ru\u010dno ra\u0111enim djelima na\u0161ih lokalnih umjetnika koji su bili izlo\u017eeni na \u0161tandovima. Od dekorativnih svije\u0107a pa do odje\u0107e \u2013 svatko je mogao prona\u0107i ne\u0161to za sebe. Svaki izlaga\u010d ima svoju pri\u010du kako je do\u0161ao do ideje [&hellip;]","og_url":"https:\/\/radioljubuski.ba\/index.php\/2021\/12\/04\/sajam-u-mostaru-mali-poduzetnici-predstavili-svoje-talenete\/","og_site_name":"RADIO LJUBU\u0160KI","article_publisher":"https:\/\/www.facebook.com\/Radiio-Ljubuski-1490835324566332","article_published_time":"2021-12-04T21:57:41+00:00","article_modified_time":"2021-12-04T21:57:43+00:00","og_image":[{"width":617,"height":461,"url":"https:\/\/radioljubuski.ba\/wp-content\/uploads\/2021\/12\/1.png","type":"image\/png"}],"author":"Radio Ljubu\u0161ki","twitter_card":"summary_large_image","twitter_creator":"@radioljubuski","twitter_site":"@radioljubuski","twitter_misc":{"Napisao\/la":"Radio Ljubu\u0161ki","Procijenjeno vrijeme \u010ditanja":"1 minuta"},"schema":{"@context":"https:\/\/schema.org","@graph":[{"@type":"Article","@id":"https:\/\/radioljubuski.ba\/index.php\/2021\/12\/04\/sajam-u-mostaru-mali-poduzetnici-predstavili-svoje-talenete\/#article","isPartOf":{"@id":"https:\/\/radioljubuski.ba\/index.php\/2021\/12\/04\/sajam-u-mostaru-mali-poduzetnici-predstavili-svoje-talenete\/"},"author":{"name":"Radio Ljubu\u0161ki","@id":"https:\/\/radioljubuski.ba\/#\/schema\/person\/19fc700381a780f69665d7956c469e3b"},"headline":"Sajam u Mostaru: Mali poduzetnici predstavili svoje talenete","datePublished":"2021-12-04T21:57:41+00:00","dateModified":"2021-12-04T21:57:43+00:00","mainEntityOfPage":{"@id":"https:\/\/radioljubuski.ba\/index.php\/2021\/12\/04\/sajam-u-mostaru-mali-poduzetnici-predstavili-svoje-talenete\/"},"wordCount":209,"publisher":{"@id":"https:\/\/radioljubuski.ba\/#organization"},"image":{"@id":"https:\/\/radioljubuski.ba\/index.php\/2021\/12\/04\/sajam-u-mostaru-mali-poduzetnici-predstavili-svoje-talenete\/#primaryimage"},"thumbnailUrl":"https:\/\/radioljubuski.ba\/wp-content\/uploads\/2021\/12\/1.png","articleSection":["BIH i regija"],"inLanguage":"hr"},{"@type":"WebPage","@id":"https:\/\/radioljubuski.ba\/index.php\/2021\/12\/04\/sajam-u-mostaru-mali-poduzetnici-predstavili-svoje-talenete\/","url":"https:\/\/radioljubuski.ba\/index.php\/2021\/12\/04\/sajam-u-mostaru-mali-poduzetnici-predstavili-svoje-talenete\/","name":"Sajam u Mostaru: Mali poduzetnici predstavili svoje talenete - RADIO LJUBU\u0160KI","isPartOf":{"@id":"https:\/\/radioljubuski.ba\/#website"},"primaryImageOfPage":{"@id":"https:\/\/radioljubuski.ba\/index.php\/2021\/12\/04\/sajam-u-mostaru-mali-poduzetnici-predstavili-svoje-talenete\/#primaryimage"},"image":{"@id":"https:\/\/radioljubuski.ba\/index.php\/2021\/12\/04\/sajam-u-mostaru-mali-poduzetnici-predstavili-svoje-talenete\/#primaryimage"},"thumbnailUrl":"https:\/\/radioljubuski.ba\/wp-content\/uploads\/2021\/12\/1.png","datePublished":"2021-12-04T21:57:41+00:00","dateModified":"2021-12-04T21:57:43+00:00","breadcrumb":{"@id":"https:\/\/radioljubuski.ba\/index.php\/2021\/12\/04\/sajam-u-mostaru-mali-poduzetnici-predstavili-svoje-talenete\/#breadcrumb"},"inLanguage":"hr","potentialAction":[{"@type":"ReadAction","target":["https:\/\/radioljubuski.ba\/index.php\/2021\/12\/04\/sajam-u-mostaru-mali-poduzetnici-predstavili-svoje-talenete\/"]}]},{"@type":"ImageObject","inLanguage":"hr","@id":"https:\/\/radioljubuski.ba\/index.php\/2021\/12\/04\/sajam-u-mostaru-mali-poduzetnici-predstavili-svoje-talenete\/#primaryimage","url":"https:\/\/radioljubuski.ba\/wp-content\/uploads\/2021\/12\/1.png","contentUrl":"https:\/\/radioljubuski.ba\/wp-content\/uploads\/2021\/12\/1.png","width":617,"height":461},{"@type":"BreadcrumbList","@id":"https:\/\/radioljubuski.ba\/index.php\/2021\/12\/04\/sajam-u-mostaru-mali-poduzetnici-predstavili-svoje-talenete\/#breadcrumb","itemListElement":[{"@type":"ListItem","position":1,"name":"Po\u010detna stranica","item":"https:\/\/radioljubuski.ba\/"},{"@type":"ListItem","position":2,"name":"Sajam u Mostaru: Mali poduzetnici predstavili svoje talenete"}]},{"@type":"WebSite","@id":"https:\/\/radioljubuski.ba\/#website","url":"https:\/\/radioljubuski.ba\/","name":"Radio Ljubu\u0161ki","description":"Sun\u010dana frekvencija Hercegovine","publisher":{"@id":"https:\/\/radioljubuski.ba\/#organization"},"potentialAction":[{"@type":"SearchAction","target":{"@type":"EntryPoint","urlTemplate":"https:\/\/radioljubuski.ba\/?s={search_term_string}"},"query-input":{"@type":"PropertyValueSpecification","valueRequired":true,"valueName":"search_term_string"}}],"inLanguage":"hr"},{"@type":"Organization","@id":"https:\/\/radioljubuski.ba\/#organization","name":"Radio Ljubu\u0161ki","url":"https:\/\/radioljubuski.ba\/","logo":{"@type":"ImageObject","inLanguage":"hr","@id":"https:\/\/radioljubuski.ba\/#\/schema\/logo\/image\/","url":"https:\/\/radioljubuski.ba\/wp-content\/uploads\/2021\/02\/cropped-Radio_Ljubuski_logo1.jpg","contentUrl":"https:\/\/radioljubuski.ba\/wp-content\/uploads\/2021\/02\/cropped-Radio_Ljubuski_logo1.jpg","width":512,"height":512,"caption":"Radio Ljubu\u0161ki"},"image":{"@id":"https:\/\/radioljubuski.ba\/#\/schema\/logo\/image\/"},"sameAs":["https:\/\/www.facebook.com\/Radiio-Ljubuski-1490835324566332","https:\/\/x.com\/radioljubuski","https:\/\/hr.linkedin.com\/company\/radio-ljubuski","https:\/\/www.youtube.com\/channel\/UCHYaeO_n0Db3tjNGudGpXyw"]},{"@type":"Person","@id":"https:\/\/radioljubuski.ba\/#\/schema\/person\/19fc700381a780f69665d7956c469e3b","name":"Radio Ljubu\u0161ki"}]}},"_links":{"self":[{"href":"https:\/\/radioljubuski.ba\/index.php\/wp-json\/wp\/v2\/posts\/96026","targetHints":{"allow":["GET"]}}],"collection":[{"href":"https:\/\/radioljubuski.ba\/index.php\/wp-json\/wp\/v2\/posts"}],"about":[{"href":"https:\/\/radioljubuski.ba\/index.php\/wp-json\/wp\/v2\/types\/post"}],"author":[{"embeddable":true,"href":"https:\/\/radioljubuski.ba\/index.php\/wp-json\/wp\/v2\/users\/2"}],"replies":[{"embeddable":true,"href":"https:\/\/radioljubuski.ba\/index.php\/wp-json\/wp\/v2\/comments?post=96026"}],"version-history":[{"count":1,"href":"https:\/\/radioljubuski.ba\/index.php\/wp-json\/wp\/v2\/posts\/96026\/revisions"}],"predecessor-version":[{"id":96028,"href":"https:\/\/radioljubuski.ba\/index.php\/wp-json\/wp\/v2\/posts\/96026\/revisions\/96028"}],"wp:featuredmedia":[{"embeddable":true,"href":"https:\/\/radioljubuski.ba\/index.php\/wp-json\/wp\/v2\/media\/96027"}],"wp:attachment":[{"href":"https:\/\/radioljubuski.ba\/index.php\/wp-json\/wp\/v2\/media?parent=96026"}],"wp:term":[{"taxonomy":"category","embeddable":true,"href":"https:\/\/radioljubuski.ba\/index.php\/wp-json\/wp\/v2\/categories?post=96026"},{"taxonomy":"post_tag","embeddable":true,"href":"https:\/\/radioljubuski.ba\/index.php\/wp-json\/wp\/v2\/tags?post=96026"}],"curies":[{"name":"wp","href":"https:\/\/api.w.org\/{rel}","templated":true}]}}